{"id":85368,"date":"2023-03-17T14:27:07","date_gmt":"2023-03-17T17:27:07","guid":{"rendered":"https:\/\/regiaonews.net.br\/2022\/?p=85368"},"modified":"2023-03-17T14:27:07","modified_gmt":"2023-03-17T17:27:07","slug":"tereos-apoia-projeto-de-mural-urbano-em-olimpia-em-comemoracao-aos-120-anos-da-cidade","status":"publish","type":"post","link":"https:\/\/regiaonews.net.br\/2022\/2023\/03\/17\/tereos-apoia-projeto-de-mural-urbano-em-olimpia-em-comemoracao-aos-120-anos-da-cidade\/","title":{"rendered":"Tereos apoia projeto de mural urbano em Ol\u00edmpia em comemora\u00e7\u00e3o aos 120 anos da cidade"},"content":{"rendered":"<h3 style=\"text-align: center;\" align=\"center\">A iniciativa \u201cCidade Viva\u201d visa revitalizar espa\u00e7os p\u00fablicos por meio da pintura de grandes pain\u00e9is em cidades do estado de S\u00e3o Paulo.<\/h3>\n<div>Com o objetivo de fomentar a cultura e o engajamento da popula\u00e7\u00e3o local, a Tereos, por meio do A\u00e7\u00facar Guarani, sua marca de varejo, apoia a cria\u00e7\u00e3o de um mural de arte urbana em comemora\u00e7\u00e3o aos 120 anos da cidade de Ol\u00edmpia. A obra, assinada pelo renomado artista Diego Dgoh, refor\u00e7a a rica cultura da regi\u00e3o e sua forte rela\u00e7\u00e3o com o folclore brasileiro.<\/div>\n<div><\/div>\n<div>O mural ser\u00e1 produzido \u00e0s margens do C\u00f3rrego Olhos D\u2019\u00c1gua, na Avenida Aurora, entre as ruas Durval Brito e Miguel Said Aidar. A inaugura\u00e7\u00e3o do espa\u00e7o est\u00e1 programada para o dia 18 de mar\u00e7o, \u00e0s 16h30, com a presen\u00e7a de autoridades e tamb\u00e9m da bike do A\u00e7\u00facar Guarani, que far\u00e1 distribui\u00e7\u00e3o de algod\u00e3o doce aos participantes.<\/div>\n<div><\/div>\n<div>A interven\u00e7\u00e3o art\u00edstica em Ol\u00edmpia \u00e9 uma a\u00e7\u00e3o do projeto cultural \u201cCidade Viva\u201d, idealizado pela Numen Produtora e realizado pelo Programa de A\u00e7\u00e3o Cultural do Estado de S\u00e3o Paulo (ProAC) em parceria com a Secretaria de Turismo e Cultura da Prefeitura de Ol\u00edmpia.<\/div>\n<div>O \u201cCidade Viva\u201d \u00e9 um projeto de impacto visual que visa revitalizar espa\u00e7os p\u00fablicos por meio da pintura de grandes pain\u00e9is em cidades do estado de S\u00e3o Paulo. As obras escolhidas retratam temas de relev\u00e2ncia local, para a comunidade em seu entorno ou para a cidade. O projeto busca humanizar espa\u00e7os p\u00fablicos, estabelecendo uma rela\u00e7\u00e3o afetiva entre pessoas e lugares ao mesmo tempo em que transforma positivamente a paisagem urbana e a est\u00e9tica das cidades.<\/div>\n<div><\/div>\n<div><strong><em>Sobre a Tereos<\/em><\/strong><\/div>\n<div><em>Com vis\u00e3o de longo prazo no processamento de mat\u00e9rias-primas agr\u00edcolas e desenvolvimento de produtos aliment\u00edcios de qualidade, a Tereos \u00e9 uma das l\u00edderes nos mercados de a\u00e7\u00facar, \u00e1lcool\/etanol e amidos. Os compromissos do Grupo com a sociedade e com o meio ambiente t\u00eam contribu\u00eddo com a performance da companhia no longo prazo, enquanto refor\u00e7a nossa atua\u00e7\u00e3o respons\u00e1vel. O Grupo cooperativo Tereos re\u00fane 12.000 agricultores e possui expertise reconhecida no processamento de beterraba, cana-de-a\u00e7\u00facar, cereais e batata. Com 44 unidades industriais, opera\u00e7\u00f5es em 13 pa\u00edses e o compromisso de 19.800 colaboradores, a Tereos atende seus clientes em seus mercados locais, com uma oferta ampla de produtos. Em 2021\/22, o Grupo obteve um faturamento de \u20ac 5,1 bilh\u00f5es.<\/em><\/div>\n<div><\/div>\n<div><strong><em>Tereos no Brasil<\/em><\/strong><\/div>\n<div><em>A Tereos no Brasil \u00e9 composta pela Tereos A\u00e7\u00facar &amp; Energia Brasil, Tereos Amido &amp; Ado\u00e7antes Brasil e Tereos Commodities Brasil. No noroeste do Estado de S\u00e3o Paulo, a Tereos A\u00e7\u00facar &amp; Energia Brasil concentra suas sete unidades de processamento e duas refinarias. A Tereos Amido &amp; Ado\u00e7antes Brasil, com opera\u00e7\u00e3o em Palmital (SP), diversifica o portf\u00f3lio da Tereos Brasil com a fabrica\u00e7\u00e3o de produtos derivados de milho e mandioca. A Tereos Commodities opera como trading e possui escrit\u00f3rios em diversos pa\u00edses.<\/em><\/div>\n<div><\/div>\n<div><strong><em>Mais informa\u00e7\u00f5es para a imprensa:<\/em><\/strong><\/div>\n<div><em>Comunic Comunica\u00e7\u00e3o Estrat\u00e9gica<\/em><\/div>\n<div><em>Elaine Madalhano (<\/em><a href=\"mailto:elaine@comunic.com.br\" target=\"_blank\" rel=\"noopener\"><em>elaine@comunic.com.br<\/em><\/a><em>) | Telefone (17) 99745-2797<\/em><\/div>\n<div><em>Andrea Inocente (<\/em><a href=\"mailto:andrea@comunic.com.br\" target=\"_blank\" rel=\"noopener\"><em>andrea@comunic.com.br<\/em><\/a><em>) | Telefone (17) 999154-5532<\/em><\/div>\n","protected":false},"excerpt":{"rendered":"<p>A iniciativa \u201cCidade Viva\u201d visa revitalizar espa\u00e7os p\u00fablicos por meio<\/p>\n","protected":false},"author":2,"featured_media":85369,"comment_status":"open","ping_status":"open","sticky":false,"template":"","format":"standard","meta":{"footnotes":""},"categories":[14,3],"tags":[],"class_list":["post-85368","post","type-post","status-publish","format-standard","has-post-thumbnail","hentry","category-barretos","category-geral"],"yoast_head":"<!-- This site is optimized with the Yoast SEO plugin v27.4 - https:\/\/yoast.com\/product\/yoast-seo-wordpress\/ -->\n<title>Tereos apoia projeto de mural urbano em Ol\u00edmpia em comemora\u00e7\u00e3o aos 120 anos da cidade - Regi\u00e3o News<\/title>\n<meta name=\"robots\" content=\"index, follow, max-snippet:-1, max-image-preview:large, max-video-preview:-1\" \/>\n<link rel=\"canonical\" href=\"https:\/\/regiaonews.net.br\/2022\/2023\/03\/17\/tereos-apoia-projeto-de-mural-urbano-em-olimpia-em-comemoracao-aos-120-anos-da-cidade\/\" \/>\n<meta property=\"og:locale\" content=\"pt_BR\" \/>\n<meta property=\"og:type\" content=\"article\" \/>\n<meta property=\"og:title\" content=\"Tereos apoia projeto de mural urbano em Ol\u00edmpia em comemora\u00e7\u00e3o aos 120 anos da cidade - Regi\u00e3o News\" \/>\n<meta property=\"og:description\" content=\"A iniciativa \u201cCidade Viva\u201d visa revitalizar espa\u00e7os p\u00fablicos por meio\" \/>\n<meta property=\"og:url\" content=\"https:\/\/regiaonews.net.br\/2022\/2023\/03\/17\/tereos-apoia-projeto-de-mural-urbano-em-olimpia-em-comemoracao-aos-120-anos-da-cidade\/\" \/>\n<meta property=\"og:site_name\" content=\"Regi\u00e3o News\" \/>\n<meta property=\"article:published_time\" content=\"2023-03-17T17:27:07+00:00\" \/>\n<meta property=\"og:image\" content=\"https:\/\/regiaonews.net.br\/2022\/wp-content\/uploads\/2023\/03\/ce0a4c0d-b5fb-46af-b029-a9f0341b8a69.jpg\" \/>\n\t<meta property=\"og:image:width\" content=\"1600\" \/>\n\t<meta property=\"og:image:height\" content=\"1066\" \/>\n\t<meta property=\"og:image:type\" content=\"image\/jpeg\" \/>\n<meta name=\"author\" content=\"Roberto\" \/>\n<meta name=\"twitter:card\" content=\"summary_large_image\" \/>\n<meta name=\"twitter:label1\" content=\"Escrito por\" \/>\n\t<meta name=\"twitter:data1\" content=\"Roberto\" \/>\n\t<meta name=\"twitter:label2\" content=\"Est. tempo de leitura\" \/>\n\t<meta name=\"twitter:data2\" content=\"3 minutos\" \/>\n<script type=\"application\/ld+json\" class=\"yoast-schema-graph\">{\"@context\":\"https:\\\/\\\/schema.org\",\"@graph\":[{\"@type\":\"Article\",\"@id\":\"https:\\\/\\\/regiaonews.net.br\\\/2022\\\/2023\\\/03\\\/17\\\/tereos-apoia-projeto-de-mural-urbano-em-olimpia-em-comemoracao-aos-120-anos-da-cidade\\\/#article\",\"isPartOf\":{\"@id\":\"https:\\\/\\\/regiaonews.net.br\\\/2022\\\/2023\\\/03\\\/17\\\/tereos-apoia-projeto-de-mural-urbano-em-olimpia-em-comemoracao-aos-120-anos-da-cidade\\\/\"},\"author\":{\"name\":\"Roberto\",\"@id\":\"https:\\\/\\\/regiaonews.net.br\\\/2022\\\/#\\\/schema\\\/person\\\/2d205a608a5aa97ac279d7a5e6d89ad8\"},\"headline\":\"Tereos apoia projeto de mural urbano em Ol\u00edmpia em comemora\u00e7\u00e3o aos 120 anos da cidade\",\"datePublished\":\"2023-03-17T17:27:07+00:00\",\"mainEntityOfPage\":{\"@id\":\"https:\\\/\\\/regiaonews.net.br\\\/2022\\\/2023\\\/03\\\/17\\\/tereos-apoia-projeto-de-mural-urbano-em-olimpia-em-comemoracao-aos-120-anos-da-cidade\\\/\"},\"wordCount\":559,\"commentCount\":0,\"publisher\":{\"@id\":\"https:\\\/\\\/regiaonews.net.br\\\/2022\\\/#organization\"},\"image\":{\"@id\":\"https:\\\/\\\/regiaonews.net.br\\\/2022\\\/2023\\\/03\\\/17\\\/tereos-apoia-projeto-de-mural-urbano-em-olimpia-em-comemoracao-aos-120-anos-da-cidade\\\/#primaryimage\"},\"thumbnailUrl\":\"https:\\\/\\\/regiaonews.net.br\\\/2022\\\/wp-content\\\/uploads\\\/2023\\\/03\\\/ce0a4c0d-b5fb-46af-b029-a9f0341b8a69.jpg\",\"articleSection\":[\"Barretos\",\"Geral\"],\"inLanguage\":\"pt-BR\",\"potentialAction\":[{\"@type\":\"CommentAction\",\"name\":\"Comment\",\"target\":[\"https:\\\/\\\/regiaonews.net.br\\\/2022\\\/2023\\\/03\\\/17\\\/tereos-apoia-projeto-de-mural-urbano-em-olimpia-em-comemoracao-aos-120-anos-da-cidade\\\/#respond\"]}]},{\"@type\":\"WebPage\",\"@id\":\"https:\\\/\\\/regiaonews.net.br\\\/2022\\\/2023\\\/03\\\/17\\\/tereos-apoia-projeto-de-mural-urbano-em-olimpia-em-comemoracao-aos-120-anos-da-cidade\\\/\",\"url\":\"https:\\\/\\\/regiaonews.net.br\\\/2022\\\/2023\\\/03\\\/17\\\/tereos-apoia-projeto-de-mural-urbano-em-olimpia-em-comemoracao-aos-120-anos-da-cidade\\\/\",\"name\":\"Tereos apoia projeto de mural urbano em Ol\u00edmpia em comemora\u00e7\u00e3o aos 120 anos da cidade - Regi\u00e3o News\",\"isPartOf\":{\"@id\":\"https:\\\/\\\/regiaonews.net.br\\\/2022\\\/#website\"},\"primaryImageOfPage\":{\"@id\":\"https:\\\/\\\/regiaonews.net.br\\\/2022\\\/2023\\\/03\\\/17\\\/tereos-apoia-projeto-de-mural-urbano-em-olimpia-em-comemoracao-aos-120-anos-da-cidade\\\/#primaryimage\"},\"image\":{\"@id\":\"https:\\\/\\\/regiaonews.net.br\\\/2022\\\/2023\\\/03\\\/17\\\/tereos-apoia-projeto-de-mural-urbano-em-olimpia-em-comemoracao-aos-120-anos-da-cidade\\\/#primaryimage\"},\"thumbnailUrl\":\"https:\\\/\\\/regiaonews.net.br\\\/2022\\\/wp-content\\\/uploads\\\/2023\\\/03\\\/ce0a4c0d-b5fb-46af-b029-a9f0341b8a69.jpg\",\"datePublished\":\"2023-03-17T17:27:07+00:00\",\"breadcrumb\":{\"@id\":\"https:\\\/\\\/regiaonews.net.br\\\/2022\\\/2023\\\/03\\\/17\\\/tereos-apoia-projeto-de-mural-urbano-em-olimpia-em-comemoracao-aos-120-anos-da-cidade\\\/#breadcrumb\"},\"inLanguage\":\"pt-BR\",\"potentialAction\":[{\"@type\":\"ReadAction\",\"target\":[\"https:\\\/\\\/regiaonews.net.br\\\/2022\\\/2023\\\/03\\\/17\\\/tereos-apoia-projeto-de-mural-urbano-em-olimpia-em-comemoracao-aos-120-anos-da-cidade\\\/\"]}]},{\"@type\":\"ImageObject\",\"inLanguage\":\"pt-BR\",\"@id\":\"https:\\\/\\\/regiaonews.net.br\\\/2022\\\/2023\\\/03\\\/17\\\/tereos-apoia-projeto-de-mural-urbano-em-olimpia-em-comemoracao-aos-120-anos-da-cidade\\\/#primaryimage\",\"url\":\"https:\\\/\\\/regiaonews.net.br\\\/2022\\\/wp-content\\\/uploads\\\/2023\\\/03\\\/ce0a4c0d-b5fb-46af-b029-a9f0341b8a69.jpg\",\"contentUrl\":\"https:\\\/\\\/regiaonews.net.br\\\/2022\\\/wp-content\\\/uploads\\\/2023\\\/03\\\/ce0a4c0d-b5fb-46af-b029-a9f0341b8a69.jpg\",\"width\":1600,\"height\":1066},{\"@type\":\"BreadcrumbList\",\"@id\":\"https:\\\/\\\/regiaonews.net.br\\\/2022\\\/2023\\\/03\\\/17\\\/tereos-apoia-projeto-de-mural-urbano-em-olimpia-em-comemoracao-aos-120-anos-da-cidade\\\/#breadcrumb\",\"itemListElement\":[{\"@type\":\"ListItem\",\"position\":1,\"name\":\"In\u00edcio\",\"item\":\"https:\\\/\\\/regiaonews.net.br\\\/2022\\\/\"},{\"@type\":\"ListItem\",\"position\":2,\"name\":\"Tereos apoia projeto de mural urbano em Ol\u00edmpia em comemora\u00e7\u00e3o aos 120 anos da cidade\"}]},{\"@type\":\"WebSite\",\"@id\":\"https:\\\/\\\/regiaonews.net.br\\\/2022\\\/#website\",\"url\":\"https:\\\/\\\/regiaonews.net.br\\\/2022\\\/\",\"name\":\"Regi\u00e3o News\",\"description\":\"Site de Not\u00edcias de Barretos e regi\u00e3o\",\"publisher\":{\"@id\":\"https:\\\/\\\/regiaonews.net.br\\\/2022\\\/#organization\"},\"potentialAction\":[{\"@type\":\"SearchAction\",\"target\":{\"@type\":\"EntryPoint\",\"urlTemplate\":\"https:\\\/\\\/regiaonews.net.br\\\/2022\\\/?s={search_term_string}\"},\"query-input\":{\"@type\":\"PropertyValueSpecification\",\"valueRequired\":true,\"valueName\":\"search_term_string\"}}],\"inLanguage\":\"pt-BR\"},{\"@type\":\"Organization\",\"@id\":\"https:\\\/\\\/regiaonews.net.br\\\/2022\\\/#organization\",\"name\":\"Regi\u00e3o News\",\"url\":\"https:\\\/\\\/regiaonews.net.br\\\/2022\\\/\",\"logo\":{\"@type\":\"ImageObject\",\"inLanguage\":\"pt-BR\",\"@id\":\"https:\\\/\\\/regiaonews.net.br\\\/2022\\\/#\\\/schema\\\/logo\\\/image\\\/\",\"url\":\"https:\\\/\\\/regiaonews.net.br\\\/2022\\\/wp-content\\\/uploads\\\/2026\\\/03\\\/regiao-13-anos-scaled.jpg\",\"contentUrl\":\"https:\\\/\\\/regiaonews.net.br\\\/2022\\\/wp-content\\\/uploads\\\/2026\\\/03\\\/regiao-13-anos-scaled.jpg\",\"width\":2560,\"height\":635,\"caption\":\"Regi\u00e3o News\"},\"image\":{\"@id\":\"https:\\\/\\\/regiaonews.net.br\\\/2022\\\/#\\\/schema\\\/logo\\\/image\\\/\"}},{\"@type\":\"Person\",\"@id\":\"https:\\\/\\\/regiaonews.net.br\\\/2022\\\/#\\\/schema\\\/person\\\/2d205a608a5aa97ac279d7a5e6d89ad8\",\"name\":\"Roberto\",\"image\":{\"@type\":\"ImageObject\",\"inLanguage\":\"pt-BR\",\"@id\":\"https:\\\/\\\/secure.gravatar.com\\\/avatar\\\/42749d8b712ff9d59ca93dc150494e5b55a44134482993f5baeb97e61b7ecc89?s=96&d=mm&r=g\",\"url\":\"https:\\\/\\\/secure.gravatar.com\\\/avatar\\\/42749d8b712ff9d59ca93dc150494e5b55a44134482993f5baeb97e61b7ecc89?s=96&d=mm&r=g\",\"contentUrl\":\"https:\\\/\\\/secure.gravatar.com\\\/avatar\\\/42749d8b712ff9d59ca93dc150494e5b55a44134482993f5baeb97e61b7ecc89?s=96&d=mm&r=g\",\"caption\":\"Roberto\"},\"url\":\"https:\\\/\\\/regiaonews.net.br\\\/2022\\\/author\\\/roberto\\\/\"}]}<\/script>\n<!-- \/ Yoast SEO plugin. -->","yoast_head_json":{"title":"Tereos apoia projeto de mural urbano em Ol\u00edmpia em comemora\u00e7\u00e3o aos 120 anos da cidade - Regi\u00e3o News","robots":{"index":"index","follow":"follow","max-snippet":"max-snippet:-1","max-image-preview":"max-image-preview:large","max-video-preview":"max-video-preview:-1"},"canonical":"https:\/\/regiaonews.net.br\/2022\/2023\/03\/17\/tereos-apoia-projeto-de-mural-urbano-em-olimpia-em-comemoracao-aos-120-anos-da-cidade\/","og_locale":"pt_BR","og_type":"article","og_title":"Tereos apoia projeto de mural urbano em Ol\u00edmpia em comemora\u00e7\u00e3o aos 120 anos da cidade - Regi\u00e3o News","og_description":"A iniciativa \u201cCidade Viva\u201d visa revitalizar espa\u00e7os p\u00fablicos por meio","og_url":"https:\/\/regiaonews.net.br\/2022\/2023\/03\/17\/tereos-apoia-projeto-de-mural-urbano-em-olimpia-em-comemoracao-aos-120-anos-da-cidade\/","og_site_name":"Regi\u00e3o News","article_published_time":"2023-03-17T17:27:07+00:00","og_image":[{"width":1600,"height":1066,"url":"https:\/\/regiaonews.net.br\/2022\/wp-content\/uploads\/2023\/03\/ce0a4c0d-b5fb-46af-b029-a9f0341b8a69.jpg","type":"image\/jpeg"}],"author":"Roberto","twitter_card":"summary_large_image","twitter_misc":{"Escrito por":"Roberto","Est. tempo de leitura":"3 minutos"},"schema":{"@context":"https:\/\/schema.org","@graph":[{"@type":"Article","@id":"https:\/\/regiaonews.net.br\/2022\/2023\/03\/17\/tereos-apoia-projeto-de-mural-urbano-em-olimpia-em-comemoracao-aos-120-anos-da-cidade\/#article","isPartOf":{"@id":"https:\/\/regiaonews.net.br\/2022\/2023\/03\/17\/tereos-apoia-projeto-de-mural-urbano-em-olimpia-em-comemoracao-aos-120-anos-da-cidade\/"},"author":{"name":"Roberto","@id":"https:\/\/regiaonews.net.br\/2022\/#\/schema\/person\/2d205a608a5aa97ac279d7a5e6d89ad8"},"headline":"Tereos apoia projeto de mural urbano em Ol\u00edmpia em comemora\u00e7\u00e3o aos 120 anos da cidade","datePublished":"2023-03-17T17:27:07+00:00","mainEntityOfPage":{"@id":"https:\/\/regiaonews.net.br\/2022\/2023\/03\/17\/tereos-apoia-projeto-de-mural-urbano-em-olimpia-em-comemoracao-aos-120-anos-da-cidade\/"},"wordCount":559,"commentCount":0,"publisher":{"@id":"https:\/\/regiaonews.net.br\/2022\/#organization"},"image":{"@id":"https:\/\/regiaonews.net.br\/2022\/2023\/03\/17\/tereos-apoia-projeto-de-mural-urbano-em-olimpia-em-comemoracao-aos-120-anos-da-cidade\/#primaryimage"},"thumbnailUrl":"https:\/\/regiaonews.net.br\/2022\/wp-content\/uploads\/2023\/03\/ce0a4c0d-b5fb-46af-b029-a9f0341b8a69.jpg","articleSection":["Barretos","Geral"],"inLanguage":"pt-BR","potentialAction":[{"@type":"CommentAction","name":"Comment","target":["https:\/\/regiaonews.net.br\/2022\/2023\/03\/17\/tereos-apoia-projeto-de-mural-urbano-em-olimpia-em-comemoracao-aos-120-anos-da-cidade\/#respond"]}]},{"@type":"WebPage","@id":"https:\/\/regiaonews.net.br\/2022\/2023\/03\/17\/tereos-apoia-projeto-de-mural-urbano-em-olimpia-em-comemoracao-aos-120-anos-da-cidade\/","url":"https:\/\/regiaonews.net.br\/2022\/2023\/03\/17\/tereos-apoia-projeto-de-mural-urbano-em-olimpia-em-comemoracao-aos-120-anos-da-cidade\/","name":"Tereos apoia projeto de mural urbano em Ol\u00edmpia em comemora\u00e7\u00e3o aos 120 anos da cidade - Regi\u00e3o News","isPartOf":{"@id":"https:\/\/regiaonews.net.br\/2022\/#website"},"primaryImageOfPage":{"@id":"https:\/\/regiaonews.net.br\/2022\/2023\/03\/17\/tereos-apoia-projeto-de-mural-urbano-em-olimpia-em-comemoracao-aos-120-anos-da-cidade\/#primaryimage"},"image":{"@id":"https:\/\/regiaonews.net.br\/2022\/2023\/03\/17\/tereos-apoia-projeto-de-mural-urbano-em-olimpia-em-comemoracao-aos-120-anos-da-cidade\/#primaryimage"},"thumbnailUrl":"https:\/\/regiaonews.net.br\/2022\/wp-content\/uploads\/2023\/03\/ce0a4c0d-b5fb-46af-b029-a9f0341b8a69.jpg","datePublished":"2023-03-17T17:27:07+00:00","breadcrumb":{"@id":"https:\/\/regiaonews.net.br\/2022\/2023\/03\/17\/tereos-apoia-projeto-de-mural-urbano-em-olimpia-em-comemoracao-aos-120-anos-da-cidade\/#breadcrumb"},"inLanguage":"pt-BR","potentialAction":[{"@type":"ReadAction","target":["https:\/\/regiaonews.net.br\/2022\/2023\/03\/17\/tereos-apoia-projeto-de-mural-urbano-em-olimpia-em-comemoracao-aos-120-anos-da-cidade\/"]}]},{"@type":"ImageObject","inLanguage":"pt-BR","@id":"https:\/\/regiaonews.net.br\/2022\/2023\/03\/17\/tereos-apoia-projeto-de-mural-urbano-em-olimpia-em-comemoracao-aos-120-anos-da-cidade\/#primaryimage","url":"https:\/\/regiaonews.net.br\/2022\/wp-content\/uploads\/2023\/03\/ce0a4c0d-b5fb-46af-b029-a9f0341b8a69.jpg","contentUrl":"https:\/\/regiaonews.net.br\/2022\/wp-content\/uploads\/2023\/03\/ce0a4c0d-b5fb-46af-b029-a9f0341b8a69.jpg","width":1600,"height":1066},{"@type":"BreadcrumbList","@id":"https:\/\/regiaonews.net.br\/2022\/2023\/03\/17\/tereos-apoia-projeto-de-mural-urbano-em-olimpia-em-comemoracao-aos-120-anos-da-cidade\/#breadcrumb","itemListElement":[{"@type":"ListItem","position":1,"name":"In\u00edcio","item":"https:\/\/regiaonews.net.br\/2022\/"},{"@type":"ListItem","position":2,"name":"Tereos apoia projeto de mural urbano em Ol\u00edmpia em comemora\u00e7\u00e3o aos 120 anos da cidade"}]},{"@type":"WebSite","@id":"https:\/\/regiaonews.net.br\/2022\/#website","url":"https:\/\/regiaonews.net.br\/2022\/","name":"Regi\u00e3o News","description":"Site de Not\u00edcias de Barretos e regi\u00e3o","publisher":{"@id":"https:\/\/regiaonews.net.br\/2022\/#organization"},"potentialAction":[{"@type":"SearchAction","target":{"@type":"EntryPoint","urlTemplate":"https:\/\/regiaonews.net.br\/2022\/?s={search_term_string}"},"query-input":{"@type":"PropertyValueSpecification","valueRequired":true,"valueName":"search_term_string"}}],"inLanguage":"pt-BR"},{"@type":"Organization","@id":"https:\/\/regiaonews.net.br\/2022\/#organization","name":"Regi\u00e3o News","url":"https:\/\/regiaonews.net.br\/2022\/","logo":{"@type":"ImageObject","inLanguage":"pt-BR","@id":"https:\/\/regiaonews.net.br\/2022\/#\/schema\/logo\/image\/","url":"https:\/\/regiaonews.net.br\/2022\/wp-content\/uploads\/2026\/03\/regiao-13-anos-scaled.jpg","contentUrl":"https:\/\/regiaonews.net.br\/2022\/wp-content\/uploads\/2026\/03\/regiao-13-anos-scaled.jpg","width":2560,"height":635,"caption":"Regi\u00e3o News"},"image":{"@id":"https:\/\/regiaonews.net.br\/2022\/#\/schema\/logo\/image\/"}},{"@type":"Person","@id":"https:\/\/regiaonews.net.br\/2022\/#\/schema\/person\/2d205a608a5aa97ac279d7a5e6d89ad8","name":"Roberto","image":{"@type":"ImageObject","inLanguage":"pt-BR","@id":"https:\/\/secure.gravatar.com\/avatar\/42749d8b712ff9d59ca93dc150494e5b55a44134482993f5baeb97e61b7ecc89?s=96&d=mm&r=g","url":"https:\/\/secure.gravatar.com\/avatar\/42749d8b712ff9d59ca93dc150494e5b55a44134482993f5baeb97e61b7ecc89?s=96&d=mm&r=g","contentUrl":"https:\/\/secure.gravatar.com\/avatar\/42749d8b712ff9d59ca93dc150494e5b55a44134482993f5baeb97e61b7ecc89?s=96&d=mm&r=g","caption":"Roberto"},"url":"https:\/\/regiaonews.net.br\/2022\/author\/roberto\/"}]}},"publishpress_future_action":{"enabled":false,"date":"2026-05-02 05:07:39","action":"change-status","newStatus":"draft","terms":[],"taxonomy":"category","extraData":[]},"publishpress_future_workflow_manual_trigger":{"enabledWorkflows":[]},"_links":{"self":[{"href":"https:\/\/regiaonews.net.br\/2022\/wp-json\/wp\/v2\/posts\/85368","targetHints":{"allow":["GET"]}}],"collection":[{"href":"https:\/\/regiaonews.net.br\/2022\/wp-json\/wp\/v2\/posts"}],"about":[{"href":"https:\/\/regiaonews.net.br\/2022\/wp-json\/wp\/v2\/types\/post"}],"author":[{"embeddable":true,"href":"https:\/\/regiaonews.net.br\/2022\/wp-json\/wp\/v2\/users\/2"}],"replies":[{"embeddable":true,"href":"https:\/\/regiaonews.net.br\/2022\/wp-json\/wp\/v2\/comments?post=85368"}],"version-history":[{"count":1,"href":"https:\/\/regiaonews.net.br\/2022\/wp-json\/wp\/v2\/posts\/85368\/revisions"}],"predecessor-version":[{"id":85370,"href":"https:\/\/regiaonews.net.br\/2022\/wp-json\/wp\/v2\/posts\/85368\/revisions\/85370"}],"wp:featuredmedia":[{"embeddable":true,"href":"https:\/\/regiaonews.net.br\/2022\/wp-json\/wp\/v2\/media\/85369"}],"wp:attachment":[{"href":"https:\/\/regiaonews.net.br\/2022\/wp-json\/wp\/v2\/media?parent=85368"}],"wp:term":[{"taxonomy":"category","embeddable":true,"href":"https:\/\/regiaonews.net.br\/2022\/wp-json\/wp\/v2\/categories?post=85368"},{"taxonomy":"post_tag","embeddable":true,"href":"https:\/\/regiaonews.net.br\/2022\/wp-json\/wp\/v2\/tags?post=85368"}],"curies":[{"name":"wp","href":"https:\/\/api.w.org\/{rel}","templated":true}]}}