{"id":85347,"date":"2023-03-16T20:30:29","date_gmt":"2023-03-16T23:30:29","guid":{"rendered":"https:\/\/regiaonews.net.br\/2022\/?p=85347"},"modified":"2023-03-16T23:00:03","modified_gmt":"2023-03-17T02:00:03","slug":"deic-realiza-operacao-e-prende-quatro-pessoas-por-pirataria","status":"publish","type":"post","link":"https:\/\/regiaonews.net.br\/2022\/2023\/03\/16\/deic-realiza-operacao-e-prende-quatro-pessoas-por-pirataria\/","title":{"rendered":"DEIC realiza Opera\u00e7\u00e3o e prende quatro pessoas por pirataria"},"content":{"rendered":"<div>\n<h2 class=\"titulopreto ng-binding\">Os quatro flagrantes ocorreram nas cidades de Araraquara, Ribeir\u00e3o Preto, Indaiatuba e na Capital<\/h2>\n<p>Policiais do Departamento Estadual de Investiga\u00e7\u00f5es Criminais (DEIC) prenderam quatro pessoas por viola\u00e7\u00e3o de direito autoral, nesta ter\u00e7a-feira (14). Eles foram flagrados pelo com\u00e9rcio ilegal de canais de entretenimento pela Internet. As deten\u00e7\u00f5es aconteceram durante a Opera\u00e7\u00e3o 404, fase 5, cujo objetivo \u00e9 reprimir crimes praticados contra a propriedade intelectual na Internet.<\/p>\n<\/div>\n<div id=\"notCorpo\" class=\"ng-binding\">\n<p>&nbsp;<\/p>\n<p>Em S\u00e3o Paulo a a\u00e7\u00e3o foi realizada por policiais da 1\u00aa Delegacia de Investiga\u00e7\u00f5es sobre Propriedade Imaterial. As equipes cumpriram mandados de busca e apreens\u00e3o nas cidades de Sumar\u00e9, Santa B\u00e1rbara D&#8217;Oeste, Taubat\u00e9, Indaiatuba, Monte Mor, Campinas, Ribeir\u00e3o Preto, Praia Grande e Araraquara. Foram apreendidos computadores e celulares utilizados na operacionalidade do esquema.<\/p>\n<p>&nbsp;<\/p>\n<p>Os quatro flagrantes ocorreram nas cidades de Araraquara, Ribeir\u00e3o Preto, Indaiatuba e na Capital. O nome &#8211; Opera\u00e7\u00e3o 404 &#8211; faz refer\u00eancia ao c\u00f3digo de resposta do protocolo HTTP para indicar que a p\u00e1gina n\u00e3o foi encontrada ou est\u00e1 indispon\u00edvel. Essa \u00e9 uma das principais a\u00e7\u00f5es da opera\u00e7\u00e3o: tornar indispon\u00edveis os servi\u00e7os criminosos que violam os direitos autorais das v\u00edtimas.<\/p>\n<p>&nbsp;<\/p>\n<p>A opera\u00e7\u00e3o faz parte de uma mobiliza\u00e7\u00e3o internacional coordenada pelo Minist\u00e9rio da Justi\u00e7a e Seguran\u00e7a P\u00fablica, por meio da Secretaria de Opera\u00e7\u00f5es Integradas, e Pol\u00edcias Civis dos Estados para combater \u00e0 pirataria online. Teve a colabora\u00e7\u00e3o das embaixadas dos Estados Unidos (Homeland Security Investigations \u2013 HSI e Departamento de Justi\u00e7a \u2013 DOJ) e do Reino Unido no Brasil (IPO \u2013 Intellectual Property Office e PIPCU &#8211; Police Intellectual Property Crime Unit), Conselho Nacional dos Chefes de Pol\u00edcia Civil, al\u00e9m da coopera\u00e7\u00e3o de associa\u00e7\u00f5es de prote\u00e7\u00e3o da propriedade intelectual no Brasil.<\/p>\n<\/div>\n","protected":false},"excerpt":{"rendered":"<p>Os quatro flagrantes ocorreram nas cidades de Araraquara, Ribeir\u00e3o Preto,<\/p>\n","protected":false},"author":2,"featured_media":0,"comment_status":"open","ping_status":"open","sticky":false,"template":"","format":"standard","meta":{"footnotes":""},"categories":[7,23],"tags":[],"class_list":["post-85347","post","type-post","status-publish","format-standard","hentry","category-estado-de-sao-paulo","category-policia"],"yoast_head":"<!-- This site is optimized with the Yoast SEO plugin v27.4 - https:\/\/yoast.com\/product\/yoast-seo-wordpress\/ -->\n<title>DEIC realiza Opera\u00e7\u00e3o e prende quatro pessoas por pirataria - Regi\u00e3o News<\/title>\n<meta name=\"robots\" content=\"index, follow, max-snippet:-1, max-image-preview:large, max-video-preview:-1\" \/>\n<link rel=\"canonical\" href=\"https:\/\/regiaonews.net.br\/2022\/2023\/03\/16\/deic-realiza-operacao-e-prende-quatro-pessoas-por-pirataria\/\" \/>\n<meta property=\"og:locale\" content=\"pt_BR\" \/>\n<meta property=\"og:type\" content=\"article\" \/>\n<meta property=\"og:title\" content=\"DEIC realiza Opera\u00e7\u00e3o e prende quatro pessoas por pirataria - Regi\u00e3o News\" \/>\n<meta property=\"og:description\" content=\"Os quatro flagrantes ocorreram nas cidades de Araraquara, Ribeir\u00e3o Preto,\" \/>\n<meta property=\"og:url\" content=\"https:\/\/regiaonews.net.br\/2022\/2023\/03\/16\/deic-realiza-operacao-e-prende-quatro-pessoas-por-pirataria\/\" \/>\n<meta property=\"og:site_name\" content=\"Regi\u00e3o News\" \/>\n<meta property=\"article:published_time\" content=\"2023-03-16T23:30:29+00:00\" \/>\n<meta property=\"article:modified_time\" content=\"2023-03-17T02:00:03+00:00\" \/>\n<meta name=\"author\" content=\"Roberto\" \/>\n<meta name=\"twitter:card\" content=\"summary_large_image\" \/>\n<meta name=\"twitter:label1\" content=\"Escrito por\" \/>\n\t<meta name=\"twitter:data1\" content=\"Roberto\" \/>\n\t<meta name=\"twitter:label2\" content=\"Est. tempo de leitura\" \/>\n\t<meta name=\"twitter:data2\" content=\"2 minutos\" \/>\n<script type=\"application\/ld+json\" class=\"yoast-schema-graph\">{\"@context\":\"https:\\\/\\\/schema.org\",\"@graph\":[{\"@type\":\"Article\",\"@id\":\"https:\\\/\\\/regiaonews.net.br\\\/2022\\\/2023\\\/03\\\/16\\\/deic-realiza-operacao-e-prende-quatro-pessoas-por-pirataria\\\/#article\",\"isPartOf\":{\"@id\":\"https:\\\/\\\/regiaonews.net.br\\\/2022\\\/2023\\\/03\\\/16\\\/deic-realiza-operacao-e-prende-quatro-pessoas-por-pirataria\\\/\"},\"author\":{\"name\":\"Roberto\",\"@id\":\"https:\\\/\\\/regiaonews.net.br\\\/2022\\\/#\\\/schema\\\/person\\\/2d205a608a5aa97ac279d7a5e6d89ad8\"},\"headline\":\"DEIC realiza Opera\u00e7\u00e3o e prende quatro pessoas por pirataria\",\"datePublished\":\"2023-03-16T23:30:29+00:00\",\"dateModified\":\"2023-03-17T02:00:03+00:00\",\"mainEntityOfPage\":{\"@id\":\"https:\\\/\\\/regiaonews.net.br\\\/2022\\\/2023\\\/03\\\/16\\\/deic-realiza-operacao-e-prende-quatro-pessoas-por-pirataria\\\/\"},\"wordCount\":312,\"commentCount\":0,\"publisher\":{\"@id\":\"https:\\\/\\\/regiaonews.net.br\\\/2022\\\/#organization\"},\"articleSection\":[\"Estado de S\u00e3o Paulo\",\"Policia\"],\"inLanguage\":\"pt-BR\",\"potentialAction\":[{\"@type\":\"CommentAction\",\"name\":\"Comment\",\"target\":[\"https:\\\/\\\/regiaonews.net.br\\\/2022\\\/2023\\\/03\\\/16\\\/deic-realiza-operacao-e-prende-quatro-pessoas-por-pirataria\\\/#respond\"]}]},{\"@type\":\"WebPage\",\"@id\":\"https:\\\/\\\/regiaonews.net.br\\\/2022\\\/2023\\\/03\\\/16\\\/deic-realiza-operacao-e-prende-quatro-pessoas-por-pirataria\\\/\",\"url\":\"https:\\\/\\\/regiaonews.net.br\\\/2022\\\/2023\\\/03\\\/16\\\/deic-realiza-operacao-e-prende-quatro-pessoas-por-pirataria\\\/\",\"name\":\"DEIC realiza Opera\u00e7\u00e3o e prende quatro pessoas por pirataria - Regi\u00e3o News\",\"isPartOf\":{\"@id\":\"https:\\\/\\\/regiaonews.net.br\\\/2022\\\/#website\"},\"datePublished\":\"2023-03-16T23:30:29+00:00\",\"dateModified\":\"2023-03-17T02:00:03+00:00\",\"breadcrumb\":{\"@id\":\"https:\\\/\\\/regiaonews.net.br\\\/2022\\\/2023\\\/03\\\/16\\\/deic-realiza-operacao-e-prende-quatro-pessoas-por-pirataria\\\/#breadcrumb\"},\"inLanguage\":\"pt-BR\",\"potentialAction\":[{\"@type\":\"ReadAction\",\"target\":[\"https:\\\/\\\/regiaonews.net.br\\\/2022\\\/2023\\\/03\\\/16\\\/deic-realiza-operacao-e-prende-quatro-pessoas-por-pirataria\\\/\"]}]},{\"@type\":\"BreadcrumbList\",\"@id\":\"https:\\\/\\\/regiaonews.net.br\\\/2022\\\/2023\\\/03\\\/16\\\/deic-realiza-operacao-e-prende-quatro-pessoas-por-pirataria\\\/#breadcrumb\",\"itemListElement\":[{\"@type\":\"ListItem\",\"position\":1,\"name\":\"In\u00edcio\",\"item\":\"https:\\\/\\\/regiaonews.net.br\\\/2022\\\/\"},{\"@type\":\"ListItem\",\"position\":2,\"name\":\"DEIC realiza Opera\u00e7\u00e3o e prende quatro pessoas por pirataria\"}]},{\"@type\":\"WebSite\",\"@id\":\"https:\\\/\\\/regiaonews.net.br\\\/2022\\\/#website\",\"url\":\"https:\\\/\\\/regiaonews.net.br\\\/2022\\\/\",\"name\":\"Regi\u00e3o News\",\"description\":\"Site de Not\u00edcias de Barretos e regi\u00e3o\",\"publisher\":{\"@id\":\"https:\\\/\\\/regiaonews.net.br\\\/2022\\\/#organization\"},\"potentialAction\":[{\"@type\":\"SearchAction\",\"target\":{\"@type\":\"EntryPoint\",\"urlTemplate\":\"https:\\\/\\\/regiaonews.net.br\\\/2022\\\/?s={search_term_string}\"},\"query-input\":{\"@type\":\"PropertyValueSpecification\",\"valueRequired\":true,\"valueName\":\"search_term_string\"}}],\"inLanguage\":\"pt-BR\"},{\"@type\":\"Organization\",\"@id\":\"https:\\\/\\\/regiaonews.net.br\\\/2022\\\/#organization\",\"name\":\"Regi\u00e3o News\",\"url\":\"https:\\\/\\\/regiaonews.net.br\\\/2022\\\/\",\"logo\":{\"@type\":\"ImageObject\",\"inLanguage\":\"pt-BR\",\"@id\":\"https:\\\/\\\/regiaonews.net.br\\\/2022\\\/#\\\/schema\\\/logo\\\/image\\\/\",\"url\":\"https:\\\/\\\/regiaonews.net.br\\\/2022\\\/wp-content\\\/uploads\\\/2026\\\/03\\\/regiao-13-anos-scaled.jpg\",\"contentUrl\":\"https:\\\/\\\/regiaonews.net.br\\\/2022\\\/wp-content\\\/uploads\\\/2026\\\/03\\\/regiao-13-anos-scaled.jpg\",\"width\":2560,\"height\":635,\"caption\":\"Regi\u00e3o News\"},\"image\":{\"@id\":\"https:\\\/\\\/regiaonews.net.br\\\/2022\\\/#\\\/schema\\\/logo\\\/image\\\/\"}},{\"@type\":\"Person\",\"@id\":\"https:\\\/\\\/regiaonews.net.br\\\/2022\\\/#\\\/schema\\\/person\\\/2d205a608a5aa97ac279d7a5e6d89ad8\",\"name\":\"Roberto\",\"image\":{\"@type\":\"ImageObject\",\"inLanguage\":\"pt-BR\",\"@id\":\"https:\\\/\\\/secure.gravatar.com\\\/avatar\\\/42749d8b712ff9d59ca93dc150494e5b55a44134482993f5baeb97e61b7ecc89?s=96&d=mm&r=g\",\"url\":\"https:\\\/\\\/secure.gravatar.com\\\/avatar\\\/42749d8b712ff9d59ca93dc150494e5b55a44134482993f5baeb97e61b7ecc89?s=96&d=mm&r=g\",\"contentUrl\":\"https:\\\/\\\/secure.gravatar.com\\\/avatar\\\/42749d8b712ff9d59ca93dc150494e5b55a44134482993f5baeb97e61b7ecc89?s=96&d=mm&r=g\",\"caption\":\"Roberto\"},\"url\":\"https:\\\/\\\/regiaonews.net.br\\\/2022\\\/author\\\/roberto\\\/\"}]}<\/script>\n<!-- \/ Yoast SEO plugin. -->","yoast_head_json":{"title":"DEIC realiza Opera\u00e7\u00e3o e prende quatro pessoas por pirataria - Regi\u00e3o News","robots":{"index":"index","follow":"follow","max-snippet":"max-snippet:-1","max-image-preview":"max-image-preview:large","max-video-preview":"max-video-preview:-1"},"canonical":"https:\/\/regiaonews.net.br\/2022\/2023\/03\/16\/deic-realiza-operacao-e-prende-quatro-pessoas-por-pirataria\/","og_locale":"pt_BR","og_type":"article","og_title":"DEIC realiza Opera\u00e7\u00e3o e prende quatro pessoas por pirataria - Regi\u00e3o News","og_description":"Os quatro flagrantes ocorreram nas cidades de Araraquara, Ribeir\u00e3o Preto,","og_url":"https:\/\/regiaonews.net.br\/2022\/2023\/03\/16\/deic-realiza-operacao-e-prende-quatro-pessoas-por-pirataria\/","og_site_name":"Regi\u00e3o News","article_published_time":"2023-03-16T23:30:29+00:00","article_modified_time":"2023-03-17T02:00:03+00:00","author":"Roberto","twitter_card":"summary_large_image","twitter_misc":{"Escrito por":"Roberto","Est. tempo de leitura":"2 minutos"},"schema":{"@context":"https:\/\/schema.org","@graph":[{"@type":"Article","@id":"https:\/\/regiaonews.net.br\/2022\/2023\/03\/16\/deic-realiza-operacao-e-prende-quatro-pessoas-por-pirataria\/#article","isPartOf":{"@id":"https:\/\/regiaonews.net.br\/2022\/2023\/03\/16\/deic-realiza-operacao-e-prende-quatro-pessoas-por-pirataria\/"},"author":{"name":"Roberto","@id":"https:\/\/regiaonews.net.br\/2022\/#\/schema\/person\/2d205a608a5aa97ac279d7a5e6d89ad8"},"headline":"DEIC realiza Opera\u00e7\u00e3o e prende quatro pessoas por pirataria","datePublished":"2023-03-16T23:30:29+00:00","dateModified":"2023-03-17T02:00:03+00:00","mainEntityOfPage":{"@id":"https:\/\/regiaonews.net.br\/2022\/2023\/03\/16\/deic-realiza-operacao-e-prende-quatro-pessoas-por-pirataria\/"},"wordCount":312,"commentCount":0,"publisher":{"@id":"https:\/\/regiaonews.net.br\/2022\/#organization"},"articleSection":["Estado de S\u00e3o Paulo","Policia"],"inLanguage":"pt-BR","potentialAction":[{"@type":"CommentAction","name":"Comment","target":["https:\/\/regiaonews.net.br\/2022\/2023\/03\/16\/deic-realiza-operacao-e-prende-quatro-pessoas-por-pirataria\/#respond"]}]},{"@type":"WebPage","@id":"https:\/\/regiaonews.net.br\/2022\/2023\/03\/16\/deic-realiza-operacao-e-prende-quatro-pessoas-por-pirataria\/","url":"https:\/\/regiaonews.net.br\/2022\/2023\/03\/16\/deic-realiza-operacao-e-prende-quatro-pessoas-por-pirataria\/","name":"DEIC realiza Opera\u00e7\u00e3o e prende quatro pessoas por pirataria - Regi\u00e3o News","isPartOf":{"@id":"https:\/\/regiaonews.net.br\/2022\/#website"},"datePublished":"2023-03-16T23:30:29+00:00","dateModified":"2023-03-17T02:00:03+00:00","breadcrumb":{"@id":"https:\/\/regiaonews.net.br\/2022\/2023\/03\/16\/deic-realiza-operacao-e-prende-quatro-pessoas-por-pirataria\/#breadcrumb"},"inLanguage":"pt-BR","potentialAction":[{"@type":"ReadAction","target":["https:\/\/regiaonews.net.br\/2022\/2023\/03\/16\/deic-realiza-operacao-e-prende-quatro-pessoas-por-pirataria\/"]}]},{"@type":"BreadcrumbList","@id":"https:\/\/regiaonews.net.br\/2022\/2023\/03\/16\/deic-realiza-operacao-e-prende-quatro-pessoas-por-pirataria\/#breadcrumb","itemListElement":[{"@type":"ListItem","position":1,"name":"In\u00edcio","item":"https:\/\/regiaonews.net.br\/2022\/"},{"@type":"ListItem","position":2,"name":"DEIC realiza Opera\u00e7\u00e3o e prende quatro pessoas por pirataria"}]},{"@type":"WebSite","@id":"https:\/\/regiaonews.net.br\/2022\/#website","url":"https:\/\/regiaonews.net.br\/2022\/","name":"Regi\u00e3o News","description":"Site de Not\u00edcias de Barretos e regi\u00e3o","publisher":{"@id":"https:\/\/regiaonews.net.br\/2022\/#organization"},"potentialAction":[{"@type":"SearchAction","target":{"@type":"EntryPoint","urlTemplate":"https:\/\/regiaonews.net.br\/2022\/?s={search_term_string}"},"query-input":{"@type":"PropertyValueSpecification","valueRequired":true,"valueName":"search_term_string"}}],"inLanguage":"pt-BR"},{"@type":"Organization","@id":"https:\/\/regiaonews.net.br\/2022\/#organization","name":"Regi\u00e3o News","url":"https:\/\/regiaonews.net.br\/2022\/","logo":{"@type":"ImageObject","inLanguage":"pt-BR","@id":"https:\/\/regiaonews.net.br\/2022\/#\/schema\/logo\/image\/","url":"https:\/\/regiaonews.net.br\/2022\/wp-content\/uploads\/2026\/03\/regiao-13-anos-scaled.jpg","contentUrl":"https:\/\/regiaonews.net.br\/2022\/wp-content\/uploads\/2026\/03\/regiao-13-anos-scaled.jpg","width":2560,"height":635,"caption":"Regi\u00e3o News"},"image":{"@id":"https:\/\/regiaonews.net.br\/2022\/#\/schema\/logo\/image\/"}},{"@type":"Person","@id":"https:\/\/regiaonews.net.br\/2022\/#\/schema\/person\/2d205a608a5aa97ac279d7a5e6d89ad8","name":"Roberto","image":{"@type":"ImageObject","inLanguage":"pt-BR","@id":"https:\/\/secure.gravatar.com\/avatar\/42749d8b712ff9d59ca93dc150494e5b55a44134482993f5baeb97e61b7ecc89?s=96&d=mm&r=g","url":"https:\/\/secure.gravatar.com\/avatar\/42749d8b712ff9d59ca93dc150494e5b55a44134482993f5baeb97e61b7ecc89?s=96&d=mm&r=g","contentUrl":"https:\/\/secure.gravatar.com\/avatar\/42749d8b712ff9d59ca93dc150494e5b55a44134482993f5baeb97e61b7ecc89?s=96&d=mm&r=g","caption":"Roberto"},"url":"https:\/\/regiaonews.net.br\/2022\/author\/roberto\/"}]}},"publishpress_future_action":{"enabled":false,"date":"2026-05-02 03:19:08","action":"change-status","newStatus":"draft","terms":[],"taxonomy":"category","extraData":[]},"publishpress_future_workflow_manual_trigger":{"enabledWorkflows":[]},"_links":{"self":[{"href":"https:\/\/regiaonews.net.br\/2022\/wp-json\/wp\/v2\/posts\/85347","targetHints":{"allow":["GET"]}}],"collection":[{"href":"https:\/\/regiaonews.net.br\/2022\/wp-json\/wp\/v2\/posts"}],"about":[{"href":"https:\/\/regiaonews.net.br\/2022\/wp-json\/wp\/v2\/types\/post"}],"author":[{"embeddable":true,"href":"https:\/\/regiaonews.net.br\/2022\/wp-json\/wp\/v2\/users\/2"}],"replies":[{"embeddable":true,"href":"https:\/\/regiaonews.net.br\/2022\/wp-json\/wp\/v2\/comments?post=85347"}],"version-history":[{"count":2,"href":"https:\/\/regiaonews.net.br\/2022\/wp-json\/wp\/v2\/posts\/85347\/revisions"}],"predecessor-version":[{"id":85349,"href":"https:\/\/regiaonews.net.br\/2022\/wp-json\/wp\/v2\/posts\/85347\/revisions\/85349"}],"wp:attachment":[{"href":"https:\/\/regiaonews.net.br\/2022\/wp-json\/wp\/v2\/media?parent=85347"}],"wp:term":[{"taxonomy":"category","embeddable":true,"href":"https:\/\/regiaonews.net.br\/2022\/wp-json\/wp\/v2\/categories?post=85347"},{"taxonomy":"post_tag","embeddable":true,"href":"https:\/\/regiaonews.net.br\/2022\/wp-json\/wp\/v2\/tags?post=85347"}],"curies":[{"name":"wp","href":"https:\/\/api.w.org\/{rel}","templated":true}]}}