{"id":85344,"date":"2023-03-16T20:25:22","date_gmt":"2023-03-16T23:25:22","guid":{"rendered":"https:\/\/regiaonews.net.br\/2022\/?p=85344"},"modified":"2023-03-16T20:25:22","modified_gmt":"2023-03-16T23:25:22","slug":"diretoria-de-os-independentes-define-acoes-em-parceria-com-sebrae","status":"publish","type":"post","link":"https:\/\/regiaonews.net.br\/2022\/2023\/03\/16\/diretoria-de-os-independentes-define-acoes-em-parceria-com-sebrae\/","title":{"rendered":"Diretoria de Os Independentes define a\u00e7\u00f5es em parceria com SEBRAE"},"content":{"rendered":"<p>Reuni\u00e3o definiu participa\u00e7\u00e3o do SEBRAE na Festa do Pe\u00e3o de Barretos em 2023<\/p>\n<p>Nesta quinta-feira, 16 de mar\u00e7o, membros da Diretoria de Os Independentes participaram de reuni\u00e3o no escrit\u00f3rio do SEBRAE em Barretos para definir detalhes da parceria entre as entidades.<\/p>\n<p>Participaram do encontro, Hussein Gemha J\u00fanior, Presidente de Os Independentes e Jeronimo Luiz Muzetti, Diretor Financeiro da associa\u00e7\u00e3o e, representando o SEBRAE, Rafael Matos do Carmo, Gerente; Leandro Gumieri, Gestor de Neg\u00f3cios e Margareth Kavaguti, Analista de Neg\u00f3cios, todos do escrit\u00f3rio regional de Barretos.<\/p>\n<p>Entre as parcerias definidas est\u00e1 a participa\u00e7\u00e3o do SEBRAE na 66\u00aa edi\u00e7\u00e3o da Festa do Pe\u00e3o de Barretos, com um estande com a exposi\u00e7\u00e3o e comercializa\u00e7\u00e3o de produtos de microempresas barretenses. \u201cO SEBRAE apoia e ajuda os pequenos empres\u00e1rios de Barretos e n\u00f3s estamos oferecendo um espa\u00e7o para os turistas conhecerem produtos fabricados aqui no munic\u00edpio&#8221;, contou Hussein.<\/p>\n<p>Outra novidade \u00e9 que Os Independentes foram convidados para compartilhar suas experi\u00eancias na 12\u00aa edi\u00e7\u00e3o da Feira do Empreendedor, promovida pelo SEBRAE, que acontece em outubro em S\u00e3o Paulo. \u201cNossa feira \u00e9 considerada a maior no segmento de empreendedorismo do mundo, tem grande foco em inova\u00e7\u00e3o e participam mais de 1 mil empresas expositoras\u201d, explicou Margareth Kavaguti, Analista de Neg\u00f3cios do SEBRAE.<\/p>\n<p>Al\u00e9m disso, com o objetivo de qualificar ainda mais os colaboradores do Parque do Pe\u00e3o, o Os Independentes fecharam um conv\u00eanio com o SEBRAE, no qual a Faculdade Sebrae ofertar\u00e1 cursos com descontos especiais para membros e funcion\u00e1rios da associa\u00e7\u00e3o.<\/p>\n","protected":false},"excerpt":{"rendered":"<p>Reuni\u00e3o definiu participa\u00e7\u00e3o do SEBRAE na Festa do Pe\u00e3o de<\/p>\n","protected":false},"author":2,"featured_media":85345,"comment_status":"open","ping_status":"open","sticky":false,"template":"","format":"standard","meta":{"footnotes":""},"categories":[14,25],"tags":[],"class_list":["post-85344","post","type-post","status-publish","format-standard","has-post-thumbnail","hentry","category-barretos","category-cidades"],"yoast_head":"<!-- This site is optimized with the Yoast SEO plugin v27.4 - https:\/\/yoast.com\/product\/yoast-seo-wordpress\/ -->\n<title>Diretoria de Os Independentes define a\u00e7\u00f5es em parceria com SEBRAE - Regi\u00e3o News<\/title>\n<meta name=\"robots\" content=\"index, follow, max-snippet:-1, max-image-preview:large, max-video-preview:-1\" \/>\n<link rel=\"canonical\" href=\"https:\/\/regiaonews.net.br\/2022\/2023\/03\/16\/diretoria-de-os-independentes-define-acoes-em-parceria-com-sebrae\/\" \/>\n<meta property=\"og:locale\" content=\"pt_BR\" \/>\n<meta property=\"og:type\" content=\"article\" \/>\n<meta property=\"og:title\" content=\"Diretoria de Os Independentes define a\u00e7\u00f5es em parceria com SEBRAE - Regi\u00e3o News\" \/>\n<meta property=\"og:description\" content=\"Reuni\u00e3o definiu participa\u00e7\u00e3o do SEBRAE na Festa do Pe\u00e3o de\" \/>\n<meta property=\"og:url\" content=\"https:\/\/regiaonews.net.br\/2022\/2023\/03\/16\/diretoria-de-os-independentes-define-acoes-em-parceria-com-sebrae\/\" \/>\n<meta property=\"og:site_name\" content=\"Regi\u00e3o News\" \/>\n<meta property=\"article:published_time\" content=\"2023-03-16T23:25:22+00:00\" \/>\n<meta property=\"og:image\" content=\"https:\/\/regiaonews.net.br\/2022\/wp-content\/uploads\/2023\/03\/WhatsApp-Image-2023-03-16-at-17.07.55.jpeg\" \/>\n\t<meta property=\"og:image:width\" content=\"1024\" \/>\n\t<meta property=\"og:image:height\" content=\"768\" \/>\n\t<meta property=\"og:image:type\" content=\"image\/jpeg\" \/>\n<meta name=\"author\" content=\"Roberto\" \/>\n<meta name=\"twitter:card\" content=\"summary_large_image\" \/>\n<meta name=\"twitter:label1\" content=\"Escrito por\" \/>\n\t<meta name=\"twitter:data1\" content=\"Roberto\" \/>\n\t<meta name=\"twitter:label2\" content=\"Est. tempo de leitura\" \/>\n\t<meta name=\"twitter:data2\" content=\"2 minutos\" \/>\n<script type=\"application\/ld+json\" class=\"yoast-schema-graph\">{\"@context\":\"https:\\\/\\\/schema.org\",\"@graph\":[{\"@type\":\"Article\",\"@id\":\"https:\\\/\\\/regiaonews.net.br\\\/2022\\\/2023\\\/03\\\/16\\\/diretoria-de-os-independentes-define-acoes-em-parceria-com-sebrae\\\/#article\",\"isPartOf\":{\"@id\":\"https:\\\/\\\/regiaonews.net.br\\\/2022\\\/2023\\\/03\\\/16\\\/diretoria-de-os-independentes-define-acoes-em-parceria-com-sebrae\\\/\"},\"author\":{\"name\":\"Roberto\",\"@id\":\"https:\\\/\\\/regiaonews.net.br\\\/2022\\\/#\\\/schema\\\/person\\\/2d205a608a5aa97ac279d7a5e6d89ad8\"},\"headline\":\"Diretoria de Os Independentes define a\u00e7\u00f5es em parceria com SEBRAE\",\"datePublished\":\"2023-03-16T23:25:22+00:00\",\"mainEntityOfPage\":{\"@id\":\"https:\\\/\\\/regiaonews.net.br\\\/2022\\\/2023\\\/03\\\/16\\\/diretoria-de-os-independentes-define-acoes-em-parceria-com-sebrae\\\/\"},\"wordCount\":279,\"commentCount\":0,\"publisher\":{\"@id\":\"https:\\\/\\\/regiaonews.net.br\\\/2022\\\/#organization\"},\"image\":{\"@id\":\"https:\\\/\\\/regiaonews.net.br\\\/2022\\\/2023\\\/03\\\/16\\\/diretoria-de-os-independentes-define-acoes-em-parceria-com-sebrae\\\/#primaryimage\"},\"thumbnailUrl\":\"https:\\\/\\\/regiaonews.net.br\\\/2022\\\/wp-content\\\/uploads\\\/2023\\\/03\\\/WhatsApp-Image-2023-03-16-at-17.07.55.jpeg\",\"articleSection\":[\"Barretos\",\"Cidades\"],\"inLanguage\":\"pt-BR\",\"potentialAction\":[{\"@type\":\"CommentAction\",\"name\":\"Comment\",\"target\":[\"https:\\\/\\\/regiaonews.net.br\\\/2022\\\/2023\\\/03\\\/16\\\/diretoria-de-os-independentes-define-acoes-em-parceria-com-sebrae\\\/#respond\"]}]},{\"@type\":\"WebPage\",\"@id\":\"https:\\\/\\\/regiaonews.net.br\\\/2022\\\/2023\\\/03\\\/16\\\/diretoria-de-os-independentes-define-acoes-em-parceria-com-sebrae\\\/\",\"url\":\"https:\\\/\\\/regiaonews.net.br\\\/2022\\\/2023\\\/03\\\/16\\\/diretoria-de-os-independentes-define-acoes-em-parceria-com-sebrae\\\/\",\"name\":\"Diretoria de Os Independentes define a\u00e7\u00f5es em parceria com SEBRAE - Regi\u00e3o News\",\"isPartOf\":{\"@id\":\"https:\\\/\\\/regiaonews.net.br\\\/2022\\\/#website\"},\"primaryImageOfPage\":{\"@id\":\"https:\\\/\\\/regiaonews.net.br\\\/2022\\\/2023\\\/03\\\/16\\\/diretoria-de-os-independentes-define-acoes-em-parceria-com-sebrae\\\/#primaryimage\"},\"image\":{\"@id\":\"https:\\\/\\\/regiaonews.net.br\\\/2022\\\/2023\\\/03\\\/16\\\/diretoria-de-os-independentes-define-acoes-em-parceria-com-sebrae\\\/#primaryimage\"},\"thumbnailUrl\":\"https:\\\/\\\/regiaonews.net.br\\\/2022\\\/wp-content\\\/uploads\\\/2023\\\/03\\\/WhatsApp-Image-2023-03-16-at-17.07.55.jpeg\",\"datePublished\":\"2023-03-16T23:25:22+00:00\",\"breadcrumb\":{\"@id\":\"https:\\\/\\\/regiaonews.net.br\\\/2022\\\/2023\\\/03\\\/16\\\/diretoria-de-os-independentes-define-acoes-em-parceria-com-sebrae\\\/#breadcrumb\"},\"inLanguage\":\"pt-BR\",\"potentialAction\":[{\"@type\":\"ReadAction\",\"target\":[\"https:\\\/\\\/regiaonews.net.br\\\/2022\\\/2023\\\/03\\\/16\\\/diretoria-de-os-independentes-define-acoes-em-parceria-com-sebrae\\\/\"]}]},{\"@type\":\"ImageObject\",\"inLanguage\":\"pt-BR\",\"@id\":\"https:\\\/\\\/regiaonews.net.br\\\/2022\\\/2023\\\/03\\\/16\\\/diretoria-de-os-independentes-define-acoes-em-parceria-com-sebrae\\\/#primaryimage\",\"url\":\"https:\\\/\\\/regiaonews.net.br\\\/2022\\\/wp-content\\\/uploads\\\/2023\\\/03\\\/WhatsApp-Image-2023-03-16-at-17.07.55.jpeg\",\"contentUrl\":\"https:\\\/\\\/regiaonews.net.br\\\/2022\\\/wp-content\\\/uploads\\\/2023\\\/03\\\/WhatsApp-Image-2023-03-16-at-17.07.55.jpeg\",\"width\":1024,\"height\":768},{\"@type\":\"BreadcrumbList\",\"@id\":\"https:\\\/\\\/regiaonews.net.br\\\/2022\\\/2023\\\/03\\\/16\\\/diretoria-de-os-independentes-define-acoes-em-parceria-com-sebrae\\\/#breadcrumb\",\"itemListElement\":[{\"@type\":\"ListItem\",\"position\":1,\"name\":\"In\u00edcio\",\"item\":\"https:\\\/\\\/regiaonews.net.br\\\/2022\\\/\"},{\"@type\":\"ListItem\",\"position\":2,\"name\":\"Diretoria de Os Independentes define a\u00e7\u00f5es em parceria com SEBRAE\"}]},{\"@type\":\"WebSite\",\"@id\":\"https:\\\/\\\/regiaonews.net.br\\\/2022\\\/#website\",\"url\":\"https:\\\/\\\/regiaonews.net.br\\\/2022\\\/\",\"name\":\"Regi\u00e3o News\",\"description\":\"Site de Not\u00edcias de Barretos e regi\u00e3o\",\"publisher\":{\"@id\":\"https:\\\/\\\/regiaonews.net.br\\\/2022\\\/#organization\"},\"potentialAction\":[{\"@type\":\"SearchAction\",\"target\":{\"@type\":\"EntryPoint\",\"urlTemplate\":\"https:\\\/\\\/regiaonews.net.br\\\/2022\\\/?s={search_term_string}\"},\"query-input\":{\"@type\":\"PropertyValueSpecification\",\"valueRequired\":true,\"valueName\":\"search_term_string\"}}],\"inLanguage\":\"pt-BR\"},{\"@type\":\"Organization\",\"@id\":\"https:\\\/\\\/regiaonews.net.br\\\/2022\\\/#organization\",\"name\":\"Regi\u00e3o News\",\"url\":\"https:\\\/\\\/regiaonews.net.br\\\/2022\\\/\",\"logo\":{\"@type\":\"ImageObject\",\"inLanguage\":\"pt-BR\",\"@id\":\"https:\\\/\\\/regiaonews.net.br\\\/2022\\\/#\\\/schema\\\/logo\\\/image\\\/\",\"url\":\"https:\\\/\\\/regiaonews.net.br\\\/2022\\\/wp-content\\\/uploads\\\/2026\\\/03\\\/regiao-13-anos-scaled.jpg\",\"contentUrl\":\"https:\\\/\\\/regiaonews.net.br\\\/2022\\\/wp-content\\\/uploads\\\/2026\\\/03\\\/regiao-13-anos-scaled.jpg\",\"width\":2560,\"height\":635,\"caption\":\"Regi\u00e3o News\"},\"image\":{\"@id\":\"https:\\\/\\\/regiaonews.net.br\\\/2022\\\/#\\\/schema\\\/logo\\\/image\\\/\"}},{\"@type\":\"Person\",\"@id\":\"https:\\\/\\\/regiaonews.net.br\\\/2022\\\/#\\\/schema\\\/person\\\/2d205a608a5aa97ac279d7a5e6d89ad8\",\"name\":\"Roberto\",\"image\":{\"@type\":\"ImageObject\",\"inLanguage\":\"pt-BR\",\"@id\":\"https:\\\/\\\/secure.gravatar.com\\\/avatar\\\/42749d8b712ff9d59ca93dc150494e5b55a44134482993f5baeb97e61b7ecc89?s=96&d=mm&r=g\",\"url\":\"https:\\\/\\\/secure.gravatar.com\\\/avatar\\\/42749d8b712ff9d59ca93dc150494e5b55a44134482993f5baeb97e61b7ecc89?s=96&d=mm&r=g\",\"contentUrl\":\"https:\\\/\\\/secure.gravatar.com\\\/avatar\\\/42749d8b712ff9d59ca93dc150494e5b55a44134482993f5baeb97e61b7ecc89?s=96&d=mm&r=g\",\"caption\":\"Roberto\"},\"url\":\"https:\\\/\\\/regiaonews.net.br\\\/2022\\\/author\\\/roberto\\\/\"}]}<\/script>\n<!-- \/ Yoast SEO plugin. -->","yoast_head_json":{"title":"Diretoria de Os Independentes define a\u00e7\u00f5es em parceria com SEBRAE - Regi\u00e3o News","robots":{"index":"index","follow":"follow","max-snippet":"max-snippet:-1","max-image-preview":"max-image-preview:large","max-video-preview":"max-video-preview:-1"},"canonical":"https:\/\/regiaonews.net.br\/2022\/2023\/03\/16\/diretoria-de-os-independentes-define-acoes-em-parceria-com-sebrae\/","og_locale":"pt_BR","og_type":"article","og_title":"Diretoria de Os Independentes define a\u00e7\u00f5es em parceria com SEBRAE - Regi\u00e3o News","og_description":"Reuni\u00e3o definiu participa\u00e7\u00e3o do SEBRAE na Festa do Pe\u00e3o de","og_url":"https:\/\/regiaonews.net.br\/2022\/2023\/03\/16\/diretoria-de-os-independentes-define-acoes-em-parceria-com-sebrae\/","og_site_name":"Regi\u00e3o News","article_published_time":"2023-03-16T23:25:22+00:00","og_image":[{"width":1024,"height":768,"url":"https:\/\/regiaonews.net.br\/2022\/wp-content\/uploads\/2023\/03\/WhatsApp-Image-2023-03-16-at-17.07.55.jpeg","type":"image\/jpeg"}],"author":"Roberto","twitter_card":"summary_large_image","twitter_misc":{"Escrito por":"Roberto","Est. tempo de leitura":"2 minutos"},"schema":{"@context":"https:\/\/schema.org","@graph":[{"@type":"Article","@id":"https:\/\/regiaonews.net.br\/2022\/2023\/03\/16\/diretoria-de-os-independentes-define-acoes-em-parceria-com-sebrae\/#article","isPartOf":{"@id":"https:\/\/regiaonews.net.br\/2022\/2023\/03\/16\/diretoria-de-os-independentes-define-acoes-em-parceria-com-sebrae\/"},"author":{"name":"Roberto","@id":"https:\/\/regiaonews.net.br\/2022\/#\/schema\/person\/2d205a608a5aa97ac279d7a5e6d89ad8"},"headline":"Diretoria de Os Independentes define a\u00e7\u00f5es em parceria com SEBRAE","datePublished":"2023-03-16T23:25:22+00:00","mainEntityOfPage":{"@id":"https:\/\/regiaonews.net.br\/2022\/2023\/03\/16\/diretoria-de-os-independentes-define-acoes-em-parceria-com-sebrae\/"},"wordCount":279,"commentCount":0,"publisher":{"@id":"https:\/\/regiaonews.net.br\/2022\/#organization"},"image":{"@id":"https:\/\/regiaonews.net.br\/2022\/2023\/03\/16\/diretoria-de-os-independentes-define-acoes-em-parceria-com-sebrae\/#primaryimage"},"thumbnailUrl":"https:\/\/regiaonews.net.br\/2022\/wp-content\/uploads\/2023\/03\/WhatsApp-Image-2023-03-16-at-17.07.55.jpeg","articleSection":["Barretos","Cidades"],"inLanguage":"pt-BR","potentialAction":[{"@type":"CommentAction","name":"Comment","target":["https:\/\/regiaonews.net.br\/2022\/2023\/03\/16\/diretoria-de-os-independentes-define-acoes-em-parceria-com-sebrae\/#respond"]}]},{"@type":"WebPage","@id":"https:\/\/regiaonews.net.br\/2022\/2023\/03\/16\/diretoria-de-os-independentes-define-acoes-em-parceria-com-sebrae\/","url":"https:\/\/regiaonews.net.br\/2022\/2023\/03\/16\/diretoria-de-os-independentes-define-acoes-em-parceria-com-sebrae\/","name":"Diretoria de Os Independentes define a\u00e7\u00f5es em parceria com SEBRAE - Regi\u00e3o News","isPartOf":{"@id":"https:\/\/regiaonews.net.br\/2022\/#website"},"primaryImageOfPage":{"@id":"https:\/\/regiaonews.net.br\/2022\/2023\/03\/16\/diretoria-de-os-independentes-define-acoes-em-parceria-com-sebrae\/#primaryimage"},"image":{"@id":"https:\/\/regiaonews.net.br\/2022\/2023\/03\/16\/diretoria-de-os-independentes-define-acoes-em-parceria-com-sebrae\/#primaryimage"},"thumbnailUrl":"https:\/\/regiaonews.net.br\/2022\/wp-content\/uploads\/2023\/03\/WhatsApp-Image-2023-03-16-at-17.07.55.jpeg","datePublished":"2023-03-16T23:25:22+00:00","breadcrumb":{"@id":"https:\/\/regiaonews.net.br\/2022\/2023\/03\/16\/diretoria-de-os-independentes-define-acoes-em-parceria-com-sebrae\/#breadcrumb"},"inLanguage":"pt-BR","potentialAction":[{"@type":"ReadAction","target":["https:\/\/regiaonews.net.br\/2022\/2023\/03\/16\/diretoria-de-os-independentes-define-acoes-em-parceria-com-sebrae\/"]}]},{"@type":"ImageObject","inLanguage":"pt-BR","@id":"https:\/\/regiaonews.net.br\/2022\/2023\/03\/16\/diretoria-de-os-independentes-define-acoes-em-parceria-com-sebrae\/#primaryimage","url":"https:\/\/regiaonews.net.br\/2022\/wp-content\/uploads\/2023\/03\/WhatsApp-Image-2023-03-16-at-17.07.55.jpeg","contentUrl":"https:\/\/regiaonews.net.br\/2022\/wp-content\/uploads\/2023\/03\/WhatsApp-Image-2023-03-16-at-17.07.55.jpeg","width":1024,"height":768},{"@type":"BreadcrumbList","@id":"https:\/\/regiaonews.net.br\/2022\/2023\/03\/16\/diretoria-de-os-independentes-define-acoes-em-parceria-com-sebrae\/#breadcrumb","itemListElement":[{"@type":"ListItem","position":1,"name":"In\u00edcio","item":"https:\/\/regiaonews.net.br\/2022\/"},{"@type":"ListItem","position":2,"name":"Diretoria de Os Independentes define a\u00e7\u00f5es em parceria com SEBRAE"}]},{"@type":"WebSite","@id":"https:\/\/regiaonews.net.br\/2022\/#website","url":"https:\/\/regiaonews.net.br\/2022\/","name":"Regi\u00e3o News","description":"Site de Not\u00edcias de Barretos e regi\u00e3o","publisher":{"@id":"https:\/\/regiaonews.net.br\/2022\/#organization"},"potentialAction":[{"@type":"SearchAction","target":{"@type":"EntryPoint","urlTemplate":"https:\/\/regiaonews.net.br\/2022\/?s={search_term_string}"},"query-input":{"@type":"PropertyValueSpecification","valueRequired":true,"valueName":"search_term_string"}}],"inLanguage":"pt-BR"},{"@type":"Organization","@id":"https:\/\/regiaonews.net.br\/2022\/#organization","name":"Regi\u00e3o News","url":"https:\/\/regiaonews.net.br\/2022\/","logo":{"@type":"ImageObject","inLanguage":"pt-BR","@id":"https:\/\/regiaonews.net.br\/2022\/#\/schema\/logo\/image\/","url":"https:\/\/regiaonews.net.br\/2022\/wp-content\/uploads\/2026\/03\/regiao-13-anos-scaled.jpg","contentUrl":"https:\/\/regiaonews.net.br\/2022\/wp-content\/uploads\/2026\/03\/regiao-13-anos-scaled.jpg","width":2560,"height":635,"caption":"Regi\u00e3o News"},"image":{"@id":"https:\/\/regiaonews.net.br\/2022\/#\/schema\/logo\/image\/"}},{"@type":"Person","@id":"https:\/\/regiaonews.net.br\/2022\/#\/schema\/person\/2d205a608a5aa97ac279d7a5e6d89ad8","name":"Roberto","image":{"@type":"ImageObject","inLanguage":"pt-BR","@id":"https:\/\/secure.gravatar.com\/avatar\/42749d8b712ff9d59ca93dc150494e5b55a44134482993f5baeb97e61b7ecc89?s=96&d=mm&r=g","url":"https:\/\/secure.gravatar.com\/avatar\/42749d8b712ff9d59ca93dc150494e5b55a44134482993f5baeb97e61b7ecc89?s=96&d=mm&r=g","contentUrl":"https:\/\/secure.gravatar.com\/avatar\/42749d8b712ff9d59ca93dc150494e5b55a44134482993f5baeb97e61b7ecc89?s=96&d=mm&r=g","caption":"Roberto"},"url":"https:\/\/regiaonews.net.br\/2022\/author\/roberto\/"}]}},"publishpress_future_action":{"enabled":false,"date":"2026-05-02 03:29:48","action":"change-status","newStatus":"draft","terms":[],"taxonomy":"category","extraData":[]},"publishpress_future_workflow_manual_trigger":{"enabledWorkflows":[]},"_links":{"self":[{"href":"https:\/\/regiaonews.net.br\/2022\/wp-json\/wp\/v2\/posts\/85344","targetHints":{"allow":["GET"]}}],"collection":[{"href":"https:\/\/regiaonews.net.br\/2022\/wp-json\/wp\/v2\/posts"}],"about":[{"href":"https:\/\/regiaonews.net.br\/2022\/wp-json\/wp\/v2\/types\/post"}],"author":[{"embeddable":true,"href":"https:\/\/regiaonews.net.br\/2022\/wp-json\/wp\/v2\/users\/2"}],"replies":[{"embeddable":true,"href":"https:\/\/regiaonews.net.br\/2022\/wp-json\/wp\/v2\/comments?post=85344"}],"version-history":[{"count":1,"href":"https:\/\/regiaonews.net.br\/2022\/wp-json\/wp\/v2\/posts\/85344\/revisions"}],"predecessor-version":[{"id":85346,"href":"https:\/\/regiaonews.net.br\/2022\/wp-json\/wp\/v2\/posts\/85344\/revisions\/85346"}],"wp:featuredmedia":[{"embeddable":true,"href":"https:\/\/regiaonews.net.br\/2022\/wp-json\/wp\/v2\/media\/85345"}],"wp:attachment":[{"href":"https:\/\/regiaonews.net.br\/2022\/wp-json\/wp\/v2\/media?parent=85344"}],"wp:term":[{"taxonomy":"category","embeddable":true,"href":"https:\/\/regiaonews.net.br\/2022\/wp-json\/wp\/v2\/categories?post=85344"},{"taxonomy":"post_tag","embeddable":true,"href":"https:\/\/regiaonews.net.br\/2022\/wp-json\/wp\/v2\/tags?post=85344"}],"curies":[{"name":"wp","href":"https:\/\/api.w.org\/{rel}","templated":true}]}}