{"id":85341,"date":"2023-03-16T16:59:15","date_gmt":"2023-03-16T19:59:15","guid":{"rendered":"https:\/\/regiaonews.net.br\/2022\/?p=85341"},"modified":"2023-03-16T16:59:15","modified_gmt":"2023-03-16T19:59:15","slug":"barretos-e-escolhida-para-sediar-final-da-taca-eptv-de-futsal","status":"publish","type":"post","link":"https:\/\/regiaonews.net.br\/2022\/2023\/03\/16\/barretos-e-escolhida-para-sediar-final-da-taca-eptv-de-futsal\/","title":{"rendered":"Barretos \u00e9 escolhida para sediar final da Ta\u00e7a EPTV de Futsal"},"content":{"rendered":"<h3 style=\"text-align: center;\">Em sua 37\u00aa edi\u00e7\u00e3o, evento esportivo re\u00fane 65 equipes e \u00e9 considerado um dos maiores do interior de S\u00e3o Paulo.<\/h3>\n<p>A Est\u00e2ncia Tur\u00edstica de Barretos foi escolhida para sediar o jogo da final da Ta\u00e7a EPTV de Futsal 2023. O tradicional evento esportivo, que est\u00e1 em sua 37\u00aa edi\u00e7\u00e3o, come\u00e7a no dia 24 de mar\u00e7o, sexta-feira, em Franca (SP). Ser\u00e3o 65 equipes, entre elas a de Barretos, disputando um lugar na grande final, marcada para o dia 17 de junho, um s\u00e1bado, no Complexo Poliesportivo Jo\u00e3o Batista da Rocha, o Roch\u00e3o.<br \/>\nPara a prefeita Paula Lemos, a escolha de Barretos para sediar o jogo mais importante de toda a competi\u00e7\u00e3o retrata o perfil incentivador ao esporte que a cidade voltou a ter, al\u00e9m de ser uma est\u00e2ncia tur\u00edstica. &#8220;Como barretense, me sinto orgulhosa pela escolha de nossa cidade como sede do jogo final de um evento esportivo t\u00e3o representativo. Isso mostra que todas as nossas a\u00e7\u00f5es de incentivo ao esporte, seja em apoio aos atletas ou em estrutura dos nossos espa\u00e7os, est\u00e3o sendo reconhecidas e valorizadas. Somos, ainda, uma est\u00e2ncia tur\u00edstica, o que complementa os nossos atrativos&#8221;, enfatizou.<br \/>\nO secret\u00e1rio municipal de Esportes e Lazer, Tony Vieira Carvalho, complementa: \u201cBarretos deu um salto muito grande nos \u00faltimos dois anos em todos os sentidos. Al\u00e9m de nos tornarmos Est\u00e2ncia Tur\u00edstica, n\u00f3s temos investido forte na valoriza\u00e7\u00e3o do esporte. No in\u00edcio do ano sediamos a Copinha que foi um sucesso e tenho certeza que a Ta\u00e7a EPTV tamb\u00e9m ser\u00e1, pois essa competi\u00e7\u00e3o atrai um grande p\u00fablico, movimentando a economia local\u201d, contou.<br \/>\nA competi\u00e7\u00e3o<br \/>\nCom 65 times de munic\u00edpios do interior paulista inscritos, a competi\u00e7\u00e3o ser\u00e1 disputada em tr\u00eas fases, sendo a primeira com confrontos entre os times de cada grupo; a segunda com 15 chaves de tr\u00eas times; e a terceira, com as partidas eliminat\u00f3rias.<br \/>\nA divis\u00e3o das equipes participantes em 21 grupos foi realizada na manh\u00e3 desta quinta-feira, 16 de mar\u00e7o, durante o Congresso T\u00e9cnico em Ribeir\u00e3o Preto (SP). O time de Barretos ficou no Grupo R, com as cidades de Gua\u00edra e Rifaina.<br \/>\nA Ta\u00e7a EPTV \u00e9 realizada desde 1985 e nas \u00faltimas duas edi\u00e7\u00f5es, nos anos de 2019 e 2022, teve como vencedora a cidade de Luiz Ant\u00f4nio (SP). Barretos ainda n\u00e3o conquistou o t\u00edtulo.<\/p>\n<p>Assimp-170-2023<br \/>\nReda\u00e7\u00e3o:\u00a0Rinaldo\u00a0Filho<\/p>\n","protected":false},"excerpt":{"rendered":"<p>Em sua 37\u00aa edi\u00e7\u00e3o, evento esportivo re\u00fane 65 equipes e<\/p>\n","protected":false},"author":2,"featured_media":85342,"comment_status":"open","ping_status":"open","sticky":false,"template":"","format":"standard","meta":{"footnotes":""},"categories":[14,3],"tags":[],"class_list":["post-85341","post","type-post","status-publish","format-standard","has-post-thumbnail","hentry","category-barretos","category-geral"],"yoast_head":"<!-- This site is optimized with the Yoast SEO plugin v27.4 - https:\/\/yoast.com\/product\/yoast-seo-wordpress\/ -->\n<title>Barretos \u00e9 escolhida para sediar final da Ta\u00e7a EPTV de Futsal - Regi\u00e3o News<\/title>\n<meta name=\"robots\" content=\"index, follow, max-snippet:-1, max-image-preview:large, max-video-preview:-1\" \/>\n<link rel=\"canonical\" href=\"https:\/\/regiaonews.net.br\/2022\/2023\/03\/16\/barretos-e-escolhida-para-sediar-final-da-taca-eptv-de-futsal\/\" \/>\n<meta property=\"og:locale\" content=\"pt_BR\" \/>\n<meta property=\"og:type\" content=\"article\" \/>\n<meta property=\"og:title\" content=\"Barretos \u00e9 escolhida para sediar final da Ta\u00e7a EPTV de Futsal - Regi\u00e3o News\" \/>\n<meta property=\"og:description\" content=\"Em sua 37\u00aa edi\u00e7\u00e3o, evento esportivo re\u00fane 65 equipes e\" \/>\n<meta property=\"og:url\" content=\"https:\/\/regiaonews.net.br\/2022\/2023\/03\/16\/barretos-e-escolhida-para-sediar-final-da-taca-eptv-de-futsal\/\" \/>\n<meta property=\"og:site_name\" content=\"Regi\u00e3o News\" \/>\n<meta property=\"article:published_time\" content=\"2023-03-16T19:59:15+00:00\" \/>\n<meta property=\"og:image\" content=\"https:\/\/regiaonews.net.br\/2022\/wp-content\/uploads\/2023\/03\/Imagem-do-WhatsApp-de-2023-03-16-as-16.44.03.jpg\" \/>\n\t<meta property=\"og:image:width\" content=\"1600\" \/>\n\t<meta property=\"og:image:height\" content=\"1200\" \/>\n\t<meta property=\"og:image:type\" content=\"image\/jpeg\" \/>\n<meta name=\"author\" content=\"Roberto\" \/>\n<meta name=\"twitter:card\" content=\"summary_large_image\" \/>\n<meta name=\"twitter:label1\" content=\"Escrito por\" \/>\n\t<meta name=\"twitter:data1\" content=\"Roberto\" \/>\n\t<meta name=\"twitter:label2\" content=\"Est. tempo de leitura\" \/>\n\t<meta name=\"twitter:data2\" content=\"3 minutos\" \/>\n<script type=\"application\/ld+json\" class=\"yoast-schema-graph\">{\"@context\":\"https:\\\/\\\/schema.org\",\"@graph\":[{\"@type\":\"Article\",\"@id\":\"https:\\\/\\\/regiaonews.net.br\\\/2022\\\/2023\\\/03\\\/16\\\/barretos-e-escolhida-para-sediar-final-da-taca-eptv-de-futsal\\\/#article\",\"isPartOf\":{\"@id\":\"https:\\\/\\\/regiaonews.net.br\\\/2022\\\/2023\\\/03\\\/16\\\/barretos-e-escolhida-para-sediar-final-da-taca-eptv-de-futsal\\\/\"},\"author\":{\"name\":\"Roberto\",\"@id\":\"https:\\\/\\\/regiaonews.net.br\\\/2022\\\/#\\\/schema\\\/person\\\/2d205a608a5aa97ac279d7a5e6d89ad8\"},\"headline\":\"Barretos \u00e9 escolhida para sediar final da Ta\u00e7a EPTV de Futsal\",\"datePublished\":\"2023-03-16T19:59:15+00:00\",\"mainEntityOfPage\":{\"@id\":\"https:\\\/\\\/regiaonews.net.br\\\/2022\\\/2023\\\/03\\\/16\\\/barretos-e-escolhida-para-sediar-final-da-taca-eptv-de-futsal\\\/\"},\"wordCount\":427,\"commentCount\":0,\"publisher\":{\"@id\":\"https:\\\/\\\/regiaonews.net.br\\\/2022\\\/#organization\"},\"image\":{\"@id\":\"https:\\\/\\\/regiaonews.net.br\\\/2022\\\/2023\\\/03\\\/16\\\/barretos-e-escolhida-para-sediar-final-da-taca-eptv-de-futsal\\\/#primaryimage\"},\"thumbnailUrl\":\"https:\\\/\\\/regiaonews.net.br\\\/2022\\\/wp-content\\\/uploads\\\/2023\\\/03\\\/Imagem-do-WhatsApp-de-2023-03-16-as-16.44.03.jpg\",\"articleSection\":[\"Barretos\",\"Geral\"],\"inLanguage\":\"pt-BR\",\"potentialAction\":[{\"@type\":\"CommentAction\",\"name\":\"Comment\",\"target\":[\"https:\\\/\\\/regiaonews.net.br\\\/2022\\\/2023\\\/03\\\/16\\\/barretos-e-escolhida-para-sediar-final-da-taca-eptv-de-futsal\\\/#respond\"]}]},{\"@type\":\"WebPage\",\"@id\":\"https:\\\/\\\/regiaonews.net.br\\\/2022\\\/2023\\\/03\\\/16\\\/barretos-e-escolhida-para-sediar-final-da-taca-eptv-de-futsal\\\/\",\"url\":\"https:\\\/\\\/regiaonews.net.br\\\/2022\\\/2023\\\/03\\\/16\\\/barretos-e-escolhida-para-sediar-final-da-taca-eptv-de-futsal\\\/\",\"name\":\"Barretos \u00e9 escolhida para sediar final da Ta\u00e7a EPTV de Futsal - Regi\u00e3o News\",\"isPartOf\":{\"@id\":\"https:\\\/\\\/regiaonews.net.br\\\/2022\\\/#website\"},\"primaryImageOfPage\":{\"@id\":\"https:\\\/\\\/regiaonews.net.br\\\/2022\\\/2023\\\/03\\\/16\\\/barretos-e-escolhida-para-sediar-final-da-taca-eptv-de-futsal\\\/#primaryimage\"},\"image\":{\"@id\":\"https:\\\/\\\/regiaonews.net.br\\\/2022\\\/2023\\\/03\\\/16\\\/barretos-e-escolhida-para-sediar-final-da-taca-eptv-de-futsal\\\/#primaryimage\"},\"thumbnailUrl\":\"https:\\\/\\\/regiaonews.net.br\\\/2022\\\/wp-content\\\/uploads\\\/2023\\\/03\\\/Imagem-do-WhatsApp-de-2023-03-16-as-16.44.03.jpg\",\"datePublished\":\"2023-03-16T19:59:15+00:00\",\"breadcrumb\":{\"@id\":\"https:\\\/\\\/regiaonews.net.br\\\/2022\\\/2023\\\/03\\\/16\\\/barretos-e-escolhida-para-sediar-final-da-taca-eptv-de-futsal\\\/#breadcrumb\"},\"inLanguage\":\"pt-BR\",\"potentialAction\":[{\"@type\":\"ReadAction\",\"target\":[\"https:\\\/\\\/regiaonews.net.br\\\/2022\\\/2023\\\/03\\\/16\\\/barretos-e-escolhida-para-sediar-final-da-taca-eptv-de-futsal\\\/\"]}]},{\"@type\":\"ImageObject\",\"inLanguage\":\"pt-BR\",\"@id\":\"https:\\\/\\\/regiaonews.net.br\\\/2022\\\/2023\\\/03\\\/16\\\/barretos-e-escolhida-para-sediar-final-da-taca-eptv-de-futsal\\\/#primaryimage\",\"url\":\"https:\\\/\\\/regiaonews.net.br\\\/2022\\\/wp-content\\\/uploads\\\/2023\\\/03\\\/Imagem-do-WhatsApp-de-2023-03-16-as-16.44.03.jpg\",\"contentUrl\":\"https:\\\/\\\/regiaonews.net.br\\\/2022\\\/wp-content\\\/uploads\\\/2023\\\/03\\\/Imagem-do-WhatsApp-de-2023-03-16-as-16.44.03.jpg\",\"width\":1600,\"height\":1200},{\"@type\":\"BreadcrumbList\",\"@id\":\"https:\\\/\\\/regiaonews.net.br\\\/2022\\\/2023\\\/03\\\/16\\\/barretos-e-escolhida-para-sediar-final-da-taca-eptv-de-futsal\\\/#breadcrumb\",\"itemListElement\":[{\"@type\":\"ListItem\",\"position\":1,\"name\":\"In\u00edcio\",\"item\":\"https:\\\/\\\/regiaonews.net.br\\\/2022\\\/\"},{\"@type\":\"ListItem\",\"position\":2,\"name\":\"Barretos \u00e9 escolhida para sediar final da Ta\u00e7a EPTV de Futsal\"}]},{\"@type\":\"WebSite\",\"@id\":\"https:\\\/\\\/regiaonews.net.br\\\/2022\\\/#website\",\"url\":\"https:\\\/\\\/regiaonews.net.br\\\/2022\\\/\",\"name\":\"Regi\u00e3o News\",\"description\":\"Site de Not\u00edcias de Barretos e regi\u00e3o\",\"publisher\":{\"@id\":\"https:\\\/\\\/regiaonews.net.br\\\/2022\\\/#organization\"},\"potentialAction\":[{\"@type\":\"SearchAction\",\"target\":{\"@type\":\"EntryPoint\",\"urlTemplate\":\"https:\\\/\\\/regiaonews.net.br\\\/2022\\\/?s={search_term_string}\"},\"query-input\":{\"@type\":\"PropertyValueSpecification\",\"valueRequired\":true,\"valueName\":\"search_term_string\"}}],\"inLanguage\":\"pt-BR\"},{\"@type\":\"Organization\",\"@id\":\"https:\\\/\\\/regiaonews.net.br\\\/2022\\\/#organization\",\"name\":\"Regi\u00e3o News\",\"url\":\"https:\\\/\\\/regiaonews.net.br\\\/2022\\\/\",\"logo\":{\"@type\":\"ImageObject\",\"inLanguage\":\"pt-BR\",\"@id\":\"https:\\\/\\\/regiaonews.net.br\\\/2022\\\/#\\\/schema\\\/logo\\\/image\\\/\",\"url\":\"https:\\\/\\\/regiaonews.net.br\\\/2022\\\/wp-content\\\/uploads\\\/2026\\\/03\\\/regiao-13-anos-scaled.jpg\",\"contentUrl\":\"https:\\\/\\\/regiaonews.net.br\\\/2022\\\/wp-content\\\/uploads\\\/2026\\\/03\\\/regiao-13-anos-scaled.jpg\",\"width\":2560,\"height\":635,\"caption\":\"Regi\u00e3o News\"},\"image\":{\"@id\":\"https:\\\/\\\/regiaonews.net.br\\\/2022\\\/#\\\/schema\\\/logo\\\/image\\\/\"}},{\"@type\":\"Person\",\"@id\":\"https:\\\/\\\/regiaonews.net.br\\\/2022\\\/#\\\/schema\\\/person\\\/2d205a608a5aa97ac279d7a5e6d89ad8\",\"name\":\"Roberto\",\"image\":{\"@type\":\"ImageObject\",\"inLanguage\":\"pt-BR\",\"@id\":\"https:\\\/\\\/secure.gravatar.com\\\/avatar\\\/42749d8b712ff9d59ca93dc150494e5b55a44134482993f5baeb97e61b7ecc89?s=96&d=mm&r=g\",\"url\":\"https:\\\/\\\/secure.gravatar.com\\\/avatar\\\/42749d8b712ff9d59ca93dc150494e5b55a44134482993f5baeb97e61b7ecc89?s=96&d=mm&r=g\",\"contentUrl\":\"https:\\\/\\\/secure.gravatar.com\\\/avatar\\\/42749d8b712ff9d59ca93dc150494e5b55a44134482993f5baeb97e61b7ecc89?s=96&d=mm&r=g\",\"caption\":\"Roberto\"},\"url\":\"https:\\\/\\\/regiaonews.net.br\\\/2022\\\/author\\\/roberto\\\/\"}]}<\/script>\n<!-- \/ Yoast SEO plugin. -->","yoast_head_json":{"title":"Barretos \u00e9 escolhida para sediar final da Ta\u00e7a EPTV de Futsal - Regi\u00e3o News","robots":{"index":"index","follow":"follow","max-snippet":"max-snippet:-1","max-image-preview":"max-image-preview:large","max-video-preview":"max-video-preview:-1"},"canonical":"https:\/\/regiaonews.net.br\/2022\/2023\/03\/16\/barretos-e-escolhida-para-sediar-final-da-taca-eptv-de-futsal\/","og_locale":"pt_BR","og_type":"article","og_title":"Barretos \u00e9 escolhida para sediar final da Ta\u00e7a EPTV de Futsal - Regi\u00e3o News","og_description":"Em sua 37\u00aa edi\u00e7\u00e3o, evento esportivo re\u00fane 65 equipes e","og_url":"https:\/\/regiaonews.net.br\/2022\/2023\/03\/16\/barretos-e-escolhida-para-sediar-final-da-taca-eptv-de-futsal\/","og_site_name":"Regi\u00e3o News","article_published_time":"2023-03-16T19:59:15+00:00","og_image":[{"width":1600,"height":1200,"url":"https:\/\/regiaonews.net.br\/2022\/wp-content\/uploads\/2023\/03\/Imagem-do-WhatsApp-de-2023-03-16-as-16.44.03.jpg","type":"image\/jpeg"}],"author":"Roberto","twitter_card":"summary_large_image","twitter_misc":{"Escrito por":"Roberto","Est. tempo de leitura":"3 minutos"},"schema":{"@context":"https:\/\/schema.org","@graph":[{"@type":"Article","@id":"https:\/\/regiaonews.net.br\/2022\/2023\/03\/16\/barretos-e-escolhida-para-sediar-final-da-taca-eptv-de-futsal\/#article","isPartOf":{"@id":"https:\/\/regiaonews.net.br\/2022\/2023\/03\/16\/barretos-e-escolhida-para-sediar-final-da-taca-eptv-de-futsal\/"},"author":{"name":"Roberto","@id":"https:\/\/regiaonews.net.br\/2022\/#\/schema\/person\/2d205a608a5aa97ac279d7a5e6d89ad8"},"headline":"Barretos \u00e9 escolhida para sediar final da Ta\u00e7a EPTV de Futsal","datePublished":"2023-03-16T19:59:15+00:00","mainEntityOfPage":{"@id":"https:\/\/regiaonews.net.br\/2022\/2023\/03\/16\/barretos-e-escolhida-para-sediar-final-da-taca-eptv-de-futsal\/"},"wordCount":427,"commentCount":0,"publisher":{"@id":"https:\/\/regiaonews.net.br\/2022\/#organization"},"image":{"@id":"https:\/\/regiaonews.net.br\/2022\/2023\/03\/16\/barretos-e-escolhida-para-sediar-final-da-taca-eptv-de-futsal\/#primaryimage"},"thumbnailUrl":"https:\/\/regiaonews.net.br\/2022\/wp-content\/uploads\/2023\/03\/Imagem-do-WhatsApp-de-2023-03-16-as-16.44.03.jpg","articleSection":["Barretos","Geral"],"inLanguage":"pt-BR","potentialAction":[{"@type":"CommentAction","name":"Comment","target":["https:\/\/regiaonews.net.br\/2022\/2023\/03\/16\/barretos-e-escolhida-para-sediar-final-da-taca-eptv-de-futsal\/#respond"]}]},{"@type":"WebPage","@id":"https:\/\/regiaonews.net.br\/2022\/2023\/03\/16\/barretos-e-escolhida-para-sediar-final-da-taca-eptv-de-futsal\/","url":"https:\/\/regiaonews.net.br\/2022\/2023\/03\/16\/barretos-e-escolhida-para-sediar-final-da-taca-eptv-de-futsal\/","name":"Barretos \u00e9 escolhida para sediar final da Ta\u00e7a EPTV de Futsal - Regi\u00e3o News","isPartOf":{"@id":"https:\/\/regiaonews.net.br\/2022\/#website"},"primaryImageOfPage":{"@id":"https:\/\/regiaonews.net.br\/2022\/2023\/03\/16\/barretos-e-escolhida-para-sediar-final-da-taca-eptv-de-futsal\/#primaryimage"},"image":{"@id":"https:\/\/regiaonews.net.br\/2022\/2023\/03\/16\/barretos-e-escolhida-para-sediar-final-da-taca-eptv-de-futsal\/#primaryimage"},"thumbnailUrl":"https:\/\/regiaonews.net.br\/2022\/wp-content\/uploads\/2023\/03\/Imagem-do-WhatsApp-de-2023-03-16-as-16.44.03.jpg","datePublished":"2023-03-16T19:59:15+00:00","breadcrumb":{"@id":"https:\/\/regiaonews.net.br\/2022\/2023\/03\/16\/barretos-e-escolhida-para-sediar-final-da-taca-eptv-de-futsal\/#breadcrumb"},"inLanguage":"pt-BR","potentialAction":[{"@type":"ReadAction","target":["https:\/\/regiaonews.net.br\/2022\/2023\/03\/16\/barretos-e-escolhida-para-sediar-final-da-taca-eptv-de-futsal\/"]}]},{"@type":"ImageObject","inLanguage":"pt-BR","@id":"https:\/\/regiaonews.net.br\/2022\/2023\/03\/16\/barretos-e-escolhida-para-sediar-final-da-taca-eptv-de-futsal\/#primaryimage","url":"https:\/\/regiaonews.net.br\/2022\/wp-content\/uploads\/2023\/03\/Imagem-do-WhatsApp-de-2023-03-16-as-16.44.03.jpg","contentUrl":"https:\/\/regiaonews.net.br\/2022\/wp-content\/uploads\/2023\/03\/Imagem-do-WhatsApp-de-2023-03-16-as-16.44.03.jpg","width":1600,"height":1200},{"@type":"BreadcrumbList","@id":"https:\/\/regiaonews.net.br\/2022\/2023\/03\/16\/barretos-e-escolhida-para-sediar-final-da-taca-eptv-de-futsal\/#breadcrumb","itemListElement":[{"@type":"ListItem","position":1,"name":"In\u00edcio","item":"https:\/\/regiaonews.net.br\/2022\/"},{"@type":"ListItem","position":2,"name":"Barretos \u00e9 escolhida para sediar final da Ta\u00e7a EPTV de Futsal"}]},{"@type":"WebSite","@id":"https:\/\/regiaonews.net.br\/2022\/#website","url":"https:\/\/regiaonews.net.br\/2022\/","name":"Regi\u00e3o News","description":"Site de Not\u00edcias de Barretos e regi\u00e3o","publisher":{"@id":"https:\/\/regiaonews.net.br\/2022\/#organization"},"potentialAction":[{"@type":"SearchAction","target":{"@type":"EntryPoint","urlTemplate":"https:\/\/regiaonews.net.br\/2022\/?s={search_term_string}"},"query-input":{"@type":"PropertyValueSpecification","valueRequired":true,"valueName":"search_term_string"}}],"inLanguage":"pt-BR"},{"@type":"Organization","@id":"https:\/\/regiaonews.net.br\/2022\/#organization","name":"Regi\u00e3o News","url":"https:\/\/regiaonews.net.br\/2022\/","logo":{"@type":"ImageObject","inLanguage":"pt-BR","@id":"https:\/\/regiaonews.net.br\/2022\/#\/schema\/logo\/image\/","url":"https:\/\/regiaonews.net.br\/2022\/wp-content\/uploads\/2026\/03\/regiao-13-anos-scaled.jpg","contentUrl":"https:\/\/regiaonews.net.br\/2022\/wp-content\/uploads\/2026\/03\/regiao-13-anos-scaled.jpg","width":2560,"height":635,"caption":"Regi\u00e3o News"},"image":{"@id":"https:\/\/regiaonews.net.br\/2022\/#\/schema\/logo\/image\/"}},{"@type":"Person","@id":"https:\/\/regiaonews.net.br\/2022\/#\/schema\/person\/2d205a608a5aa97ac279d7a5e6d89ad8","name":"Roberto","image":{"@type":"ImageObject","inLanguage":"pt-BR","@id":"https:\/\/secure.gravatar.com\/avatar\/42749d8b712ff9d59ca93dc150494e5b55a44134482993f5baeb97e61b7ecc89?s=96&d=mm&r=g","url":"https:\/\/secure.gravatar.com\/avatar\/42749d8b712ff9d59ca93dc150494e5b55a44134482993f5baeb97e61b7ecc89?s=96&d=mm&r=g","contentUrl":"https:\/\/secure.gravatar.com\/avatar\/42749d8b712ff9d59ca93dc150494e5b55a44134482993f5baeb97e61b7ecc89?s=96&d=mm&r=g","caption":"Roberto"},"url":"https:\/\/regiaonews.net.br\/2022\/author\/roberto\/"}]}},"publishpress_future_action":{"enabled":false,"date":"2026-05-02 06:26:01","action":"change-status","newStatus":"draft","terms":[],"taxonomy":"category","extraData":[]},"publishpress_future_workflow_manual_trigger":{"enabledWorkflows":[]},"_links":{"self":[{"href":"https:\/\/regiaonews.net.br\/2022\/wp-json\/wp\/v2\/posts\/85341","targetHints":{"allow":["GET"]}}],"collection":[{"href":"https:\/\/regiaonews.net.br\/2022\/wp-json\/wp\/v2\/posts"}],"about":[{"href":"https:\/\/regiaonews.net.br\/2022\/wp-json\/wp\/v2\/types\/post"}],"author":[{"embeddable":true,"href":"https:\/\/regiaonews.net.br\/2022\/wp-json\/wp\/v2\/users\/2"}],"replies":[{"embeddable":true,"href":"https:\/\/regiaonews.net.br\/2022\/wp-json\/wp\/v2\/comments?post=85341"}],"version-history":[{"count":1,"href":"https:\/\/regiaonews.net.br\/2022\/wp-json\/wp\/v2\/posts\/85341\/revisions"}],"predecessor-version":[{"id":85343,"href":"https:\/\/regiaonews.net.br\/2022\/wp-json\/wp\/v2\/posts\/85341\/revisions\/85343"}],"wp:featuredmedia":[{"embeddable":true,"href":"https:\/\/regiaonews.net.br\/2022\/wp-json\/wp\/v2\/media\/85342"}],"wp:attachment":[{"href":"https:\/\/regiaonews.net.br\/2022\/wp-json\/wp\/v2\/media?parent=85341"}],"wp:term":[{"taxonomy":"category","embeddable":true,"href":"https:\/\/regiaonews.net.br\/2022\/wp-json\/wp\/v2\/categories?post=85341"},{"taxonomy":"post_tag","embeddable":true,"href":"https:\/\/regiaonews.net.br\/2022\/wp-json\/wp\/v2\/tags?post=85341"}],"curies":[{"name":"wp","href":"https:\/\/api.w.org\/{rel}","templated":true}]}}