{"id":85300,"date":"2023-03-15T19:18:58","date_gmt":"2023-03-15T22:18:58","guid":{"rendered":"https:\/\/regiaonews.net.br\/2022\/?p=85300"},"modified":"2023-03-15T21:39:42","modified_gmt":"2023-03-16T00:39:42","slug":"secretaria-da-educacao-promove-formacao-em-libras-para-educadores-familiares-e-responsaveis-por-alunos-da-rede-municipal-de-ensino-com-surdez-ou-deficiencia-auditiva","status":"publish","type":"post","link":"https:\/\/regiaonews.net.br\/2022\/2023\/03\/15\/secretaria-da-educacao-promove-formacao-em-libras-para-educadores-familiares-e-responsaveis-por-alunos-da-rede-municipal-de-ensino-com-surdez-ou-deficiencia-auditiva\/","title":{"rendered":"Secretaria da Educa\u00e7\u00e3o promove forma\u00e7\u00e3o em Libras"},"content":{"rendered":"<p>Iniciativa tem como objetivo garantir a inclus\u00e3o como processo de aprendizado igualit\u00e1rio na escola e em casa<\/p>\n<p>&nbsp;<\/p>\n<p>Come\u00e7a nesta quinta-feira, 16 de mar\u00e7o, o Curso de L\u00edngua Brasileira de Sinais (Libras) da prefeitura da Est\u00e2ncia Tur\u00edstica de Barretos. A forma\u00e7\u00e3o \u00e9 promovida pela Secretaria Municipal de Educa\u00e7\u00e3o, por meio do Centro de Forma\u00e7\u00e3o dos Profissionais da Educa\u00e7\u00e3o (Ceforpe) e do N\u00facleo de Inclus\u00e3o e Diversidade.<\/p>\n<p>Dividido em tr\u00eas m\u00f3dulos, o curso tem o objetivo de promover uma inclus\u00e3o que garanta direitos iguais a todos os cidad\u00e3os, com processos de aprendizado igualit\u00e1rios, a partir de uma educa\u00e7\u00e3o mais inclusiva. A forma\u00e7\u00e3o \u00e9 voltada para os profissionais da Rede Municipal de Ensino e tamb\u00e9m aos familiares ou respons\u00e1veis por alunos matriculados na rede que apresentem surdez ou defici\u00eancia auditiva.<\/p>\n<p>A professora Cristiani Vidica, que ministrar\u00e1 as aulas falou sobre a import\u00e2ncia do curso. \u201cO curso oferece uma forma\u00e7\u00e3o que promove o conhecimento acerca da cultura e identidade das pessoas surdas, o aprendizado da Libras como segunda L\u00edngua para ouvintes e outros temas relacionados a comunidade surda, de modo a refletir a import\u00e2ncia e seus efeitos no processo de inclus\u00e3o do sujeito surdo no contexto escolar e social\u201d, salientou. Ela destaca ainda que as vagas para todos os m\u00f3dulos j\u00e1 foram preenchidas pelo p\u00fablico alvo.<\/p>\n<p>&nbsp;<\/p>\n<p>Os m\u00f3dulos<\/p>\n<p>No m\u00f3dulo 1, os alunos ter\u00e3o a possibilidade de interagir e se comunicar atrav\u00e9s da Libras, abordando quest\u00f5es sociais e educacionais pr\u00f3prias da comunidade surda. Essa etapa, que come\u00e7a no dia 23, ser\u00e1 realizada sempre \u00e0s ter\u00e7as-feiras, na E.M. Matilde Gitay de Mello, e \u00e9 voltada \u00e0quelas pessoas que ainda n\u00e3o tiveram contato com a L\u00edngua Brasileira de Sinais ou est\u00e3o iniciando.<\/p>\n<p>J\u00e1 os m\u00f3dulos 2 e 3, que tem in\u00edcio a partir de amanh\u00e3, 16 de mar\u00e7o, ser\u00e3o ofertados \u00e0s quintas-feiras, na Secretaria Municipal de Educa\u00e7\u00e3o, aos alunos que cursaram o m\u00f3dulo 1 no ano de 2022. Essas etapas visam ampliar os conhecimentos te\u00f3rico-pr\u00e1ticos iniciados, aprofundando aspectos relacionados \u00e0 conversa\u00e7\u00e3o, incorporando novos sinais da Libras e apresentando novos conceitos gramaticais e lingu\u00edsticos importantes para apropria\u00e7\u00e3o da l\u00edngua aos cursistas. As aulas s\u00e3o realizadas das 18h \u00e0s 20h30.<\/p>\n","protected":false},"excerpt":{"rendered":"<p>Iniciativa tem como objetivo garantir a inclus\u00e3o como processo de<\/p>\n","protected":false},"author":2,"featured_media":85301,"comment_status":"open","ping_status":"open","sticky":false,"template":"","format":"standard","meta":{"footnotes":""},"categories":[14],"tags":[],"class_list":["post-85300","post","type-post","status-publish","format-standard","has-post-thumbnail","hentry","category-barretos"],"yoast_head":"<!-- This site is optimized with the Yoast SEO plugin v27.4 - https:\/\/yoast.com\/product\/yoast-seo-wordpress\/ -->\n<title>Secretaria da Educa\u00e7\u00e3o promove forma\u00e7\u00e3o em Libras - Regi\u00e3o News<\/title>\n<meta name=\"robots\" content=\"index, follow, max-snippet:-1, max-image-preview:large, max-video-preview:-1\" \/>\n<link rel=\"canonical\" href=\"https:\/\/regiaonews.net.br\/2022\/2023\/03\/15\/secretaria-da-educacao-promove-formacao-em-libras-para-educadores-familiares-e-responsaveis-por-alunos-da-rede-municipal-de-ensino-com-surdez-ou-deficiencia-auditiva\/\" \/>\n<meta property=\"og:locale\" content=\"pt_BR\" \/>\n<meta property=\"og:type\" content=\"article\" \/>\n<meta property=\"og:title\" content=\"Secretaria da Educa\u00e7\u00e3o promove forma\u00e7\u00e3o em Libras - Regi\u00e3o News\" \/>\n<meta property=\"og:description\" content=\"Iniciativa tem como objetivo garantir a inclus\u00e3o como processo de\" \/>\n<meta property=\"og:url\" content=\"https:\/\/regiaonews.net.br\/2022\/2023\/03\/15\/secretaria-da-educacao-promove-formacao-em-libras-para-educadores-familiares-e-responsaveis-por-alunos-da-rede-municipal-de-ensino-com-surdez-ou-deficiencia-auditiva\/\" \/>\n<meta property=\"og:site_name\" content=\"Regi\u00e3o News\" \/>\n<meta property=\"article:published_time\" content=\"2023-03-15T22:18:58+00:00\" \/>\n<meta property=\"article:modified_time\" content=\"2023-03-16T00:39:42+00:00\" \/>\n<meta property=\"og:image\" content=\"https:\/\/regiaonews.net.br\/2022\/wp-content\/uploads\/2023\/03\/WhatsApp-Image-2023-03-15-at-18.12.03.jpeg\" \/>\n\t<meta property=\"og:image:width\" content=\"1274\" \/>\n\t<meta property=\"og:image:height\" content=\"848\" \/>\n\t<meta property=\"og:image:type\" content=\"image\/jpeg\" \/>\n<meta name=\"author\" content=\"Roberto\" \/>\n<meta name=\"twitter:card\" content=\"summary_large_image\" \/>\n<meta name=\"twitter:label1\" content=\"Escrito por\" \/>\n\t<meta name=\"twitter:data1\" content=\"Roberto\" \/>\n\t<meta name=\"twitter:label2\" content=\"Est. tempo de leitura\" \/>\n\t<meta name=\"twitter:data2\" content=\"2 minutos\" \/>\n<script type=\"application\/ld+json\" class=\"yoast-schema-graph\">{\"@context\":\"https:\\\/\\\/schema.org\",\"@graph\":[{\"@type\":\"Article\",\"@id\":\"https:\\\/\\\/regiaonews.net.br\\\/2022\\\/2023\\\/03\\\/15\\\/secretaria-da-educacao-promove-formacao-em-libras-para-educadores-familiares-e-responsaveis-por-alunos-da-rede-municipal-de-ensino-com-surdez-ou-deficiencia-auditiva\\\/#article\",\"isPartOf\":{\"@id\":\"https:\\\/\\\/regiaonews.net.br\\\/2022\\\/2023\\\/03\\\/15\\\/secretaria-da-educacao-promove-formacao-em-libras-para-educadores-familiares-e-responsaveis-por-alunos-da-rede-municipal-de-ensino-com-surdez-ou-deficiencia-auditiva\\\/\"},\"author\":{\"name\":\"Roberto\",\"@id\":\"https:\\\/\\\/regiaonews.net.br\\\/2022\\\/#\\\/schema\\\/person\\\/2d205a608a5aa97ac279d7a5e6d89ad8\"},\"headline\":\"Secretaria da Educa\u00e7\u00e3o promove forma\u00e7\u00e3o em Libras\",\"datePublished\":\"2023-03-15T22:18:58+00:00\",\"dateModified\":\"2023-03-16T00:39:42+00:00\",\"mainEntityOfPage\":{\"@id\":\"https:\\\/\\\/regiaonews.net.br\\\/2022\\\/2023\\\/03\\\/15\\\/secretaria-da-educacao-promove-formacao-em-libras-para-educadores-familiares-e-responsaveis-por-alunos-da-rede-municipal-de-ensino-com-surdez-ou-deficiencia-auditiva\\\/\"},\"wordCount\":406,\"commentCount\":0,\"publisher\":{\"@id\":\"https:\\\/\\\/regiaonews.net.br\\\/2022\\\/#organization\"},\"image\":{\"@id\":\"https:\\\/\\\/regiaonews.net.br\\\/2022\\\/2023\\\/03\\\/15\\\/secretaria-da-educacao-promove-formacao-em-libras-para-educadores-familiares-e-responsaveis-por-alunos-da-rede-municipal-de-ensino-com-surdez-ou-deficiencia-auditiva\\\/#primaryimage\"},\"thumbnailUrl\":\"https:\\\/\\\/regiaonews.net.br\\\/2022\\\/wp-content\\\/uploads\\\/2023\\\/03\\\/WhatsApp-Image-2023-03-15-at-18.12.03.jpeg\",\"articleSection\":[\"Barretos\"],\"inLanguage\":\"pt-BR\",\"potentialAction\":[{\"@type\":\"CommentAction\",\"name\":\"Comment\",\"target\":[\"https:\\\/\\\/regiaonews.net.br\\\/2022\\\/2023\\\/03\\\/15\\\/secretaria-da-educacao-promove-formacao-em-libras-para-educadores-familiares-e-responsaveis-por-alunos-da-rede-municipal-de-ensino-com-surdez-ou-deficiencia-auditiva\\\/#respond\"]}]},{\"@type\":\"WebPage\",\"@id\":\"https:\\\/\\\/regiaonews.net.br\\\/2022\\\/2023\\\/03\\\/15\\\/secretaria-da-educacao-promove-formacao-em-libras-para-educadores-familiares-e-responsaveis-por-alunos-da-rede-municipal-de-ensino-com-surdez-ou-deficiencia-auditiva\\\/\",\"url\":\"https:\\\/\\\/regiaonews.net.br\\\/2022\\\/2023\\\/03\\\/15\\\/secretaria-da-educacao-promove-formacao-em-libras-para-educadores-familiares-e-responsaveis-por-alunos-da-rede-municipal-de-ensino-com-surdez-ou-deficiencia-auditiva\\\/\",\"name\":\"Secretaria da Educa\u00e7\u00e3o promove forma\u00e7\u00e3o em Libras - Regi\u00e3o News\",\"isPartOf\":{\"@id\":\"https:\\\/\\\/regiaonews.net.br\\\/2022\\\/#website\"},\"primaryImageOfPage\":{\"@id\":\"https:\\\/\\\/regiaonews.net.br\\\/2022\\\/2023\\\/03\\\/15\\\/secretaria-da-educacao-promove-formacao-em-libras-para-educadores-familiares-e-responsaveis-por-alunos-da-rede-municipal-de-ensino-com-surdez-ou-deficiencia-auditiva\\\/#primaryimage\"},\"image\":{\"@id\":\"https:\\\/\\\/regiaonews.net.br\\\/2022\\\/2023\\\/03\\\/15\\\/secretaria-da-educacao-promove-formacao-em-libras-para-educadores-familiares-e-responsaveis-por-alunos-da-rede-municipal-de-ensino-com-surdez-ou-deficiencia-auditiva\\\/#primaryimage\"},\"thumbnailUrl\":\"https:\\\/\\\/regiaonews.net.br\\\/2022\\\/wp-content\\\/uploads\\\/2023\\\/03\\\/WhatsApp-Image-2023-03-15-at-18.12.03.jpeg\",\"datePublished\":\"2023-03-15T22:18:58+00:00\",\"dateModified\":\"2023-03-16T00:39:42+00:00\",\"breadcrumb\":{\"@id\":\"https:\\\/\\\/regiaonews.net.br\\\/2022\\\/2023\\\/03\\\/15\\\/secretaria-da-educacao-promove-formacao-em-libras-para-educadores-familiares-e-responsaveis-por-alunos-da-rede-municipal-de-ensino-com-surdez-ou-deficiencia-auditiva\\\/#breadcrumb\"},\"inLanguage\":\"pt-BR\",\"potentialAction\":[{\"@type\":\"ReadAction\",\"target\":[\"https:\\\/\\\/regiaonews.net.br\\\/2022\\\/2023\\\/03\\\/15\\\/secretaria-da-educacao-promove-formacao-em-libras-para-educadores-familiares-e-responsaveis-por-alunos-da-rede-municipal-de-ensino-com-surdez-ou-deficiencia-auditiva\\\/\"]}]},{\"@type\":\"ImageObject\",\"inLanguage\":\"pt-BR\",\"@id\":\"https:\\\/\\\/regiaonews.net.br\\\/2022\\\/2023\\\/03\\\/15\\\/secretaria-da-educacao-promove-formacao-em-libras-para-educadores-familiares-e-responsaveis-por-alunos-da-rede-municipal-de-ensino-com-surdez-ou-deficiencia-auditiva\\\/#primaryimage\",\"url\":\"https:\\\/\\\/regiaonews.net.br\\\/2022\\\/wp-content\\\/uploads\\\/2023\\\/03\\\/WhatsApp-Image-2023-03-15-at-18.12.03.jpeg\",\"contentUrl\":\"https:\\\/\\\/regiaonews.net.br\\\/2022\\\/wp-content\\\/uploads\\\/2023\\\/03\\\/WhatsApp-Image-2023-03-15-at-18.12.03.jpeg\",\"width\":1274,\"height\":848},{\"@type\":\"BreadcrumbList\",\"@id\":\"https:\\\/\\\/regiaonews.net.br\\\/2022\\\/2023\\\/03\\\/15\\\/secretaria-da-educacao-promove-formacao-em-libras-para-educadores-familiares-e-responsaveis-por-alunos-da-rede-municipal-de-ensino-com-surdez-ou-deficiencia-auditiva\\\/#breadcrumb\",\"itemListElement\":[{\"@type\":\"ListItem\",\"position\":1,\"name\":\"In\u00edcio\",\"item\":\"https:\\\/\\\/regiaonews.net.br\\\/2022\\\/\"},{\"@type\":\"ListItem\",\"position\":2,\"name\":\"Secretaria da Educa\u00e7\u00e3o promove forma\u00e7\u00e3o em Libras\"}]},{\"@type\":\"WebSite\",\"@id\":\"https:\\\/\\\/regiaonews.net.br\\\/2022\\\/#website\",\"url\":\"https:\\\/\\\/regiaonews.net.br\\\/2022\\\/\",\"name\":\"Regi\u00e3o News\",\"description\":\"Site de Not\u00edcias de Barretos e regi\u00e3o\",\"publisher\":{\"@id\":\"https:\\\/\\\/regiaonews.net.br\\\/2022\\\/#organization\"},\"potentialAction\":[{\"@type\":\"SearchAction\",\"target\":{\"@type\":\"EntryPoint\",\"urlTemplate\":\"https:\\\/\\\/regiaonews.net.br\\\/2022\\\/?s={search_term_string}\"},\"query-input\":{\"@type\":\"PropertyValueSpecification\",\"valueRequired\":true,\"valueName\":\"search_term_string\"}}],\"inLanguage\":\"pt-BR\"},{\"@type\":\"Organization\",\"@id\":\"https:\\\/\\\/regiaonews.net.br\\\/2022\\\/#organization\",\"name\":\"Regi\u00e3o News\",\"url\":\"https:\\\/\\\/regiaonews.net.br\\\/2022\\\/\",\"logo\":{\"@type\":\"ImageObject\",\"inLanguage\":\"pt-BR\",\"@id\":\"https:\\\/\\\/regiaonews.net.br\\\/2022\\\/#\\\/schema\\\/logo\\\/image\\\/\",\"url\":\"https:\\\/\\\/regiaonews.net.br\\\/2022\\\/wp-content\\\/uploads\\\/2026\\\/03\\\/regiao-13-anos-scaled.jpg\",\"contentUrl\":\"https:\\\/\\\/regiaonews.net.br\\\/2022\\\/wp-content\\\/uploads\\\/2026\\\/03\\\/regiao-13-anos-scaled.jpg\",\"width\":2560,\"height\":635,\"caption\":\"Regi\u00e3o News\"},\"image\":{\"@id\":\"https:\\\/\\\/regiaonews.net.br\\\/2022\\\/#\\\/schema\\\/logo\\\/image\\\/\"}},{\"@type\":\"Person\",\"@id\":\"https:\\\/\\\/regiaonews.net.br\\\/2022\\\/#\\\/schema\\\/person\\\/2d205a608a5aa97ac279d7a5e6d89ad8\",\"name\":\"Roberto\",\"image\":{\"@type\":\"ImageObject\",\"inLanguage\":\"pt-BR\",\"@id\":\"https:\\\/\\\/secure.gravatar.com\\\/avatar\\\/42749d8b712ff9d59ca93dc150494e5b55a44134482993f5baeb97e61b7ecc89?s=96&d=mm&r=g\",\"url\":\"https:\\\/\\\/secure.gravatar.com\\\/avatar\\\/42749d8b712ff9d59ca93dc150494e5b55a44134482993f5baeb97e61b7ecc89?s=96&d=mm&r=g\",\"contentUrl\":\"https:\\\/\\\/secure.gravatar.com\\\/avatar\\\/42749d8b712ff9d59ca93dc150494e5b55a44134482993f5baeb97e61b7ecc89?s=96&d=mm&r=g\",\"caption\":\"Roberto\"},\"url\":\"https:\\\/\\\/regiaonews.net.br\\\/2022\\\/author\\\/roberto\\\/\"}]}<\/script>\n<!-- \/ Yoast SEO plugin. -->","yoast_head_json":{"title":"Secretaria da Educa\u00e7\u00e3o promove forma\u00e7\u00e3o em Libras - Regi\u00e3o News","robots":{"index":"index","follow":"follow","max-snippet":"max-snippet:-1","max-image-preview":"max-image-preview:large","max-video-preview":"max-video-preview:-1"},"canonical":"https:\/\/regiaonews.net.br\/2022\/2023\/03\/15\/secretaria-da-educacao-promove-formacao-em-libras-para-educadores-familiares-e-responsaveis-por-alunos-da-rede-municipal-de-ensino-com-surdez-ou-deficiencia-auditiva\/","og_locale":"pt_BR","og_type":"article","og_title":"Secretaria da Educa\u00e7\u00e3o promove forma\u00e7\u00e3o em Libras - Regi\u00e3o News","og_description":"Iniciativa tem como objetivo garantir a inclus\u00e3o como processo de","og_url":"https:\/\/regiaonews.net.br\/2022\/2023\/03\/15\/secretaria-da-educacao-promove-formacao-em-libras-para-educadores-familiares-e-responsaveis-por-alunos-da-rede-municipal-de-ensino-com-surdez-ou-deficiencia-auditiva\/","og_site_name":"Regi\u00e3o News","article_published_time":"2023-03-15T22:18:58+00:00","article_modified_time":"2023-03-16T00:39:42+00:00","og_image":[{"width":1274,"height":848,"url":"https:\/\/regiaonews.net.br\/2022\/wp-content\/uploads\/2023\/03\/WhatsApp-Image-2023-03-15-at-18.12.03.jpeg","type":"image\/jpeg"}],"author":"Roberto","twitter_card":"summary_large_image","twitter_misc":{"Escrito por":"Roberto","Est. tempo de leitura":"2 minutos"},"schema":{"@context":"https:\/\/schema.org","@graph":[{"@type":"Article","@id":"https:\/\/regiaonews.net.br\/2022\/2023\/03\/15\/secretaria-da-educacao-promove-formacao-em-libras-para-educadores-familiares-e-responsaveis-por-alunos-da-rede-municipal-de-ensino-com-surdez-ou-deficiencia-auditiva\/#article","isPartOf":{"@id":"https:\/\/regiaonews.net.br\/2022\/2023\/03\/15\/secretaria-da-educacao-promove-formacao-em-libras-para-educadores-familiares-e-responsaveis-por-alunos-da-rede-municipal-de-ensino-com-surdez-ou-deficiencia-auditiva\/"},"author":{"name":"Roberto","@id":"https:\/\/regiaonews.net.br\/2022\/#\/schema\/person\/2d205a608a5aa97ac279d7a5e6d89ad8"},"headline":"Secretaria da Educa\u00e7\u00e3o promove forma\u00e7\u00e3o em Libras","datePublished":"2023-03-15T22:18:58+00:00","dateModified":"2023-03-16T00:39:42+00:00","mainEntityOfPage":{"@id":"https:\/\/regiaonews.net.br\/2022\/2023\/03\/15\/secretaria-da-educacao-promove-formacao-em-libras-para-educadores-familiares-e-responsaveis-por-alunos-da-rede-municipal-de-ensino-com-surdez-ou-deficiencia-auditiva\/"},"wordCount":406,"commentCount":0,"publisher":{"@id":"https:\/\/regiaonews.net.br\/2022\/#organization"},"image":{"@id":"https:\/\/regiaonews.net.br\/2022\/2023\/03\/15\/secretaria-da-educacao-promove-formacao-em-libras-para-educadores-familiares-e-responsaveis-por-alunos-da-rede-municipal-de-ensino-com-surdez-ou-deficiencia-auditiva\/#primaryimage"},"thumbnailUrl":"https:\/\/regiaonews.net.br\/2022\/wp-content\/uploads\/2023\/03\/WhatsApp-Image-2023-03-15-at-18.12.03.jpeg","articleSection":["Barretos"],"inLanguage":"pt-BR","potentialAction":[{"@type":"CommentAction","name":"Comment","target":["https:\/\/regiaonews.net.br\/2022\/2023\/03\/15\/secretaria-da-educacao-promove-formacao-em-libras-para-educadores-familiares-e-responsaveis-por-alunos-da-rede-municipal-de-ensino-com-surdez-ou-deficiencia-auditiva\/#respond"]}]},{"@type":"WebPage","@id":"https:\/\/regiaonews.net.br\/2022\/2023\/03\/15\/secretaria-da-educacao-promove-formacao-em-libras-para-educadores-familiares-e-responsaveis-por-alunos-da-rede-municipal-de-ensino-com-surdez-ou-deficiencia-auditiva\/","url":"https:\/\/regiaonews.net.br\/2022\/2023\/03\/15\/secretaria-da-educacao-promove-formacao-em-libras-para-educadores-familiares-e-responsaveis-por-alunos-da-rede-municipal-de-ensino-com-surdez-ou-deficiencia-auditiva\/","name":"Secretaria da Educa\u00e7\u00e3o promove forma\u00e7\u00e3o em Libras - Regi\u00e3o News","isPartOf":{"@id":"https:\/\/regiaonews.net.br\/2022\/#website"},"primaryImageOfPage":{"@id":"https:\/\/regiaonews.net.br\/2022\/2023\/03\/15\/secretaria-da-educacao-promove-formacao-em-libras-para-educadores-familiares-e-responsaveis-por-alunos-da-rede-municipal-de-ensino-com-surdez-ou-deficiencia-auditiva\/#primaryimage"},"image":{"@id":"https:\/\/regiaonews.net.br\/2022\/2023\/03\/15\/secretaria-da-educacao-promove-formacao-em-libras-para-educadores-familiares-e-responsaveis-por-alunos-da-rede-municipal-de-ensino-com-surdez-ou-deficiencia-auditiva\/#primaryimage"},"thumbnailUrl":"https:\/\/regiaonews.net.br\/2022\/wp-content\/uploads\/2023\/03\/WhatsApp-Image-2023-03-15-at-18.12.03.jpeg","datePublished":"2023-03-15T22:18:58+00:00","dateModified":"2023-03-16T00:39:42+00:00","breadcrumb":{"@id":"https:\/\/regiaonews.net.br\/2022\/2023\/03\/15\/secretaria-da-educacao-promove-formacao-em-libras-para-educadores-familiares-e-responsaveis-por-alunos-da-rede-municipal-de-ensino-com-surdez-ou-deficiencia-auditiva\/#breadcrumb"},"inLanguage":"pt-BR","potentialAction":[{"@type":"ReadAction","target":["https:\/\/regiaonews.net.br\/2022\/2023\/03\/15\/secretaria-da-educacao-promove-formacao-em-libras-para-educadores-familiares-e-responsaveis-por-alunos-da-rede-municipal-de-ensino-com-surdez-ou-deficiencia-auditiva\/"]}]},{"@type":"ImageObject","inLanguage":"pt-BR","@id":"https:\/\/regiaonews.net.br\/2022\/2023\/03\/15\/secretaria-da-educacao-promove-formacao-em-libras-para-educadores-familiares-e-responsaveis-por-alunos-da-rede-municipal-de-ensino-com-surdez-ou-deficiencia-auditiva\/#primaryimage","url":"https:\/\/regiaonews.net.br\/2022\/wp-content\/uploads\/2023\/03\/WhatsApp-Image-2023-03-15-at-18.12.03.jpeg","contentUrl":"https:\/\/regiaonews.net.br\/2022\/wp-content\/uploads\/2023\/03\/WhatsApp-Image-2023-03-15-at-18.12.03.jpeg","width":1274,"height":848},{"@type":"BreadcrumbList","@id":"https:\/\/regiaonews.net.br\/2022\/2023\/03\/15\/secretaria-da-educacao-promove-formacao-em-libras-para-educadores-familiares-e-responsaveis-por-alunos-da-rede-municipal-de-ensino-com-surdez-ou-deficiencia-auditiva\/#breadcrumb","itemListElement":[{"@type":"ListItem","position":1,"name":"In\u00edcio","item":"https:\/\/regiaonews.net.br\/2022\/"},{"@type":"ListItem","position":2,"name":"Secretaria da Educa\u00e7\u00e3o promove forma\u00e7\u00e3o em Libras"}]},{"@type":"WebSite","@id":"https:\/\/regiaonews.net.br\/2022\/#website","url":"https:\/\/regiaonews.net.br\/2022\/","name":"Regi\u00e3o News","description":"Site de Not\u00edcias de Barretos e regi\u00e3o","publisher":{"@id":"https:\/\/regiaonews.net.br\/2022\/#organization"},"potentialAction":[{"@type":"SearchAction","target":{"@type":"EntryPoint","urlTemplate":"https:\/\/regiaonews.net.br\/2022\/?s={search_term_string}"},"query-input":{"@type":"PropertyValueSpecification","valueRequired":true,"valueName":"search_term_string"}}],"inLanguage":"pt-BR"},{"@type":"Organization","@id":"https:\/\/regiaonews.net.br\/2022\/#organization","name":"Regi\u00e3o News","url":"https:\/\/regiaonews.net.br\/2022\/","logo":{"@type":"ImageObject","inLanguage":"pt-BR","@id":"https:\/\/regiaonews.net.br\/2022\/#\/schema\/logo\/image\/","url":"https:\/\/regiaonews.net.br\/2022\/wp-content\/uploads\/2026\/03\/regiao-13-anos-scaled.jpg","contentUrl":"https:\/\/regiaonews.net.br\/2022\/wp-content\/uploads\/2026\/03\/regiao-13-anos-scaled.jpg","width":2560,"height":635,"caption":"Regi\u00e3o News"},"image":{"@id":"https:\/\/regiaonews.net.br\/2022\/#\/schema\/logo\/image\/"}},{"@type":"Person","@id":"https:\/\/regiaonews.net.br\/2022\/#\/schema\/person\/2d205a608a5aa97ac279d7a5e6d89ad8","name":"Roberto","image":{"@type":"ImageObject","inLanguage":"pt-BR","@id":"https:\/\/secure.gravatar.com\/avatar\/42749d8b712ff9d59ca93dc150494e5b55a44134482993f5baeb97e61b7ecc89?s=96&d=mm&r=g","url":"https:\/\/secure.gravatar.com\/avatar\/42749d8b712ff9d59ca93dc150494e5b55a44134482993f5baeb97e61b7ecc89?s=96&d=mm&r=g","contentUrl":"https:\/\/secure.gravatar.com\/avatar\/42749d8b712ff9d59ca93dc150494e5b55a44134482993f5baeb97e61b7ecc89?s=96&d=mm&r=g","caption":"Roberto"},"url":"https:\/\/regiaonews.net.br\/2022\/author\/roberto\/"}]}},"publishpress_future_action":{"enabled":false,"date":"2026-05-02 02:06:55","action":"change-status","newStatus":"draft","terms":[],"taxonomy":"category","extraData":[]},"publishpress_future_workflow_manual_trigger":{"enabledWorkflows":[]},"_links":{"self":[{"href":"https:\/\/regiaonews.net.br\/2022\/wp-json\/wp\/v2\/posts\/85300","targetHints":{"allow":["GET"]}}],"collection":[{"href":"https:\/\/regiaonews.net.br\/2022\/wp-json\/wp\/v2\/posts"}],"about":[{"href":"https:\/\/regiaonews.net.br\/2022\/wp-json\/wp\/v2\/types\/post"}],"author":[{"embeddable":true,"href":"https:\/\/regiaonews.net.br\/2022\/wp-json\/wp\/v2\/users\/2"}],"replies":[{"embeddable":true,"href":"https:\/\/regiaonews.net.br\/2022\/wp-json\/wp\/v2\/comments?post=85300"}],"version-history":[{"count":2,"href":"https:\/\/regiaonews.net.br\/2022\/wp-json\/wp\/v2\/posts\/85300\/revisions"}],"predecessor-version":[{"id":85313,"href":"https:\/\/regiaonews.net.br\/2022\/wp-json\/wp\/v2\/posts\/85300\/revisions\/85313"}],"wp:featuredmedia":[{"embeddable":true,"href":"https:\/\/regiaonews.net.br\/2022\/wp-json\/wp\/v2\/media\/85301"}],"wp:attachment":[{"href":"https:\/\/regiaonews.net.br\/2022\/wp-json\/wp\/v2\/media?parent=85300"}],"wp:term":[{"taxonomy":"category","embeddable":true,"href":"https:\/\/regiaonews.net.br\/2022\/wp-json\/wp\/v2\/categories?post=85300"},{"taxonomy":"post_tag","embeddable":true,"href":"https:\/\/regiaonews.net.br\/2022\/wp-json\/wp\/v2\/tags?post=85300"}],"curies":[{"name":"wp","href":"https:\/\/api.w.org\/{rel}","templated":true}]}}