{"id":85288,"date":"2023-03-15T16:53:16","date_gmt":"2023-03-15T19:53:16","guid":{"rendered":"https:\/\/regiaonews.net.br\/2022\/?p=85288"},"modified":"2023-03-15T16:53:16","modified_gmt":"2023-03-15T19:53:16","slug":"ribeirao-preto-recebe-pela-primeira-vez-reuniao-itinerante-de-diretoria-do-ciesp","status":"publish","type":"post","link":"https:\/\/regiaonews.net.br\/2022\/2023\/03\/15\/ribeirao-preto-recebe-pela-primeira-vez-reuniao-itinerante-de-diretoria-do-ciesp\/","title":{"rendered":"Ribeir\u00e3o Preto recebe pela primeira vez reuni\u00e3o itinerante de diretoria do Ciesp"},"content":{"rendered":"<h3 style=\"text-align: center;\">A reindustrializa\u00e7\u00e3o do estado de S\u00e3o Paulo e alternativas para enfrentamento do custo-brasil s\u00e3o alguns dos temas da pauta.<\/h3>\n<p>Ribeir\u00e3o Preto sedia nesta quinta (16) pela primeira vez, a reuni\u00e3o itinerante das diretorias e conselho do Ciesp (Centro das Ind\u00fastrias do Estado de S\u00e3o Paulo) com a participa\u00e7\u00e3o de suas 42 regionais do estado de S\u00e3o Paulo. A reuni\u00e3o, que acontecer\u00e1 presencialmente na cidade, ser\u00e1 comandada pelo presidente da entidade, Rafael Cervone, e ter\u00e1 formato h\u00edbrido, tamb\u00e9m com transmiss\u00e3o online.<\/p>\n<p>O Ciesp e suas 42 regionais j\u00e1 realizavam mensalmente esta reuni\u00e3o, mas desde o ano passado, por sugest\u00e3o de Cervone, o encontro passou a acontecer tamb\u00e9m fora da sede em S\u00e3o Paulo. Em Ribeir\u00e3o Preto, o presidente do Ciesp ser\u00e1 recebido pelo diretor regional Andr\u00e9 Francisco Ignacio.<\/p>\n<p>\u201c\u00c9 importante para a regional de Ribeir\u00e3o Preto sediar essa reuni\u00e3o, pois o ato valoriza os empres\u00e1rios da regi\u00e3o que vivem intensamente o ecossistema da regional, mas possuem pouco contato com a sede. Ficamos lisonjeados e somos muito gratos ao gesto generoso do presidente Rafael Cervone e membros da alta diretoria que aceitaram trazer a reuni\u00e3o para nossa cidade, possibilitando essa aproxima\u00e7\u00e3o\u201d, disse Andr\u00e9. Al\u00e9m de Ribeir\u00e3o Preto, somente S\u00e3o Jos\u00e9 dos Campos e Rio Claro j\u00e1 sediaram a reuni\u00e3o anteriormente.<\/p>\n<p>Na reuni\u00e3o, que ser\u00e1 a portas fechadas, os diretores do Ciesp ir\u00e3o discutir temas como a reindustrializa\u00e7\u00e3o do estado, bem como as alternativas para enfrentamento do custo-brasil e das elevadas taxas de juros no pa\u00eds.<\/p>\n<p>Hoje o Ciesp representa 8 mil ind\u00fastrias de todo o estado de S\u00e3o Paulo. A regional de Ribeir\u00e3o Preto representa as ind\u00fastrias de 37 munic\u00edpios.<\/p>\n<p>&nbsp;<\/p>\n<p><strong>Reuni\u00e3o Itinerante das Diretorias e Conselho do Ciesp<\/strong><br \/>\n<strong>Data: 16\/03\/2023<\/strong><br \/>\n<strong>Hor\u00e1rio: 10h<\/strong><\/p>\n<p><i><strong><u>ps.: O encontro \u00e9 aberto apenas para associados ao Ciesp, mas a diretoria fica \u00e0 disposi\u00e7\u00e3o para entrevistas ap\u00f3s a reuni\u00e3o<\/u><\/strong><\/i><\/p>\n<p>&nbsp;<\/p>\n<p><strong>Diretoria Regional do CIESP em Ribeir\u00e3o Preto<\/strong><br \/>\nRua Bernardino de Campos, 1001, 15\u00ba A &#8212; Cobertura<br \/>\nBairro Higien\u00f3polis &#8212; Ribeir\u00e3o Preto &#8212; SP<\/p>\n<p>&nbsp;<\/p>\n<p><strong>Assessoria de Imprensa<\/strong><br \/>\n<strong>Ciesp | Ricardo Viveiros Comunica\u00e7\u00e3o &amp; Associados |<\/strong><br \/>\n<strong>Adriana Matiuzo Mtb 4.136 | (11) 9 5158-6921<\/strong><br \/>\n<strong>Carla Nascimento (Trainee) | (11) 9 4801-5944<\/strong><\/p>\n","protected":false},"excerpt":{"rendered":"<p>A reindustrializa\u00e7\u00e3o do estado de S\u00e3o Paulo e alternativas para<\/p>\n","protected":false},"author":2,"featured_media":85289,"comment_status":"open","ping_status":"open","sticky":false,"template":"","format":"standard","meta":{"footnotes":""},"categories":[3,22],"tags":[],"class_list":["post-85288","post","type-post","status-publish","format-standard","has-post-thumbnail","hentry","category-geral","category-politica"],"yoast_head":"<!-- This site is optimized with the Yoast SEO plugin v27.5 - https:\/\/yoast.com\/product\/yoast-seo-wordpress\/ -->\n<title>Ribeir\u00e3o Preto recebe pela primeira vez reuni\u00e3o itinerante de diretoria do Ciesp - Regi\u00e3o News<\/title>\n<meta name=\"robots\" content=\"index, follow, max-snippet:-1, max-image-preview:large, max-video-preview:-1\" \/>\n<link rel=\"canonical\" href=\"https:\/\/regiaonews.net.br\/2022\/2023\/03\/15\/ribeirao-preto-recebe-pela-primeira-vez-reuniao-itinerante-de-diretoria-do-ciesp\/\" \/>\n<meta property=\"og:locale\" content=\"pt_BR\" \/>\n<meta property=\"og:type\" content=\"article\" \/>\n<meta property=\"og:title\" content=\"Ribeir\u00e3o Preto recebe pela primeira vez reuni\u00e3o itinerante de diretoria do Ciesp - Regi\u00e3o News\" \/>\n<meta property=\"og:description\" content=\"A reindustrializa\u00e7\u00e3o do estado de S\u00e3o Paulo e alternativas para\" \/>\n<meta property=\"og:url\" content=\"https:\/\/regiaonews.net.br\/2022\/2023\/03\/15\/ribeirao-preto-recebe-pela-primeira-vez-reuniao-itinerante-de-diretoria-do-ciesp\/\" \/>\n<meta property=\"og:site_name\" content=\"Regi\u00e3o News\" \/>\n<meta property=\"article:published_time\" content=\"2023-03-15T19:53:16+00:00\" \/>\n<meta property=\"og:image\" content=\"https:\/\/regiaonews.net.br\/2022\/wp-content\/uploads\/2023\/03\/Capturar-5.png\" \/>\n\t<meta property=\"og:image:width\" content=\"239\" \/>\n\t<meta property=\"og:image:height\" content=\"109\" \/>\n\t<meta property=\"og:image:type\" content=\"image\/png\" \/>\n<meta name=\"author\" content=\"Roberto\" \/>\n<meta name=\"twitter:card\" content=\"summary_large_image\" \/>\n<meta name=\"twitter:label1\" content=\"Escrito por\" \/>\n\t<meta name=\"twitter:data1\" content=\"Roberto\" \/>\n\t<meta name=\"twitter:label2\" content=\"Est. tempo de leitura\" \/>\n\t<meta name=\"twitter:data2\" content=\"2 minutos\" \/>\n<script type=\"application\/ld+json\" class=\"yoast-schema-graph\">{\"@context\":\"https:\\\/\\\/schema.org\",\"@graph\":[{\"@type\":\"Article\",\"@id\":\"https:\\\/\\\/regiaonews.net.br\\\/2022\\\/2023\\\/03\\\/15\\\/ribeirao-preto-recebe-pela-primeira-vez-reuniao-itinerante-de-diretoria-do-ciesp\\\/#article\",\"isPartOf\":{\"@id\":\"https:\\\/\\\/regiaonews.net.br\\\/2022\\\/2023\\\/03\\\/15\\\/ribeirao-preto-recebe-pela-primeira-vez-reuniao-itinerante-de-diretoria-do-ciesp\\\/\"},\"author\":{\"name\":\"Roberto\",\"@id\":\"https:\\\/\\\/regiaonews.net.br\\\/2022\\\/#\\\/schema\\\/person\\\/2d205a608a5aa97ac279d7a5e6d89ad8\"},\"headline\":\"Ribeir\u00e3o Preto recebe pela primeira vez reuni\u00e3o itinerante de diretoria do Ciesp\",\"datePublished\":\"2023-03-15T19:53:16+00:00\",\"mainEntityOfPage\":{\"@id\":\"https:\\\/\\\/regiaonews.net.br\\\/2022\\\/2023\\\/03\\\/15\\\/ribeirao-preto-recebe-pela-primeira-vez-reuniao-itinerante-de-diretoria-do-ciesp\\\/\"},\"wordCount\":393,\"commentCount\":0,\"publisher\":{\"@id\":\"https:\\\/\\\/regiaonews.net.br\\\/2022\\\/#organization\"},\"image\":{\"@id\":\"https:\\\/\\\/regiaonews.net.br\\\/2022\\\/2023\\\/03\\\/15\\\/ribeirao-preto-recebe-pela-primeira-vez-reuniao-itinerante-de-diretoria-do-ciesp\\\/#primaryimage\"},\"thumbnailUrl\":\"https:\\\/\\\/regiaonews.net.br\\\/2022\\\/wp-content\\\/uploads\\\/2023\\\/03\\\/Capturar-5.png\",\"articleSection\":[\"Geral\",\"Pol\u00edtica\"],\"inLanguage\":\"pt-BR\",\"potentialAction\":[{\"@type\":\"CommentAction\",\"name\":\"Comment\",\"target\":[\"https:\\\/\\\/regiaonews.net.br\\\/2022\\\/2023\\\/03\\\/15\\\/ribeirao-preto-recebe-pela-primeira-vez-reuniao-itinerante-de-diretoria-do-ciesp\\\/#respond\"]}]},{\"@type\":\"WebPage\",\"@id\":\"https:\\\/\\\/regiaonews.net.br\\\/2022\\\/2023\\\/03\\\/15\\\/ribeirao-preto-recebe-pela-primeira-vez-reuniao-itinerante-de-diretoria-do-ciesp\\\/\",\"url\":\"https:\\\/\\\/regiaonews.net.br\\\/2022\\\/2023\\\/03\\\/15\\\/ribeirao-preto-recebe-pela-primeira-vez-reuniao-itinerante-de-diretoria-do-ciesp\\\/\",\"name\":\"Ribeir\u00e3o Preto recebe pela primeira vez reuni\u00e3o itinerante de diretoria do Ciesp - Regi\u00e3o News\",\"isPartOf\":{\"@id\":\"https:\\\/\\\/regiaonews.net.br\\\/2022\\\/#website\"},\"primaryImageOfPage\":{\"@id\":\"https:\\\/\\\/regiaonews.net.br\\\/2022\\\/2023\\\/03\\\/15\\\/ribeirao-preto-recebe-pela-primeira-vez-reuniao-itinerante-de-diretoria-do-ciesp\\\/#primaryimage\"},\"image\":{\"@id\":\"https:\\\/\\\/regiaonews.net.br\\\/2022\\\/2023\\\/03\\\/15\\\/ribeirao-preto-recebe-pela-primeira-vez-reuniao-itinerante-de-diretoria-do-ciesp\\\/#primaryimage\"},\"thumbnailUrl\":\"https:\\\/\\\/regiaonews.net.br\\\/2022\\\/wp-content\\\/uploads\\\/2023\\\/03\\\/Capturar-5.png\",\"datePublished\":\"2023-03-15T19:53:16+00:00\",\"breadcrumb\":{\"@id\":\"https:\\\/\\\/regiaonews.net.br\\\/2022\\\/2023\\\/03\\\/15\\\/ribeirao-preto-recebe-pela-primeira-vez-reuniao-itinerante-de-diretoria-do-ciesp\\\/#breadcrumb\"},\"inLanguage\":\"pt-BR\",\"potentialAction\":[{\"@type\":\"ReadAction\",\"target\":[\"https:\\\/\\\/regiaonews.net.br\\\/2022\\\/2023\\\/03\\\/15\\\/ribeirao-preto-recebe-pela-primeira-vez-reuniao-itinerante-de-diretoria-do-ciesp\\\/\"]}]},{\"@type\":\"ImageObject\",\"inLanguage\":\"pt-BR\",\"@id\":\"https:\\\/\\\/regiaonews.net.br\\\/2022\\\/2023\\\/03\\\/15\\\/ribeirao-preto-recebe-pela-primeira-vez-reuniao-itinerante-de-diretoria-do-ciesp\\\/#primaryimage\",\"url\":\"https:\\\/\\\/regiaonews.net.br\\\/2022\\\/wp-content\\\/uploads\\\/2023\\\/03\\\/Capturar-5.png\",\"contentUrl\":\"https:\\\/\\\/regiaonews.net.br\\\/2022\\\/wp-content\\\/uploads\\\/2023\\\/03\\\/Capturar-5.png\",\"width\":239,\"height\":109},{\"@type\":\"BreadcrumbList\",\"@id\":\"https:\\\/\\\/regiaonews.net.br\\\/2022\\\/2023\\\/03\\\/15\\\/ribeirao-preto-recebe-pela-primeira-vez-reuniao-itinerante-de-diretoria-do-ciesp\\\/#breadcrumb\",\"itemListElement\":[{\"@type\":\"ListItem\",\"position\":1,\"name\":\"In\u00edcio\",\"item\":\"https:\\\/\\\/regiaonews.net.br\\\/2022\\\/\"},{\"@type\":\"ListItem\",\"position\":2,\"name\":\"Ribeir\u00e3o Preto recebe pela primeira vez reuni\u00e3o itinerante de diretoria do Ciesp\"}]},{\"@type\":\"WebSite\",\"@id\":\"https:\\\/\\\/regiaonews.net.br\\\/2022\\\/#website\",\"url\":\"https:\\\/\\\/regiaonews.net.br\\\/2022\\\/\",\"name\":\"Regi\u00e3o News\",\"description\":\"Site de Not\u00edcias de Barretos e regi\u00e3o\",\"publisher\":{\"@id\":\"https:\\\/\\\/regiaonews.net.br\\\/2022\\\/#organization\"},\"potentialAction\":[{\"@type\":\"SearchAction\",\"target\":{\"@type\":\"EntryPoint\",\"urlTemplate\":\"https:\\\/\\\/regiaonews.net.br\\\/2022\\\/?s={search_term_string}\"},\"query-input\":{\"@type\":\"PropertyValueSpecification\",\"valueRequired\":true,\"valueName\":\"search_term_string\"}}],\"inLanguage\":\"pt-BR\"},{\"@type\":\"Organization\",\"@id\":\"https:\\\/\\\/regiaonews.net.br\\\/2022\\\/#organization\",\"name\":\"Regi\u00e3o News\",\"url\":\"https:\\\/\\\/regiaonews.net.br\\\/2022\\\/\",\"logo\":{\"@type\":\"ImageObject\",\"inLanguage\":\"pt-BR\",\"@id\":\"https:\\\/\\\/regiaonews.net.br\\\/2022\\\/#\\\/schema\\\/logo\\\/image\\\/\",\"url\":\"https:\\\/\\\/regiaonews.net.br\\\/2022\\\/wp-content\\\/uploads\\\/2026\\\/03\\\/regiao-13-anos-scaled.jpg\",\"contentUrl\":\"https:\\\/\\\/regiaonews.net.br\\\/2022\\\/wp-content\\\/uploads\\\/2026\\\/03\\\/regiao-13-anos-scaled.jpg\",\"width\":2560,\"height\":635,\"caption\":\"Regi\u00e3o News\"},\"image\":{\"@id\":\"https:\\\/\\\/regiaonews.net.br\\\/2022\\\/#\\\/schema\\\/logo\\\/image\\\/\"}},{\"@type\":\"Person\",\"@id\":\"https:\\\/\\\/regiaonews.net.br\\\/2022\\\/#\\\/schema\\\/person\\\/2d205a608a5aa97ac279d7a5e6d89ad8\",\"name\":\"Roberto\",\"image\":{\"@type\":\"ImageObject\",\"inLanguage\":\"pt-BR\",\"@id\":\"https:\\\/\\\/secure.gravatar.com\\\/avatar\\\/42749d8b712ff9d59ca93dc150494e5b55a44134482993f5baeb97e61b7ecc89?s=96&d=mm&r=g\",\"url\":\"https:\\\/\\\/secure.gravatar.com\\\/avatar\\\/42749d8b712ff9d59ca93dc150494e5b55a44134482993f5baeb97e61b7ecc89?s=96&d=mm&r=g\",\"contentUrl\":\"https:\\\/\\\/secure.gravatar.com\\\/avatar\\\/42749d8b712ff9d59ca93dc150494e5b55a44134482993f5baeb97e61b7ecc89?s=96&d=mm&r=g\",\"caption\":\"Roberto\"},\"url\":\"https:\\\/\\\/regiaonews.net.br\\\/2022\\\/author\\\/roberto\\\/\"}]}<\/script>\n<!-- \/ Yoast SEO plugin. -->","yoast_head_json":{"title":"Ribeir\u00e3o Preto recebe pela primeira vez reuni\u00e3o itinerante de diretoria do Ciesp - Regi\u00e3o News","robots":{"index":"index","follow":"follow","max-snippet":"max-snippet:-1","max-image-preview":"max-image-preview:large","max-video-preview":"max-video-preview:-1"},"canonical":"https:\/\/regiaonews.net.br\/2022\/2023\/03\/15\/ribeirao-preto-recebe-pela-primeira-vez-reuniao-itinerante-de-diretoria-do-ciesp\/","og_locale":"pt_BR","og_type":"article","og_title":"Ribeir\u00e3o Preto recebe pela primeira vez reuni\u00e3o itinerante de diretoria do Ciesp - Regi\u00e3o News","og_description":"A reindustrializa\u00e7\u00e3o do estado de S\u00e3o Paulo e alternativas para","og_url":"https:\/\/regiaonews.net.br\/2022\/2023\/03\/15\/ribeirao-preto-recebe-pela-primeira-vez-reuniao-itinerante-de-diretoria-do-ciesp\/","og_site_name":"Regi\u00e3o News","article_published_time":"2023-03-15T19:53:16+00:00","og_image":[{"width":239,"height":109,"url":"https:\/\/regiaonews.net.br\/2022\/wp-content\/uploads\/2023\/03\/Capturar-5.png","type":"image\/png"}],"author":"Roberto","twitter_card":"summary_large_image","twitter_misc":{"Escrito por":"Roberto","Est. tempo de leitura":"2 minutos"},"schema":{"@context":"https:\/\/schema.org","@graph":[{"@type":"Article","@id":"https:\/\/regiaonews.net.br\/2022\/2023\/03\/15\/ribeirao-preto-recebe-pela-primeira-vez-reuniao-itinerante-de-diretoria-do-ciesp\/#article","isPartOf":{"@id":"https:\/\/regiaonews.net.br\/2022\/2023\/03\/15\/ribeirao-preto-recebe-pela-primeira-vez-reuniao-itinerante-de-diretoria-do-ciesp\/"},"author":{"name":"Roberto","@id":"https:\/\/regiaonews.net.br\/2022\/#\/schema\/person\/2d205a608a5aa97ac279d7a5e6d89ad8"},"headline":"Ribeir\u00e3o Preto recebe pela primeira vez reuni\u00e3o itinerante de diretoria do Ciesp","datePublished":"2023-03-15T19:53:16+00:00","mainEntityOfPage":{"@id":"https:\/\/regiaonews.net.br\/2022\/2023\/03\/15\/ribeirao-preto-recebe-pela-primeira-vez-reuniao-itinerante-de-diretoria-do-ciesp\/"},"wordCount":393,"commentCount":0,"publisher":{"@id":"https:\/\/regiaonews.net.br\/2022\/#organization"},"image":{"@id":"https:\/\/regiaonews.net.br\/2022\/2023\/03\/15\/ribeirao-preto-recebe-pela-primeira-vez-reuniao-itinerante-de-diretoria-do-ciesp\/#primaryimage"},"thumbnailUrl":"https:\/\/regiaonews.net.br\/2022\/wp-content\/uploads\/2023\/03\/Capturar-5.png","articleSection":["Geral","Pol\u00edtica"],"inLanguage":"pt-BR","potentialAction":[{"@type":"CommentAction","name":"Comment","target":["https:\/\/regiaonews.net.br\/2022\/2023\/03\/15\/ribeirao-preto-recebe-pela-primeira-vez-reuniao-itinerante-de-diretoria-do-ciesp\/#respond"]}]},{"@type":"WebPage","@id":"https:\/\/regiaonews.net.br\/2022\/2023\/03\/15\/ribeirao-preto-recebe-pela-primeira-vez-reuniao-itinerante-de-diretoria-do-ciesp\/","url":"https:\/\/regiaonews.net.br\/2022\/2023\/03\/15\/ribeirao-preto-recebe-pela-primeira-vez-reuniao-itinerante-de-diretoria-do-ciesp\/","name":"Ribeir\u00e3o Preto recebe pela primeira vez reuni\u00e3o itinerante de diretoria do Ciesp - Regi\u00e3o News","isPartOf":{"@id":"https:\/\/regiaonews.net.br\/2022\/#website"},"primaryImageOfPage":{"@id":"https:\/\/regiaonews.net.br\/2022\/2023\/03\/15\/ribeirao-preto-recebe-pela-primeira-vez-reuniao-itinerante-de-diretoria-do-ciesp\/#primaryimage"},"image":{"@id":"https:\/\/regiaonews.net.br\/2022\/2023\/03\/15\/ribeirao-preto-recebe-pela-primeira-vez-reuniao-itinerante-de-diretoria-do-ciesp\/#primaryimage"},"thumbnailUrl":"https:\/\/regiaonews.net.br\/2022\/wp-content\/uploads\/2023\/03\/Capturar-5.png","datePublished":"2023-03-15T19:53:16+00:00","breadcrumb":{"@id":"https:\/\/regiaonews.net.br\/2022\/2023\/03\/15\/ribeirao-preto-recebe-pela-primeira-vez-reuniao-itinerante-de-diretoria-do-ciesp\/#breadcrumb"},"inLanguage":"pt-BR","potentialAction":[{"@type":"ReadAction","target":["https:\/\/regiaonews.net.br\/2022\/2023\/03\/15\/ribeirao-preto-recebe-pela-primeira-vez-reuniao-itinerante-de-diretoria-do-ciesp\/"]}]},{"@type":"ImageObject","inLanguage":"pt-BR","@id":"https:\/\/regiaonews.net.br\/2022\/2023\/03\/15\/ribeirao-preto-recebe-pela-primeira-vez-reuniao-itinerante-de-diretoria-do-ciesp\/#primaryimage","url":"https:\/\/regiaonews.net.br\/2022\/wp-content\/uploads\/2023\/03\/Capturar-5.png","contentUrl":"https:\/\/regiaonews.net.br\/2022\/wp-content\/uploads\/2023\/03\/Capturar-5.png","width":239,"height":109},{"@type":"BreadcrumbList","@id":"https:\/\/regiaonews.net.br\/2022\/2023\/03\/15\/ribeirao-preto-recebe-pela-primeira-vez-reuniao-itinerante-de-diretoria-do-ciesp\/#breadcrumb","itemListElement":[{"@type":"ListItem","position":1,"name":"In\u00edcio","item":"https:\/\/regiaonews.net.br\/2022\/"},{"@type":"ListItem","position":2,"name":"Ribeir\u00e3o Preto recebe pela primeira vez reuni\u00e3o itinerante de diretoria do Ciesp"}]},{"@type":"WebSite","@id":"https:\/\/regiaonews.net.br\/2022\/#website","url":"https:\/\/regiaonews.net.br\/2022\/","name":"Regi\u00e3o News","description":"Site de Not\u00edcias de Barretos e regi\u00e3o","publisher":{"@id":"https:\/\/regiaonews.net.br\/2022\/#organization"},"potentialAction":[{"@type":"SearchAction","target":{"@type":"EntryPoint","urlTemplate":"https:\/\/regiaonews.net.br\/2022\/?s={search_term_string}"},"query-input":{"@type":"PropertyValueSpecification","valueRequired":true,"valueName":"search_term_string"}}],"inLanguage":"pt-BR"},{"@type":"Organization","@id":"https:\/\/regiaonews.net.br\/2022\/#organization","name":"Regi\u00e3o News","url":"https:\/\/regiaonews.net.br\/2022\/","logo":{"@type":"ImageObject","inLanguage":"pt-BR","@id":"https:\/\/regiaonews.net.br\/2022\/#\/schema\/logo\/image\/","url":"https:\/\/regiaonews.net.br\/2022\/wp-content\/uploads\/2026\/03\/regiao-13-anos-scaled.jpg","contentUrl":"https:\/\/regiaonews.net.br\/2022\/wp-content\/uploads\/2026\/03\/regiao-13-anos-scaled.jpg","width":2560,"height":635,"caption":"Regi\u00e3o News"},"image":{"@id":"https:\/\/regiaonews.net.br\/2022\/#\/schema\/logo\/image\/"}},{"@type":"Person","@id":"https:\/\/regiaonews.net.br\/2022\/#\/schema\/person\/2d205a608a5aa97ac279d7a5e6d89ad8","name":"Roberto","image":{"@type":"ImageObject","inLanguage":"pt-BR","@id":"https:\/\/secure.gravatar.com\/avatar\/42749d8b712ff9d59ca93dc150494e5b55a44134482993f5baeb97e61b7ecc89?s=96&d=mm&r=g","url":"https:\/\/secure.gravatar.com\/avatar\/42749d8b712ff9d59ca93dc150494e5b55a44134482993f5baeb97e61b7ecc89?s=96&d=mm&r=g","contentUrl":"https:\/\/secure.gravatar.com\/avatar\/42749d8b712ff9d59ca93dc150494e5b55a44134482993f5baeb97e61b7ecc89?s=96&d=mm&r=g","caption":"Roberto"},"url":"https:\/\/regiaonews.net.br\/2022\/author\/roberto\/"}]}},"publishpress_future_action":{"enabled":false,"date":"2026-05-10 05:15:12","action":"change-status","newStatus":"draft","terms":[],"taxonomy":"category","extraData":[]},"publishpress_future_workflow_manual_trigger":{"enabledWorkflows":[]},"_links":{"self":[{"href":"https:\/\/regiaonews.net.br\/2022\/wp-json\/wp\/v2\/posts\/85288","targetHints":{"allow":["GET"]}}],"collection":[{"href":"https:\/\/regiaonews.net.br\/2022\/wp-json\/wp\/v2\/posts"}],"about":[{"href":"https:\/\/regiaonews.net.br\/2022\/wp-json\/wp\/v2\/types\/post"}],"author":[{"embeddable":true,"href":"https:\/\/regiaonews.net.br\/2022\/wp-json\/wp\/v2\/users\/2"}],"replies":[{"embeddable":true,"href":"https:\/\/regiaonews.net.br\/2022\/wp-json\/wp\/v2\/comments?post=85288"}],"version-history":[{"count":1,"href":"https:\/\/regiaonews.net.br\/2022\/wp-json\/wp\/v2\/posts\/85288\/revisions"}],"predecessor-version":[{"id":85290,"href":"https:\/\/regiaonews.net.br\/2022\/wp-json\/wp\/v2\/posts\/85288\/revisions\/85290"}],"wp:featuredmedia":[{"embeddable":true,"href":"https:\/\/regiaonews.net.br\/2022\/wp-json\/wp\/v2\/media\/85289"}],"wp:attachment":[{"href":"https:\/\/regiaonews.net.br\/2022\/wp-json\/wp\/v2\/media?parent=85288"}],"wp:term":[{"taxonomy":"category","embeddable":true,"href":"https:\/\/regiaonews.net.br\/2022\/wp-json\/wp\/v2\/categories?post=85288"},{"taxonomy":"post_tag","embeddable":true,"href":"https:\/\/regiaonews.net.br\/2022\/wp-json\/wp\/v2\/tags?post=85288"}],"curies":[{"name":"wp","href":"https:\/\/api.w.org\/{rel}","templated":true}]}}