{"id":84891,"date":"2023-03-07T16:09:40","date_gmt":"2023-03-07T19:09:40","guid":{"rendered":"https:\/\/regiaonews.net.br\/2022\/?p=84891"},"modified":"2023-03-07T16:09:40","modified_gmt":"2023-03-07T19:09:40","slug":"barretos-recebe-oficina-de-stop-motion-com-marta-russo","status":"publish","type":"post","link":"https:\/\/regiaonews.net.br\/2022\/2023\/03\/07\/barretos-recebe-oficina-de-stop-motion-com-marta-russo\/","title":{"rendered":"Barretos recebe Oficina de Stop Motion, com Marta Russo"},"content":{"rendered":"<h3 style=\"text-align: center;\">Atividade, realizada pelo Programa Ponto Mis, \u00e9 direcionada a educadores e interessados na t\u00e9cnica audiovisual e acontece nesta quinta-feira, dia 9.<\/h3>\n<p>O Programa Pontos Mis, em parceria com a Prefeitura da Est\u00e2ncia Tur\u00edstica de Barretos, por meio da Secretaria Municipal de Cultura, realiza Oficina de Stop Motion, ministrada por Marta Russo, nesta quinta-feira, dia 9 de mar\u00e7o, das 13h30 \u00e0s 17h30, na Sede da Secretaria Municipal de Educa\u00e7\u00e3o, localizada na Rua 04, 510 (Avenidas 31 x 33), no Monte Castelo.<br \/>\nAs inscri\u00e7\u00f5es s\u00e3o gratuitas e podem ser realizadas at\u00e9 quarta-feira, dia 8, das 9h \u00e0s 15h, na sede da Secretaria Municipal de Cultura, Avenida 15, 724 \u2013 Centro. A oficina tem dura\u00e7\u00e3o de 4 horas\u202fe \u00e9 direcionada a professores, coordenadores pedag\u00f3gicos e p\u00fablico interessado em Stop Motion.<\/p>\n<p><strong>Sinopse:<\/strong><br \/>\nO mundo contempor\u00e2neo exige novas compet\u00eancias para assegurar que os estudantes deem conta do fluxo intenso de informa\u00e7\u00f5es a qual s\u00e3o submetidos diariamente. Criatividade, trabalho em equipe, pensamento cr\u00edtico, senso est\u00e9tico, comunica\u00e7\u00e3o, argumenta\u00e7\u00e3o, cultura digital, autogest\u00e3o, autoconhecimento, responsabilidade e empatia s\u00e3o algumas dessas compet\u00eancias que precisam ser experimentadas e vivenciadas atrav\u00e9s do envolvimento do aluno em projetos que privilegiem o seu di\u00e1logo e o seu protagonismo. O uso do audiovisual em sala de aula se mostra uma ferramenta eficaz para o desenvolvimento dessas atividades pedag\u00f3gicas. Com acesso mais f\u00e1cil a celulares e tabletes, agora \u00e9 poss\u00edvel ter uma produtora de filmes nas m\u00e3os. A oficina objetiva colaborar com a forma\u00e7\u00e3o dos educadores para o uso das novas tecnologias, n\u00e3o s\u00f3 o uso instrumental dos equipamentos, mas a necessidade de estarem preparados para desenvolverem atividades pedag\u00f3gicas que privilegiam o di\u00e1logo, a comunica\u00e7\u00e3o e a cidadania plena.<\/p>\n<p>Programa da Oficina:<br \/>\n\u2022\u2002\u2002\u2002\u2002\u2002A import\u00e2ncia do audiovisual na escola.<br \/>\n\u2022\u2002\u2002\u2002\u2002\u2002O que \u00e9 anima\u00e7\u00e3o stop motion?<br \/>\n\u2022\u2002\u2002\u2002\u2002\u2002Tipos de materiais utilizados em anima\u00e7\u00e3o stop motion (objetos, areia, papel, pixiliation, massinha).<br \/>\n\u2022\u2002\u2002\u2002\u2002\u2002Como baixar aplicativos de anima\u00e7\u00e3o e edi\u00e7\u00e3o de som e imagens no<br \/>\ncelular\/tablete<br \/>\n\u2022\u2002\u2002\u2002\u2002\u2002Por que eu devo fazer um projeto de curta metragem ou de anima\u00e7\u00e3o na escola?<br \/>\nQuais as habilidades e compet\u00eancias desenvolvidas.<br \/>\n\u2022\u2002\u2002\u2002\u2002\u2002Uso dos temas transversais na produ\u00e7\u00e3o dos roteiros,<br \/>\n\u2022\u2002\u2002\u2002\u2002\u2002Produzindo um filme de anima\u00e7\u00e3o stop motion.<\/p>\n<p><strong>Sobre a Oficineira:<\/strong><br \/>\nMarta Russo \u00e9 formada em Artes Visuais e P\u00f3s-graduada em Educomunica\u00e7\u00e3o na ECA-USP. Desde 2001 coordena oficinas de anima\u00e7\u00e3o stop motion em Escolas, SESCs, Casas de Cultura e ONGs. Oficineira de Anima\u00e7\u00e3o Stop Motion no Programa PONTOS MIS ( Museu da Imagem e do Som ) desde 2014.<br \/>\nParticipou do Congresso Internacional de Direitos da Inf\u00e2ncia (Espanha) apresentando trabalho sobre stop motion &#8221; Protagonismo, Comunica\u00e7\u00e3o e Ludicidade&#8221;.<br \/>\nCoordena\u00e7\u00e3o de Oficinas Stop Motion para professores \u2013 SESCOOP Estado de S\u00e3o Paulo Servi\u00e7o Nacional de Aprendizagem do Cooperativismo , EJA e Escolas P\u00fablicas.<br \/>\nCoordenou Oficinas de Anima\u00e7\u00e3o no Congresso Internacional de Educa\u00e7\u00e3o \u2013 Funda\u00e7\u00e3o Telef\u00f4nica e CENPEC (Centro de Pesquisa e Estudos em Educa\u00e7\u00e3o, Cultura e A\u00e7\u00e3o Cultural). Coordena\u00e7\u00e3o de Oficinas de anima\u00e7\u00e3o no V Encontro de Educomunica\u00e7\u00e3o USP\/NCE (N\u00facleo de Comunica\u00e7\u00e3o e Educa\u00e7\u00e3o)<br \/>\nCoordena\u00e7\u00e3o de Oficinas de Anima\u00e7\u00e3o \u2013 stop motion ANIMA ECOS (ensino de Educa\u00e7\u00e3o Ambiental atrav\u00e9s da anima\u00e7\u00e3o) no CEFOPEA &#8211; Centro de Forma\u00e7\u00e3o Profissional e Educa\u00e7\u00e3o Ambiental. Coordena\u00e7\u00e3o de Oficina de V\u00eddeo \u2013 CEBRAP Centro Brasileiro de An\u00e1lise e Planejamento \u2013 Projeto Dar Voz aos Jovens.<\/p>\n<p>Produtora e Rela\u00e7\u00f5es P\u00fablicas da Mauricio de Sousa Produ\u00e7\u00f5es, atuou junto \u00e0s escolas ensinando sobre Desenho Animado e Hist\u00f3rias em Quadrinhos. Como redatora colaborou na revista S\u00edtio do Picapau Amarelo da Editora Globo. Produziu curtas metragens, filmes publicit\u00e1rios e programas educativos para TV.<\/p>\n<p>Assimp-142-2023<br \/>\nReda\u00e7\u00e3o: Assessoria\u00a0de\u00a0Imprensa<\/p>\n","protected":false},"excerpt":{"rendered":"<p>Atividade, realizada pelo Programa Ponto Mis, \u00e9 direcionada a educadores<\/p>\n","protected":false},"author":2,"featured_media":84892,"comment_status":"open","ping_status":"open","sticky":false,"template":"","format":"standard","meta":{"footnotes":""},"categories":[14,3],"tags":[],"class_list":["post-84891","post","type-post","status-publish","format-standard","has-post-thumbnail","hentry","category-barretos","category-geral"],"yoast_head":"<!-- This site is optimized with the Yoast SEO plugin v27.4 - https:\/\/yoast.com\/product\/yoast-seo-wordpress\/ -->\n<title>Barretos recebe Oficina de Stop Motion, com Marta Russo - Regi\u00e3o News<\/title>\n<meta name=\"robots\" content=\"index, follow, max-snippet:-1, max-image-preview:large, max-video-preview:-1\" \/>\n<link rel=\"canonical\" href=\"https:\/\/regiaonews.net.br\/2022\/2023\/03\/07\/barretos-recebe-oficina-de-stop-motion-com-marta-russo\/\" \/>\n<meta property=\"og:locale\" content=\"pt_BR\" \/>\n<meta property=\"og:type\" content=\"article\" \/>\n<meta property=\"og:title\" content=\"Barretos recebe Oficina de Stop Motion, com Marta Russo - Regi\u00e3o News\" \/>\n<meta property=\"og:description\" content=\"Atividade, realizada pelo Programa Ponto Mis, \u00e9 direcionada a educadores\" \/>\n<meta property=\"og:url\" content=\"https:\/\/regiaonews.net.br\/2022\/2023\/03\/07\/barretos-recebe-oficina-de-stop-motion-com-marta-russo\/\" \/>\n<meta property=\"og:site_name\" content=\"Regi\u00e3o News\" \/>\n<meta property=\"article:published_time\" content=\"2023-03-07T19:09:40+00:00\" \/>\n<meta property=\"og:image\" content=\"https:\/\/regiaonews.net.br\/2022\/wp-content\/uploads\/2023\/03\/Imagem-do-WhatsApp-de-2023-03-07-as-15.57.40.jpg\" \/>\n\t<meta property=\"og:image:width\" content=\"1080\" \/>\n\t<meta property=\"og:image:height\" content=\"1080\" \/>\n\t<meta property=\"og:image:type\" content=\"image\/jpeg\" \/>\n<meta name=\"author\" content=\"Roberto\" \/>\n<meta name=\"twitter:card\" content=\"summary_large_image\" \/>\n<meta name=\"twitter:label1\" content=\"Escrito por\" \/>\n\t<meta name=\"twitter:data1\" content=\"Roberto\" \/>\n\t<meta name=\"twitter:label2\" content=\"Est. tempo de leitura\" \/>\n\t<meta name=\"twitter:data2\" content=\"4 minutos\" \/>\n<script type=\"application\/ld+json\" class=\"yoast-schema-graph\">{\"@context\":\"https:\\\/\\\/schema.org\",\"@graph\":[{\"@type\":\"Article\",\"@id\":\"https:\\\/\\\/regiaonews.net.br\\\/2022\\\/2023\\\/03\\\/07\\\/barretos-recebe-oficina-de-stop-motion-com-marta-russo\\\/#article\",\"isPartOf\":{\"@id\":\"https:\\\/\\\/regiaonews.net.br\\\/2022\\\/2023\\\/03\\\/07\\\/barretos-recebe-oficina-de-stop-motion-com-marta-russo\\\/\"},\"author\":{\"name\":\"Roberto\",\"@id\":\"https:\\\/\\\/regiaonews.net.br\\\/2022\\\/#\\\/schema\\\/person\\\/2d205a608a5aa97ac279d7a5e6d89ad8\"},\"headline\":\"Barretos recebe Oficina de Stop Motion, com Marta Russo\",\"datePublished\":\"2023-03-07T19:09:40+00:00\",\"mainEntityOfPage\":{\"@id\":\"https:\\\/\\\/regiaonews.net.br\\\/2022\\\/2023\\\/03\\\/07\\\/barretos-recebe-oficina-de-stop-motion-com-marta-russo\\\/\"},\"wordCount\":645,\"commentCount\":0,\"publisher\":{\"@id\":\"https:\\\/\\\/regiaonews.net.br\\\/2022\\\/#organization\"},\"image\":{\"@id\":\"https:\\\/\\\/regiaonews.net.br\\\/2022\\\/2023\\\/03\\\/07\\\/barretos-recebe-oficina-de-stop-motion-com-marta-russo\\\/#primaryimage\"},\"thumbnailUrl\":\"https:\\\/\\\/regiaonews.net.br\\\/2022\\\/wp-content\\\/uploads\\\/2023\\\/03\\\/Imagem-do-WhatsApp-de-2023-03-07-as-15.57.40.jpg\",\"articleSection\":[\"Barretos\",\"Geral\"],\"inLanguage\":\"pt-BR\",\"potentialAction\":[{\"@type\":\"CommentAction\",\"name\":\"Comment\",\"target\":[\"https:\\\/\\\/regiaonews.net.br\\\/2022\\\/2023\\\/03\\\/07\\\/barretos-recebe-oficina-de-stop-motion-com-marta-russo\\\/#respond\"]}]},{\"@type\":\"WebPage\",\"@id\":\"https:\\\/\\\/regiaonews.net.br\\\/2022\\\/2023\\\/03\\\/07\\\/barretos-recebe-oficina-de-stop-motion-com-marta-russo\\\/\",\"url\":\"https:\\\/\\\/regiaonews.net.br\\\/2022\\\/2023\\\/03\\\/07\\\/barretos-recebe-oficina-de-stop-motion-com-marta-russo\\\/\",\"name\":\"Barretos recebe Oficina de Stop Motion, com Marta Russo - Regi\u00e3o News\",\"isPartOf\":{\"@id\":\"https:\\\/\\\/regiaonews.net.br\\\/2022\\\/#website\"},\"primaryImageOfPage\":{\"@id\":\"https:\\\/\\\/regiaonews.net.br\\\/2022\\\/2023\\\/03\\\/07\\\/barretos-recebe-oficina-de-stop-motion-com-marta-russo\\\/#primaryimage\"},\"image\":{\"@id\":\"https:\\\/\\\/regiaonews.net.br\\\/2022\\\/2023\\\/03\\\/07\\\/barretos-recebe-oficina-de-stop-motion-com-marta-russo\\\/#primaryimage\"},\"thumbnailUrl\":\"https:\\\/\\\/regiaonews.net.br\\\/2022\\\/wp-content\\\/uploads\\\/2023\\\/03\\\/Imagem-do-WhatsApp-de-2023-03-07-as-15.57.40.jpg\",\"datePublished\":\"2023-03-07T19:09:40+00:00\",\"breadcrumb\":{\"@id\":\"https:\\\/\\\/regiaonews.net.br\\\/2022\\\/2023\\\/03\\\/07\\\/barretos-recebe-oficina-de-stop-motion-com-marta-russo\\\/#breadcrumb\"},\"inLanguage\":\"pt-BR\",\"potentialAction\":[{\"@type\":\"ReadAction\",\"target\":[\"https:\\\/\\\/regiaonews.net.br\\\/2022\\\/2023\\\/03\\\/07\\\/barretos-recebe-oficina-de-stop-motion-com-marta-russo\\\/\"]}]},{\"@type\":\"ImageObject\",\"inLanguage\":\"pt-BR\",\"@id\":\"https:\\\/\\\/regiaonews.net.br\\\/2022\\\/2023\\\/03\\\/07\\\/barretos-recebe-oficina-de-stop-motion-com-marta-russo\\\/#primaryimage\",\"url\":\"https:\\\/\\\/regiaonews.net.br\\\/2022\\\/wp-content\\\/uploads\\\/2023\\\/03\\\/Imagem-do-WhatsApp-de-2023-03-07-as-15.57.40.jpg\",\"contentUrl\":\"https:\\\/\\\/regiaonews.net.br\\\/2022\\\/wp-content\\\/uploads\\\/2023\\\/03\\\/Imagem-do-WhatsApp-de-2023-03-07-as-15.57.40.jpg\",\"width\":1080,\"height\":1080},{\"@type\":\"BreadcrumbList\",\"@id\":\"https:\\\/\\\/regiaonews.net.br\\\/2022\\\/2023\\\/03\\\/07\\\/barretos-recebe-oficina-de-stop-motion-com-marta-russo\\\/#breadcrumb\",\"itemListElement\":[{\"@type\":\"ListItem\",\"position\":1,\"name\":\"In\u00edcio\",\"item\":\"https:\\\/\\\/regiaonews.net.br\\\/2022\\\/\"},{\"@type\":\"ListItem\",\"position\":2,\"name\":\"Barretos recebe Oficina de Stop Motion, com Marta Russo\"}]},{\"@type\":\"WebSite\",\"@id\":\"https:\\\/\\\/regiaonews.net.br\\\/2022\\\/#website\",\"url\":\"https:\\\/\\\/regiaonews.net.br\\\/2022\\\/\",\"name\":\"Regi\u00e3o News\",\"description\":\"Site de Not\u00edcias de Barretos e regi\u00e3o\",\"publisher\":{\"@id\":\"https:\\\/\\\/regiaonews.net.br\\\/2022\\\/#organization\"},\"potentialAction\":[{\"@type\":\"SearchAction\",\"target\":{\"@type\":\"EntryPoint\",\"urlTemplate\":\"https:\\\/\\\/regiaonews.net.br\\\/2022\\\/?s={search_term_string}\"},\"query-input\":{\"@type\":\"PropertyValueSpecification\",\"valueRequired\":true,\"valueName\":\"search_term_string\"}}],\"inLanguage\":\"pt-BR\"},{\"@type\":\"Organization\",\"@id\":\"https:\\\/\\\/regiaonews.net.br\\\/2022\\\/#organization\",\"name\":\"Regi\u00e3o News\",\"url\":\"https:\\\/\\\/regiaonews.net.br\\\/2022\\\/\",\"logo\":{\"@type\":\"ImageObject\",\"inLanguage\":\"pt-BR\",\"@id\":\"https:\\\/\\\/regiaonews.net.br\\\/2022\\\/#\\\/schema\\\/logo\\\/image\\\/\",\"url\":\"https:\\\/\\\/regiaonews.net.br\\\/2022\\\/wp-content\\\/uploads\\\/2026\\\/03\\\/regiao-13-anos-scaled.jpg\",\"contentUrl\":\"https:\\\/\\\/regiaonews.net.br\\\/2022\\\/wp-content\\\/uploads\\\/2026\\\/03\\\/regiao-13-anos-scaled.jpg\",\"width\":2560,\"height\":635,\"caption\":\"Regi\u00e3o News\"},\"image\":{\"@id\":\"https:\\\/\\\/regiaonews.net.br\\\/2022\\\/#\\\/schema\\\/logo\\\/image\\\/\"}},{\"@type\":\"Person\",\"@id\":\"https:\\\/\\\/regiaonews.net.br\\\/2022\\\/#\\\/schema\\\/person\\\/2d205a608a5aa97ac279d7a5e6d89ad8\",\"name\":\"Roberto\",\"image\":{\"@type\":\"ImageObject\",\"inLanguage\":\"pt-BR\",\"@id\":\"https:\\\/\\\/secure.gravatar.com\\\/avatar\\\/42749d8b712ff9d59ca93dc150494e5b55a44134482993f5baeb97e61b7ecc89?s=96&d=mm&r=g\",\"url\":\"https:\\\/\\\/secure.gravatar.com\\\/avatar\\\/42749d8b712ff9d59ca93dc150494e5b55a44134482993f5baeb97e61b7ecc89?s=96&d=mm&r=g\",\"contentUrl\":\"https:\\\/\\\/secure.gravatar.com\\\/avatar\\\/42749d8b712ff9d59ca93dc150494e5b55a44134482993f5baeb97e61b7ecc89?s=96&d=mm&r=g\",\"caption\":\"Roberto\"},\"url\":\"https:\\\/\\\/regiaonews.net.br\\\/2022\\\/author\\\/roberto\\\/\"}]}<\/script>\n<!-- \/ Yoast SEO plugin. -->","yoast_head_json":{"title":"Barretos recebe Oficina de Stop Motion, com Marta Russo - Regi\u00e3o News","robots":{"index":"index","follow":"follow","max-snippet":"max-snippet:-1","max-image-preview":"max-image-preview:large","max-video-preview":"max-video-preview:-1"},"canonical":"https:\/\/regiaonews.net.br\/2022\/2023\/03\/07\/barretos-recebe-oficina-de-stop-motion-com-marta-russo\/","og_locale":"pt_BR","og_type":"article","og_title":"Barretos recebe Oficina de Stop Motion, com Marta Russo - Regi\u00e3o News","og_description":"Atividade, realizada pelo Programa Ponto Mis, \u00e9 direcionada a educadores","og_url":"https:\/\/regiaonews.net.br\/2022\/2023\/03\/07\/barretos-recebe-oficina-de-stop-motion-com-marta-russo\/","og_site_name":"Regi\u00e3o News","article_published_time":"2023-03-07T19:09:40+00:00","og_image":[{"width":1080,"height":1080,"url":"https:\/\/regiaonews.net.br\/2022\/wp-content\/uploads\/2023\/03\/Imagem-do-WhatsApp-de-2023-03-07-as-15.57.40.jpg","type":"image\/jpeg"}],"author":"Roberto","twitter_card":"summary_large_image","twitter_misc":{"Escrito por":"Roberto","Est. tempo de leitura":"4 minutos"},"schema":{"@context":"https:\/\/schema.org","@graph":[{"@type":"Article","@id":"https:\/\/regiaonews.net.br\/2022\/2023\/03\/07\/barretos-recebe-oficina-de-stop-motion-com-marta-russo\/#article","isPartOf":{"@id":"https:\/\/regiaonews.net.br\/2022\/2023\/03\/07\/barretos-recebe-oficina-de-stop-motion-com-marta-russo\/"},"author":{"name":"Roberto","@id":"https:\/\/regiaonews.net.br\/2022\/#\/schema\/person\/2d205a608a5aa97ac279d7a5e6d89ad8"},"headline":"Barretos recebe Oficina de Stop Motion, com Marta Russo","datePublished":"2023-03-07T19:09:40+00:00","mainEntityOfPage":{"@id":"https:\/\/regiaonews.net.br\/2022\/2023\/03\/07\/barretos-recebe-oficina-de-stop-motion-com-marta-russo\/"},"wordCount":645,"commentCount":0,"publisher":{"@id":"https:\/\/regiaonews.net.br\/2022\/#organization"},"image":{"@id":"https:\/\/regiaonews.net.br\/2022\/2023\/03\/07\/barretos-recebe-oficina-de-stop-motion-com-marta-russo\/#primaryimage"},"thumbnailUrl":"https:\/\/regiaonews.net.br\/2022\/wp-content\/uploads\/2023\/03\/Imagem-do-WhatsApp-de-2023-03-07-as-15.57.40.jpg","articleSection":["Barretos","Geral"],"inLanguage":"pt-BR","potentialAction":[{"@type":"CommentAction","name":"Comment","target":["https:\/\/regiaonews.net.br\/2022\/2023\/03\/07\/barretos-recebe-oficina-de-stop-motion-com-marta-russo\/#respond"]}]},{"@type":"WebPage","@id":"https:\/\/regiaonews.net.br\/2022\/2023\/03\/07\/barretos-recebe-oficina-de-stop-motion-com-marta-russo\/","url":"https:\/\/regiaonews.net.br\/2022\/2023\/03\/07\/barretos-recebe-oficina-de-stop-motion-com-marta-russo\/","name":"Barretos recebe Oficina de Stop Motion, com Marta Russo - Regi\u00e3o News","isPartOf":{"@id":"https:\/\/regiaonews.net.br\/2022\/#website"},"primaryImageOfPage":{"@id":"https:\/\/regiaonews.net.br\/2022\/2023\/03\/07\/barretos-recebe-oficina-de-stop-motion-com-marta-russo\/#primaryimage"},"image":{"@id":"https:\/\/regiaonews.net.br\/2022\/2023\/03\/07\/barretos-recebe-oficina-de-stop-motion-com-marta-russo\/#primaryimage"},"thumbnailUrl":"https:\/\/regiaonews.net.br\/2022\/wp-content\/uploads\/2023\/03\/Imagem-do-WhatsApp-de-2023-03-07-as-15.57.40.jpg","datePublished":"2023-03-07T19:09:40+00:00","breadcrumb":{"@id":"https:\/\/regiaonews.net.br\/2022\/2023\/03\/07\/barretos-recebe-oficina-de-stop-motion-com-marta-russo\/#breadcrumb"},"inLanguage":"pt-BR","potentialAction":[{"@type":"ReadAction","target":["https:\/\/regiaonews.net.br\/2022\/2023\/03\/07\/barretos-recebe-oficina-de-stop-motion-com-marta-russo\/"]}]},{"@type":"ImageObject","inLanguage":"pt-BR","@id":"https:\/\/regiaonews.net.br\/2022\/2023\/03\/07\/barretos-recebe-oficina-de-stop-motion-com-marta-russo\/#primaryimage","url":"https:\/\/regiaonews.net.br\/2022\/wp-content\/uploads\/2023\/03\/Imagem-do-WhatsApp-de-2023-03-07-as-15.57.40.jpg","contentUrl":"https:\/\/regiaonews.net.br\/2022\/wp-content\/uploads\/2023\/03\/Imagem-do-WhatsApp-de-2023-03-07-as-15.57.40.jpg","width":1080,"height":1080},{"@type":"BreadcrumbList","@id":"https:\/\/regiaonews.net.br\/2022\/2023\/03\/07\/barretos-recebe-oficina-de-stop-motion-com-marta-russo\/#breadcrumb","itemListElement":[{"@type":"ListItem","position":1,"name":"In\u00edcio","item":"https:\/\/regiaonews.net.br\/2022\/"},{"@type":"ListItem","position":2,"name":"Barretos recebe Oficina de Stop Motion, com Marta Russo"}]},{"@type":"WebSite","@id":"https:\/\/regiaonews.net.br\/2022\/#website","url":"https:\/\/regiaonews.net.br\/2022\/","name":"Regi\u00e3o News","description":"Site de Not\u00edcias de Barretos e regi\u00e3o","publisher":{"@id":"https:\/\/regiaonews.net.br\/2022\/#organization"},"potentialAction":[{"@type":"SearchAction","target":{"@type":"EntryPoint","urlTemplate":"https:\/\/regiaonews.net.br\/2022\/?s={search_term_string}"},"query-input":{"@type":"PropertyValueSpecification","valueRequired":true,"valueName":"search_term_string"}}],"inLanguage":"pt-BR"},{"@type":"Organization","@id":"https:\/\/regiaonews.net.br\/2022\/#organization","name":"Regi\u00e3o News","url":"https:\/\/regiaonews.net.br\/2022\/","logo":{"@type":"ImageObject","inLanguage":"pt-BR","@id":"https:\/\/regiaonews.net.br\/2022\/#\/schema\/logo\/image\/","url":"https:\/\/regiaonews.net.br\/2022\/wp-content\/uploads\/2026\/03\/regiao-13-anos-scaled.jpg","contentUrl":"https:\/\/regiaonews.net.br\/2022\/wp-content\/uploads\/2026\/03\/regiao-13-anos-scaled.jpg","width":2560,"height":635,"caption":"Regi\u00e3o News"},"image":{"@id":"https:\/\/regiaonews.net.br\/2022\/#\/schema\/logo\/image\/"}},{"@type":"Person","@id":"https:\/\/regiaonews.net.br\/2022\/#\/schema\/person\/2d205a608a5aa97ac279d7a5e6d89ad8","name":"Roberto","image":{"@type":"ImageObject","inLanguage":"pt-BR","@id":"https:\/\/secure.gravatar.com\/avatar\/42749d8b712ff9d59ca93dc150494e5b55a44134482993f5baeb97e61b7ecc89?s=96&d=mm&r=g","url":"https:\/\/secure.gravatar.com\/avatar\/42749d8b712ff9d59ca93dc150494e5b55a44134482993f5baeb97e61b7ecc89?s=96&d=mm&r=g","contentUrl":"https:\/\/secure.gravatar.com\/avatar\/42749d8b712ff9d59ca93dc150494e5b55a44134482993f5baeb97e61b7ecc89?s=96&d=mm&r=g","caption":"Roberto"},"url":"https:\/\/regiaonews.net.br\/2022\/author\/roberto\/"}]}},"publishpress_future_action":{"enabled":false,"date":"2026-05-03 08:15:05","action":"change-status","newStatus":"draft","terms":[],"taxonomy":"category","extraData":[]},"publishpress_future_workflow_manual_trigger":{"enabledWorkflows":[]},"_links":{"self":[{"href":"https:\/\/regiaonews.net.br\/2022\/wp-json\/wp\/v2\/posts\/84891","targetHints":{"allow":["GET"]}}],"collection":[{"href":"https:\/\/regiaonews.net.br\/2022\/wp-json\/wp\/v2\/posts"}],"about":[{"href":"https:\/\/regiaonews.net.br\/2022\/wp-json\/wp\/v2\/types\/post"}],"author":[{"embeddable":true,"href":"https:\/\/regiaonews.net.br\/2022\/wp-json\/wp\/v2\/users\/2"}],"replies":[{"embeddable":true,"href":"https:\/\/regiaonews.net.br\/2022\/wp-json\/wp\/v2\/comments?post=84891"}],"version-history":[{"count":1,"href":"https:\/\/regiaonews.net.br\/2022\/wp-json\/wp\/v2\/posts\/84891\/revisions"}],"predecessor-version":[{"id":84893,"href":"https:\/\/regiaonews.net.br\/2022\/wp-json\/wp\/v2\/posts\/84891\/revisions\/84893"}],"wp:featuredmedia":[{"embeddable":true,"href":"https:\/\/regiaonews.net.br\/2022\/wp-json\/wp\/v2\/media\/84892"}],"wp:attachment":[{"href":"https:\/\/regiaonews.net.br\/2022\/wp-json\/wp\/v2\/media?parent=84891"}],"wp:term":[{"taxonomy":"category","embeddable":true,"href":"https:\/\/regiaonews.net.br\/2022\/wp-json\/wp\/v2\/categories?post=84891"},{"taxonomy":"post_tag","embeddable":true,"href":"https:\/\/regiaonews.net.br\/2022\/wp-json\/wp\/v2\/tags?post=84891"}],"curies":[{"name":"wp","href":"https:\/\/api.w.org\/{rel}","templated":true}]}}