{"id":84889,"date":"2023-03-07T13:43:33","date_gmt":"2023-03-07T16:43:33","guid":{"rendered":"https:\/\/regiaonews.net.br\/2022\/?p=84889"},"modified":"2023-03-07T13:43:33","modified_gmt":"2023-03-07T16:43:33","slug":"governo-de-sp-inicia-campanha-e-anuncia-aporte-para-fomentar-vacinacao-no-estado","status":"publish","type":"post","link":"https:\/\/regiaonews.net.br\/2022\/2023\/03\/07\/governo-de-sp-inicia-campanha-e-anuncia-aporte-para-fomentar-vacinacao-no-estado\/","title":{"rendered":"Governo de SP inicia campanha e anuncia aporte para fomentar vacina\u00e7\u00e3o no Estado"},"content":{"rendered":"<h3 style=\"text-align: center;\">Nesta ter\u00e7a (7), Tarc\u00edsio de Freitas lan\u00e7ou a\u00e7\u00e3o &#8220;Vacina 100 D\u00favidas&#8221;; ato tamb\u00e9m contou com inaugura\u00e7\u00e3o do Museu da Vacina.<\/h3>\n<p>O governador Tarc\u00edsio de Freitas participou nesta ter\u00e7a-feira (7) do lan\u00e7amento da campanha \u201cVacina 100 D\u00favidas\u201d em S\u00e3o Paulo. Durante o ato, no Instituto Butantan, ele anunciou o repasse de R$ 46,6 milh\u00f5es para os 645 munic\u00edpios paulistas para auxiliar no esfor\u00e7o de imuniza\u00e7\u00e3o da popula\u00e7\u00e3o. Isso representa R$ 1 por cada habitante do Estado.<\/p>\n<p>&#8220;A cobertura vacinal j\u00e1 foi superior a 90% e caiu nos \u00faltimos anos. Vamos usar todos os canais, a log\u00edstica, o esfor\u00e7o e o apoio financeiro para fazer com que essa cobertura vacinal aumente, que a campanha de vacina\u00e7\u00e3o seja um grande sucesso e para que alcancemos os efeitos desejados da vacina\u00e7\u00e3o&#8221;, destacou Tarc\u00edsio de Freitas.<\/p>\n<p>A prioridade \u00e9 alcan\u00e7ar altos n\u00edveis de cobertura vacinal, sobretudo das doses que comp\u00f5em o calend\u00e1rio b\u00e1sico. Entre elas est\u00e3o os imunizantes contra poliomielite, meningite meningoc\u00f3cica conjugada, tr\u00edplice viral (sarampo, caxumba e rub\u00e9ola), febre amarela, pentavalente (difteria, t\u00e9tano, coqueluche, hepatite B e contra a bact\u00e9ria haemophilus influenza tipo b), hepatite b e doen\u00e7as invasivas causadas pelo hem\u00f3filo b, varicela, HPV, BCG (tuberculose) e Covid-19.<\/p>\n<p>O Governo de SP tem como foco a vacina\u00e7\u00e3o de todas as crian\u00e7as no Estado, principalmente aquelas de at\u00e9 1 ano de idade. Tamb\u00e9m haver\u00e1 medidas de incentivo e esclarecimento da popula\u00e7\u00e3o sobre a efic\u00e1cia e seguran\u00e7a das vacinas, al\u00e9m dos riscos de adoecimento e morte das pessoas n\u00e3o vacinadas.<\/p>\n<p>&#8220;O importante \u00e9 atuarmos na preven\u00e7\u00e3o, chegarmos antes da doen\u00e7a. Quando falamos disso, falamos de imuniza\u00e7\u00e3o. Vacina ainda \u00e9 o maior instrumento em sa\u00fade p\u00fablica para salvar vidas. Queremos voltar a ter o Estado de S\u00e3o Paulo liderando o ranking de cobertura vacinal e sendo orgulho para todos n\u00f3s&#8221;, disse o secret\u00e1rio da Sa\u00fade, Eleuses Paiva.<\/p>\n<p>Status da cobertura vacinal no Estado de S\u00e3o Paulo:*<br \/>\n\u2022 BCG: 79,3%;<br \/>\n\u2022 Meningo C: 75,5%;<br \/>\n\u2022 Pentavalente: 74%;<br \/>\n\u2022 Poliomielite: 74,4%;<br \/>\n\u2022 HPV: Para meninas, 78,1% para primeira dose e 59,6% para segunda dose; em meninos 58,4% para primeira dose e 39,2% para segunda dose;<br \/>\n\u2022 Febre Amarela: 64%;<br \/>\n\u2022 Varicela: 76,1%;<br \/>\n\u2022 Tr\u00edplice Viral: 76,1% para primeira dose e 62,6% para segunda dose.<\/p>\n<p>Conscientiza\u00e7\u00e3o<\/p>\n<p>Como forma de refor\u00e7ar a import\u00e2ncia da vacina\u00e7\u00e3o infantil aos pais, o Governo de S\u00e3o Paulo lan\u00e7ou uma campanha multiplataformas chamada &#8220;Vacina 100 D\u00favidas&#8221;. S\u00e3o an\u00fancios em portais noticiosos, m\u00eddia exterior, redes sociais e em emissoras de r\u00e1dio durante todo o m\u00eas de mar\u00e7o.<\/p>\n<p>O Governo de SP tamb\u00e9m lan\u00e7ou o site, https:\/\/www.vacina100duvidas.sp.gov.br\/, que re\u00fane as 100 d\u00favidas mais frequentes sobre as vacinas nos buscadores da internet. Um espa\u00e7o com informa\u00e7\u00f5es claras para desmistificar fake news com rela\u00e7\u00e3o a imuniza\u00e7\u00e3o, garantindo assim a prote\u00e7\u00e3o de toda a popula\u00e7\u00e3o.<\/p>\n<p>&#8220;\u00c9 uma campanha de erradica\u00e7\u00e3o de fake news, para que todos tenham confian\u00e7a na vacina e saibam que \u00e9 um instrumento poderoso para mitiga\u00e7\u00e3o de riscos e para a promo\u00e7\u00e3o da sa\u00fade. Convido todos a conhecer o nosso site&#8221;, refor\u00e7ou o governador Tarc\u00edsio de Freitas.<\/p>\n<p>Museu da Vacina<\/p>\n<p>Ainda nesta ter\u00e7a-feira, foi inaugurado o Museu da Vacina, o primeiro do tipo na Am\u00e9rica Latina. Localizado no Parque da Ci\u00eancia do Butantan, o local conta com mais de 550m\u00b2 e oferecer\u00e1 diversas atividades imersivas por meio da apresenta\u00e7\u00e3o de fatos, explica\u00e7\u00e3o de conceitos e curiosidades sobre o universo das vacinas.<\/p>\n<p>&#8220;O Instituto Butantan trabalha com educa\u00e7\u00e3o, ensino e difus\u00e3o do conhecimento desde a sua funda\u00e7\u00e3o. \u00c9 nosso quinto museu. \u00c9 resultado de v\u00e1rios anos que a institui\u00e7\u00e3o tem se dedicado \u00e0 constru\u00e7\u00e3o do conhecimento e difus\u00e3o da ci\u00eancia&#8221;, afirmou o diretor do Instituto Butantan, Esper Kallas.<\/p>\n<p>A implanta\u00e7\u00e3o do Museu da Vacina contou com investimento de mais de R$ 13 milh\u00f5es nas obras e na produ\u00e7\u00e3o da exposi\u00e7\u00e3o. Os recursos s\u00e3o oriundos do Instituto Butantan e de uma empresa parceira no desenvolvimento de imunizantes.<\/p>\n<p>Na visita ao Museu, o p\u00fablico poder\u00e1 visualizar as etapas da realiza\u00e7\u00e3o de uma pesquisa cient\u00edfica de uma vacina, conhecer as plataformas tecnol\u00f3gicas vacinais, o funcionamento do sistema imune e de mem\u00f3ria imunol\u00f3gica do corpo humano, a rea\u00e7\u00e3o do organismo vacinado, entre outras atividades interativas.<\/p>\n<p>Servi\u00e7o &#8211; Museu da Vacina<br \/>\nEndere\u00e7o: Avenida Vital Brasil, 1.500 \u2013 Butant\u00e3 \u2013 S\u00e3o Paulo\/SP<br \/>\nFuncionamento: de ter\u00e7a a domingo, das 9h \u00e0s 16h45<br \/>\nIngressos: R$6 adultos; R$2,50 estudantes; crian\u00e7as at\u00e9 7 anos, idosos e alunos de escolas p\u00fablicas em grupo agendado e pessoas com defici\u00eancia n\u00e3o pagam<br \/>\n*Importante: um \u00fanico bilhete de entrada d\u00e1 direito a visitar todos os museus<br \/>\nTelefone: (11) 2627-9536<br \/>\nClassifica\u00e7\u00e3o:\u00a0livre<\/p>\n","protected":false},"excerpt":{"rendered":"<p>Nesta ter\u00e7a (7), Tarc\u00edsio de Freitas lan\u00e7ou a\u00e7\u00e3o &#8220;Vacina 100<\/p>\n","protected":false},"author":2,"featured_media":67683,"comment_status":"open","ping_status":"open","sticky":false,"template":"","format":"standard","meta":{"footnotes":""},"categories":[7,3],"tags":[],"class_list":["post-84889","post","type-post","status-publish","format-standard","has-post-thumbnail","hentry","category-estado-de-sao-paulo","category-geral"],"yoast_head":"<!-- This site is optimized with the Yoast SEO plugin v27.4 - https:\/\/yoast.com\/product\/yoast-seo-wordpress\/ -->\n<title>Governo de SP inicia campanha e anuncia aporte para fomentar vacina\u00e7\u00e3o no Estado - Regi\u00e3o News<\/title>\n<meta name=\"robots\" content=\"index, follow, max-snippet:-1, max-image-preview:large, max-video-preview:-1\" \/>\n<link rel=\"canonical\" href=\"https:\/\/regiaonews.net.br\/2022\/2023\/03\/07\/governo-de-sp-inicia-campanha-e-anuncia-aporte-para-fomentar-vacinacao-no-estado\/\" \/>\n<meta property=\"og:locale\" content=\"pt_BR\" \/>\n<meta property=\"og:type\" content=\"article\" \/>\n<meta property=\"og:title\" content=\"Governo de SP inicia campanha e anuncia aporte para fomentar vacina\u00e7\u00e3o no Estado - Regi\u00e3o News\" \/>\n<meta property=\"og:description\" content=\"Nesta ter\u00e7a (7), Tarc\u00edsio de Freitas lan\u00e7ou a\u00e7\u00e3o &#8220;Vacina 100\" \/>\n<meta property=\"og:url\" content=\"https:\/\/regiaonews.net.br\/2022\/2023\/03\/07\/governo-de-sp-inicia-campanha-e-anuncia-aporte-para-fomentar-vacinacao-no-estado\/\" \/>\n<meta property=\"og:site_name\" content=\"Regi\u00e3o News\" \/>\n<meta property=\"article:published_time\" content=\"2023-03-07T16:43:33+00:00\" \/>\n<meta property=\"og:image\" content=\"https:\/\/regiaonews.net.br\/2022\/wp-content\/uploads\/2022\/03\/Vacina-Colina.jpg\" \/>\n\t<meta property=\"og:image:width\" content=\"448\" \/>\n\t<meta property=\"og:image:height\" content=\"338\" \/>\n\t<meta property=\"og:image:type\" content=\"image\/jpeg\" \/>\n<meta name=\"author\" content=\"Roberto\" \/>\n<meta name=\"twitter:card\" content=\"summary_large_image\" \/>\n<meta name=\"twitter:label1\" content=\"Escrito por\" \/>\n\t<meta name=\"twitter:data1\" content=\"Roberto\" \/>\n\t<meta name=\"twitter:label2\" content=\"Est. tempo de leitura\" \/>\n\t<meta name=\"twitter:data2\" content=\"5 minutos\" \/>\n<script type=\"application\/ld+json\" class=\"yoast-schema-graph\">{\"@context\":\"https:\\\/\\\/schema.org\",\"@graph\":[{\"@type\":\"Article\",\"@id\":\"https:\\\/\\\/regiaonews.net.br\\\/2022\\\/2023\\\/03\\\/07\\\/governo-de-sp-inicia-campanha-e-anuncia-aporte-para-fomentar-vacinacao-no-estado\\\/#article\",\"isPartOf\":{\"@id\":\"https:\\\/\\\/regiaonews.net.br\\\/2022\\\/2023\\\/03\\\/07\\\/governo-de-sp-inicia-campanha-e-anuncia-aporte-para-fomentar-vacinacao-no-estado\\\/\"},\"author\":{\"name\":\"Roberto\",\"@id\":\"https:\\\/\\\/regiaonews.net.br\\\/2022\\\/#\\\/schema\\\/person\\\/2d205a608a5aa97ac279d7a5e6d89ad8\"},\"headline\":\"Governo de SP inicia campanha e anuncia aporte para fomentar vacina\u00e7\u00e3o no Estado\",\"datePublished\":\"2023-03-07T16:43:33+00:00\",\"mainEntityOfPage\":{\"@id\":\"https:\\\/\\\/regiaonews.net.br\\\/2022\\\/2023\\\/03\\\/07\\\/governo-de-sp-inicia-campanha-e-anuncia-aporte-para-fomentar-vacinacao-no-estado\\\/\"},\"wordCount\":843,\"commentCount\":0,\"publisher\":{\"@id\":\"https:\\\/\\\/regiaonews.net.br\\\/2022\\\/#organization\"},\"image\":{\"@id\":\"https:\\\/\\\/regiaonews.net.br\\\/2022\\\/2023\\\/03\\\/07\\\/governo-de-sp-inicia-campanha-e-anuncia-aporte-para-fomentar-vacinacao-no-estado\\\/#primaryimage\"},\"thumbnailUrl\":\"https:\\\/\\\/regiaonews.net.br\\\/2022\\\/wp-content\\\/uploads\\\/2022\\\/03\\\/Vacina-Colina.jpg\",\"articleSection\":[\"Estado de S\u00e3o Paulo\",\"Geral\"],\"inLanguage\":\"pt-BR\",\"potentialAction\":[{\"@type\":\"CommentAction\",\"name\":\"Comment\",\"target\":[\"https:\\\/\\\/regiaonews.net.br\\\/2022\\\/2023\\\/03\\\/07\\\/governo-de-sp-inicia-campanha-e-anuncia-aporte-para-fomentar-vacinacao-no-estado\\\/#respond\"]}]},{\"@type\":\"WebPage\",\"@id\":\"https:\\\/\\\/regiaonews.net.br\\\/2022\\\/2023\\\/03\\\/07\\\/governo-de-sp-inicia-campanha-e-anuncia-aporte-para-fomentar-vacinacao-no-estado\\\/\",\"url\":\"https:\\\/\\\/regiaonews.net.br\\\/2022\\\/2023\\\/03\\\/07\\\/governo-de-sp-inicia-campanha-e-anuncia-aporte-para-fomentar-vacinacao-no-estado\\\/\",\"name\":\"Governo de SP inicia campanha e anuncia aporte para fomentar vacina\u00e7\u00e3o no Estado - Regi\u00e3o News\",\"isPartOf\":{\"@id\":\"https:\\\/\\\/regiaonews.net.br\\\/2022\\\/#website\"},\"primaryImageOfPage\":{\"@id\":\"https:\\\/\\\/regiaonews.net.br\\\/2022\\\/2023\\\/03\\\/07\\\/governo-de-sp-inicia-campanha-e-anuncia-aporte-para-fomentar-vacinacao-no-estado\\\/#primaryimage\"},\"image\":{\"@id\":\"https:\\\/\\\/regiaonews.net.br\\\/2022\\\/2023\\\/03\\\/07\\\/governo-de-sp-inicia-campanha-e-anuncia-aporte-para-fomentar-vacinacao-no-estado\\\/#primaryimage\"},\"thumbnailUrl\":\"https:\\\/\\\/regiaonews.net.br\\\/2022\\\/wp-content\\\/uploads\\\/2022\\\/03\\\/Vacina-Colina.jpg\",\"datePublished\":\"2023-03-07T16:43:33+00:00\",\"breadcrumb\":{\"@id\":\"https:\\\/\\\/regiaonews.net.br\\\/2022\\\/2023\\\/03\\\/07\\\/governo-de-sp-inicia-campanha-e-anuncia-aporte-para-fomentar-vacinacao-no-estado\\\/#breadcrumb\"},\"inLanguage\":\"pt-BR\",\"potentialAction\":[{\"@type\":\"ReadAction\",\"target\":[\"https:\\\/\\\/regiaonews.net.br\\\/2022\\\/2023\\\/03\\\/07\\\/governo-de-sp-inicia-campanha-e-anuncia-aporte-para-fomentar-vacinacao-no-estado\\\/\"]}]},{\"@type\":\"ImageObject\",\"inLanguage\":\"pt-BR\",\"@id\":\"https:\\\/\\\/regiaonews.net.br\\\/2022\\\/2023\\\/03\\\/07\\\/governo-de-sp-inicia-campanha-e-anuncia-aporte-para-fomentar-vacinacao-no-estado\\\/#primaryimage\",\"url\":\"https:\\\/\\\/regiaonews.net.br\\\/2022\\\/wp-content\\\/uploads\\\/2022\\\/03\\\/Vacina-Colina.jpg\",\"contentUrl\":\"https:\\\/\\\/regiaonews.net.br\\\/2022\\\/wp-content\\\/uploads\\\/2022\\\/03\\\/Vacina-Colina.jpg\",\"width\":448,\"height\":338},{\"@type\":\"BreadcrumbList\",\"@id\":\"https:\\\/\\\/regiaonews.net.br\\\/2022\\\/2023\\\/03\\\/07\\\/governo-de-sp-inicia-campanha-e-anuncia-aporte-para-fomentar-vacinacao-no-estado\\\/#breadcrumb\",\"itemListElement\":[{\"@type\":\"ListItem\",\"position\":1,\"name\":\"In\u00edcio\",\"item\":\"https:\\\/\\\/regiaonews.net.br\\\/2022\\\/\"},{\"@type\":\"ListItem\",\"position\":2,\"name\":\"Governo de SP inicia campanha e anuncia aporte para fomentar vacina\u00e7\u00e3o no Estado\"}]},{\"@type\":\"WebSite\",\"@id\":\"https:\\\/\\\/regiaonews.net.br\\\/2022\\\/#website\",\"url\":\"https:\\\/\\\/regiaonews.net.br\\\/2022\\\/\",\"name\":\"Regi\u00e3o News\",\"description\":\"Site de Not\u00edcias de Barretos e regi\u00e3o\",\"publisher\":{\"@id\":\"https:\\\/\\\/regiaonews.net.br\\\/2022\\\/#organization\"},\"potentialAction\":[{\"@type\":\"SearchAction\",\"target\":{\"@type\":\"EntryPoint\",\"urlTemplate\":\"https:\\\/\\\/regiaonews.net.br\\\/2022\\\/?s={search_term_string}\"},\"query-input\":{\"@type\":\"PropertyValueSpecification\",\"valueRequired\":true,\"valueName\":\"search_term_string\"}}],\"inLanguage\":\"pt-BR\"},{\"@type\":\"Organization\",\"@id\":\"https:\\\/\\\/regiaonews.net.br\\\/2022\\\/#organization\",\"name\":\"Regi\u00e3o News\",\"url\":\"https:\\\/\\\/regiaonews.net.br\\\/2022\\\/\",\"logo\":{\"@type\":\"ImageObject\",\"inLanguage\":\"pt-BR\",\"@id\":\"https:\\\/\\\/regiaonews.net.br\\\/2022\\\/#\\\/schema\\\/logo\\\/image\\\/\",\"url\":\"https:\\\/\\\/regiaonews.net.br\\\/2022\\\/wp-content\\\/uploads\\\/2026\\\/03\\\/regiao-13-anos-scaled.jpg\",\"contentUrl\":\"https:\\\/\\\/regiaonews.net.br\\\/2022\\\/wp-content\\\/uploads\\\/2026\\\/03\\\/regiao-13-anos-scaled.jpg\",\"width\":2560,\"height\":635,\"caption\":\"Regi\u00e3o News\"},\"image\":{\"@id\":\"https:\\\/\\\/regiaonews.net.br\\\/2022\\\/#\\\/schema\\\/logo\\\/image\\\/\"}},{\"@type\":\"Person\",\"@id\":\"https:\\\/\\\/regiaonews.net.br\\\/2022\\\/#\\\/schema\\\/person\\\/2d205a608a5aa97ac279d7a5e6d89ad8\",\"name\":\"Roberto\",\"image\":{\"@type\":\"ImageObject\",\"inLanguage\":\"pt-BR\",\"@id\":\"https:\\\/\\\/secure.gravatar.com\\\/avatar\\\/42749d8b712ff9d59ca93dc150494e5b55a44134482993f5baeb97e61b7ecc89?s=96&d=mm&r=g\",\"url\":\"https:\\\/\\\/secure.gravatar.com\\\/avatar\\\/42749d8b712ff9d59ca93dc150494e5b55a44134482993f5baeb97e61b7ecc89?s=96&d=mm&r=g\",\"contentUrl\":\"https:\\\/\\\/secure.gravatar.com\\\/avatar\\\/42749d8b712ff9d59ca93dc150494e5b55a44134482993f5baeb97e61b7ecc89?s=96&d=mm&r=g\",\"caption\":\"Roberto\"},\"url\":\"https:\\\/\\\/regiaonews.net.br\\\/2022\\\/author\\\/roberto\\\/\"}]}<\/script>\n<!-- \/ Yoast SEO plugin. -->","yoast_head_json":{"title":"Governo de SP inicia campanha e anuncia aporte para fomentar vacina\u00e7\u00e3o no Estado - Regi\u00e3o News","robots":{"index":"index","follow":"follow","max-snippet":"max-snippet:-1","max-image-preview":"max-image-preview:large","max-video-preview":"max-video-preview:-1"},"canonical":"https:\/\/regiaonews.net.br\/2022\/2023\/03\/07\/governo-de-sp-inicia-campanha-e-anuncia-aporte-para-fomentar-vacinacao-no-estado\/","og_locale":"pt_BR","og_type":"article","og_title":"Governo de SP inicia campanha e anuncia aporte para fomentar vacina\u00e7\u00e3o no Estado - Regi\u00e3o News","og_description":"Nesta ter\u00e7a (7), Tarc\u00edsio de Freitas lan\u00e7ou a\u00e7\u00e3o &#8220;Vacina 100","og_url":"https:\/\/regiaonews.net.br\/2022\/2023\/03\/07\/governo-de-sp-inicia-campanha-e-anuncia-aporte-para-fomentar-vacinacao-no-estado\/","og_site_name":"Regi\u00e3o News","article_published_time":"2023-03-07T16:43:33+00:00","og_image":[{"width":448,"height":338,"url":"https:\/\/regiaonews.net.br\/2022\/wp-content\/uploads\/2022\/03\/Vacina-Colina.jpg","type":"image\/jpeg"}],"author":"Roberto","twitter_card":"summary_large_image","twitter_misc":{"Escrito por":"Roberto","Est. tempo de leitura":"5 minutos"},"schema":{"@context":"https:\/\/schema.org","@graph":[{"@type":"Article","@id":"https:\/\/regiaonews.net.br\/2022\/2023\/03\/07\/governo-de-sp-inicia-campanha-e-anuncia-aporte-para-fomentar-vacinacao-no-estado\/#article","isPartOf":{"@id":"https:\/\/regiaonews.net.br\/2022\/2023\/03\/07\/governo-de-sp-inicia-campanha-e-anuncia-aporte-para-fomentar-vacinacao-no-estado\/"},"author":{"name":"Roberto","@id":"https:\/\/regiaonews.net.br\/2022\/#\/schema\/person\/2d205a608a5aa97ac279d7a5e6d89ad8"},"headline":"Governo de SP inicia campanha e anuncia aporte para fomentar vacina\u00e7\u00e3o no Estado","datePublished":"2023-03-07T16:43:33+00:00","mainEntityOfPage":{"@id":"https:\/\/regiaonews.net.br\/2022\/2023\/03\/07\/governo-de-sp-inicia-campanha-e-anuncia-aporte-para-fomentar-vacinacao-no-estado\/"},"wordCount":843,"commentCount":0,"publisher":{"@id":"https:\/\/regiaonews.net.br\/2022\/#organization"},"image":{"@id":"https:\/\/regiaonews.net.br\/2022\/2023\/03\/07\/governo-de-sp-inicia-campanha-e-anuncia-aporte-para-fomentar-vacinacao-no-estado\/#primaryimage"},"thumbnailUrl":"https:\/\/regiaonews.net.br\/2022\/wp-content\/uploads\/2022\/03\/Vacina-Colina.jpg","articleSection":["Estado de S\u00e3o Paulo","Geral"],"inLanguage":"pt-BR","potentialAction":[{"@type":"CommentAction","name":"Comment","target":["https:\/\/regiaonews.net.br\/2022\/2023\/03\/07\/governo-de-sp-inicia-campanha-e-anuncia-aporte-para-fomentar-vacinacao-no-estado\/#respond"]}]},{"@type":"WebPage","@id":"https:\/\/regiaonews.net.br\/2022\/2023\/03\/07\/governo-de-sp-inicia-campanha-e-anuncia-aporte-para-fomentar-vacinacao-no-estado\/","url":"https:\/\/regiaonews.net.br\/2022\/2023\/03\/07\/governo-de-sp-inicia-campanha-e-anuncia-aporte-para-fomentar-vacinacao-no-estado\/","name":"Governo de SP inicia campanha e anuncia aporte para fomentar vacina\u00e7\u00e3o no Estado - Regi\u00e3o News","isPartOf":{"@id":"https:\/\/regiaonews.net.br\/2022\/#website"},"primaryImageOfPage":{"@id":"https:\/\/regiaonews.net.br\/2022\/2023\/03\/07\/governo-de-sp-inicia-campanha-e-anuncia-aporte-para-fomentar-vacinacao-no-estado\/#primaryimage"},"image":{"@id":"https:\/\/regiaonews.net.br\/2022\/2023\/03\/07\/governo-de-sp-inicia-campanha-e-anuncia-aporte-para-fomentar-vacinacao-no-estado\/#primaryimage"},"thumbnailUrl":"https:\/\/regiaonews.net.br\/2022\/wp-content\/uploads\/2022\/03\/Vacina-Colina.jpg","datePublished":"2023-03-07T16:43:33+00:00","breadcrumb":{"@id":"https:\/\/regiaonews.net.br\/2022\/2023\/03\/07\/governo-de-sp-inicia-campanha-e-anuncia-aporte-para-fomentar-vacinacao-no-estado\/#breadcrumb"},"inLanguage":"pt-BR","potentialAction":[{"@type":"ReadAction","target":["https:\/\/regiaonews.net.br\/2022\/2023\/03\/07\/governo-de-sp-inicia-campanha-e-anuncia-aporte-para-fomentar-vacinacao-no-estado\/"]}]},{"@type":"ImageObject","inLanguage":"pt-BR","@id":"https:\/\/regiaonews.net.br\/2022\/2023\/03\/07\/governo-de-sp-inicia-campanha-e-anuncia-aporte-para-fomentar-vacinacao-no-estado\/#primaryimage","url":"https:\/\/regiaonews.net.br\/2022\/wp-content\/uploads\/2022\/03\/Vacina-Colina.jpg","contentUrl":"https:\/\/regiaonews.net.br\/2022\/wp-content\/uploads\/2022\/03\/Vacina-Colina.jpg","width":448,"height":338},{"@type":"BreadcrumbList","@id":"https:\/\/regiaonews.net.br\/2022\/2023\/03\/07\/governo-de-sp-inicia-campanha-e-anuncia-aporte-para-fomentar-vacinacao-no-estado\/#breadcrumb","itemListElement":[{"@type":"ListItem","position":1,"name":"In\u00edcio","item":"https:\/\/regiaonews.net.br\/2022\/"},{"@type":"ListItem","position":2,"name":"Governo de SP inicia campanha e anuncia aporte para fomentar vacina\u00e7\u00e3o no Estado"}]},{"@type":"WebSite","@id":"https:\/\/regiaonews.net.br\/2022\/#website","url":"https:\/\/regiaonews.net.br\/2022\/","name":"Regi\u00e3o News","description":"Site de Not\u00edcias de Barretos e regi\u00e3o","publisher":{"@id":"https:\/\/regiaonews.net.br\/2022\/#organization"},"potentialAction":[{"@type":"SearchAction","target":{"@type":"EntryPoint","urlTemplate":"https:\/\/regiaonews.net.br\/2022\/?s={search_term_string}"},"query-input":{"@type":"PropertyValueSpecification","valueRequired":true,"valueName":"search_term_string"}}],"inLanguage":"pt-BR"},{"@type":"Organization","@id":"https:\/\/regiaonews.net.br\/2022\/#organization","name":"Regi\u00e3o News","url":"https:\/\/regiaonews.net.br\/2022\/","logo":{"@type":"ImageObject","inLanguage":"pt-BR","@id":"https:\/\/regiaonews.net.br\/2022\/#\/schema\/logo\/image\/","url":"https:\/\/regiaonews.net.br\/2022\/wp-content\/uploads\/2026\/03\/regiao-13-anos-scaled.jpg","contentUrl":"https:\/\/regiaonews.net.br\/2022\/wp-content\/uploads\/2026\/03\/regiao-13-anos-scaled.jpg","width":2560,"height":635,"caption":"Regi\u00e3o News"},"image":{"@id":"https:\/\/regiaonews.net.br\/2022\/#\/schema\/logo\/image\/"}},{"@type":"Person","@id":"https:\/\/regiaonews.net.br\/2022\/#\/schema\/person\/2d205a608a5aa97ac279d7a5e6d89ad8","name":"Roberto","image":{"@type":"ImageObject","inLanguage":"pt-BR","@id":"https:\/\/secure.gravatar.com\/avatar\/42749d8b712ff9d59ca93dc150494e5b55a44134482993f5baeb97e61b7ecc89?s=96&d=mm&r=g","url":"https:\/\/secure.gravatar.com\/avatar\/42749d8b712ff9d59ca93dc150494e5b55a44134482993f5baeb97e61b7ecc89?s=96&d=mm&r=g","contentUrl":"https:\/\/secure.gravatar.com\/avatar\/42749d8b712ff9d59ca93dc150494e5b55a44134482993f5baeb97e61b7ecc89?s=96&d=mm&r=g","caption":"Roberto"},"url":"https:\/\/regiaonews.net.br\/2022\/author\/roberto\/"}]}},"publishpress_future_action":{"enabled":false,"date":"2026-05-03 06:47:16","action":"change-status","newStatus":"draft","terms":[],"taxonomy":"category","extraData":[]},"publishpress_future_workflow_manual_trigger":{"enabledWorkflows":[]},"_links":{"self":[{"href":"https:\/\/regiaonews.net.br\/2022\/wp-json\/wp\/v2\/posts\/84889","targetHints":{"allow":["GET"]}}],"collection":[{"href":"https:\/\/regiaonews.net.br\/2022\/wp-json\/wp\/v2\/posts"}],"about":[{"href":"https:\/\/regiaonews.net.br\/2022\/wp-json\/wp\/v2\/types\/post"}],"author":[{"embeddable":true,"href":"https:\/\/regiaonews.net.br\/2022\/wp-json\/wp\/v2\/users\/2"}],"replies":[{"embeddable":true,"href":"https:\/\/regiaonews.net.br\/2022\/wp-json\/wp\/v2\/comments?post=84889"}],"version-history":[{"count":1,"href":"https:\/\/regiaonews.net.br\/2022\/wp-json\/wp\/v2\/posts\/84889\/revisions"}],"predecessor-version":[{"id":84890,"href":"https:\/\/regiaonews.net.br\/2022\/wp-json\/wp\/v2\/posts\/84889\/revisions\/84890"}],"wp:featuredmedia":[{"embeddable":true,"href":"https:\/\/regiaonews.net.br\/2022\/wp-json\/wp\/v2\/media\/67683"}],"wp:attachment":[{"href":"https:\/\/regiaonews.net.br\/2022\/wp-json\/wp\/v2\/media?parent=84889"}],"wp:term":[{"taxonomy":"category","embeddable":true,"href":"https:\/\/regiaonews.net.br\/2022\/wp-json\/wp\/v2\/categories?post=84889"},{"taxonomy":"post_tag","embeddable":true,"href":"https:\/\/regiaonews.net.br\/2022\/wp-json\/wp\/v2\/tags?post=84889"}],"curies":[{"name":"wp","href":"https:\/\/api.w.org\/{rel}","templated":true}]}}