{"id":84885,"date":"2023-03-07T08:43:31","date_gmt":"2023-03-07T11:43:31","guid":{"rendered":"https:\/\/regiaonews.net.br\/2022\/?p=84885"},"modified":"2023-03-07T10:17:39","modified_gmt":"2023-03-07T13:17:39","slug":"morre-o-arquiteto-e-ex-presidente-de-os-independentes-nivaldo-gomes","status":"publish","type":"post","link":"https:\/\/regiaonews.net.br\/2022\/2023\/03\/07\/morre-o-arquiteto-e-ex-presidente-de-os-independentes-nivaldo-gomes\/","title":{"rendered":"Morre o arquiteto e ex-presidente de Os Independentes Nivaldo Gomes"},"content":{"rendered":"<p>Foto &#8211; Nivaldo Gomes ao lado filho<\/p>\n<p>&nbsp;<\/p>\n<p>Morreu na manh\u00e3 de hoje, aos 89 anos, o\u00a0 arquiteto e ex-presidente de Os Independentes, Nivaldo Gomes.\u00a0 Nas redes sociais, a fam\u00edlia divulgou que Nivaldo\u00a0 morreu por volta das 6h30.\u00a0 O hor\u00e1rio do vel\u00f3rio e sepultamento ainda n\u00e3o foi informado pela fam\u00edlia.<\/p>\n<p>Nota<\/p>\n<p>A Associa\u00e7\u00e3o Os Independentes lamenta profundamente o falecimento do ex-presidente e arquiteto Nivaldo Gomes, nesta ter\u00e7a-feira, dia 07 de mar\u00e7o, aos 89 anos de idade.<br \/>\nCom atua\u00e7\u00e3o brilhante e proativa na hist\u00f3ria de Os Independentes \u2013 que integrava desde o ano de 1966 -, Sr. Nivaldo era atualmente membro da Comiss\u00e3o de Administra\u00e7\u00e3o do Memorial do Pe\u00e3o, tendo sido presidente da Associa\u00e7\u00e3o nas gest\u00f5es de 1967, 1972 e 1973. Tamb\u00e9m foi um dos criadores do monumento localizado na frente do Parque do Pe\u00e3o com o s\u00edmbolo de Os Independentes, a Roseta. Al\u00e9m disso, \u00e9 autor do projeto do Memorial do Pe\u00e3o, entre outras grandes obras.<br \/>\nNivaldo Gomes era vi\u00favo de dona Marta Maria Froner Gomes. Deixa os filhos Nivaldo J\u00fanior (diretor adjunto de marketing de Os Independentes), Marcelo, Heloisa e Luciana; a nora Renata B\u00e1rbara; o genro Davi; e os netos Pedro Henrique e Mariana.<br \/>\nO vel\u00f3rio acontecer\u00e1 nesta ter\u00e7a das 11h \u00e0s 16h, na Loja Ma\u00e7\u00f4nica Fraternidade Paulista (Rua 22, 659). O sepultamento ocorre \u00e0s 16h30, no Cemit\u00e9rio Municipal de Barretos.<\/p>\n","protected":false},"excerpt":{"rendered":"<p>Foto &#8211; Nivaldo Gomes ao lado filho &nbsp; Morreu na<\/p>\n","protected":false},"author":2,"featured_media":84886,"comment_status":"open","ping_status":"open","sticky":false,"template":"","format":"standard","meta":{"footnotes":""},"categories":[14,88],"tags":[],"class_list":["post-84885","post","type-post","status-publish","format-standard","has-post-thumbnail","hentry","category-barretos","category-falecimento"],"yoast_head":"<!-- This site is optimized with the Yoast SEO plugin v27.4 - https:\/\/yoast.com\/product\/yoast-seo-wordpress\/ -->\n<title>Morre o arquiteto e ex-presidente de Os Independentes Nivaldo Gomes - Regi\u00e3o News<\/title>\n<meta name=\"robots\" content=\"index, follow, max-snippet:-1, max-image-preview:large, max-video-preview:-1\" \/>\n<link rel=\"canonical\" href=\"https:\/\/regiaonews.net.br\/2022\/2023\/03\/07\/morre-o-arquiteto-e-ex-presidente-de-os-independentes-nivaldo-gomes\/\" \/>\n<meta property=\"og:locale\" content=\"pt_BR\" \/>\n<meta property=\"og:type\" content=\"article\" \/>\n<meta property=\"og:title\" content=\"Morre o arquiteto e ex-presidente de Os Independentes Nivaldo Gomes - Regi\u00e3o News\" \/>\n<meta property=\"og:description\" content=\"Foto &#8211; Nivaldo Gomes ao lado filho &nbsp; Morreu na\" \/>\n<meta property=\"og:url\" content=\"https:\/\/regiaonews.net.br\/2022\/2023\/03\/07\/morre-o-arquiteto-e-ex-presidente-de-os-independentes-nivaldo-gomes\/\" \/>\n<meta property=\"og:site_name\" content=\"Regi\u00e3o News\" \/>\n<meta property=\"article:published_time\" content=\"2023-03-07T11:43:31+00:00\" \/>\n<meta property=\"article:modified_time\" content=\"2023-03-07T13:17:39+00:00\" \/>\n<meta property=\"og:image\" content=\"https:\/\/regiaonews.net.br\/2022\/wp-content\/uploads\/2023\/03\/IMG-20230307-WA0070.jpg\" \/>\n\t<meta property=\"og:image:width\" content=\"640\" \/>\n\t<meta property=\"og:image:height\" content=\"640\" \/>\n\t<meta property=\"og:image:type\" content=\"image\/jpeg\" \/>\n<meta name=\"author\" content=\"Roberto\" \/>\n<meta name=\"twitter:card\" content=\"summary_large_image\" \/>\n<meta name=\"twitter:label1\" content=\"Escrito por\" \/>\n\t<meta name=\"twitter:data1\" content=\"Roberto\" \/>\n\t<meta name=\"twitter:label2\" content=\"Est. tempo de leitura\" \/>\n\t<meta name=\"twitter:data2\" content=\"2 minutos\" \/>\n<script type=\"application\/ld+json\" class=\"yoast-schema-graph\">{\"@context\":\"https:\\\/\\\/schema.org\",\"@graph\":[{\"@type\":\"Article\",\"@id\":\"https:\\\/\\\/regiaonews.net.br\\\/2022\\\/2023\\\/03\\\/07\\\/morre-o-arquiteto-e-ex-presidente-de-os-independentes-nivaldo-gomes\\\/#article\",\"isPartOf\":{\"@id\":\"https:\\\/\\\/regiaonews.net.br\\\/2022\\\/2023\\\/03\\\/07\\\/morre-o-arquiteto-e-ex-presidente-de-os-independentes-nivaldo-gomes\\\/\"},\"author\":{\"name\":\"Roberto\",\"@id\":\"https:\\\/\\\/regiaonews.net.br\\\/2022\\\/#\\\/schema\\\/person\\\/2d205a608a5aa97ac279d7a5e6d89ad8\"},\"headline\":\"Morre o arquiteto e ex-presidente de Os Independentes Nivaldo Gomes\",\"datePublished\":\"2023-03-07T11:43:31+00:00\",\"dateModified\":\"2023-03-07T13:17:39+00:00\",\"mainEntityOfPage\":{\"@id\":\"https:\\\/\\\/regiaonews.net.br\\\/2022\\\/2023\\\/03\\\/07\\\/morre-o-arquiteto-e-ex-presidente-de-os-independentes-nivaldo-gomes\\\/\"},\"wordCount\":249,\"commentCount\":0,\"publisher\":{\"@id\":\"https:\\\/\\\/regiaonews.net.br\\\/2022\\\/#organization\"},\"image\":{\"@id\":\"https:\\\/\\\/regiaonews.net.br\\\/2022\\\/2023\\\/03\\\/07\\\/morre-o-arquiteto-e-ex-presidente-de-os-independentes-nivaldo-gomes\\\/#primaryimage\"},\"thumbnailUrl\":\"https:\\\/\\\/regiaonews.net.br\\\/2022\\\/wp-content\\\/uploads\\\/2023\\\/03\\\/IMG-20230307-WA0070.jpg\",\"articleSection\":[\"Barretos\",\"Falecimento\"],\"inLanguage\":\"pt-BR\",\"potentialAction\":[{\"@type\":\"CommentAction\",\"name\":\"Comment\",\"target\":[\"https:\\\/\\\/regiaonews.net.br\\\/2022\\\/2023\\\/03\\\/07\\\/morre-o-arquiteto-e-ex-presidente-de-os-independentes-nivaldo-gomes\\\/#respond\"]}]},{\"@type\":\"WebPage\",\"@id\":\"https:\\\/\\\/regiaonews.net.br\\\/2022\\\/2023\\\/03\\\/07\\\/morre-o-arquiteto-e-ex-presidente-de-os-independentes-nivaldo-gomes\\\/\",\"url\":\"https:\\\/\\\/regiaonews.net.br\\\/2022\\\/2023\\\/03\\\/07\\\/morre-o-arquiteto-e-ex-presidente-de-os-independentes-nivaldo-gomes\\\/\",\"name\":\"Morre o arquiteto e ex-presidente de Os Independentes Nivaldo Gomes - Regi\u00e3o News\",\"isPartOf\":{\"@id\":\"https:\\\/\\\/regiaonews.net.br\\\/2022\\\/#website\"},\"primaryImageOfPage\":{\"@id\":\"https:\\\/\\\/regiaonews.net.br\\\/2022\\\/2023\\\/03\\\/07\\\/morre-o-arquiteto-e-ex-presidente-de-os-independentes-nivaldo-gomes\\\/#primaryimage\"},\"image\":{\"@id\":\"https:\\\/\\\/regiaonews.net.br\\\/2022\\\/2023\\\/03\\\/07\\\/morre-o-arquiteto-e-ex-presidente-de-os-independentes-nivaldo-gomes\\\/#primaryimage\"},\"thumbnailUrl\":\"https:\\\/\\\/regiaonews.net.br\\\/2022\\\/wp-content\\\/uploads\\\/2023\\\/03\\\/IMG-20230307-WA0070.jpg\",\"datePublished\":\"2023-03-07T11:43:31+00:00\",\"dateModified\":\"2023-03-07T13:17:39+00:00\",\"breadcrumb\":{\"@id\":\"https:\\\/\\\/regiaonews.net.br\\\/2022\\\/2023\\\/03\\\/07\\\/morre-o-arquiteto-e-ex-presidente-de-os-independentes-nivaldo-gomes\\\/#breadcrumb\"},\"inLanguage\":\"pt-BR\",\"potentialAction\":[{\"@type\":\"ReadAction\",\"target\":[\"https:\\\/\\\/regiaonews.net.br\\\/2022\\\/2023\\\/03\\\/07\\\/morre-o-arquiteto-e-ex-presidente-de-os-independentes-nivaldo-gomes\\\/\"]}]},{\"@type\":\"ImageObject\",\"inLanguage\":\"pt-BR\",\"@id\":\"https:\\\/\\\/regiaonews.net.br\\\/2022\\\/2023\\\/03\\\/07\\\/morre-o-arquiteto-e-ex-presidente-de-os-independentes-nivaldo-gomes\\\/#primaryimage\",\"url\":\"https:\\\/\\\/regiaonews.net.br\\\/2022\\\/wp-content\\\/uploads\\\/2023\\\/03\\\/IMG-20230307-WA0070.jpg\",\"contentUrl\":\"https:\\\/\\\/regiaonews.net.br\\\/2022\\\/wp-content\\\/uploads\\\/2023\\\/03\\\/IMG-20230307-WA0070.jpg\",\"width\":640,\"height\":640},{\"@type\":\"BreadcrumbList\",\"@id\":\"https:\\\/\\\/regiaonews.net.br\\\/2022\\\/2023\\\/03\\\/07\\\/morre-o-arquiteto-e-ex-presidente-de-os-independentes-nivaldo-gomes\\\/#breadcrumb\",\"itemListElement\":[{\"@type\":\"ListItem\",\"position\":1,\"name\":\"In\u00edcio\",\"item\":\"https:\\\/\\\/regiaonews.net.br\\\/2022\\\/\"},{\"@type\":\"ListItem\",\"position\":2,\"name\":\"Morre o arquiteto e ex-presidente de Os Independentes Nivaldo Gomes\"}]},{\"@type\":\"WebSite\",\"@id\":\"https:\\\/\\\/regiaonews.net.br\\\/2022\\\/#website\",\"url\":\"https:\\\/\\\/regiaonews.net.br\\\/2022\\\/\",\"name\":\"Regi\u00e3o News\",\"description\":\"Site de Not\u00edcias de Barretos e regi\u00e3o\",\"publisher\":{\"@id\":\"https:\\\/\\\/regiaonews.net.br\\\/2022\\\/#organization\"},\"potentialAction\":[{\"@type\":\"SearchAction\",\"target\":{\"@type\":\"EntryPoint\",\"urlTemplate\":\"https:\\\/\\\/regiaonews.net.br\\\/2022\\\/?s={search_term_string}\"},\"query-input\":{\"@type\":\"PropertyValueSpecification\",\"valueRequired\":true,\"valueName\":\"search_term_string\"}}],\"inLanguage\":\"pt-BR\"},{\"@type\":\"Organization\",\"@id\":\"https:\\\/\\\/regiaonews.net.br\\\/2022\\\/#organization\",\"name\":\"Regi\u00e3o News\",\"url\":\"https:\\\/\\\/regiaonews.net.br\\\/2022\\\/\",\"logo\":{\"@type\":\"ImageObject\",\"inLanguage\":\"pt-BR\",\"@id\":\"https:\\\/\\\/regiaonews.net.br\\\/2022\\\/#\\\/schema\\\/logo\\\/image\\\/\",\"url\":\"https:\\\/\\\/regiaonews.net.br\\\/2022\\\/wp-content\\\/uploads\\\/2026\\\/03\\\/regiao-13-anos-scaled.jpg\",\"contentUrl\":\"https:\\\/\\\/regiaonews.net.br\\\/2022\\\/wp-content\\\/uploads\\\/2026\\\/03\\\/regiao-13-anos-scaled.jpg\",\"width\":2560,\"height\":635,\"caption\":\"Regi\u00e3o News\"},\"image\":{\"@id\":\"https:\\\/\\\/regiaonews.net.br\\\/2022\\\/#\\\/schema\\\/logo\\\/image\\\/\"}},{\"@type\":\"Person\",\"@id\":\"https:\\\/\\\/regiaonews.net.br\\\/2022\\\/#\\\/schema\\\/person\\\/2d205a608a5aa97ac279d7a5e6d89ad8\",\"name\":\"Roberto\",\"image\":{\"@type\":\"ImageObject\",\"inLanguage\":\"pt-BR\",\"@id\":\"https:\\\/\\\/secure.gravatar.com\\\/avatar\\\/42749d8b712ff9d59ca93dc150494e5b55a44134482993f5baeb97e61b7ecc89?s=96&d=mm&r=g\",\"url\":\"https:\\\/\\\/secure.gravatar.com\\\/avatar\\\/42749d8b712ff9d59ca93dc150494e5b55a44134482993f5baeb97e61b7ecc89?s=96&d=mm&r=g\",\"contentUrl\":\"https:\\\/\\\/secure.gravatar.com\\\/avatar\\\/42749d8b712ff9d59ca93dc150494e5b55a44134482993f5baeb97e61b7ecc89?s=96&d=mm&r=g\",\"caption\":\"Roberto\"},\"url\":\"https:\\\/\\\/regiaonews.net.br\\\/2022\\\/author\\\/roberto\\\/\"}]}<\/script>\n<!-- \/ Yoast SEO plugin. -->","yoast_head_json":{"title":"Morre o arquiteto e ex-presidente de Os Independentes Nivaldo Gomes - Regi\u00e3o News","robots":{"index":"index","follow":"follow","max-snippet":"max-snippet:-1","max-image-preview":"max-image-preview:large","max-video-preview":"max-video-preview:-1"},"canonical":"https:\/\/regiaonews.net.br\/2022\/2023\/03\/07\/morre-o-arquiteto-e-ex-presidente-de-os-independentes-nivaldo-gomes\/","og_locale":"pt_BR","og_type":"article","og_title":"Morre o arquiteto e ex-presidente de Os Independentes Nivaldo Gomes - Regi\u00e3o News","og_description":"Foto &#8211; Nivaldo Gomes ao lado filho &nbsp; Morreu na","og_url":"https:\/\/regiaonews.net.br\/2022\/2023\/03\/07\/morre-o-arquiteto-e-ex-presidente-de-os-independentes-nivaldo-gomes\/","og_site_name":"Regi\u00e3o News","article_published_time":"2023-03-07T11:43:31+00:00","article_modified_time":"2023-03-07T13:17:39+00:00","og_image":[{"width":640,"height":640,"url":"https:\/\/regiaonews.net.br\/2022\/wp-content\/uploads\/2023\/03\/IMG-20230307-WA0070.jpg","type":"image\/jpeg"}],"author":"Roberto","twitter_card":"summary_large_image","twitter_misc":{"Escrito por":"Roberto","Est. tempo de leitura":"2 minutos"},"schema":{"@context":"https:\/\/schema.org","@graph":[{"@type":"Article","@id":"https:\/\/regiaonews.net.br\/2022\/2023\/03\/07\/morre-o-arquiteto-e-ex-presidente-de-os-independentes-nivaldo-gomes\/#article","isPartOf":{"@id":"https:\/\/regiaonews.net.br\/2022\/2023\/03\/07\/morre-o-arquiteto-e-ex-presidente-de-os-independentes-nivaldo-gomes\/"},"author":{"name":"Roberto","@id":"https:\/\/regiaonews.net.br\/2022\/#\/schema\/person\/2d205a608a5aa97ac279d7a5e6d89ad8"},"headline":"Morre o arquiteto e ex-presidente de Os Independentes Nivaldo Gomes","datePublished":"2023-03-07T11:43:31+00:00","dateModified":"2023-03-07T13:17:39+00:00","mainEntityOfPage":{"@id":"https:\/\/regiaonews.net.br\/2022\/2023\/03\/07\/morre-o-arquiteto-e-ex-presidente-de-os-independentes-nivaldo-gomes\/"},"wordCount":249,"commentCount":0,"publisher":{"@id":"https:\/\/regiaonews.net.br\/2022\/#organization"},"image":{"@id":"https:\/\/regiaonews.net.br\/2022\/2023\/03\/07\/morre-o-arquiteto-e-ex-presidente-de-os-independentes-nivaldo-gomes\/#primaryimage"},"thumbnailUrl":"https:\/\/regiaonews.net.br\/2022\/wp-content\/uploads\/2023\/03\/IMG-20230307-WA0070.jpg","articleSection":["Barretos","Falecimento"],"inLanguage":"pt-BR","potentialAction":[{"@type":"CommentAction","name":"Comment","target":["https:\/\/regiaonews.net.br\/2022\/2023\/03\/07\/morre-o-arquiteto-e-ex-presidente-de-os-independentes-nivaldo-gomes\/#respond"]}]},{"@type":"WebPage","@id":"https:\/\/regiaonews.net.br\/2022\/2023\/03\/07\/morre-o-arquiteto-e-ex-presidente-de-os-independentes-nivaldo-gomes\/","url":"https:\/\/regiaonews.net.br\/2022\/2023\/03\/07\/morre-o-arquiteto-e-ex-presidente-de-os-independentes-nivaldo-gomes\/","name":"Morre o arquiteto e ex-presidente de Os Independentes Nivaldo Gomes - Regi\u00e3o News","isPartOf":{"@id":"https:\/\/regiaonews.net.br\/2022\/#website"},"primaryImageOfPage":{"@id":"https:\/\/regiaonews.net.br\/2022\/2023\/03\/07\/morre-o-arquiteto-e-ex-presidente-de-os-independentes-nivaldo-gomes\/#primaryimage"},"image":{"@id":"https:\/\/regiaonews.net.br\/2022\/2023\/03\/07\/morre-o-arquiteto-e-ex-presidente-de-os-independentes-nivaldo-gomes\/#primaryimage"},"thumbnailUrl":"https:\/\/regiaonews.net.br\/2022\/wp-content\/uploads\/2023\/03\/IMG-20230307-WA0070.jpg","datePublished":"2023-03-07T11:43:31+00:00","dateModified":"2023-03-07T13:17:39+00:00","breadcrumb":{"@id":"https:\/\/regiaonews.net.br\/2022\/2023\/03\/07\/morre-o-arquiteto-e-ex-presidente-de-os-independentes-nivaldo-gomes\/#breadcrumb"},"inLanguage":"pt-BR","potentialAction":[{"@type":"ReadAction","target":["https:\/\/regiaonews.net.br\/2022\/2023\/03\/07\/morre-o-arquiteto-e-ex-presidente-de-os-independentes-nivaldo-gomes\/"]}]},{"@type":"ImageObject","inLanguage":"pt-BR","@id":"https:\/\/regiaonews.net.br\/2022\/2023\/03\/07\/morre-o-arquiteto-e-ex-presidente-de-os-independentes-nivaldo-gomes\/#primaryimage","url":"https:\/\/regiaonews.net.br\/2022\/wp-content\/uploads\/2023\/03\/IMG-20230307-WA0070.jpg","contentUrl":"https:\/\/regiaonews.net.br\/2022\/wp-content\/uploads\/2023\/03\/IMG-20230307-WA0070.jpg","width":640,"height":640},{"@type":"BreadcrumbList","@id":"https:\/\/regiaonews.net.br\/2022\/2023\/03\/07\/morre-o-arquiteto-e-ex-presidente-de-os-independentes-nivaldo-gomes\/#breadcrumb","itemListElement":[{"@type":"ListItem","position":1,"name":"In\u00edcio","item":"https:\/\/regiaonews.net.br\/2022\/"},{"@type":"ListItem","position":2,"name":"Morre o arquiteto e ex-presidente de Os Independentes Nivaldo Gomes"}]},{"@type":"WebSite","@id":"https:\/\/regiaonews.net.br\/2022\/#website","url":"https:\/\/regiaonews.net.br\/2022\/","name":"Regi\u00e3o News","description":"Site de Not\u00edcias de Barretos e regi\u00e3o","publisher":{"@id":"https:\/\/regiaonews.net.br\/2022\/#organization"},"potentialAction":[{"@type":"SearchAction","target":{"@type":"EntryPoint","urlTemplate":"https:\/\/regiaonews.net.br\/2022\/?s={search_term_string}"},"query-input":{"@type":"PropertyValueSpecification","valueRequired":true,"valueName":"search_term_string"}}],"inLanguage":"pt-BR"},{"@type":"Organization","@id":"https:\/\/regiaonews.net.br\/2022\/#organization","name":"Regi\u00e3o News","url":"https:\/\/regiaonews.net.br\/2022\/","logo":{"@type":"ImageObject","inLanguage":"pt-BR","@id":"https:\/\/regiaonews.net.br\/2022\/#\/schema\/logo\/image\/","url":"https:\/\/regiaonews.net.br\/2022\/wp-content\/uploads\/2026\/03\/regiao-13-anos-scaled.jpg","contentUrl":"https:\/\/regiaonews.net.br\/2022\/wp-content\/uploads\/2026\/03\/regiao-13-anos-scaled.jpg","width":2560,"height":635,"caption":"Regi\u00e3o News"},"image":{"@id":"https:\/\/regiaonews.net.br\/2022\/#\/schema\/logo\/image\/"}},{"@type":"Person","@id":"https:\/\/regiaonews.net.br\/2022\/#\/schema\/person\/2d205a608a5aa97ac279d7a5e6d89ad8","name":"Roberto","image":{"@type":"ImageObject","inLanguage":"pt-BR","@id":"https:\/\/secure.gravatar.com\/avatar\/42749d8b712ff9d59ca93dc150494e5b55a44134482993f5baeb97e61b7ecc89?s=96&d=mm&r=g","url":"https:\/\/secure.gravatar.com\/avatar\/42749d8b712ff9d59ca93dc150494e5b55a44134482993f5baeb97e61b7ecc89?s=96&d=mm&r=g","contentUrl":"https:\/\/secure.gravatar.com\/avatar\/42749d8b712ff9d59ca93dc150494e5b55a44134482993f5baeb97e61b7ecc89?s=96&d=mm&r=g","caption":"Roberto"},"url":"https:\/\/regiaonews.net.br\/2022\/author\/roberto\/"}]}},"publishpress_future_action":{"enabled":false,"date":"2026-05-03 05:11:27","action":"change-status","newStatus":"draft","terms":[],"taxonomy":"category","extraData":[]},"publishpress_future_workflow_manual_trigger":{"enabledWorkflows":[]},"_links":{"self":[{"href":"https:\/\/regiaonews.net.br\/2022\/wp-json\/wp\/v2\/posts\/84885","targetHints":{"allow":["GET"]}}],"collection":[{"href":"https:\/\/regiaonews.net.br\/2022\/wp-json\/wp\/v2\/posts"}],"about":[{"href":"https:\/\/regiaonews.net.br\/2022\/wp-json\/wp\/v2\/types\/post"}],"author":[{"embeddable":true,"href":"https:\/\/regiaonews.net.br\/2022\/wp-json\/wp\/v2\/users\/2"}],"replies":[{"embeddable":true,"href":"https:\/\/regiaonews.net.br\/2022\/wp-json\/wp\/v2\/comments?post=84885"}],"version-history":[{"count":2,"href":"https:\/\/regiaonews.net.br\/2022\/wp-json\/wp\/v2\/posts\/84885\/revisions"}],"predecessor-version":[{"id":84888,"href":"https:\/\/regiaonews.net.br\/2022\/wp-json\/wp\/v2\/posts\/84885\/revisions\/84888"}],"wp:featuredmedia":[{"embeddable":true,"href":"https:\/\/regiaonews.net.br\/2022\/wp-json\/wp\/v2\/media\/84886"}],"wp:attachment":[{"href":"https:\/\/regiaonews.net.br\/2022\/wp-json\/wp\/v2\/media?parent=84885"}],"wp:term":[{"taxonomy":"category","embeddable":true,"href":"https:\/\/regiaonews.net.br\/2022\/wp-json\/wp\/v2\/categories?post=84885"},{"taxonomy":"post_tag","embeddable":true,"href":"https:\/\/regiaonews.net.br\/2022\/wp-json\/wp\/v2\/tags?post=84885"}],"curies":[{"name":"wp","href":"https:\/\/api.w.org\/{rel}","templated":true}]}}