{"id":84882,"date":"2023-03-07T08:15:52","date_gmt":"2023-03-07T11:15:52","guid":{"rendered":"https:\/\/regiaonews.net.br\/2022\/?p=84882"},"modified":"2023-03-07T08:15:52","modified_gmt":"2023-03-07T11:15:52","slug":"celebracao-antecipada-do-dia-internacional-das-mulheres-atrai-a-populacao-ao-recinto","status":"publish","type":"post","link":"https:\/\/regiaonews.net.br\/2022\/2023\/03\/07\/celebracao-antecipada-do-dia-internacional-das-mulheres-atrai-a-populacao-ao-recinto\/","title":{"rendered":"Celebra\u00e7\u00e3o antecipada do Dia Internacional das Mulheres atrai a popula\u00e7\u00e3o ao Recinto"},"content":{"rendered":"<p>&nbsp;<\/p>\n<p>A Prefeitura da Est\u00e2ncia Tur\u00edstica de Barretos, com equipes das Secretarias Municipais de Sa\u00fade, Assist\u00eancia Social e Desenvolvimento Humano, Cultura e Esporte e Lazer, Desenvolvimento Econ\u00f4mico e organiza\u00e7\u00f5es apoiadoras, realizou o evento \u2018Dia Delas\u2019 neste domingo, dia 5, no Recinto Paulo de Lima Correa. Ao longo de toda a manh\u00e3, a popula\u00e7\u00e3o e, em especial, as mulheres tiveram acesso a uma s\u00e9rie de a\u00e7\u00f5es gratuitas. Atividades voltadas a empreendedorismo, preven\u00e7\u00e3o da sa\u00fade; apresenta\u00e7\u00f5es musicais, liter\u00e1rias, esportivas \u2013 de jud\u00f4 e karat\u00ea \u2013, e elas puderam tamb\u00e9m movimentar o corpo com a Zumba.<\/p>\n<p>A prefeita Paula Lemos acompanhou o \u2018Dia Delas\u2019. \u201c\u00c9 uma felicidade muito grande para mim ver tantas mulheres empreendendo em nossa cidade e podermos receber as mulheres barretenses para virem conferir e prestigiar as a\u00e7\u00f5es deste dia\u201d, afirmou. \u201cFoi pensando nas mulheres de nossa cidade que reunimos as equipes da prefeitura e que articulamos com o Hospital do Amor, Senac, Sebrae, Banco do Povo e Coletivo Quintess\u00eancia para que estivessem reunidos hoje oferendo essas atividades\u201d, enfatizou. Paula incentivou ainda o empreendedorismo feminino como consumidora e adquiriu produtos das artes\u00e3s. Secret\u00e1rios municipais; Let\u00edcia Lemos, presidente do Fundo Social de Solidariedade; Lupa, presidente da C\u00e2mara, e o vereador Carl\u00e3o do Basquete tamb\u00e9m estiveram presentes.<\/p>\n<p>*Contra a viol\u00eancia: fortalecimento*<\/p>\n<p>Titular da Delegacia de Defesa da Mulher (DDM), a delegada Denise Polizelli classificou o evento como muito importante e enfatizou que o \u2018Dia Delas\u2019 marca uma mudan\u00e7a no formato de evento relacionado ao Dia das Mulheres, em que o foco n\u00e3o est\u00e1 mais especificamente em quest\u00f5es est\u00e9ticas. \u201cMas no empreendedorismo, na for\u00e7a da mulher. Isso colabora muito com o trabalho da DDM para a gente fortalecer as mulheres para que elas n\u00e3o fiquem sujeitas \u00e0 viol\u00eancia dom\u00e9stica\u201d, destacou.<\/p>\n<p>A delegada Denise refor\u00e7ou que, conforme vai se trabalhando com mulheres, percebe-se que s\u00f3 estimular a den\u00fancia n\u00e3o \u00e9 o suficiente para romper o ciclo de viol\u00eancia. \u201cO momento da den\u00fancia \u00e9 s\u00f3 o come\u00e7o de todo um ciclo para romper, de todos os desafios que v\u00e3o surgir na vida dessa mulher. Como ela vai se manter? Que apoio ela vai ter nesse processo? Quando n\u00f3s colocamos em destaque o trabalho de mulheres que est\u00e3o aqui empreendendo \u00e9 maravilhoso, \u00e9 exatamente esse caminho para n\u00e3o ter mais viol\u00eancia dom\u00e9stica e para romper com aquela que est\u00e1 ocorrendo\u201d, salientou.<\/p>\n<p>*Elas no desenvolvimento econ\u00f4mico*<\/p>\n<p>Artesanatos, alimentos saud\u00e1veis, produtos personalizados, cosm\u00e9ticos. As empreendedoras se destacaram na exposi\u00e7\u00e3o de seus produtos e as mulheres que foram prestigiar o evento sa\u00edram do local mais bem informadas e podendo adquirir produtos pelos quais se interessaram. O \u2018Sebrae Aqui\u2019 se destacou no apoio a empreendedoras nesse setor. O Banco do Povo tamb\u00e9m esteve presente para oferecer orienta\u00e7\u00f5es.<\/p>\n<p>A artes\u00e3 Michele Salviano destacou que trabalha com arte h\u00e1 30 anos e \u00e9 a primeira vez que est\u00e1 fazendo uma exposi\u00e7\u00e3o de seus croch\u00eas em evento organizado pela Prefeitura. \u201cEstou amando, tudo muito organizado, muito bonito. Estou gostando muito de expor em minha cidade, em um evento da prefeitura, e espero fazer muito mais vezes aqui\u201d, afirmou.<\/p>\n<p>A artes\u00e3 Beatriz Caldas, que j\u00e1 expos em outros pontos da cidade por meio do Conex\u00e3o Feminina, destacou que logo no in\u00edcio da manh\u00e3 foram bem orientados, viabilizando o bom funcionamento do evento. \u201cTudo bem organizadinho. Gostei bastante do incentivo da Prefeitura, do Sebrae, do Hospital do Amor no evento\u201d, afirmou.<\/p>\n<p>Vivian Almeida, empreendedora e engenheira de alimentos, destacou que participa de eventos diversos com o grupo \u2018Mulheres quando se juntam\u2019. H\u00e1 um ano e meio ela abriu seu neg\u00f3cio na cidade produzindo refei\u00e7\u00f5es com temperos naturais, sem aditivos, e oferece todos os dias as op\u00e7\u00f5es tradicional, vegetariana e vegana. \u201cNo semestre passado, fomos na Festa do Pe\u00e3o. No come\u00e7o deste ano, participamos de evento na Esta\u00e7\u00e3o Cultura, incentivados pelo Sebrae e pela Prefeitura, que cedeu o espa\u00e7o. Trabalhamos constantemente em feiras, eventos e tamb\u00e9m no espa\u00e7o pr\u00f3prio\u201d, refor\u00e7ou.<\/p>\n<p>*Autoconfian\u00e7a por meio de cuidados*<\/p>\n<p>\u201cPara quem quer empreender, est\u00e1 sendo uma \u00f3tima oportunidade para expor os produtos. E tamb\u00e9m para conhecer os produtos de outras mulheres\u201d, ressaltou Cynthia Bonfim, consultora da Mary Kay.<\/p>\n<p>Josiane Lemos, diretora na Mary Kay, enfatizou que o empreendedorismo \u00e9 libertador. \u201cMuitas mulheres aqui comercializam os pr\u00f3prios produtos. Ainda quero andar pelo evento, ver tudo\u201d, mencionou. \u201cA Mary Kay tem esse papel de elevar a autoestima das mulheres, por meio de cuidado com a pele, de automaquiagem. Isso as empodera, torna mais autoconfiante \u00e9 e o nosso trabalho o ano inteiro, n\u00e3o tem um dia espec\u00edfico\u201d, afirmou.<\/p>\n<p>*Conhecimento, profissionaliza\u00e7\u00e3o e oportunidade*<\/p>\n<p>A gerente do Senac Barretos, Ma\u00edra Latorre Lopez, destacou o intuito da institui\u00e7\u00e3o de contribuir com a cultura do fortalecimento e empoderamento feminino. \u201cEste ano foi muito acertada a abordagem de trazer as mulheres empres\u00e1rias da regi\u00e3o. O Senac tem muito a contribuir nesse sentido, formando mulheres profissionais para fortalecer o desenvolvimento econ\u00f4mico da cidade\u201d, afirmou.<\/p>\n<p>Ma\u00edra destacou que a institui\u00e7\u00e3o levou duas oficinas para o evento. \u201cUma de montagem de salada em pote e a oficina de pindas, um item para fazer massagem. Buscamos levar as pessoas a identificar oportunidades que s\u00e3o simples, mas que podem ser comercializas\u201d, disse. Profissionais tamb\u00e9m apresentaram aos presentes informa\u00e7\u00f5es sobre outras forma\u00e7\u00f5es profissionalizantes que o Senac oferece.<\/p>\n<p>A cabeleira Cassilda Ikegami e sua m\u00e3e, a aposentada Maria Gabriela de Oliveira, aproveitaram as diversas atividades do evento. Ambas realizaram mamografia, pegaram dicas sobre culin\u00e1ria, curso de croch\u00ea. \u201cMuitas coisas diferentes para a gente. Agora vamos l\u00e1 assistir o show\u201d, destacou Gabriela. \u201cCompramos uma pipoca gourmet, um biscoito de polvilho, pulseira\u201d, contou Cassilda, que gostou de ver o espa\u00e7o do Recinto sendo bem aproveitado.<\/p>\n<p>Cleuza Mariola, t\u00e9cnica de enfermagem aposentada, tamb\u00e9m fez a mamografia. \u201cAproveitei para colocar os exames de preven\u00e7\u00e3o em dia, fui muito bem atendida e com bastante orienta\u00e7\u00e3o\u201d, disse. \u201cN\u00f3s merecemos: as mulheres, a popula\u00e7\u00e3o. A organiza\u00e7\u00e3o est\u00e1 de parab\u00e9ns\u201d, disse. Cleuza afirmou tamb\u00e9m que muito bom reativar o Recinto e que comparece na maioria das atividades que v\u00eam sendo realizadas no local. \u201cA gente precisa disso\u201d, refor\u00e7ou.<\/p>\n<p>Vestida de rosa para o \u2018Dia Delas\u2019, Elizabeth Aparecida Ferreira conta que aproveitou o evento de todas as formas. \u201cValeu muito \u00e0 pena, est\u00e1 muito gostoso\u201d, ressaltou a manicure, que menciona que tem frequentado v\u00e1rios eventos no Recinto.<\/p>\n<p>&nbsp;<\/p>\n<p>*Sa\u00fade para elas*<\/p>\n<p>Ao chegarem ao evento, as mulheres foram recepcionadas pela carreta da preven\u00e7\u00e3o do Hospital de Amor, estacionada em frente do Recinto. Bastante elogiada pela maneira gentil de orientar e de conduzir para os exames, a equipe da Preven\u00e7\u00e3o realizou ao longo do domingo 40 exames mamografia e 25 exames de Papanicolau. Outras 20 mamografias foram agendadas para serem feitas no Hospital.<\/p>\n<p>Dentro do Recinto, equipes da Secretaria Municipal de Sa\u00fade aplicaram vacinas contra a Covid-19, realizaram atendimentos odontol\u00f3gicos com orienta\u00e7\u00e3o e preven\u00e7\u00e3o ao c\u00e2ncer bucal e realizaram atendimentos no odontom\u00f3vel e testes r\u00e1pidos para HIV\/AIDS, s\u00edfilis e hepatites B e C. 29 mulheres e seis homens aproveitaram para realizar as testagens.<\/p>\n<p>Segundo a coordenadora do Programa IST\/HIV\/AIDS, Cec\u00edlia de Assis, foram apontados tr\u00eas resultados positivos para S\u00edfilis e um para Hepatite C. \u201cFizemos orienta\u00e7\u00f5es a todas as pessoas e nos casos em que houve teste positivo encaminhamos para fazerem testes laboratoriais para confirma\u00e7\u00e3o. Os testes s\u00e3o uma forma de preven\u00e7\u00e3o, para quebrar a cadeia de transmiss\u00e3o e para que a pessoa, consciente da infec\u00e7\u00e3o, fa\u00e7a o tratamento\u201d, disse.<\/p>\n<p>*Assimp-139-2023*<br \/>\n*Reda\u00e7\u00e3o: Everton Sylvestre*<\/p>\n","protected":false},"excerpt":{"rendered":"<p>&nbsp; A Prefeitura da Est\u00e2ncia Tur\u00edstica de Barretos, com equipes<\/p>\n","protected":false},"author":2,"featured_media":84883,"comment_status":"open","ping_status":"open","sticky":false,"template":"","format":"standard","meta":{"footnotes":""},"categories":[14,25],"tags":[],"class_list":["post-84882","post","type-post","status-publish","format-standard","has-post-thumbnail","hentry","category-barretos","category-cidades"],"yoast_head":"<!-- This site is optimized with the Yoast SEO plugin v27.4 - https:\/\/yoast.com\/product\/yoast-seo-wordpress\/ -->\n<title>Celebra\u00e7\u00e3o antecipada do Dia Internacional das Mulheres atrai a popula\u00e7\u00e3o ao Recinto - Regi\u00e3o News<\/title>\n<meta name=\"robots\" content=\"index, follow, max-snippet:-1, max-image-preview:large, max-video-preview:-1\" \/>\n<link rel=\"canonical\" href=\"https:\/\/regiaonews.net.br\/2022\/2023\/03\/07\/celebracao-antecipada-do-dia-internacional-das-mulheres-atrai-a-populacao-ao-recinto\/\" \/>\n<meta property=\"og:locale\" content=\"pt_BR\" \/>\n<meta property=\"og:type\" content=\"article\" \/>\n<meta property=\"og:title\" content=\"Celebra\u00e7\u00e3o antecipada do Dia Internacional das Mulheres atrai a popula\u00e7\u00e3o ao Recinto - Regi\u00e3o News\" \/>\n<meta property=\"og:description\" content=\"&nbsp; A Prefeitura da Est\u00e2ncia Tur\u00edstica de Barretos, com equipes\" \/>\n<meta property=\"og:url\" content=\"https:\/\/regiaonews.net.br\/2022\/2023\/03\/07\/celebracao-antecipada-do-dia-internacional-das-mulheres-atrai-a-populacao-ao-recinto\/\" \/>\n<meta property=\"og:site_name\" content=\"Regi\u00e3o News\" \/>\n<meta property=\"article:published_time\" content=\"2023-03-07T11:15:52+00:00\" \/>\n<meta property=\"og:image\" content=\"https:\/\/regiaonews.net.br\/2022\/wp-content\/uploads\/2023\/03\/IMG-20230307-WA0044.jpg\" \/>\n\t<meta property=\"og:image:width\" content=\"1592\" \/>\n\t<meta property=\"og:image:height\" content=\"1060\" \/>\n\t<meta property=\"og:image:type\" content=\"image\/jpeg\" \/>\n<meta name=\"author\" content=\"Roberto\" \/>\n<meta name=\"twitter:card\" content=\"summary_large_image\" \/>\n<meta name=\"twitter:label1\" content=\"Escrito por\" \/>\n\t<meta name=\"twitter:data1\" content=\"Roberto\" \/>\n\t<meta name=\"twitter:label2\" content=\"Est. tempo de leitura\" \/>\n\t<meta name=\"twitter:data2\" content=\"7 minutos\" \/>\n<script type=\"application\/ld+json\" class=\"yoast-schema-graph\">{\"@context\":\"https:\\\/\\\/schema.org\",\"@graph\":[{\"@type\":\"Article\",\"@id\":\"https:\\\/\\\/regiaonews.net.br\\\/2022\\\/2023\\\/03\\\/07\\\/celebracao-antecipada-do-dia-internacional-das-mulheres-atrai-a-populacao-ao-recinto\\\/#article\",\"isPartOf\":{\"@id\":\"https:\\\/\\\/regiaonews.net.br\\\/2022\\\/2023\\\/03\\\/07\\\/celebracao-antecipada-do-dia-internacional-das-mulheres-atrai-a-populacao-ao-recinto\\\/\"},\"author\":{\"name\":\"Roberto\",\"@id\":\"https:\\\/\\\/regiaonews.net.br\\\/2022\\\/#\\\/schema\\\/person\\\/2d205a608a5aa97ac279d7a5e6d89ad8\"},\"headline\":\"Celebra\u00e7\u00e3o antecipada do Dia Internacional das Mulheres atrai a popula\u00e7\u00e3o ao Recinto\",\"datePublished\":\"2023-03-07T11:15:52+00:00\",\"mainEntityOfPage\":{\"@id\":\"https:\\\/\\\/regiaonews.net.br\\\/2022\\\/2023\\\/03\\\/07\\\/celebracao-antecipada-do-dia-internacional-das-mulheres-atrai-a-populacao-ao-recinto\\\/\"},\"wordCount\":1339,\"commentCount\":0,\"publisher\":{\"@id\":\"https:\\\/\\\/regiaonews.net.br\\\/2022\\\/#organization\"},\"image\":{\"@id\":\"https:\\\/\\\/regiaonews.net.br\\\/2022\\\/2023\\\/03\\\/07\\\/celebracao-antecipada-do-dia-internacional-das-mulheres-atrai-a-populacao-ao-recinto\\\/#primaryimage\"},\"thumbnailUrl\":\"https:\\\/\\\/regiaonews.net.br\\\/2022\\\/wp-content\\\/uploads\\\/2023\\\/03\\\/IMG-20230307-WA0044.jpg\",\"articleSection\":[\"Barretos\",\"Cidades\"],\"inLanguage\":\"pt-BR\",\"potentialAction\":[{\"@type\":\"CommentAction\",\"name\":\"Comment\",\"target\":[\"https:\\\/\\\/regiaonews.net.br\\\/2022\\\/2023\\\/03\\\/07\\\/celebracao-antecipada-do-dia-internacional-das-mulheres-atrai-a-populacao-ao-recinto\\\/#respond\"]}]},{\"@type\":\"WebPage\",\"@id\":\"https:\\\/\\\/regiaonews.net.br\\\/2022\\\/2023\\\/03\\\/07\\\/celebracao-antecipada-do-dia-internacional-das-mulheres-atrai-a-populacao-ao-recinto\\\/\",\"url\":\"https:\\\/\\\/regiaonews.net.br\\\/2022\\\/2023\\\/03\\\/07\\\/celebracao-antecipada-do-dia-internacional-das-mulheres-atrai-a-populacao-ao-recinto\\\/\",\"name\":\"Celebra\u00e7\u00e3o antecipada do Dia Internacional das Mulheres atrai a popula\u00e7\u00e3o ao Recinto - Regi\u00e3o News\",\"isPartOf\":{\"@id\":\"https:\\\/\\\/regiaonews.net.br\\\/2022\\\/#website\"},\"primaryImageOfPage\":{\"@id\":\"https:\\\/\\\/regiaonews.net.br\\\/2022\\\/2023\\\/03\\\/07\\\/celebracao-antecipada-do-dia-internacional-das-mulheres-atrai-a-populacao-ao-recinto\\\/#primaryimage\"},\"image\":{\"@id\":\"https:\\\/\\\/regiaonews.net.br\\\/2022\\\/2023\\\/03\\\/07\\\/celebracao-antecipada-do-dia-internacional-das-mulheres-atrai-a-populacao-ao-recinto\\\/#primaryimage\"},\"thumbnailUrl\":\"https:\\\/\\\/regiaonews.net.br\\\/2022\\\/wp-content\\\/uploads\\\/2023\\\/03\\\/IMG-20230307-WA0044.jpg\",\"datePublished\":\"2023-03-07T11:15:52+00:00\",\"breadcrumb\":{\"@id\":\"https:\\\/\\\/regiaonews.net.br\\\/2022\\\/2023\\\/03\\\/07\\\/celebracao-antecipada-do-dia-internacional-das-mulheres-atrai-a-populacao-ao-recinto\\\/#breadcrumb\"},\"inLanguage\":\"pt-BR\",\"potentialAction\":[{\"@type\":\"ReadAction\",\"target\":[\"https:\\\/\\\/regiaonews.net.br\\\/2022\\\/2023\\\/03\\\/07\\\/celebracao-antecipada-do-dia-internacional-das-mulheres-atrai-a-populacao-ao-recinto\\\/\"]}]},{\"@type\":\"ImageObject\",\"inLanguage\":\"pt-BR\",\"@id\":\"https:\\\/\\\/regiaonews.net.br\\\/2022\\\/2023\\\/03\\\/07\\\/celebracao-antecipada-do-dia-internacional-das-mulheres-atrai-a-populacao-ao-recinto\\\/#primaryimage\",\"url\":\"https:\\\/\\\/regiaonews.net.br\\\/2022\\\/wp-content\\\/uploads\\\/2023\\\/03\\\/IMG-20230307-WA0044.jpg\",\"contentUrl\":\"https:\\\/\\\/regiaonews.net.br\\\/2022\\\/wp-content\\\/uploads\\\/2023\\\/03\\\/IMG-20230307-WA0044.jpg\",\"width\":1592,\"height\":1060},{\"@type\":\"BreadcrumbList\",\"@id\":\"https:\\\/\\\/regiaonews.net.br\\\/2022\\\/2023\\\/03\\\/07\\\/celebracao-antecipada-do-dia-internacional-das-mulheres-atrai-a-populacao-ao-recinto\\\/#breadcrumb\",\"itemListElement\":[{\"@type\":\"ListItem\",\"position\":1,\"name\":\"In\u00edcio\",\"item\":\"https:\\\/\\\/regiaonews.net.br\\\/2022\\\/\"},{\"@type\":\"ListItem\",\"position\":2,\"name\":\"Celebra\u00e7\u00e3o antecipada do Dia Internacional das Mulheres atrai a popula\u00e7\u00e3o ao Recinto\"}]},{\"@type\":\"WebSite\",\"@id\":\"https:\\\/\\\/regiaonews.net.br\\\/2022\\\/#website\",\"url\":\"https:\\\/\\\/regiaonews.net.br\\\/2022\\\/\",\"name\":\"Regi\u00e3o News\",\"description\":\"Site de Not\u00edcias de Barretos e regi\u00e3o\",\"publisher\":{\"@id\":\"https:\\\/\\\/regiaonews.net.br\\\/2022\\\/#organization\"},\"potentialAction\":[{\"@type\":\"SearchAction\",\"target\":{\"@type\":\"EntryPoint\",\"urlTemplate\":\"https:\\\/\\\/regiaonews.net.br\\\/2022\\\/?s={search_term_string}\"},\"query-input\":{\"@type\":\"PropertyValueSpecification\",\"valueRequired\":true,\"valueName\":\"search_term_string\"}}],\"inLanguage\":\"pt-BR\"},{\"@type\":\"Organization\",\"@id\":\"https:\\\/\\\/regiaonews.net.br\\\/2022\\\/#organization\",\"name\":\"Regi\u00e3o News\",\"url\":\"https:\\\/\\\/regiaonews.net.br\\\/2022\\\/\",\"logo\":{\"@type\":\"ImageObject\",\"inLanguage\":\"pt-BR\",\"@id\":\"https:\\\/\\\/regiaonews.net.br\\\/2022\\\/#\\\/schema\\\/logo\\\/image\\\/\",\"url\":\"https:\\\/\\\/regiaonews.net.br\\\/2022\\\/wp-content\\\/uploads\\\/2026\\\/03\\\/regiao-13-anos-scaled.jpg\",\"contentUrl\":\"https:\\\/\\\/regiaonews.net.br\\\/2022\\\/wp-content\\\/uploads\\\/2026\\\/03\\\/regiao-13-anos-scaled.jpg\",\"width\":2560,\"height\":635,\"caption\":\"Regi\u00e3o News\"},\"image\":{\"@id\":\"https:\\\/\\\/regiaonews.net.br\\\/2022\\\/#\\\/schema\\\/logo\\\/image\\\/\"}},{\"@type\":\"Person\",\"@id\":\"https:\\\/\\\/regiaonews.net.br\\\/2022\\\/#\\\/schema\\\/person\\\/2d205a608a5aa97ac279d7a5e6d89ad8\",\"name\":\"Roberto\",\"image\":{\"@type\":\"ImageObject\",\"inLanguage\":\"pt-BR\",\"@id\":\"https:\\\/\\\/secure.gravatar.com\\\/avatar\\\/42749d8b712ff9d59ca93dc150494e5b55a44134482993f5baeb97e61b7ecc89?s=96&d=mm&r=g\",\"url\":\"https:\\\/\\\/secure.gravatar.com\\\/avatar\\\/42749d8b712ff9d59ca93dc150494e5b55a44134482993f5baeb97e61b7ecc89?s=96&d=mm&r=g\",\"contentUrl\":\"https:\\\/\\\/secure.gravatar.com\\\/avatar\\\/42749d8b712ff9d59ca93dc150494e5b55a44134482993f5baeb97e61b7ecc89?s=96&d=mm&r=g\",\"caption\":\"Roberto\"},\"url\":\"https:\\\/\\\/regiaonews.net.br\\\/2022\\\/author\\\/roberto\\\/\"}]}<\/script>\n<!-- \/ Yoast SEO plugin. -->","yoast_head_json":{"title":"Celebra\u00e7\u00e3o antecipada do Dia Internacional das Mulheres atrai a popula\u00e7\u00e3o ao Recinto - Regi\u00e3o News","robots":{"index":"index","follow":"follow","max-snippet":"max-snippet:-1","max-image-preview":"max-image-preview:large","max-video-preview":"max-video-preview:-1"},"canonical":"https:\/\/regiaonews.net.br\/2022\/2023\/03\/07\/celebracao-antecipada-do-dia-internacional-das-mulheres-atrai-a-populacao-ao-recinto\/","og_locale":"pt_BR","og_type":"article","og_title":"Celebra\u00e7\u00e3o antecipada do Dia Internacional das Mulheres atrai a popula\u00e7\u00e3o ao Recinto - Regi\u00e3o News","og_description":"&nbsp; A Prefeitura da Est\u00e2ncia Tur\u00edstica de Barretos, com equipes","og_url":"https:\/\/regiaonews.net.br\/2022\/2023\/03\/07\/celebracao-antecipada-do-dia-internacional-das-mulheres-atrai-a-populacao-ao-recinto\/","og_site_name":"Regi\u00e3o News","article_published_time":"2023-03-07T11:15:52+00:00","og_image":[{"width":1592,"height":1060,"url":"https:\/\/regiaonews.net.br\/2022\/wp-content\/uploads\/2023\/03\/IMG-20230307-WA0044.jpg","type":"image\/jpeg"}],"author":"Roberto","twitter_card":"summary_large_image","twitter_misc":{"Escrito por":"Roberto","Est. tempo de leitura":"7 minutos"},"schema":{"@context":"https:\/\/schema.org","@graph":[{"@type":"Article","@id":"https:\/\/regiaonews.net.br\/2022\/2023\/03\/07\/celebracao-antecipada-do-dia-internacional-das-mulheres-atrai-a-populacao-ao-recinto\/#article","isPartOf":{"@id":"https:\/\/regiaonews.net.br\/2022\/2023\/03\/07\/celebracao-antecipada-do-dia-internacional-das-mulheres-atrai-a-populacao-ao-recinto\/"},"author":{"name":"Roberto","@id":"https:\/\/regiaonews.net.br\/2022\/#\/schema\/person\/2d205a608a5aa97ac279d7a5e6d89ad8"},"headline":"Celebra\u00e7\u00e3o antecipada do Dia Internacional das Mulheres atrai a popula\u00e7\u00e3o ao Recinto","datePublished":"2023-03-07T11:15:52+00:00","mainEntityOfPage":{"@id":"https:\/\/regiaonews.net.br\/2022\/2023\/03\/07\/celebracao-antecipada-do-dia-internacional-das-mulheres-atrai-a-populacao-ao-recinto\/"},"wordCount":1339,"commentCount":0,"publisher":{"@id":"https:\/\/regiaonews.net.br\/2022\/#organization"},"image":{"@id":"https:\/\/regiaonews.net.br\/2022\/2023\/03\/07\/celebracao-antecipada-do-dia-internacional-das-mulheres-atrai-a-populacao-ao-recinto\/#primaryimage"},"thumbnailUrl":"https:\/\/regiaonews.net.br\/2022\/wp-content\/uploads\/2023\/03\/IMG-20230307-WA0044.jpg","articleSection":["Barretos","Cidades"],"inLanguage":"pt-BR","potentialAction":[{"@type":"CommentAction","name":"Comment","target":["https:\/\/regiaonews.net.br\/2022\/2023\/03\/07\/celebracao-antecipada-do-dia-internacional-das-mulheres-atrai-a-populacao-ao-recinto\/#respond"]}]},{"@type":"WebPage","@id":"https:\/\/regiaonews.net.br\/2022\/2023\/03\/07\/celebracao-antecipada-do-dia-internacional-das-mulheres-atrai-a-populacao-ao-recinto\/","url":"https:\/\/regiaonews.net.br\/2022\/2023\/03\/07\/celebracao-antecipada-do-dia-internacional-das-mulheres-atrai-a-populacao-ao-recinto\/","name":"Celebra\u00e7\u00e3o antecipada do Dia Internacional das Mulheres atrai a popula\u00e7\u00e3o ao Recinto - Regi\u00e3o News","isPartOf":{"@id":"https:\/\/regiaonews.net.br\/2022\/#website"},"primaryImageOfPage":{"@id":"https:\/\/regiaonews.net.br\/2022\/2023\/03\/07\/celebracao-antecipada-do-dia-internacional-das-mulheres-atrai-a-populacao-ao-recinto\/#primaryimage"},"image":{"@id":"https:\/\/regiaonews.net.br\/2022\/2023\/03\/07\/celebracao-antecipada-do-dia-internacional-das-mulheres-atrai-a-populacao-ao-recinto\/#primaryimage"},"thumbnailUrl":"https:\/\/regiaonews.net.br\/2022\/wp-content\/uploads\/2023\/03\/IMG-20230307-WA0044.jpg","datePublished":"2023-03-07T11:15:52+00:00","breadcrumb":{"@id":"https:\/\/regiaonews.net.br\/2022\/2023\/03\/07\/celebracao-antecipada-do-dia-internacional-das-mulheres-atrai-a-populacao-ao-recinto\/#breadcrumb"},"inLanguage":"pt-BR","potentialAction":[{"@type":"ReadAction","target":["https:\/\/regiaonews.net.br\/2022\/2023\/03\/07\/celebracao-antecipada-do-dia-internacional-das-mulheres-atrai-a-populacao-ao-recinto\/"]}]},{"@type":"ImageObject","inLanguage":"pt-BR","@id":"https:\/\/regiaonews.net.br\/2022\/2023\/03\/07\/celebracao-antecipada-do-dia-internacional-das-mulheres-atrai-a-populacao-ao-recinto\/#primaryimage","url":"https:\/\/regiaonews.net.br\/2022\/wp-content\/uploads\/2023\/03\/IMG-20230307-WA0044.jpg","contentUrl":"https:\/\/regiaonews.net.br\/2022\/wp-content\/uploads\/2023\/03\/IMG-20230307-WA0044.jpg","width":1592,"height":1060},{"@type":"BreadcrumbList","@id":"https:\/\/regiaonews.net.br\/2022\/2023\/03\/07\/celebracao-antecipada-do-dia-internacional-das-mulheres-atrai-a-populacao-ao-recinto\/#breadcrumb","itemListElement":[{"@type":"ListItem","position":1,"name":"In\u00edcio","item":"https:\/\/regiaonews.net.br\/2022\/"},{"@type":"ListItem","position":2,"name":"Celebra\u00e7\u00e3o antecipada do Dia Internacional das Mulheres atrai a popula\u00e7\u00e3o ao Recinto"}]},{"@type":"WebSite","@id":"https:\/\/regiaonews.net.br\/2022\/#website","url":"https:\/\/regiaonews.net.br\/2022\/","name":"Regi\u00e3o News","description":"Site de Not\u00edcias de Barretos e regi\u00e3o","publisher":{"@id":"https:\/\/regiaonews.net.br\/2022\/#organization"},"potentialAction":[{"@type":"SearchAction","target":{"@type":"EntryPoint","urlTemplate":"https:\/\/regiaonews.net.br\/2022\/?s={search_term_string}"},"query-input":{"@type":"PropertyValueSpecification","valueRequired":true,"valueName":"search_term_string"}}],"inLanguage":"pt-BR"},{"@type":"Organization","@id":"https:\/\/regiaonews.net.br\/2022\/#organization","name":"Regi\u00e3o News","url":"https:\/\/regiaonews.net.br\/2022\/","logo":{"@type":"ImageObject","inLanguage":"pt-BR","@id":"https:\/\/regiaonews.net.br\/2022\/#\/schema\/logo\/image\/","url":"https:\/\/regiaonews.net.br\/2022\/wp-content\/uploads\/2026\/03\/regiao-13-anos-scaled.jpg","contentUrl":"https:\/\/regiaonews.net.br\/2022\/wp-content\/uploads\/2026\/03\/regiao-13-anos-scaled.jpg","width":2560,"height":635,"caption":"Regi\u00e3o News"},"image":{"@id":"https:\/\/regiaonews.net.br\/2022\/#\/schema\/logo\/image\/"}},{"@type":"Person","@id":"https:\/\/regiaonews.net.br\/2022\/#\/schema\/person\/2d205a608a5aa97ac279d7a5e6d89ad8","name":"Roberto","image":{"@type":"ImageObject","inLanguage":"pt-BR","@id":"https:\/\/secure.gravatar.com\/avatar\/42749d8b712ff9d59ca93dc150494e5b55a44134482993f5baeb97e61b7ecc89?s=96&d=mm&r=g","url":"https:\/\/secure.gravatar.com\/avatar\/42749d8b712ff9d59ca93dc150494e5b55a44134482993f5baeb97e61b7ecc89?s=96&d=mm&r=g","contentUrl":"https:\/\/secure.gravatar.com\/avatar\/42749d8b712ff9d59ca93dc150494e5b55a44134482993f5baeb97e61b7ecc89?s=96&d=mm&r=g","caption":"Roberto"},"url":"https:\/\/regiaonews.net.br\/2022\/author\/roberto\/"}]}},"publishpress_future_action":{"enabled":false,"date":"2026-05-03 03:43:26","action":"change-status","newStatus":"draft","terms":[],"taxonomy":"category","extraData":[]},"publishpress_future_workflow_manual_trigger":{"enabledWorkflows":[]},"_links":{"self":[{"href":"https:\/\/regiaonews.net.br\/2022\/wp-json\/wp\/v2\/posts\/84882","targetHints":{"allow":["GET"]}}],"collection":[{"href":"https:\/\/regiaonews.net.br\/2022\/wp-json\/wp\/v2\/posts"}],"about":[{"href":"https:\/\/regiaonews.net.br\/2022\/wp-json\/wp\/v2\/types\/post"}],"author":[{"embeddable":true,"href":"https:\/\/regiaonews.net.br\/2022\/wp-json\/wp\/v2\/users\/2"}],"replies":[{"embeddable":true,"href":"https:\/\/regiaonews.net.br\/2022\/wp-json\/wp\/v2\/comments?post=84882"}],"version-history":[{"count":1,"href":"https:\/\/regiaonews.net.br\/2022\/wp-json\/wp\/v2\/posts\/84882\/revisions"}],"predecessor-version":[{"id":84884,"href":"https:\/\/regiaonews.net.br\/2022\/wp-json\/wp\/v2\/posts\/84882\/revisions\/84884"}],"wp:featuredmedia":[{"embeddable":true,"href":"https:\/\/regiaonews.net.br\/2022\/wp-json\/wp\/v2\/media\/84883"}],"wp:attachment":[{"href":"https:\/\/regiaonews.net.br\/2022\/wp-json\/wp\/v2\/media?parent=84882"}],"wp:term":[{"taxonomy":"category","embeddable":true,"href":"https:\/\/regiaonews.net.br\/2022\/wp-json\/wp\/v2\/categories?post=84882"},{"taxonomy":"post_tag","embeddable":true,"href":"https:\/\/regiaonews.net.br\/2022\/wp-json\/wp\/v2\/tags?post=84882"}],"curies":[{"name":"wp","href":"https:\/\/api.w.org\/{rel}","templated":true}]}}