{"id":84875,"date":"2023-03-06T21:07:55","date_gmt":"2023-03-07T00:07:55","guid":{"rendered":"https:\/\/regiaonews.net.br\/2022\/?p=84875"},"modified":"2023-03-06T21:07:55","modified_gmt":"2023-03-07T00:07:55","slug":"dr-thomas-recebe-homenagem-no-cpi-por-atuacao-como-capelao-no-33-bpmi","status":"publish","type":"post","link":"https:\/\/regiaonews.net.br\/2022\/2023\/03\/06\/dr-thomas-recebe-homenagem-no-cpi-por-atuacao-como-capelao-no-33-bpmi\/","title":{"rendered":"Dr. Thomas recebe homenagem no CPI por atua\u00e7\u00e3o como Capel\u00e3o no 33\u00b0 BPMI"},"content":{"rendered":"<p>&nbsp;<\/p>\n<p>O m\u00e9dico ortopedista, Dr. Thomas Jo Kurita recebeu no dia 2 de mar\u00e7o, em solenidade no CPI-3 (Comando de Policiamento do Interior), em Ribeir\u00e3o Preto, uma homenagem pela atua\u00e7\u00e3o em prol da Pol\u00edcia Militar, na \u00e1rea do 33\u00ba Batalh\u00e3o de Barretos. Na oportunidade, recebeu do comandante do CPI a medalha patrono do Comando de Policiamento do Interior Tr\u00eas &#8211; Coronel PM Paulo Monte Serrat Filho.<br \/>\nSegundo Dr. Tomaz, o reconhecimento foi prestado pela sua atua\u00e7\u00e3o como capel\u00e3o militar e tamb\u00e9m como m\u00e9dico ortopedista, que presta atendimento de forma volunt\u00e1ria aos policiais e seus familiares. \u201cSou o primeiro civil a receber essa homenagem na cidade de Barretos, e gostaria de dividir essa conquista com todos os policiais militares do 33\u00ba BPMI, os policiais do 11\u00ba BAEP, Bombeiros, Pol\u00edcia Rodovi\u00e1ria e Ambiental da gloriosa Pol\u00edcia Militar do Estado de S\u00e3o Paulo, al\u00e9m dos capel\u00f5es que integram a Associa\u00e7\u00e3o PM\u00b4s de Cristo\u201d, afirmou.<\/p>\n<p><a href=\"https:\/\/regiaonews.net.br\/2022\/wp-content\/uploads\/2023\/03\/IMG-20230306-WA0364.jpg\"><img loading=\"lazy\" decoding=\"async\" class=\"alignnone size-medium wp-image-84877\" src=\"https:\/\/regiaonews.net.br\/2022\/wp-content\/uploads\/2023\/03\/IMG-20230306-WA0364-300x226.jpg\" alt=\"\" width=\"300\" height=\"226\" srcset=\"https:\/\/regiaonews.net.br\/2022\/wp-content\/uploads\/2023\/03\/IMG-20230306-WA0364-300x226.jpg 300w, https:\/\/regiaonews.net.br\/2022\/wp-content\/uploads\/2023\/03\/IMG-20230306-WA0364-1024x771.jpg 1024w, https:\/\/regiaonews.net.br\/2022\/wp-content\/uploads\/2023\/03\/IMG-20230306-WA0364-768x578.jpg 768w, https:\/\/regiaonews.net.br\/2022\/wp-content\/uploads\/2023\/03\/IMG-20230306-WA0364-1536x1156.jpg 1536w, https:\/\/regiaonews.net.br\/2022\/wp-content\/uploads\/2023\/03\/IMG-20230306-WA0364-250x188.jpg 250w, https:\/\/regiaonews.net.br\/2022\/wp-content\/uploads\/2023\/03\/IMG-20230306-WA0364-200x150.jpg 200w, https:\/\/regiaonews.net.br\/2022\/wp-content\/uploads\/2023\/03\/IMG-20230306-WA0364.jpg 1600w\" sizes=\"auto, (max-width: 300px) 100vw, 300px\" \/><\/a> <a href=\"https:\/\/regiaonews.net.br\/2022\/wp-content\/uploads\/2023\/03\/IMG-20230306-WA0360.jpg\"><img loading=\"lazy\" decoding=\"async\" class=\"alignnone size-medium wp-image-84878\" src=\"https:\/\/regiaonews.net.br\/2022\/wp-content\/uploads\/2023\/03\/IMG-20230306-WA0360-226x300.jpg\" alt=\"\" width=\"226\" height=\"300\" srcset=\"https:\/\/regiaonews.net.br\/2022\/wp-content\/uploads\/2023\/03\/IMG-20230306-WA0360-226x300.jpg 226w, https:\/\/regiaonews.net.br\/2022\/wp-content\/uploads\/2023\/03\/IMG-20230306-WA0360-770x1024.jpg 770w, https:\/\/regiaonews.net.br\/2022\/wp-content\/uploads\/2023\/03\/IMG-20230306-WA0360-768x1021.jpg 768w, https:\/\/regiaonews.net.br\/2022\/wp-content\/uploads\/2023\/03\/IMG-20230306-WA0360-250x332.jpg 250w, https:\/\/regiaonews.net.br\/2022\/wp-content\/uploads\/2023\/03\/IMG-20230306-WA0360.jpg 963w\" sizes=\"auto, (max-width: 226px) 100vw, 226px\" \/><\/a><\/p>\n","protected":false},"excerpt":{"rendered":"<p>&nbsp; O m\u00e9dico ortopedista, Dr. Thomas Jo Kurita recebeu no<\/p>\n","protected":false},"author":2,"featured_media":84876,"comment_status":"open","ping_status":"open","sticky":false,"template":"","format":"standard","meta":{"footnotes":""},"categories":[23,32],"tags":[],"class_list":["post-84875","post","type-post","status-publish","format-standard","has-post-thumbnail","hentry","category-policia","category-ribeirao-preto"],"yoast_head":"<!-- This site is optimized with the Yoast SEO plugin v27.4 - https:\/\/yoast.com\/product\/yoast-seo-wordpress\/ -->\n<title>Dr. Thomas recebe homenagem no CPI por atua\u00e7\u00e3o como Capel\u00e3o no 33\u00b0 BPMI - Regi\u00e3o News<\/title>\n<meta name=\"robots\" content=\"index, follow, max-snippet:-1, max-image-preview:large, max-video-preview:-1\" \/>\n<link rel=\"canonical\" href=\"https:\/\/regiaonews.net.br\/2022\/2023\/03\/06\/dr-thomas-recebe-homenagem-no-cpi-por-atuacao-como-capelao-no-33-bpmi\/\" \/>\n<meta property=\"og:locale\" content=\"pt_BR\" \/>\n<meta property=\"og:type\" content=\"article\" \/>\n<meta property=\"og:title\" content=\"Dr. Thomas recebe homenagem no CPI por atua\u00e7\u00e3o como Capel\u00e3o no 33\u00b0 BPMI - Regi\u00e3o News\" \/>\n<meta property=\"og:description\" content=\"&nbsp; O m\u00e9dico ortopedista, Dr. Thomas Jo Kurita recebeu no\" \/>\n<meta property=\"og:url\" content=\"https:\/\/regiaonews.net.br\/2022\/2023\/03\/06\/dr-thomas-recebe-homenagem-no-cpi-por-atuacao-como-capelao-no-33-bpmi\/\" \/>\n<meta property=\"og:site_name\" content=\"Regi\u00e3o News\" \/>\n<meta property=\"article:published_time\" content=\"2023-03-07T00:07:55+00:00\" \/>\n<meta property=\"og:image\" content=\"https:\/\/regiaonews.net.br\/2022\/wp-content\/uploads\/2023\/03\/IMG-20230306-WA0363.jpg\" \/>\n\t<meta property=\"og:image:width\" content=\"1204\" \/>\n\t<meta property=\"og:image:height\" content=\"1600\" \/>\n\t<meta property=\"og:image:type\" content=\"image\/jpeg\" \/>\n<meta name=\"author\" content=\"Roberto\" \/>\n<meta name=\"twitter:card\" content=\"summary_large_image\" \/>\n<meta name=\"twitter:label1\" content=\"Escrito por\" \/>\n\t<meta name=\"twitter:data1\" content=\"Roberto\" \/>\n\t<meta name=\"twitter:label2\" content=\"Est. tempo de leitura\" \/>\n\t<meta name=\"twitter:data2\" content=\"2 minutos\" \/>\n<script type=\"application\/ld+json\" class=\"yoast-schema-graph\">{\"@context\":\"https:\\\/\\\/schema.org\",\"@graph\":[{\"@type\":\"Article\",\"@id\":\"https:\\\/\\\/regiaonews.net.br\\\/2022\\\/2023\\\/03\\\/06\\\/dr-thomas-recebe-homenagem-no-cpi-por-atuacao-como-capelao-no-33-bpmi\\\/#article\",\"isPartOf\":{\"@id\":\"https:\\\/\\\/regiaonews.net.br\\\/2022\\\/2023\\\/03\\\/06\\\/dr-thomas-recebe-homenagem-no-cpi-por-atuacao-como-capelao-no-33-bpmi\\\/\"},\"author\":{\"name\":\"Roberto\",\"@id\":\"https:\\\/\\\/regiaonews.net.br\\\/2022\\\/#\\\/schema\\\/person\\\/2d205a608a5aa97ac279d7a5e6d89ad8\"},\"headline\":\"Dr. Thomas recebe homenagem no CPI por atua\u00e7\u00e3o como Capel\u00e3o no 33\u00b0 BPMI\",\"datePublished\":\"2023-03-07T00:07:55+00:00\",\"mainEntityOfPage\":{\"@id\":\"https:\\\/\\\/regiaonews.net.br\\\/2022\\\/2023\\\/03\\\/06\\\/dr-thomas-recebe-homenagem-no-cpi-por-atuacao-como-capelao-no-33-bpmi\\\/\"},\"wordCount\":181,\"commentCount\":0,\"publisher\":{\"@id\":\"https:\\\/\\\/regiaonews.net.br\\\/2022\\\/#organization\"},\"image\":{\"@id\":\"https:\\\/\\\/regiaonews.net.br\\\/2022\\\/2023\\\/03\\\/06\\\/dr-thomas-recebe-homenagem-no-cpi-por-atuacao-como-capelao-no-33-bpmi\\\/#primaryimage\"},\"thumbnailUrl\":\"https:\\\/\\\/regiaonews.net.br\\\/2022\\\/wp-content\\\/uploads\\\/2023\\\/03\\\/IMG-20230306-WA0363.jpg\",\"articleSection\":[\"Policia\",\"Ribeir\u00e3o Preto\"],\"inLanguage\":\"pt-BR\",\"potentialAction\":[{\"@type\":\"CommentAction\",\"name\":\"Comment\",\"target\":[\"https:\\\/\\\/regiaonews.net.br\\\/2022\\\/2023\\\/03\\\/06\\\/dr-thomas-recebe-homenagem-no-cpi-por-atuacao-como-capelao-no-33-bpmi\\\/#respond\"]}]},{\"@type\":\"WebPage\",\"@id\":\"https:\\\/\\\/regiaonews.net.br\\\/2022\\\/2023\\\/03\\\/06\\\/dr-thomas-recebe-homenagem-no-cpi-por-atuacao-como-capelao-no-33-bpmi\\\/\",\"url\":\"https:\\\/\\\/regiaonews.net.br\\\/2022\\\/2023\\\/03\\\/06\\\/dr-thomas-recebe-homenagem-no-cpi-por-atuacao-como-capelao-no-33-bpmi\\\/\",\"name\":\"Dr. Thomas recebe homenagem no CPI por atua\u00e7\u00e3o como Capel\u00e3o no 33\u00b0 BPMI - Regi\u00e3o News\",\"isPartOf\":{\"@id\":\"https:\\\/\\\/regiaonews.net.br\\\/2022\\\/#website\"},\"primaryImageOfPage\":{\"@id\":\"https:\\\/\\\/regiaonews.net.br\\\/2022\\\/2023\\\/03\\\/06\\\/dr-thomas-recebe-homenagem-no-cpi-por-atuacao-como-capelao-no-33-bpmi\\\/#primaryimage\"},\"image\":{\"@id\":\"https:\\\/\\\/regiaonews.net.br\\\/2022\\\/2023\\\/03\\\/06\\\/dr-thomas-recebe-homenagem-no-cpi-por-atuacao-como-capelao-no-33-bpmi\\\/#primaryimage\"},\"thumbnailUrl\":\"https:\\\/\\\/regiaonews.net.br\\\/2022\\\/wp-content\\\/uploads\\\/2023\\\/03\\\/IMG-20230306-WA0363.jpg\",\"datePublished\":\"2023-03-07T00:07:55+00:00\",\"breadcrumb\":{\"@id\":\"https:\\\/\\\/regiaonews.net.br\\\/2022\\\/2023\\\/03\\\/06\\\/dr-thomas-recebe-homenagem-no-cpi-por-atuacao-como-capelao-no-33-bpmi\\\/#breadcrumb\"},\"inLanguage\":\"pt-BR\",\"potentialAction\":[{\"@type\":\"ReadAction\",\"target\":[\"https:\\\/\\\/regiaonews.net.br\\\/2022\\\/2023\\\/03\\\/06\\\/dr-thomas-recebe-homenagem-no-cpi-por-atuacao-como-capelao-no-33-bpmi\\\/\"]}]},{\"@type\":\"ImageObject\",\"inLanguage\":\"pt-BR\",\"@id\":\"https:\\\/\\\/regiaonews.net.br\\\/2022\\\/2023\\\/03\\\/06\\\/dr-thomas-recebe-homenagem-no-cpi-por-atuacao-como-capelao-no-33-bpmi\\\/#primaryimage\",\"url\":\"https:\\\/\\\/regiaonews.net.br\\\/2022\\\/wp-content\\\/uploads\\\/2023\\\/03\\\/IMG-20230306-WA0363.jpg\",\"contentUrl\":\"https:\\\/\\\/regiaonews.net.br\\\/2022\\\/wp-content\\\/uploads\\\/2023\\\/03\\\/IMG-20230306-WA0363.jpg\",\"width\":1204,\"height\":1600},{\"@type\":\"BreadcrumbList\",\"@id\":\"https:\\\/\\\/regiaonews.net.br\\\/2022\\\/2023\\\/03\\\/06\\\/dr-thomas-recebe-homenagem-no-cpi-por-atuacao-como-capelao-no-33-bpmi\\\/#breadcrumb\",\"itemListElement\":[{\"@type\":\"ListItem\",\"position\":1,\"name\":\"In\u00edcio\",\"item\":\"https:\\\/\\\/regiaonews.net.br\\\/2022\\\/\"},{\"@type\":\"ListItem\",\"position\":2,\"name\":\"Dr. Thomas recebe homenagem no CPI por atua\u00e7\u00e3o como Capel\u00e3o no 33\u00b0 BPMI\"}]},{\"@type\":\"WebSite\",\"@id\":\"https:\\\/\\\/regiaonews.net.br\\\/2022\\\/#website\",\"url\":\"https:\\\/\\\/regiaonews.net.br\\\/2022\\\/\",\"name\":\"Regi\u00e3o News\",\"description\":\"Site de Not\u00edcias de Barretos e regi\u00e3o\",\"publisher\":{\"@id\":\"https:\\\/\\\/regiaonews.net.br\\\/2022\\\/#organization\"},\"potentialAction\":[{\"@type\":\"SearchAction\",\"target\":{\"@type\":\"EntryPoint\",\"urlTemplate\":\"https:\\\/\\\/regiaonews.net.br\\\/2022\\\/?s={search_term_string}\"},\"query-input\":{\"@type\":\"PropertyValueSpecification\",\"valueRequired\":true,\"valueName\":\"search_term_string\"}}],\"inLanguage\":\"pt-BR\"},{\"@type\":\"Organization\",\"@id\":\"https:\\\/\\\/regiaonews.net.br\\\/2022\\\/#organization\",\"name\":\"Regi\u00e3o News\",\"url\":\"https:\\\/\\\/regiaonews.net.br\\\/2022\\\/\",\"logo\":{\"@type\":\"ImageObject\",\"inLanguage\":\"pt-BR\",\"@id\":\"https:\\\/\\\/regiaonews.net.br\\\/2022\\\/#\\\/schema\\\/logo\\\/image\\\/\",\"url\":\"https:\\\/\\\/regiaonews.net.br\\\/2022\\\/wp-content\\\/uploads\\\/2026\\\/03\\\/regiao-13-anos-scaled.jpg\",\"contentUrl\":\"https:\\\/\\\/regiaonews.net.br\\\/2022\\\/wp-content\\\/uploads\\\/2026\\\/03\\\/regiao-13-anos-scaled.jpg\",\"width\":2560,\"height\":635,\"caption\":\"Regi\u00e3o News\"},\"image\":{\"@id\":\"https:\\\/\\\/regiaonews.net.br\\\/2022\\\/#\\\/schema\\\/logo\\\/image\\\/\"}},{\"@type\":\"Person\",\"@id\":\"https:\\\/\\\/regiaonews.net.br\\\/2022\\\/#\\\/schema\\\/person\\\/2d205a608a5aa97ac279d7a5e6d89ad8\",\"name\":\"Roberto\",\"image\":{\"@type\":\"ImageObject\",\"inLanguage\":\"pt-BR\",\"@id\":\"https:\\\/\\\/secure.gravatar.com\\\/avatar\\\/42749d8b712ff9d59ca93dc150494e5b55a44134482993f5baeb97e61b7ecc89?s=96&d=mm&r=g\",\"url\":\"https:\\\/\\\/secure.gravatar.com\\\/avatar\\\/42749d8b712ff9d59ca93dc150494e5b55a44134482993f5baeb97e61b7ecc89?s=96&d=mm&r=g\",\"contentUrl\":\"https:\\\/\\\/secure.gravatar.com\\\/avatar\\\/42749d8b712ff9d59ca93dc150494e5b55a44134482993f5baeb97e61b7ecc89?s=96&d=mm&r=g\",\"caption\":\"Roberto\"},\"url\":\"https:\\\/\\\/regiaonews.net.br\\\/2022\\\/author\\\/roberto\\\/\"}]}<\/script>\n<!-- \/ Yoast SEO plugin. -->","yoast_head_json":{"title":"Dr. Thomas recebe homenagem no CPI por atua\u00e7\u00e3o como Capel\u00e3o no 33\u00b0 BPMI - Regi\u00e3o News","robots":{"index":"index","follow":"follow","max-snippet":"max-snippet:-1","max-image-preview":"max-image-preview:large","max-video-preview":"max-video-preview:-1"},"canonical":"https:\/\/regiaonews.net.br\/2022\/2023\/03\/06\/dr-thomas-recebe-homenagem-no-cpi-por-atuacao-como-capelao-no-33-bpmi\/","og_locale":"pt_BR","og_type":"article","og_title":"Dr. Thomas recebe homenagem no CPI por atua\u00e7\u00e3o como Capel\u00e3o no 33\u00b0 BPMI - Regi\u00e3o News","og_description":"&nbsp; O m\u00e9dico ortopedista, Dr. Thomas Jo Kurita recebeu no","og_url":"https:\/\/regiaonews.net.br\/2022\/2023\/03\/06\/dr-thomas-recebe-homenagem-no-cpi-por-atuacao-como-capelao-no-33-bpmi\/","og_site_name":"Regi\u00e3o News","article_published_time":"2023-03-07T00:07:55+00:00","og_image":[{"width":1204,"height":1600,"url":"https:\/\/regiaonews.net.br\/2022\/wp-content\/uploads\/2023\/03\/IMG-20230306-WA0363.jpg","type":"image\/jpeg"}],"author":"Roberto","twitter_card":"summary_large_image","twitter_misc":{"Escrito por":"Roberto","Est. tempo de leitura":"2 minutos"},"schema":{"@context":"https:\/\/schema.org","@graph":[{"@type":"Article","@id":"https:\/\/regiaonews.net.br\/2022\/2023\/03\/06\/dr-thomas-recebe-homenagem-no-cpi-por-atuacao-como-capelao-no-33-bpmi\/#article","isPartOf":{"@id":"https:\/\/regiaonews.net.br\/2022\/2023\/03\/06\/dr-thomas-recebe-homenagem-no-cpi-por-atuacao-como-capelao-no-33-bpmi\/"},"author":{"name":"Roberto","@id":"https:\/\/regiaonews.net.br\/2022\/#\/schema\/person\/2d205a608a5aa97ac279d7a5e6d89ad8"},"headline":"Dr. Thomas recebe homenagem no CPI por atua\u00e7\u00e3o como Capel\u00e3o no 33\u00b0 BPMI","datePublished":"2023-03-07T00:07:55+00:00","mainEntityOfPage":{"@id":"https:\/\/regiaonews.net.br\/2022\/2023\/03\/06\/dr-thomas-recebe-homenagem-no-cpi-por-atuacao-como-capelao-no-33-bpmi\/"},"wordCount":181,"commentCount":0,"publisher":{"@id":"https:\/\/regiaonews.net.br\/2022\/#organization"},"image":{"@id":"https:\/\/regiaonews.net.br\/2022\/2023\/03\/06\/dr-thomas-recebe-homenagem-no-cpi-por-atuacao-como-capelao-no-33-bpmi\/#primaryimage"},"thumbnailUrl":"https:\/\/regiaonews.net.br\/2022\/wp-content\/uploads\/2023\/03\/IMG-20230306-WA0363.jpg","articleSection":["Policia","Ribeir\u00e3o Preto"],"inLanguage":"pt-BR","potentialAction":[{"@type":"CommentAction","name":"Comment","target":["https:\/\/regiaonews.net.br\/2022\/2023\/03\/06\/dr-thomas-recebe-homenagem-no-cpi-por-atuacao-como-capelao-no-33-bpmi\/#respond"]}]},{"@type":"WebPage","@id":"https:\/\/regiaonews.net.br\/2022\/2023\/03\/06\/dr-thomas-recebe-homenagem-no-cpi-por-atuacao-como-capelao-no-33-bpmi\/","url":"https:\/\/regiaonews.net.br\/2022\/2023\/03\/06\/dr-thomas-recebe-homenagem-no-cpi-por-atuacao-como-capelao-no-33-bpmi\/","name":"Dr. Thomas recebe homenagem no CPI por atua\u00e7\u00e3o como Capel\u00e3o no 33\u00b0 BPMI - Regi\u00e3o News","isPartOf":{"@id":"https:\/\/regiaonews.net.br\/2022\/#website"},"primaryImageOfPage":{"@id":"https:\/\/regiaonews.net.br\/2022\/2023\/03\/06\/dr-thomas-recebe-homenagem-no-cpi-por-atuacao-como-capelao-no-33-bpmi\/#primaryimage"},"image":{"@id":"https:\/\/regiaonews.net.br\/2022\/2023\/03\/06\/dr-thomas-recebe-homenagem-no-cpi-por-atuacao-como-capelao-no-33-bpmi\/#primaryimage"},"thumbnailUrl":"https:\/\/regiaonews.net.br\/2022\/wp-content\/uploads\/2023\/03\/IMG-20230306-WA0363.jpg","datePublished":"2023-03-07T00:07:55+00:00","breadcrumb":{"@id":"https:\/\/regiaonews.net.br\/2022\/2023\/03\/06\/dr-thomas-recebe-homenagem-no-cpi-por-atuacao-como-capelao-no-33-bpmi\/#breadcrumb"},"inLanguage":"pt-BR","potentialAction":[{"@type":"ReadAction","target":["https:\/\/regiaonews.net.br\/2022\/2023\/03\/06\/dr-thomas-recebe-homenagem-no-cpi-por-atuacao-como-capelao-no-33-bpmi\/"]}]},{"@type":"ImageObject","inLanguage":"pt-BR","@id":"https:\/\/regiaonews.net.br\/2022\/2023\/03\/06\/dr-thomas-recebe-homenagem-no-cpi-por-atuacao-como-capelao-no-33-bpmi\/#primaryimage","url":"https:\/\/regiaonews.net.br\/2022\/wp-content\/uploads\/2023\/03\/IMG-20230306-WA0363.jpg","contentUrl":"https:\/\/regiaonews.net.br\/2022\/wp-content\/uploads\/2023\/03\/IMG-20230306-WA0363.jpg","width":1204,"height":1600},{"@type":"BreadcrumbList","@id":"https:\/\/regiaonews.net.br\/2022\/2023\/03\/06\/dr-thomas-recebe-homenagem-no-cpi-por-atuacao-como-capelao-no-33-bpmi\/#breadcrumb","itemListElement":[{"@type":"ListItem","position":1,"name":"In\u00edcio","item":"https:\/\/regiaonews.net.br\/2022\/"},{"@type":"ListItem","position":2,"name":"Dr. Thomas recebe homenagem no CPI por atua\u00e7\u00e3o como Capel\u00e3o no 33\u00b0 BPMI"}]},{"@type":"WebSite","@id":"https:\/\/regiaonews.net.br\/2022\/#website","url":"https:\/\/regiaonews.net.br\/2022\/","name":"Regi\u00e3o News","description":"Site de Not\u00edcias de Barretos e regi\u00e3o","publisher":{"@id":"https:\/\/regiaonews.net.br\/2022\/#organization"},"potentialAction":[{"@type":"SearchAction","target":{"@type":"EntryPoint","urlTemplate":"https:\/\/regiaonews.net.br\/2022\/?s={search_term_string}"},"query-input":{"@type":"PropertyValueSpecification","valueRequired":true,"valueName":"search_term_string"}}],"inLanguage":"pt-BR"},{"@type":"Organization","@id":"https:\/\/regiaonews.net.br\/2022\/#organization","name":"Regi\u00e3o News","url":"https:\/\/regiaonews.net.br\/2022\/","logo":{"@type":"ImageObject","inLanguage":"pt-BR","@id":"https:\/\/regiaonews.net.br\/2022\/#\/schema\/logo\/image\/","url":"https:\/\/regiaonews.net.br\/2022\/wp-content\/uploads\/2026\/03\/regiao-13-anos-scaled.jpg","contentUrl":"https:\/\/regiaonews.net.br\/2022\/wp-content\/uploads\/2026\/03\/regiao-13-anos-scaled.jpg","width":2560,"height":635,"caption":"Regi\u00e3o News"},"image":{"@id":"https:\/\/regiaonews.net.br\/2022\/#\/schema\/logo\/image\/"}},{"@type":"Person","@id":"https:\/\/regiaonews.net.br\/2022\/#\/schema\/person\/2d205a608a5aa97ac279d7a5e6d89ad8","name":"Roberto","image":{"@type":"ImageObject","inLanguage":"pt-BR","@id":"https:\/\/secure.gravatar.com\/avatar\/42749d8b712ff9d59ca93dc150494e5b55a44134482993f5baeb97e61b7ecc89?s=96&d=mm&r=g","url":"https:\/\/secure.gravatar.com\/avatar\/42749d8b712ff9d59ca93dc150494e5b55a44134482993f5baeb97e61b7ecc89?s=96&d=mm&r=g","contentUrl":"https:\/\/secure.gravatar.com\/avatar\/42749d8b712ff9d59ca93dc150494e5b55a44134482993f5baeb97e61b7ecc89?s=96&d=mm&r=g","caption":"Roberto"},"url":"https:\/\/regiaonews.net.br\/2022\/author\/roberto\/"}]}},"publishpress_future_action":{"enabled":false,"date":"2026-05-03 02:10:04","action":"change-status","newStatus":"draft","terms":[],"taxonomy":"category","extraData":[]},"publishpress_future_workflow_manual_trigger":{"enabledWorkflows":[]},"_links":{"self":[{"href":"https:\/\/regiaonews.net.br\/2022\/wp-json\/wp\/v2\/posts\/84875","targetHints":{"allow":["GET"]}}],"collection":[{"href":"https:\/\/regiaonews.net.br\/2022\/wp-json\/wp\/v2\/posts"}],"about":[{"href":"https:\/\/regiaonews.net.br\/2022\/wp-json\/wp\/v2\/types\/post"}],"author":[{"embeddable":true,"href":"https:\/\/regiaonews.net.br\/2022\/wp-json\/wp\/v2\/users\/2"}],"replies":[{"embeddable":true,"href":"https:\/\/regiaonews.net.br\/2022\/wp-json\/wp\/v2\/comments?post=84875"}],"version-history":[{"count":1,"href":"https:\/\/regiaonews.net.br\/2022\/wp-json\/wp\/v2\/posts\/84875\/revisions"}],"predecessor-version":[{"id":84879,"href":"https:\/\/regiaonews.net.br\/2022\/wp-json\/wp\/v2\/posts\/84875\/revisions\/84879"}],"wp:featuredmedia":[{"embeddable":true,"href":"https:\/\/regiaonews.net.br\/2022\/wp-json\/wp\/v2\/media\/84876"}],"wp:attachment":[{"href":"https:\/\/regiaonews.net.br\/2022\/wp-json\/wp\/v2\/media?parent=84875"}],"wp:term":[{"taxonomy":"category","embeddable":true,"href":"https:\/\/regiaonews.net.br\/2022\/wp-json\/wp\/v2\/categories?post=84875"},{"taxonomy":"post_tag","embeddable":true,"href":"https:\/\/regiaonews.net.br\/2022\/wp-json\/wp\/v2\/tags?post=84875"}],"curies":[{"name":"wp","href":"https:\/\/api.w.org\/{rel}","templated":true}]}}