{"id":84827,"date":"2023-03-05T12:45:31","date_gmt":"2023-03-05T15:45:31","guid":{"rendered":"https:\/\/regiaonews.net.br\/2022\/?p=84827"},"modified":"2023-03-05T12:45:31","modified_gmt":"2023-03-05T15:45:31","slug":"corinthians-ganha-de-virada-do-santo-andre","status":"publish","type":"post","link":"https:\/\/regiaonews.net.br\/2022\/2023\/03\/05\/corinthians-ganha-de-virada-do-santo-andre\/","title":{"rendered":"Corinthians ganha de virada do Santo Andr\u00e9"},"content":{"rendered":"<p>Foto &#8211; Rodrigo Coca &#8211; Ag\u00eancia Corinthians<\/p>\n<div class=\"row col-equal-h clear\">\n<div class=\"post col-md-9 col-sm-12\">\n<p>O Corinthians fechou sua participa\u00e7\u00e3o na fase de grupos do\u00a0Paulist\u00e3o Sicredi\u00a0ao vencer o Santo Andr\u00e9, por 3 a 1, de virada, neste s\u00e1bado (4) \u00e0 noite na Neo Qu\u00edmica Arena pela 12.\u00aa rodada. Com isso, terminou na lideran\u00e7a do Grupo C, com 22 pontos, agora vai aguardar a defini\u00e7\u00e3o do seu advers\u00e1rio nas quartas de finais.<\/p>\n<p>O Santo Andr\u00e9, que n\u00e3o corria riscos de queda e n\u00e3o tinha chances de classifica\u00e7\u00e3o, encerra sua participa\u00e7\u00e3o nesta fase com 14 pontos, em terceiro lugar do Grupo D, atr\u00e1s dos dois melhores times da competi\u00e7\u00e3o: S\u00e3o Bernardo, com 26, e Palmeiras, com 27 pontos.<\/p>\n<p>Com apoio de mais de 42 mil torcedores, o Corinthians foi melhor no primeiro tempo. Mas, ironicamente, foi o Santo Andr\u00e9 quem abriu o placar. Antes disso, aos 22 minutos, Renato Augusto fez um gol, mas o lance foi anulado pelo VAR porque antes tinha ocorrido uma falta de Fagner.<\/p>\n<p>O Santo Andr\u00e9 quase n\u00e3o chegou ao ataque, mas abriu o placar aos 30 minutos, quando Jos\u00e9 Hugo disparou num contra-ataque, ganhou a dividida com Balbuena e tocou na sa\u00edda de Carlos Miguel, que teve a chance de substituir C\u00e1ssio, que ganhou um descanso.<\/p>\n<p>A torcida n\u00e3o parou de gritar e empurrar o time, acreditando no empate, que saiu aos 39 minutos com Yuri Alberto. Na pequena \u00e1rea, o camisa 9\u00a0completou numa bonita virada, ap\u00f3s passe da linha de fundo de Matheus Ara\u00fajo.<\/p>\n<p>No segundo tempo, o Corinthians voltou mais avan\u00e7ado e submeteu o advers\u00e1rio a uma forte press\u00e3o. O segundo gol saiu aos 14 minutos, come\u00e7ando pelo lado direito com Fagner. Ele fez o levantamento em dire\u00e7\u00e3o \u00e0 pequena \u00e1rea, Yuri Alberto n\u00e3o alcan\u00e7ou, mas Paulinho entrou r\u00e1pido de tr\u00e1s e tocou de chapa de p\u00e9 para as redes. Na comemora\u00e7\u00e3o, emocionado, ele tirou a camisa e recebeu o cart\u00e3o amarelo. Paulinho ficou muito tempo afastado por ter passado por uma cirurgia, mas j\u00e1 tem 39 gols pelo clube.<\/p>\n<p>Em desvantagem no placar, o Santo Andr\u00e9 esbo\u00e7ou sair um pouco, mas levou outro gol rapidamente, aos 18 minutos. Ap\u00f3s tabela de Matheus Ara\u00fajo com Fausto Vera a bola chega nos p\u00e9s de Yuri Alberto, que faz o giro e bate forte.<\/p>\n<p>Depois disso, o t\u00e9cnico Fernando L\u00e1zaro come\u00e7ou a fazer trocas para poupar seu time visando as quartas de finais. O Santo Andr\u00e9 n\u00e3o reagiu, se preocupando mais em evitar outros gols do que diminuir o placar.<\/p>\n<\/div>\n<\/div>\n","protected":false},"excerpt":{"rendered":"<p>Foto &#8211; Rodrigo Coca &#8211; Ag\u00eancia Corinthians O Corinthians fechou<\/p>\n","protected":false},"author":2,"featured_media":84828,"comment_status":"open","ping_status":"open","sticky":false,"template":"","format":"standard","meta":{"footnotes":""},"categories":[183,21],"tags":[],"class_list":["post-84827","post","type-post","status-publish","format-standard","has-post-thumbnail","hentry","category-campeonato-paulista","category-esporte"],"yoast_head":"<!-- This site is optimized with the Yoast SEO plugin v27.4 - https:\/\/yoast.com\/product\/yoast-seo-wordpress\/ -->\n<title>Corinthians ganha de virada do Santo Andr\u00e9 - Regi\u00e3o News<\/title>\n<meta name=\"robots\" content=\"index, follow, max-snippet:-1, max-image-preview:large, max-video-preview:-1\" \/>\n<link rel=\"canonical\" href=\"https:\/\/regiaonews.net.br\/2022\/2023\/03\/05\/corinthians-ganha-de-virada-do-santo-andre\/\" \/>\n<meta property=\"og:locale\" content=\"pt_BR\" \/>\n<meta property=\"og:type\" content=\"article\" \/>\n<meta property=\"og:title\" content=\"Corinthians ganha de virada do Santo Andr\u00e9 - Regi\u00e3o News\" \/>\n<meta property=\"og:description\" content=\"Foto &#8211; Rodrigo Coca &#8211; Ag\u00eancia Corinthians O Corinthians fechou\" \/>\n<meta property=\"og:url\" content=\"https:\/\/regiaonews.net.br\/2022\/2023\/03\/05\/corinthians-ganha-de-virada-do-santo-andre\/\" \/>\n<meta property=\"og:site_name\" content=\"Regi\u00e3o News\" \/>\n<meta property=\"article:published_time\" content=\"2023-03-05T15:45:31+00:00\" \/>\n<meta property=\"og:image\" content=\"https:\/\/regiaonews.net.br\/2022\/wp-content\/uploads\/2023\/03\/images-1.jpeg\" \/>\n\t<meta property=\"og:image:width\" content=\"331\" \/>\n\t<meta property=\"og:image:height\" content=\"276\" \/>\n\t<meta property=\"og:image:type\" content=\"image\/jpeg\" \/>\n<meta name=\"author\" content=\"Roberto\" \/>\n<meta name=\"twitter:card\" content=\"summary_large_image\" \/>\n<meta name=\"twitter:label1\" content=\"Escrito por\" \/>\n\t<meta name=\"twitter:data1\" content=\"Roberto\" \/>\n\t<meta name=\"twitter:label2\" content=\"Est. tempo de leitura\" \/>\n\t<meta name=\"twitter:data2\" content=\"3 minutos\" \/>\n<script type=\"application\/ld+json\" class=\"yoast-schema-graph\">{\"@context\":\"https:\\\/\\\/schema.org\",\"@graph\":[{\"@type\":\"Article\",\"@id\":\"https:\\\/\\\/regiaonews.net.br\\\/2022\\\/2023\\\/03\\\/05\\\/corinthians-ganha-de-virada-do-santo-andre\\\/#article\",\"isPartOf\":{\"@id\":\"https:\\\/\\\/regiaonews.net.br\\\/2022\\\/2023\\\/03\\\/05\\\/corinthians-ganha-de-virada-do-santo-andre\\\/\"},\"author\":{\"name\":\"Roberto\",\"@id\":\"https:\\\/\\\/regiaonews.net.br\\\/2022\\\/#\\\/schema\\\/person\\\/2d205a608a5aa97ac279d7a5e6d89ad8\"},\"headline\":\"Corinthians ganha de virada do Santo Andr\u00e9\",\"datePublished\":\"2023-03-05T15:45:31+00:00\",\"mainEntityOfPage\":{\"@id\":\"https:\\\/\\\/regiaonews.net.br\\\/2022\\\/2023\\\/03\\\/05\\\/corinthians-ganha-de-virada-do-santo-andre\\\/\"},\"wordCount\":438,\"commentCount\":0,\"publisher\":{\"@id\":\"https:\\\/\\\/regiaonews.net.br\\\/2022\\\/#organization\"},\"image\":{\"@id\":\"https:\\\/\\\/regiaonews.net.br\\\/2022\\\/2023\\\/03\\\/05\\\/corinthians-ganha-de-virada-do-santo-andre\\\/#primaryimage\"},\"thumbnailUrl\":\"https:\\\/\\\/regiaonews.net.br\\\/2022\\\/wp-content\\\/uploads\\\/2023\\\/03\\\/images-1.jpeg\",\"articleSection\":[\"Campeonato Paulista\",\"Esporte\"],\"inLanguage\":\"pt-BR\",\"potentialAction\":[{\"@type\":\"CommentAction\",\"name\":\"Comment\",\"target\":[\"https:\\\/\\\/regiaonews.net.br\\\/2022\\\/2023\\\/03\\\/05\\\/corinthians-ganha-de-virada-do-santo-andre\\\/#respond\"]}]},{\"@type\":\"WebPage\",\"@id\":\"https:\\\/\\\/regiaonews.net.br\\\/2022\\\/2023\\\/03\\\/05\\\/corinthians-ganha-de-virada-do-santo-andre\\\/\",\"url\":\"https:\\\/\\\/regiaonews.net.br\\\/2022\\\/2023\\\/03\\\/05\\\/corinthians-ganha-de-virada-do-santo-andre\\\/\",\"name\":\"Corinthians ganha de virada do Santo Andr\u00e9 - Regi\u00e3o News\",\"isPartOf\":{\"@id\":\"https:\\\/\\\/regiaonews.net.br\\\/2022\\\/#website\"},\"primaryImageOfPage\":{\"@id\":\"https:\\\/\\\/regiaonews.net.br\\\/2022\\\/2023\\\/03\\\/05\\\/corinthians-ganha-de-virada-do-santo-andre\\\/#primaryimage\"},\"image\":{\"@id\":\"https:\\\/\\\/regiaonews.net.br\\\/2022\\\/2023\\\/03\\\/05\\\/corinthians-ganha-de-virada-do-santo-andre\\\/#primaryimage\"},\"thumbnailUrl\":\"https:\\\/\\\/regiaonews.net.br\\\/2022\\\/wp-content\\\/uploads\\\/2023\\\/03\\\/images-1.jpeg\",\"datePublished\":\"2023-03-05T15:45:31+00:00\",\"breadcrumb\":{\"@id\":\"https:\\\/\\\/regiaonews.net.br\\\/2022\\\/2023\\\/03\\\/05\\\/corinthians-ganha-de-virada-do-santo-andre\\\/#breadcrumb\"},\"inLanguage\":\"pt-BR\",\"potentialAction\":[{\"@type\":\"ReadAction\",\"target\":[\"https:\\\/\\\/regiaonews.net.br\\\/2022\\\/2023\\\/03\\\/05\\\/corinthians-ganha-de-virada-do-santo-andre\\\/\"]}]},{\"@type\":\"ImageObject\",\"inLanguage\":\"pt-BR\",\"@id\":\"https:\\\/\\\/regiaonews.net.br\\\/2022\\\/2023\\\/03\\\/05\\\/corinthians-ganha-de-virada-do-santo-andre\\\/#primaryimage\",\"url\":\"https:\\\/\\\/regiaonews.net.br\\\/2022\\\/wp-content\\\/uploads\\\/2023\\\/03\\\/images-1.jpeg\",\"contentUrl\":\"https:\\\/\\\/regiaonews.net.br\\\/2022\\\/wp-content\\\/uploads\\\/2023\\\/03\\\/images-1.jpeg\",\"width\":331,\"height\":276},{\"@type\":\"BreadcrumbList\",\"@id\":\"https:\\\/\\\/regiaonews.net.br\\\/2022\\\/2023\\\/03\\\/05\\\/corinthians-ganha-de-virada-do-santo-andre\\\/#breadcrumb\",\"itemListElement\":[{\"@type\":\"ListItem\",\"position\":1,\"name\":\"In\u00edcio\",\"item\":\"https:\\\/\\\/regiaonews.net.br\\\/2022\\\/\"},{\"@type\":\"ListItem\",\"position\":2,\"name\":\"Corinthians ganha de virada do Santo Andr\u00e9\"}]},{\"@type\":\"WebSite\",\"@id\":\"https:\\\/\\\/regiaonews.net.br\\\/2022\\\/#website\",\"url\":\"https:\\\/\\\/regiaonews.net.br\\\/2022\\\/\",\"name\":\"Regi\u00e3o News\",\"description\":\"Site de Not\u00edcias de Barretos e regi\u00e3o\",\"publisher\":{\"@id\":\"https:\\\/\\\/regiaonews.net.br\\\/2022\\\/#organization\"},\"potentialAction\":[{\"@type\":\"SearchAction\",\"target\":{\"@type\":\"EntryPoint\",\"urlTemplate\":\"https:\\\/\\\/regiaonews.net.br\\\/2022\\\/?s={search_term_string}\"},\"query-input\":{\"@type\":\"PropertyValueSpecification\",\"valueRequired\":true,\"valueName\":\"search_term_string\"}}],\"inLanguage\":\"pt-BR\"},{\"@type\":\"Organization\",\"@id\":\"https:\\\/\\\/regiaonews.net.br\\\/2022\\\/#organization\",\"name\":\"Regi\u00e3o News\",\"url\":\"https:\\\/\\\/regiaonews.net.br\\\/2022\\\/\",\"logo\":{\"@type\":\"ImageObject\",\"inLanguage\":\"pt-BR\",\"@id\":\"https:\\\/\\\/regiaonews.net.br\\\/2022\\\/#\\\/schema\\\/logo\\\/image\\\/\",\"url\":\"https:\\\/\\\/regiaonews.net.br\\\/2022\\\/wp-content\\\/uploads\\\/2026\\\/03\\\/regiao-13-anos-scaled.jpg\",\"contentUrl\":\"https:\\\/\\\/regiaonews.net.br\\\/2022\\\/wp-content\\\/uploads\\\/2026\\\/03\\\/regiao-13-anos-scaled.jpg\",\"width\":2560,\"height\":635,\"caption\":\"Regi\u00e3o News\"},\"image\":{\"@id\":\"https:\\\/\\\/regiaonews.net.br\\\/2022\\\/#\\\/schema\\\/logo\\\/image\\\/\"}},{\"@type\":\"Person\",\"@id\":\"https:\\\/\\\/regiaonews.net.br\\\/2022\\\/#\\\/schema\\\/person\\\/2d205a608a5aa97ac279d7a5e6d89ad8\",\"name\":\"Roberto\",\"image\":{\"@type\":\"ImageObject\",\"inLanguage\":\"pt-BR\",\"@id\":\"https:\\\/\\\/secure.gravatar.com\\\/avatar\\\/42749d8b712ff9d59ca93dc150494e5b55a44134482993f5baeb97e61b7ecc89?s=96&d=mm&r=g\",\"url\":\"https:\\\/\\\/secure.gravatar.com\\\/avatar\\\/42749d8b712ff9d59ca93dc150494e5b55a44134482993f5baeb97e61b7ecc89?s=96&d=mm&r=g\",\"contentUrl\":\"https:\\\/\\\/secure.gravatar.com\\\/avatar\\\/42749d8b712ff9d59ca93dc150494e5b55a44134482993f5baeb97e61b7ecc89?s=96&d=mm&r=g\",\"caption\":\"Roberto\"},\"url\":\"https:\\\/\\\/regiaonews.net.br\\\/2022\\\/author\\\/roberto\\\/\"}]}<\/script>\n<!-- \/ Yoast SEO plugin. -->","yoast_head_json":{"title":"Corinthians ganha de virada do Santo Andr\u00e9 - Regi\u00e3o News","robots":{"index":"index","follow":"follow","max-snippet":"max-snippet:-1","max-image-preview":"max-image-preview:large","max-video-preview":"max-video-preview:-1"},"canonical":"https:\/\/regiaonews.net.br\/2022\/2023\/03\/05\/corinthians-ganha-de-virada-do-santo-andre\/","og_locale":"pt_BR","og_type":"article","og_title":"Corinthians ganha de virada do Santo Andr\u00e9 - Regi\u00e3o News","og_description":"Foto &#8211; Rodrigo Coca &#8211; Ag\u00eancia Corinthians O Corinthians fechou","og_url":"https:\/\/regiaonews.net.br\/2022\/2023\/03\/05\/corinthians-ganha-de-virada-do-santo-andre\/","og_site_name":"Regi\u00e3o News","article_published_time":"2023-03-05T15:45:31+00:00","og_image":[{"width":331,"height":276,"url":"https:\/\/regiaonews.net.br\/2022\/wp-content\/uploads\/2023\/03\/images-1.jpeg","type":"image\/jpeg"}],"author":"Roberto","twitter_card":"summary_large_image","twitter_misc":{"Escrito por":"Roberto","Est. tempo de leitura":"3 minutos"},"schema":{"@context":"https:\/\/schema.org","@graph":[{"@type":"Article","@id":"https:\/\/regiaonews.net.br\/2022\/2023\/03\/05\/corinthians-ganha-de-virada-do-santo-andre\/#article","isPartOf":{"@id":"https:\/\/regiaonews.net.br\/2022\/2023\/03\/05\/corinthians-ganha-de-virada-do-santo-andre\/"},"author":{"name":"Roberto","@id":"https:\/\/regiaonews.net.br\/2022\/#\/schema\/person\/2d205a608a5aa97ac279d7a5e6d89ad8"},"headline":"Corinthians ganha de virada do Santo Andr\u00e9","datePublished":"2023-03-05T15:45:31+00:00","mainEntityOfPage":{"@id":"https:\/\/regiaonews.net.br\/2022\/2023\/03\/05\/corinthians-ganha-de-virada-do-santo-andre\/"},"wordCount":438,"commentCount":0,"publisher":{"@id":"https:\/\/regiaonews.net.br\/2022\/#organization"},"image":{"@id":"https:\/\/regiaonews.net.br\/2022\/2023\/03\/05\/corinthians-ganha-de-virada-do-santo-andre\/#primaryimage"},"thumbnailUrl":"https:\/\/regiaonews.net.br\/2022\/wp-content\/uploads\/2023\/03\/images-1.jpeg","articleSection":["Campeonato Paulista","Esporte"],"inLanguage":"pt-BR","potentialAction":[{"@type":"CommentAction","name":"Comment","target":["https:\/\/regiaonews.net.br\/2022\/2023\/03\/05\/corinthians-ganha-de-virada-do-santo-andre\/#respond"]}]},{"@type":"WebPage","@id":"https:\/\/regiaonews.net.br\/2022\/2023\/03\/05\/corinthians-ganha-de-virada-do-santo-andre\/","url":"https:\/\/regiaonews.net.br\/2022\/2023\/03\/05\/corinthians-ganha-de-virada-do-santo-andre\/","name":"Corinthians ganha de virada do Santo Andr\u00e9 - Regi\u00e3o News","isPartOf":{"@id":"https:\/\/regiaonews.net.br\/2022\/#website"},"primaryImageOfPage":{"@id":"https:\/\/regiaonews.net.br\/2022\/2023\/03\/05\/corinthians-ganha-de-virada-do-santo-andre\/#primaryimage"},"image":{"@id":"https:\/\/regiaonews.net.br\/2022\/2023\/03\/05\/corinthians-ganha-de-virada-do-santo-andre\/#primaryimage"},"thumbnailUrl":"https:\/\/regiaonews.net.br\/2022\/wp-content\/uploads\/2023\/03\/images-1.jpeg","datePublished":"2023-03-05T15:45:31+00:00","breadcrumb":{"@id":"https:\/\/regiaonews.net.br\/2022\/2023\/03\/05\/corinthians-ganha-de-virada-do-santo-andre\/#breadcrumb"},"inLanguage":"pt-BR","potentialAction":[{"@type":"ReadAction","target":["https:\/\/regiaonews.net.br\/2022\/2023\/03\/05\/corinthians-ganha-de-virada-do-santo-andre\/"]}]},{"@type":"ImageObject","inLanguage":"pt-BR","@id":"https:\/\/regiaonews.net.br\/2022\/2023\/03\/05\/corinthians-ganha-de-virada-do-santo-andre\/#primaryimage","url":"https:\/\/regiaonews.net.br\/2022\/wp-content\/uploads\/2023\/03\/images-1.jpeg","contentUrl":"https:\/\/regiaonews.net.br\/2022\/wp-content\/uploads\/2023\/03\/images-1.jpeg","width":331,"height":276},{"@type":"BreadcrumbList","@id":"https:\/\/regiaonews.net.br\/2022\/2023\/03\/05\/corinthians-ganha-de-virada-do-santo-andre\/#breadcrumb","itemListElement":[{"@type":"ListItem","position":1,"name":"In\u00edcio","item":"https:\/\/regiaonews.net.br\/2022\/"},{"@type":"ListItem","position":2,"name":"Corinthians ganha de virada do Santo Andr\u00e9"}]},{"@type":"WebSite","@id":"https:\/\/regiaonews.net.br\/2022\/#website","url":"https:\/\/regiaonews.net.br\/2022\/","name":"Regi\u00e3o News","description":"Site de Not\u00edcias de Barretos e regi\u00e3o","publisher":{"@id":"https:\/\/regiaonews.net.br\/2022\/#organization"},"potentialAction":[{"@type":"SearchAction","target":{"@type":"EntryPoint","urlTemplate":"https:\/\/regiaonews.net.br\/2022\/?s={search_term_string}"},"query-input":{"@type":"PropertyValueSpecification","valueRequired":true,"valueName":"search_term_string"}}],"inLanguage":"pt-BR"},{"@type":"Organization","@id":"https:\/\/regiaonews.net.br\/2022\/#organization","name":"Regi\u00e3o News","url":"https:\/\/regiaonews.net.br\/2022\/","logo":{"@type":"ImageObject","inLanguage":"pt-BR","@id":"https:\/\/regiaonews.net.br\/2022\/#\/schema\/logo\/image\/","url":"https:\/\/regiaonews.net.br\/2022\/wp-content\/uploads\/2026\/03\/regiao-13-anos-scaled.jpg","contentUrl":"https:\/\/regiaonews.net.br\/2022\/wp-content\/uploads\/2026\/03\/regiao-13-anos-scaled.jpg","width":2560,"height":635,"caption":"Regi\u00e3o News"},"image":{"@id":"https:\/\/regiaonews.net.br\/2022\/#\/schema\/logo\/image\/"}},{"@type":"Person","@id":"https:\/\/regiaonews.net.br\/2022\/#\/schema\/person\/2d205a608a5aa97ac279d7a5e6d89ad8","name":"Roberto","image":{"@type":"ImageObject","inLanguage":"pt-BR","@id":"https:\/\/secure.gravatar.com\/avatar\/42749d8b712ff9d59ca93dc150494e5b55a44134482993f5baeb97e61b7ecc89?s=96&d=mm&r=g","url":"https:\/\/secure.gravatar.com\/avatar\/42749d8b712ff9d59ca93dc150494e5b55a44134482993f5baeb97e61b7ecc89?s=96&d=mm&r=g","contentUrl":"https:\/\/secure.gravatar.com\/avatar\/42749d8b712ff9d59ca93dc150494e5b55a44134482993f5baeb97e61b7ecc89?s=96&d=mm&r=g","caption":"Roberto"},"url":"https:\/\/regiaonews.net.br\/2022\/author\/roberto\/"}]}},"publishpress_future_action":{"enabled":false,"date":"2026-05-02 03:46:03","action":"change-status","newStatus":"draft","terms":[],"taxonomy":"category","extraData":[]},"publishpress_future_workflow_manual_trigger":{"enabledWorkflows":[]},"_links":{"self":[{"href":"https:\/\/regiaonews.net.br\/2022\/wp-json\/wp\/v2\/posts\/84827","targetHints":{"allow":["GET"]}}],"collection":[{"href":"https:\/\/regiaonews.net.br\/2022\/wp-json\/wp\/v2\/posts"}],"about":[{"href":"https:\/\/regiaonews.net.br\/2022\/wp-json\/wp\/v2\/types\/post"}],"author":[{"embeddable":true,"href":"https:\/\/regiaonews.net.br\/2022\/wp-json\/wp\/v2\/users\/2"}],"replies":[{"embeddable":true,"href":"https:\/\/regiaonews.net.br\/2022\/wp-json\/wp\/v2\/comments?post=84827"}],"version-history":[{"count":1,"href":"https:\/\/regiaonews.net.br\/2022\/wp-json\/wp\/v2\/posts\/84827\/revisions"}],"predecessor-version":[{"id":84829,"href":"https:\/\/regiaonews.net.br\/2022\/wp-json\/wp\/v2\/posts\/84827\/revisions\/84829"}],"wp:featuredmedia":[{"embeddable":true,"href":"https:\/\/regiaonews.net.br\/2022\/wp-json\/wp\/v2\/media\/84828"}],"wp:attachment":[{"href":"https:\/\/regiaonews.net.br\/2022\/wp-json\/wp\/v2\/media?parent=84827"}],"wp:term":[{"taxonomy":"category","embeddable":true,"href":"https:\/\/regiaonews.net.br\/2022\/wp-json\/wp\/v2\/categories?post=84827"},{"taxonomy":"post_tag","embeddable":true,"href":"https:\/\/regiaonews.net.br\/2022\/wp-json\/wp\/v2\/tags?post=84827"}],"curies":[{"name":"wp","href":"https:\/\/api.w.org\/{rel}","templated":true}]}}