{"id":84697,"date":"2023-03-02T16:42:46","date_gmt":"2023-03-02T19:42:46","guid":{"rendered":"https:\/\/regiaonews.net.br\/2022\/?p=84697"},"modified":"2023-03-02T16:42:46","modified_gmt":"2023-03-02T19:42:46","slug":"missa-em-acao-de-gracas-celebra-inicio-do-novo-ano-letivo-no-unifeb","status":"publish","type":"post","link":"https:\/\/regiaonews.net.br\/2022\/2023\/03\/02\/missa-em-acao-de-gracas-celebra-inicio-do-novo-ano-letivo-no-unifeb\/","title":{"rendered":"Missa em A\u00e7\u00e3o de Gra\u00e7as celebra in\u00edcio do novo ano letivo no UNIFEB"},"content":{"rendered":"<h3 style=\"text-align: center;\"><b>A cerim\u00f4nia foi conduzida pelo grupo Carmelitas Mensageiros do Esp\u00edrito Santo.<\/b><\/h3>\n<p>Na noite da \u00faltima quarta-feira, dia 1\u00ba de mar\u00e7o, o UNIFEB (Centro Universit\u00e1rio da Funda\u00e7\u00e3o Educacional de Barretos) foi palco da celebra\u00e7\u00e3o de uma Missa em A\u00e7\u00e3o de Gra\u00e7as pelo novo ano letivo. O evento foi organizado pelo NAC (N\u00facleo de Apoio Cultural) coordenado pelo Prof. Dr. Ant\u00f4nio Gandini J\u00fanior.<\/p>\n<p>Com a presen\u00e7a do Reitor Prof. Dr. Angelo Davis, a Missa foi conduzida pelo Frei Francisco Airton, que integra o grupo Carmelitas Mensageiros do Esp\u00edrito Santo atuante em Barretos.<\/p>\n<p>A celebra\u00e7\u00e3o aconteceu na sala de p\u00f3s-gradua\u00e7\u00e3o do campus, durante o intervalo das aulas, e contou tamb\u00e9m com a presen\u00e7a de alunos, professores, coordenadores e funcion\u00e1rios do Centro Universit\u00e1rio.<\/p>\n<p>Para o Frei Francisco, o exerc\u00edcio da f\u00e9 deve ser constante. \u201cNos dias de hoje, em que Deus tem sido colocado de lado, esse tipo de evento permite lembrar a todos que Deus existe, que Ele nos ama, \u00e9 poderoso e est\u00e1 conosco em todos os momentos, tanto os alegres quanto os dif\u00edceis. Al\u00e9m de podermos trazer luz, esperan\u00e7a, paz e amor \u00e0s pessoas\u201d, ressaltou.<\/p>\n<p>De acordo com o Reitor Angelo Davis, o momento \u00e9 de agradecer pelo in\u00edcio de mais um ano letivo e por todas as conquistas da institui\u00e7\u00e3o nos \u00faltimos meses. \u201cFizemos uma campanha de vestibular incr\u00edvel com a maioria dos cursos esgotando as vagas. Estamos conseguindo revitalizar e modernizar o campus, al\u00e9m de implantar novos laborat\u00f3rios e ampliar o leque de cursos de gradua\u00e7\u00e3o e p\u00f3s-gradua\u00e7\u00e3o. E nesse ano a expectativa \u00e9 avan\u00e7ar ainda mais em nosso cronograma de revitaliza\u00e7\u00f5es e reformas, al\u00e9m de muitas novidades que logo vamos anunciar\u201d, destacou.<\/p>\n<p>Segundo o coordenador do NAC, professor Gandini, foi uma grande honra poder receber o grupo Carmelitas Mensageiros do Esp\u00edrito Santo pela segunda vez no UNIFEB. \u201cFicamos muito gratos por terem aceitado nosso convite e estarem conosco nesse momento de a\u00e7\u00e3o de gra\u00e7as. 2023 come\u00e7ou com for\u00e7a total e o NAC j\u00e1 est\u00e1 preparando um cronograma diverso de a\u00e7\u00f5es culturais que v\u00e3o movimentar toda a institui\u00e7\u00e3o ao longo do ano letivo\u201d, enfatizou.<\/p>\n","protected":false},"excerpt":{"rendered":"<p>A cerim\u00f4nia foi conduzida pelo grupo Carmelitas Mensageiros do Esp\u00edrito<\/p>\n","protected":false},"author":2,"featured_media":84698,"comment_status":"open","ping_status":"open","sticky":false,"template":"","format":"standard","meta":{"footnotes":""},"categories":[14,3],"tags":[],"class_list":["post-84697","post","type-post","status-publish","format-standard","has-post-thumbnail","hentry","category-barretos","category-geral"],"yoast_head":"<!-- This site is optimized with the Yoast SEO plugin v27.4 - https:\/\/yoast.com\/product\/yoast-seo-wordpress\/ -->\n<title>Missa em A\u00e7\u00e3o de Gra\u00e7as celebra in\u00edcio do novo ano letivo no UNIFEB - Regi\u00e3o News<\/title>\n<meta name=\"robots\" content=\"index, follow, max-snippet:-1, max-image-preview:large, max-video-preview:-1\" \/>\n<link rel=\"canonical\" href=\"https:\/\/regiaonews.net.br\/2022\/2023\/03\/02\/missa-em-acao-de-gracas-celebra-inicio-do-novo-ano-letivo-no-unifeb\/\" \/>\n<meta property=\"og:locale\" content=\"pt_BR\" \/>\n<meta property=\"og:type\" content=\"article\" \/>\n<meta property=\"og:title\" content=\"Missa em A\u00e7\u00e3o de Gra\u00e7as celebra in\u00edcio do novo ano letivo no UNIFEB - Regi\u00e3o News\" \/>\n<meta property=\"og:description\" content=\"A cerim\u00f4nia foi conduzida pelo grupo Carmelitas Mensageiros do Esp\u00edrito\" \/>\n<meta property=\"og:url\" content=\"https:\/\/regiaonews.net.br\/2022\/2023\/03\/02\/missa-em-acao-de-gracas-celebra-inicio-do-novo-ano-letivo-no-unifeb\/\" \/>\n<meta property=\"og:site_name\" content=\"Regi\u00e3o News\" \/>\n<meta property=\"article:published_time\" content=\"2023-03-02T19:42:46+00:00\" \/>\n<meta property=\"og:image\" content=\"https:\/\/regiaonews.net.br\/2022\/wp-content\/uploads\/2023\/03\/Missa_01-scaled.jpg\" \/>\n\t<meta property=\"og:image:width\" content=\"2560\" \/>\n\t<meta property=\"og:image:height\" content=\"1920\" \/>\n\t<meta property=\"og:image:type\" content=\"image\/jpeg\" \/>\n<meta name=\"author\" content=\"Roberto\" \/>\n<meta name=\"twitter:card\" content=\"summary_large_image\" \/>\n<meta name=\"twitter:label1\" content=\"Escrito por\" \/>\n\t<meta name=\"twitter:data1\" content=\"Roberto\" \/>\n\t<meta name=\"twitter:label2\" content=\"Est. tempo de leitura\" \/>\n\t<meta name=\"twitter:data2\" content=\"2 minutos\" \/>\n<script type=\"application\/ld+json\" class=\"yoast-schema-graph\">{\"@context\":\"https:\\\/\\\/schema.org\",\"@graph\":[{\"@type\":\"Article\",\"@id\":\"https:\\\/\\\/regiaonews.net.br\\\/2022\\\/2023\\\/03\\\/02\\\/missa-em-acao-de-gracas-celebra-inicio-do-novo-ano-letivo-no-unifeb\\\/#article\",\"isPartOf\":{\"@id\":\"https:\\\/\\\/regiaonews.net.br\\\/2022\\\/2023\\\/03\\\/02\\\/missa-em-acao-de-gracas-celebra-inicio-do-novo-ano-letivo-no-unifeb\\\/\"},\"author\":{\"name\":\"Roberto\",\"@id\":\"https:\\\/\\\/regiaonews.net.br\\\/2022\\\/#\\\/schema\\\/person\\\/2d205a608a5aa97ac279d7a5e6d89ad8\"},\"headline\":\"Missa em A\u00e7\u00e3o de Gra\u00e7as celebra in\u00edcio do novo ano letivo no UNIFEB\",\"datePublished\":\"2023-03-02T19:42:46+00:00\",\"mainEntityOfPage\":{\"@id\":\"https:\\\/\\\/regiaonews.net.br\\\/2022\\\/2023\\\/03\\\/02\\\/missa-em-acao-de-gracas-celebra-inicio-do-novo-ano-letivo-no-unifeb\\\/\"},\"wordCount\":399,\"commentCount\":0,\"publisher\":{\"@id\":\"https:\\\/\\\/regiaonews.net.br\\\/2022\\\/#organization\"},\"image\":{\"@id\":\"https:\\\/\\\/regiaonews.net.br\\\/2022\\\/2023\\\/03\\\/02\\\/missa-em-acao-de-gracas-celebra-inicio-do-novo-ano-letivo-no-unifeb\\\/#primaryimage\"},\"thumbnailUrl\":\"https:\\\/\\\/regiaonews.net.br\\\/2022\\\/wp-content\\\/uploads\\\/2023\\\/03\\\/Missa_01-scaled.jpg\",\"articleSection\":[\"Barretos\",\"Geral\"],\"inLanguage\":\"pt-BR\",\"potentialAction\":[{\"@type\":\"CommentAction\",\"name\":\"Comment\",\"target\":[\"https:\\\/\\\/regiaonews.net.br\\\/2022\\\/2023\\\/03\\\/02\\\/missa-em-acao-de-gracas-celebra-inicio-do-novo-ano-letivo-no-unifeb\\\/#respond\"]}]},{\"@type\":\"WebPage\",\"@id\":\"https:\\\/\\\/regiaonews.net.br\\\/2022\\\/2023\\\/03\\\/02\\\/missa-em-acao-de-gracas-celebra-inicio-do-novo-ano-letivo-no-unifeb\\\/\",\"url\":\"https:\\\/\\\/regiaonews.net.br\\\/2022\\\/2023\\\/03\\\/02\\\/missa-em-acao-de-gracas-celebra-inicio-do-novo-ano-letivo-no-unifeb\\\/\",\"name\":\"Missa em A\u00e7\u00e3o de Gra\u00e7as celebra in\u00edcio do novo ano letivo no UNIFEB - Regi\u00e3o News\",\"isPartOf\":{\"@id\":\"https:\\\/\\\/regiaonews.net.br\\\/2022\\\/#website\"},\"primaryImageOfPage\":{\"@id\":\"https:\\\/\\\/regiaonews.net.br\\\/2022\\\/2023\\\/03\\\/02\\\/missa-em-acao-de-gracas-celebra-inicio-do-novo-ano-letivo-no-unifeb\\\/#primaryimage\"},\"image\":{\"@id\":\"https:\\\/\\\/regiaonews.net.br\\\/2022\\\/2023\\\/03\\\/02\\\/missa-em-acao-de-gracas-celebra-inicio-do-novo-ano-letivo-no-unifeb\\\/#primaryimage\"},\"thumbnailUrl\":\"https:\\\/\\\/regiaonews.net.br\\\/2022\\\/wp-content\\\/uploads\\\/2023\\\/03\\\/Missa_01-scaled.jpg\",\"datePublished\":\"2023-03-02T19:42:46+00:00\",\"breadcrumb\":{\"@id\":\"https:\\\/\\\/regiaonews.net.br\\\/2022\\\/2023\\\/03\\\/02\\\/missa-em-acao-de-gracas-celebra-inicio-do-novo-ano-letivo-no-unifeb\\\/#breadcrumb\"},\"inLanguage\":\"pt-BR\",\"potentialAction\":[{\"@type\":\"ReadAction\",\"target\":[\"https:\\\/\\\/regiaonews.net.br\\\/2022\\\/2023\\\/03\\\/02\\\/missa-em-acao-de-gracas-celebra-inicio-do-novo-ano-letivo-no-unifeb\\\/\"]}]},{\"@type\":\"ImageObject\",\"inLanguage\":\"pt-BR\",\"@id\":\"https:\\\/\\\/regiaonews.net.br\\\/2022\\\/2023\\\/03\\\/02\\\/missa-em-acao-de-gracas-celebra-inicio-do-novo-ano-letivo-no-unifeb\\\/#primaryimage\",\"url\":\"https:\\\/\\\/regiaonews.net.br\\\/2022\\\/wp-content\\\/uploads\\\/2023\\\/03\\\/Missa_01-scaled.jpg\",\"contentUrl\":\"https:\\\/\\\/regiaonews.net.br\\\/2022\\\/wp-content\\\/uploads\\\/2023\\\/03\\\/Missa_01-scaled.jpg\",\"width\":2560,\"height\":1920},{\"@type\":\"BreadcrumbList\",\"@id\":\"https:\\\/\\\/regiaonews.net.br\\\/2022\\\/2023\\\/03\\\/02\\\/missa-em-acao-de-gracas-celebra-inicio-do-novo-ano-letivo-no-unifeb\\\/#breadcrumb\",\"itemListElement\":[{\"@type\":\"ListItem\",\"position\":1,\"name\":\"In\u00edcio\",\"item\":\"https:\\\/\\\/regiaonews.net.br\\\/2022\\\/\"},{\"@type\":\"ListItem\",\"position\":2,\"name\":\"Missa em A\u00e7\u00e3o de Gra\u00e7as celebra in\u00edcio do novo ano letivo no UNIFEB\"}]},{\"@type\":\"WebSite\",\"@id\":\"https:\\\/\\\/regiaonews.net.br\\\/2022\\\/#website\",\"url\":\"https:\\\/\\\/regiaonews.net.br\\\/2022\\\/\",\"name\":\"Regi\u00e3o News\",\"description\":\"Site de Not\u00edcias de Barretos e regi\u00e3o\",\"publisher\":{\"@id\":\"https:\\\/\\\/regiaonews.net.br\\\/2022\\\/#organization\"},\"potentialAction\":[{\"@type\":\"SearchAction\",\"target\":{\"@type\":\"EntryPoint\",\"urlTemplate\":\"https:\\\/\\\/regiaonews.net.br\\\/2022\\\/?s={search_term_string}\"},\"query-input\":{\"@type\":\"PropertyValueSpecification\",\"valueRequired\":true,\"valueName\":\"search_term_string\"}}],\"inLanguage\":\"pt-BR\"},{\"@type\":\"Organization\",\"@id\":\"https:\\\/\\\/regiaonews.net.br\\\/2022\\\/#organization\",\"name\":\"Regi\u00e3o News\",\"url\":\"https:\\\/\\\/regiaonews.net.br\\\/2022\\\/\",\"logo\":{\"@type\":\"ImageObject\",\"inLanguage\":\"pt-BR\",\"@id\":\"https:\\\/\\\/regiaonews.net.br\\\/2022\\\/#\\\/schema\\\/logo\\\/image\\\/\",\"url\":\"https:\\\/\\\/regiaonews.net.br\\\/2022\\\/wp-content\\\/uploads\\\/2026\\\/03\\\/regiao-13-anos-scaled.jpg\",\"contentUrl\":\"https:\\\/\\\/regiaonews.net.br\\\/2022\\\/wp-content\\\/uploads\\\/2026\\\/03\\\/regiao-13-anos-scaled.jpg\",\"width\":2560,\"height\":635,\"caption\":\"Regi\u00e3o News\"},\"image\":{\"@id\":\"https:\\\/\\\/regiaonews.net.br\\\/2022\\\/#\\\/schema\\\/logo\\\/image\\\/\"}},{\"@type\":\"Person\",\"@id\":\"https:\\\/\\\/regiaonews.net.br\\\/2022\\\/#\\\/schema\\\/person\\\/2d205a608a5aa97ac279d7a5e6d89ad8\",\"name\":\"Roberto\",\"image\":{\"@type\":\"ImageObject\",\"inLanguage\":\"pt-BR\",\"@id\":\"https:\\\/\\\/secure.gravatar.com\\\/avatar\\\/42749d8b712ff9d59ca93dc150494e5b55a44134482993f5baeb97e61b7ecc89?s=96&d=mm&r=g\",\"url\":\"https:\\\/\\\/secure.gravatar.com\\\/avatar\\\/42749d8b712ff9d59ca93dc150494e5b55a44134482993f5baeb97e61b7ecc89?s=96&d=mm&r=g\",\"contentUrl\":\"https:\\\/\\\/secure.gravatar.com\\\/avatar\\\/42749d8b712ff9d59ca93dc150494e5b55a44134482993f5baeb97e61b7ecc89?s=96&d=mm&r=g\",\"caption\":\"Roberto\"},\"url\":\"https:\\\/\\\/regiaonews.net.br\\\/2022\\\/author\\\/roberto\\\/\"}]}<\/script>\n<!-- \/ Yoast SEO plugin. -->","yoast_head_json":{"title":"Missa em A\u00e7\u00e3o de Gra\u00e7as celebra in\u00edcio do novo ano letivo no UNIFEB - Regi\u00e3o News","robots":{"index":"index","follow":"follow","max-snippet":"max-snippet:-1","max-image-preview":"max-image-preview:large","max-video-preview":"max-video-preview:-1"},"canonical":"https:\/\/regiaonews.net.br\/2022\/2023\/03\/02\/missa-em-acao-de-gracas-celebra-inicio-do-novo-ano-letivo-no-unifeb\/","og_locale":"pt_BR","og_type":"article","og_title":"Missa em A\u00e7\u00e3o de Gra\u00e7as celebra in\u00edcio do novo ano letivo no UNIFEB - Regi\u00e3o News","og_description":"A cerim\u00f4nia foi conduzida pelo grupo Carmelitas Mensageiros do Esp\u00edrito","og_url":"https:\/\/regiaonews.net.br\/2022\/2023\/03\/02\/missa-em-acao-de-gracas-celebra-inicio-do-novo-ano-letivo-no-unifeb\/","og_site_name":"Regi\u00e3o News","article_published_time":"2023-03-02T19:42:46+00:00","og_image":[{"width":2560,"height":1920,"url":"https:\/\/regiaonews.net.br\/2022\/wp-content\/uploads\/2023\/03\/Missa_01-scaled.jpg","type":"image\/jpeg"}],"author":"Roberto","twitter_card":"summary_large_image","twitter_misc":{"Escrito por":"Roberto","Est. tempo de leitura":"2 minutos"},"schema":{"@context":"https:\/\/schema.org","@graph":[{"@type":"Article","@id":"https:\/\/regiaonews.net.br\/2022\/2023\/03\/02\/missa-em-acao-de-gracas-celebra-inicio-do-novo-ano-letivo-no-unifeb\/#article","isPartOf":{"@id":"https:\/\/regiaonews.net.br\/2022\/2023\/03\/02\/missa-em-acao-de-gracas-celebra-inicio-do-novo-ano-letivo-no-unifeb\/"},"author":{"name":"Roberto","@id":"https:\/\/regiaonews.net.br\/2022\/#\/schema\/person\/2d205a608a5aa97ac279d7a5e6d89ad8"},"headline":"Missa em A\u00e7\u00e3o de Gra\u00e7as celebra in\u00edcio do novo ano letivo no UNIFEB","datePublished":"2023-03-02T19:42:46+00:00","mainEntityOfPage":{"@id":"https:\/\/regiaonews.net.br\/2022\/2023\/03\/02\/missa-em-acao-de-gracas-celebra-inicio-do-novo-ano-letivo-no-unifeb\/"},"wordCount":399,"commentCount":0,"publisher":{"@id":"https:\/\/regiaonews.net.br\/2022\/#organization"},"image":{"@id":"https:\/\/regiaonews.net.br\/2022\/2023\/03\/02\/missa-em-acao-de-gracas-celebra-inicio-do-novo-ano-letivo-no-unifeb\/#primaryimage"},"thumbnailUrl":"https:\/\/regiaonews.net.br\/2022\/wp-content\/uploads\/2023\/03\/Missa_01-scaled.jpg","articleSection":["Barretos","Geral"],"inLanguage":"pt-BR","potentialAction":[{"@type":"CommentAction","name":"Comment","target":["https:\/\/regiaonews.net.br\/2022\/2023\/03\/02\/missa-em-acao-de-gracas-celebra-inicio-do-novo-ano-letivo-no-unifeb\/#respond"]}]},{"@type":"WebPage","@id":"https:\/\/regiaonews.net.br\/2022\/2023\/03\/02\/missa-em-acao-de-gracas-celebra-inicio-do-novo-ano-letivo-no-unifeb\/","url":"https:\/\/regiaonews.net.br\/2022\/2023\/03\/02\/missa-em-acao-de-gracas-celebra-inicio-do-novo-ano-letivo-no-unifeb\/","name":"Missa em A\u00e7\u00e3o de Gra\u00e7as celebra in\u00edcio do novo ano letivo no UNIFEB - Regi\u00e3o News","isPartOf":{"@id":"https:\/\/regiaonews.net.br\/2022\/#website"},"primaryImageOfPage":{"@id":"https:\/\/regiaonews.net.br\/2022\/2023\/03\/02\/missa-em-acao-de-gracas-celebra-inicio-do-novo-ano-letivo-no-unifeb\/#primaryimage"},"image":{"@id":"https:\/\/regiaonews.net.br\/2022\/2023\/03\/02\/missa-em-acao-de-gracas-celebra-inicio-do-novo-ano-letivo-no-unifeb\/#primaryimage"},"thumbnailUrl":"https:\/\/regiaonews.net.br\/2022\/wp-content\/uploads\/2023\/03\/Missa_01-scaled.jpg","datePublished":"2023-03-02T19:42:46+00:00","breadcrumb":{"@id":"https:\/\/regiaonews.net.br\/2022\/2023\/03\/02\/missa-em-acao-de-gracas-celebra-inicio-do-novo-ano-letivo-no-unifeb\/#breadcrumb"},"inLanguage":"pt-BR","potentialAction":[{"@type":"ReadAction","target":["https:\/\/regiaonews.net.br\/2022\/2023\/03\/02\/missa-em-acao-de-gracas-celebra-inicio-do-novo-ano-letivo-no-unifeb\/"]}]},{"@type":"ImageObject","inLanguage":"pt-BR","@id":"https:\/\/regiaonews.net.br\/2022\/2023\/03\/02\/missa-em-acao-de-gracas-celebra-inicio-do-novo-ano-letivo-no-unifeb\/#primaryimage","url":"https:\/\/regiaonews.net.br\/2022\/wp-content\/uploads\/2023\/03\/Missa_01-scaled.jpg","contentUrl":"https:\/\/regiaonews.net.br\/2022\/wp-content\/uploads\/2023\/03\/Missa_01-scaled.jpg","width":2560,"height":1920},{"@type":"BreadcrumbList","@id":"https:\/\/regiaonews.net.br\/2022\/2023\/03\/02\/missa-em-acao-de-gracas-celebra-inicio-do-novo-ano-letivo-no-unifeb\/#breadcrumb","itemListElement":[{"@type":"ListItem","position":1,"name":"In\u00edcio","item":"https:\/\/regiaonews.net.br\/2022\/"},{"@type":"ListItem","position":2,"name":"Missa em A\u00e7\u00e3o de Gra\u00e7as celebra in\u00edcio do novo ano letivo no UNIFEB"}]},{"@type":"WebSite","@id":"https:\/\/regiaonews.net.br\/2022\/#website","url":"https:\/\/regiaonews.net.br\/2022\/","name":"Regi\u00e3o News","description":"Site de Not\u00edcias de Barretos e regi\u00e3o","publisher":{"@id":"https:\/\/regiaonews.net.br\/2022\/#organization"},"potentialAction":[{"@type":"SearchAction","target":{"@type":"EntryPoint","urlTemplate":"https:\/\/regiaonews.net.br\/2022\/?s={search_term_string}"},"query-input":{"@type":"PropertyValueSpecification","valueRequired":true,"valueName":"search_term_string"}}],"inLanguage":"pt-BR"},{"@type":"Organization","@id":"https:\/\/regiaonews.net.br\/2022\/#organization","name":"Regi\u00e3o News","url":"https:\/\/regiaonews.net.br\/2022\/","logo":{"@type":"ImageObject","inLanguage":"pt-BR","@id":"https:\/\/regiaonews.net.br\/2022\/#\/schema\/logo\/image\/","url":"https:\/\/regiaonews.net.br\/2022\/wp-content\/uploads\/2026\/03\/regiao-13-anos-scaled.jpg","contentUrl":"https:\/\/regiaonews.net.br\/2022\/wp-content\/uploads\/2026\/03\/regiao-13-anos-scaled.jpg","width":2560,"height":635,"caption":"Regi\u00e3o News"},"image":{"@id":"https:\/\/regiaonews.net.br\/2022\/#\/schema\/logo\/image\/"}},{"@type":"Person","@id":"https:\/\/regiaonews.net.br\/2022\/#\/schema\/person\/2d205a608a5aa97ac279d7a5e6d89ad8","name":"Roberto","image":{"@type":"ImageObject","inLanguage":"pt-BR","@id":"https:\/\/secure.gravatar.com\/avatar\/42749d8b712ff9d59ca93dc150494e5b55a44134482993f5baeb97e61b7ecc89?s=96&d=mm&r=g","url":"https:\/\/secure.gravatar.com\/avatar\/42749d8b712ff9d59ca93dc150494e5b55a44134482993f5baeb97e61b7ecc89?s=96&d=mm&r=g","contentUrl":"https:\/\/secure.gravatar.com\/avatar\/42749d8b712ff9d59ca93dc150494e5b55a44134482993f5baeb97e61b7ecc89?s=96&d=mm&r=g","caption":"Roberto"},"url":"https:\/\/regiaonews.net.br\/2022\/author\/roberto\/"}]}},"publishpress_future_action":{"enabled":false,"date":"2026-05-02 02:22:38","action":"change-status","newStatus":"draft","terms":[],"taxonomy":"category","extraData":[]},"publishpress_future_workflow_manual_trigger":{"enabledWorkflows":[]},"_links":{"self":[{"href":"https:\/\/regiaonews.net.br\/2022\/wp-json\/wp\/v2\/posts\/84697","targetHints":{"allow":["GET"]}}],"collection":[{"href":"https:\/\/regiaonews.net.br\/2022\/wp-json\/wp\/v2\/posts"}],"about":[{"href":"https:\/\/regiaonews.net.br\/2022\/wp-json\/wp\/v2\/types\/post"}],"author":[{"embeddable":true,"href":"https:\/\/regiaonews.net.br\/2022\/wp-json\/wp\/v2\/users\/2"}],"replies":[{"embeddable":true,"href":"https:\/\/regiaonews.net.br\/2022\/wp-json\/wp\/v2\/comments?post=84697"}],"version-history":[{"count":1,"href":"https:\/\/regiaonews.net.br\/2022\/wp-json\/wp\/v2\/posts\/84697\/revisions"}],"predecessor-version":[{"id":84700,"href":"https:\/\/regiaonews.net.br\/2022\/wp-json\/wp\/v2\/posts\/84697\/revisions\/84700"}],"wp:featuredmedia":[{"embeddable":true,"href":"https:\/\/regiaonews.net.br\/2022\/wp-json\/wp\/v2\/media\/84698"}],"wp:attachment":[{"href":"https:\/\/regiaonews.net.br\/2022\/wp-json\/wp\/v2\/media?parent=84697"}],"wp:term":[{"taxonomy":"category","embeddable":true,"href":"https:\/\/regiaonews.net.br\/2022\/wp-json\/wp\/v2\/categories?post=84697"},{"taxonomy":"post_tag","embeddable":true,"href":"https:\/\/regiaonews.net.br\/2022\/wp-json\/wp\/v2\/tags?post=84697"}],"curies":[{"name":"wp","href":"https:\/\/api.w.org\/{rel}","templated":true}]}}