{"id":84461,"date":"2023-02-24T23:52:47","date_gmt":"2023-02-25T02:52:47","guid":{"rendered":"https:\/\/regiaonews.net.br\/2022\/?p=84461"},"modified":"2023-02-26T08:51:33","modified_gmt":"2023-02-26T11:51:33","slug":"barretos-e-c-perde-em-casa-para-o-desportivo-brasil-e-se-complica-na-a3","status":"publish","type":"post","link":"https:\/\/regiaonews.net.br\/2022\/2023\/02\/24\/barretos-e-c-perde-em-casa-para-o-desportivo-brasil-e-se-complica-na-a3\/","title":{"rendered":"Barretos E.C. perde em casa para o Desportivo Brasil e se complica na A3"},"content":{"rendered":"<p>Em partida v\u00e1lida pela 10\u00aa rodada do Campeonato Paulista da S\u00e9rie A3, as equipes do Barretos Esporte Clube e Desportivo Brasil se enfrentaram no Est\u00e1dio Fortaleza. No duelo entre o Touro do Vale e o Drag\u00e3o Chin\u00eas, destaque para a equipe visitante que venceu a partida pelo placar de 2 a 0, com gols de Jo\u00e3o Paulo aos 34 minutos do 1\u00ba tempo e Renan aos 40 minutos do 2\u00ba tempo.<\/p>\n<p>A partida come\u00e7ou com o Barretos dando as cartadas e desperdi\u00e7ando gols em cruzamento na \u00e1rea que n\u00e3o tiveram aproveitamento do ataque barretense. Aos poucos, a equipe do Desportivo Brasil foi conseguindo dominar as jogadas de\u00a0 meio campo e abriu\u00a0 o placar com jogada pela direita, e cruzamento na \u00e1rea para o atacante Jo\u00e3o Paulo finalizar cara a cara com o goleiro Igor.<\/p>\n<p>O BEC foi com tudo para o ataque, e em noite pouco inspirada, o atacante J\u00fanior Batata n\u00e3o conseguiu balan\u00e7ar as redes nos 90 minutos, ap\u00f3s rebote do goleiro do Desportivo, acertou a trave direita do goleiro Oliveira da equipe visitante. Em seguida, em novo cruzamento, escorou a bola para linha de fundo, na melhor oportunidade do BEC no primeiro tempo.<\/p>\n<p>No segundo tempo, o BEC voltou empenhado em buscar o empate, e com o apoio de 900 torcedores presentes no est\u00e1dio Fortaleza, criou jogadas, mas voltou a pecar nas finaliza\u00e7\u00f5es que pararam no goleiro Oliveira, tanto em faltas cobradas pelo incans\u00e1vel Batata e no corte da defensiva do Drag\u00e3o Chin\u00eas ap\u00f3s jogadas pelas pontas pelos r\u00e1pidos atacantes barretenses.<\/p>\n<p>No apagar das luzes, em jogada individual, o atacante Renan, em jogada pela esquerda, driblou a zaga barretense e ampliou o marcador na sa\u00edda do goleiro Igor. O BEC ainda tentou mais algumas vezes chegar ao ataque, mas em uma noite em que a equipe esteve muito nervosa e desorganizada, acabou trope\u00e7ando pela segunda vez na Arena Fortaleza do Touro, perdendo a partida por 2 a 0.<\/p>\n<p>Com a derrota, a equipe terminou a rodada com 10 pontos na 14\u00aa coloca\u00e7\u00e3o, enquanto que o Desportivo Brasil subiu para o 12\u00ba lugar com 12 pontos.<\/p>\n<p>No outro jogo da rodada, o Bandeirante perdeu em casa para a Matonense por 1 a 0. A equipe de Mat\u00e3o, \u00e9 o pr\u00f3ximo advers\u00e1rio do Touro do Vale na \u00a0quarta-feira (1\u00ba), \u00e0s 15h, em Mat\u00e3o, chegou ao G8 com 14 pontos, enquanto o Bandeirante perdeu uma posi\u00e7\u00e3o, caindo para o 9\u00ba lugar com 12 pontos.<\/p>\n","protected":false},"excerpt":{"rendered":"<p>Em partida v\u00e1lida pela 10\u00aa rodada do Campeonato Paulista da<\/p>\n","protected":false},"author":2,"featured_media":84463,"comment_status":"open","ping_status":"open","sticky":false,"template":"","format":"standard","meta":{"footnotes":""},"categories":[183,21],"tags":[],"class_list":["post-84461","post","type-post","status-publish","format-standard","has-post-thumbnail","hentry","category-campeonato-paulista","category-esporte"],"yoast_head":"<!-- This site is optimized with the Yoast SEO plugin v27.4 - https:\/\/yoast.com\/product\/yoast-seo-wordpress\/ -->\n<title>Barretos E.C. perde em casa para o Desportivo Brasil e se complica na A3 - Regi\u00e3o News<\/title>\n<meta name=\"robots\" content=\"index, follow, max-snippet:-1, max-image-preview:large, max-video-preview:-1\" \/>\n<link rel=\"canonical\" href=\"https:\/\/regiaonews.net.br\/2022\/2023\/02\/24\/barretos-e-c-perde-em-casa-para-o-desportivo-brasil-e-se-complica-na-a3\/\" \/>\n<meta property=\"og:locale\" content=\"pt_BR\" \/>\n<meta property=\"og:type\" content=\"article\" \/>\n<meta property=\"og:title\" content=\"Barretos E.C. perde em casa para o Desportivo Brasil e se complica na A3 - Regi\u00e3o News\" \/>\n<meta property=\"og:description\" content=\"Em partida v\u00e1lida pela 10\u00aa rodada do Campeonato Paulista da\" \/>\n<meta property=\"og:url\" content=\"https:\/\/regiaonews.net.br\/2022\/2023\/02\/24\/barretos-e-c-perde-em-casa-para-o-desportivo-brasil-e-se-complica-na-a3\/\" \/>\n<meta property=\"og:site_name\" content=\"Regi\u00e3o News\" \/>\n<meta property=\"article:published_time\" content=\"2023-02-25T02:52:47+00:00\" \/>\n<meta property=\"article:modified_time\" content=\"2023-02-26T11:51:33+00:00\" \/>\n<meta property=\"og:image\" content=\"https:\/\/regiaonews.net.br\/2022\/wp-content\/uploads\/2023\/02\/20230224_200404-scaled.jpg\" \/>\n\t<meta property=\"og:image:width\" content=\"2560\" \/>\n\t<meta property=\"og:image:height\" content=\"1920\" \/>\n\t<meta property=\"og:image:type\" content=\"image\/jpeg\" \/>\n<meta name=\"author\" content=\"Roberto\" \/>\n<meta name=\"twitter:card\" content=\"summary_large_image\" \/>\n<meta name=\"twitter:label1\" content=\"Escrito por\" \/>\n\t<meta name=\"twitter:data1\" content=\"Roberto\" \/>\n\t<meta name=\"twitter:label2\" content=\"Est. tempo de leitura\" \/>\n\t<meta name=\"twitter:data2\" content=\"3 minutos\" \/>\n<script type=\"application\/ld+json\" class=\"yoast-schema-graph\">{\"@context\":\"https:\\\/\\\/schema.org\",\"@graph\":[{\"@type\":\"Article\",\"@id\":\"https:\\\/\\\/regiaonews.net.br\\\/2022\\\/2023\\\/02\\\/24\\\/barretos-e-c-perde-em-casa-para-o-desportivo-brasil-e-se-complica-na-a3\\\/#article\",\"isPartOf\":{\"@id\":\"https:\\\/\\\/regiaonews.net.br\\\/2022\\\/2023\\\/02\\\/24\\\/barretos-e-c-perde-em-casa-para-o-desportivo-brasil-e-se-complica-na-a3\\\/\"},\"author\":{\"name\":\"Roberto\",\"@id\":\"https:\\\/\\\/regiaonews.net.br\\\/2022\\\/#\\\/schema\\\/person\\\/2d205a608a5aa97ac279d7a5e6d89ad8\"},\"headline\":\"Barretos E.C. perde em casa para o Desportivo Brasil e se complica na A3\",\"datePublished\":\"2023-02-25T02:52:47+00:00\",\"dateModified\":\"2023-02-26T11:51:33+00:00\",\"mainEntityOfPage\":{\"@id\":\"https:\\\/\\\/regiaonews.net.br\\\/2022\\\/2023\\\/02\\\/24\\\/barretos-e-c-perde-em-casa-para-o-desportivo-brasil-e-se-complica-na-a3\\\/\"},\"wordCount\":425,\"commentCount\":0,\"publisher\":{\"@id\":\"https:\\\/\\\/regiaonews.net.br\\\/2022\\\/#organization\"},\"image\":{\"@id\":\"https:\\\/\\\/regiaonews.net.br\\\/2022\\\/2023\\\/02\\\/24\\\/barretos-e-c-perde-em-casa-para-o-desportivo-brasil-e-se-complica-na-a3\\\/#primaryimage\"},\"thumbnailUrl\":\"https:\\\/\\\/regiaonews.net.br\\\/2022\\\/wp-content\\\/uploads\\\/2023\\\/02\\\/20230224_200404-scaled.jpg\",\"articleSection\":[\"Campeonato Paulista\",\"Esporte\"],\"inLanguage\":\"pt-BR\",\"potentialAction\":[{\"@type\":\"CommentAction\",\"name\":\"Comment\",\"target\":[\"https:\\\/\\\/regiaonews.net.br\\\/2022\\\/2023\\\/02\\\/24\\\/barretos-e-c-perde-em-casa-para-o-desportivo-brasil-e-se-complica-na-a3\\\/#respond\"]}]},{\"@type\":\"WebPage\",\"@id\":\"https:\\\/\\\/regiaonews.net.br\\\/2022\\\/2023\\\/02\\\/24\\\/barretos-e-c-perde-em-casa-para-o-desportivo-brasil-e-se-complica-na-a3\\\/\",\"url\":\"https:\\\/\\\/regiaonews.net.br\\\/2022\\\/2023\\\/02\\\/24\\\/barretos-e-c-perde-em-casa-para-o-desportivo-brasil-e-se-complica-na-a3\\\/\",\"name\":\"Barretos E.C. perde em casa para o Desportivo Brasil e se complica na A3 - Regi\u00e3o News\",\"isPartOf\":{\"@id\":\"https:\\\/\\\/regiaonews.net.br\\\/2022\\\/#website\"},\"primaryImageOfPage\":{\"@id\":\"https:\\\/\\\/regiaonews.net.br\\\/2022\\\/2023\\\/02\\\/24\\\/barretos-e-c-perde-em-casa-para-o-desportivo-brasil-e-se-complica-na-a3\\\/#primaryimage\"},\"image\":{\"@id\":\"https:\\\/\\\/regiaonews.net.br\\\/2022\\\/2023\\\/02\\\/24\\\/barretos-e-c-perde-em-casa-para-o-desportivo-brasil-e-se-complica-na-a3\\\/#primaryimage\"},\"thumbnailUrl\":\"https:\\\/\\\/regiaonews.net.br\\\/2022\\\/wp-content\\\/uploads\\\/2023\\\/02\\\/20230224_200404-scaled.jpg\",\"datePublished\":\"2023-02-25T02:52:47+00:00\",\"dateModified\":\"2023-02-26T11:51:33+00:00\",\"breadcrumb\":{\"@id\":\"https:\\\/\\\/regiaonews.net.br\\\/2022\\\/2023\\\/02\\\/24\\\/barretos-e-c-perde-em-casa-para-o-desportivo-brasil-e-se-complica-na-a3\\\/#breadcrumb\"},\"inLanguage\":\"pt-BR\",\"potentialAction\":[{\"@type\":\"ReadAction\",\"target\":[\"https:\\\/\\\/regiaonews.net.br\\\/2022\\\/2023\\\/02\\\/24\\\/barretos-e-c-perde-em-casa-para-o-desportivo-brasil-e-se-complica-na-a3\\\/\"]}]},{\"@type\":\"ImageObject\",\"inLanguage\":\"pt-BR\",\"@id\":\"https:\\\/\\\/regiaonews.net.br\\\/2022\\\/2023\\\/02\\\/24\\\/barretos-e-c-perde-em-casa-para-o-desportivo-brasil-e-se-complica-na-a3\\\/#primaryimage\",\"url\":\"https:\\\/\\\/regiaonews.net.br\\\/2022\\\/wp-content\\\/uploads\\\/2023\\\/02\\\/20230224_200404-scaled.jpg\",\"contentUrl\":\"https:\\\/\\\/regiaonews.net.br\\\/2022\\\/wp-content\\\/uploads\\\/2023\\\/02\\\/20230224_200404-scaled.jpg\",\"width\":2560,\"height\":1920},{\"@type\":\"BreadcrumbList\",\"@id\":\"https:\\\/\\\/regiaonews.net.br\\\/2022\\\/2023\\\/02\\\/24\\\/barretos-e-c-perde-em-casa-para-o-desportivo-brasil-e-se-complica-na-a3\\\/#breadcrumb\",\"itemListElement\":[{\"@type\":\"ListItem\",\"position\":1,\"name\":\"In\u00edcio\",\"item\":\"https:\\\/\\\/regiaonews.net.br\\\/2022\\\/\"},{\"@type\":\"ListItem\",\"position\":2,\"name\":\"Barretos E.C. perde em casa para o Desportivo Brasil e se complica na A3\"}]},{\"@type\":\"WebSite\",\"@id\":\"https:\\\/\\\/regiaonews.net.br\\\/2022\\\/#website\",\"url\":\"https:\\\/\\\/regiaonews.net.br\\\/2022\\\/\",\"name\":\"Regi\u00e3o News\",\"description\":\"Site de Not\u00edcias de Barretos e regi\u00e3o\",\"publisher\":{\"@id\":\"https:\\\/\\\/regiaonews.net.br\\\/2022\\\/#organization\"},\"potentialAction\":[{\"@type\":\"SearchAction\",\"target\":{\"@type\":\"EntryPoint\",\"urlTemplate\":\"https:\\\/\\\/regiaonews.net.br\\\/2022\\\/?s={search_term_string}\"},\"query-input\":{\"@type\":\"PropertyValueSpecification\",\"valueRequired\":true,\"valueName\":\"search_term_string\"}}],\"inLanguage\":\"pt-BR\"},{\"@type\":\"Organization\",\"@id\":\"https:\\\/\\\/regiaonews.net.br\\\/2022\\\/#organization\",\"name\":\"Regi\u00e3o News\",\"url\":\"https:\\\/\\\/regiaonews.net.br\\\/2022\\\/\",\"logo\":{\"@type\":\"ImageObject\",\"inLanguage\":\"pt-BR\",\"@id\":\"https:\\\/\\\/regiaonews.net.br\\\/2022\\\/#\\\/schema\\\/logo\\\/image\\\/\",\"url\":\"https:\\\/\\\/regiaonews.net.br\\\/2022\\\/wp-content\\\/uploads\\\/2026\\\/03\\\/regiao-13-anos-scaled.jpg\",\"contentUrl\":\"https:\\\/\\\/regiaonews.net.br\\\/2022\\\/wp-content\\\/uploads\\\/2026\\\/03\\\/regiao-13-anos-scaled.jpg\",\"width\":2560,\"height\":635,\"caption\":\"Regi\u00e3o News\"},\"image\":{\"@id\":\"https:\\\/\\\/regiaonews.net.br\\\/2022\\\/#\\\/schema\\\/logo\\\/image\\\/\"}},{\"@type\":\"Person\",\"@id\":\"https:\\\/\\\/regiaonews.net.br\\\/2022\\\/#\\\/schema\\\/person\\\/2d205a608a5aa97ac279d7a5e6d89ad8\",\"name\":\"Roberto\",\"image\":{\"@type\":\"ImageObject\",\"inLanguage\":\"pt-BR\",\"@id\":\"https:\\\/\\\/secure.gravatar.com\\\/avatar\\\/42749d8b712ff9d59ca93dc150494e5b55a44134482993f5baeb97e61b7ecc89?s=96&d=mm&r=g\",\"url\":\"https:\\\/\\\/secure.gravatar.com\\\/avatar\\\/42749d8b712ff9d59ca93dc150494e5b55a44134482993f5baeb97e61b7ecc89?s=96&d=mm&r=g\",\"contentUrl\":\"https:\\\/\\\/secure.gravatar.com\\\/avatar\\\/42749d8b712ff9d59ca93dc150494e5b55a44134482993f5baeb97e61b7ecc89?s=96&d=mm&r=g\",\"caption\":\"Roberto\"},\"url\":\"https:\\\/\\\/regiaonews.net.br\\\/2022\\\/author\\\/roberto\\\/\"}]}<\/script>\n<!-- \/ Yoast SEO plugin. -->","yoast_head_json":{"title":"Barretos E.C. perde em casa para o Desportivo Brasil e se complica na A3 - Regi\u00e3o News","robots":{"index":"index","follow":"follow","max-snippet":"max-snippet:-1","max-image-preview":"max-image-preview:large","max-video-preview":"max-video-preview:-1"},"canonical":"https:\/\/regiaonews.net.br\/2022\/2023\/02\/24\/barretos-e-c-perde-em-casa-para-o-desportivo-brasil-e-se-complica-na-a3\/","og_locale":"pt_BR","og_type":"article","og_title":"Barretos E.C. perde em casa para o Desportivo Brasil e se complica na A3 - Regi\u00e3o News","og_description":"Em partida v\u00e1lida pela 10\u00aa rodada do Campeonato Paulista da","og_url":"https:\/\/regiaonews.net.br\/2022\/2023\/02\/24\/barretos-e-c-perde-em-casa-para-o-desportivo-brasil-e-se-complica-na-a3\/","og_site_name":"Regi\u00e3o News","article_published_time":"2023-02-25T02:52:47+00:00","article_modified_time":"2023-02-26T11:51:33+00:00","og_image":[{"width":2560,"height":1920,"url":"https:\/\/regiaonews.net.br\/2022\/wp-content\/uploads\/2023\/02\/20230224_200404-scaled.jpg","type":"image\/jpeg"}],"author":"Roberto","twitter_card":"summary_large_image","twitter_misc":{"Escrito por":"Roberto","Est. tempo de leitura":"3 minutos"},"schema":{"@context":"https:\/\/schema.org","@graph":[{"@type":"Article","@id":"https:\/\/regiaonews.net.br\/2022\/2023\/02\/24\/barretos-e-c-perde-em-casa-para-o-desportivo-brasil-e-se-complica-na-a3\/#article","isPartOf":{"@id":"https:\/\/regiaonews.net.br\/2022\/2023\/02\/24\/barretos-e-c-perde-em-casa-para-o-desportivo-brasil-e-se-complica-na-a3\/"},"author":{"name":"Roberto","@id":"https:\/\/regiaonews.net.br\/2022\/#\/schema\/person\/2d205a608a5aa97ac279d7a5e6d89ad8"},"headline":"Barretos E.C. perde em casa para o Desportivo Brasil e se complica na A3","datePublished":"2023-02-25T02:52:47+00:00","dateModified":"2023-02-26T11:51:33+00:00","mainEntityOfPage":{"@id":"https:\/\/regiaonews.net.br\/2022\/2023\/02\/24\/barretos-e-c-perde-em-casa-para-o-desportivo-brasil-e-se-complica-na-a3\/"},"wordCount":425,"commentCount":0,"publisher":{"@id":"https:\/\/regiaonews.net.br\/2022\/#organization"},"image":{"@id":"https:\/\/regiaonews.net.br\/2022\/2023\/02\/24\/barretos-e-c-perde-em-casa-para-o-desportivo-brasil-e-se-complica-na-a3\/#primaryimage"},"thumbnailUrl":"https:\/\/regiaonews.net.br\/2022\/wp-content\/uploads\/2023\/02\/20230224_200404-scaled.jpg","articleSection":["Campeonato Paulista","Esporte"],"inLanguage":"pt-BR","potentialAction":[{"@type":"CommentAction","name":"Comment","target":["https:\/\/regiaonews.net.br\/2022\/2023\/02\/24\/barretos-e-c-perde-em-casa-para-o-desportivo-brasil-e-se-complica-na-a3\/#respond"]}]},{"@type":"WebPage","@id":"https:\/\/regiaonews.net.br\/2022\/2023\/02\/24\/barretos-e-c-perde-em-casa-para-o-desportivo-brasil-e-se-complica-na-a3\/","url":"https:\/\/regiaonews.net.br\/2022\/2023\/02\/24\/barretos-e-c-perde-em-casa-para-o-desportivo-brasil-e-se-complica-na-a3\/","name":"Barretos E.C. perde em casa para o Desportivo Brasil e se complica na A3 - Regi\u00e3o News","isPartOf":{"@id":"https:\/\/regiaonews.net.br\/2022\/#website"},"primaryImageOfPage":{"@id":"https:\/\/regiaonews.net.br\/2022\/2023\/02\/24\/barretos-e-c-perde-em-casa-para-o-desportivo-brasil-e-se-complica-na-a3\/#primaryimage"},"image":{"@id":"https:\/\/regiaonews.net.br\/2022\/2023\/02\/24\/barretos-e-c-perde-em-casa-para-o-desportivo-brasil-e-se-complica-na-a3\/#primaryimage"},"thumbnailUrl":"https:\/\/regiaonews.net.br\/2022\/wp-content\/uploads\/2023\/02\/20230224_200404-scaled.jpg","datePublished":"2023-02-25T02:52:47+00:00","dateModified":"2023-02-26T11:51:33+00:00","breadcrumb":{"@id":"https:\/\/regiaonews.net.br\/2022\/2023\/02\/24\/barretos-e-c-perde-em-casa-para-o-desportivo-brasil-e-se-complica-na-a3\/#breadcrumb"},"inLanguage":"pt-BR","potentialAction":[{"@type":"ReadAction","target":["https:\/\/regiaonews.net.br\/2022\/2023\/02\/24\/barretos-e-c-perde-em-casa-para-o-desportivo-brasil-e-se-complica-na-a3\/"]}]},{"@type":"ImageObject","inLanguage":"pt-BR","@id":"https:\/\/regiaonews.net.br\/2022\/2023\/02\/24\/barretos-e-c-perde-em-casa-para-o-desportivo-brasil-e-se-complica-na-a3\/#primaryimage","url":"https:\/\/regiaonews.net.br\/2022\/wp-content\/uploads\/2023\/02\/20230224_200404-scaled.jpg","contentUrl":"https:\/\/regiaonews.net.br\/2022\/wp-content\/uploads\/2023\/02\/20230224_200404-scaled.jpg","width":2560,"height":1920},{"@type":"BreadcrumbList","@id":"https:\/\/regiaonews.net.br\/2022\/2023\/02\/24\/barretos-e-c-perde-em-casa-para-o-desportivo-brasil-e-se-complica-na-a3\/#breadcrumb","itemListElement":[{"@type":"ListItem","position":1,"name":"In\u00edcio","item":"https:\/\/regiaonews.net.br\/2022\/"},{"@type":"ListItem","position":2,"name":"Barretos E.C. perde em casa para o Desportivo Brasil e se complica na A3"}]},{"@type":"WebSite","@id":"https:\/\/regiaonews.net.br\/2022\/#website","url":"https:\/\/regiaonews.net.br\/2022\/","name":"Regi\u00e3o News","description":"Site de Not\u00edcias de Barretos e regi\u00e3o","publisher":{"@id":"https:\/\/regiaonews.net.br\/2022\/#organization"},"potentialAction":[{"@type":"SearchAction","target":{"@type":"EntryPoint","urlTemplate":"https:\/\/regiaonews.net.br\/2022\/?s={search_term_string}"},"query-input":{"@type":"PropertyValueSpecification","valueRequired":true,"valueName":"search_term_string"}}],"inLanguage":"pt-BR"},{"@type":"Organization","@id":"https:\/\/regiaonews.net.br\/2022\/#organization","name":"Regi\u00e3o News","url":"https:\/\/regiaonews.net.br\/2022\/","logo":{"@type":"ImageObject","inLanguage":"pt-BR","@id":"https:\/\/regiaonews.net.br\/2022\/#\/schema\/logo\/image\/","url":"https:\/\/regiaonews.net.br\/2022\/wp-content\/uploads\/2026\/03\/regiao-13-anos-scaled.jpg","contentUrl":"https:\/\/regiaonews.net.br\/2022\/wp-content\/uploads\/2026\/03\/regiao-13-anos-scaled.jpg","width":2560,"height":635,"caption":"Regi\u00e3o News"},"image":{"@id":"https:\/\/regiaonews.net.br\/2022\/#\/schema\/logo\/image\/"}},{"@type":"Person","@id":"https:\/\/regiaonews.net.br\/2022\/#\/schema\/person\/2d205a608a5aa97ac279d7a5e6d89ad8","name":"Roberto","image":{"@type":"ImageObject","inLanguage":"pt-BR","@id":"https:\/\/secure.gravatar.com\/avatar\/42749d8b712ff9d59ca93dc150494e5b55a44134482993f5baeb97e61b7ecc89?s=96&d=mm&r=g","url":"https:\/\/secure.gravatar.com\/avatar\/42749d8b712ff9d59ca93dc150494e5b55a44134482993f5baeb97e61b7ecc89?s=96&d=mm&r=g","contentUrl":"https:\/\/secure.gravatar.com\/avatar\/42749d8b712ff9d59ca93dc150494e5b55a44134482993f5baeb97e61b7ecc89?s=96&d=mm&r=g","caption":"Roberto"},"url":"https:\/\/regiaonews.net.br\/2022\/author\/roberto\/"}]}},"publishpress_future_action":{"enabled":false,"date":"2026-05-02 05:08:59","action":"change-status","newStatus":"draft","terms":[],"taxonomy":"category","extraData":[]},"publishpress_future_workflow_manual_trigger":{"enabledWorkflows":[]},"_links":{"self":[{"href":"https:\/\/regiaonews.net.br\/2022\/wp-json\/wp\/v2\/posts\/84461","targetHints":{"allow":["GET"]}}],"collection":[{"href":"https:\/\/regiaonews.net.br\/2022\/wp-json\/wp\/v2\/posts"}],"about":[{"href":"https:\/\/regiaonews.net.br\/2022\/wp-json\/wp\/v2\/types\/post"}],"author":[{"embeddable":true,"href":"https:\/\/regiaonews.net.br\/2022\/wp-json\/wp\/v2\/users\/2"}],"replies":[{"embeddable":true,"href":"https:\/\/regiaonews.net.br\/2022\/wp-json\/wp\/v2\/comments?post=84461"}],"version-history":[{"count":1,"href":"https:\/\/regiaonews.net.br\/2022\/wp-json\/wp\/v2\/posts\/84461\/revisions"}],"predecessor-version":[{"id":84462,"href":"https:\/\/regiaonews.net.br\/2022\/wp-json\/wp\/v2\/posts\/84461\/revisions\/84462"}],"wp:featuredmedia":[{"embeddable":true,"href":"https:\/\/regiaonews.net.br\/2022\/wp-json\/wp\/v2\/media\/84463"}],"wp:attachment":[{"href":"https:\/\/regiaonews.net.br\/2022\/wp-json\/wp\/v2\/media?parent=84461"}],"wp:term":[{"taxonomy":"category","embeddable":true,"href":"https:\/\/regiaonews.net.br\/2022\/wp-json\/wp\/v2\/categories?post=84461"},{"taxonomy":"post_tag","embeddable":true,"href":"https:\/\/regiaonews.net.br\/2022\/wp-json\/wp\/v2\/tags?post=84461"}],"curies":[{"name":"wp","href":"https:\/\/api.w.org\/{rel}","templated":true}]}}