{"id":84441,"date":"2023-02-24T18:42:03","date_gmt":"2023-02-24T21:42:03","guid":{"rendered":"https:\/\/regiaonews.net.br\/2022\/?p=84441"},"modified":"2023-02-25T09:08:51","modified_gmt":"2023-02-25T12:08:51","slug":"acib-e-sincomercio-divulgam-lista-dos-destaques-do-comercio-2022-e-data-do-jantar-de-homenagens","status":"publish","type":"post","link":"https:\/\/regiaonews.net.br\/2022\/2023\/02\/24\/acib-e-sincomercio-divulgam-lista-dos-destaques-do-comercio-2022-e-data-do-jantar-de-homenagens\/","title":{"rendered":"ACIB e SINCOMERCIO divulgam lista dos Destaques do Com\u00e9rcio 2022 e data do jantar de homenagens"},"content":{"rendered":"<h3 style=\"text-align: center;\">Roberto Pacheco de Oliveira e Sada Abo ALi foram eleitos o Empres\u00e1rio e Empres\u00e1ria do ano 2021. Durante o evento tamb\u00e9m foi feito o convite e lan\u00e7amento oficial do evento \u201cMulher ACIB 2023\u201d.<\/h3>\n<p>Uma manh\u00e3 de grandes an\u00fancios para o com\u00e9rcio e a ind\u00fastria de Barretos. A ACIB &#8211; Associa\u00e7\u00e3o Comercial e Industrial de Barretos e o Sincomercio- Sindicato do Com\u00e9rcio Varejista anunciaram na manh\u00e3 desta sexta- feira, 24 de fevereiro\/2023 os Destaques do Com\u00e9rcio 2022 e Empres\u00e1rio e Empres\u00e1ria do ano 2022 durante coletiva de imprensa realizada ao vivo no audit\u00f3rio da ACIB com transmiss\u00e3o pelas redes sociais da entidade e presen\u00e7a dos representantes das entidades envolvidas.<br \/>\nA data do Jantar em homenagem aos Destaques do Com\u00e9rcio e Empres\u00e1rio e Empres\u00e1ria do ano 2022 tamb\u00e9m foi anunciada e ficou definida para o dia 5 de agosto de 2023 no espa\u00e7o Berrant\u00e3o com Buffet de Danilo Borges e show ao vivo.<br \/>\nRoberto Pacheco de Oliveira e Sada Abo Ali foram eleitos o Empres\u00e1rio e Empres\u00e1ria do ano respectivamente, e a empresa Vir\u00f4 Festa dos empres\u00e1rios Ricardo e Lais foi eleita a Empresa Revela\u00e7\u00e3o do ano 2022. Entre os destaques do com\u00e9rcio foram anunciados representantes de 241 segmentos.<br \/>\nO an\u00fancio dos Empres\u00e1rios e Empres\u00e1rias do Ano 2022 foi feito pela presidente da ACIB, Jackelyne Rossini e o anuncio das empresas que se destacaram foi realizado tamb\u00e9m pela vice- presidente da ACIB, Izabella Pivotto Abe; Roberto Arutim, presidente do Sincomercio e secret\u00e1rio municipal de Ind\u00fastria, Com\u00e9rcio e Emprego; Ricardo Martins Marques, gerente do North Shopping Barretos; presidente da C\u00e2mara dos Diligente Lojistas- CDL, Andr\u00e9 Peroni e pelo diretor da ACIB, Gustavo Miziara.<\/p>\n<p>A pesquisa das empresas que se destacaram no com\u00e9rcio de Barretos completa 22 anos. A inclus\u00e3o do \u00edtem \u201cEmpres\u00e1ria do ano\u201d segue em sua terceira edi\u00e7\u00e3o. A elabora\u00e7\u00e3o do portal de vota\u00e7\u00e3o da pesquisa 2022 foi realizada pela empresa Williart\u2019s , com vota\u00e7\u00e3o do dia 18 de novembro 2022 ao dia 20 de janeiro de 2023, no formato on-line pelo site da ACIB, obtendo 9734 votos, e na forma f\u00edsica, com vota\u00e7\u00e3o de todos associados, alcan\u00e7ando 450 pesquisas.<br \/>\nDurante a abertura a presidente da ACIB, Jackelyne Rossini, agradeceu aos esfor\u00e7os de toda a equipe da ACIB e destacou a import\u00e2ncia da premia\u00e7\u00e3o para os diversos segmentos da ind\u00fastria e com\u00e9rcio na cidade \u201c A gente sabe como esse trof\u00e9u \u00e9 importante para todos os empres\u00e1rios. Sabemos o quanto \u00e9 dif\u00edcil o trabalho e manter uma empresa. Estamos muito felizes tanto com a pesquisa impressa quanto a on-line e saber que crescemos a cada dia\u201d, falou<br \/>\nRoberto Arutim, presidente do Sincomercio e secret\u00e1rio municipal de ind\u00fastria, com\u00e9rcio e emprego, mais uma vez relembrou a hist\u00f3ria da Pesquisa ACIB e disse que a qualidade do projeto se mant\u00e9m ao longo dos anos \u201c\u00c9 o evento mais importante para o com\u00e9rcio da nossa regi\u00e3o e a transpar\u00eancia e credibilidade devem permanecer como em todos os anos\u201d, disse<br \/>\nO presidente do CDL, Andr\u00e9 Peroni disse que os resultados da pesquisa impactam diretamente no mercado\u201c A pesquisa representa o Oscar do com\u00e9rcio de Barretos e \u00e9 uma ferramenta para os lojistas sobre como est\u00e1 a mem\u00f3ria do consumidor\u201d, falou<br \/>\nRicardo Martins Marques agradeceu a participa\u00e7\u00e3o do North Shopping na pesquisa e \u201c Com certeza a pesquisa fortalece e estimula aind amais o empresariado no com\u00e9rcio local<br \/>\nPara o diretor da ACIB Gustavo Miziara definiu o an\u00fancio como um momento bastante esperado e para a vice- presidente da Associa\u00e7\u00e3o, Izabella Pivotto Abe, motivo de grande alegria \u201c\u00c9 uma alegria poder participar da elabora\u00e7\u00e3o da pesquisa e como empres\u00e1ria sei da import\u00e2ncia da pesquisa tanto da espera quanto do resultado\u201d, falou.<\/p>\n<p>Destaques do Com\u00e9rcio 2022<br \/>\nConfira a lista completa dos Empres\u00e1rios e Empres\u00e1rias do Com\u00e9rcio de Barretos e dos Destaques do Setor em 202 em documento anexo.<\/p>\n<p>Mulher ACIB 2023<br \/>\nDurante o evento tamb\u00e9m foi feito o convite e lan\u00e7amento oficial do evento \u201cMulher ACIb 2023\u201d. O evento est\u00e1 marcado para o dia 4 de mar\u00e7o\/2023, s\u00e1bado, \u00e0s 11h, no Caf\u00e9 Brav\u00edssimo.<br \/>\nDurante o evento ser\u00e1 realizada a entrega da Homenagem Mulher ACIB 2023\u201d \u00e0 empres\u00e1ria Arlete Peroni \u00c2ngelo, bate-papo sobre empoderamento feminino com a delegada da DDM Barretos, Dra. Denise Vichiato Polizelli, e abertura com Luciana Gomes e show ao vivo.<br \/>\nAdes\u00f5es: R$39,00 com direito a escolha de um dos pratos do card\u00e1pio.<br \/>\nOp\u00e7\u00e3o1: Feijoada completa<br \/>\nOp\u00e7\u00e3o 2: Vegetariano<br \/>\nOp\u00e7\u00e3o 3: Panqueca dos Deuses<br \/>\n* Bebidas n\u00e3o inclusas.<br \/>\nInforma\u00e7\u00f5es: 17 99222 2252 e na ACIB: 17 3321 3200<\/p>\n","protected":false},"excerpt":{"rendered":"<p>Roberto Pacheco de Oliveira e Sada Abo ALi foram eleitos<\/p>\n","protected":false},"author":2,"featured_media":84442,"comment_status":"open","ping_status":"open","sticky":false,"template":"","format":"standard","meta":{"footnotes":""},"categories":[14,25],"tags":[],"class_list":["post-84441","post","type-post","status-publish","format-standard","has-post-thumbnail","hentry","category-barretos","category-cidades"],"yoast_head":"<!-- This site is optimized with the Yoast SEO plugin v27.4 - https:\/\/yoast.com\/product\/yoast-seo-wordpress\/ -->\n<title>ACIB e SINCOMERCIO divulgam lista dos Destaques do Com\u00e9rcio 2022 e data do jantar de homenagens - Regi\u00e3o News<\/title>\n<meta name=\"robots\" content=\"index, follow, max-snippet:-1, max-image-preview:large, max-video-preview:-1\" \/>\n<link rel=\"canonical\" href=\"https:\/\/regiaonews.net.br\/2022\/2023\/02\/24\/acib-e-sincomercio-divulgam-lista-dos-destaques-do-comercio-2022-e-data-do-jantar-de-homenagens\/\" \/>\n<meta property=\"og:locale\" content=\"pt_BR\" \/>\n<meta property=\"og:type\" content=\"article\" \/>\n<meta property=\"og:title\" content=\"ACIB e SINCOMERCIO divulgam lista dos Destaques do Com\u00e9rcio 2022 e data do jantar de homenagens - Regi\u00e3o News\" \/>\n<meta property=\"og:description\" content=\"Roberto Pacheco de Oliveira e Sada Abo ALi foram eleitos\" \/>\n<meta property=\"og:url\" content=\"https:\/\/regiaonews.net.br\/2022\/2023\/02\/24\/acib-e-sincomercio-divulgam-lista-dos-destaques-do-comercio-2022-e-data-do-jantar-de-homenagens\/\" \/>\n<meta property=\"og:site_name\" content=\"Regi\u00e3o News\" \/>\n<meta property=\"article:published_time\" content=\"2023-02-24T21:42:03+00:00\" \/>\n<meta property=\"article:modified_time\" content=\"2023-02-25T12:08:51+00:00\" \/>\n<meta property=\"og:image\" content=\"https:\/\/regiaonews.net.br\/2022\/wp-content\/uploads\/2023\/02\/WhatsApp-Image-2023-02-24-at-15.26.18.jpeg\" \/>\n\t<meta property=\"og:image:width\" content=\"1024\" \/>\n\t<meta property=\"og:image:height\" content=\"768\" \/>\n\t<meta property=\"og:image:type\" content=\"image\/jpeg\" \/>\n<meta name=\"author\" content=\"Roberto\" \/>\n<meta name=\"twitter:card\" content=\"summary_large_image\" \/>\n<meta name=\"twitter:label1\" content=\"Escrito por\" \/>\n\t<meta name=\"twitter:data1\" content=\"Roberto\" \/>\n\t<meta name=\"twitter:label2\" content=\"Est. tempo de leitura\" \/>\n\t<meta name=\"twitter:data2\" content=\"5 minutos\" \/>\n<script type=\"application\/ld+json\" class=\"yoast-schema-graph\">{\"@context\":\"https:\\\/\\\/schema.org\",\"@graph\":[{\"@type\":\"Article\",\"@id\":\"https:\\\/\\\/regiaonews.net.br\\\/2022\\\/2023\\\/02\\\/24\\\/acib-e-sincomercio-divulgam-lista-dos-destaques-do-comercio-2022-e-data-do-jantar-de-homenagens\\\/#article\",\"isPartOf\":{\"@id\":\"https:\\\/\\\/regiaonews.net.br\\\/2022\\\/2023\\\/02\\\/24\\\/acib-e-sincomercio-divulgam-lista-dos-destaques-do-comercio-2022-e-data-do-jantar-de-homenagens\\\/\"},\"author\":{\"name\":\"Roberto\",\"@id\":\"https:\\\/\\\/regiaonews.net.br\\\/2022\\\/#\\\/schema\\\/person\\\/2d205a608a5aa97ac279d7a5e6d89ad8\"},\"headline\":\"ACIB e SINCOMERCIO divulgam lista dos Destaques do Com\u00e9rcio 2022 e data do jantar de homenagens\",\"datePublished\":\"2023-02-24T21:42:03+00:00\",\"dateModified\":\"2023-02-25T12:08:51+00:00\",\"mainEntityOfPage\":{\"@id\":\"https:\\\/\\\/regiaonews.net.br\\\/2022\\\/2023\\\/02\\\/24\\\/acib-e-sincomercio-divulgam-lista-dos-destaques-do-comercio-2022-e-data-do-jantar-de-homenagens\\\/\"},\"wordCount\":802,\"commentCount\":0,\"publisher\":{\"@id\":\"https:\\\/\\\/regiaonews.net.br\\\/2022\\\/#organization\"},\"image\":{\"@id\":\"https:\\\/\\\/regiaonews.net.br\\\/2022\\\/2023\\\/02\\\/24\\\/acib-e-sincomercio-divulgam-lista-dos-destaques-do-comercio-2022-e-data-do-jantar-de-homenagens\\\/#primaryimage\"},\"thumbnailUrl\":\"https:\\\/\\\/regiaonews.net.br\\\/2022\\\/wp-content\\\/uploads\\\/2023\\\/02\\\/WhatsApp-Image-2023-02-24-at-15.26.18.jpeg\",\"articleSection\":[\"Barretos\",\"Cidades\"],\"inLanguage\":\"pt-BR\",\"potentialAction\":[{\"@type\":\"CommentAction\",\"name\":\"Comment\",\"target\":[\"https:\\\/\\\/regiaonews.net.br\\\/2022\\\/2023\\\/02\\\/24\\\/acib-e-sincomercio-divulgam-lista-dos-destaques-do-comercio-2022-e-data-do-jantar-de-homenagens\\\/#respond\"]}]},{\"@type\":\"WebPage\",\"@id\":\"https:\\\/\\\/regiaonews.net.br\\\/2022\\\/2023\\\/02\\\/24\\\/acib-e-sincomercio-divulgam-lista-dos-destaques-do-comercio-2022-e-data-do-jantar-de-homenagens\\\/\",\"url\":\"https:\\\/\\\/regiaonews.net.br\\\/2022\\\/2023\\\/02\\\/24\\\/acib-e-sincomercio-divulgam-lista-dos-destaques-do-comercio-2022-e-data-do-jantar-de-homenagens\\\/\",\"name\":\"ACIB e SINCOMERCIO divulgam lista dos Destaques do Com\u00e9rcio 2022 e data do jantar de homenagens - Regi\u00e3o News\",\"isPartOf\":{\"@id\":\"https:\\\/\\\/regiaonews.net.br\\\/2022\\\/#website\"},\"primaryImageOfPage\":{\"@id\":\"https:\\\/\\\/regiaonews.net.br\\\/2022\\\/2023\\\/02\\\/24\\\/acib-e-sincomercio-divulgam-lista-dos-destaques-do-comercio-2022-e-data-do-jantar-de-homenagens\\\/#primaryimage\"},\"image\":{\"@id\":\"https:\\\/\\\/regiaonews.net.br\\\/2022\\\/2023\\\/02\\\/24\\\/acib-e-sincomercio-divulgam-lista-dos-destaques-do-comercio-2022-e-data-do-jantar-de-homenagens\\\/#primaryimage\"},\"thumbnailUrl\":\"https:\\\/\\\/regiaonews.net.br\\\/2022\\\/wp-content\\\/uploads\\\/2023\\\/02\\\/WhatsApp-Image-2023-02-24-at-15.26.18.jpeg\",\"datePublished\":\"2023-02-24T21:42:03+00:00\",\"dateModified\":\"2023-02-25T12:08:51+00:00\",\"breadcrumb\":{\"@id\":\"https:\\\/\\\/regiaonews.net.br\\\/2022\\\/2023\\\/02\\\/24\\\/acib-e-sincomercio-divulgam-lista-dos-destaques-do-comercio-2022-e-data-do-jantar-de-homenagens\\\/#breadcrumb\"},\"inLanguage\":\"pt-BR\",\"potentialAction\":[{\"@type\":\"ReadAction\",\"target\":[\"https:\\\/\\\/regiaonews.net.br\\\/2022\\\/2023\\\/02\\\/24\\\/acib-e-sincomercio-divulgam-lista-dos-destaques-do-comercio-2022-e-data-do-jantar-de-homenagens\\\/\"]}]},{\"@type\":\"ImageObject\",\"inLanguage\":\"pt-BR\",\"@id\":\"https:\\\/\\\/regiaonews.net.br\\\/2022\\\/2023\\\/02\\\/24\\\/acib-e-sincomercio-divulgam-lista-dos-destaques-do-comercio-2022-e-data-do-jantar-de-homenagens\\\/#primaryimage\",\"url\":\"https:\\\/\\\/regiaonews.net.br\\\/2022\\\/wp-content\\\/uploads\\\/2023\\\/02\\\/WhatsApp-Image-2023-02-24-at-15.26.18.jpeg\",\"contentUrl\":\"https:\\\/\\\/regiaonews.net.br\\\/2022\\\/wp-content\\\/uploads\\\/2023\\\/02\\\/WhatsApp-Image-2023-02-24-at-15.26.18.jpeg\",\"width\":1024,\"height\":768},{\"@type\":\"BreadcrumbList\",\"@id\":\"https:\\\/\\\/regiaonews.net.br\\\/2022\\\/2023\\\/02\\\/24\\\/acib-e-sincomercio-divulgam-lista-dos-destaques-do-comercio-2022-e-data-do-jantar-de-homenagens\\\/#breadcrumb\",\"itemListElement\":[{\"@type\":\"ListItem\",\"position\":1,\"name\":\"In\u00edcio\",\"item\":\"https:\\\/\\\/regiaonews.net.br\\\/2022\\\/\"},{\"@type\":\"ListItem\",\"position\":2,\"name\":\"ACIB e SINCOMERCIO divulgam lista dos Destaques do Com\u00e9rcio 2022 e data do jantar de homenagens\"}]},{\"@type\":\"WebSite\",\"@id\":\"https:\\\/\\\/regiaonews.net.br\\\/2022\\\/#website\",\"url\":\"https:\\\/\\\/regiaonews.net.br\\\/2022\\\/\",\"name\":\"Regi\u00e3o News\",\"description\":\"Site de Not\u00edcias de Barretos e regi\u00e3o\",\"publisher\":{\"@id\":\"https:\\\/\\\/regiaonews.net.br\\\/2022\\\/#organization\"},\"potentialAction\":[{\"@type\":\"SearchAction\",\"target\":{\"@type\":\"EntryPoint\",\"urlTemplate\":\"https:\\\/\\\/regiaonews.net.br\\\/2022\\\/?s={search_term_string}\"},\"query-input\":{\"@type\":\"PropertyValueSpecification\",\"valueRequired\":true,\"valueName\":\"search_term_string\"}}],\"inLanguage\":\"pt-BR\"},{\"@type\":\"Organization\",\"@id\":\"https:\\\/\\\/regiaonews.net.br\\\/2022\\\/#organization\",\"name\":\"Regi\u00e3o News\",\"url\":\"https:\\\/\\\/regiaonews.net.br\\\/2022\\\/\",\"logo\":{\"@type\":\"ImageObject\",\"inLanguage\":\"pt-BR\",\"@id\":\"https:\\\/\\\/regiaonews.net.br\\\/2022\\\/#\\\/schema\\\/logo\\\/image\\\/\",\"url\":\"https:\\\/\\\/regiaonews.net.br\\\/2022\\\/wp-content\\\/uploads\\\/2026\\\/03\\\/regiao-13-anos-scaled.jpg\",\"contentUrl\":\"https:\\\/\\\/regiaonews.net.br\\\/2022\\\/wp-content\\\/uploads\\\/2026\\\/03\\\/regiao-13-anos-scaled.jpg\",\"width\":2560,\"height\":635,\"caption\":\"Regi\u00e3o News\"},\"image\":{\"@id\":\"https:\\\/\\\/regiaonews.net.br\\\/2022\\\/#\\\/schema\\\/logo\\\/image\\\/\"}},{\"@type\":\"Person\",\"@id\":\"https:\\\/\\\/regiaonews.net.br\\\/2022\\\/#\\\/schema\\\/person\\\/2d205a608a5aa97ac279d7a5e6d89ad8\",\"name\":\"Roberto\",\"image\":{\"@type\":\"ImageObject\",\"inLanguage\":\"pt-BR\",\"@id\":\"https:\\\/\\\/secure.gravatar.com\\\/avatar\\\/42749d8b712ff9d59ca93dc150494e5b55a44134482993f5baeb97e61b7ecc89?s=96&d=mm&r=g\",\"url\":\"https:\\\/\\\/secure.gravatar.com\\\/avatar\\\/42749d8b712ff9d59ca93dc150494e5b55a44134482993f5baeb97e61b7ecc89?s=96&d=mm&r=g\",\"contentUrl\":\"https:\\\/\\\/secure.gravatar.com\\\/avatar\\\/42749d8b712ff9d59ca93dc150494e5b55a44134482993f5baeb97e61b7ecc89?s=96&d=mm&r=g\",\"caption\":\"Roberto\"},\"url\":\"https:\\\/\\\/regiaonews.net.br\\\/2022\\\/author\\\/roberto\\\/\"}]}<\/script>\n<!-- \/ Yoast SEO plugin. -->","yoast_head_json":{"title":"ACIB e SINCOMERCIO divulgam lista dos Destaques do Com\u00e9rcio 2022 e data do jantar de homenagens - Regi\u00e3o News","robots":{"index":"index","follow":"follow","max-snippet":"max-snippet:-1","max-image-preview":"max-image-preview:large","max-video-preview":"max-video-preview:-1"},"canonical":"https:\/\/regiaonews.net.br\/2022\/2023\/02\/24\/acib-e-sincomercio-divulgam-lista-dos-destaques-do-comercio-2022-e-data-do-jantar-de-homenagens\/","og_locale":"pt_BR","og_type":"article","og_title":"ACIB e SINCOMERCIO divulgam lista dos Destaques do Com\u00e9rcio 2022 e data do jantar de homenagens - Regi\u00e3o News","og_description":"Roberto Pacheco de Oliveira e Sada Abo ALi foram eleitos","og_url":"https:\/\/regiaonews.net.br\/2022\/2023\/02\/24\/acib-e-sincomercio-divulgam-lista-dos-destaques-do-comercio-2022-e-data-do-jantar-de-homenagens\/","og_site_name":"Regi\u00e3o News","article_published_time":"2023-02-24T21:42:03+00:00","article_modified_time":"2023-02-25T12:08:51+00:00","og_image":[{"width":1024,"height":768,"url":"https:\/\/regiaonews.net.br\/2022\/wp-content\/uploads\/2023\/02\/WhatsApp-Image-2023-02-24-at-15.26.18.jpeg","type":"image\/jpeg"}],"author":"Roberto","twitter_card":"summary_large_image","twitter_misc":{"Escrito por":"Roberto","Est. tempo de leitura":"5 minutos"},"schema":{"@context":"https:\/\/schema.org","@graph":[{"@type":"Article","@id":"https:\/\/regiaonews.net.br\/2022\/2023\/02\/24\/acib-e-sincomercio-divulgam-lista-dos-destaques-do-comercio-2022-e-data-do-jantar-de-homenagens\/#article","isPartOf":{"@id":"https:\/\/regiaonews.net.br\/2022\/2023\/02\/24\/acib-e-sincomercio-divulgam-lista-dos-destaques-do-comercio-2022-e-data-do-jantar-de-homenagens\/"},"author":{"name":"Roberto","@id":"https:\/\/regiaonews.net.br\/2022\/#\/schema\/person\/2d205a608a5aa97ac279d7a5e6d89ad8"},"headline":"ACIB e SINCOMERCIO divulgam lista dos Destaques do Com\u00e9rcio 2022 e data do jantar de homenagens","datePublished":"2023-02-24T21:42:03+00:00","dateModified":"2023-02-25T12:08:51+00:00","mainEntityOfPage":{"@id":"https:\/\/regiaonews.net.br\/2022\/2023\/02\/24\/acib-e-sincomercio-divulgam-lista-dos-destaques-do-comercio-2022-e-data-do-jantar-de-homenagens\/"},"wordCount":802,"commentCount":0,"publisher":{"@id":"https:\/\/regiaonews.net.br\/2022\/#organization"},"image":{"@id":"https:\/\/regiaonews.net.br\/2022\/2023\/02\/24\/acib-e-sincomercio-divulgam-lista-dos-destaques-do-comercio-2022-e-data-do-jantar-de-homenagens\/#primaryimage"},"thumbnailUrl":"https:\/\/regiaonews.net.br\/2022\/wp-content\/uploads\/2023\/02\/WhatsApp-Image-2023-02-24-at-15.26.18.jpeg","articleSection":["Barretos","Cidades"],"inLanguage":"pt-BR","potentialAction":[{"@type":"CommentAction","name":"Comment","target":["https:\/\/regiaonews.net.br\/2022\/2023\/02\/24\/acib-e-sincomercio-divulgam-lista-dos-destaques-do-comercio-2022-e-data-do-jantar-de-homenagens\/#respond"]}]},{"@type":"WebPage","@id":"https:\/\/regiaonews.net.br\/2022\/2023\/02\/24\/acib-e-sincomercio-divulgam-lista-dos-destaques-do-comercio-2022-e-data-do-jantar-de-homenagens\/","url":"https:\/\/regiaonews.net.br\/2022\/2023\/02\/24\/acib-e-sincomercio-divulgam-lista-dos-destaques-do-comercio-2022-e-data-do-jantar-de-homenagens\/","name":"ACIB e SINCOMERCIO divulgam lista dos Destaques do Com\u00e9rcio 2022 e data do jantar de homenagens - Regi\u00e3o News","isPartOf":{"@id":"https:\/\/regiaonews.net.br\/2022\/#website"},"primaryImageOfPage":{"@id":"https:\/\/regiaonews.net.br\/2022\/2023\/02\/24\/acib-e-sincomercio-divulgam-lista-dos-destaques-do-comercio-2022-e-data-do-jantar-de-homenagens\/#primaryimage"},"image":{"@id":"https:\/\/regiaonews.net.br\/2022\/2023\/02\/24\/acib-e-sincomercio-divulgam-lista-dos-destaques-do-comercio-2022-e-data-do-jantar-de-homenagens\/#primaryimage"},"thumbnailUrl":"https:\/\/regiaonews.net.br\/2022\/wp-content\/uploads\/2023\/02\/WhatsApp-Image-2023-02-24-at-15.26.18.jpeg","datePublished":"2023-02-24T21:42:03+00:00","dateModified":"2023-02-25T12:08:51+00:00","breadcrumb":{"@id":"https:\/\/regiaonews.net.br\/2022\/2023\/02\/24\/acib-e-sincomercio-divulgam-lista-dos-destaques-do-comercio-2022-e-data-do-jantar-de-homenagens\/#breadcrumb"},"inLanguage":"pt-BR","potentialAction":[{"@type":"ReadAction","target":["https:\/\/regiaonews.net.br\/2022\/2023\/02\/24\/acib-e-sincomercio-divulgam-lista-dos-destaques-do-comercio-2022-e-data-do-jantar-de-homenagens\/"]}]},{"@type":"ImageObject","inLanguage":"pt-BR","@id":"https:\/\/regiaonews.net.br\/2022\/2023\/02\/24\/acib-e-sincomercio-divulgam-lista-dos-destaques-do-comercio-2022-e-data-do-jantar-de-homenagens\/#primaryimage","url":"https:\/\/regiaonews.net.br\/2022\/wp-content\/uploads\/2023\/02\/WhatsApp-Image-2023-02-24-at-15.26.18.jpeg","contentUrl":"https:\/\/regiaonews.net.br\/2022\/wp-content\/uploads\/2023\/02\/WhatsApp-Image-2023-02-24-at-15.26.18.jpeg","width":1024,"height":768},{"@type":"BreadcrumbList","@id":"https:\/\/regiaonews.net.br\/2022\/2023\/02\/24\/acib-e-sincomercio-divulgam-lista-dos-destaques-do-comercio-2022-e-data-do-jantar-de-homenagens\/#breadcrumb","itemListElement":[{"@type":"ListItem","position":1,"name":"In\u00edcio","item":"https:\/\/regiaonews.net.br\/2022\/"},{"@type":"ListItem","position":2,"name":"ACIB e SINCOMERCIO divulgam lista dos Destaques do Com\u00e9rcio 2022 e data do jantar de homenagens"}]},{"@type":"WebSite","@id":"https:\/\/regiaonews.net.br\/2022\/#website","url":"https:\/\/regiaonews.net.br\/2022\/","name":"Regi\u00e3o News","description":"Site de Not\u00edcias de Barretos e regi\u00e3o","publisher":{"@id":"https:\/\/regiaonews.net.br\/2022\/#organization"},"potentialAction":[{"@type":"SearchAction","target":{"@type":"EntryPoint","urlTemplate":"https:\/\/regiaonews.net.br\/2022\/?s={search_term_string}"},"query-input":{"@type":"PropertyValueSpecification","valueRequired":true,"valueName":"search_term_string"}}],"inLanguage":"pt-BR"},{"@type":"Organization","@id":"https:\/\/regiaonews.net.br\/2022\/#organization","name":"Regi\u00e3o News","url":"https:\/\/regiaonews.net.br\/2022\/","logo":{"@type":"ImageObject","inLanguage":"pt-BR","@id":"https:\/\/regiaonews.net.br\/2022\/#\/schema\/logo\/image\/","url":"https:\/\/regiaonews.net.br\/2022\/wp-content\/uploads\/2026\/03\/regiao-13-anos-scaled.jpg","contentUrl":"https:\/\/regiaonews.net.br\/2022\/wp-content\/uploads\/2026\/03\/regiao-13-anos-scaled.jpg","width":2560,"height":635,"caption":"Regi\u00e3o News"},"image":{"@id":"https:\/\/regiaonews.net.br\/2022\/#\/schema\/logo\/image\/"}},{"@type":"Person","@id":"https:\/\/regiaonews.net.br\/2022\/#\/schema\/person\/2d205a608a5aa97ac279d7a5e6d89ad8","name":"Roberto","image":{"@type":"ImageObject","inLanguage":"pt-BR","@id":"https:\/\/secure.gravatar.com\/avatar\/42749d8b712ff9d59ca93dc150494e5b55a44134482993f5baeb97e61b7ecc89?s=96&d=mm&r=g","url":"https:\/\/secure.gravatar.com\/avatar\/42749d8b712ff9d59ca93dc150494e5b55a44134482993f5baeb97e61b7ecc89?s=96&d=mm&r=g","contentUrl":"https:\/\/secure.gravatar.com\/avatar\/42749d8b712ff9d59ca93dc150494e5b55a44134482993f5baeb97e61b7ecc89?s=96&d=mm&r=g","caption":"Roberto"},"url":"https:\/\/regiaonews.net.br\/2022\/author\/roberto\/"}]}},"publishpress_future_action":{"enabled":false,"date":"2026-05-02 03:29:48","action":"change-status","newStatus":"draft","terms":[],"taxonomy":"category","extraData":[]},"publishpress_future_workflow_manual_trigger":{"enabledWorkflows":[]},"_links":{"self":[{"href":"https:\/\/regiaonews.net.br\/2022\/wp-json\/wp\/v2\/posts\/84441","targetHints":{"allow":["GET"]}}],"collection":[{"href":"https:\/\/regiaonews.net.br\/2022\/wp-json\/wp\/v2\/posts"}],"about":[{"href":"https:\/\/regiaonews.net.br\/2022\/wp-json\/wp\/v2\/types\/post"}],"author":[{"embeddable":true,"href":"https:\/\/regiaonews.net.br\/2022\/wp-json\/wp\/v2\/users\/2"}],"replies":[{"embeddable":true,"href":"https:\/\/regiaonews.net.br\/2022\/wp-json\/wp\/v2\/comments?post=84441"}],"version-history":[{"count":1,"href":"https:\/\/regiaonews.net.br\/2022\/wp-json\/wp\/v2\/posts\/84441\/revisions"}],"predecessor-version":[{"id":84443,"href":"https:\/\/regiaonews.net.br\/2022\/wp-json\/wp\/v2\/posts\/84441\/revisions\/84443"}],"wp:featuredmedia":[{"embeddable":true,"href":"https:\/\/regiaonews.net.br\/2022\/wp-json\/wp\/v2\/media\/84442"}],"wp:attachment":[{"href":"https:\/\/regiaonews.net.br\/2022\/wp-json\/wp\/v2\/media?parent=84441"}],"wp:term":[{"taxonomy":"category","embeddable":true,"href":"https:\/\/regiaonews.net.br\/2022\/wp-json\/wp\/v2\/categories?post=84441"},{"taxonomy":"post_tag","embeddable":true,"href":"https:\/\/regiaonews.net.br\/2022\/wp-json\/wp\/v2\/tags?post=84441"}],"curies":[{"name":"wp","href":"https:\/\/api.w.org\/{rel}","templated":true}]}}