{"id":84425,"date":"2023-02-24T12:06:39","date_gmt":"2023-02-24T15:06:39","guid":{"rendered":"https:\/\/regiaonews.net.br\/2022\/?p=84425"},"modified":"2023-02-24T12:06:39","modified_gmt":"2023-02-24T15:06:39","slug":"inscricoes-para-curso-de-capacitacao-em-manutencao-automotiva-na-regiao-de-guaraci-vao-segunda-feira-dia-27-02","status":"publish","type":"post","link":"https:\/\/regiaonews.net.br\/2022\/2023\/02\/24\/inscricoes-para-curso-de-capacitacao-em-manutencao-automotiva-na-regiao-de-guaraci-vao-segunda-feira-dia-27-02\/","title":{"rendered":"Inscri\u00e7\u00f5es para curso de capacita\u00e7\u00e3o em Manuten\u00e7\u00e3o Automotiva na regi\u00e3o de Guaraci v\u00e3o segunda-feira, dia 27\/02"},"content":{"rendered":"<h3 align=\"center\">Em parceria com o SENAI, as inscri\u00e7\u00f5es para o curso s\u00e3o gratuitas e v\u00e3o at\u00e9 o dia 27 de fevereiro.<\/h3>\n<div>A Usina Vertente, s\u00f3cia dos grupos Tereos Brasil e Humus, est\u00e1 com inscri\u00e7\u00f5es abertas para o curso de Fundamentos de Mec\u00e2nica, El\u00e9trica e Hidr\u00e1ulica para M\u00e1quinas Agr\u00edcolas para os moradores da regi\u00e3o de Guaraci. As inscri\u00e7\u00f5es s\u00e3o gratuitas e v\u00e3o at\u00e9 o dia 27 de fevereiro.<\/div>\n<div><\/div>\n<div>O curso, realizado em parceria com o SENAI, visa desenvolver habilidades, capacitar e atender as demandas t\u00e9cnicas das fun\u00e7\u00f5es, al\u00e9m de ampliar as oportunidades para os moradores do local. A carga hor\u00e1ria \u00e9 de 96 horas e as aulas ser\u00e3o ministradas na pr\u00f3pria unidade. O transporte ser\u00e1 oferecido pela empresa.<\/div>\n<div><\/div>\n<div>Os candidatos precisam ter 18 anos ou mais e ensino fundamental completo. As inscri\u00e7\u00f5es podem ser realizadas pelo e-mail\u00a0<a href=\"mailto:natalia.matheus@tereos.com\" target=\"_blank\" rel=\"noopener\">natalia.matheus@tereos.<wbr \/>com<\/a>.<\/div>\n<div><\/div>\n<div>Ap\u00f3s a forma\u00e7\u00e3o, os participantes receber\u00e3o certificados da capacita\u00e7\u00e3o e ser\u00e3o avaliados para futuras oportunidades internas.<\/div>\n<div><\/div>\n<div><strong>Sobre a Tereos<\/strong><\/div>\n<div><em>Com vis\u00e3o de longo prazo no processamento de mat\u00e9rias-primas agr\u00edcolas e desenvolvimento de produtos aliment\u00edcios de qualidade, a Tereos \u00e9 uma das l\u00edderes nos mercados de a\u00e7\u00facar, \u00e1lcool\/etanol e amidos. Os compromissos do Grupo com a sociedade e com o meio ambiente t\u00eam contribu\u00eddo com a performance da companhia no longo prazo, enquanto refor\u00e7a nossa atua\u00e7\u00e3o respons\u00e1vel. O Grupo cooperativo Tereos re\u00fane 12.000 agricultores e possui expertise reconhecida no processamento de beterraba, cana-de-a\u00e7\u00facar, cereais e batata. Com 44 unidades industriais, opera\u00e7\u00f5es em 13 pa\u00edses e o compromisso de 19.800 colaboradores, a Tereos atende seus clientes em seus mercados locais, com uma oferta ampla de produtos. Em 2021\/22, o Grupo obteve um faturamento de \u20ac 5,1 bilh\u00f5es.<\/em><\/div>\n<div><\/div>\n<div><strong>Tereos no Brasil<\/strong><\/div>\n<div><em>A Tereos no Brasil \u00e9 composta pela Tereos A\u00e7\u00facar &amp; Energia Brasil, Tereos Amido &amp; Ado\u00e7antes Brasil e Tereos Commodities Brasil. No noroeste do Estado de S\u00e3o Paulo, a Tereos A\u00e7\u00facar &amp; Energia Brasil concentra suas sete unidades de processamento e duas refinarias. A Tereos Amido &amp; Ado\u00e7antes Brasil, com opera\u00e7\u00e3o em Palmital (SP), diversifica o portf\u00f3lio da Tereos Brasil com a fabrica\u00e7\u00e3o de produtos derivados de milho e mandioca. A Tereos Commodities opera como trading e possui escrit\u00f3rios em diversos pa\u00edses.<\/em><\/div>\n","protected":false},"excerpt":{"rendered":"<p>Em parceria com o SENAI, as inscri\u00e7\u00f5es para o curso<\/p>\n","protected":false},"author":2,"featured_media":84426,"comment_status":"open","ping_status":"open","sticky":false,"template":"","format":"standard","meta":{"footnotes":""},"categories":[14,3],"tags":[],"class_list":["post-84425","post","type-post","status-publish","format-standard","has-post-thumbnail","hentry","category-barretos","category-geral"],"yoast_head":"<!-- This site is optimized with the Yoast SEO plugin v27.4 - https:\/\/yoast.com\/product\/yoast-seo-wordpress\/ -->\n<title>Inscri\u00e7\u00f5es para curso de capacita\u00e7\u00e3o em Manuten\u00e7\u00e3o Automotiva na regi\u00e3o de Guaraci v\u00e3o segunda-feira, dia 27\/02 - Regi\u00e3o News<\/title>\n<meta name=\"robots\" content=\"index, follow, max-snippet:-1, max-image-preview:large, max-video-preview:-1\" \/>\n<link rel=\"canonical\" href=\"https:\/\/regiaonews.net.br\/2022\/2023\/02\/24\/inscricoes-para-curso-de-capacitacao-em-manutencao-automotiva-na-regiao-de-guaraci-vao-segunda-feira-dia-27-02\/\" \/>\n<meta property=\"og:locale\" content=\"pt_BR\" \/>\n<meta property=\"og:type\" content=\"article\" \/>\n<meta property=\"og:title\" content=\"Inscri\u00e7\u00f5es para curso de capacita\u00e7\u00e3o em Manuten\u00e7\u00e3o Automotiva na regi\u00e3o de Guaraci v\u00e3o segunda-feira, dia 27\/02 - Regi\u00e3o News\" \/>\n<meta property=\"og:description\" content=\"Em parceria com o SENAI, as inscri\u00e7\u00f5es para o curso\" \/>\n<meta property=\"og:url\" content=\"https:\/\/regiaonews.net.br\/2022\/2023\/02\/24\/inscricoes-para-curso-de-capacitacao-em-manutencao-automotiva-na-regiao-de-guaraci-vao-segunda-feira-dia-27-02\/\" \/>\n<meta property=\"og:site_name\" content=\"Regi\u00e3o News\" \/>\n<meta property=\"article:published_time\" content=\"2023-02-24T15:06:39+00:00\" \/>\n<meta property=\"og:image\" content=\"https:\/\/regiaonews.net.br\/2022\/wp-content\/uploads\/2023\/02\/aerea-vertente-1-1024x576.png\" \/>\n\t<meta property=\"og:image:width\" content=\"1024\" \/>\n\t<meta property=\"og:image:height\" content=\"576\" \/>\n\t<meta property=\"og:image:type\" content=\"image\/png\" \/>\n<meta name=\"author\" content=\"Roberto\" \/>\n<meta name=\"twitter:card\" content=\"summary_large_image\" \/>\n<meta name=\"twitter:label1\" content=\"Escrito por\" \/>\n\t<meta name=\"twitter:data1\" content=\"Roberto\" \/>\n\t<meta name=\"twitter:label2\" content=\"Est. tempo de leitura\" \/>\n\t<meta name=\"twitter:data2\" content=\"2 minutos\" \/>\n<script type=\"application\/ld+json\" class=\"yoast-schema-graph\">{\"@context\":\"https:\\\/\\\/schema.org\",\"@graph\":[{\"@type\":\"Article\",\"@id\":\"https:\\\/\\\/regiaonews.net.br\\\/2022\\\/2023\\\/02\\\/24\\\/inscricoes-para-curso-de-capacitacao-em-manutencao-automotiva-na-regiao-de-guaraci-vao-segunda-feira-dia-27-02\\\/#article\",\"isPartOf\":{\"@id\":\"https:\\\/\\\/regiaonews.net.br\\\/2022\\\/2023\\\/02\\\/24\\\/inscricoes-para-curso-de-capacitacao-em-manutencao-automotiva-na-regiao-de-guaraci-vao-segunda-feira-dia-27-02\\\/\"},\"author\":{\"name\":\"Roberto\",\"@id\":\"https:\\\/\\\/regiaonews.net.br\\\/2022\\\/#\\\/schema\\\/person\\\/2d205a608a5aa97ac279d7a5e6d89ad8\"},\"headline\":\"Inscri\u00e7\u00f5es para curso de capacita\u00e7\u00e3o em Manuten\u00e7\u00e3o Automotiva na regi\u00e3o de Guaraci v\u00e3o segunda-feira, dia 27\\\/02\",\"datePublished\":\"2023-02-24T15:06:39+00:00\",\"mainEntityOfPage\":{\"@id\":\"https:\\\/\\\/regiaonews.net.br\\\/2022\\\/2023\\\/02\\\/24\\\/inscricoes-para-curso-de-capacitacao-em-manutencao-automotiva-na-regiao-de-guaraci-vao-segunda-feira-dia-27-02\\\/\"},\"wordCount\":418,\"commentCount\":0,\"publisher\":{\"@id\":\"https:\\\/\\\/regiaonews.net.br\\\/2022\\\/#organization\"},\"image\":{\"@id\":\"https:\\\/\\\/regiaonews.net.br\\\/2022\\\/2023\\\/02\\\/24\\\/inscricoes-para-curso-de-capacitacao-em-manutencao-automotiva-na-regiao-de-guaraci-vao-segunda-feira-dia-27-02\\\/#primaryimage\"},\"thumbnailUrl\":\"https:\\\/\\\/regiaonews.net.br\\\/2022\\\/wp-content\\\/uploads\\\/2023\\\/02\\\/aerea-vertente-1.png\",\"articleSection\":[\"Barretos\",\"Geral\"],\"inLanguage\":\"pt-BR\",\"potentialAction\":[{\"@type\":\"CommentAction\",\"name\":\"Comment\",\"target\":[\"https:\\\/\\\/regiaonews.net.br\\\/2022\\\/2023\\\/02\\\/24\\\/inscricoes-para-curso-de-capacitacao-em-manutencao-automotiva-na-regiao-de-guaraci-vao-segunda-feira-dia-27-02\\\/#respond\"]}]},{\"@type\":\"WebPage\",\"@id\":\"https:\\\/\\\/regiaonews.net.br\\\/2022\\\/2023\\\/02\\\/24\\\/inscricoes-para-curso-de-capacitacao-em-manutencao-automotiva-na-regiao-de-guaraci-vao-segunda-feira-dia-27-02\\\/\",\"url\":\"https:\\\/\\\/regiaonews.net.br\\\/2022\\\/2023\\\/02\\\/24\\\/inscricoes-para-curso-de-capacitacao-em-manutencao-automotiva-na-regiao-de-guaraci-vao-segunda-feira-dia-27-02\\\/\",\"name\":\"Inscri\u00e7\u00f5es para curso de capacita\u00e7\u00e3o em Manuten\u00e7\u00e3o Automotiva na regi\u00e3o de Guaraci v\u00e3o segunda-feira, dia 27\\\/02 - Regi\u00e3o News\",\"isPartOf\":{\"@id\":\"https:\\\/\\\/regiaonews.net.br\\\/2022\\\/#website\"},\"primaryImageOfPage\":{\"@id\":\"https:\\\/\\\/regiaonews.net.br\\\/2022\\\/2023\\\/02\\\/24\\\/inscricoes-para-curso-de-capacitacao-em-manutencao-automotiva-na-regiao-de-guaraci-vao-segunda-feira-dia-27-02\\\/#primaryimage\"},\"image\":{\"@id\":\"https:\\\/\\\/regiaonews.net.br\\\/2022\\\/2023\\\/02\\\/24\\\/inscricoes-para-curso-de-capacitacao-em-manutencao-automotiva-na-regiao-de-guaraci-vao-segunda-feira-dia-27-02\\\/#primaryimage\"},\"thumbnailUrl\":\"https:\\\/\\\/regiaonews.net.br\\\/2022\\\/wp-content\\\/uploads\\\/2023\\\/02\\\/aerea-vertente-1.png\",\"datePublished\":\"2023-02-24T15:06:39+00:00\",\"breadcrumb\":{\"@id\":\"https:\\\/\\\/regiaonews.net.br\\\/2022\\\/2023\\\/02\\\/24\\\/inscricoes-para-curso-de-capacitacao-em-manutencao-automotiva-na-regiao-de-guaraci-vao-segunda-feira-dia-27-02\\\/#breadcrumb\"},\"inLanguage\":\"pt-BR\",\"potentialAction\":[{\"@type\":\"ReadAction\",\"target\":[\"https:\\\/\\\/regiaonews.net.br\\\/2022\\\/2023\\\/02\\\/24\\\/inscricoes-para-curso-de-capacitacao-em-manutencao-automotiva-na-regiao-de-guaraci-vao-segunda-feira-dia-27-02\\\/\"]}]},{\"@type\":\"ImageObject\",\"inLanguage\":\"pt-BR\",\"@id\":\"https:\\\/\\\/regiaonews.net.br\\\/2022\\\/2023\\\/02\\\/24\\\/inscricoes-para-curso-de-capacitacao-em-manutencao-automotiva-na-regiao-de-guaraci-vao-segunda-feira-dia-27-02\\\/#primaryimage\",\"url\":\"https:\\\/\\\/regiaonews.net.br\\\/2022\\\/wp-content\\\/uploads\\\/2023\\\/02\\\/aerea-vertente-1.png\",\"contentUrl\":\"https:\\\/\\\/regiaonews.net.br\\\/2022\\\/wp-content\\\/uploads\\\/2023\\\/02\\\/aerea-vertente-1.png\",\"width\":1600,\"height\":900},{\"@type\":\"BreadcrumbList\",\"@id\":\"https:\\\/\\\/regiaonews.net.br\\\/2022\\\/2023\\\/02\\\/24\\\/inscricoes-para-curso-de-capacitacao-em-manutencao-automotiva-na-regiao-de-guaraci-vao-segunda-feira-dia-27-02\\\/#breadcrumb\",\"itemListElement\":[{\"@type\":\"ListItem\",\"position\":1,\"name\":\"In\u00edcio\",\"item\":\"https:\\\/\\\/regiaonews.net.br\\\/2022\\\/\"},{\"@type\":\"ListItem\",\"position\":2,\"name\":\"Inscri\u00e7\u00f5es para curso de capacita\u00e7\u00e3o em Manuten\u00e7\u00e3o Automotiva na regi\u00e3o de Guaraci v\u00e3o segunda-feira, dia 27\\\/02\"}]},{\"@type\":\"WebSite\",\"@id\":\"https:\\\/\\\/regiaonews.net.br\\\/2022\\\/#website\",\"url\":\"https:\\\/\\\/regiaonews.net.br\\\/2022\\\/\",\"name\":\"Regi\u00e3o News\",\"description\":\"Site de Not\u00edcias de Barretos e regi\u00e3o\",\"publisher\":{\"@id\":\"https:\\\/\\\/regiaonews.net.br\\\/2022\\\/#organization\"},\"potentialAction\":[{\"@type\":\"SearchAction\",\"target\":{\"@type\":\"EntryPoint\",\"urlTemplate\":\"https:\\\/\\\/regiaonews.net.br\\\/2022\\\/?s={search_term_string}\"},\"query-input\":{\"@type\":\"PropertyValueSpecification\",\"valueRequired\":true,\"valueName\":\"search_term_string\"}}],\"inLanguage\":\"pt-BR\"},{\"@type\":\"Organization\",\"@id\":\"https:\\\/\\\/regiaonews.net.br\\\/2022\\\/#organization\",\"name\":\"Regi\u00e3o News\",\"url\":\"https:\\\/\\\/regiaonews.net.br\\\/2022\\\/\",\"logo\":{\"@type\":\"ImageObject\",\"inLanguage\":\"pt-BR\",\"@id\":\"https:\\\/\\\/regiaonews.net.br\\\/2022\\\/#\\\/schema\\\/logo\\\/image\\\/\",\"url\":\"https:\\\/\\\/regiaonews.net.br\\\/2022\\\/wp-content\\\/uploads\\\/2026\\\/03\\\/regiao-13-anos-scaled.jpg\",\"contentUrl\":\"https:\\\/\\\/regiaonews.net.br\\\/2022\\\/wp-content\\\/uploads\\\/2026\\\/03\\\/regiao-13-anos-scaled.jpg\",\"width\":2560,\"height\":635,\"caption\":\"Regi\u00e3o News\"},\"image\":{\"@id\":\"https:\\\/\\\/regiaonews.net.br\\\/2022\\\/#\\\/schema\\\/logo\\\/image\\\/\"}},{\"@type\":\"Person\",\"@id\":\"https:\\\/\\\/regiaonews.net.br\\\/2022\\\/#\\\/schema\\\/person\\\/2d205a608a5aa97ac279d7a5e6d89ad8\",\"name\":\"Roberto\",\"image\":{\"@type\":\"ImageObject\",\"inLanguage\":\"pt-BR\",\"@id\":\"https:\\\/\\\/secure.gravatar.com\\\/avatar\\\/42749d8b712ff9d59ca93dc150494e5b55a44134482993f5baeb97e61b7ecc89?s=96&d=mm&r=g\",\"url\":\"https:\\\/\\\/secure.gravatar.com\\\/avatar\\\/42749d8b712ff9d59ca93dc150494e5b55a44134482993f5baeb97e61b7ecc89?s=96&d=mm&r=g\",\"contentUrl\":\"https:\\\/\\\/secure.gravatar.com\\\/avatar\\\/42749d8b712ff9d59ca93dc150494e5b55a44134482993f5baeb97e61b7ecc89?s=96&d=mm&r=g\",\"caption\":\"Roberto\"},\"url\":\"https:\\\/\\\/regiaonews.net.br\\\/2022\\\/author\\\/roberto\\\/\"}]}<\/script>\n<!-- \/ Yoast SEO plugin. -->","yoast_head_json":{"title":"Inscri\u00e7\u00f5es para curso de capacita\u00e7\u00e3o em Manuten\u00e7\u00e3o Automotiva na regi\u00e3o de Guaraci v\u00e3o segunda-feira, dia 27\/02 - Regi\u00e3o News","robots":{"index":"index","follow":"follow","max-snippet":"max-snippet:-1","max-image-preview":"max-image-preview:large","max-video-preview":"max-video-preview:-1"},"canonical":"https:\/\/regiaonews.net.br\/2022\/2023\/02\/24\/inscricoes-para-curso-de-capacitacao-em-manutencao-automotiva-na-regiao-de-guaraci-vao-segunda-feira-dia-27-02\/","og_locale":"pt_BR","og_type":"article","og_title":"Inscri\u00e7\u00f5es para curso de capacita\u00e7\u00e3o em Manuten\u00e7\u00e3o Automotiva na regi\u00e3o de Guaraci v\u00e3o segunda-feira, dia 27\/02 - Regi\u00e3o News","og_description":"Em parceria com o SENAI, as inscri\u00e7\u00f5es para o curso","og_url":"https:\/\/regiaonews.net.br\/2022\/2023\/02\/24\/inscricoes-para-curso-de-capacitacao-em-manutencao-automotiva-na-regiao-de-guaraci-vao-segunda-feira-dia-27-02\/","og_site_name":"Regi\u00e3o News","article_published_time":"2023-02-24T15:06:39+00:00","og_image":[{"width":1024,"height":576,"url":"https:\/\/regiaonews.net.br\/2022\/wp-content\/uploads\/2023\/02\/aerea-vertente-1-1024x576.png","type":"image\/png"}],"author":"Roberto","twitter_card":"summary_large_image","twitter_misc":{"Escrito por":"Roberto","Est. tempo de leitura":"2 minutos"},"schema":{"@context":"https:\/\/schema.org","@graph":[{"@type":"Article","@id":"https:\/\/regiaonews.net.br\/2022\/2023\/02\/24\/inscricoes-para-curso-de-capacitacao-em-manutencao-automotiva-na-regiao-de-guaraci-vao-segunda-feira-dia-27-02\/#article","isPartOf":{"@id":"https:\/\/regiaonews.net.br\/2022\/2023\/02\/24\/inscricoes-para-curso-de-capacitacao-em-manutencao-automotiva-na-regiao-de-guaraci-vao-segunda-feira-dia-27-02\/"},"author":{"name":"Roberto","@id":"https:\/\/regiaonews.net.br\/2022\/#\/schema\/person\/2d205a608a5aa97ac279d7a5e6d89ad8"},"headline":"Inscri\u00e7\u00f5es para curso de capacita\u00e7\u00e3o em Manuten\u00e7\u00e3o Automotiva na regi\u00e3o de Guaraci v\u00e3o segunda-feira, dia 27\/02","datePublished":"2023-02-24T15:06:39+00:00","mainEntityOfPage":{"@id":"https:\/\/regiaonews.net.br\/2022\/2023\/02\/24\/inscricoes-para-curso-de-capacitacao-em-manutencao-automotiva-na-regiao-de-guaraci-vao-segunda-feira-dia-27-02\/"},"wordCount":418,"commentCount":0,"publisher":{"@id":"https:\/\/regiaonews.net.br\/2022\/#organization"},"image":{"@id":"https:\/\/regiaonews.net.br\/2022\/2023\/02\/24\/inscricoes-para-curso-de-capacitacao-em-manutencao-automotiva-na-regiao-de-guaraci-vao-segunda-feira-dia-27-02\/#primaryimage"},"thumbnailUrl":"https:\/\/regiaonews.net.br\/2022\/wp-content\/uploads\/2023\/02\/aerea-vertente-1.png","articleSection":["Barretos","Geral"],"inLanguage":"pt-BR","potentialAction":[{"@type":"CommentAction","name":"Comment","target":["https:\/\/regiaonews.net.br\/2022\/2023\/02\/24\/inscricoes-para-curso-de-capacitacao-em-manutencao-automotiva-na-regiao-de-guaraci-vao-segunda-feira-dia-27-02\/#respond"]}]},{"@type":"WebPage","@id":"https:\/\/regiaonews.net.br\/2022\/2023\/02\/24\/inscricoes-para-curso-de-capacitacao-em-manutencao-automotiva-na-regiao-de-guaraci-vao-segunda-feira-dia-27-02\/","url":"https:\/\/regiaonews.net.br\/2022\/2023\/02\/24\/inscricoes-para-curso-de-capacitacao-em-manutencao-automotiva-na-regiao-de-guaraci-vao-segunda-feira-dia-27-02\/","name":"Inscri\u00e7\u00f5es para curso de capacita\u00e7\u00e3o em Manuten\u00e7\u00e3o Automotiva na regi\u00e3o de Guaraci v\u00e3o segunda-feira, dia 27\/02 - Regi\u00e3o News","isPartOf":{"@id":"https:\/\/regiaonews.net.br\/2022\/#website"},"primaryImageOfPage":{"@id":"https:\/\/regiaonews.net.br\/2022\/2023\/02\/24\/inscricoes-para-curso-de-capacitacao-em-manutencao-automotiva-na-regiao-de-guaraci-vao-segunda-feira-dia-27-02\/#primaryimage"},"image":{"@id":"https:\/\/regiaonews.net.br\/2022\/2023\/02\/24\/inscricoes-para-curso-de-capacitacao-em-manutencao-automotiva-na-regiao-de-guaraci-vao-segunda-feira-dia-27-02\/#primaryimage"},"thumbnailUrl":"https:\/\/regiaonews.net.br\/2022\/wp-content\/uploads\/2023\/02\/aerea-vertente-1.png","datePublished":"2023-02-24T15:06:39+00:00","breadcrumb":{"@id":"https:\/\/regiaonews.net.br\/2022\/2023\/02\/24\/inscricoes-para-curso-de-capacitacao-em-manutencao-automotiva-na-regiao-de-guaraci-vao-segunda-feira-dia-27-02\/#breadcrumb"},"inLanguage":"pt-BR","potentialAction":[{"@type":"ReadAction","target":["https:\/\/regiaonews.net.br\/2022\/2023\/02\/24\/inscricoes-para-curso-de-capacitacao-em-manutencao-automotiva-na-regiao-de-guaraci-vao-segunda-feira-dia-27-02\/"]}]},{"@type":"ImageObject","inLanguage":"pt-BR","@id":"https:\/\/regiaonews.net.br\/2022\/2023\/02\/24\/inscricoes-para-curso-de-capacitacao-em-manutencao-automotiva-na-regiao-de-guaraci-vao-segunda-feira-dia-27-02\/#primaryimage","url":"https:\/\/regiaonews.net.br\/2022\/wp-content\/uploads\/2023\/02\/aerea-vertente-1.png","contentUrl":"https:\/\/regiaonews.net.br\/2022\/wp-content\/uploads\/2023\/02\/aerea-vertente-1.png","width":1600,"height":900},{"@type":"BreadcrumbList","@id":"https:\/\/regiaonews.net.br\/2022\/2023\/02\/24\/inscricoes-para-curso-de-capacitacao-em-manutencao-automotiva-na-regiao-de-guaraci-vao-segunda-feira-dia-27-02\/#breadcrumb","itemListElement":[{"@type":"ListItem","position":1,"name":"In\u00edcio","item":"https:\/\/regiaonews.net.br\/2022\/"},{"@type":"ListItem","position":2,"name":"Inscri\u00e7\u00f5es para curso de capacita\u00e7\u00e3o em Manuten\u00e7\u00e3o Automotiva na regi\u00e3o de Guaraci v\u00e3o segunda-feira, dia 27\/02"}]},{"@type":"WebSite","@id":"https:\/\/regiaonews.net.br\/2022\/#website","url":"https:\/\/regiaonews.net.br\/2022\/","name":"Regi\u00e3o News","description":"Site de Not\u00edcias de Barretos e regi\u00e3o","publisher":{"@id":"https:\/\/regiaonews.net.br\/2022\/#organization"},"potentialAction":[{"@type":"SearchAction","target":{"@type":"EntryPoint","urlTemplate":"https:\/\/regiaonews.net.br\/2022\/?s={search_term_string}"},"query-input":{"@type":"PropertyValueSpecification","valueRequired":true,"valueName":"search_term_string"}}],"inLanguage":"pt-BR"},{"@type":"Organization","@id":"https:\/\/regiaonews.net.br\/2022\/#organization","name":"Regi\u00e3o News","url":"https:\/\/regiaonews.net.br\/2022\/","logo":{"@type":"ImageObject","inLanguage":"pt-BR","@id":"https:\/\/regiaonews.net.br\/2022\/#\/schema\/logo\/image\/","url":"https:\/\/regiaonews.net.br\/2022\/wp-content\/uploads\/2026\/03\/regiao-13-anos-scaled.jpg","contentUrl":"https:\/\/regiaonews.net.br\/2022\/wp-content\/uploads\/2026\/03\/regiao-13-anos-scaled.jpg","width":2560,"height":635,"caption":"Regi\u00e3o News"},"image":{"@id":"https:\/\/regiaonews.net.br\/2022\/#\/schema\/logo\/image\/"}},{"@type":"Person","@id":"https:\/\/regiaonews.net.br\/2022\/#\/schema\/person\/2d205a608a5aa97ac279d7a5e6d89ad8","name":"Roberto","image":{"@type":"ImageObject","inLanguage":"pt-BR","@id":"https:\/\/secure.gravatar.com\/avatar\/42749d8b712ff9d59ca93dc150494e5b55a44134482993f5baeb97e61b7ecc89?s=96&d=mm&r=g","url":"https:\/\/secure.gravatar.com\/avatar\/42749d8b712ff9d59ca93dc150494e5b55a44134482993f5baeb97e61b7ecc89?s=96&d=mm&r=g","contentUrl":"https:\/\/secure.gravatar.com\/avatar\/42749d8b712ff9d59ca93dc150494e5b55a44134482993f5baeb97e61b7ecc89?s=96&d=mm&r=g","caption":"Roberto"},"url":"https:\/\/regiaonews.net.br\/2022\/author\/roberto\/"}]}},"publishpress_future_action":{"enabled":false,"date":"2026-05-02 02:24:51","action":"change-status","newStatus":"draft","terms":[],"taxonomy":"category","extraData":[]},"publishpress_future_workflow_manual_trigger":{"enabledWorkflows":[]},"_links":{"self":[{"href":"https:\/\/regiaonews.net.br\/2022\/wp-json\/wp\/v2\/posts\/84425","targetHints":{"allow":["GET"]}}],"collection":[{"href":"https:\/\/regiaonews.net.br\/2022\/wp-json\/wp\/v2\/posts"}],"about":[{"href":"https:\/\/regiaonews.net.br\/2022\/wp-json\/wp\/v2\/types\/post"}],"author":[{"embeddable":true,"href":"https:\/\/regiaonews.net.br\/2022\/wp-json\/wp\/v2\/users\/2"}],"replies":[{"embeddable":true,"href":"https:\/\/regiaonews.net.br\/2022\/wp-json\/wp\/v2\/comments?post=84425"}],"version-history":[{"count":1,"href":"https:\/\/regiaonews.net.br\/2022\/wp-json\/wp\/v2\/posts\/84425\/revisions"}],"predecessor-version":[{"id":84427,"href":"https:\/\/regiaonews.net.br\/2022\/wp-json\/wp\/v2\/posts\/84425\/revisions\/84427"}],"wp:featuredmedia":[{"embeddable":true,"href":"https:\/\/regiaonews.net.br\/2022\/wp-json\/wp\/v2\/media\/84426"}],"wp:attachment":[{"href":"https:\/\/regiaonews.net.br\/2022\/wp-json\/wp\/v2\/media?parent=84425"}],"wp:term":[{"taxonomy":"category","embeddable":true,"href":"https:\/\/regiaonews.net.br\/2022\/wp-json\/wp\/v2\/categories?post=84425"},{"taxonomy":"post_tag","embeddable":true,"href":"https:\/\/regiaonews.net.br\/2022\/wp-json\/wp\/v2\/tags?post=84425"}],"curies":[{"name":"wp","href":"https:\/\/api.w.org\/{rel}","templated":true}]}}