{"id":84412,"date":"2023-02-24T12:04:13","date_gmt":"2023-02-24T15:04:13","guid":{"rendered":"https:\/\/regiaonews.net.br\/2022\/?p=84412"},"modified":"2023-02-24T12:04:13","modified_gmt":"2023-02-24T15:04:13","slug":"barretos-realiza-o-4o-torneio-oficial-de-pesca-pirapesca-na-regiao-dos-lagos-neste-domingo-dia-26","status":"publish","type":"post","link":"https:\/\/regiaonews.net.br\/2022\/2023\/02\/24\/barretos-realiza-o-4o-torneio-oficial-de-pesca-pirapesca-na-regiao-dos-lagos-neste-domingo-dia-26\/","title":{"rendered":"Barretos realiza o 4\u00ba Torneio Oficial de Pesca \u201cPirapesca\u201d na Regi\u00e3o dos Lagos neste domingo, dia 26"},"content":{"rendered":"<h3 style=\"text-align: center;\">Com apoio da Prefeitura da Est\u00e2ncia Tur\u00edstica, o evento volta a ser realizado ap\u00f3s 4 anos. Valor da premia\u00e7\u00e3o total \u00e9 de R$ 37 mil.<\/h3>\n<p>A popula\u00e7\u00e3o da Est\u00e2ncia Tur\u00edstica de Barretos e turistas podem participar do 4\u00ba Torneio Oficial de Pesca \u201cPirapesca\u201d neste domingo, dia 26, das 7 \u00e0s 17h. O evento, que conta com apoio da Prefeitura da Est\u00e2ncia Tur\u00edstica de Barretos, por meio da Secretaria Municipal de Agricultura e Meio Ambiente, ser\u00e1 realizado na segunda represa da Regi\u00e3o dos Lagos.<br \/>\nA Associa\u00e7\u00e3o dos Pescadores Amadores e Esportivos do Vale do Rio Grande, respons\u00e1vel pela realiza\u00e7\u00e3o, iniciou a soltura de 2,5 mil quilos de peixes para a o evento, que visa proporcionar divers\u00e3o e consci\u00eancia ambiental para as pessoas de todas as faixas et\u00e1rias.<br \/>\nA expectativa da organiza\u00e7\u00e3o \u00e9 reunir cerca de 6 mil pessoas, superando a \u00faltima edi\u00e7\u00e3o realizada em 2018, quando contou com 4 mil participantes. Para receber o p\u00fablico, est\u00e1 sendo montada no local estrutura com pra\u00e7a de alimenta\u00e7\u00e3o e espa\u00e7o para recrea\u00e7\u00e3o infantil, com pula-pula gratuito. No palco, a anima\u00e7\u00e3o vai ficar por conta do locutor Paulinho 1001.<\/p>\n<p>Inscri\u00e7\u00f5es e Premia\u00e7\u00f5es<br \/>\nAs inscri\u00e7\u00f5es para o evento j\u00e1 podem ser feitas em pontos parceiros na cidade: no Escrit\u00f3rio Modelo, localizado na Av. 17 \u2013 entre as ruas 16 e 18; em lojas de materiais de pesca e outros. Tamb\u00e9m estar\u00e3o dispon\u00edveis no dia da realiza\u00e7\u00e3o, no pr\u00f3prio local, at\u00e9 \u00e0s 11h30. A inscri\u00e7\u00e3o \u00e9 individual e custa R$ 20,00.<br \/>\nOs participantes ser\u00e3o premiados por meio de sorteio. Entre os pr\u00eamios, h\u00e1 viagens, t\u00edtulo do Rio das Pedras Country Club, estadias do Barretos Country Hotel e Resort, pacotes da Festa do Pe\u00e3o 2023, motor el\u00e9trico de canoa de pesca e canoa de 6 metros. A esp\u00e9cie para pescar \u00e9 a Til\u00e1pia e, entre elas, 10 estar\u00e3o com um chip que dar\u00e1 ao pescador um pr\u00eamio especial no valor de R$ 100,00. A premia\u00e7\u00e3o total chega a R$ 37 mil, segundo a organiza\u00e7\u00e3o.<br \/>\nO evento ter\u00e1 como destaque: o pescador do ano, a pescadora do ano, o pescador mirim e a pescadora mirim.<\/p>\n<p>Assimp-106-2023<br \/>\nReda\u00e7\u00e3o: Assessoria de imprensa<br \/>\nFotos: Tininho Jr.<\/p>\n","protected":false},"excerpt":{"rendered":"<p>Com apoio da Prefeitura da Est\u00e2ncia Tur\u00edstica, o evento volta<\/p>\n","protected":false},"author":2,"featured_media":84413,"comment_status":"open","ping_status":"open","sticky":false,"template":"","format":"standard","meta":{"footnotes":""},"categories":[14,3],"tags":[],"class_list":["post-84412","post","type-post","status-publish","format-standard","has-post-thumbnail","hentry","category-barretos","category-geral"],"yoast_head":"<!-- This site is optimized with the Yoast SEO plugin v27.4 - https:\/\/yoast.com\/product\/yoast-seo-wordpress\/ -->\n<title>Barretos realiza o 4\u00ba Torneio Oficial de Pesca \u201cPirapesca\u201d na Regi\u00e3o dos Lagos neste domingo, dia 26 - Regi\u00e3o News<\/title>\n<meta name=\"robots\" content=\"index, follow, max-snippet:-1, max-image-preview:large, max-video-preview:-1\" \/>\n<link rel=\"canonical\" href=\"https:\/\/regiaonews.net.br\/2022\/2023\/02\/24\/barretos-realiza-o-4o-torneio-oficial-de-pesca-pirapesca-na-regiao-dos-lagos-neste-domingo-dia-26\/\" \/>\n<meta property=\"og:locale\" content=\"pt_BR\" \/>\n<meta property=\"og:type\" content=\"article\" \/>\n<meta property=\"og:title\" content=\"Barretos realiza o 4\u00ba Torneio Oficial de Pesca \u201cPirapesca\u201d na Regi\u00e3o dos Lagos neste domingo, dia 26 - Regi\u00e3o News\" \/>\n<meta property=\"og:description\" content=\"Com apoio da Prefeitura da Est\u00e2ncia Tur\u00edstica, o evento volta\" \/>\n<meta property=\"og:url\" content=\"https:\/\/regiaonews.net.br\/2022\/2023\/02\/24\/barretos-realiza-o-4o-torneio-oficial-de-pesca-pirapesca-na-regiao-dos-lagos-neste-domingo-dia-26\/\" \/>\n<meta property=\"og:site_name\" content=\"Regi\u00e3o News\" \/>\n<meta property=\"article:published_time\" content=\"2023-02-24T15:04:13+00:00\" \/>\n<meta property=\"og:image\" content=\"https:\/\/regiaonews.net.br\/2022\/wp-content\/uploads\/2023\/02\/WhatsApp-Image-2023-02-24-at-10.54.27.jpeg\" \/>\n\t<meta property=\"og:image:width\" content=\"1600\" \/>\n\t<meta property=\"og:image:height\" content=\"1066\" \/>\n\t<meta property=\"og:image:type\" content=\"image\/jpeg\" \/>\n<meta name=\"author\" content=\"Roberto\" \/>\n<meta name=\"twitter:card\" content=\"summary_large_image\" \/>\n<meta name=\"twitter:label1\" content=\"Escrito por\" \/>\n\t<meta name=\"twitter:data1\" content=\"Roberto\" \/>\n\t<meta name=\"twitter:label2\" content=\"Est. tempo de leitura\" \/>\n\t<meta name=\"twitter:data2\" content=\"2 minutos\" \/>\n<script type=\"application\/ld+json\" class=\"yoast-schema-graph\">{\"@context\":\"https:\\\/\\\/schema.org\",\"@graph\":[{\"@type\":\"Article\",\"@id\":\"https:\\\/\\\/regiaonews.net.br\\\/2022\\\/2023\\\/02\\\/24\\\/barretos-realiza-o-4o-torneio-oficial-de-pesca-pirapesca-na-regiao-dos-lagos-neste-domingo-dia-26\\\/#article\",\"isPartOf\":{\"@id\":\"https:\\\/\\\/regiaonews.net.br\\\/2022\\\/2023\\\/02\\\/24\\\/barretos-realiza-o-4o-torneio-oficial-de-pesca-pirapesca-na-regiao-dos-lagos-neste-domingo-dia-26\\\/\"},\"author\":{\"name\":\"Roberto\",\"@id\":\"https:\\\/\\\/regiaonews.net.br\\\/2022\\\/#\\\/schema\\\/person\\\/2d205a608a5aa97ac279d7a5e6d89ad8\"},\"headline\":\"Barretos realiza o 4\u00ba Torneio Oficial de Pesca \u201cPirapesca\u201d na Regi\u00e3o dos Lagos neste domingo, dia 26\",\"datePublished\":\"2023-02-24T15:04:13+00:00\",\"mainEntityOfPage\":{\"@id\":\"https:\\\/\\\/regiaonews.net.br\\\/2022\\\/2023\\\/02\\\/24\\\/barretos-realiza-o-4o-torneio-oficial-de-pesca-pirapesca-na-regiao-dos-lagos-neste-domingo-dia-26\\\/\"},\"wordCount\":393,\"commentCount\":0,\"publisher\":{\"@id\":\"https:\\\/\\\/regiaonews.net.br\\\/2022\\\/#organization\"},\"image\":{\"@id\":\"https:\\\/\\\/regiaonews.net.br\\\/2022\\\/2023\\\/02\\\/24\\\/barretos-realiza-o-4o-torneio-oficial-de-pesca-pirapesca-na-regiao-dos-lagos-neste-domingo-dia-26\\\/#primaryimage\"},\"thumbnailUrl\":\"https:\\\/\\\/regiaonews.net.br\\\/2022\\\/wp-content\\\/uploads\\\/2023\\\/02\\\/WhatsApp-Image-2023-02-24-at-10.54.27.jpeg\",\"articleSection\":[\"Barretos\",\"Geral\"],\"inLanguage\":\"pt-BR\",\"potentialAction\":[{\"@type\":\"CommentAction\",\"name\":\"Comment\",\"target\":[\"https:\\\/\\\/regiaonews.net.br\\\/2022\\\/2023\\\/02\\\/24\\\/barretos-realiza-o-4o-torneio-oficial-de-pesca-pirapesca-na-regiao-dos-lagos-neste-domingo-dia-26\\\/#respond\"]}]},{\"@type\":\"WebPage\",\"@id\":\"https:\\\/\\\/regiaonews.net.br\\\/2022\\\/2023\\\/02\\\/24\\\/barretos-realiza-o-4o-torneio-oficial-de-pesca-pirapesca-na-regiao-dos-lagos-neste-domingo-dia-26\\\/\",\"url\":\"https:\\\/\\\/regiaonews.net.br\\\/2022\\\/2023\\\/02\\\/24\\\/barretos-realiza-o-4o-torneio-oficial-de-pesca-pirapesca-na-regiao-dos-lagos-neste-domingo-dia-26\\\/\",\"name\":\"Barretos realiza o 4\u00ba Torneio Oficial de Pesca \u201cPirapesca\u201d na Regi\u00e3o dos Lagos neste domingo, dia 26 - Regi\u00e3o News\",\"isPartOf\":{\"@id\":\"https:\\\/\\\/regiaonews.net.br\\\/2022\\\/#website\"},\"primaryImageOfPage\":{\"@id\":\"https:\\\/\\\/regiaonews.net.br\\\/2022\\\/2023\\\/02\\\/24\\\/barretos-realiza-o-4o-torneio-oficial-de-pesca-pirapesca-na-regiao-dos-lagos-neste-domingo-dia-26\\\/#primaryimage\"},\"image\":{\"@id\":\"https:\\\/\\\/regiaonews.net.br\\\/2022\\\/2023\\\/02\\\/24\\\/barretos-realiza-o-4o-torneio-oficial-de-pesca-pirapesca-na-regiao-dos-lagos-neste-domingo-dia-26\\\/#primaryimage\"},\"thumbnailUrl\":\"https:\\\/\\\/regiaonews.net.br\\\/2022\\\/wp-content\\\/uploads\\\/2023\\\/02\\\/WhatsApp-Image-2023-02-24-at-10.54.27.jpeg\",\"datePublished\":\"2023-02-24T15:04:13+00:00\",\"breadcrumb\":{\"@id\":\"https:\\\/\\\/regiaonews.net.br\\\/2022\\\/2023\\\/02\\\/24\\\/barretos-realiza-o-4o-torneio-oficial-de-pesca-pirapesca-na-regiao-dos-lagos-neste-domingo-dia-26\\\/#breadcrumb\"},\"inLanguage\":\"pt-BR\",\"potentialAction\":[{\"@type\":\"ReadAction\",\"target\":[\"https:\\\/\\\/regiaonews.net.br\\\/2022\\\/2023\\\/02\\\/24\\\/barretos-realiza-o-4o-torneio-oficial-de-pesca-pirapesca-na-regiao-dos-lagos-neste-domingo-dia-26\\\/\"]}]},{\"@type\":\"ImageObject\",\"inLanguage\":\"pt-BR\",\"@id\":\"https:\\\/\\\/regiaonews.net.br\\\/2022\\\/2023\\\/02\\\/24\\\/barretos-realiza-o-4o-torneio-oficial-de-pesca-pirapesca-na-regiao-dos-lagos-neste-domingo-dia-26\\\/#primaryimage\",\"url\":\"https:\\\/\\\/regiaonews.net.br\\\/2022\\\/wp-content\\\/uploads\\\/2023\\\/02\\\/WhatsApp-Image-2023-02-24-at-10.54.27.jpeg\",\"contentUrl\":\"https:\\\/\\\/regiaonews.net.br\\\/2022\\\/wp-content\\\/uploads\\\/2023\\\/02\\\/WhatsApp-Image-2023-02-24-at-10.54.27.jpeg\",\"width\":1600,\"height\":1066},{\"@type\":\"BreadcrumbList\",\"@id\":\"https:\\\/\\\/regiaonews.net.br\\\/2022\\\/2023\\\/02\\\/24\\\/barretos-realiza-o-4o-torneio-oficial-de-pesca-pirapesca-na-regiao-dos-lagos-neste-domingo-dia-26\\\/#breadcrumb\",\"itemListElement\":[{\"@type\":\"ListItem\",\"position\":1,\"name\":\"In\u00edcio\",\"item\":\"https:\\\/\\\/regiaonews.net.br\\\/2022\\\/\"},{\"@type\":\"ListItem\",\"position\":2,\"name\":\"Barretos realiza o 4\u00ba Torneio Oficial de Pesca \u201cPirapesca\u201d na Regi\u00e3o dos Lagos neste domingo, dia 26\"}]},{\"@type\":\"WebSite\",\"@id\":\"https:\\\/\\\/regiaonews.net.br\\\/2022\\\/#website\",\"url\":\"https:\\\/\\\/regiaonews.net.br\\\/2022\\\/\",\"name\":\"Regi\u00e3o News\",\"description\":\"Site de Not\u00edcias de Barretos e regi\u00e3o\",\"publisher\":{\"@id\":\"https:\\\/\\\/regiaonews.net.br\\\/2022\\\/#organization\"},\"potentialAction\":[{\"@type\":\"SearchAction\",\"target\":{\"@type\":\"EntryPoint\",\"urlTemplate\":\"https:\\\/\\\/regiaonews.net.br\\\/2022\\\/?s={search_term_string}\"},\"query-input\":{\"@type\":\"PropertyValueSpecification\",\"valueRequired\":true,\"valueName\":\"search_term_string\"}}],\"inLanguage\":\"pt-BR\"},{\"@type\":\"Organization\",\"@id\":\"https:\\\/\\\/regiaonews.net.br\\\/2022\\\/#organization\",\"name\":\"Regi\u00e3o News\",\"url\":\"https:\\\/\\\/regiaonews.net.br\\\/2022\\\/\",\"logo\":{\"@type\":\"ImageObject\",\"inLanguage\":\"pt-BR\",\"@id\":\"https:\\\/\\\/regiaonews.net.br\\\/2022\\\/#\\\/schema\\\/logo\\\/image\\\/\",\"url\":\"https:\\\/\\\/regiaonews.net.br\\\/2022\\\/wp-content\\\/uploads\\\/2026\\\/03\\\/regiao-13-anos-scaled.jpg\",\"contentUrl\":\"https:\\\/\\\/regiaonews.net.br\\\/2022\\\/wp-content\\\/uploads\\\/2026\\\/03\\\/regiao-13-anos-scaled.jpg\",\"width\":2560,\"height\":635,\"caption\":\"Regi\u00e3o News\"},\"image\":{\"@id\":\"https:\\\/\\\/regiaonews.net.br\\\/2022\\\/#\\\/schema\\\/logo\\\/image\\\/\"}},{\"@type\":\"Person\",\"@id\":\"https:\\\/\\\/regiaonews.net.br\\\/2022\\\/#\\\/schema\\\/person\\\/2d205a608a5aa97ac279d7a5e6d89ad8\",\"name\":\"Roberto\",\"image\":{\"@type\":\"ImageObject\",\"inLanguage\":\"pt-BR\",\"@id\":\"https:\\\/\\\/secure.gravatar.com\\\/avatar\\\/42749d8b712ff9d59ca93dc150494e5b55a44134482993f5baeb97e61b7ecc89?s=96&d=mm&r=g\",\"url\":\"https:\\\/\\\/secure.gravatar.com\\\/avatar\\\/42749d8b712ff9d59ca93dc150494e5b55a44134482993f5baeb97e61b7ecc89?s=96&d=mm&r=g\",\"contentUrl\":\"https:\\\/\\\/secure.gravatar.com\\\/avatar\\\/42749d8b712ff9d59ca93dc150494e5b55a44134482993f5baeb97e61b7ecc89?s=96&d=mm&r=g\",\"caption\":\"Roberto\"},\"url\":\"https:\\\/\\\/regiaonews.net.br\\\/2022\\\/author\\\/roberto\\\/\"}]}<\/script>\n<!-- \/ Yoast SEO plugin. -->","yoast_head_json":{"title":"Barretos realiza o 4\u00ba Torneio Oficial de Pesca \u201cPirapesca\u201d na Regi\u00e3o dos Lagos neste domingo, dia 26 - Regi\u00e3o News","robots":{"index":"index","follow":"follow","max-snippet":"max-snippet:-1","max-image-preview":"max-image-preview:large","max-video-preview":"max-video-preview:-1"},"canonical":"https:\/\/regiaonews.net.br\/2022\/2023\/02\/24\/barretos-realiza-o-4o-torneio-oficial-de-pesca-pirapesca-na-regiao-dos-lagos-neste-domingo-dia-26\/","og_locale":"pt_BR","og_type":"article","og_title":"Barretos realiza o 4\u00ba Torneio Oficial de Pesca \u201cPirapesca\u201d na Regi\u00e3o dos Lagos neste domingo, dia 26 - Regi\u00e3o News","og_description":"Com apoio da Prefeitura da Est\u00e2ncia Tur\u00edstica, o evento volta","og_url":"https:\/\/regiaonews.net.br\/2022\/2023\/02\/24\/barretos-realiza-o-4o-torneio-oficial-de-pesca-pirapesca-na-regiao-dos-lagos-neste-domingo-dia-26\/","og_site_name":"Regi\u00e3o News","article_published_time":"2023-02-24T15:04:13+00:00","og_image":[{"width":1600,"height":1066,"url":"https:\/\/regiaonews.net.br\/2022\/wp-content\/uploads\/2023\/02\/WhatsApp-Image-2023-02-24-at-10.54.27.jpeg","type":"image\/jpeg"}],"author":"Roberto","twitter_card":"summary_large_image","twitter_misc":{"Escrito por":"Roberto","Est. tempo de leitura":"2 minutos"},"schema":{"@context":"https:\/\/schema.org","@graph":[{"@type":"Article","@id":"https:\/\/regiaonews.net.br\/2022\/2023\/02\/24\/barretos-realiza-o-4o-torneio-oficial-de-pesca-pirapesca-na-regiao-dos-lagos-neste-domingo-dia-26\/#article","isPartOf":{"@id":"https:\/\/regiaonews.net.br\/2022\/2023\/02\/24\/barretos-realiza-o-4o-torneio-oficial-de-pesca-pirapesca-na-regiao-dos-lagos-neste-domingo-dia-26\/"},"author":{"name":"Roberto","@id":"https:\/\/regiaonews.net.br\/2022\/#\/schema\/person\/2d205a608a5aa97ac279d7a5e6d89ad8"},"headline":"Barretos realiza o 4\u00ba Torneio Oficial de Pesca \u201cPirapesca\u201d na Regi\u00e3o dos Lagos neste domingo, dia 26","datePublished":"2023-02-24T15:04:13+00:00","mainEntityOfPage":{"@id":"https:\/\/regiaonews.net.br\/2022\/2023\/02\/24\/barretos-realiza-o-4o-torneio-oficial-de-pesca-pirapesca-na-regiao-dos-lagos-neste-domingo-dia-26\/"},"wordCount":393,"commentCount":0,"publisher":{"@id":"https:\/\/regiaonews.net.br\/2022\/#organization"},"image":{"@id":"https:\/\/regiaonews.net.br\/2022\/2023\/02\/24\/barretos-realiza-o-4o-torneio-oficial-de-pesca-pirapesca-na-regiao-dos-lagos-neste-domingo-dia-26\/#primaryimage"},"thumbnailUrl":"https:\/\/regiaonews.net.br\/2022\/wp-content\/uploads\/2023\/02\/WhatsApp-Image-2023-02-24-at-10.54.27.jpeg","articleSection":["Barretos","Geral"],"inLanguage":"pt-BR","potentialAction":[{"@type":"CommentAction","name":"Comment","target":["https:\/\/regiaonews.net.br\/2022\/2023\/02\/24\/barretos-realiza-o-4o-torneio-oficial-de-pesca-pirapesca-na-regiao-dos-lagos-neste-domingo-dia-26\/#respond"]}]},{"@type":"WebPage","@id":"https:\/\/regiaonews.net.br\/2022\/2023\/02\/24\/barretos-realiza-o-4o-torneio-oficial-de-pesca-pirapesca-na-regiao-dos-lagos-neste-domingo-dia-26\/","url":"https:\/\/regiaonews.net.br\/2022\/2023\/02\/24\/barretos-realiza-o-4o-torneio-oficial-de-pesca-pirapesca-na-regiao-dos-lagos-neste-domingo-dia-26\/","name":"Barretos realiza o 4\u00ba Torneio Oficial de Pesca \u201cPirapesca\u201d na Regi\u00e3o dos Lagos neste domingo, dia 26 - Regi\u00e3o News","isPartOf":{"@id":"https:\/\/regiaonews.net.br\/2022\/#website"},"primaryImageOfPage":{"@id":"https:\/\/regiaonews.net.br\/2022\/2023\/02\/24\/barretos-realiza-o-4o-torneio-oficial-de-pesca-pirapesca-na-regiao-dos-lagos-neste-domingo-dia-26\/#primaryimage"},"image":{"@id":"https:\/\/regiaonews.net.br\/2022\/2023\/02\/24\/barretos-realiza-o-4o-torneio-oficial-de-pesca-pirapesca-na-regiao-dos-lagos-neste-domingo-dia-26\/#primaryimage"},"thumbnailUrl":"https:\/\/regiaonews.net.br\/2022\/wp-content\/uploads\/2023\/02\/WhatsApp-Image-2023-02-24-at-10.54.27.jpeg","datePublished":"2023-02-24T15:04:13+00:00","breadcrumb":{"@id":"https:\/\/regiaonews.net.br\/2022\/2023\/02\/24\/barretos-realiza-o-4o-torneio-oficial-de-pesca-pirapesca-na-regiao-dos-lagos-neste-domingo-dia-26\/#breadcrumb"},"inLanguage":"pt-BR","potentialAction":[{"@type":"ReadAction","target":["https:\/\/regiaonews.net.br\/2022\/2023\/02\/24\/barretos-realiza-o-4o-torneio-oficial-de-pesca-pirapesca-na-regiao-dos-lagos-neste-domingo-dia-26\/"]}]},{"@type":"ImageObject","inLanguage":"pt-BR","@id":"https:\/\/regiaonews.net.br\/2022\/2023\/02\/24\/barretos-realiza-o-4o-torneio-oficial-de-pesca-pirapesca-na-regiao-dos-lagos-neste-domingo-dia-26\/#primaryimage","url":"https:\/\/regiaonews.net.br\/2022\/wp-content\/uploads\/2023\/02\/WhatsApp-Image-2023-02-24-at-10.54.27.jpeg","contentUrl":"https:\/\/regiaonews.net.br\/2022\/wp-content\/uploads\/2023\/02\/WhatsApp-Image-2023-02-24-at-10.54.27.jpeg","width":1600,"height":1066},{"@type":"BreadcrumbList","@id":"https:\/\/regiaonews.net.br\/2022\/2023\/02\/24\/barretos-realiza-o-4o-torneio-oficial-de-pesca-pirapesca-na-regiao-dos-lagos-neste-domingo-dia-26\/#breadcrumb","itemListElement":[{"@type":"ListItem","position":1,"name":"In\u00edcio","item":"https:\/\/regiaonews.net.br\/2022\/"},{"@type":"ListItem","position":2,"name":"Barretos realiza o 4\u00ba Torneio Oficial de Pesca \u201cPirapesca\u201d na Regi\u00e3o dos Lagos neste domingo, dia 26"}]},{"@type":"WebSite","@id":"https:\/\/regiaonews.net.br\/2022\/#website","url":"https:\/\/regiaonews.net.br\/2022\/","name":"Regi\u00e3o News","description":"Site de Not\u00edcias de Barretos e regi\u00e3o","publisher":{"@id":"https:\/\/regiaonews.net.br\/2022\/#organization"},"potentialAction":[{"@type":"SearchAction","target":{"@type":"EntryPoint","urlTemplate":"https:\/\/regiaonews.net.br\/2022\/?s={search_term_string}"},"query-input":{"@type":"PropertyValueSpecification","valueRequired":true,"valueName":"search_term_string"}}],"inLanguage":"pt-BR"},{"@type":"Organization","@id":"https:\/\/regiaonews.net.br\/2022\/#organization","name":"Regi\u00e3o News","url":"https:\/\/regiaonews.net.br\/2022\/","logo":{"@type":"ImageObject","inLanguage":"pt-BR","@id":"https:\/\/regiaonews.net.br\/2022\/#\/schema\/logo\/image\/","url":"https:\/\/regiaonews.net.br\/2022\/wp-content\/uploads\/2026\/03\/regiao-13-anos-scaled.jpg","contentUrl":"https:\/\/regiaonews.net.br\/2022\/wp-content\/uploads\/2026\/03\/regiao-13-anos-scaled.jpg","width":2560,"height":635,"caption":"Regi\u00e3o News"},"image":{"@id":"https:\/\/regiaonews.net.br\/2022\/#\/schema\/logo\/image\/"}},{"@type":"Person","@id":"https:\/\/regiaonews.net.br\/2022\/#\/schema\/person\/2d205a608a5aa97ac279d7a5e6d89ad8","name":"Roberto","image":{"@type":"ImageObject","inLanguage":"pt-BR","@id":"https:\/\/secure.gravatar.com\/avatar\/42749d8b712ff9d59ca93dc150494e5b55a44134482993f5baeb97e61b7ecc89?s=96&d=mm&r=g","url":"https:\/\/secure.gravatar.com\/avatar\/42749d8b712ff9d59ca93dc150494e5b55a44134482993f5baeb97e61b7ecc89?s=96&d=mm&r=g","contentUrl":"https:\/\/secure.gravatar.com\/avatar\/42749d8b712ff9d59ca93dc150494e5b55a44134482993f5baeb97e61b7ecc89?s=96&d=mm&r=g","caption":"Roberto"},"url":"https:\/\/regiaonews.net.br\/2022\/author\/roberto\/"}]}},"publishpress_future_action":{"enabled":false,"date":"2026-05-02 07:02:59","action":"change-status","newStatus":"draft","terms":[],"taxonomy":"category","extraData":[]},"publishpress_future_workflow_manual_trigger":{"enabledWorkflows":[]},"_links":{"self":[{"href":"https:\/\/regiaonews.net.br\/2022\/wp-json\/wp\/v2\/posts\/84412","targetHints":{"allow":["GET"]}}],"collection":[{"href":"https:\/\/regiaonews.net.br\/2022\/wp-json\/wp\/v2\/posts"}],"about":[{"href":"https:\/\/regiaonews.net.br\/2022\/wp-json\/wp\/v2\/types\/post"}],"author":[{"embeddable":true,"href":"https:\/\/regiaonews.net.br\/2022\/wp-json\/wp\/v2\/users\/2"}],"replies":[{"embeddable":true,"href":"https:\/\/regiaonews.net.br\/2022\/wp-json\/wp\/v2\/comments?post=84412"}],"version-history":[{"count":1,"href":"https:\/\/regiaonews.net.br\/2022\/wp-json\/wp\/v2\/posts\/84412\/revisions"}],"predecessor-version":[{"id":84418,"href":"https:\/\/regiaonews.net.br\/2022\/wp-json\/wp\/v2\/posts\/84412\/revisions\/84418"}],"wp:featuredmedia":[{"embeddable":true,"href":"https:\/\/regiaonews.net.br\/2022\/wp-json\/wp\/v2\/media\/84413"}],"wp:attachment":[{"href":"https:\/\/regiaonews.net.br\/2022\/wp-json\/wp\/v2\/media?parent=84412"}],"wp:term":[{"taxonomy":"category","embeddable":true,"href":"https:\/\/regiaonews.net.br\/2022\/wp-json\/wp\/v2\/categories?post=84412"},{"taxonomy":"post_tag","embeddable":true,"href":"https:\/\/regiaonews.net.br\/2022\/wp-json\/wp\/v2\/tags?post=84412"}],"curies":[{"name":"wp","href":"https:\/\/api.w.org\/{rel}","templated":true}]}}