{"id":84358,"date":"2023-02-22T22:10:11","date_gmt":"2023-02-23T01:10:11","guid":{"rendered":"https:\/\/regiaonews.net.br\/2022\/?p=84358"},"modified":"2023-02-22T22:10:11","modified_gmt":"2023-02-23T01:10:11","slug":"imperatiz-leopoldinense-e-campea-do-carnaval-do-rio","status":"publish","type":"post","link":"https:\/\/regiaonews.net.br\/2022\/2023\/02\/22\/imperatiz-leopoldinense-e-campea-do-carnaval-do-rio\/","title":{"rendered":"Imperatiz Leopoldinense \u00e9 campe\u00e3 do carnaval do Rio"},"content":{"rendered":"<div class=\"col-lg-12 mb-3\">\n<div class=\"row\"><\/div>\n<p>Foto &#8211; Imperatriz Leopoldinense \u00e9 campe\u00e3 do Grupo Especial do Carnaval do Rio de Janeiro 2023. (Foto: Fernando Fraz\u00e3o\/Ag\u00eancia Brasil)<\/p>\n<\/div>\n<div class=\"col-xl-7 offset-xl-1 col-lg-8 offset-lg-0 col-md-10 offset-md-1 mb-3\">\n<div class=\"post-item alt-font\">\n<div class=\"post-item-wrap\">\n<p>Quando as \u00faltimas notas do quesito bateria foram divulgadas, a mesa onde estavam os componentes da Imperatriz Leopoldinense foi tomada por uma mistura de choro e gritos. O nono t\u00edtulo de campe\u00e3 do carnaval do Rio<span id=\"OBJ_PREFIX_DWT2926_com_zimbra_date\" role=\"link\">\u00a0de Janeiro<\/span>\u00a0veio depois de mais de vinte anos de jejum. A \u00faltima conquista foi\u00a0em 2001. De l\u00e1 para c\u00e1, a escola ainda amargou um rebaixamento em 2019, at\u00e9 conseguir voltar para o Grupo Especial em 2022.<img decoding=\"async\" src=\"https:\/\/agenciabrasil.ebc.com.br\/ebc.png?id=1512281&amp;o=node\" \/><img decoding=\"async\" src=\"https:\/\/agenciabrasil.ebc.com.br\/ebc.gif?id=1512281&amp;o=node\" \/><\/p>\n<p>C\u00e1tia Drumond, presidente da escola de Ramos, na zona norte da cidade, comemorou a hist\u00f3ria de recupera\u00e7\u00e3o da escola, que retornou ao lugar de protagonista da Sapuca\u00ed. \u201c\u00c9 a volta por cima da escola, com uma nova gest\u00e3o, com um novo carnavalesco sensacional, o Leandro Vieira, o mestre de bateria, Luiz Alberto Lolo, e todos os demais. Eu s\u00f3 tenho que dar parab\u00e9ns para todos e agradecer. \u00c9 muita felicidade. Tenho certeza de que o Complexo do Alem\u00e3o est\u00e1 em festa\u201d.<\/p>\n<div class=\"dnd-widget-wrapper context-cheio_8colunas type-image\">\n<div class=\"dnd-atom-rendered\">\n<div class=\"shadow overflow-hidden rounded-lg d-block zoom-on-hover-sm shadow-hover w-100\"><img decoding=\"async\" class=\"flex-fill img-cover\" title=\"Fernando Fraz\u00e3o\/Ag\u00eancia Brasil\" src=\"https:\/\/imagens.ebc.com.br\/JfZJnXvYyi0wf7qJR2-n-IGmGZM=\/754x0\/smart\/https:\/\/agenciabrasil.ebc.com.br\/sites\/default\/files\/thumbnails\/image\/20230222175156_mg_3832.jpg?itok=X_eEAwPL\" alt=\"22.02.2023-Imperatriz Leopoldinense \u00e9 campe\u00e3 do Grupo Especial do Carnaval do Rio de Janeiro 2023. Foto: Fernando Fraz\u00e3o\/Ag\u00eancia Brasil\" \/><\/div>\n<\/div>\n<div class=\"dnd-caption-wrapper\">\n<h6 class=\"meta\">Imperatriz Leopoldinense \u00e9 campe\u00e3 do Grupo Especial do Carnaval do Rio de Janeiro 2023-\u00a0<strong>Fernando Fraz\u00e3o\/Ag\u00eancia Brasil<\/strong><\/h6>\n<\/div>\n<\/div>\n<p>&nbsp;<\/p>\n<p>No pr\u00f3ximo\u00a0<span id=\"OBJ_PREFIX_DWT2928_com_zimbra_date\" role=\"link\">s\u00e1bado<\/span>\u00a0(25), seis escolas voltam \u00e0 Sapuca\u00ed para o Desfile das Campe\u00e3s. Al\u00e9m de Imperatriz Leopoldinense e Viradouro,\u00a0Unidos de Vila Isabel (3\u00ba lugar),\u00a0Beija-Flor de Nil\u00f3polis (4\u00ba lugar),\u00a0Esta\u00e7\u00e3o Primeira de Mangueira (5\u00ba lugar) e\u00a0 Acad\u00eamicos do Grande Rio (6\u00ba lugar) participam da festa.<\/p>\n<\/div>\n<\/div>\n<\/div>\n","protected":false},"excerpt":{"rendered":"<p>Foto &#8211; Imperatriz Leopoldinense \u00e9 campe\u00e3 do Grupo Especial do<\/p>\n","protected":false},"author":2,"featured_media":84359,"comment_status":"open","ping_status":"open","sticky":false,"template":"","format":"standard","meta":{"footnotes":""},"categories":[25,69],"tags":[],"class_list":["post-84358","post","type-post","status-publish","format-standard","has-post-thumbnail","hentry","category-cidades","category-rio-de-janeiro"],"yoast_head":"<!-- This site is optimized with the Yoast SEO plugin v27.4 - https:\/\/yoast.com\/product\/yoast-seo-wordpress\/ -->\n<title>Imperatiz Leopoldinense \u00e9 campe\u00e3 do carnaval do Rio - Regi\u00e3o News<\/title>\n<meta name=\"robots\" content=\"index, follow, max-snippet:-1, max-image-preview:large, max-video-preview:-1\" \/>\n<link rel=\"canonical\" href=\"https:\/\/regiaonews.net.br\/2022\/2023\/02\/22\/imperatiz-leopoldinense-e-campea-do-carnaval-do-rio\/\" \/>\n<meta property=\"og:locale\" content=\"pt_BR\" \/>\n<meta property=\"og:type\" content=\"article\" \/>\n<meta property=\"og:title\" content=\"Imperatiz Leopoldinense \u00e9 campe\u00e3 do carnaval do Rio - Regi\u00e3o News\" \/>\n<meta property=\"og:description\" content=\"Foto &#8211; Imperatriz Leopoldinense \u00e9 campe\u00e3 do Grupo Especial do\" \/>\n<meta property=\"og:url\" content=\"https:\/\/regiaonews.net.br\/2022\/2023\/02\/22\/imperatiz-leopoldinense-e-campea-do-carnaval-do-rio\/\" \/>\n<meta property=\"og:site_name\" content=\"Regi\u00e3o News\" \/>\n<meta property=\"article:published_time\" content=\"2023-02-23T01:10:11+00:00\" \/>\n<meta property=\"og:image\" content=\"https:\/\/regiaonews.net.br\/2022\/wp-content\/uploads\/2023\/02\/Imperatriz.jpg\" \/>\n\t<meta property=\"og:image:width\" content=\"1170\" \/>\n\t<meta property=\"og:image:height\" content=\"700\" \/>\n\t<meta property=\"og:image:type\" content=\"image\/jpeg\" \/>\n<meta name=\"author\" content=\"Roberto\" \/>\n<meta name=\"twitter:card\" content=\"summary_large_image\" \/>\n<meta name=\"twitter:label1\" content=\"Escrito por\" \/>\n\t<meta name=\"twitter:data1\" content=\"Roberto\" \/>\n\t<meta name=\"twitter:label2\" content=\"Est. tempo de leitura\" \/>\n\t<meta name=\"twitter:data2\" content=\"2 minutos\" \/>\n<script type=\"application\/ld+json\" class=\"yoast-schema-graph\">{\"@context\":\"https:\\\/\\\/schema.org\",\"@graph\":[{\"@type\":\"Article\",\"@id\":\"https:\\\/\\\/regiaonews.net.br\\\/2022\\\/2023\\\/02\\\/22\\\/imperatiz-leopoldinense-e-campea-do-carnaval-do-rio\\\/#article\",\"isPartOf\":{\"@id\":\"https:\\\/\\\/regiaonews.net.br\\\/2022\\\/2023\\\/02\\\/22\\\/imperatiz-leopoldinense-e-campea-do-carnaval-do-rio\\\/\"},\"author\":{\"name\":\"Roberto\",\"@id\":\"https:\\\/\\\/regiaonews.net.br\\\/2022\\\/#\\\/schema\\\/person\\\/2d205a608a5aa97ac279d7a5e6d89ad8\"},\"headline\":\"Imperatiz Leopoldinense \u00e9 campe\u00e3 do carnaval do Rio\",\"datePublished\":\"2023-02-23T01:10:11+00:00\",\"mainEntityOfPage\":{\"@id\":\"https:\\\/\\\/regiaonews.net.br\\\/2022\\\/2023\\\/02\\\/22\\\/imperatiz-leopoldinense-e-campea-do-carnaval-do-rio\\\/\"},\"wordCount\":253,\"commentCount\":0,\"publisher\":{\"@id\":\"https:\\\/\\\/regiaonews.net.br\\\/2022\\\/#organization\"},\"image\":{\"@id\":\"https:\\\/\\\/regiaonews.net.br\\\/2022\\\/2023\\\/02\\\/22\\\/imperatiz-leopoldinense-e-campea-do-carnaval-do-rio\\\/#primaryimage\"},\"thumbnailUrl\":\"https:\\\/\\\/regiaonews.net.br\\\/2022\\\/wp-content\\\/uploads\\\/2023\\\/02\\\/Imperatriz.jpg\",\"articleSection\":[\"Cidades\",\"Rio de Janeiro\"],\"inLanguage\":\"pt-BR\",\"potentialAction\":[{\"@type\":\"CommentAction\",\"name\":\"Comment\",\"target\":[\"https:\\\/\\\/regiaonews.net.br\\\/2022\\\/2023\\\/02\\\/22\\\/imperatiz-leopoldinense-e-campea-do-carnaval-do-rio\\\/#respond\"]}]},{\"@type\":\"WebPage\",\"@id\":\"https:\\\/\\\/regiaonews.net.br\\\/2022\\\/2023\\\/02\\\/22\\\/imperatiz-leopoldinense-e-campea-do-carnaval-do-rio\\\/\",\"url\":\"https:\\\/\\\/regiaonews.net.br\\\/2022\\\/2023\\\/02\\\/22\\\/imperatiz-leopoldinense-e-campea-do-carnaval-do-rio\\\/\",\"name\":\"Imperatiz Leopoldinense \u00e9 campe\u00e3 do carnaval do Rio - Regi\u00e3o News\",\"isPartOf\":{\"@id\":\"https:\\\/\\\/regiaonews.net.br\\\/2022\\\/#website\"},\"primaryImageOfPage\":{\"@id\":\"https:\\\/\\\/regiaonews.net.br\\\/2022\\\/2023\\\/02\\\/22\\\/imperatiz-leopoldinense-e-campea-do-carnaval-do-rio\\\/#primaryimage\"},\"image\":{\"@id\":\"https:\\\/\\\/regiaonews.net.br\\\/2022\\\/2023\\\/02\\\/22\\\/imperatiz-leopoldinense-e-campea-do-carnaval-do-rio\\\/#primaryimage\"},\"thumbnailUrl\":\"https:\\\/\\\/regiaonews.net.br\\\/2022\\\/wp-content\\\/uploads\\\/2023\\\/02\\\/Imperatriz.jpg\",\"datePublished\":\"2023-02-23T01:10:11+00:00\",\"breadcrumb\":{\"@id\":\"https:\\\/\\\/regiaonews.net.br\\\/2022\\\/2023\\\/02\\\/22\\\/imperatiz-leopoldinense-e-campea-do-carnaval-do-rio\\\/#breadcrumb\"},\"inLanguage\":\"pt-BR\",\"potentialAction\":[{\"@type\":\"ReadAction\",\"target\":[\"https:\\\/\\\/regiaonews.net.br\\\/2022\\\/2023\\\/02\\\/22\\\/imperatiz-leopoldinense-e-campea-do-carnaval-do-rio\\\/\"]}]},{\"@type\":\"ImageObject\",\"inLanguage\":\"pt-BR\",\"@id\":\"https:\\\/\\\/regiaonews.net.br\\\/2022\\\/2023\\\/02\\\/22\\\/imperatiz-leopoldinense-e-campea-do-carnaval-do-rio\\\/#primaryimage\",\"url\":\"https:\\\/\\\/regiaonews.net.br\\\/2022\\\/wp-content\\\/uploads\\\/2023\\\/02\\\/Imperatriz.jpg\",\"contentUrl\":\"https:\\\/\\\/regiaonews.net.br\\\/2022\\\/wp-content\\\/uploads\\\/2023\\\/02\\\/Imperatriz.jpg\",\"width\":1170,\"height\":700,\"caption\":\"Rio de Janeiro (RJ), 22\\\/02\\\/2023 - Integrantes da escola de samba Imperatriz Leopoldinense, campe\u00e3 do Grupo Especial, comemoram t\u00edtulo do Carnaval 2023 com trof\u00e9u no samb\u00f3dromo da Marqu\u00eas de Sapuca\u00ed. Foto: Fernando Fraz\u00e3o\\\/Ag\u00eancia Brasil\"},{\"@type\":\"BreadcrumbList\",\"@id\":\"https:\\\/\\\/regiaonews.net.br\\\/2022\\\/2023\\\/02\\\/22\\\/imperatiz-leopoldinense-e-campea-do-carnaval-do-rio\\\/#breadcrumb\",\"itemListElement\":[{\"@type\":\"ListItem\",\"position\":1,\"name\":\"In\u00edcio\",\"item\":\"https:\\\/\\\/regiaonews.net.br\\\/2022\\\/\"},{\"@type\":\"ListItem\",\"position\":2,\"name\":\"Imperatiz Leopoldinense \u00e9 campe\u00e3 do carnaval do Rio\"}]},{\"@type\":\"WebSite\",\"@id\":\"https:\\\/\\\/regiaonews.net.br\\\/2022\\\/#website\",\"url\":\"https:\\\/\\\/regiaonews.net.br\\\/2022\\\/\",\"name\":\"Regi\u00e3o News\",\"description\":\"Site de Not\u00edcias de Barretos e regi\u00e3o\",\"publisher\":{\"@id\":\"https:\\\/\\\/regiaonews.net.br\\\/2022\\\/#organization\"},\"potentialAction\":[{\"@type\":\"SearchAction\",\"target\":{\"@type\":\"EntryPoint\",\"urlTemplate\":\"https:\\\/\\\/regiaonews.net.br\\\/2022\\\/?s={search_term_string}\"},\"query-input\":{\"@type\":\"PropertyValueSpecification\",\"valueRequired\":true,\"valueName\":\"search_term_string\"}}],\"inLanguage\":\"pt-BR\"},{\"@type\":\"Organization\",\"@id\":\"https:\\\/\\\/regiaonews.net.br\\\/2022\\\/#organization\",\"name\":\"Regi\u00e3o News\",\"url\":\"https:\\\/\\\/regiaonews.net.br\\\/2022\\\/\",\"logo\":{\"@type\":\"ImageObject\",\"inLanguage\":\"pt-BR\",\"@id\":\"https:\\\/\\\/regiaonews.net.br\\\/2022\\\/#\\\/schema\\\/logo\\\/image\\\/\",\"url\":\"https:\\\/\\\/regiaonews.net.br\\\/2022\\\/wp-content\\\/uploads\\\/2026\\\/03\\\/regiao-13-anos-scaled.jpg\",\"contentUrl\":\"https:\\\/\\\/regiaonews.net.br\\\/2022\\\/wp-content\\\/uploads\\\/2026\\\/03\\\/regiao-13-anos-scaled.jpg\",\"width\":2560,\"height\":635,\"caption\":\"Regi\u00e3o News\"},\"image\":{\"@id\":\"https:\\\/\\\/regiaonews.net.br\\\/2022\\\/#\\\/schema\\\/logo\\\/image\\\/\"}},{\"@type\":\"Person\",\"@id\":\"https:\\\/\\\/regiaonews.net.br\\\/2022\\\/#\\\/schema\\\/person\\\/2d205a608a5aa97ac279d7a5e6d89ad8\",\"name\":\"Roberto\",\"image\":{\"@type\":\"ImageObject\",\"inLanguage\":\"pt-BR\",\"@id\":\"https:\\\/\\\/secure.gravatar.com\\\/avatar\\\/42749d8b712ff9d59ca93dc150494e5b55a44134482993f5baeb97e61b7ecc89?s=96&d=mm&r=g\",\"url\":\"https:\\\/\\\/secure.gravatar.com\\\/avatar\\\/42749d8b712ff9d59ca93dc150494e5b55a44134482993f5baeb97e61b7ecc89?s=96&d=mm&r=g\",\"contentUrl\":\"https:\\\/\\\/secure.gravatar.com\\\/avatar\\\/42749d8b712ff9d59ca93dc150494e5b55a44134482993f5baeb97e61b7ecc89?s=96&d=mm&r=g\",\"caption\":\"Roberto\"},\"url\":\"https:\\\/\\\/regiaonews.net.br\\\/2022\\\/author\\\/roberto\\\/\"}]}<\/script>\n<!-- \/ Yoast SEO plugin. -->","yoast_head_json":{"title":"Imperatiz Leopoldinense \u00e9 campe\u00e3 do carnaval do Rio - Regi\u00e3o News","robots":{"index":"index","follow":"follow","max-snippet":"max-snippet:-1","max-image-preview":"max-image-preview:large","max-video-preview":"max-video-preview:-1"},"canonical":"https:\/\/regiaonews.net.br\/2022\/2023\/02\/22\/imperatiz-leopoldinense-e-campea-do-carnaval-do-rio\/","og_locale":"pt_BR","og_type":"article","og_title":"Imperatiz Leopoldinense \u00e9 campe\u00e3 do carnaval do Rio - Regi\u00e3o News","og_description":"Foto &#8211; Imperatriz Leopoldinense \u00e9 campe\u00e3 do Grupo Especial do","og_url":"https:\/\/regiaonews.net.br\/2022\/2023\/02\/22\/imperatiz-leopoldinense-e-campea-do-carnaval-do-rio\/","og_site_name":"Regi\u00e3o News","article_published_time":"2023-02-23T01:10:11+00:00","og_image":[{"width":1170,"height":700,"url":"https:\/\/regiaonews.net.br\/2022\/wp-content\/uploads\/2023\/02\/Imperatriz.jpg","type":"image\/jpeg"}],"author":"Roberto","twitter_card":"summary_large_image","twitter_misc":{"Escrito por":"Roberto","Est. tempo de leitura":"2 minutos"},"schema":{"@context":"https:\/\/schema.org","@graph":[{"@type":"Article","@id":"https:\/\/regiaonews.net.br\/2022\/2023\/02\/22\/imperatiz-leopoldinense-e-campea-do-carnaval-do-rio\/#article","isPartOf":{"@id":"https:\/\/regiaonews.net.br\/2022\/2023\/02\/22\/imperatiz-leopoldinense-e-campea-do-carnaval-do-rio\/"},"author":{"name":"Roberto","@id":"https:\/\/regiaonews.net.br\/2022\/#\/schema\/person\/2d205a608a5aa97ac279d7a5e6d89ad8"},"headline":"Imperatiz Leopoldinense \u00e9 campe\u00e3 do carnaval do Rio","datePublished":"2023-02-23T01:10:11+00:00","mainEntityOfPage":{"@id":"https:\/\/regiaonews.net.br\/2022\/2023\/02\/22\/imperatiz-leopoldinense-e-campea-do-carnaval-do-rio\/"},"wordCount":253,"commentCount":0,"publisher":{"@id":"https:\/\/regiaonews.net.br\/2022\/#organization"},"image":{"@id":"https:\/\/regiaonews.net.br\/2022\/2023\/02\/22\/imperatiz-leopoldinense-e-campea-do-carnaval-do-rio\/#primaryimage"},"thumbnailUrl":"https:\/\/regiaonews.net.br\/2022\/wp-content\/uploads\/2023\/02\/Imperatriz.jpg","articleSection":["Cidades","Rio de Janeiro"],"inLanguage":"pt-BR","potentialAction":[{"@type":"CommentAction","name":"Comment","target":["https:\/\/regiaonews.net.br\/2022\/2023\/02\/22\/imperatiz-leopoldinense-e-campea-do-carnaval-do-rio\/#respond"]}]},{"@type":"WebPage","@id":"https:\/\/regiaonews.net.br\/2022\/2023\/02\/22\/imperatiz-leopoldinense-e-campea-do-carnaval-do-rio\/","url":"https:\/\/regiaonews.net.br\/2022\/2023\/02\/22\/imperatiz-leopoldinense-e-campea-do-carnaval-do-rio\/","name":"Imperatiz Leopoldinense \u00e9 campe\u00e3 do carnaval do Rio - Regi\u00e3o News","isPartOf":{"@id":"https:\/\/regiaonews.net.br\/2022\/#website"},"primaryImageOfPage":{"@id":"https:\/\/regiaonews.net.br\/2022\/2023\/02\/22\/imperatiz-leopoldinense-e-campea-do-carnaval-do-rio\/#primaryimage"},"image":{"@id":"https:\/\/regiaonews.net.br\/2022\/2023\/02\/22\/imperatiz-leopoldinense-e-campea-do-carnaval-do-rio\/#primaryimage"},"thumbnailUrl":"https:\/\/regiaonews.net.br\/2022\/wp-content\/uploads\/2023\/02\/Imperatriz.jpg","datePublished":"2023-02-23T01:10:11+00:00","breadcrumb":{"@id":"https:\/\/regiaonews.net.br\/2022\/2023\/02\/22\/imperatiz-leopoldinense-e-campea-do-carnaval-do-rio\/#breadcrumb"},"inLanguage":"pt-BR","potentialAction":[{"@type":"ReadAction","target":["https:\/\/regiaonews.net.br\/2022\/2023\/02\/22\/imperatiz-leopoldinense-e-campea-do-carnaval-do-rio\/"]}]},{"@type":"ImageObject","inLanguage":"pt-BR","@id":"https:\/\/regiaonews.net.br\/2022\/2023\/02\/22\/imperatiz-leopoldinense-e-campea-do-carnaval-do-rio\/#primaryimage","url":"https:\/\/regiaonews.net.br\/2022\/wp-content\/uploads\/2023\/02\/Imperatriz.jpg","contentUrl":"https:\/\/regiaonews.net.br\/2022\/wp-content\/uploads\/2023\/02\/Imperatriz.jpg","width":1170,"height":700,"caption":"Rio de Janeiro (RJ), 22\/02\/2023 - Integrantes da escola de samba Imperatriz Leopoldinense, campe\u00e3 do Grupo Especial, comemoram t\u00edtulo do Carnaval 2023 com trof\u00e9u no samb\u00f3dromo da Marqu\u00eas de Sapuca\u00ed. Foto: Fernando Fraz\u00e3o\/Ag\u00eancia Brasil"},{"@type":"BreadcrumbList","@id":"https:\/\/regiaonews.net.br\/2022\/2023\/02\/22\/imperatiz-leopoldinense-e-campea-do-carnaval-do-rio\/#breadcrumb","itemListElement":[{"@type":"ListItem","position":1,"name":"In\u00edcio","item":"https:\/\/regiaonews.net.br\/2022\/"},{"@type":"ListItem","position":2,"name":"Imperatiz Leopoldinense \u00e9 campe\u00e3 do carnaval do Rio"}]},{"@type":"WebSite","@id":"https:\/\/regiaonews.net.br\/2022\/#website","url":"https:\/\/regiaonews.net.br\/2022\/","name":"Regi\u00e3o News","description":"Site de Not\u00edcias de Barretos e regi\u00e3o","publisher":{"@id":"https:\/\/regiaonews.net.br\/2022\/#organization"},"potentialAction":[{"@type":"SearchAction","target":{"@type":"EntryPoint","urlTemplate":"https:\/\/regiaonews.net.br\/2022\/?s={search_term_string}"},"query-input":{"@type":"PropertyValueSpecification","valueRequired":true,"valueName":"search_term_string"}}],"inLanguage":"pt-BR"},{"@type":"Organization","@id":"https:\/\/regiaonews.net.br\/2022\/#organization","name":"Regi\u00e3o News","url":"https:\/\/regiaonews.net.br\/2022\/","logo":{"@type":"ImageObject","inLanguage":"pt-BR","@id":"https:\/\/regiaonews.net.br\/2022\/#\/schema\/logo\/image\/","url":"https:\/\/regiaonews.net.br\/2022\/wp-content\/uploads\/2026\/03\/regiao-13-anos-scaled.jpg","contentUrl":"https:\/\/regiaonews.net.br\/2022\/wp-content\/uploads\/2026\/03\/regiao-13-anos-scaled.jpg","width":2560,"height":635,"caption":"Regi\u00e3o News"},"image":{"@id":"https:\/\/regiaonews.net.br\/2022\/#\/schema\/logo\/image\/"}},{"@type":"Person","@id":"https:\/\/regiaonews.net.br\/2022\/#\/schema\/person\/2d205a608a5aa97ac279d7a5e6d89ad8","name":"Roberto","image":{"@type":"ImageObject","inLanguage":"pt-BR","@id":"https:\/\/secure.gravatar.com\/avatar\/42749d8b712ff9d59ca93dc150494e5b55a44134482993f5baeb97e61b7ecc89?s=96&d=mm&r=g","url":"https:\/\/secure.gravatar.com\/avatar\/42749d8b712ff9d59ca93dc150494e5b55a44134482993f5baeb97e61b7ecc89?s=96&d=mm&r=g","contentUrl":"https:\/\/secure.gravatar.com\/avatar\/42749d8b712ff9d59ca93dc150494e5b55a44134482993f5baeb97e61b7ecc89?s=96&d=mm&r=g","caption":"Roberto"},"url":"https:\/\/regiaonews.net.br\/2022\/author\/roberto\/"}]}},"publishpress_future_action":{"enabled":false,"date":"2026-05-02 02:22:35","action":"change-status","newStatus":"draft","terms":[],"taxonomy":"category","extraData":[]},"publishpress_future_workflow_manual_trigger":{"enabledWorkflows":[]},"_links":{"self":[{"href":"https:\/\/regiaonews.net.br\/2022\/wp-json\/wp\/v2\/posts\/84358","targetHints":{"allow":["GET"]}}],"collection":[{"href":"https:\/\/regiaonews.net.br\/2022\/wp-json\/wp\/v2\/posts"}],"about":[{"href":"https:\/\/regiaonews.net.br\/2022\/wp-json\/wp\/v2\/types\/post"}],"author":[{"embeddable":true,"href":"https:\/\/regiaonews.net.br\/2022\/wp-json\/wp\/v2\/users\/2"}],"replies":[{"embeddable":true,"href":"https:\/\/regiaonews.net.br\/2022\/wp-json\/wp\/v2\/comments?post=84358"}],"version-history":[{"count":1,"href":"https:\/\/regiaonews.net.br\/2022\/wp-json\/wp\/v2\/posts\/84358\/revisions"}],"predecessor-version":[{"id":84360,"href":"https:\/\/regiaonews.net.br\/2022\/wp-json\/wp\/v2\/posts\/84358\/revisions\/84360"}],"wp:featuredmedia":[{"embeddable":true,"href":"https:\/\/regiaonews.net.br\/2022\/wp-json\/wp\/v2\/media\/84359"}],"wp:attachment":[{"href":"https:\/\/regiaonews.net.br\/2022\/wp-json\/wp\/v2\/media?parent=84358"}],"wp:term":[{"taxonomy":"category","embeddable":true,"href":"https:\/\/regiaonews.net.br\/2022\/wp-json\/wp\/v2\/categories?post=84358"},{"taxonomy":"post_tag","embeddable":true,"href":"https:\/\/regiaonews.net.br\/2022\/wp-json\/wp\/v2\/tags?post=84358"}],"curies":[{"name":"wp","href":"https:\/\/api.w.org\/{rel}","templated":true}]}}