{"id":84222,"date":"2023-02-19T17:20:05","date_gmt":"2023-02-19T20:20:05","guid":{"rendered":"https:\/\/regiaonews.net.br\/2022\/?p=84222"},"modified":"2023-02-19T17:23:06","modified_gmt":"2023-02-19T20:23:06","slug":"fortes-chuvas-no-litoral-paulista-deixam-ao-menos-tres-mortos","status":"publish","type":"post","link":"https:\/\/regiaonews.net.br\/2022\/2023\/02\/19\/fortes-chuvas-no-litoral-paulista-deixam-ao-menos-tres-mortos\/","title":{"rendered":"Fortes chuvas no litoral paulista deixam ao menos tr\u00eas mortos"},"content":{"rendered":"<p>Defesa Civil do estado recomendou que a popula\u00e7\u00e3o evite o deslocamento para o litoral Norte at\u00e9 que a situa\u00e7\u00e3o esteja normalizada<\/p>\n<p>Fortes\u00a0<a href=\"https:\/\/www.cnnbrasil.com.br\/tudo-sobre\/chuvas\/\">chuvas<\/a>\u00a0provocaram alagamentos, estragos e deixaram ao menos tr\u00eas v\u00edtimas no litoral de S\u00e3o Paulo.<\/p>\n<p>A Defesa Civil do estado recomendou que a popula\u00e7\u00e3o evite o deslocamento para o litoral Norte at\u00e9 que a situa\u00e7\u00e3o esteja normalizada.<\/p>\n<div class=\"cnnTeads\"><\/div>\n<p>O Corpo de Bombeiros de S\u00e3o Paulo confirmou a morte de tr\u00eas pessoas: uma menina de sete anos em Ubatuba, no bairro Estufa; um homem de 30 anos e um beb\u00ea de nove meses, no morro do Esquim\u00f3 e em Camburi, respectivamente, na cidade de S\u00e3o Sebasti\u00e3o.<\/p>\n<p>A prefeitura de S\u00e3o Sebasti\u00e3o registrou ainda a morte de uma mulher de 40 anos, Fabiana de Freitas S\u00e1, devido \u00e0s fortes chuvas. A quarta morte n\u00e3o foi contabilizada pelo Corpo de Bombeiros de S\u00e3o Paulo.<\/p>\n<p>Fabiana era coordenadora do Programa Crian\u00e7a Feliz, projeto do governo federal, vinculado \u00e0 Secretaria de Desenvolvimento Econ\u00f4mico e Social (Sedes). O prefeito Felipe Augusto decretou estado de calamidade p\u00fablica na cidade.<\/p>\n<p>De acordo com a prefeitura, vistorias e atendimentos de ocorr\u00eancias seguem sendo feitas pelas equipes da Defesa Civil e Corpo de Bombeiros por todo munic\u00edpio. J\u00e1 foram constatados diversos desabamentos de casas e encostas. At\u00e9 o momento foram registrados cerca de 20 pontos de interdi\u00e7\u00e3o nas vias p\u00fablicas de S\u00e3o Sebasti\u00e3o.<\/p>\n<h2>Aten\u00e7\u00e3o<\/h2>\n<p>A Defesa Civil do Estado de S\u00e3o Paulo alertou para chuvas intensas neste feriado de Carnaval, principalmente no litoral. As regi\u00f5es da Baixada Santista, Serra da Mantiqueira, Vale do Ribeira e Itapeva podem acumular chuva de 150 mil\u00edmetros.<\/p>\n<p>J\u00e1 no litoral norte, onde est\u00e1 localizada a cidade de Ubatuba, o acumulado de chuva pode chegar a 250 mm. Na Barra do Una, Juquehy, Cambury e Boi\u00e7ucanga choveu mais de 400 mil\u00edmetros s\u00f3 na madrugada deste domingo (19), em um per\u00edodo de quatro horas. H\u00e1 esta\u00e7\u00f5es em que os volumes ultrapassam 600 mil\u00edmetros em 24 horas.<\/p>\n<p>Fonte\u00a0 : CNN<\/p>\n","protected":false},"excerpt":{"rendered":"<p>Defesa Civil do estado recomendou que a popula\u00e7\u00e3o evite o<\/p>\n","protected":false},"author":2,"featured_media":84223,"comment_status":"open","ping_status":"open","sticky":false,"template":"","format":"standard","meta":{"footnotes":""},"categories":[7],"tags":[],"class_list":["post-84222","post","type-post","status-publish","format-standard","has-post-thumbnail","hentry","category-estado-de-sao-paulo"],"yoast_head":"<!-- This site is optimized with the Yoast SEO plugin v27.4 - https:\/\/yoast.com\/product\/yoast-seo-wordpress\/ -->\n<title>Fortes chuvas no litoral paulista deixam ao menos tr\u00eas mortos - Regi\u00e3o News<\/title>\n<meta name=\"robots\" content=\"index, follow, max-snippet:-1, max-image-preview:large, max-video-preview:-1\" \/>\n<link rel=\"canonical\" href=\"https:\/\/regiaonews.net.br\/2022\/2023\/02\/19\/fortes-chuvas-no-litoral-paulista-deixam-ao-menos-tres-mortos\/\" \/>\n<meta property=\"og:locale\" content=\"pt_BR\" \/>\n<meta property=\"og:type\" content=\"article\" \/>\n<meta property=\"og:title\" content=\"Fortes chuvas no litoral paulista deixam ao menos tr\u00eas mortos - Regi\u00e3o News\" \/>\n<meta property=\"og:description\" content=\"Defesa Civil do estado recomendou que a popula\u00e7\u00e3o evite o\" \/>\n<meta property=\"og:url\" content=\"https:\/\/regiaonews.net.br\/2022\/2023\/02\/19\/fortes-chuvas-no-litoral-paulista-deixam-ao-menos-tres-mortos\/\" \/>\n<meta property=\"og:site_name\" content=\"Regi\u00e3o News\" \/>\n<meta property=\"article:published_time\" content=\"2023-02-19T20:20:05+00:00\" \/>\n<meta property=\"article:modified_time\" content=\"2023-02-19T20:23:06+00:00\" \/>\n<meta property=\"og:image\" content=\"https:\/\/regiaonews.net.br\/2022\/wp-content\/uploads\/2023\/02\/WhatsApp-Image-2023-02-19-at-17.16.46.jpeg\" \/>\n\t<meta property=\"og:image:width\" content=\"972\" \/>\n\t<meta property=\"og:image:height\" content=\"1215\" \/>\n\t<meta property=\"og:image:type\" content=\"image\/jpeg\" \/>\n<meta name=\"author\" content=\"Roberto\" \/>\n<meta name=\"twitter:card\" content=\"summary_large_image\" \/>\n<meta name=\"twitter:label1\" content=\"Escrito por\" \/>\n\t<meta name=\"twitter:data1\" content=\"Roberto\" \/>\n\t<meta name=\"twitter:label2\" content=\"Est. tempo de leitura\" \/>\n\t<meta name=\"twitter:data2\" content=\"2 minutos\" \/>\n<script type=\"application\/ld+json\" class=\"yoast-schema-graph\">{\"@context\":\"https:\\\/\\\/schema.org\",\"@graph\":[{\"@type\":\"Article\",\"@id\":\"https:\\\/\\\/regiaonews.net.br\\\/2022\\\/2023\\\/02\\\/19\\\/fortes-chuvas-no-litoral-paulista-deixam-ao-menos-tres-mortos\\\/#article\",\"isPartOf\":{\"@id\":\"https:\\\/\\\/regiaonews.net.br\\\/2022\\\/2023\\\/02\\\/19\\\/fortes-chuvas-no-litoral-paulista-deixam-ao-menos-tres-mortos\\\/\"},\"author\":{\"name\":\"Roberto\",\"@id\":\"https:\\\/\\\/regiaonews.net.br\\\/2022\\\/#\\\/schema\\\/person\\\/2d205a608a5aa97ac279d7a5e6d89ad8\"},\"headline\":\"Fortes chuvas no litoral paulista deixam ao menos tr\u00eas mortos\",\"datePublished\":\"2023-02-19T20:20:05+00:00\",\"dateModified\":\"2023-02-19T20:23:06+00:00\",\"mainEntityOfPage\":{\"@id\":\"https:\\\/\\\/regiaonews.net.br\\\/2022\\\/2023\\\/02\\\/19\\\/fortes-chuvas-no-litoral-paulista-deixam-ao-menos-tres-mortos\\\/\"},\"wordCount\":356,\"commentCount\":0,\"publisher\":{\"@id\":\"https:\\\/\\\/regiaonews.net.br\\\/2022\\\/#organization\"},\"image\":{\"@id\":\"https:\\\/\\\/regiaonews.net.br\\\/2022\\\/2023\\\/02\\\/19\\\/fortes-chuvas-no-litoral-paulista-deixam-ao-menos-tres-mortos\\\/#primaryimage\"},\"thumbnailUrl\":\"https:\\\/\\\/regiaonews.net.br\\\/2022\\\/wp-content\\\/uploads\\\/2023\\\/02\\\/WhatsApp-Image-2023-02-19-at-17.16.46.jpeg\",\"articleSection\":[\"Estado de S\u00e3o Paulo\"],\"inLanguage\":\"pt-BR\",\"potentialAction\":[{\"@type\":\"CommentAction\",\"name\":\"Comment\",\"target\":[\"https:\\\/\\\/regiaonews.net.br\\\/2022\\\/2023\\\/02\\\/19\\\/fortes-chuvas-no-litoral-paulista-deixam-ao-menos-tres-mortos\\\/#respond\"]}]},{\"@type\":\"WebPage\",\"@id\":\"https:\\\/\\\/regiaonews.net.br\\\/2022\\\/2023\\\/02\\\/19\\\/fortes-chuvas-no-litoral-paulista-deixam-ao-menos-tres-mortos\\\/\",\"url\":\"https:\\\/\\\/regiaonews.net.br\\\/2022\\\/2023\\\/02\\\/19\\\/fortes-chuvas-no-litoral-paulista-deixam-ao-menos-tres-mortos\\\/\",\"name\":\"Fortes chuvas no litoral paulista deixam ao menos tr\u00eas mortos - Regi\u00e3o News\",\"isPartOf\":{\"@id\":\"https:\\\/\\\/regiaonews.net.br\\\/2022\\\/#website\"},\"primaryImageOfPage\":{\"@id\":\"https:\\\/\\\/regiaonews.net.br\\\/2022\\\/2023\\\/02\\\/19\\\/fortes-chuvas-no-litoral-paulista-deixam-ao-menos-tres-mortos\\\/#primaryimage\"},\"image\":{\"@id\":\"https:\\\/\\\/regiaonews.net.br\\\/2022\\\/2023\\\/02\\\/19\\\/fortes-chuvas-no-litoral-paulista-deixam-ao-menos-tres-mortos\\\/#primaryimage\"},\"thumbnailUrl\":\"https:\\\/\\\/regiaonews.net.br\\\/2022\\\/wp-content\\\/uploads\\\/2023\\\/02\\\/WhatsApp-Image-2023-02-19-at-17.16.46.jpeg\",\"datePublished\":\"2023-02-19T20:20:05+00:00\",\"dateModified\":\"2023-02-19T20:23:06+00:00\",\"breadcrumb\":{\"@id\":\"https:\\\/\\\/regiaonews.net.br\\\/2022\\\/2023\\\/02\\\/19\\\/fortes-chuvas-no-litoral-paulista-deixam-ao-menos-tres-mortos\\\/#breadcrumb\"},\"inLanguage\":\"pt-BR\",\"potentialAction\":[{\"@type\":\"ReadAction\",\"target\":[\"https:\\\/\\\/regiaonews.net.br\\\/2022\\\/2023\\\/02\\\/19\\\/fortes-chuvas-no-litoral-paulista-deixam-ao-menos-tres-mortos\\\/\"]}]},{\"@type\":\"ImageObject\",\"inLanguage\":\"pt-BR\",\"@id\":\"https:\\\/\\\/regiaonews.net.br\\\/2022\\\/2023\\\/02\\\/19\\\/fortes-chuvas-no-litoral-paulista-deixam-ao-menos-tres-mortos\\\/#primaryimage\",\"url\":\"https:\\\/\\\/regiaonews.net.br\\\/2022\\\/wp-content\\\/uploads\\\/2023\\\/02\\\/WhatsApp-Image-2023-02-19-at-17.16.46.jpeg\",\"contentUrl\":\"https:\\\/\\\/regiaonews.net.br\\\/2022\\\/wp-content\\\/uploads\\\/2023\\\/02\\\/WhatsApp-Image-2023-02-19-at-17.16.46.jpeg\",\"width\":972,\"height\":1215},{\"@type\":\"BreadcrumbList\",\"@id\":\"https:\\\/\\\/regiaonews.net.br\\\/2022\\\/2023\\\/02\\\/19\\\/fortes-chuvas-no-litoral-paulista-deixam-ao-menos-tres-mortos\\\/#breadcrumb\",\"itemListElement\":[{\"@type\":\"ListItem\",\"position\":1,\"name\":\"In\u00edcio\",\"item\":\"https:\\\/\\\/regiaonews.net.br\\\/2022\\\/\"},{\"@type\":\"ListItem\",\"position\":2,\"name\":\"Fortes chuvas no litoral paulista deixam ao menos tr\u00eas mortos\"}]},{\"@type\":\"WebSite\",\"@id\":\"https:\\\/\\\/regiaonews.net.br\\\/2022\\\/#website\",\"url\":\"https:\\\/\\\/regiaonews.net.br\\\/2022\\\/\",\"name\":\"Regi\u00e3o News\",\"description\":\"Site de Not\u00edcias de Barretos e regi\u00e3o\",\"publisher\":{\"@id\":\"https:\\\/\\\/regiaonews.net.br\\\/2022\\\/#organization\"},\"potentialAction\":[{\"@type\":\"SearchAction\",\"target\":{\"@type\":\"EntryPoint\",\"urlTemplate\":\"https:\\\/\\\/regiaonews.net.br\\\/2022\\\/?s={search_term_string}\"},\"query-input\":{\"@type\":\"PropertyValueSpecification\",\"valueRequired\":true,\"valueName\":\"search_term_string\"}}],\"inLanguage\":\"pt-BR\"},{\"@type\":\"Organization\",\"@id\":\"https:\\\/\\\/regiaonews.net.br\\\/2022\\\/#organization\",\"name\":\"Regi\u00e3o News\",\"url\":\"https:\\\/\\\/regiaonews.net.br\\\/2022\\\/\",\"logo\":{\"@type\":\"ImageObject\",\"inLanguage\":\"pt-BR\",\"@id\":\"https:\\\/\\\/regiaonews.net.br\\\/2022\\\/#\\\/schema\\\/logo\\\/image\\\/\",\"url\":\"https:\\\/\\\/regiaonews.net.br\\\/2022\\\/wp-content\\\/uploads\\\/2026\\\/03\\\/regiao-13-anos-scaled.jpg\",\"contentUrl\":\"https:\\\/\\\/regiaonews.net.br\\\/2022\\\/wp-content\\\/uploads\\\/2026\\\/03\\\/regiao-13-anos-scaled.jpg\",\"width\":2560,\"height\":635,\"caption\":\"Regi\u00e3o News\"},\"image\":{\"@id\":\"https:\\\/\\\/regiaonews.net.br\\\/2022\\\/#\\\/schema\\\/logo\\\/image\\\/\"}},{\"@type\":\"Person\",\"@id\":\"https:\\\/\\\/regiaonews.net.br\\\/2022\\\/#\\\/schema\\\/person\\\/2d205a608a5aa97ac279d7a5e6d89ad8\",\"name\":\"Roberto\",\"image\":{\"@type\":\"ImageObject\",\"inLanguage\":\"pt-BR\",\"@id\":\"https:\\\/\\\/secure.gravatar.com\\\/avatar\\\/42749d8b712ff9d59ca93dc150494e5b55a44134482993f5baeb97e61b7ecc89?s=96&d=mm&r=g\",\"url\":\"https:\\\/\\\/secure.gravatar.com\\\/avatar\\\/42749d8b712ff9d59ca93dc150494e5b55a44134482993f5baeb97e61b7ecc89?s=96&d=mm&r=g\",\"contentUrl\":\"https:\\\/\\\/secure.gravatar.com\\\/avatar\\\/42749d8b712ff9d59ca93dc150494e5b55a44134482993f5baeb97e61b7ecc89?s=96&d=mm&r=g\",\"caption\":\"Roberto\"},\"url\":\"https:\\\/\\\/regiaonews.net.br\\\/2022\\\/author\\\/roberto\\\/\"}]}<\/script>\n<!-- \/ Yoast SEO plugin. -->","yoast_head_json":{"title":"Fortes chuvas no litoral paulista deixam ao menos tr\u00eas mortos - Regi\u00e3o News","robots":{"index":"index","follow":"follow","max-snippet":"max-snippet:-1","max-image-preview":"max-image-preview:large","max-video-preview":"max-video-preview:-1"},"canonical":"https:\/\/regiaonews.net.br\/2022\/2023\/02\/19\/fortes-chuvas-no-litoral-paulista-deixam-ao-menos-tres-mortos\/","og_locale":"pt_BR","og_type":"article","og_title":"Fortes chuvas no litoral paulista deixam ao menos tr\u00eas mortos - Regi\u00e3o News","og_description":"Defesa Civil do estado recomendou que a popula\u00e7\u00e3o evite o","og_url":"https:\/\/regiaonews.net.br\/2022\/2023\/02\/19\/fortes-chuvas-no-litoral-paulista-deixam-ao-menos-tres-mortos\/","og_site_name":"Regi\u00e3o News","article_published_time":"2023-02-19T20:20:05+00:00","article_modified_time":"2023-02-19T20:23:06+00:00","og_image":[{"width":972,"height":1215,"url":"https:\/\/regiaonews.net.br\/2022\/wp-content\/uploads\/2023\/02\/WhatsApp-Image-2023-02-19-at-17.16.46.jpeg","type":"image\/jpeg"}],"author":"Roberto","twitter_card":"summary_large_image","twitter_misc":{"Escrito por":"Roberto","Est. tempo de leitura":"2 minutos"},"schema":{"@context":"https:\/\/schema.org","@graph":[{"@type":"Article","@id":"https:\/\/regiaonews.net.br\/2022\/2023\/02\/19\/fortes-chuvas-no-litoral-paulista-deixam-ao-menos-tres-mortos\/#article","isPartOf":{"@id":"https:\/\/regiaonews.net.br\/2022\/2023\/02\/19\/fortes-chuvas-no-litoral-paulista-deixam-ao-menos-tres-mortos\/"},"author":{"name":"Roberto","@id":"https:\/\/regiaonews.net.br\/2022\/#\/schema\/person\/2d205a608a5aa97ac279d7a5e6d89ad8"},"headline":"Fortes chuvas no litoral paulista deixam ao menos tr\u00eas mortos","datePublished":"2023-02-19T20:20:05+00:00","dateModified":"2023-02-19T20:23:06+00:00","mainEntityOfPage":{"@id":"https:\/\/regiaonews.net.br\/2022\/2023\/02\/19\/fortes-chuvas-no-litoral-paulista-deixam-ao-menos-tres-mortos\/"},"wordCount":356,"commentCount":0,"publisher":{"@id":"https:\/\/regiaonews.net.br\/2022\/#organization"},"image":{"@id":"https:\/\/regiaonews.net.br\/2022\/2023\/02\/19\/fortes-chuvas-no-litoral-paulista-deixam-ao-menos-tres-mortos\/#primaryimage"},"thumbnailUrl":"https:\/\/regiaonews.net.br\/2022\/wp-content\/uploads\/2023\/02\/WhatsApp-Image-2023-02-19-at-17.16.46.jpeg","articleSection":["Estado de S\u00e3o Paulo"],"inLanguage":"pt-BR","potentialAction":[{"@type":"CommentAction","name":"Comment","target":["https:\/\/regiaonews.net.br\/2022\/2023\/02\/19\/fortes-chuvas-no-litoral-paulista-deixam-ao-menos-tres-mortos\/#respond"]}]},{"@type":"WebPage","@id":"https:\/\/regiaonews.net.br\/2022\/2023\/02\/19\/fortes-chuvas-no-litoral-paulista-deixam-ao-menos-tres-mortos\/","url":"https:\/\/regiaonews.net.br\/2022\/2023\/02\/19\/fortes-chuvas-no-litoral-paulista-deixam-ao-menos-tres-mortos\/","name":"Fortes chuvas no litoral paulista deixam ao menos tr\u00eas mortos - Regi\u00e3o News","isPartOf":{"@id":"https:\/\/regiaonews.net.br\/2022\/#website"},"primaryImageOfPage":{"@id":"https:\/\/regiaonews.net.br\/2022\/2023\/02\/19\/fortes-chuvas-no-litoral-paulista-deixam-ao-menos-tres-mortos\/#primaryimage"},"image":{"@id":"https:\/\/regiaonews.net.br\/2022\/2023\/02\/19\/fortes-chuvas-no-litoral-paulista-deixam-ao-menos-tres-mortos\/#primaryimage"},"thumbnailUrl":"https:\/\/regiaonews.net.br\/2022\/wp-content\/uploads\/2023\/02\/WhatsApp-Image-2023-02-19-at-17.16.46.jpeg","datePublished":"2023-02-19T20:20:05+00:00","dateModified":"2023-02-19T20:23:06+00:00","breadcrumb":{"@id":"https:\/\/regiaonews.net.br\/2022\/2023\/02\/19\/fortes-chuvas-no-litoral-paulista-deixam-ao-menos-tres-mortos\/#breadcrumb"},"inLanguage":"pt-BR","potentialAction":[{"@type":"ReadAction","target":["https:\/\/regiaonews.net.br\/2022\/2023\/02\/19\/fortes-chuvas-no-litoral-paulista-deixam-ao-menos-tres-mortos\/"]}]},{"@type":"ImageObject","inLanguage":"pt-BR","@id":"https:\/\/regiaonews.net.br\/2022\/2023\/02\/19\/fortes-chuvas-no-litoral-paulista-deixam-ao-menos-tres-mortos\/#primaryimage","url":"https:\/\/regiaonews.net.br\/2022\/wp-content\/uploads\/2023\/02\/WhatsApp-Image-2023-02-19-at-17.16.46.jpeg","contentUrl":"https:\/\/regiaonews.net.br\/2022\/wp-content\/uploads\/2023\/02\/WhatsApp-Image-2023-02-19-at-17.16.46.jpeg","width":972,"height":1215},{"@type":"BreadcrumbList","@id":"https:\/\/regiaonews.net.br\/2022\/2023\/02\/19\/fortes-chuvas-no-litoral-paulista-deixam-ao-menos-tres-mortos\/#breadcrumb","itemListElement":[{"@type":"ListItem","position":1,"name":"In\u00edcio","item":"https:\/\/regiaonews.net.br\/2022\/"},{"@type":"ListItem","position":2,"name":"Fortes chuvas no litoral paulista deixam ao menos tr\u00eas mortos"}]},{"@type":"WebSite","@id":"https:\/\/regiaonews.net.br\/2022\/#website","url":"https:\/\/regiaonews.net.br\/2022\/","name":"Regi\u00e3o News","description":"Site de Not\u00edcias de Barretos e regi\u00e3o","publisher":{"@id":"https:\/\/regiaonews.net.br\/2022\/#organization"},"potentialAction":[{"@type":"SearchAction","target":{"@type":"EntryPoint","urlTemplate":"https:\/\/regiaonews.net.br\/2022\/?s={search_term_string}"},"query-input":{"@type":"PropertyValueSpecification","valueRequired":true,"valueName":"search_term_string"}}],"inLanguage":"pt-BR"},{"@type":"Organization","@id":"https:\/\/regiaonews.net.br\/2022\/#organization","name":"Regi\u00e3o News","url":"https:\/\/regiaonews.net.br\/2022\/","logo":{"@type":"ImageObject","inLanguage":"pt-BR","@id":"https:\/\/regiaonews.net.br\/2022\/#\/schema\/logo\/image\/","url":"https:\/\/regiaonews.net.br\/2022\/wp-content\/uploads\/2026\/03\/regiao-13-anos-scaled.jpg","contentUrl":"https:\/\/regiaonews.net.br\/2022\/wp-content\/uploads\/2026\/03\/regiao-13-anos-scaled.jpg","width":2560,"height":635,"caption":"Regi\u00e3o News"},"image":{"@id":"https:\/\/regiaonews.net.br\/2022\/#\/schema\/logo\/image\/"}},{"@type":"Person","@id":"https:\/\/regiaonews.net.br\/2022\/#\/schema\/person\/2d205a608a5aa97ac279d7a5e6d89ad8","name":"Roberto","image":{"@type":"ImageObject","inLanguage":"pt-BR","@id":"https:\/\/secure.gravatar.com\/avatar\/42749d8b712ff9d59ca93dc150494e5b55a44134482993f5baeb97e61b7ecc89?s=96&d=mm&r=g","url":"https:\/\/secure.gravatar.com\/avatar\/42749d8b712ff9d59ca93dc150494e5b55a44134482993f5baeb97e61b7ecc89?s=96&d=mm&r=g","contentUrl":"https:\/\/secure.gravatar.com\/avatar\/42749d8b712ff9d59ca93dc150494e5b55a44134482993f5baeb97e61b7ecc89?s=96&d=mm&r=g","caption":"Roberto"},"url":"https:\/\/regiaonews.net.br\/2022\/author\/roberto\/"}]}},"publishpress_future_action":{"enabled":false,"date":"2026-05-02 02:06:56","action":"change-status","newStatus":"draft","terms":[],"taxonomy":"category","extraData":[]},"publishpress_future_workflow_manual_trigger":{"enabledWorkflows":[]},"_links":{"self":[{"href":"https:\/\/regiaonews.net.br\/2022\/wp-json\/wp\/v2\/posts\/84222","targetHints":{"allow":["GET"]}}],"collection":[{"href":"https:\/\/regiaonews.net.br\/2022\/wp-json\/wp\/v2\/posts"}],"about":[{"href":"https:\/\/regiaonews.net.br\/2022\/wp-json\/wp\/v2\/types\/post"}],"author":[{"embeddable":true,"href":"https:\/\/regiaonews.net.br\/2022\/wp-json\/wp\/v2\/users\/2"}],"replies":[{"embeddable":true,"href":"https:\/\/regiaonews.net.br\/2022\/wp-json\/wp\/v2\/comments?post=84222"}],"version-history":[{"count":6,"href":"https:\/\/regiaonews.net.br\/2022\/wp-json\/wp\/v2\/posts\/84222\/revisions"}],"predecessor-version":[{"id":84229,"href":"https:\/\/regiaonews.net.br\/2022\/wp-json\/wp\/v2\/posts\/84222\/revisions\/84229"}],"wp:featuredmedia":[{"embeddable":true,"href":"https:\/\/regiaonews.net.br\/2022\/wp-json\/wp\/v2\/media\/84223"}],"wp:attachment":[{"href":"https:\/\/regiaonews.net.br\/2022\/wp-json\/wp\/v2\/media?parent=84222"}],"wp:term":[{"taxonomy":"category","embeddable":true,"href":"https:\/\/regiaonews.net.br\/2022\/wp-json\/wp\/v2\/categories?post=84222"},{"taxonomy":"post_tag","embeddable":true,"href":"https:\/\/regiaonews.net.br\/2022\/wp-json\/wp\/v2\/tags?post=84222"}],"curies":[{"name":"wp","href":"https:\/\/api.w.org\/{rel}","templated":true}]}}