{"id":84187,"date":"2023-02-19T08:01:51","date_gmt":"2023-02-19T11:01:51","guid":{"rendered":"https:\/\/regiaonews.net.br\/2022\/?p=84187"},"modified":"2023-02-19T09:16:46","modified_gmt":"2023-02-19T12:16:46","slug":"carro-colide-em-arvore-e-deixa-dois-feridos","status":"publish","type":"post","link":"https:\/\/regiaonews.net.br\/2022\/2023\/02\/19\/carro-colide-em-arvore-e-deixa-dois-feridos\/","title":{"rendered":"Carro colide em \u00e1rvore e deixa dois feridos"},"content":{"rendered":"<p>No in\u00edcio da noite de s\u00e1bado (18),\u00a0 \u00e0s equipes do SAMU e Corpo de Bombeiros foram acionadas para atender um grave acidente de tr\u00e2nsito no centro de Barretos, na\u00a0 rua 16, no bairro Primavera. No local, por motivos a serem esclarecidos um ve\u00edculo Dorgr colidiu contra uma \u00e1rvore na rua 16 deixando os dois ocupantes feridos. As v\u00edtimas do sexo masculino foram levadas para a Santa Casa com v\u00e1rios ferimentos.<\/p>\n<p><a href=\"https:\/\/regiaonews.net.br\/2022\/wp-content\/uploads\/2023\/02\/Screenshot_20230219-075008_WhatsApp.jpg\"><img loading=\"lazy\" decoding=\"async\" class=\"alignnone size-medium wp-image-84191\" src=\"https:\/\/regiaonews.net.br\/2022\/wp-content\/uploads\/2023\/02\/Screenshot_20230219-075008_WhatsApp-296x300.jpg\" alt=\"\" width=\"296\" height=\"300\" srcset=\"https:\/\/regiaonews.net.br\/2022\/wp-content\/uploads\/2023\/02\/Screenshot_20230219-075008_WhatsApp-296x300.jpg 296w, https:\/\/regiaonews.net.br\/2022\/wp-content\/uploads\/2023\/02\/Screenshot_20230219-075008_WhatsApp-1010x1024.jpg 1010w, https:\/\/regiaonews.net.br\/2022\/wp-content\/uploads\/2023\/02\/Screenshot_20230219-075008_WhatsApp-768x779.jpg 768w, https:\/\/regiaonews.net.br\/2022\/wp-content\/uploads\/2023\/02\/Screenshot_20230219-075008_WhatsApp-250x253.jpg 250w, https:\/\/regiaonews.net.br\/2022\/wp-content\/uploads\/2023\/02\/Screenshot_20230219-075008_WhatsApp.jpg 1073w\" sizes=\"auto, (max-width: 296px) 100vw, 296px\" \/><\/a><a href=\"https:\/\/regiaonews.net.br\/2022\/wp-content\/uploads\/2023\/02\/Screenshot_20230219-075032_WhatsApp.jpg\"><img loading=\"lazy\" decoding=\"async\" class=\"alignnone size-medium wp-image-84192\" src=\"https:\/\/regiaonews.net.br\/2022\/wp-content\/uploads\/2023\/02\/Screenshot_20230219-075032_WhatsApp-263x300.jpg\" alt=\"\" width=\"263\" height=\"300\" srcset=\"https:\/\/regiaonews.net.br\/2022\/wp-content\/uploads\/2023\/02\/Screenshot_20230219-075032_WhatsApp-263x300.jpg 263w, https:\/\/regiaonews.net.br\/2022\/wp-content\/uploads\/2023\/02\/Screenshot_20230219-075032_WhatsApp-897x1024.jpg 897w, https:\/\/regiaonews.net.br\/2022\/wp-content\/uploads\/2023\/02\/Screenshot_20230219-075032_WhatsApp-768x877.jpg 768w, https:\/\/regiaonews.net.br\/2022\/wp-content\/uploads\/2023\/02\/Screenshot_20230219-075032_WhatsApp-250x285.jpg 250w, https:\/\/regiaonews.net.br\/2022\/wp-content\/uploads\/2023\/02\/Screenshot_20230219-075032_WhatsApp.jpg 1080w\" sizes=\"auto, (max-width: 263px) 100vw, 263px\" \/><\/a><a href=\"https:\/\/regiaonews.net.br\/2022\/wp-content\/uploads\/2023\/02\/Screenshot_20230219-074945_WhatsApp.jpg\"><img loading=\"lazy\" decoding=\"async\" class=\"alignnone size-medium wp-image-84189\" src=\"https:\/\/regiaonews.net.br\/2022\/wp-content\/uploads\/2023\/02\/Screenshot_20230219-074945_WhatsApp-300x293.jpg\" alt=\"\" width=\"300\" height=\"293\" srcset=\"https:\/\/regiaonews.net.br\/2022\/wp-content\/uploads\/2023\/02\/Screenshot_20230219-074945_WhatsApp-300x293.jpg 300w, https:\/\/regiaonews.net.br\/2022\/wp-content\/uploads\/2023\/02\/Screenshot_20230219-074945_WhatsApp-1024x999.jpg 1024w, https:\/\/regiaonews.net.br\/2022\/wp-content\/uploads\/2023\/02\/Screenshot_20230219-074945_WhatsApp-768x750.jpg 768w, https:\/\/regiaonews.net.br\/2022\/wp-content\/uploads\/2023\/02\/Screenshot_20230219-074945_WhatsApp-250x244.jpg 250w, https:\/\/regiaonews.net.br\/2022\/wp-content\/uploads\/2023\/02\/Screenshot_20230219-074945_WhatsApp.jpg 1080w\" sizes=\"auto, (max-width: 300px) 100vw, 300px\" \/><\/a><a href=\"https:\/\/regiaonews.net.br\/2022\/wp-content\/uploads\/2023\/02\/Screenshot_20230219-074938_WhatsApp.jpg\"><img loading=\"lazy\" decoding=\"async\" class=\"alignnone size-medium wp-image-84188\" src=\"https:\/\/regiaonews.net.br\/2022\/wp-content\/uploads\/2023\/02\/Screenshot_20230219-074938_WhatsApp-300x269.jpg\" alt=\"\" width=\"300\" height=\"269\" srcset=\"https:\/\/regiaonews.net.br\/2022\/wp-content\/uploads\/2023\/02\/Screenshot_20230219-074938_WhatsApp-300x269.jpg 300w, https:\/\/regiaonews.net.br\/2022\/wp-content\/uploads\/2023\/02\/Screenshot_20230219-074938_WhatsApp-1024x919.jpg 1024w, https:\/\/regiaonews.net.br\/2022\/wp-content\/uploads\/2023\/02\/Screenshot_20230219-074938_WhatsApp-768x689.jpg 768w, https:\/\/regiaonews.net.br\/2022\/wp-content\/uploads\/2023\/02\/Screenshot_20230219-074938_WhatsApp-250x224.jpg 250w, https:\/\/regiaonews.net.br\/2022\/wp-content\/uploads\/2023\/02\/Screenshot_20230219-074938_WhatsApp.jpg 1080w\" sizes=\"auto, (max-width: 300px) 100vw, 300px\" \/><\/a><\/p>\n","protected":false},"excerpt":{"rendered":"<p>No in\u00edcio da noite de s\u00e1bado (18),\u00a0 \u00e0s equipes do<\/p>\n","protected":false},"author":2,"featured_media":84193,"comment_status":"open","ping_status":"open","sticky":false,"template":"","format":"standard","meta":{"footnotes":""},"categories":[14,23],"tags":[],"class_list":["post-84187","post","type-post","status-publish","format-standard","has-post-thumbnail","hentry","category-barretos","category-policia"],"yoast_head":"<!-- This site is optimized with the Yoast SEO plugin v27.5 - https:\/\/yoast.com\/product\/yoast-seo-wordpress\/ -->\n<title>Carro colide em \u00e1rvore e deixa dois feridos - Regi\u00e3o News<\/title>\n<meta name=\"robots\" content=\"index, follow, max-snippet:-1, max-image-preview:large, max-video-preview:-1\" \/>\n<link rel=\"canonical\" href=\"https:\/\/regiaonews.net.br\/2022\/2023\/02\/19\/carro-colide-em-arvore-e-deixa-dois-feridos\/\" \/>\n<meta property=\"og:locale\" content=\"pt_BR\" \/>\n<meta property=\"og:type\" content=\"article\" \/>\n<meta property=\"og:title\" content=\"Carro colide em \u00e1rvore e deixa dois feridos - Regi\u00e3o News\" \/>\n<meta property=\"og:description\" content=\"No in\u00edcio da noite de s\u00e1bado (18),\u00a0 \u00e0s equipes do\" \/>\n<meta property=\"og:url\" content=\"https:\/\/regiaonews.net.br\/2022\/2023\/02\/19\/carro-colide-em-arvore-e-deixa-dois-feridos\/\" \/>\n<meta property=\"og:site_name\" content=\"Regi\u00e3o News\" \/>\n<meta property=\"article:published_time\" content=\"2023-02-19T11:01:51+00:00\" \/>\n<meta property=\"article:modified_time\" content=\"2023-02-19T12:16:46+00:00\" \/>\n<meta property=\"og:image\" content=\"https:\/\/regiaonews.net.br\/2022\/wp-content\/uploads\/2023\/02\/Screenshot_20230219-075046_WhatsApp.jpg\" \/>\n\t<meta property=\"og:image:width\" content=\"1056\" \/>\n\t<meta property=\"og:image:height\" content=\"1407\" \/>\n\t<meta property=\"og:image:type\" content=\"image\/jpeg\" \/>\n<meta name=\"author\" content=\"Roberto\" \/>\n<meta name=\"twitter:card\" content=\"summary_large_image\" \/>\n<meta name=\"twitter:label1\" content=\"Escrito por\" \/>\n\t<meta name=\"twitter:data1\" content=\"Roberto\" \/>\n\t<meta name=\"twitter:label2\" content=\"Est. tempo de leitura\" \/>\n\t<meta name=\"twitter:data2\" content=\"2 minutos\" \/>\n<script type=\"application\/ld+json\" class=\"yoast-schema-graph\">{\"@context\":\"https:\\\/\\\/schema.org\",\"@graph\":[{\"@type\":\"Article\",\"@id\":\"https:\\\/\\\/regiaonews.net.br\\\/2022\\\/2023\\\/02\\\/19\\\/carro-colide-em-arvore-e-deixa-dois-feridos\\\/#article\",\"isPartOf\":{\"@id\":\"https:\\\/\\\/regiaonews.net.br\\\/2022\\\/2023\\\/02\\\/19\\\/carro-colide-em-arvore-e-deixa-dois-feridos\\\/\"},\"author\":{\"name\":\"Roberto\",\"@id\":\"https:\\\/\\\/regiaonews.net.br\\\/2022\\\/#\\\/schema\\\/person\\\/2d205a608a5aa97ac279d7a5e6d89ad8\"},\"headline\":\"Carro colide em \u00e1rvore e deixa dois feridos\",\"datePublished\":\"2023-02-19T11:01:51+00:00\",\"dateModified\":\"2023-02-19T12:16:46+00:00\",\"mainEntityOfPage\":{\"@id\":\"https:\\\/\\\/regiaonews.net.br\\\/2022\\\/2023\\\/02\\\/19\\\/carro-colide-em-arvore-e-deixa-dois-feridos\\\/\"},\"wordCount\":81,\"commentCount\":0,\"publisher\":{\"@id\":\"https:\\\/\\\/regiaonews.net.br\\\/2022\\\/#organization\"},\"image\":{\"@id\":\"https:\\\/\\\/regiaonews.net.br\\\/2022\\\/2023\\\/02\\\/19\\\/carro-colide-em-arvore-e-deixa-dois-feridos\\\/#primaryimage\"},\"thumbnailUrl\":\"https:\\\/\\\/regiaonews.net.br\\\/2022\\\/wp-content\\\/uploads\\\/2023\\\/02\\\/Screenshot_20230219-075046_WhatsApp.jpg\",\"articleSection\":[\"Barretos\",\"Policia\"],\"inLanguage\":\"pt-BR\",\"potentialAction\":[{\"@type\":\"CommentAction\",\"name\":\"Comment\",\"target\":[\"https:\\\/\\\/regiaonews.net.br\\\/2022\\\/2023\\\/02\\\/19\\\/carro-colide-em-arvore-e-deixa-dois-feridos\\\/#respond\"]}]},{\"@type\":\"WebPage\",\"@id\":\"https:\\\/\\\/regiaonews.net.br\\\/2022\\\/2023\\\/02\\\/19\\\/carro-colide-em-arvore-e-deixa-dois-feridos\\\/\",\"url\":\"https:\\\/\\\/regiaonews.net.br\\\/2022\\\/2023\\\/02\\\/19\\\/carro-colide-em-arvore-e-deixa-dois-feridos\\\/\",\"name\":\"Carro colide em \u00e1rvore e deixa dois feridos - Regi\u00e3o News\",\"isPartOf\":{\"@id\":\"https:\\\/\\\/regiaonews.net.br\\\/2022\\\/#website\"},\"primaryImageOfPage\":{\"@id\":\"https:\\\/\\\/regiaonews.net.br\\\/2022\\\/2023\\\/02\\\/19\\\/carro-colide-em-arvore-e-deixa-dois-feridos\\\/#primaryimage\"},\"image\":{\"@id\":\"https:\\\/\\\/regiaonews.net.br\\\/2022\\\/2023\\\/02\\\/19\\\/carro-colide-em-arvore-e-deixa-dois-feridos\\\/#primaryimage\"},\"thumbnailUrl\":\"https:\\\/\\\/regiaonews.net.br\\\/2022\\\/wp-content\\\/uploads\\\/2023\\\/02\\\/Screenshot_20230219-075046_WhatsApp.jpg\",\"datePublished\":\"2023-02-19T11:01:51+00:00\",\"dateModified\":\"2023-02-19T12:16:46+00:00\",\"breadcrumb\":{\"@id\":\"https:\\\/\\\/regiaonews.net.br\\\/2022\\\/2023\\\/02\\\/19\\\/carro-colide-em-arvore-e-deixa-dois-feridos\\\/#breadcrumb\"},\"inLanguage\":\"pt-BR\",\"potentialAction\":[{\"@type\":\"ReadAction\",\"target\":[\"https:\\\/\\\/regiaonews.net.br\\\/2022\\\/2023\\\/02\\\/19\\\/carro-colide-em-arvore-e-deixa-dois-feridos\\\/\"]}]},{\"@type\":\"ImageObject\",\"inLanguage\":\"pt-BR\",\"@id\":\"https:\\\/\\\/regiaonews.net.br\\\/2022\\\/2023\\\/02\\\/19\\\/carro-colide-em-arvore-e-deixa-dois-feridos\\\/#primaryimage\",\"url\":\"https:\\\/\\\/regiaonews.net.br\\\/2022\\\/wp-content\\\/uploads\\\/2023\\\/02\\\/Screenshot_20230219-075046_WhatsApp.jpg\",\"contentUrl\":\"https:\\\/\\\/regiaonews.net.br\\\/2022\\\/wp-content\\\/uploads\\\/2023\\\/02\\\/Screenshot_20230219-075046_WhatsApp.jpg\",\"width\":1056,\"height\":1407},{\"@type\":\"BreadcrumbList\",\"@id\":\"https:\\\/\\\/regiaonews.net.br\\\/2022\\\/2023\\\/02\\\/19\\\/carro-colide-em-arvore-e-deixa-dois-feridos\\\/#breadcrumb\",\"itemListElement\":[{\"@type\":\"ListItem\",\"position\":1,\"name\":\"In\u00edcio\",\"item\":\"https:\\\/\\\/regiaonews.net.br\\\/2022\\\/\"},{\"@type\":\"ListItem\",\"position\":2,\"name\":\"Carro colide em \u00e1rvore e deixa dois feridos\"}]},{\"@type\":\"WebSite\",\"@id\":\"https:\\\/\\\/regiaonews.net.br\\\/2022\\\/#website\",\"url\":\"https:\\\/\\\/regiaonews.net.br\\\/2022\\\/\",\"name\":\"Regi\u00e3o News\",\"description\":\"Site de Not\u00edcias de Barretos e regi\u00e3o\",\"publisher\":{\"@id\":\"https:\\\/\\\/regiaonews.net.br\\\/2022\\\/#organization\"},\"potentialAction\":[{\"@type\":\"SearchAction\",\"target\":{\"@type\":\"EntryPoint\",\"urlTemplate\":\"https:\\\/\\\/regiaonews.net.br\\\/2022\\\/?s={search_term_string}\"},\"query-input\":{\"@type\":\"PropertyValueSpecification\",\"valueRequired\":true,\"valueName\":\"search_term_string\"}}],\"inLanguage\":\"pt-BR\"},{\"@type\":\"Organization\",\"@id\":\"https:\\\/\\\/regiaonews.net.br\\\/2022\\\/#organization\",\"name\":\"Regi\u00e3o News\",\"url\":\"https:\\\/\\\/regiaonews.net.br\\\/2022\\\/\",\"logo\":{\"@type\":\"ImageObject\",\"inLanguage\":\"pt-BR\",\"@id\":\"https:\\\/\\\/regiaonews.net.br\\\/2022\\\/#\\\/schema\\\/logo\\\/image\\\/\",\"url\":\"https:\\\/\\\/regiaonews.net.br\\\/2022\\\/wp-content\\\/uploads\\\/2026\\\/03\\\/regiao-13-anos-scaled.jpg\",\"contentUrl\":\"https:\\\/\\\/regiaonews.net.br\\\/2022\\\/wp-content\\\/uploads\\\/2026\\\/03\\\/regiao-13-anos-scaled.jpg\",\"width\":2560,\"height\":635,\"caption\":\"Regi\u00e3o News\"},\"image\":{\"@id\":\"https:\\\/\\\/regiaonews.net.br\\\/2022\\\/#\\\/schema\\\/logo\\\/image\\\/\"}},{\"@type\":\"Person\",\"@id\":\"https:\\\/\\\/regiaonews.net.br\\\/2022\\\/#\\\/schema\\\/person\\\/2d205a608a5aa97ac279d7a5e6d89ad8\",\"name\":\"Roberto\",\"image\":{\"@type\":\"ImageObject\",\"inLanguage\":\"pt-BR\",\"@id\":\"https:\\\/\\\/secure.gravatar.com\\\/avatar\\\/42749d8b712ff9d59ca93dc150494e5b55a44134482993f5baeb97e61b7ecc89?s=96&d=mm&r=g\",\"url\":\"https:\\\/\\\/secure.gravatar.com\\\/avatar\\\/42749d8b712ff9d59ca93dc150494e5b55a44134482993f5baeb97e61b7ecc89?s=96&d=mm&r=g\",\"contentUrl\":\"https:\\\/\\\/secure.gravatar.com\\\/avatar\\\/42749d8b712ff9d59ca93dc150494e5b55a44134482993f5baeb97e61b7ecc89?s=96&d=mm&r=g\",\"caption\":\"Roberto\"},\"url\":\"https:\\\/\\\/regiaonews.net.br\\\/2022\\\/author\\\/roberto\\\/\"}]}<\/script>\n<!-- \/ Yoast SEO plugin. -->","yoast_head_json":{"title":"Carro colide em \u00e1rvore e deixa dois feridos - Regi\u00e3o News","robots":{"index":"index","follow":"follow","max-snippet":"max-snippet:-1","max-image-preview":"max-image-preview:large","max-video-preview":"max-video-preview:-1"},"canonical":"https:\/\/regiaonews.net.br\/2022\/2023\/02\/19\/carro-colide-em-arvore-e-deixa-dois-feridos\/","og_locale":"pt_BR","og_type":"article","og_title":"Carro colide em \u00e1rvore e deixa dois feridos - Regi\u00e3o News","og_description":"No in\u00edcio da noite de s\u00e1bado (18),\u00a0 \u00e0s equipes do","og_url":"https:\/\/regiaonews.net.br\/2022\/2023\/02\/19\/carro-colide-em-arvore-e-deixa-dois-feridos\/","og_site_name":"Regi\u00e3o News","article_published_time":"2023-02-19T11:01:51+00:00","article_modified_time":"2023-02-19T12:16:46+00:00","og_image":[{"width":1056,"height":1407,"url":"https:\/\/regiaonews.net.br\/2022\/wp-content\/uploads\/2023\/02\/Screenshot_20230219-075046_WhatsApp.jpg","type":"image\/jpeg"}],"author":"Roberto","twitter_card":"summary_large_image","twitter_misc":{"Escrito por":"Roberto","Est. tempo de leitura":"2 minutos"},"schema":{"@context":"https:\/\/schema.org","@graph":[{"@type":"Article","@id":"https:\/\/regiaonews.net.br\/2022\/2023\/02\/19\/carro-colide-em-arvore-e-deixa-dois-feridos\/#article","isPartOf":{"@id":"https:\/\/regiaonews.net.br\/2022\/2023\/02\/19\/carro-colide-em-arvore-e-deixa-dois-feridos\/"},"author":{"name":"Roberto","@id":"https:\/\/regiaonews.net.br\/2022\/#\/schema\/person\/2d205a608a5aa97ac279d7a5e6d89ad8"},"headline":"Carro colide em \u00e1rvore e deixa dois feridos","datePublished":"2023-02-19T11:01:51+00:00","dateModified":"2023-02-19T12:16:46+00:00","mainEntityOfPage":{"@id":"https:\/\/regiaonews.net.br\/2022\/2023\/02\/19\/carro-colide-em-arvore-e-deixa-dois-feridos\/"},"wordCount":81,"commentCount":0,"publisher":{"@id":"https:\/\/regiaonews.net.br\/2022\/#organization"},"image":{"@id":"https:\/\/regiaonews.net.br\/2022\/2023\/02\/19\/carro-colide-em-arvore-e-deixa-dois-feridos\/#primaryimage"},"thumbnailUrl":"https:\/\/regiaonews.net.br\/2022\/wp-content\/uploads\/2023\/02\/Screenshot_20230219-075046_WhatsApp.jpg","articleSection":["Barretos","Policia"],"inLanguage":"pt-BR","potentialAction":[{"@type":"CommentAction","name":"Comment","target":["https:\/\/regiaonews.net.br\/2022\/2023\/02\/19\/carro-colide-em-arvore-e-deixa-dois-feridos\/#respond"]}]},{"@type":"WebPage","@id":"https:\/\/regiaonews.net.br\/2022\/2023\/02\/19\/carro-colide-em-arvore-e-deixa-dois-feridos\/","url":"https:\/\/regiaonews.net.br\/2022\/2023\/02\/19\/carro-colide-em-arvore-e-deixa-dois-feridos\/","name":"Carro colide em \u00e1rvore e deixa dois feridos - Regi\u00e3o News","isPartOf":{"@id":"https:\/\/regiaonews.net.br\/2022\/#website"},"primaryImageOfPage":{"@id":"https:\/\/regiaonews.net.br\/2022\/2023\/02\/19\/carro-colide-em-arvore-e-deixa-dois-feridos\/#primaryimage"},"image":{"@id":"https:\/\/regiaonews.net.br\/2022\/2023\/02\/19\/carro-colide-em-arvore-e-deixa-dois-feridos\/#primaryimage"},"thumbnailUrl":"https:\/\/regiaonews.net.br\/2022\/wp-content\/uploads\/2023\/02\/Screenshot_20230219-075046_WhatsApp.jpg","datePublished":"2023-02-19T11:01:51+00:00","dateModified":"2023-02-19T12:16:46+00:00","breadcrumb":{"@id":"https:\/\/regiaonews.net.br\/2022\/2023\/02\/19\/carro-colide-em-arvore-e-deixa-dois-feridos\/#breadcrumb"},"inLanguage":"pt-BR","potentialAction":[{"@type":"ReadAction","target":["https:\/\/regiaonews.net.br\/2022\/2023\/02\/19\/carro-colide-em-arvore-e-deixa-dois-feridos\/"]}]},{"@type":"ImageObject","inLanguage":"pt-BR","@id":"https:\/\/regiaonews.net.br\/2022\/2023\/02\/19\/carro-colide-em-arvore-e-deixa-dois-feridos\/#primaryimage","url":"https:\/\/regiaonews.net.br\/2022\/wp-content\/uploads\/2023\/02\/Screenshot_20230219-075046_WhatsApp.jpg","contentUrl":"https:\/\/regiaonews.net.br\/2022\/wp-content\/uploads\/2023\/02\/Screenshot_20230219-075046_WhatsApp.jpg","width":1056,"height":1407},{"@type":"BreadcrumbList","@id":"https:\/\/regiaonews.net.br\/2022\/2023\/02\/19\/carro-colide-em-arvore-e-deixa-dois-feridos\/#breadcrumb","itemListElement":[{"@type":"ListItem","position":1,"name":"In\u00edcio","item":"https:\/\/regiaonews.net.br\/2022\/"},{"@type":"ListItem","position":2,"name":"Carro colide em \u00e1rvore e deixa dois feridos"}]},{"@type":"WebSite","@id":"https:\/\/regiaonews.net.br\/2022\/#website","url":"https:\/\/regiaonews.net.br\/2022\/","name":"Regi\u00e3o News","description":"Site de Not\u00edcias de Barretos e regi\u00e3o","publisher":{"@id":"https:\/\/regiaonews.net.br\/2022\/#organization"},"potentialAction":[{"@type":"SearchAction","target":{"@type":"EntryPoint","urlTemplate":"https:\/\/regiaonews.net.br\/2022\/?s={search_term_string}"},"query-input":{"@type":"PropertyValueSpecification","valueRequired":true,"valueName":"search_term_string"}}],"inLanguage":"pt-BR"},{"@type":"Organization","@id":"https:\/\/regiaonews.net.br\/2022\/#organization","name":"Regi\u00e3o News","url":"https:\/\/regiaonews.net.br\/2022\/","logo":{"@type":"ImageObject","inLanguage":"pt-BR","@id":"https:\/\/regiaonews.net.br\/2022\/#\/schema\/logo\/image\/","url":"https:\/\/regiaonews.net.br\/2022\/wp-content\/uploads\/2026\/03\/regiao-13-anos-scaled.jpg","contentUrl":"https:\/\/regiaonews.net.br\/2022\/wp-content\/uploads\/2026\/03\/regiao-13-anos-scaled.jpg","width":2560,"height":635,"caption":"Regi\u00e3o News"},"image":{"@id":"https:\/\/regiaonews.net.br\/2022\/#\/schema\/logo\/image\/"}},{"@type":"Person","@id":"https:\/\/regiaonews.net.br\/2022\/#\/schema\/person\/2d205a608a5aa97ac279d7a5e6d89ad8","name":"Roberto","image":{"@type":"ImageObject","inLanguage":"pt-BR","@id":"https:\/\/secure.gravatar.com\/avatar\/42749d8b712ff9d59ca93dc150494e5b55a44134482993f5baeb97e61b7ecc89?s=96&d=mm&r=g","url":"https:\/\/secure.gravatar.com\/avatar\/42749d8b712ff9d59ca93dc150494e5b55a44134482993f5baeb97e61b7ecc89?s=96&d=mm&r=g","contentUrl":"https:\/\/secure.gravatar.com\/avatar\/42749d8b712ff9d59ca93dc150494e5b55a44134482993f5baeb97e61b7ecc89?s=96&d=mm&r=g","caption":"Roberto"},"url":"https:\/\/regiaonews.net.br\/2022\/author\/roberto\/"}]}},"publishpress_future_action":{"enabled":false,"date":"2026-05-09 10:14:12","action":"change-status","newStatus":"draft","terms":[],"taxonomy":"category","extraData":[]},"publishpress_future_workflow_manual_trigger":{"enabledWorkflows":[]},"_links":{"self":[{"href":"https:\/\/regiaonews.net.br\/2022\/wp-json\/wp\/v2\/posts\/84187","targetHints":{"allow":["GET"]}}],"collection":[{"href":"https:\/\/regiaonews.net.br\/2022\/wp-json\/wp\/v2\/posts"}],"about":[{"href":"https:\/\/regiaonews.net.br\/2022\/wp-json\/wp\/v2\/types\/post"}],"author":[{"embeddable":true,"href":"https:\/\/regiaonews.net.br\/2022\/wp-json\/wp\/v2\/users\/2"}],"replies":[{"embeddable":true,"href":"https:\/\/regiaonews.net.br\/2022\/wp-json\/wp\/v2\/comments?post=84187"}],"version-history":[{"count":3,"href":"https:\/\/regiaonews.net.br\/2022\/wp-json\/wp\/v2\/posts\/84187\/revisions"}],"predecessor-version":[{"id":84209,"href":"https:\/\/regiaonews.net.br\/2022\/wp-json\/wp\/v2\/posts\/84187\/revisions\/84209"}],"wp:featuredmedia":[{"embeddable":true,"href":"https:\/\/regiaonews.net.br\/2022\/wp-json\/wp\/v2\/media\/84193"}],"wp:attachment":[{"href":"https:\/\/regiaonews.net.br\/2022\/wp-json\/wp\/v2\/media?parent=84187"}],"wp:term":[{"taxonomy":"category","embeddable":true,"href":"https:\/\/regiaonews.net.br\/2022\/wp-json\/wp\/v2\/categories?post=84187"},{"taxonomy":"post_tag","embeddable":true,"href":"https:\/\/regiaonews.net.br\/2022\/wp-json\/wp\/v2\/tags?post=84187"}],"curies":[{"name":"wp","href":"https:\/\/api.w.org\/{rel}","templated":true}]}}