{"id":84133,"date":"2023-02-17T15:59:33","date_gmt":"2023-02-17T18:59:33","guid":{"rendered":"https:\/\/regiaonews.net.br\/2022\/?p=84133"},"modified":"2023-02-17T15:59:33","modified_gmt":"2023-02-17T18:59:33","slug":"6-620-kg-de-plastico-da-usina-de-triagem-foram-vendidos-pelos-saae-barretos-na-segunda-feira-13","status":"publish","type":"post","link":"https:\/\/regiaonews.net.br\/2022\/2023\/02\/17\/6-620-kg-de-plastico-da-usina-de-triagem-foram-vendidos-pelos-saae-barretos-na-segunda-feira-13\/","title":{"rendered":"6.620 Kg de pl\u00e1stico da Usina de Triagem foram vendidos pelos SAAE Barretos na segunda-feira (13)"},"content":{"rendered":"<p>Na \u00faltima segunda-feira (13), o SAAE Barretos promoveu a venda de 6.620 kg de pl\u00e1sticos separados na Usina de Triagem.<\/p>\n<p>Todo o material adquirido e que ser\u00e1 reciclado gerou o montante de R$ 8.445,65. Este valor ser\u00e1 descontado do repasse mensal que a Prefeitura da Est\u00e2ncia Tur\u00edstica de Barretos faz \u00e0 empresa terceirizada que promove a Coleta Seletiva em todos os bairros da cidade.<\/p>\n<p>Qualquer problema com a Coleta Seletiva pode ser comunicado \u00e0 ouvidoria do SAAEB no fone: (17) 3321-5300, de segunda a sexta-feira, das8h \u00e0s 17h, exceto feriados e pontos facultativos. Neste mesmo n\u00famero a comunica\u00e7\u00e3o referente \u00e0 Coleta Seletiva pode ser feita pelo WhatsApp, apenas por mensagem de texto, sendo poss\u00edvel enviar imagens, digitando a op\u00e7\u00e3o 11 do Menu.<\/p>\n<p>A superintendente interina Gra\u00e7a Lemos destaca que \u201cBarretos pode gerar um volume maior de material recicl\u00e1vel, basta apenas que todos os mun\u00edcipes criem o h\u00e1bito de separar os res\u00edduos que podem ser reutilizados dos res\u00edduos org\u00e2nicos. Esse descarte correto \u00e9 bom para o meio ambiente e para a nossa cidade que se torna mais sustent\u00e1vel\u201d.<\/p>\n<p>SAAE Barretos \u2013 17 de fevereiro de 2023<br \/>\nAssessoria de Imprensa<br \/>\nwww.saaeb.com.br<\/p>\n","protected":false},"excerpt":{"rendered":"<p>Na \u00faltima segunda-feira (13), o SAAE Barretos promoveu a venda<\/p>\n","protected":false},"author":2,"featured_media":84134,"comment_status":"open","ping_status":"open","sticky":false,"template":"","format":"standard","meta":{"footnotes":""},"categories":[14,3],"tags":[],"class_list":["post-84133","post","type-post","status-publish","format-standard","has-post-thumbnail","hentry","category-barretos","category-geral"],"yoast_head":"<!-- This site is optimized with the Yoast SEO plugin v27.4 - https:\/\/yoast.com\/product\/yoast-seo-wordpress\/ -->\n<title>6.620 Kg de pl\u00e1stico da Usina de Triagem foram vendidos pelos SAAE Barretos na segunda-feira (13) - Regi\u00e3o News<\/title>\n<meta name=\"robots\" content=\"index, follow, max-snippet:-1, max-image-preview:large, max-video-preview:-1\" \/>\n<link rel=\"canonical\" href=\"https:\/\/regiaonews.net.br\/2022\/2023\/02\/17\/6-620-kg-de-plastico-da-usina-de-triagem-foram-vendidos-pelos-saae-barretos-na-segunda-feira-13\/\" \/>\n<meta property=\"og:locale\" content=\"pt_BR\" \/>\n<meta property=\"og:type\" content=\"article\" \/>\n<meta property=\"og:title\" content=\"6.620 Kg de pl\u00e1stico da Usina de Triagem foram vendidos pelos SAAE Barretos na segunda-feira (13) - Regi\u00e3o News\" \/>\n<meta property=\"og:description\" content=\"Na \u00faltima segunda-feira (13), o SAAE Barretos promoveu a venda\" \/>\n<meta property=\"og:url\" content=\"https:\/\/regiaonews.net.br\/2022\/2023\/02\/17\/6-620-kg-de-plastico-da-usina-de-triagem-foram-vendidos-pelos-saae-barretos-na-segunda-feira-13\/\" \/>\n<meta property=\"og:site_name\" content=\"Regi\u00e3o News\" \/>\n<meta property=\"article:published_time\" content=\"2023-02-17T18:59:33+00:00\" \/>\n<meta property=\"og:image\" content=\"https:\/\/regiaonews.net.br\/2022\/wp-content\/uploads\/2023\/02\/WhatsApp-Image-2023-02-17-at-15.43.47.jpeg\" \/>\n\t<meta property=\"og:image:width\" content=\"1536\" \/>\n\t<meta property=\"og:image:height\" content=\"864\" \/>\n\t<meta property=\"og:image:type\" content=\"image\/jpeg\" \/>\n<meta name=\"author\" content=\"Roberto\" \/>\n<meta name=\"twitter:card\" content=\"summary_large_image\" \/>\n<meta name=\"twitter:label1\" content=\"Escrito por\" \/>\n\t<meta name=\"twitter:data1\" content=\"Roberto\" \/>\n\t<meta name=\"twitter:label2\" content=\"Est. tempo de leitura\" \/>\n\t<meta name=\"twitter:data2\" content=\"2 minutos\" \/>\n<script type=\"application\/ld+json\" class=\"yoast-schema-graph\">{\"@context\":\"https:\\\/\\\/schema.org\",\"@graph\":[{\"@type\":\"Article\",\"@id\":\"https:\\\/\\\/regiaonews.net.br\\\/2022\\\/2023\\\/02\\\/17\\\/6-620-kg-de-plastico-da-usina-de-triagem-foram-vendidos-pelos-saae-barretos-na-segunda-feira-13\\\/#article\",\"isPartOf\":{\"@id\":\"https:\\\/\\\/regiaonews.net.br\\\/2022\\\/2023\\\/02\\\/17\\\/6-620-kg-de-plastico-da-usina-de-triagem-foram-vendidos-pelos-saae-barretos-na-segunda-feira-13\\\/\"},\"author\":{\"name\":\"Roberto\",\"@id\":\"https:\\\/\\\/regiaonews.net.br\\\/2022\\\/#\\\/schema\\\/person\\\/2d205a608a5aa97ac279d7a5e6d89ad8\"},\"headline\":\"6.620 Kg de pl\u00e1stico da Usina de Triagem foram vendidos pelos SAAE Barretos na segunda-feira (13)\",\"datePublished\":\"2023-02-17T18:59:33+00:00\",\"mainEntityOfPage\":{\"@id\":\"https:\\\/\\\/regiaonews.net.br\\\/2022\\\/2023\\\/02\\\/17\\\/6-620-kg-de-plastico-da-usina-de-triagem-foram-vendidos-pelos-saae-barretos-na-segunda-feira-13\\\/\"},\"wordCount\":211,\"commentCount\":0,\"publisher\":{\"@id\":\"https:\\\/\\\/regiaonews.net.br\\\/2022\\\/#organization\"},\"image\":{\"@id\":\"https:\\\/\\\/regiaonews.net.br\\\/2022\\\/2023\\\/02\\\/17\\\/6-620-kg-de-plastico-da-usina-de-triagem-foram-vendidos-pelos-saae-barretos-na-segunda-feira-13\\\/#primaryimage\"},\"thumbnailUrl\":\"https:\\\/\\\/regiaonews.net.br\\\/2022\\\/wp-content\\\/uploads\\\/2023\\\/02\\\/WhatsApp-Image-2023-02-17-at-15.43.47.jpeg\",\"articleSection\":[\"Barretos\",\"Geral\"],\"inLanguage\":\"pt-BR\",\"potentialAction\":[{\"@type\":\"CommentAction\",\"name\":\"Comment\",\"target\":[\"https:\\\/\\\/regiaonews.net.br\\\/2022\\\/2023\\\/02\\\/17\\\/6-620-kg-de-plastico-da-usina-de-triagem-foram-vendidos-pelos-saae-barretos-na-segunda-feira-13\\\/#respond\"]}]},{\"@type\":\"WebPage\",\"@id\":\"https:\\\/\\\/regiaonews.net.br\\\/2022\\\/2023\\\/02\\\/17\\\/6-620-kg-de-plastico-da-usina-de-triagem-foram-vendidos-pelos-saae-barretos-na-segunda-feira-13\\\/\",\"url\":\"https:\\\/\\\/regiaonews.net.br\\\/2022\\\/2023\\\/02\\\/17\\\/6-620-kg-de-plastico-da-usina-de-triagem-foram-vendidos-pelos-saae-barretos-na-segunda-feira-13\\\/\",\"name\":\"6.620 Kg de pl\u00e1stico da Usina de Triagem foram vendidos pelos SAAE Barretos na segunda-feira (13) - Regi\u00e3o News\",\"isPartOf\":{\"@id\":\"https:\\\/\\\/regiaonews.net.br\\\/2022\\\/#website\"},\"primaryImageOfPage\":{\"@id\":\"https:\\\/\\\/regiaonews.net.br\\\/2022\\\/2023\\\/02\\\/17\\\/6-620-kg-de-plastico-da-usina-de-triagem-foram-vendidos-pelos-saae-barretos-na-segunda-feira-13\\\/#primaryimage\"},\"image\":{\"@id\":\"https:\\\/\\\/regiaonews.net.br\\\/2022\\\/2023\\\/02\\\/17\\\/6-620-kg-de-plastico-da-usina-de-triagem-foram-vendidos-pelos-saae-barretos-na-segunda-feira-13\\\/#primaryimage\"},\"thumbnailUrl\":\"https:\\\/\\\/regiaonews.net.br\\\/2022\\\/wp-content\\\/uploads\\\/2023\\\/02\\\/WhatsApp-Image-2023-02-17-at-15.43.47.jpeg\",\"datePublished\":\"2023-02-17T18:59:33+00:00\",\"breadcrumb\":{\"@id\":\"https:\\\/\\\/regiaonews.net.br\\\/2022\\\/2023\\\/02\\\/17\\\/6-620-kg-de-plastico-da-usina-de-triagem-foram-vendidos-pelos-saae-barretos-na-segunda-feira-13\\\/#breadcrumb\"},\"inLanguage\":\"pt-BR\",\"potentialAction\":[{\"@type\":\"ReadAction\",\"target\":[\"https:\\\/\\\/regiaonews.net.br\\\/2022\\\/2023\\\/02\\\/17\\\/6-620-kg-de-plastico-da-usina-de-triagem-foram-vendidos-pelos-saae-barretos-na-segunda-feira-13\\\/\"]}]},{\"@type\":\"ImageObject\",\"inLanguage\":\"pt-BR\",\"@id\":\"https:\\\/\\\/regiaonews.net.br\\\/2022\\\/2023\\\/02\\\/17\\\/6-620-kg-de-plastico-da-usina-de-triagem-foram-vendidos-pelos-saae-barretos-na-segunda-feira-13\\\/#primaryimage\",\"url\":\"https:\\\/\\\/regiaonews.net.br\\\/2022\\\/wp-content\\\/uploads\\\/2023\\\/02\\\/WhatsApp-Image-2023-02-17-at-15.43.47.jpeg\",\"contentUrl\":\"https:\\\/\\\/regiaonews.net.br\\\/2022\\\/wp-content\\\/uploads\\\/2023\\\/02\\\/WhatsApp-Image-2023-02-17-at-15.43.47.jpeg\",\"width\":1536,\"height\":864},{\"@type\":\"BreadcrumbList\",\"@id\":\"https:\\\/\\\/regiaonews.net.br\\\/2022\\\/2023\\\/02\\\/17\\\/6-620-kg-de-plastico-da-usina-de-triagem-foram-vendidos-pelos-saae-barretos-na-segunda-feira-13\\\/#breadcrumb\",\"itemListElement\":[{\"@type\":\"ListItem\",\"position\":1,\"name\":\"In\u00edcio\",\"item\":\"https:\\\/\\\/regiaonews.net.br\\\/2022\\\/\"},{\"@type\":\"ListItem\",\"position\":2,\"name\":\"6.620 Kg de pl\u00e1stico da Usina de Triagem foram vendidos pelos SAAE Barretos na segunda-feira (13)\"}]},{\"@type\":\"WebSite\",\"@id\":\"https:\\\/\\\/regiaonews.net.br\\\/2022\\\/#website\",\"url\":\"https:\\\/\\\/regiaonews.net.br\\\/2022\\\/\",\"name\":\"Regi\u00e3o News\",\"description\":\"Site de Not\u00edcias de Barretos e regi\u00e3o\",\"publisher\":{\"@id\":\"https:\\\/\\\/regiaonews.net.br\\\/2022\\\/#organization\"},\"potentialAction\":[{\"@type\":\"SearchAction\",\"target\":{\"@type\":\"EntryPoint\",\"urlTemplate\":\"https:\\\/\\\/regiaonews.net.br\\\/2022\\\/?s={search_term_string}\"},\"query-input\":{\"@type\":\"PropertyValueSpecification\",\"valueRequired\":true,\"valueName\":\"search_term_string\"}}],\"inLanguage\":\"pt-BR\"},{\"@type\":\"Organization\",\"@id\":\"https:\\\/\\\/regiaonews.net.br\\\/2022\\\/#organization\",\"name\":\"Regi\u00e3o News\",\"url\":\"https:\\\/\\\/regiaonews.net.br\\\/2022\\\/\",\"logo\":{\"@type\":\"ImageObject\",\"inLanguage\":\"pt-BR\",\"@id\":\"https:\\\/\\\/regiaonews.net.br\\\/2022\\\/#\\\/schema\\\/logo\\\/image\\\/\",\"url\":\"https:\\\/\\\/regiaonews.net.br\\\/2022\\\/wp-content\\\/uploads\\\/2026\\\/03\\\/regiao-13-anos-scaled.jpg\",\"contentUrl\":\"https:\\\/\\\/regiaonews.net.br\\\/2022\\\/wp-content\\\/uploads\\\/2026\\\/03\\\/regiao-13-anos-scaled.jpg\",\"width\":2560,\"height\":635,\"caption\":\"Regi\u00e3o News\"},\"image\":{\"@id\":\"https:\\\/\\\/regiaonews.net.br\\\/2022\\\/#\\\/schema\\\/logo\\\/image\\\/\"}},{\"@type\":\"Person\",\"@id\":\"https:\\\/\\\/regiaonews.net.br\\\/2022\\\/#\\\/schema\\\/person\\\/2d205a608a5aa97ac279d7a5e6d89ad8\",\"name\":\"Roberto\",\"image\":{\"@type\":\"ImageObject\",\"inLanguage\":\"pt-BR\",\"@id\":\"https:\\\/\\\/secure.gravatar.com\\\/avatar\\\/42749d8b712ff9d59ca93dc150494e5b55a44134482993f5baeb97e61b7ecc89?s=96&d=mm&r=g\",\"url\":\"https:\\\/\\\/secure.gravatar.com\\\/avatar\\\/42749d8b712ff9d59ca93dc150494e5b55a44134482993f5baeb97e61b7ecc89?s=96&d=mm&r=g\",\"contentUrl\":\"https:\\\/\\\/secure.gravatar.com\\\/avatar\\\/42749d8b712ff9d59ca93dc150494e5b55a44134482993f5baeb97e61b7ecc89?s=96&d=mm&r=g\",\"caption\":\"Roberto\"},\"url\":\"https:\\\/\\\/regiaonews.net.br\\\/2022\\\/author\\\/roberto\\\/\"}]}<\/script>\n<!-- \/ Yoast SEO plugin. -->","yoast_head_json":{"title":"6.620 Kg de pl\u00e1stico da Usina de Triagem foram vendidos pelos SAAE Barretos na segunda-feira (13) - Regi\u00e3o News","robots":{"index":"index","follow":"follow","max-snippet":"max-snippet:-1","max-image-preview":"max-image-preview:large","max-video-preview":"max-video-preview:-1"},"canonical":"https:\/\/regiaonews.net.br\/2022\/2023\/02\/17\/6-620-kg-de-plastico-da-usina-de-triagem-foram-vendidos-pelos-saae-barretos-na-segunda-feira-13\/","og_locale":"pt_BR","og_type":"article","og_title":"6.620 Kg de pl\u00e1stico da Usina de Triagem foram vendidos pelos SAAE Barretos na segunda-feira (13) - Regi\u00e3o News","og_description":"Na \u00faltima segunda-feira (13), o SAAE Barretos promoveu a venda","og_url":"https:\/\/regiaonews.net.br\/2022\/2023\/02\/17\/6-620-kg-de-plastico-da-usina-de-triagem-foram-vendidos-pelos-saae-barretos-na-segunda-feira-13\/","og_site_name":"Regi\u00e3o News","article_published_time":"2023-02-17T18:59:33+00:00","og_image":[{"width":1536,"height":864,"url":"https:\/\/regiaonews.net.br\/2022\/wp-content\/uploads\/2023\/02\/WhatsApp-Image-2023-02-17-at-15.43.47.jpeg","type":"image\/jpeg"}],"author":"Roberto","twitter_card":"summary_large_image","twitter_misc":{"Escrito por":"Roberto","Est. tempo de leitura":"2 minutos"},"schema":{"@context":"https:\/\/schema.org","@graph":[{"@type":"Article","@id":"https:\/\/regiaonews.net.br\/2022\/2023\/02\/17\/6-620-kg-de-plastico-da-usina-de-triagem-foram-vendidos-pelos-saae-barretos-na-segunda-feira-13\/#article","isPartOf":{"@id":"https:\/\/regiaonews.net.br\/2022\/2023\/02\/17\/6-620-kg-de-plastico-da-usina-de-triagem-foram-vendidos-pelos-saae-barretos-na-segunda-feira-13\/"},"author":{"name":"Roberto","@id":"https:\/\/regiaonews.net.br\/2022\/#\/schema\/person\/2d205a608a5aa97ac279d7a5e6d89ad8"},"headline":"6.620 Kg de pl\u00e1stico da Usina de Triagem foram vendidos pelos SAAE Barretos na segunda-feira (13)","datePublished":"2023-02-17T18:59:33+00:00","mainEntityOfPage":{"@id":"https:\/\/regiaonews.net.br\/2022\/2023\/02\/17\/6-620-kg-de-plastico-da-usina-de-triagem-foram-vendidos-pelos-saae-barretos-na-segunda-feira-13\/"},"wordCount":211,"commentCount":0,"publisher":{"@id":"https:\/\/regiaonews.net.br\/2022\/#organization"},"image":{"@id":"https:\/\/regiaonews.net.br\/2022\/2023\/02\/17\/6-620-kg-de-plastico-da-usina-de-triagem-foram-vendidos-pelos-saae-barretos-na-segunda-feira-13\/#primaryimage"},"thumbnailUrl":"https:\/\/regiaonews.net.br\/2022\/wp-content\/uploads\/2023\/02\/WhatsApp-Image-2023-02-17-at-15.43.47.jpeg","articleSection":["Barretos","Geral"],"inLanguage":"pt-BR","potentialAction":[{"@type":"CommentAction","name":"Comment","target":["https:\/\/regiaonews.net.br\/2022\/2023\/02\/17\/6-620-kg-de-plastico-da-usina-de-triagem-foram-vendidos-pelos-saae-barretos-na-segunda-feira-13\/#respond"]}]},{"@type":"WebPage","@id":"https:\/\/regiaonews.net.br\/2022\/2023\/02\/17\/6-620-kg-de-plastico-da-usina-de-triagem-foram-vendidos-pelos-saae-barretos-na-segunda-feira-13\/","url":"https:\/\/regiaonews.net.br\/2022\/2023\/02\/17\/6-620-kg-de-plastico-da-usina-de-triagem-foram-vendidos-pelos-saae-barretos-na-segunda-feira-13\/","name":"6.620 Kg de pl\u00e1stico da Usina de Triagem foram vendidos pelos SAAE Barretos na segunda-feira (13) - Regi\u00e3o News","isPartOf":{"@id":"https:\/\/regiaonews.net.br\/2022\/#website"},"primaryImageOfPage":{"@id":"https:\/\/regiaonews.net.br\/2022\/2023\/02\/17\/6-620-kg-de-plastico-da-usina-de-triagem-foram-vendidos-pelos-saae-barretos-na-segunda-feira-13\/#primaryimage"},"image":{"@id":"https:\/\/regiaonews.net.br\/2022\/2023\/02\/17\/6-620-kg-de-plastico-da-usina-de-triagem-foram-vendidos-pelos-saae-barretos-na-segunda-feira-13\/#primaryimage"},"thumbnailUrl":"https:\/\/regiaonews.net.br\/2022\/wp-content\/uploads\/2023\/02\/WhatsApp-Image-2023-02-17-at-15.43.47.jpeg","datePublished":"2023-02-17T18:59:33+00:00","breadcrumb":{"@id":"https:\/\/regiaonews.net.br\/2022\/2023\/02\/17\/6-620-kg-de-plastico-da-usina-de-triagem-foram-vendidos-pelos-saae-barretos-na-segunda-feira-13\/#breadcrumb"},"inLanguage":"pt-BR","potentialAction":[{"@type":"ReadAction","target":["https:\/\/regiaonews.net.br\/2022\/2023\/02\/17\/6-620-kg-de-plastico-da-usina-de-triagem-foram-vendidos-pelos-saae-barretos-na-segunda-feira-13\/"]}]},{"@type":"ImageObject","inLanguage":"pt-BR","@id":"https:\/\/regiaonews.net.br\/2022\/2023\/02\/17\/6-620-kg-de-plastico-da-usina-de-triagem-foram-vendidos-pelos-saae-barretos-na-segunda-feira-13\/#primaryimage","url":"https:\/\/regiaonews.net.br\/2022\/wp-content\/uploads\/2023\/02\/WhatsApp-Image-2023-02-17-at-15.43.47.jpeg","contentUrl":"https:\/\/regiaonews.net.br\/2022\/wp-content\/uploads\/2023\/02\/WhatsApp-Image-2023-02-17-at-15.43.47.jpeg","width":1536,"height":864},{"@type":"BreadcrumbList","@id":"https:\/\/regiaonews.net.br\/2022\/2023\/02\/17\/6-620-kg-de-plastico-da-usina-de-triagem-foram-vendidos-pelos-saae-barretos-na-segunda-feira-13\/#breadcrumb","itemListElement":[{"@type":"ListItem","position":1,"name":"In\u00edcio","item":"https:\/\/regiaonews.net.br\/2022\/"},{"@type":"ListItem","position":2,"name":"6.620 Kg de pl\u00e1stico da Usina de Triagem foram vendidos pelos SAAE Barretos na segunda-feira (13)"}]},{"@type":"WebSite","@id":"https:\/\/regiaonews.net.br\/2022\/#website","url":"https:\/\/regiaonews.net.br\/2022\/","name":"Regi\u00e3o News","description":"Site de Not\u00edcias de Barretos e regi\u00e3o","publisher":{"@id":"https:\/\/regiaonews.net.br\/2022\/#organization"},"potentialAction":[{"@type":"SearchAction","target":{"@type":"EntryPoint","urlTemplate":"https:\/\/regiaonews.net.br\/2022\/?s={search_term_string}"},"query-input":{"@type":"PropertyValueSpecification","valueRequired":true,"valueName":"search_term_string"}}],"inLanguage":"pt-BR"},{"@type":"Organization","@id":"https:\/\/regiaonews.net.br\/2022\/#organization","name":"Regi\u00e3o News","url":"https:\/\/regiaonews.net.br\/2022\/","logo":{"@type":"ImageObject","inLanguage":"pt-BR","@id":"https:\/\/regiaonews.net.br\/2022\/#\/schema\/logo\/image\/","url":"https:\/\/regiaonews.net.br\/2022\/wp-content\/uploads\/2026\/03\/regiao-13-anos-scaled.jpg","contentUrl":"https:\/\/regiaonews.net.br\/2022\/wp-content\/uploads\/2026\/03\/regiao-13-anos-scaled.jpg","width":2560,"height":635,"caption":"Regi\u00e3o News"},"image":{"@id":"https:\/\/regiaonews.net.br\/2022\/#\/schema\/logo\/image\/"}},{"@type":"Person","@id":"https:\/\/regiaonews.net.br\/2022\/#\/schema\/person\/2d205a608a5aa97ac279d7a5e6d89ad8","name":"Roberto","image":{"@type":"ImageObject","inLanguage":"pt-BR","@id":"https:\/\/secure.gravatar.com\/avatar\/42749d8b712ff9d59ca93dc150494e5b55a44134482993f5baeb97e61b7ecc89?s=96&d=mm&r=g","url":"https:\/\/secure.gravatar.com\/avatar\/42749d8b712ff9d59ca93dc150494e5b55a44134482993f5baeb97e61b7ecc89?s=96&d=mm&r=g","contentUrl":"https:\/\/secure.gravatar.com\/avatar\/42749d8b712ff9d59ca93dc150494e5b55a44134482993f5baeb97e61b7ecc89?s=96&d=mm&r=g","caption":"Roberto"},"url":"https:\/\/regiaonews.net.br\/2022\/author\/roberto\/"}]}},"publishpress_future_action":{"enabled":false,"date":"2026-05-02 03:20:20","action":"change-status","newStatus":"draft","terms":[],"taxonomy":"category","extraData":[]},"publishpress_future_workflow_manual_trigger":{"enabledWorkflows":[]},"_links":{"self":[{"href":"https:\/\/regiaonews.net.br\/2022\/wp-json\/wp\/v2\/posts\/84133","targetHints":{"allow":["GET"]}}],"collection":[{"href":"https:\/\/regiaonews.net.br\/2022\/wp-json\/wp\/v2\/posts"}],"about":[{"href":"https:\/\/regiaonews.net.br\/2022\/wp-json\/wp\/v2\/types\/post"}],"author":[{"embeddable":true,"href":"https:\/\/regiaonews.net.br\/2022\/wp-json\/wp\/v2\/users\/2"}],"replies":[{"embeddable":true,"href":"https:\/\/regiaonews.net.br\/2022\/wp-json\/wp\/v2\/comments?post=84133"}],"version-history":[{"count":1,"href":"https:\/\/regiaonews.net.br\/2022\/wp-json\/wp\/v2\/posts\/84133\/revisions"}],"predecessor-version":[{"id":84135,"href":"https:\/\/regiaonews.net.br\/2022\/wp-json\/wp\/v2\/posts\/84133\/revisions\/84135"}],"wp:featuredmedia":[{"embeddable":true,"href":"https:\/\/regiaonews.net.br\/2022\/wp-json\/wp\/v2\/media\/84134"}],"wp:attachment":[{"href":"https:\/\/regiaonews.net.br\/2022\/wp-json\/wp\/v2\/media?parent=84133"}],"wp:term":[{"taxonomy":"category","embeddable":true,"href":"https:\/\/regiaonews.net.br\/2022\/wp-json\/wp\/v2\/categories?post=84133"},{"taxonomy":"post_tag","embeddable":true,"href":"https:\/\/regiaonews.net.br\/2022\/wp-json\/wp\/v2\/tags?post=84133"}],"curies":[{"name":"wp","href":"https:\/\/api.w.org\/{rel}","templated":true}]}}