{"id":84125,"date":"2023-02-17T15:38:05","date_gmt":"2023-02-17T18:38:05","guid":{"rendered":"https:\/\/regiaonews.net.br\/2022\/?p=84125"},"modified":"2023-02-17T15:38:05","modified_gmt":"2023-02-17T18:38:05","slug":"foliao-pode-contar-com-o-reforco-do-policiamento-nesse-carnaval","status":"publish","type":"post","link":"https:\/\/regiaonews.net.br\/2022\/2023\/02\/17\/foliao-pode-contar-com-o-reforco-do-policiamento-nesse-carnaval\/","title":{"rendered":"Foli\u00e3o pode contar com o refor\u00e7o do policiamento nesse carnaval"},"content":{"rendered":"<div>\n<h3 class=\"titulopreto ng-binding\" style=\"text-align: center;\">S\u00e3o empregados aproximadamente 14 mil policiais por dia. Deatur colocou delegacia m\u00f3vel nos blocos para atendimento da popula\u00e7\u00e3o.<\/h3>\n<div id=\"notCorpo\" class=\"ng-binding\">\n<div>Nesse feriado de carnaval o policiamento foi refor\u00e7ado com objetivo de trazer seguran\u00e7a para a popula\u00e7\u00e3o de S\u00e3o Paulo. S\u00e3o 13.959 policiais militares por dia que usar\u00e3o 168 drones para monitorar grandes \u00e1reas de aglomera\u00e7\u00e3o. Os distritos policiais tamb\u00e9m foram refor\u00e7ados para os registros dos boletins de ocorr\u00eancia.<\/div>\n<div><\/div>\n<div>As equipes contam tamb\u00e9m com 4.528 viaturas, 670 motos, 518 cavalos, 283 c\u00e3es, 167 embarca\u00e7\u00f5es e 24 aeronaves que estar\u00e3o distribu\u00eddos por todo Estado.<\/div>\n<div><\/div>\n<div>A Pol\u00edcia Civil refor\u00e7ou os plant\u00f5es policiais para realiza\u00e7\u00e3o do registro do boletim de ocorr\u00eancia. As Delegacia de Defesa da Mulher da Capital, exceto a 3\u00aa DDM e a 9\u00aa DDM, estar\u00e3o abertas 24h para atendimento \u00e0 mulher e a comunidade LGBTQI+. As v\u00edtimas tamb\u00e9m podem contar com a DDM Online e a Delegacia da Diversidade, onde registros contra diversidade sexual e de g\u00eanero podem ser feitos.<\/div>\n<div><\/div>\n<div>A Deatur (Divis\u00e3o Especial de Atendimento ao Turista) colocou uma delegacia m\u00f3vel nos blocos que ficar\u00e1 \u00e0 disposi\u00e7\u00e3o da popula\u00e7\u00e3o. Tamb\u00e9m ser\u00e3o inseridos policiais \u00e0 paisana nas aglomera\u00e7\u00f5es com objetivo de inibir crimes, principalmente os furtos de celulares.<\/div>\n<div><\/div>\n<div>As for\u00e7as policiais est\u00e3o preparadas desde o \u00faltimo final de semana (11 e 12 de fevereiro) para atuarem em defesa da comunidade. A Opera\u00e7\u00e3o Carnaval 2023 vai at\u00e9 o dia 26 de fevereiro<\/div>\n<div><\/div>\n<div><b>Prepara\u00e7\u00e3o<\/b><\/div>\n<div>Para o planejamento da seguran\u00e7a durante os dias de pr\u00e9-carnaval, carnaval e p\u00f3s-carnaval, foram realizadas reuni\u00f5es junto com os \u00f3rg\u00e3os estaduais e municipais envolvidos na festa. A Pol\u00edcia Militar criou a sala de Comando e Controle onde ficam instalados os representantes de cada entidade que monitoram os acontecimentos e juntos tomam decis\u00f5es<\/div>\n<div><\/div>\n<div>Tamb\u00e9m entre os dias de 2 e 10 de fevereiro, a Pol\u00edcia Militar realizou a Opera\u00e7\u00e3o Impacto-Adaga e retirou das ruas 854 pessoas que eram procuradas pela Justi\u00e7a. Tamb\u00e9m foram apreendidas mais de 10 toneladas de drogas.<\/div>\n<\/div>\n<div class=\"clearfix\"><\/div>\n<div class=\"clearfix\"><\/div>\n<div class=\"col-lg-12 col-md-12 col-sm-12 col-xs-12 rightText espacovertical\"><span class=\"ng-binding\">Fonte &#8211; Assessoria de Imprensa e Comunica\u00e7\u00e3o da Secretaria da Seguran\u00e7a P\u00fablica<\/span><\/div>\n<p><center><\/p>\n<h2 class=\"titulopreto ng-binding\"><\/h2>\n<p><\/center><\/div>\n<div id=\"notCorpo\" class=\"ng-binding\"><\/div>\n","protected":false},"excerpt":{"rendered":"<p>S\u00e3o empregados aproximadamente 14 mil policiais por dia. Deatur colocou<\/p>\n","protected":false},"author":2,"featured_media":27226,"comment_status":"open","ping_status":"open","sticky":false,"template":"","format":"standard","meta":{"footnotes":""},"categories":[14,3],"tags":[],"class_list":["post-84125","post","type-post","status-publish","format-standard","has-post-thumbnail","hentry","category-barretos","category-geral"],"yoast_head":"<!-- This site is optimized with the Yoast SEO plugin v27.5 - https:\/\/yoast.com\/product\/yoast-seo-wordpress\/ -->\n<title>Foli\u00e3o pode contar com o refor\u00e7o do policiamento nesse carnaval - Regi\u00e3o News<\/title>\n<meta name=\"robots\" content=\"index, follow, max-snippet:-1, max-image-preview:large, max-video-preview:-1\" \/>\n<link rel=\"canonical\" href=\"https:\/\/regiaonews.net.br\/2022\/2023\/02\/17\/foliao-pode-contar-com-o-reforco-do-policiamento-nesse-carnaval\/\" \/>\n<meta property=\"og:locale\" content=\"pt_BR\" \/>\n<meta property=\"og:type\" content=\"article\" \/>\n<meta property=\"og:title\" content=\"Foli\u00e3o pode contar com o refor\u00e7o do policiamento nesse carnaval - Regi\u00e3o News\" \/>\n<meta property=\"og:description\" content=\"S\u00e3o empregados aproximadamente 14 mil policiais por dia. Deatur colocou\" \/>\n<meta property=\"og:url\" content=\"https:\/\/regiaonews.net.br\/2022\/2023\/02\/17\/foliao-pode-contar-com-o-reforco-do-policiamento-nesse-carnaval\/\" \/>\n<meta property=\"og:site_name\" content=\"Regi\u00e3o News\" \/>\n<meta property=\"article:published_time\" content=\"2023-02-17T18:38:05+00:00\" \/>\n<meta property=\"og:image\" content=\"https:\/\/regiaonews.net.br\/2022\/wp-content\/uploads\/2020\/01\/viaturas-pms.jpg\" \/>\n\t<meta property=\"og:image:width\" content=\"960\" \/>\n\t<meta property=\"og:image:height\" content=\"594\" \/>\n\t<meta property=\"og:image:type\" content=\"image\/jpeg\" \/>\n<meta name=\"author\" content=\"Roberto\" \/>\n<meta name=\"twitter:card\" content=\"summary_large_image\" \/>\n<meta name=\"twitter:label1\" content=\"Escrito por\" \/>\n\t<meta name=\"twitter:data1\" content=\"Roberto\" \/>\n\t<meta name=\"twitter:label2\" content=\"Est. tempo de leitura\" \/>\n\t<meta name=\"twitter:data2\" content=\"2 minutos\" \/>\n<script type=\"application\/ld+json\" class=\"yoast-schema-graph\">{\"@context\":\"https:\\\/\\\/schema.org\",\"@graph\":[{\"@type\":\"Article\",\"@id\":\"https:\\\/\\\/regiaonews.net.br\\\/2022\\\/2023\\\/02\\\/17\\\/foliao-pode-contar-com-o-reforco-do-policiamento-nesse-carnaval\\\/#article\",\"isPartOf\":{\"@id\":\"https:\\\/\\\/regiaonews.net.br\\\/2022\\\/2023\\\/02\\\/17\\\/foliao-pode-contar-com-o-reforco-do-policiamento-nesse-carnaval\\\/\"},\"author\":{\"name\":\"Roberto\",\"@id\":\"https:\\\/\\\/regiaonews.net.br\\\/2022\\\/#\\\/schema\\\/person\\\/2d205a608a5aa97ac279d7a5e6d89ad8\"},\"headline\":\"Foli\u00e3o pode contar com o refor\u00e7o do policiamento nesse carnaval\",\"datePublished\":\"2023-02-17T18:38:05+00:00\",\"mainEntityOfPage\":{\"@id\":\"https:\\\/\\\/regiaonews.net.br\\\/2022\\\/2023\\\/02\\\/17\\\/foliao-pode-contar-com-o-reforco-do-policiamento-nesse-carnaval\\\/\"},\"wordCount\":373,\"commentCount\":0,\"publisher\":{\"@id\":\"https:\\\/\\\/regiaonews.net.br\\\/2022\\\/#organization\"},\"image\":{\"@id\":\"https:\\\/\\\/regiaonews.net.br\\\/2022\\\/2023\\\/02\\\/17\\\/foliao-pode-contar-com-o-reforco-do-policiamento-nesse-carnaval\\\/#primaryimage\"},\"thumbnailUrl\":\"https:\\\/\\\/regiaonews.net.br\\\/2022\\\/wp-content\\\/uploads\\\/2020\\\/01\\\/viaturas-pms.jpg\",\"articleSection\":[\"Barretos\",\"Geral\"],\"inLanguage\":\"pt-BR\",\"potentialAction\":[{\"@type\":\"CommentAction\",\"name\":\"Comment\",\"target\":[\"https:\\\/\\\/regiaonews.net.br\\\/2022\\\/2023\\\/02\\\/17\\\/foliao-pode-contar-com-o-reforco-do-policiamento-nesse-carnaval\\\/#respond\"]}]},{\"@type\":\"WebPage\",\"@id\":\"https:\\\/\\\/regiaonews.net.br\\\/2022\\\/2023\\\/02\\\/17\\\/foliao-pode-contar-com-o-reforco-do-policiamento-nesse-carnaval\\\/\",\"url\":\"https:\\\/\\\/regiaonews.net.br\\\/2022\\\/2023\\\/02\\\/17\\\/foliao-pode-contar-com-o-reforco-do-policiamento-nesse-carnaval\\\/\",\"name\":\"Foli\u00e3o pode contar com o refor\u00e7o do policiamento nesse carnaval - Regi\u00e3o News\",\"isPartOf\":{\"@id\":\"https:\\\/\\\/regiaonews.net.br\\\/2022\\\/#website\"},\"primaryImageOfPage\":{\"@id\":\"https:\\\/\\\/regiaonews.net.br\\\/2022\\\/2023\\\/02\\\/17\\\/foliao-pode-contar-com-o-reforco-do-policiamento-nesse-carnaval\\\/#primaryimage\"},\"image\":{\"@id\":\"https:\\\/\\\/regiaonews.net.br\\\/2022\\\/2023\\\/02\\\/17\\\/foliao-pode-contar-com-o-reforco-do-policiamento-nesse-carnaval\\\/#primaryimage\"},\"thumbnailUrl\":\"https:\\\/\\\/regiaonews.net.br\\\/2022\\\/wp-content\\\/uploads\\\/2020\\\/01\\\/viaturas-pms.jpg\",\"datePublished\":\"2023-02-17T18:38:05+00:00\",\"breadcrumb\":{\"@id\":\"https:\\\/\\\/regiaonews.net.br\\\/2022\\\/2023\\\/02\\\/17\\\/foliao-pode-contar-com-o-reforco-do-policiamento-nesse-carnaval\\\/#breadcrumb\"},\"inLanguage\":\"pt-BR\",\"potentialAction\":[{\"@type\":\"ReadAction\",\"target\":[\"https:\\\/\\\/regiaonews.net.br\\\/2022\\\/2023\\\/02\\\/17\\\/foliao-pode-contar-com-o-reforco-do-policiamento-nesse-carnaval\\\/\"]}]},{\"@type\":\"ImageObject\",\"inLanguage\":\"pt-BR\",\"@id\":\"https:\\\/\\\/regiaonews.net.br\\\/2022\\\/2023\\\/02\\\/17\\\/foliao-pode-contar-com-o-reforco-do-policiamento-nesse-carnaval\\\/#primaryimage\",\"url\":\"https:\\\/\\\/regiaonews.net.br\\\/2022\\\/wp-content\\\/uploads\\\/2020\\\/01\\\/viaturas-pms.jpg\",\"contentUrl\":\"https:\\\/\\\/regiaonews.net.br\\\/2022\\\/wp-content\\\/uploads\\\/2020\\\/01\\\/viaturas-pms.jpg\",\"width\":960,\"height\":594},{\"@type\":\"BreadcrumbList\",\"@id\":\"https:\\\/\\\/regiaonews.net.br\\\/2022\\\/2023\\\/02\\\/17\\\/foliao-pode-contar-com-o-reforco-do-policiamento-nesse-carnaval\\\/#breadcrumb\",\"itemListElement\":[{\"@type\":\"ListItem\",\"position\":1,\"name\":\"In\u00edcio\",\"item\":\"https:\\\/\\\/regiaonews.net.br\\\/2022\\\/\"},{\"@type\":\"ListItem\",\"position\":2,\"name\":\"Foli\u00e3o pode contar com o refor\u00e7o do policiamento nesse carnaval\"}]},{\"@type\":\"WebSite\",\"@id\":\"https:\\\/\\\/regiaonews.net.br\\\/2022\\\/#website\",\"url\":\"https:\\\/\\\/regiaonews.net.br\\\/2022\\\/\",\"name\":\"Regi\u00e3o News\",\"description\":\"Site de Not\u00edcias de Barretos e regi\u00e3o\",\"publisher\":{\"@id\":\"https:\\\/\\\/regiaonews.net.br\\\/2022\\\/#organization\"},\"potentialAction\":[{\"@type\":\"SearchAction\",\"target\":{\"@type\":\"EntryPoint\",\"urlTemplate\":\"https:\\\/\\\/regiaonews.net.br\\\/2022\\\/?s={search_term_string}\"},\"query-input\":{\"@type\":\"PropertyValueSpecification\",\"valueRequired\":true,\"valueName\":\"search_term_string\"}}],\"inLanguage\":\"pt-BR\"},{\"@type\":\"Organization\",\"@id\":\"https:\\\/\\\/regiaonews.net.br\\\/2022\\\/#organization\",\"name\":\"Regi\u00e3o News\",\"url\":\"https:\\\/\\\/regiaonews.net.br\\\/2022\\\/\",\"logo\":{\"@type\":\"ImageObject\",\"inLanguage\":\"pt-BR\",\"@id\":\"https:\\\/\\\/regiaonews.net.br\\\/2022\\\/#\\\/schema\\\/logo\\\/image\\\/\",\"url\":\"https:\\\/\\\/regiaonews.net.br\\\/2022\\\/wp-content\\\/uploads\\\/2026\\\/03\\\/regiao-13-anos-scaled.jpg\",\"contentUrl\":\"https:\\\/\\\/regiaonews.net.br\\\/2022\\\/wp-content\\\/uploads\\\/2026\\\/03\\\/regiao-13-anos-scaled.jpg\",\"width\":2560,\"height\":635,\"caption\":\"Regi\u00e3o News\"},\"image\":{\"@id\":\"https:\\\/\\\/regiaonews.net.br\\\/2022\\\/#\\\/schema\\\/logo\\\/image\\\/\"}},{\"@type\":\"Person\",\"@id\":\"https:\\\/\\\/regiaonews.net.br\\\/2022\\\/#\\\/schema\\\/person\\\/2d205a608a5aa97ac279d7a5e6d89ad8\",\"name\":\"Roberto\",\"image\":{\"@type\":\"ImageObject\",\"inLanguage\":\"pt-BR\",\"@id\":\"https:\\\/\\\/secure.gravatar.com\\\/avatar\\\/42749d8b712ff9d59ca93dc150494e5b55a44134482993f5baeb97e61b7ecc89?s=96&d=mm&r=g\",\"url\":\"https:\\\/\\\/secure.gravatar.com\\\/avatar\\\/42749d8b712ff9d59ca93dc150494e5b55a44134482993f5baeb97e61b7ecc89?s=96&d=mm&r=g\",\"contentUrl\":\"https:\\\/\\\/secure.gravatar.com\\\/avatar\\\/42749d8b712ff9d59ca93dc150494e5b55a44134482993f5baeb97e61b7ecc89?s=96&d=mm&r=g\",\"caption\":\"Roberto\"},\"url\":\"https:\\\/\\\/regiaonews.net.br\\\/2022\\\/author\\\/roberto\\\/\"}]}<\/script>\n<!-- \/ Yoast SEO plugin. -->","yoast_head_json":{"title":"Foli\u00e3o pode contar com o refor\u00e7o do policiamento nesse carnaval - Regi\u00e3o News","robots":{"index":"index","follow":"follow","max-snippet":"max-snippet:-1","max-image-preview":"max-image-preview:large","max-video-preview":"max-video-preview:-1"},"canonical":"https:\/\/regiaonews.net.br\/2022\/2023\/02\/17\/foliao-pode-contar-com-o-reforco-do-policiamento-nesse-carnaval\/","og_locale":"pt_BR","og_type":"article","og_title":"Foli\u00e3o pode contar com o refor\u00e7o do policiamento nesse carnaval - Regi\u00e3o News","og_description":"S\u00e3o empregados aproximadamente 14 mil policiais por dia. Deatur colocou","og_url":"https:\/\/regiaonews.net.br\/2022\/2023\/02\/17\/foliao-pode-contar-com-o-reforco-do-policiamento-nesse-carnaval\/","og_site_name":"Regi\u00e3o News","article_published_time":"2023-02-17T18:38:05+00:00","og_image":[{"width":960,"height":594,"url":"https:\/\/regiaonews.net.br\/2022\/wp-content\/uploads\/2020\/01\/viaturas-pms.jpg","type":"image\/jpeg"}],"author":"Roberto","twitter_card":"summary_large_image","twitter_misc":{"Escrito por":"Roberto","Est. tempo de leitura":"2 minutos"},"schema":{"@context":"https:\/\/schema.org","@graph":[{"@type":"Article","@id":"https:\/\/regiaonews.net.br\/2022\/2023\/02\/17\/foliao-pode-contar-com-o-reforco-do-policiamento-nesse-carnaval\/#article","isPartOf":{"@id":"https:\/\/regiaonews.net.br\/2022\/2023\/02\/17\/foliao-pode-contar-com-o-reforco-do-policiamento-nesse-carnaval\/"},"author":{"name":"Roberto","@id":"https:\/\/regiaonews.net.br\/2022\/#\/schema\/person\/2d205a608a5aa97ac279d7a5e6d89ad8"},"headline":"Foli\u00e3o pode contar com o refor\u00e7o do policiamento nesse carnaval","datePublished":"2023-02-17T18:38:05+00:00","mainEntityOfPage":{"@id":"https:\/\/regiaonews.net.br\/2022\/2023\/02\/17\/foliao-pode-contar-com-o-reforco-do-policiamento-nesse-carnaval\/"},"wordCount":373,"commentCount":0,"publisher":{"@id":"https:\/\/regiaonews.net.br\/2022\/#organization"},"image":{"@id":"https:\/\/regiaonews.net.br\/2022\/2023\/02\/17\/foliao-pode-contar-com-o-reforco-do-policiamento-nesse-carnaval\/#primaryimage"},"thumbnailUrl":"https:\/\/regiaonews.net.br\/2022\/wp-content\/uploads\/2020\/01\/viaturas-pms.jpg","articleSection":["Barretos","Geral"],"inLanguage":"pt-BR","potentialAction":[{"@type":"CommentAction","name":"Comment","target":["https:\/\/regiaonews.net.br\/2022\/2023\/02\/17\/foliao-pode-contar-com-o-reforco-do-policiamento-nesse-carnaval\/#respond"]}]},{"@type":"WebPage","@id":"https:\/\/regiaonews.net.br\/2022\/2023\/02\/17\/foliao-pode-contar-com-o-reforco-do-policiamento-nesse-carnaval\/","url":"https:\/\/regiaonews.net.br\/2022\/2023\/02\/17\/foliao-pode-contar-com-o-reforco-do-policiamento-nesse-carnaval\/","name":"Foli\u00e3o pode contar com o refor\u00e7o do policiamento nesse carnaval - Regi\u00e3o News","isPartOf":{"@id":"https:\/\/regiaonews.net.br\/2022\/#website"},"primaryImageOfPage":{"@id":"https:\/\/regiaonews.net.br\/2022\/2023\/02\/17\/foliao-pode-contar-com-o-reforco-do-policiamento-nesse-carnaval\/#primaryimage"},"image":{"@id":"https:\/\/regiaonews.net.br\/2022\/2023\/02\/17\/foliao-pode-contar-com-o-reforco-do-policiamento-nesse-carnaval\/#primaryimage"},"thumbnailUrl":"https:\/\/regiaonews.net.br\/2022\/wp-content\/uploads\/2020\/01\/viaturas-pms.jpg","datePublished":"2023-02-17T18:38:05+00:00","breadcrumb":{"@id":"https:\/\/regiaonews.net.br\/2022\/2023\/02\/17\/foliao-pode-contar-com-o-reforco-do-policiamento-nesse-carnaval\/#breadcrumb"},"inLanguage":"pt-BR","potentialAction":[{"@type":"ReadAction","target":["https:\/\/regiaonews.net.br\/2022\/2023\/02\/17\/foliao-pode-contar-com-o-reforco-do-policiamento-nesse-carnaval\/"]}]},{"@type":"ImageObject","inLanguage":"pt-BR","@id":"https:\/\/regiaonews.net.br\/2022\/2023\/02\/17\/foliao-pode-contar-com-o-reforco-do-policiamento-nesse-carnaval\/#primaryimage","url":"https:\/\/regiaonews.net.br\/2022\/wp-content\/uploads\/2020\/01\/viaturas-pms.jpg","contentUrl":"https:\/\/regiaonews.net.br\/2022\/wp-content\/uploads\/2020\/01\/viaturas-pms.jpg","width":960,"height":594},{"@type":"BreadcrumbList","@id":"https:\/\/regiaonews.net.br\/2022\/2023\/02\/17\/foliao-pode-contar-com-o-reforco-do-policiamento-nesse-carnaval\/#breadcrumb","itemListElement":[{"@type":"ListItem","position":1,"name":"In\u00edcio","item":"https:\/\/regiaonews.net.br\/2022\/"},{"@type":"ListItem","position":2,"name":"Foli\u00e3o pode contar com o refor\u00e7o do policiamento nesse carnaval"}]},{"@type":"WebSite","@id":"https:\/\/regiaonews.net.br\/2022\/#website","url":"https:\/\/regiaonews.net.br\/2022\/","name":"Regi\u00e3o News","description":"Site de Not\u00edcias de Barretos e regi\u00e3o","publisher":{"@id":"https:\/\/regiaonews.net.br\/2022\/#organization"},"potentialAction":[{"@type":"SearchAction","target":{"@type":"EntryPoint","urlTemplate":"https:\/\/regiaonews.net.br\/2022\/?s={search_term_string}"},"query-input":{"@type":"PropertyValueSpecification","valueRequired":true,"valueName":"search_term_string"}}],"inLanguage":"pt-BR"},{"@type":"Organization","@id":"https:\/\/regiaonews.net.br\/2022\/#organization","name":"Regi\u00e3o News","url":"https:\/\/regiaonews.net.br\/2022\/","logo":{"@type":"ImageObject","inLanguage":"pt-BR","@id":"https:\/\/regiaonews.net.br\/2022\/#\/schema\/logo\/image\/","url":"https:\/\/regiaonews.net.br\/2022\/wp-content\/uploads\/2026\/03\/regiao-13-anos-scaled.jpg","contentUrl":"https:\/\/regiaonews.net.br\/2022\/wp-content\/uploads\/2026\/03\/regiao-13-anos-scaled.jpg","width":2560,"height":635,"caption":"Regi\u00e3o News"},"image":{"@id":"https:\/\/regiaonews.net.br\/2022\/#\/schema\/logo\/image\/"}},{"@type":"Person","@id":"https:\/\/regiaonews.net.br\/2022\/#\/schema\/person\/2d205a608a5aa97ac279d7a5e6d89ad8","name":"Roberto","image":{"@type":"ImageObject","inLanguage":"pt-BR","@id":"https:\/\/secure.gravatar.com\/avatar\/42749d8b712ff9d59ca93dc150494e5b55a44134482993f5baeb97e61b7ecc89?s=96&d=mm&r=g","url":"https:\/\/secure.gravatar.com\/avatar\/42749d8b712ff9d59ca93dc150494e5b55a44134482993f5baeb97e61b7ecc89?s=96&d=mm&r=g","contentUrl":"https:\/\/secure.gravatar.com\/avatar\/42749d8b712ff9d59ca93dc150494e5b55a44134482993f5baeb97e61b7ecc89?s=96&d=mm&r=g","caption":"Roberto"},"url":"https:\/\/regiaonews.net.br\/2022\/author\/roberto\/"}]}},"publishpress_future_action":{"enabled":false,"date":"2026-05-10 06:38:33","action":"change-status","newStatus":"draft","terms":[],"taxonomy":"category","extraData":[]},"publishpress_future_workflow_manual_trigger":{"enabledWorkflows":[]},"_links":{"self":[{"href":"https:\/\/regiaonews.net.br\/2022\/wp-json\/wp\/v2\/posts\/84125","targetHints":{"allow":["GET"]}}],"collection":[{"href":"https:\/\/regiaonews.net.br\/2022\/wp-json\/wp\/v2\/posts"}],"about":[{"href":"https:\/\/regiaonews.net.br\/2022\/wp-json\/wp\/v2\/types\/post"}],"author":[{"embeddable":true,"href":"https:\/\/regiaonews.net.br\/2022\/wp-json\/wp\/v2\/users\/2"}],"replies":[{"embeddable":true,"href":"https:\/\/regiaonews.net.br\/2022\/wp-json\/wp\/v2\/comments?post=84125"}],"version-history":[{"count":1,"href":"https:\/\/regiaonews.net.br\/2022\/wp-json\/wp\/v2\/posts\/84125\/revisions"}],"predecessor-version":[{"id":84126,"href":"https:\/\/regiaonews.net.br\/2022\/wp-json\/wp\/v2\/posts\/84125\/revisions\/84126"}],"wp:featuredmedia":[{"embeddable":true,"href":"https:\/\/regiaonews.net.br\/2022\/wp-json\/wp\/v2\/media\/27226"}],"wp:attachment":[{"href":"https:\/\/regiaonews.net.br\/2022\/wp-json\/wp\/v2\/media?parent=84125"}],"wp:term":[{"taxonomy":"category","embeddable":true,"href":"https:\/\/regiaonews.net.br\/2022\/wp-json\/wp\/v2\/categories?post=84125"},{"taxonomy":"post_tag","embeddable":true,"href":"https:\/\/regiaonews.net.br\/2022\/wp-json\/wp\/v2\/tags?post=84125"}],"curies":[{"name":"wp","href":"https:\/\/api.w.org\/{rel}","templated":true}]}}