{"id":84122,"date":"2023-02-17T11:33:49","date_gmt":"2023-02-17T14:33:49","guid":{"rendered":"https:\/\/regiaonews.net.br\/2022\/?p=84122"},"modified":"2023-02-17T11:33:49","modified_gmt":"2023-02-17T14:33:49","slug":"arlete-peroni-angelo-recebe-homenagem-mulher-acib-2023","status":"publish","type":"post","link":"https:\/\/regiaonews.net.br\/2022\/2023\/02\/17\/arlete-peroni-angelo-recebe-homenagem-mulher-acib-2023\/","title":{"rendered":"Arlete Peroni \u00c2ngelo recebe Homenagem \u201cMulher ACIB 2023\u201d"},"content":{"rendered":"<h3 style=\"text-align: center;\">Empres\u00e1ria \u00e9 destaque em inova\u00e7\u00e3o e empreendedorismo no com\u00e9rcio de Barretos.<\/h3>\n<p>A empres\u00e1ria Arlete Peroni \u00c2ngelo recebe em 2023 a Homenagem \u201cMulher ACIB 2023\u201d. A escolha foi realizada por meio de vota\u00e7\u00e3o entre os integrantes da diretoria da Associa\u00e7\u00e3o Comercial e Industrial de Barretos \u2013 ACIB durante enquete aplicada no m\u00eas de fevereiro pelo formul\u00e1rio Google Forms.<br \/>\nA homenagem ser\u00e1 entregue no dia 4 de mar\u00e7o\/ 2023 no Evento \u201cMulher ACIB 2023\u201d no Caf\u00e9 Brav\u00edssimo a partir das 11h. O evento tamb\u00e9m contar\u00e1 com palestra da delegada da Delegacia de Defesa da Mulher \u2013 DDM Barretos, Denise<br \/>\nArlete tem longa hist\u00f3ria e rela\u00e7\u00e3o com o com\u00e9rcio. Nascida em Tup\u00e3 interior de S\u00e3o Paulo, \u00e9 a filha mais nova de seis irm\u00e3os e desde pequena sempre teve voca\u00e7\u00e3o para o empreendedorismo e a paix\u00e3o pelas vendas. Aos 13 anos fez sua primeira grande venda para uma empresa na cidade de Votuporanga, sendo a respons\u00e1vel pela venda de flores artificiais fabricadas pelas irm\u00e3s mais velhas.<br \/>\nEm 1969, casou- se com Roberto de Camargo Angelo e mudaram-se para Barretos por causa do trabalho dele. Tiveram 2 filhos: Andr\u00e9Luis e Emiliane, e Eduardo, Eliane e Emilio do primeiro casamento do Roberto, e. Tem 14 netos e uma bisneta.<br \/>\nEm Barretos iniciou seu trabalho de empreendedorismo com a venda de lingerie a domic\u00edlio e mais tarde, junto com o marido, montou o primeiro neg\u00f3cio ainda na casa do casal, incluindo a contrata\u00e7\u00e3o de funcion\u00e1rios.<br \/>\nDepois de quase dez anos no com\u00e9rcio de bairro, montaram a primeira loja no centro da cidade e com sucesso da primeira \u201cArlete\u201d realizaram a amplia\u00e7\u00e3o e a abertura de mais duas lojas no cal\u00e7ad\u00e3o de Barretos.<br \/>\nEm 2000 recebeu o Pr\u00eamio Gente que \u00e9 Noticia, promovido pelo Jornal O Di\u00e1rio e Grupo Monteiro de Barros, em 2004 T\u00edtulo de Cidad\u00e3 Honor\u00e1ria de Barretos outorgada pela C\u00e2mara Municipal de Barretos, al\u00e9m de diversas homenagens. Em 2023 recebe a \u201cHomenagem Mulher ACIB 2023\u201d<br \/>\nPara a presidente da ACIB, Jackelyne Rossini, Arlete Peroni Angelo reflete a valoriza\u00e7\u00e3o da hist\u00f3ria e protagonismo da mulher no com\u00e9rcio de Barretos \u201c A Homenagem \u201cACIB 2023 visa eleger anualmente uma mulher com grande representatividade no com\u00e9rcio e ind\u00fastria de Barretos. A escolha por Arlete Peroni Angelo \u00e9 um exemplo do reconhecimento da for\u00e7a, luta e destaque da empres\u00e1ria em seu segmento. Ficamos muito felizes com a escolha e nos sentimos representadas por doan Arlete\u201d, fala.<\/p>\n<p><strong>Mulher ACIB 2023<\/strong><\/p>\n<p>Dia 4 de mar\u00e7o\/2023, s\u00e1bado, \u00e0s 11h, a ACIB e o Sincomercio promovem um almo\u00e7o especial de Dia das Mulheres no Caf\u00e9 Brav\u00edssimo.<br \/>\nDurante o evento ser\u00e1 realizada a entrega do Trof\u00e9u \u201cMulher ACIB 2023\u201d\u00e0 empres\u00e1ria Arlete Peroni \u00c2ngelo, bate-papo sobre empoderamento feminino com a delegada da DDM Barretos, Denise Vichiato Polizelli, abertura com Luciana Gomes e show ao vivo.<br \/>\nAdes\u00f5es: R$39,00 com direito a escolha de um dos pratos do card\u00e1pio.<br \/>\nOp\u00e7\u00e3o1: Feijoada completa<br \/>\nOp\u00e7\u00e3o 2: Vegetariano<br \/>\nOp\u00e7\u00e3o 3: Panqueca dos Deuses<br \/>\n* Bebidas n\u00e3o inclusas.<br \/>\nInforma\u00e7\u00f5es: 17 99222 2252 e na ACIB: 17 3321 3200<\/p>\n","protected":false},"excerpt":{"rendered":"<p>Empres\u00e1ria \u00e9 destaque em inova\u00e7\u00e3o e empreendedorismo no com\u00e9rcio de<\/p>\n","protected":false},"author":2,"featured_media":84123,"comment_status":"open","ping_status":"open","sticky":false,"template":"","format":"standard","meta":{"footnotes":""},"categories":[14,3],"tags":[],"class_list":["post-84122","post","type-post","status-publish","format-standard","has-post-thumbnail","hentry","category-barretos","category-geral"],"yoast_head":"<!-- This site is optimized with the Yoast SEO plugin v27.5 - https:\/\/yoast.com\/product\/yoast-seo-wordpress\/ -->\n<title>Arlete Peroni \u00c2ngelo recebe Homenagem \u201cMulher ACIB 2023\u201d - Regi\u00e3o News<\/title>\n<meta name=\"robots\" content=\"index, follow, max-snippet:-1, max-image-preview:large, max-video-preview:-1\" \/>\n<link rel=\"canonical\" href=\"https:\/\/regiaonews.net.br\/2022\/2023\/02\/17\/arlete-peroni-angelo-recebe-homenagem-mulher-acib-2023\/\" \/>\n<meta property=\"og:locale\" content=\"pt_BR\" \/>\n<meta property=\"og:type\" content=\"article\" \/>\n<meta property=\"og:title\" content=\"Arlete Peroni \u00c2ngelo recebe Homenagem \u201cMulher ACIB 2023\u201d - Regi\u00e3o News\" \/>\n<meta property=\"og:description\" content=\"Empres\u00e1ria \u00e9 destaque em inova\u00e7\u00e3o e empreendedorismo no com\u00e9rcio de\" \/>\n<meta property=\"og:url\" content=\"https:\/\/regiaonews.net.br\/2022\/2023\/02\/17\/arlete-peroni-angelo-recebe-homenagem-mulher-acib-2023\/\" \/>\n<meta property=\"og:site_name\" content=\"Regi\u00e3o News\" \/>\n<meta property=\"article:published_time\" content=\"2023-02-17T14:33:49+00:00\" \/>\n<meta property=\"og:image\" content=\"https:\/\/regiaonews.net.br\/2022\/wp-content\/uploads\/2023\/02\/WhatsApp-Image-2023-02-17-at-11.31.30.jpeg\" \/>\n\t<meta property=\"og:image:width\" content=\"1080\" \/>\n\t<meta property=\"og:image:height\" content=\"1080\" \/>\n\t<meta property=\"og:image:type\" content=\"image\/jpeg\" \/>\n<meta name=\"author\" content=\"Roberto\" \/>\n<meta name=\"twitter:card\" content=\"summary_large_image\" \/>\n<meta name=\"twitter:label1\" content=\"Escrito por\" \/>\n\t<meta name=\"twitter:data1\" content=\"Roberto\" \/>\n\t<meta name=\"twitter:label2\" content=\"Est. tempo de leitura\" \/>\n\t<meta name=\"twitter:data2\" content=\"3 minutos\" \/>\n<script type=\"application\/ld+json\" class=\"yoast-schema-graph\">{\"@context\":\"https:\\\/\\\/schema.org\",\"@graph\":[{\"@type\":\"Article\",\"@id\":\"https:\\\/\\\/regiaonews.net.br\\\/2022\\\/2023\\\/02\\\/17\\\/arlete-peroni-angelo-recebe-homenagem-mulher-acib-2023\\\/#article\",\"isPartOf\":{\"@id\":\"https:\\\/\\\/regiaonews.net.br\\\/2022\\\/2023\\\/02\\\/17\\\/arlete-peroni-angelo-recebe-homenagem-mulher-acib-2023\\\/\"},\"author\":{\"name\":\"Roberto\",\"@id\":\"https:\\\/\\\/regiaonews.net.br\\\/2022\\\/#\\\/schema\\\/person\\\/2d205a608a5aa97ac279d7a5e6d89ad8\"},\"headline\":\"Arlete Peroni \u00c2ngelo recebe Homenagem \u201cMulher ACIB 2023\u201d\",\"datePublished\":\"2023-02-17T14:33:49+00:00\",\"mainEntityOfPage\":{\"@id\":\"https:\\\/\\\/regiaonews.net.br\\\/2022\\\/2023\\\/02\\\/17\\\/arlete-peroni-angelo-recebe-homenagem-mulher-acib-2023\\\/\"},\"wordCount\":527,\"commentCount\":0,\"publisher\":{\"@id\":\"https:\\\/\\\/regiaonews.net.br\\\/2022\\\/#organization\"},\"image\":{\"@id\":\"https:\\\/\\\/regiaonews.net.br\\\/2022\\\/2023\\\/02\\\/17\\\/arlete-peroni-angelo-recebe-homenagem-mulher-acib-2023\\\/#primaryimage\"},\"thumbnailUrl\":\"https:\\\/\\\/regiaonews.net.br\\\/2022\\\/wp-content\\\/uploads\\\/2023\\\/02\\\/WhatsApp-Image-2023-02-17-at-11.31.30.jpeg\",\"articleSection\":[\"Barretos\",\"Geral\"],\"inLanguage\":\"pt-BR\",\"potentialAction\":[{\"@type\":\"CommentAction\",\"name\":\"Comment\",\"target\":[\"https:\\\/\\\/regiaonews.net.br\\\/2022\\\/2023\\\/02\\\/17\\\/arlete-peroni-angelo-recebe-homenagem-mulher-acib-2023\\\/#respond\"]}]},{\"@type\":\"WebPage\",\"@id\":\"https:\\\/\\\/regiaonews.net.br\\\/2022\\\/2023\\\/02\\\/17\\\/arlete-peroni-angelo-recebe-homenagem-mulher-acib-2023\\\/\",\"url\":\"https:\\\/\\\/regiaonews.net.br\\\/2022\\\/2023\\\/02\\\/17\\\/arlete-peroni-angelo-recebe-homenagem-mulher-acib-2023\\\/\",\"name\":\"Arlete Peroni \u00c2ngelo recebe Homenagem \u201cMulher ACIB 2023\u201d - Regi\u00e3o News\",\"isPartOf\":{\"@id\":\"https:\\\/\\\/regiaonews.net.br\\\/2022\\\/#website\"},\"primaryImageOfPage\":{\"@id\":\"https:\\\/\\\/regiaonews.net.br\\\/2022\\\/2023\\\/02\\\/17\\\/arlete-peroni-angelo-recebe-homenagem-mulher-acib-2023\\\/#primaryimage\"},\"image\":{\"@id\":\"https:\\\/\\\/regiaonews.net.br\\\/2022\\\/2023\\\/02\\\/17\\\/arlete-peroni-angelo-recebe-homenagem-mulher-acib-2023\\\/#primaryimage\"},\"thumbnailUrl\":\"https:\\\/\\\/regiaonews.net.br\\\/2022\\\/wp-content\\\/uploads\\\/2023\\\/02\\\/WhatsApp-Image-2023-02-17-at-11.31.30.jpeg\",\"datePublished\":\"2023-02-17T14:33:49+00:00\",\"breadcrumb\":{\"@id\":\"https:\\\/\\\/regiaonews.net.br\\\/2022\\\/2023\\\/02\\\/17\\\/arlete-peroni-angelo-recebe-homenagem-mulher-acib-2023\\\/#breadcrumb\"},\"inLanguage\":\"pt-BR\",\"potentialAction\":[{\"@type\":\"ReadAction\",\"target\":[\"https:\\\/\\\/regiaonews.net.br\\\/2022\\\/2023\\\/02\\\/17\\\/arlete-peroni-angelo-recebe-homenagem-mulher-acib-2023\\\/\"]}]},{\"@type\":\"ImageObject\",\"inLanguage\":\"pt-BR\",\"@id\":\"https:\\\/\\\/regiaonews.net.br\\\/2022\\\/2023\\\/02\\\/17\\\/arlete-peroni-angelo-recebe-homenagem-mulher-acib-2023\\\/#primaryimage\",\"url\":\"https:\\\/\\\/regiaonews.net.br\\\/2022\\\/wp-content\\\/uploads\\\/2023\\\/02\\\/WhatsApp-Image-2023-02-17-at-11.31.30.jpeg\",\"contentUrl\":\"https:\\\/\\\/regiaonews.net.br\\\/2022\\\/wp-content\\\/uploads\\\/2023\\\/02\\\/WhatsApp-Image-2023-02-17-at-11.31.30.jpeg\",\"width\":1080,\"height\":1080},{\"@type\":\"BreadcrumbList\",\"@id\":\"https:\\\/\\\/regiaonews.net.br\\\/2022\\\/2023\\\/02\\\/17\\\/arlete-peroni-angelo-recebe-homenagem-mulher-acib-2023\\\/#breadcrumb\",\"itemListElement\":[{\"@type\":\"ListItem\",\"position\":1,\"name\":\"In\u00edcio\",\"item\":\"https:\\\/\\\/regiaonews.net.br\\\/2022\\\/\"},{\"@type\":\"ListItem\",\"position\":2,\"name\":\"Arlete Peroni \u00c2ngelo recebe Homenagem \u201cMulher ACIB 2023\u201d\"}]},{\"@type\":\"WebSite\",\"@id\":\"https:\\\/\\\/regiaonews.net.br\\\/2022\\\/#website\",\"url\":\"https:\\\/\\\/regiaonews.net.br\\\/2022\\\/\",\"name\":\"Regi\u00e3o News\",\"description\":\"Site de Not\u00edcias de Barretos e regi\u00e3o\",\"publisher\":{\"@id\":\"https:\\\/\\\/regiaonews.net.br\\\/2022\\\/#organization\"},\"potentialAction\":[{\"@type\":\"SearchAction\",\"target\":{\"@type\":\"EntryPoint\",\"urlTemplate\":\"https:\\\/\\\/regiaonews.net.br\\\/2022\\\/?s={search_term_string}\"},\"query-input\":{\"@type\":\"PropertyValueSpecification\",\"valueRequired\":true,\"valueName\":\"search_term_string\"}}],\"inLanguage\":\"pt-BR\"},{\"@type\":\"Organization\",\"@id\":\"https:\\\/\\\/regiaonews.net.br\\\/2022\\\/#organization\",\"name\":\"Regi\u00e3o News\",\"url\":\"https:\\\/\\\/regiaonews.net.br\\\/2022\\\/\",\"logo\":{\"@type\":\"ImageObject\",\"inLanguage\":\"pt-BR\",\"@id\":\"https:\\\/\\\/regiaonews.net.br\\\/2022\\\/#\\\/schema\\\/logo\\\/image\\\/\",\"url\":\"https:\\\/\\\/regiaonews.net.br\\\/2022\\\/wp-content\\\/uploads\\\/2026\\\/03\\\/regiao-13-anos-scaled.jpg\",\"contentUrl\":\"https:\\\/\\\/regiaonews.net.br\\\/2022\\\/wp-content\\\/uploads\\\/2026\\\/03\\\/regiao-13-anos-scaled.jpg\",\"width\":2560,\"height\":635,\"caption\":\"Regi\u00e3o News\"},\"image\":{\"@id\":\"https:\\\/\\\/regiaonews.net.br\\\/2022\\\/#\\\/schema\\\/logo\\\/image\\\/\"}},{\"@type\":\"Person\",\"@id\":\"https:\\\/\\\/regiaonews.net.br\\\/2022\\\/#\\\/schema\\\/person\\\/2d205a608a5aa97ac279d7a5e6d89ad8\",\"name\":\"Roberto\",\"image\":{\"@type\":\"ImageObject\",\"inLanguage\":\"pt-BR\",\"@id\":\"https:\\\/\\\/secure.gravatar.com\\\/avatar\\\/42749d8b712ff9d59ca93dc150494e5b55a44134482993f5baeb97e61b7ecc89?s=96&d=mm&r=g\",\"url\":\"https:\\\/\\\/secure.gravatar.com\\\/avatar\\\/42749d8b712ff9d59ca93dc150494e5b55a44134482993f5baeb97e61b7ecc89?s=96&d=mm&r=g\",\"contentUrl\":\"https:\\\/\\\/secure.gravatar.com\\\/avatar\\\/42749d8b712ff9d59ca93dc150494e5b55a44134482993f5baeb97e61b7ecc89?s=96&d=mm&r=g\",\"caption\":\"Roberto\"},\"url\":\"https:\\\/\\\/regiaonews.net.br\\\/2022\\\/author\\\/roberto\\\/\"}]}<\/script>\n<!-- \/ Yoast SEO plugin. -->","yoast_head_json":{"title":"Arlete Peroni \u00c2ngelo recebe Homenagem \u201cMulher ACIB 2023\u201d - Regi\u00e3o News","robots":{"index":"index","follow":"follow","max-snippet":"max-snippet:-1","max-image-preview":"max-image-preview:large","max-video-preview":"max-video-preview:-1"},"canonical":"https:\/\/regiaonews.net.br\/2022\/2023\/02\/17\/arlete-peroni-angelo-recebe-homenagem-mulher-acib-2023\/","og_locale":"pt_BR","og_type":"article","og_title":"Arlete Peroni \u00c2ngelo recebe Homenagem \u201cMulher ACIB 2023\u201d - Regi\u00e3o News","og_description":"Empres\u00e1ria \u00e9 destaque em inova\u00e7\u00e3o e empreendedorismo no com\u00e9rcio de","og_url":"https:\/\/regiaonews.net.br\/2022\/2023\/02\/17\/arlete-peroni-angelo-recebe-homenagem-mulher-acib-2023\/","og_site_name":"Regi\u00e3o News","article_published_time":"2023-02-17T14:33:49+00:00","og_image":[{"width":1080,"height":1080,"url":"https:\/\/regiaonews.net.br\/2022\/wp-content\/uploads\/2023\/02\/WhatsApp-Image-2023-02-17-at-11.31.30.jpeg","type":"image\/jpeg"}],"author":"Roberto","twitter_card":"summary_large_image","twitter_misc":{"Escrito por":"Roberto","Est. tempo de leitura":"3 minutos"},"schema":{"@context":"https:\/\/schema.org","@graph":[{"@type":"Article","@id":"https:\/\/regiaonews.net.br\/2022\/2023\/02\/17\/arlete-peroni-angelo-recebe-homenagem-mulher-acib-2023\/#article","isPartOf":{"@id":"https:\/\/regiaonews.net.br\/2022\/2023\/02\/17\/arlete-peroni-angelo-recebe-homenagem-mulher-acib-2023\/"},"author":{"name":"Roberto","@id":"https:\/\/regiaonews.net.br\/2022\/#\/schema\/person\/2d205a608a5aa97ac279d7a5e6d89ad8"},"headline":"Arlete Peroni \u00c2ngelo recebe Homenagem \u201cMulher ACIB 2023\u201d","datePublished":"2023-02-17T14:33:49+00:00","mainEntityOfPage":{"@id":"https:\/\/regiaonews.net.br\/2022\/2023\/02\/17\/arlete-peroni-angelo-recebe-homenagem-mulher-acib-2023\/"},"wordCount":527,"commentCount":0,"publisher":{"@id":"https:\/\/regiaonews.net.br\/2022\/#organization"},"image":{"@id":"https:\/\/regiaonews.net.br\/2022\/2023\/02\/17\/arlete-peroni-angelo-recebe-homenagem-mulher-acib-2023\/#primaryimage"},"thumbnailUrl":"https:\/\/regiaonews.net.br\/2022\/wp-content\/uploads\/2023\/02\/WhatsApp-Image-2023-02-17-at-11.31.30.jpeg","articleSection":["Barretos","Geral"],"inLanguage":"pt-BR","potentialAction":[{"@type":"CommentAction","name":"Comment","target":["https:\/\/regiaonews.net.br\/2022\/2023\/02\/17\/arlete-peroni-angelo-recebe-homenagem-mulher-acib-2023\/#respond"]}]},{"@type":"WebPage","@id":"https:\/\/regiaonews.net.br\/2022\/2023\/02\/17\/arlete-peroni-angelo-recebe-homenagem-mulher-acib-2023\/","url":"https:\/\/regiaonews.net.br\/2022\/2023\/02\/17\/arlete-peroni-angelo-recebe-homenagem-mulher-acib-2023\/","name":"Arlete Peroni \u00c2ngelo recebe Homenagem \u201cMulher ACIB 2023\u201d - Regi\u00e3o News","isPartOf":{"@id":"https:\/\/regiaonews.net.br\/2022\/#website"},"primaryImageOfPage":{"@id":"https:\/\/regiaonews.net.br\/2022\/2023\/02\/17\/arlete-peroni-angelo-recebe-homenagem-mulher-acib-2023\/#primaryimage"},"image":{"@id":"https:\/\/regiaonews.net.br\/2022\/2023\/02\/17\/arlete-peroni-angelo-recebe-homenagem-mulher-acib-2023\/#primaryimage"},"thumbnailUrl":"https:\/\/regiaonews.net.br\/2022\/wp-content\/uploads\/2023\/02\/WhatsApp-Image-2023-02-17-at-11.31.30.jpeg","datePublished":"2023-02-17T14:33:49+00:00","breadcrumb":{"@id":"https:\/\/regiaonews.net.br\/2022\/2023\/02\/17\/arlete-peroni-angelo-recebe-homenagem-mulher-acib-2023\/#breadcrumb"},"inLanguage":"pt-BR","potentialAction":[{"@type":"ReadAction","target":["https:\/\/regiaonews.net.br\/2022\/2023\/02\/17\/arlete-peroni-angelo-recebe-homenagem-mulher-acib-2023\/"]}]},{"@type":"ImageObject","inLanguage":"pt-BR","@id":"https:\/\/regiaonews.net.br\/2022\/2023\/02\/17\/arlete-peroni-angelo-recebe-homenagem-mulher-acib-2023\/#primaryimage","url":"https:\/\/regiaonews.net.br\/2022\/wp-content\/uploads\/2023\/02\/WhatsApp-Image-2023-02-17-at-11.31.30.jpeg","contentUrl":"https:\/\/regiaonews.net.br\/2022\/wp-content\/uploads\/2023\/02\/WhatsApp-Image-2023-02-17-at-11.31.30.jpeg","width":1080,"height":1080},{"@type":"BreadcrumbList","@id":"https:\/\/regiaonews.net.br\/2022\/2023\/02\/17\/arlete-peroni-angelo-recebe-homenagem-mulher-acib-2023\/#breadcrumb","itemListElement":[{"@type":"ListItem","position":1,"name":"In\u00edcio","item":"https:\/\/regiaonews.net.br\/2022\/"},{"@type":"ListItem","position":2,"name":"Arlete Peroni \u00c2ngelo recebe Homenagem \u201cMulher ACIB 2023\u201d"}]},{"@type":"WebSite","@id":"https:\/\/regiaonews.net.br\/2022\/#website","url":"https:\/\/regiaonews.net.br\/2022\/","name":"Regi\u00e3o News","description":"Site de Not\u00edcias de Barretos e regi\u00e3o","publisher":{"@id":"https:\/\/regiaonews.net.br\/2022\/#organization"},"potentialAction":[{"@type":"SearchAction","target":{"@type":"EntryPoint","urlTemplate":"https:\/\/regiaonews.net.br\/2022\/?s={search_term_string}"},"query-input":{"@type":"PropertyValueSpecification","valueRequired":true,"valueName":"search_term_string"}}],"inLanguage":"pt-BR"},{"@type":"Organization","@id":"https:\/\/regiaonews.net.br\/2022\/#organization","name":"Regi\u00e3o News","url":"https:\/\/regiaonews.net.br\/2022\/","logo":{"@type":"ImageObject","inLanguage":"pt-BR","@id":"https:\/\/regiaonews.net.br\/2022\/#\/schema\/logo\/image\/","url":"https:\/\/regiaonews.net.br\/2022\/wp-content\/uploads\/2026\/03\/regiao-13-anos-scaled.jpg","contentUrl":"https:\/\/regiaonews.net.br\/2022\/wp-content\/uploads\/2026\/03\/regiao-13-anos-scaled.jpg","width":2560,"height":635,"caption":"Regi\u00e3o News"},"image":{"@id":"https:\/\/regiaonews.net.br\/2022\/#\/schema\/logo\/image\/"}},{"@type":"Person","@id":"https:\/\/regiaonews.net.br\/2022\/#\/schema\/person\/2d205a608a5aa97ac279d7a5e6d89ad8","name":"Roberto","image":{"@type":"ImageObject","inLanguage":"pt-BR","@id":"https:\/\/secure.gravatar.com\/avatar\/42749d8b712ff9d59ca93dc150494e5b55a44134482993f5baeb97e61b7ecc89?s=96&d=mm&r=g","url":"https:\/\/secure.gravatar.com\/avatar\/42749d8b712ff9d59ca93dc150494e5b55a44134482993f5baeb97e61b7ecc89?s=96&d=mm&r=g","contentUrl":"https:\/\/secure.gravatar.com\/avatar\/42749d8b712ff9d59ca93dc150494e5b55a44134482993f5baeb97e61b7ecc89?s=96&d=mm&r=g","caption":"Roberto"},"url":"https:\/\/regiaonews.net.br\/2022\/author\/roberto\/"}]}},"publishpress_future_action":{"enabled":false,"date":"2026-05-10 05:15:12","action":"change-status","newStatus":"draft","terms":[],"taxonomy":"category","extraData":[]},"publishpress_future_workflow_manual_trigger":{"enabledWorkflows":[]},"_links":{"self":[{"href":"https:\/\/regiaonews.net.br\/2022\/wp-json\/wp\/v2\/posts\/84122","targetHints":{"allow":["GET"]}}],"collection":[{"href":"https:\/\/regiaonews.net.br\/2022\/wp-json\/wp\/v2\/posts"}],"about":[{"href":"https:\/\/regiaonews.net.br\/2022\/wp-json\/wp\/v2\/types\/post"}],"author":[{"embeddable":true,"href":"https:\/\/regiaonews.net.br\/2022\/wp-json\/wp\/v2\/users\/2"}],"replies":[{"embeddable":true,"href":"https:\/\/regiaonews.net.br\/2022\/wp-json\/wp\/v2\/comments?post=84122"}],"version-history":[{"count":1,"href":"https:\/\/regiaonews.net.br\/2022\/wp-json\/wp\/v2\/posts\/84122\/revisions"}],"predecessor-version":[{"id":84124,"href":"https:\/\/regiaonews.net.br\/2022\/wp-json\/wp\/v2\/posts\/84122\/revisions\/84124"}],"wp:featuredmedia":[{"embeddable":true,"href":"https:\/\/regiaonews.net.br\/2022\/wp-json\/wp\/v2\/media\/84123"}],"wp:attachment":[{"href":"https:\/\/regiaonews.net.br\/2022\/wp-json\/wp\/v2\/media?parent=84122"}],"wp:term":[{"taxonomy":"category","embeddable":true,"href":"https:\/\/regiaonews.net.br\/2022\/wp-json\/wp\/v2\/categories?post=84122"},{"taxonomy":"post_tag","embeddable":true,"href":"https:\/\/regiaonews.net.br\/2022\/wp-json\/wp\/v2\/tags?post=84122"}],"curies":[{"name":"wp","href":"https:\/\/api.w.org\/{rel}","templated":true}]}}