{"id":84012,"date":"2023-02-15T10:04:40","date_gmt":"2023-02-15T13:04:40","guid":{"rendered":"https:\/\/regiaonews.net.br\/2022\/?p=84012"},"modified":"2023-02-15T10:04:40","modified_gmt":"2023-02-15T13:04:40","slug":"policia-civil-e-policia-militar-de-barretos-prendem-individuos-envolvidos-em-assalto-a-mao-armada-em-chacara","status":"publish","type":"post","link":"https:\/\/regiaonews.net.br\/2022\/2023\/02\/15\/policia-civil-e-policia-militar-de-barretos-prendem-individuos-envolvidos-em-assalto-a-mao-armada-em-chacara\/","title":{"rendered":"Pol\u00edcia Civil e Pol\u00edcia Militar de Barretos prendem indiv\u00edduos envolvidos em assalto a m\u00e3o armada em ch\u00e1cara"},"content":{"rendered":"<h3 style=\"text-align: center;\">O crime ocorreu em 30 de Novembro. V\u00edtimas foram amarradas durante o roubo.<\/h3>\n<p>A Pol\u00edcia Civil em Barretos, por interm\u00e9dio de sua Delegacia de Investiga\u00e7\u00f5es Gerais (DIG), apoiada pelas demais Unidades Policiais subordinadas \u00e0 Seccional Barretos e pela For\u00e7a T\u00e1tica da Pol\u00edcia Militar, esclareceu e prendeu, na data de hoje, dois indiv\u00edduos suspeitos de participarem um roubo em uma ch\u00e1cara, no dia 30 de Novembro.<\/p>\n<p>Na ocasi\u00e3o, as v\u00edtimas, que residiam no local, foram surpreendidas por tr\u00eas indiv\u00edduos armados e encapuzados, os quais, ap\u00f3s amarrarem as v\u00edtimas, subtra\u00edram diversos eletrodom\u00e9sticos e objetos do local, al\u00e9m de um ve\u00edculo Chevrolet Tracker.<\/p>\n<p>No m\u00eas de janeiro, policiais militares conseguiram localizar grande parte dos objetos subtra\u00eddos, em uma resid\u00eancia no Bairro Pimenta, nesta cidade. J\u00e1 no m\u00eas de fevereiro, um adolescente, suspeito de participa\u00e7\u00e3o no evento, tamb\u00e9m foi apreendido pela Pol\u00edcia Militar.<\/p>\n<p>A partir de intensa troca de informa\u00e7\u00f5es entre os policiais civis e militares, foi poss\u00edvel identificar tr\u00eas indiv\u00edduos envolvidos no crime. Um deles \u00e9 um jardineiro, cunhado de um dos suspeitos do roubo, e que teria, segundo a investiga\u00e7\u00e3o, trabalhado no im\u00f3vel e repassado informa\u00e7\u00f5es privilegiadas ao seu cunhado. O outro indiv\u00edduo \u00e9 um motorista de aplicativo, o qual auxiliou os meliantes no transporte dos objetos subtra\u00eddos, ap\u00f3s o roubo. J\u00e1 o terceiro indiv\u00edduo \u00e9 suspeito de ser um dos que amarraram as v\u00edtimas durante o roubo.<\/p>\n<p>Diante das informa\u00e7\u00f5es levantadas pelos policiais, o Delegado de Pol\u00edcia representou pela decreta\u00e7\u00e3o das pris\u00f5es tempor\u00e1rias dos 3 (tr\u00eas) indiv\u00edduos, al\u00e9m de solicitar que fossem expedidos 12 (doze) mandados de busca e apreens\u00e3o, sendo tudo sido deferido pelo Poder Judici\u00e1rio.<\/p>\n<p>Na manh\u00e3 de hoje, os policiais civis da DIG, DISE, CPJ, GOE, Seccional e Delegacia de Colina, apoiados por policiais militares da For\u00e7a T\u00e1tica, sa\u00edram \u00e0s ruas para cumprimento dos mandados. Dois dos suspeitos foram localizados, sendo que um permanece foragido. Os policiais continuam procurando por ele.<\/p>\n<p>Tamb\u00e9m foram apreendidos diversos eletr\u00f4nicos, os quais podem ter sido roubados na ch\u00e1cara ou em outros crimes. O ve\u00edculo utilizado para transportar os objetos subtra\u00eddos tamb\u00e9m foi apreendido.<\/p>\n<p>Em um dos im\u00f3veis, os policiais apreenderam grande quantidade de fios de cobre, torneiras, imagens sacras j\u00e1 cortadas ou trituradas, todas sem origem.<\/p>\n<p>As investiga\u00e7\u00f5es prosseguem tanto para localizar o indiv\u00edduo foragido quanto para identificar os respons\u00e1veis pelos materiais apreendidos.<\/p>\n<p>Os indiv\u00edduos responder\u00e3o pelo crime de roubo majorado pelo emprego de arma de fogo, concurso de pessoas e restri\u00e7\u00e3o da liberdade das v\u00edtimas.<\/p>\n<p>ACS &#8211; Delegacia Seccional de Pol\u00edcia de Barretos.<\/p>\n<div style=\"width: 640px;\" class=\"wp-video\"><video class=\"wp-video-shortcode\" id=\"video-84012-1\" width=\"640\" height=\"352\" preload=\"metadata\" controls=\"controls\"><source type=\"video\/mp4\" src=\"https:\/\/regiaonews.net.br\/2022\/wp-content\/uploads\/2023\/02\/WhatsApp-Video-2023-02-15-at-09.13.05.mp4?_=1\" \/><a href=\"https:\/\/regiaonews.net.br\/2022\/wp-content\/uploads\/2023\/02\/WhatsApp-Video-2023-02-15-at-09.13.05.mp4\">https:\/\/regiaonews.net.br\/2022\/wp-content\/uploads\/2023\/02\/WhatsApp-Video-2023-02-15-at-09.13.05.mp4<\/a><\/video><\/div>\n","protected":false},"excerpt":{"rendered":"<p>O crime ocorreu em 30 de Novembro. V\u00edtimas foram amarradas<\/p>\n","protected":false},"author":2,"featured_media":84014,"comment_status":"open","ping_status":"open","sticky":false,"template":"","format":"standard","meta":{"footnotes":""},"categories":[14,23],"tags":[],"class_list":["post-84012","post","type-post","status-publish","format-standard","has-post-thumbnail","hentry","category-barretos","category-policia"],"yoast_head":"<!-- This site is optimized with the Yoast SEO plugin v27.5 - https:\/\/yoast.com\/product\/yoast-seo-wordpress\/ -->\n<title>Pol\u00edcia Civil e Pol\u00edcia Militar de Barretos prendem indiv\u00edduos envolvidos em assalto a m\u00e3o armada em ch\u00e1cara - Regi\u00e3o News<\/title>\n<meta name=\"robots\" content=\"index, follow, max-snippet:-1, max-image-preview:large, max-video-preview:-1\" \/>\n<link rel=\"canonical\" href=\"https:\/\/regiaonews.net.br\/2022\/2023\/02\/15\/policia-civil-e-policia-militar-de-barretos-prendem-individuos-envolvidos-em-assalto-a-mao-armada-em-chacara\/\" \/>\n<meta property=\"og:locale\" content=\"pt_BR\" \/>\n<meta property=\"og:type\" content=\"article\" \/>\n<meta property=\"og:title\" content=\"Pol\u00edcia Civil e Pol\u00edcia Militar de Barretos prendem indiv\u00edduos envolvidos em assalto a m\u00e3o armada em ch\u00e1cara - Regi\u00e3o News\" \/>\n<meta property=\"og:description\" content=\"O crime ocorreu em 30 de Novembro. V\u00edtimas foram amarradas\" \/>\n<meta property=\"og:url\" content=\"https:\/\/regiaonews.net.br\/2022\/2023\/02\/15\/policia-civil-e-policia-militar-de-barretos-prendem-individuos-envolvidos-em-assalto-a-mao-armada-em-chacara\/\" \/>\n<meta property=\"og:site_name\" content=\"Regi\u00e3o News\" \/>\n<meta property=\"article:published_time\" content=\"2023-02-15T13:04:40+00:00\" \/>\n<meta property=\"og:image\" content=\"https:\/\/regiaonews.net.br\/2022\/wp-content\/uploads\/2023\/02\/WhatsApp-Image-2023-02-15-at-09.13.07.jpeg\" \/>\n\t<meta property=\"og:image:width\" content=\"1600\" \/>\n\t<meta property=\"og:image:height\" content=\"1200\" \/>\n\t<meta property=\"og:image:type\" content=\"image\/jpeg\" \/>\n<meta name=\"author\" content=\"Roberto\" \/>\n<meta name=\"twitter:card\" content=\"summary_large_image\" \/>\n<meta name=\"twitter:label1\" content=\"Escrito por\" \/>\n\t<meta name=\"twitter:data1\" content=\"Roberto\" \/>\n\t<meta name=\"twitter:label2\" content=\"Est. tempo de leitura\" \/>\n\t<meta name=\"twitter:data2\" content=\"3 minutos\" \/>\n<script type=\"application\/ld+json\" class=\"yoast-schema-graph\">{\"@context\":\"https:\\\/\\\/schema.org\",\"@graph\":[{\"@type\":\"Article\",\"@id\":\"https:\\\/\\\/regiaonews.net.br\\\/2022\\\/2023\\\/02\\\/15\\\/policia-civil-e-policia-militar-de-barretos-prendem-individuos-envolvidos-em-assalto-a-mao-armada-em-chacara\\\/#article\",\"isPartOf\":{\"@id\":\"https:\\\/\\\/regiaonews.net.br\\\/2022\\\/2023\\\/02\\\/15\\\/policia-civil-e-policia-militar-de-barretos-prendem-individuos-envolvidos-em-assalto-a-mao-armada-em-chacara\\\/\"},\"author\":{\"name\":\"Roberto\",\"@id\":\"https:\\\/\\\/regiaonews.net.br\\\/2022\\\/#\\\/schema\\\/person\\\/2d205a608a5aa97ac279d7a5e6d89ad8\"},\"headline\":\"Pol\u00edcia Civil e Pol\u00edcia Militar de Barretos prendem indiv\u00edduos envolvidos em assalto a m\u00e3o armada em ch\u00e1cara\",\"datePublished\":\"2023-02-15T13:04:40+00:00\",\"mainEntityOfPage\":{\"@id\":\"https:\\\/\\\/regiaonews.net.br\\\/2022\\\/2023\\\/02\\\/15\\\/policia-civil-e-policia-militar-de-barretos-prendem-individuos-envolvidos-em-assalto-a-mao-armada-em-chacara\\\/\"},\"wordCount\":508,\"commentCount\":0,\"publisher\":{\"@id\":\"https:\\\/\\\/regiaonews.net.br\\\/2022\\\/#organization\"},\"image\":{\"@id\":\"https:\\\/\\\/regiaonews.net.br\\\/2022\\\/2023\\\/02\\\/15\\\/policia-civil-e-policia-militar-de-barretos-prendem-individuos-envolvidos-em-assalto-a-mao-armada-em-chacara\\\/#primaryimage\"},\"thumbnailUrl\":\"https:\\\/\\\/regiaonews.net.br\\\/2022\\\/wp-content\\\/uploads\\\/2023\\\/02\\\/WhatsApp-Image-2023-02-15-at-09.13.07.jpeg\",\"articleSection\":[\"Barretos\",\"Policia\"],\"inLanguage\":\"pt-BR\",\"potentialAction\":[{\"@type\":\"CommentAction\",\"name\":\"Comment\",\"target\":[\"https:\\\/\\\/regiaonews.net.br\\\/2022\\\/2023\\\/02\\\/15\\\/policia-civil-e-policia-militar-de-barretos-prendem-individuos-envolvidos-em-assalto-a-mao-armada-em-chacara\\\/#respond\"]}]},{\"@type\":\"WebPage\",\"@id\":\"https:\\\/\\\/regiaonews.net.br\\\/2022\\\/2023\\\/02\\\/15\\\/policia-civil-e-policia-militar-de-barretos-prendem-individuos-envolvidos-em-assalto-a-mao-armada-em-chacara\\\/\",\"url\":\"https:\\\/\\\/regiaonews.net.br\\\/2022\\\/2023\\\/02\\\/15\\\/policia-civil-e-policia-militar-de-barretos-prendem-individuos-envolvidos-em-assalto-a-mao-armada-em-chacara\\\/\",\"name\":\"Pol\u00edcia Civil e Pol\u00edcia Militar de Barretos prendem indiv\u00edduos envolvidos em assalto a m\u00e3o armada em ch\u00e1cara - Regi\u00e3o News\",\"isPartOf\":{\"@id\":\"https:\\\/\\\/regiaonews.net.br\\\/2022\\\/#website\"},\"primaryImageOfPage\":{\"@id\":\"https:\\\/\\\/regiaonews.net.br\\\/2022\\\/2023\\\/02\\\/15\\\/policia-civil-e-policia-militar-de-barretos-prendem-individuos-envolvidos-em-assalto-a-mao-armada-em-chacara\\\/#primaryimage\"},\"image\":{\"@id\":\"https:\\\/\\\/regiaonews.net.br\\\/2022\\\/2023\\\/02\\\/15\\\/policia-civil-e-policia-militar-de-barretos-prendem-individuos-envolvidos-em-assalto-a-mao-armada-em-chacara\\\/#primaryimage\"},\"thumbnailUrl\":\"https:\\\/\\\/regiaonews.net.br\\\/2022\\\/wp-content\\\/uploads\\\/2023\\\/02\\\/WhatsApp-Image-2023-02-15-at-09.13.07.jpeg\",\"datePublished\":\"2023-02-15T13:04:40+00:00\",\"breadcrumb\":{\"@id\":\"https:\\\/\\\/regiaonews.net.br\\\/2022\\\/2023\\\/02\\\/15\\\/policia-civil-e-policia-militar-de-barretos-prendem-individuos-envolvidos-em-assalto-a-mao-armada-em-chacara\\\/#breadcrumb\"},\"inLanguage\":\"pt-BR\",\"potentialAction\":[{\"@type\":\"ReadAction\",\"target\":[\"https:\\\/\\\/regiaonews.net.br\\\/2022\\\/2023\\\/02\\\/15\\\/policia-civil-e-policia-militar-de-barretos-prendem-individuos-envolvidos-em-assalto-a-mao-armada-em-chacara\\\/\"]}]},{\"@type\":\"ImageObject\",\"inLanguage\":\"pt-BR\",\"@id\":\"https:\\\/\\\/regiaonews.net.br\\\/2022\\\/2023\\\/02\\\/15\\\/policia-civil-e-policia-militar-de-barretos-prendem-individuos-envolvidos-em-assalto-a-mao-armada-em-chacara\\\/#primaryimage\",\"url\":\"https:\\\/\\\/regiaonews.net.br\\\/2022\\\/wp-content\\\/uploads\\\/2023\\\/02\\\/WhatsApp-Image-2023-02-15-at-09.13.07.jpeg\",\"contentUrl\":\"https:\\\/\\\/regiaonews.net.br\\\/2022\\\/wp-content\\\/uploads\\\/2023\\\/02\\\/WhatsApp-Image-2023-02-15-at-09.13.07.jpeg\",\"width\":1600,\"height\":1200},{\"@type\":\"BreadcrumbList\",\"@id\":\"https:\\\/\\\/regiaonews.net.br\\\/2022\\\/2023\\\/02\\\/15\\\/policia-civil-e-policia-militar-de-barretos-prendem-individuos-envolvidos-em-assalto-a-mao-armada-em-chacara\\\/#breadcrumb\",\"itemListElement\":[{\"@type\":\"ListItem\",\"position\":1,\"name\":\"In\u00edcio\",\"item\":\"https:\\\/\\\/regiaonews.net.br\\\/2022\\\/\"},{\"@type\":\"ListItem\",\"position\":2,\"name\":\"Pol\u00edcia Civil e Pol\u00edcia Militar de Barretos prendem indiv\u00edduos envolvidos em assalto a m\u00e3o armada em ch\u00e1cara\"}]},{\"@type\":\"WebSite\",\"@id\":\"https:\\\/\\\/regiaonews.net.br\\\/2022\\\/#website\",\"url\":\"https:\\\/\\\/regiaonews.net.br\\\/2022\\\/\",\"name\":\"Regi\u00e3o News\",\"description\":\"Site de Not\u00edcias de Barretos e regi\u00e3o\",\"publisher\":{\"@id\":\"https:\\\/\\\/regiaonews.net.br\\\/2022\\\/#organization\"},\"potentialAction\":[{\"@type\":\"SearchAction\",\"target\":{\"@type\":\"EntryPoint\",\"urlTemplate\":\"https:\\\/\\\/regiaonews.net.br\\\/2022\\\/?s={search_term_string}\"},\"query-input\":{\"@type\":\"PropertyValueSpecification\",\"valueRequired\":true,\"valueName\":\"search_term_string\"}}],\"inLanguage\":\"pt-BR\"},{\"@type\":\"Organization\",\"@id\":\"https:\\\/\\\/regiaonews.net.br\\\/2022\\\/#organization\",\"name\":\"Regi\u00e3o News\",\"url\":\"https:\\\/\\\/regiaonews.net.br\\\/2022\\\/\",\"logo\":{\"@type\":\"ImageObject\",\"inLanguage\":\"pt-BR\",\"@id\":\"https:\\\/\\\/regiaonews.net.br\\\/2022\\\/#\\\/schema\\\/logo\\\/image\\\/\",\"url\":\"https:\\\/\\\/regiaonews.net.br\\\/2022\\\/wp-content\\\/uploads\\\/2026\\\/03\\\/regiao-13-anos-scaled.jpg\",\"contentUrl\":\"https:\\\/\\\/regiaonews.net.br\\\/2022\\\/wp-content\\\/uploads\\\/2026\\\/03\\\/regiao-13-anos-scaled.jpg\",\"width\":2560,\"height\":635,\"caption\":\"Regi\u00e3o News\"},\"image\":{\"@id\":\"https:\\\/\\\/regiaonews.net.br\\\/2022\\\/#\\\/schema\\\/logo\\\/image\\\/\"}},{\"@type\":\"Person\",\"@id\":\"https:\\\/\\\/regiaonews.net.br\\\/2022\\\/#\\\/schema\\\/person\\\/2d205a608a5aa97ac279d7a5e6d89ad8\",\"name\":\"Roberto\",\"image\":{\"@type\":\"ImageObject\",\"inLanguage\":\"pt-BR\",\"@id\":\"https:\\\/\\\/secure.gravatar.com\\\/avatar\\\/42749d8b712ff9d59ca93dc150494e5b55a44134482993f5baeb97e61b7ecc89?s=96&d=mm&r=g\",\"url\":\"https:\\\/\\\/secure.gravatar.com\\\/avatar\\\/42749d8b712ff9d59ca93dc150494e5b55a44134482993f5baeb97e61b7ecc89?s=96&d=mm&r=g\",\"contentUrl\":\"https:\\\/\\\/secure.gravatar.com\\\/avatar\\\/42749d8b712ff9d59ca93dc150494e5b55a44134482993f5baeb97e61b7ecc89?s=96&d=mm&r=g\",\"caption\":\"Roberto\"},\"url\":\"https:\\\/\\\/regiaonews.net.br\\\/2022\\\/author\\\/roberto\\\/\"}]}<\/script>\n<!-- \/ Yoast SEO plugin. -->","yoast_head_json":{"title":"Pol\u00edcia Civil e Pol\u00edcia Militar de Barretos prendem indiv\u00edduos envolvidos em assalto a m\u00e3o armada em ch\u00e1cara - Regi\u00e3o News","robots":{"index":"index","follow":"follow","max-snippet":"max-snippet:-1","max-image-preview":"max-image-preview:large","max-video-preview":"max-video-preview:-1"},"canonical":"https:\/\/regiaonews.net.br\/2022\/2023\/02\/15\/policia-civil-e-policia-militar-de-barretos-prendem-individuos-envolvidos-em-assalto-a-mao-armada-em-chacara\/","og_locale":"pt_BR","og_type":"article","og_title":"Pol\u00edcia Civil e Pol\u00edcia Militar de Barretos prendem indiv\u00edduos envolvidos em assalto a m\u00e3o armada em ch\u00e1cara - Regi\u00e3o News","og_description":"O crime ocorreu em 30 de Novembro. V\u00edtimas foram amarradas","og_url":"https:\/\/regiaonews.net.br\/2022\/2023\/02\/15\/policia-civil-e-policia-militar-de-barretos-prendem-individuos-envolvidos-em-assalto-a-mao-armada-em-chacara\/","og_site_name":"Regi\u00e3o News","article_published_time":"2023-02-15T13:04:40+00:00","og_image":[{"width":1600,"height":1200,"url":"https:\/\/regiaonews.net.br\/2022\/wp-content\/uploads\/2023\/02\/WhatsApp-Image-2023-02-15-at-09.13.07.jpeg","type":"image\/jpeg"}],"author":"Roberto","twitter_card":"summary_large_image","twitter_misc":{"Escrito por":"Roberto","Est. tempo de leitura":"3 minutos"},"schema":{"@context":"https:\/\/schema.org","@graph":[{"@type":"Article","@id":"https:\/\/regiaonews.net.br\/2022\/2023\/02\/15\/policia-civil-e-policia-militar-de-barretos-prendem-individuos-envolvidos-em-assalto-a-mao-armada-em-chacara\/#article","isPartOf":{"@id":"https:\/\/regiaonews.net.br\/2022\/2023\/02\/15\/policia-civil-e-policia-militar-de-barretos-prendem-individuos-envolvidos-em-assalto-a-mao-armada-em-chacara\/"},"author":{"name":"Roberto","@id":"https:\/\/regiaonews.net.br\/2022\/#\/schema\/person\/2d205a608a5aa97ac279d7a5e6d89ad8"},"headline":"Pol\u00edcia Civil e Pol\u00edcia Militar de Barretos prendem indiv\u00edduos envolvidos em assalto a m\u00e3o armada em ch\u00e1cara","datePublished":"2023-02-15T13:04:40+00:00","mainEntityOfPage":{"@id":"https:\/\/regiaonews.net.br\/2022\/2023\/02\/15\/policia-civil-e-policia-militar-de-barretos-prendem-individuos-envolvidos-em-assalto-a-mao-armada-em-chacara\/"},"wordCount":508,"commentCount":0,"publisher":{"@id":"https:\/\/regiaonews.net.br\/2022\/#organization"},"image":{"@id":"https:\/\/regiaonews.net.br\/2022\/2023\/02\/15\/policia-civil-e-policia-militar-de-barretos-prendem-individuos-envolvidos-em-assalto-a-mao-armada-em-chacara\/#primaryimage"},"thumbnailUrl":"https:\/\/regiaonews.net.br\/2022\/wp-content\/uploads\/2023\/02\/WhatsApp-Image-2023-02-15-at-09.13.07.jpeg","articleSection":["Barretos","Policia"],"inLanguage":"pt-BR","potentialAction":[{"@type":"CommentAction","name":"Comment","target":["https:\/\/regiaonews.net.br\/2022\/2023\/02\/15\/policia-civil-e-policia-militar-de-barretos-prendem-individuos-envolvidos-em-assalto-a-mao-armada-em-chacara\/#respond"]}]},{"@type":"WebPage","@id":"https:\/\/regiaonews.net.br\/2022\/2023\/02\/15\/policia-civil-e-policia-militar-de-barretos-prendem-individuos-envolvidos-em-assalto-a-mao-armada-em-chacara\/","url":"https:\/\/regiaonews.net.br\/2022\/2023\/02\/15\/policia-civil-e-policia-militar-de-barretos-prendem-individuos-envolvidos-em-assalto-a-mao-armada-em-chacara\/","name":"Pol\u00edcia Civil e Pol\u00edcia Militar de Barretos prendem indiv\u00edduos envolvidos em assalto a m\u00e3o armada em ch\u00e1cara - Regi\u00e3o News","isPartOf":{"@id":"https:\/\/regiaonews.net.br\/2022\/#website"},"primaryImageOfPage":{"@id":"https:\/\/regiaonews.net.br\/2022\/2023\/02\/15\/policia-civil-e-policia-militar-de-barretos-prendem-individuos-envolvidos-em-assalto-a-mao-armada-em-chacara\/#primaryimage"},"image":{"@id":"https:\/\/regiaonews.net.br\/2022\/2023\/02\/15\/policia-civil-e-policia-militar-de-barretos-prendem-individuos-envolvidos-em-assalto-a-mao-armada-em-chacara\/#primaryimage"},"thumbnailUrl":"https:\/\/regiaonews.net.br\/2022\/wp-content\/uploads\/2023\/02\/WhatsApp-Image-2023-02-15-at-09.13.07.jpeg","datePublished":"2023-02-15T13:04:40+00:00","breadcrumb":{"@id":"https:\/\/regiaonews.net.br\/2022\/2023\/02\/15\/policia-civil-e-policia-militar-de-barretos-prendem-individuos-envolvidos-em-assalto-a-mao-armada-em-chacara\/#breadcrumb"},"inLanguage":"pt-BR","potentialAction":[{"@type":"ReadAction","target":["https:\/\/regiaonews.net.br\/2022\/2023\/02\/15\/policia-civil-e-policia-militar-de-barretos-prendem-individuos-envolvidos-em-assalto-a-mao-armada-em-chacara\/"]}]},{"@type":"ImageObject","inLanguage":"pt-BR","@id":"https:\/\/regiaonews.net.br\/2022\/2023\/02\/15\/policia-civil-e-policia-militar-de-barretos-prendem-individuos-envolvidos-em-assalto-a-mao-armada-em-chacara\/#primaryimage","url":"https:\/\/regiaonews.net.br\/2022\/wp-content\/uploads\/2023\/02\/WhatsApp-Image-2023-02-15-at-09.13.07.jpeg","contentUrl":"https:\/\/regiaonews.net.br\/2022\/wp-content\/uploads\/2023\/02\/WhatsApp-Image-2023-02-15-at-09.13.07.jpeg","width":1600,"height":1200},{"@type":"BreadcrumbList","@id":"https:\/\/regiaonews.net.br\/2022\/2023\/02\/15\/policia-civil-e-policia-militar-de-barretos-prendem-individuos-envolvidos-em-assalto-a-mao-armada-em-chacara\/#breadcrumb","itemListElement":[{"@type":"ListItem","position":1,"name":"In\u00edcio","item":"https:\/\/regiaonews.net.br\/2022\/"},{"@type":"ListItem","position":2,"name":"Pol\u00edcia Civil e Pol\u00edcia Militar de Barretos prendem indiv\u00edduos envolvidos em assalto a m\u00e3o armada em ch\u00e1cara"}]},{"@type":"WebSite","@id":"https:\/\/regiaonews.net.br\/2022\/#website","url":"https:\/\/regiaonews.net.br\/2022\/","name":"Regi\u00e3o News","description":"Site de Not\u00edcias de Barretos e regi\u00e3o","publisher":{"@id":"https:\/\/regiaonews.net.br\/2022\/#organization"},"potentialAction":[{"@type":"SearchAction","target":{"@type":"EntryPoint","urlTemplate":"https:\/\/regiaonews.net.br\/2022\/?s={search_term_string}"},"query-input":{"@type":"PropertyValueSpecification","valueRequired":true,"valueName":"search_term_string"}}],"inLanguage":"pt-BR"},{"@type":"Organization","@id":"https:\/\/regiaonews.net.br\/2022\/#organization","name":"Regi\u00e3o News","url":"https:\/\/regiaonews.net.br\/2022\/","logo":{"@type":"ImageObject","inLanguage":"pt-BR","@id":"https:\/\/regiaonews.net.br\/2022\/#\/schema\/logo\/image\/","url":"https:\/\/regiaonews.net.br\/2022\/wp-content\/uploads\/2026\/03\/regiao-13-anos-scaled.jpg","contentUrl":"https:\/\/regiaonews.net.br\/2022\/wp-content\/uploads\/2026\/03\/regiao-13-anos-scaled.jpg","width":2560,"height":635,"caption":"Regi\u00e3o News"},"image":{"@id":"https:\/\/regiaonews.net.br\/2022\/#\/schema\/logo\/image\/"}},{"@type":"Person","@id":"https:\/\/regiaonews.net.br\/2022\/#\/schema\/person\/2d205a608a5aa97ac279d7a5e6d89ad8","name":"Roberto","image":{"@type":"ImageObject","inLanguage":"pt-BR","@id":"https:\/\/secure.gravatar.com\/avatar\/42749d8b712ff9d59ca93dc150494e5b55a44134482993f5baeb97e61b7ecc89?s=96&d=mm&r=g","url":"https:\/\/secure.gravatar.com\/avatar\/42749d8b712ff9d59ca93dc150494e5b55a44134482993f5baeb97e61b7ecc89?s=96&d=mm&r=g","contentUrl":"https:\/\/secure.gravatar.com\/avatar\/42749d8b712ff9d59ca93dc150494e5b55a44134482993f5baeb97e61b7ecc89?s=96&d=mm&r=g","caption":"Roberto"},"url":"https:\/\/regiaonews.net.br\/2022\/author\/roberto\/"}]}},"publishpress_future_action":{"enabled":false,"date":"2026-05-09 10:22:04","action":"change-status","newStatus":"draft","terms":[],"taxonomy":"category","extraData":[]},"publishpress_future_workflow_manual_trigger":{"enabledWorkflows":[]},"_links":{"self":[{"href":"https:\/\/regiaonews.net.br\/2022\/wp-json\/wp\/v2\/posts\/84012","targetHints":{"allow":["GET"]}}],"collection":[{"href":"https:\/\/regiaonews.net.br\/2022\/wp-json\/wp\/v2\/posts"}],"about":[{"href":"https:\/\/regiaonews.net.br\/2022\/wp-json\/wp\/v2\/types\/post"}],"author":[{"embeddable":true,"href":"https:\/\/regiaonews.net.br\/2022\/wp-json\/wp\/v2\/users\/2"}],"replies":[{"embeddable":true,"href":"https:\/\/regiaonews.net.br\/2022\/wp-json\/wp\/v2\/comments?post=84012"}],"version-history":[{"count":1,"href":"https:\/\/regiaonews.net.br\/2022\/wp-json\/wp\/v2\/posts\/84012\/revisions"}],"predecessor-version":[{"id":84015,"href":"https:\/\/regiaonews.net.br\/2022\/wp-json\/wp\/v2\/posts\/84012\/revisions\/84015"}],"wp:featuredmedia":[{"embeddable":true,"href":"https:\/\/regiaonews.net.br\/2022\/wp-json\/wp\/v2\/media\/84014"}],"wp:attachment":[{"href":"https:\/\/regiaonews.net.br\/2022\/wp-json\/wp\/v2\/media?parent=84012"}],"wp:term":[{"taxonomy":"category","embeddable":true,"href":"https:\/\/regiaonews.net.br\/2022\/wp-json\/wp\/v2\/categories?post=84012"},{"taxonomy":"post_tag","embeddable":true,"href":"https:\/\/regiaonews.net.br\/2022\/wp-json\/wp\/v2\/tags?post=84012"}],"curies":[{"name":"wp","href":"https:\/\/api.w.org\/{rel}","templated":true}]}}