{"id":83957,"date":"2023-02-13T20:51:56","date_gmt":"2023-02-13T23:51:56","guid":{"rendered":"https:\/\/regiaonews.net.br\/2022\/?p=83957"},"modified":"2023-02-13T20:57:38","modified_gmt":"2023-02-13T23:57:38","slug":"participe-audiencia-publica-apresenta-situacao-financeira-do-municipio-em-2022","status":"publish","type":"post","link":"https:\/\/regiaonews.net.br\/2022\/2023\/02\/13\/participe-audiencia-publica-apresenta-situacao-financeira-do-municipio-em-2022\/","title":{"rendered":"PARTICIPE ! Audi\u00eancia P\u00fablica apresenta situa\u00e7\u00e3o financeira do Munic\u00edpio em 2022"},"content":{"rendered":"<p>A C\u00e2mara realiza no pr\u00f3ximo dia\u00a0<strong>28 de fevereiro\u00a0<\/strong>(<strong>ter\u00e7a-feira)<\/strong>,\u00a0\u00e0s\u00a0<strong>19h<\/strong>, a\u00a0<strong>Audi\u00eancia P\u00fablica<\/strong>\u00a0para\u00a0demonstra\u00e7\u00e3o e avalia\u00e7\u00e3o\u00a0da situa\u00e7\u00e3o financeira do Munic\u00edpio da Est\u00e2ncia Tur\u00edstica de Barretos\u00a0<strong>nos meses de setembro a dezembro de 2022.<\/strong><\/p>\n<p>A\u00a0 TV C\u00e2mara vai transmitir a Audi\u00eancia P\u00fablica pelo\u00a0<strong>canal 31.3<\/strong>,<strong>\u00a0<a title=\"\" href=\"https:\/\/www.facebook.com\/tvcamarabarretos\/\" target=\"_blank\" rel=\"noopener\" data-original-title=\"\">Facebook\u00a0<\/a>e\u00a0<a title=\"\" href=\"https:\/\/www.youtube.com\/tvcamarabarretos\" target=\"_blank\" rel=\"noopener\" data-original-title=\"\">Youtube<\/a><\/strong>, com resumo no\u00a0<a title=\"\" href=\"https:\/\/www.instagram.com\/camarabarretos\/\" target=\"_blank\" rel=\"noopener\" data-original-title=\"\"><strong>Instagram<\/strong><\/a>.<\/p>\n<p><a href=\"https:\/\/regiaonews.net.br\/2022\/wp-content\/uploads\/2023\/02\/alta_166333116263246b5ac4d05.jpg\"><img loading=\"lazy\" decoding=\"async\" class=\"alignnone size-medium wp-image-83958\" src=\"https:\/\/regiaonews.net.br\/2022\/wp-content\/uploads\/2023\/02\/alta_166333116263246b5ac4d05-300x169.jpg\" alt=\"\" width=\"300\" height=\"169\" srcset=\"https:\/\/regiaonews.net.br\/2022\/wp-content\/uploads\/2023\/02\/alta_166333116263246b5ac4d05-300x169.jpg 300w, https:\/\/regiaonews.net.br\/2022\/wp-content\/uploads\/2023\/02\/alta_166333116263246b5ac4d05-1024x576.jpg 1024w, https:\/\/regiaonews.net.br\/2022\/wp-content\/uploads\/2023\/02\/alta_166333116263246b5ac4d05-768x432.jpg 768w, https:\/\/regiaonews.net.br\/2022\/wp-content\/uploads\/2023\/02\/alta_166333116263246b5ac4d05-1536x864.jpg 1536w, https:\/\/regiaonews.net.br\/2022\/wp-content\/uploads\/2023\/02\/alta_166333116263246b5ac4d05-250x141.jpg 250w, https:\/\/regiaonews.net.br\/2022\/wp-content\/uploads\/2023\/02\/alta_166333116263246b5ac4d05.jpg 1920w\" sizes=\"auto, (max-width: 300px) 100vw, 300px\" \/><\/a> <a href=\"https:\/\/regiaonews.net.br\/2022\/wp-content\/uploads\/2023\/02\/alta_167629311863ea33fe3fd25.jpg\"><img loading=\"lazy\" decoding=\"async\" class=\"alignnone size-medium wp-image-83960\" src=\"https:\/\/regiaonews.net.br\/2022\/wp-content\/uploads\/2023\/02\/alta_167629311863ea33fe3fd25-300x169.jpg\" alt=\"\" width=\"300\" height=\"169\" srcset=\"https:\/\/regiaonews.net.br\/2022\/wp-content\/uploads\/2023\/02\/alta_167629311863ea33fe3fd25-300x169.jpg 300w, https:\/\/regiaonews.net.br\/2022\/wp-content\/uploads\/2023\/02\/alta_167629311863ea33fe3fd25-1024x576.jpg 1024w, https:\/\/regiaonews.net.br\/2022\/wp-content\/uploads\/2023\/02\/alta_167629311863ea33fe3fd25-768x432.jpg 768w, https:\/\/regiaonews.net.br\/2022\/wp-content\/uploads\/2023\/02\/alta_167629311863ea33fe3fd25-1536x864.jpg 1536w, https:\/\/regiaonews.net.br\/2022\/wp-content\/uploads\/2023\/02\/alta_167629311863ea33fe3fd25-250x141.jpg 250w, https:\/\/regiaonews.net.br\/2022\/wp-content\/uploads\/2023\/02\/alta_167629311863ea33fe3fd25.jpg 1920w\" sizes=\"auto, (max-width: 300px) 100vw, 300px\" \/><\/a><\/p>\n<p><a href=\"https:\/\/regiaonews.net.br\/2022\/wp-content\/uploads\/2023\/02\/alta_167629312163ea34011bfa7.jpg\"><img loading=\"lazy\" decoding=\"async\" class=\"alignnone size-medium wp-image-83961\" src=\"https:\/\/regiaonews.net.br\/2022\/wp-content\/uploads\/2023\/02\/alta_167629312163ea34011bfa7-212x300.jpg\" alt=\"\" width=\"212\" height=\"300\" srcset=\"https:\/\/regiaonews.net.br\/2022\/wp-content\/uploads\/2023\/02\/alta_167629312163ea34011bfa7-212x300.jpg 212w, https:\/\/regiaonews.net.br\/2022\/wp-content\/uploads\/2023\/02\/alta_167629312163ea34011bfa7-724x1024.jpg 724w, https:\/\/regiaonews.net.br\/2022\/wp-content\/uploads\/2023\/02\/alta_167629312163ea34011bfa7-768x1086.jpg 768w, https:\/\/regiaonews.net.br\/2022\/wp-content\/uploads\/2023\/02\/alta_167629312163ea34011bfa7-1086x1536.jpg 1086w, https:\/\/regiaonews.net.br\/2022\/wp-content\/uploads\/2023\/02\/alta_167629312163ea34011bfa7-250x354.jpg 250w, https:\/\/regiaonews.net.br\/2022\/wp-content\/uploads\/2023\/02\/alta_167629312163ea34011bfa7.jpg 1414w\" sizes=\"auto, (max-width: 212px) 100vw, 212px\" \/><\/a><\/p>\n<p>Tecnicamente, essa Audi\u00eancia P\u00fablica\u00a0 \u00e9 chamada de\u00a0<strong>&#8221; Demonstra\u00e7\u00e3o das Metas Fiscais do 3\u00ba quadrimestre&#8221;.\u00a0<\/strong>Na pr\u00e1tica, trata-se de uma\u00a0\u00a0<strong>&#8216;presta\u00e7\u00e3o de contas&#8217;<\/strong>\u00a0aos vereadores e \u00e0 popula\u00e7\u00e3o de\u00a0<strong>tudo o que a Prefeitura, o SAAEB, o IPMB e a C\u00e2mara\u00a0\u00a0arrecadaram (Receitas) e gastaram (Despesas)\u00a0<\/strong>no per\u00edodo.<\/p>\n<p>&nbsp;<\/p>\n<p>Geralmente\u00a0as informa\u00e7\u00f5es mais aguardadas s\u00e3o as relacionadas aos gastos obrigat\u00f3rios com Sa\u00fade e Ensino (Educa\u00e7\u00e3o), limite de gastos com a\u00a0\u00a0Folha de Pagamento dos Servidores, al\u00e9m da situa\u00e7\u00e3o da d\u00edvida com o Instituto de Previd\u00eancia. Por\u00e9m, v\u00e1rias tabelas e gr\u00e1ficos de v\u00e1rios segmentos da cidade s\u00e3o apresentados e discutidos.<\/p>\n<p>&nbsp;<\/p>\n<p>Os dados s\u00e3o enviados pela Secretaria Municipal de Finan\u00e7as da Prefeitura e explicados pelo\u00a0consultor cont\u00e1bil,Gaspar da Costa.<\/p>\n<p>&nbsp;<\/p>\n","protected":false},"excerpt":{"rendered":"<p>A C\u00e2mara realiza no pr\u00f3ximo dia\u00a028 de fevereiro\u00a0(ter\u00e7a-feira),\u00a0\u00e0s\u00a019h, a\u00a0Audi\u00eancia P\u00fablica\u00a0para\u00a0demonstra\u00e7\u00e3o<\/p>\n","protected":false},"author":2,"featured_media":83959,"comment_status":"open","ping_status":"open","sticky":false,"template":"","format":"standard","meta":{"footnotes":""},"categories":[14,25],"tags":[],"class_list":["post-83957","post","type-post","status-publish","format-standard","has-post-thumbnail","hentry","category-barretos","category-cidades"],"yoast_head":"<!-- This site is optimized with the Yoast SEO plugin v27.4 - https:\/\/yoast.com\/product\/yoast-seo-wordpress\/ -->\n<title>PARTICIPE ! Audi\u00eancia P\u00fablica apresenta situa\u00e7\u00e3o financeira do Munic\u00edpio em 2022 - Regi\u00e3o News<\/title>\n<meta name=\"robots\" content=\"index, follow, max-snippet:-1, max-image-preview:large, max-video-preview:-1\" \/>\n<link rel=\"canonical\" href=\"https:\/\/regiaonews.net.br\/2022\/2023\/02\/13\/participe-audiencia-publica-apresenta-situacao-financeira-do-municipio-em-2022\/\" \/>\n<meta property=\"og:locale\" content=\"pt_BR\" \/>\n<meta property=\"og:type\" content=\"article\" \/>\n<meta property=\"og:title\" content=\"PARTICIPE ! Audi\u00eancia P\u00fablica apresenta situa\u00e7\u00e3o financeira do Munic\u00edpio em 2022 - Regi\u00e3o News\" \/>\n<meta property=\"og:description\" content=\"A C\u00e2mara realiza no pr\u00f3ximo dia\u00a028 de fevereiro\u00a0(ter\u00e7a-feira),\u00a0\u00e0s\u00a019h, a\u00a0Audi\u00eancia P\u00fablica\u00a0para\u00a0demonstra\u00e7\u00e3o\" \/>\n<meta property=\"og:url\" content=\"https:\/\/regiaonews.net.br\/2022\/2023\/02\/13\/participe-audiencia-publica-apresenta-situacao-financeira-do-municipio-em-2022\/\" \/>\n<meta property=\"og:site_name\" content=\"Regi\u00e3o News\" \/>\n<meta property=\"article:published_time\" content=\"2023-02-13T23:51:56+00:00\" \/>\n<meta property=\"article:modified_time\" content=\"2023-02-13T23:57:38+00:00\" \/>\n<meta property=\"og:image\" content=\"https:\/\/regiaonews.net.br\/2022\/wp-content\/uploads\/2023\/02\/alta_167629311663ea33fc6132e.jpg\" \/>\n\t<meta property=\"og:image:width\" content=\"1080\" \/>\n\t<meta property=\"og:image:height\" content=\"1080\" \/>\n\t<meta property=\"og:image:type\" content=\"image\/jpeg\" \/>\n<meta name=\"author\" content=\"Roberto\" \/>\n<meta name=\"twitter:card\" content=\"summary_large_image\" \/>\n<meta name=\"twitter:label1\" content=\"Escrito por\" \/>\n\t<meta name=\"twitter:data1\" content=\"Roberto\" \/>\n\t<meta name=\"twitter:label2\" content=\"Est. tempo de leitura\" \/>\n\t<meta name=\"twitter:data2\" content=\"2 minutos\" \/>\n<script type=\"application\/ld+json\" class=\"yoast-schema-graph\">{\"@context\":\"https:\\\/\\\/schema.org\",\"@graph\":[{\"@type\":\"Article\",\"@id\":\"https:\\\/\\\/regiaonews.net.br\\\/2022\\\/2023\\\/02\\\/13\\\/participe-audiencia-publica-apresenta-situacao-financeira-do-municipio-em-2022\\\/#article\",\"isPartOf\":{\"@id\":\"https:\\\/\\\/regiaonews.net.br\\\/2022\\\/2023\\\/02\\\/13\\\/participe-audiencia-publica-apresenta-situacao-financeira-do-municipio-em-2022\\\/\"},\"author\":{\"name\":\"Roberto\",\"@id\":\"https:\\\/\\\/regiaonews.net.br\\\/2022\\\/#\\\/schema\\\/person\\\/2d205a608a5aa97ac279d7a5e6d89ad8\"},\"headline\":\"PARTICIPE ! Audi\u00eancia P\u00fablica apresenta situa\u00e7\u00e3o financeira do Munic\u00edpio em 2022\",\"datePublished\":\"2023-02-13T23:51:56+00:00\",\"dateModified\":\"2023-02-13T23:57:38+00:00\",\"mainEntityOfPage\":{\"@id\":\"https:\\\/\\\/regiaonews.net.br\\\/2022\\\/2023\\\/02\\\/13\\\/participe-audiencia-publica-apresenta-situacao-financeira-do-municipio-em-2022\\\/\"},\"wordCount\":220,\"commentCount\":0,\"publisher\":{\"@id\":\"https:\\\/\\\/regiaonews.net.br\\\/2022\\\/#organization\"},\"image\":{\"@id\":\"https:\\\/\\\/regiaonews.net.br\\\/2022\\\/2023\\\/02\\\/13\\\/participe-audiencia-publica-apresenta-situacao-financeira-do-municipio-em-2022\\\/#primaryimage\"},\"thumbnailUrl\":\"https:\\\/\\\/regiaonews.net.br\\\/2022\\\/wp-content\\\/uploads\\\/2023\\\/02\\\/alta_167629311663ea33fc6132e.jpg\",\"articleSection\":[\"Barretos\",\"Cidades\"],\"inLanguage\":\"pt-BR\",\"potentialAction\":[{\"@type\":\"CommentAction\",\"name\":\"Comment\",\"target\":[\"https:\\\/\\\/regiaonews.net.br\\\/2022\\\/2023\\\/02\\\/13\\\/participe-audiencia-publica-apresenta-situacao-financeira-do-municipio-em-2022\\\/#respond\"]}]},{\"@type\":\"WebPage\",\"@id\":\"https:\\\/\\\/regiaonews.net.br\\\/2022\\\/2023\\\/02\\\/13\\\/participe-audiencia-publica-apresenta-situacao-financeira-do-municipio-em-2022\\\/\",\"url\":\"https:\\\/\\\/regiaonews.net.br\\\/2022\\\/2023\\\/02\\\/13\\\/participe-audiencia-publica-apresenta-situacao-financeira-do-municipio-em-2022\\\/\",\"name\":\"PARTICIPE ! Audi\u00eancia P\u00fablica apresenta situa\u00e7\u00e3o financeira do Munic\u00edpio em 2022 - Regi\u00e3o News\",\"isPartOf\":{\"@id\":\"https:\\\/\\\/regiaonews.net.br\\\/2022\\\/#website\"},\"primaryImageOfPage\":{\"@id\":\"https:\\\/\\\/regiaonews.net.br\\\/2022\\\/2023\\\/02\\\/13\\\/participe-audiencia-publica-apresenta-situacao-financeira-do-municipio-em-2022\\\/#primaryimage\"},\"image\":{\"@id\":\"https:\\\/\\\/regiaonews.net.br\\\/2022\\\/2023\\\/02\\\/13\\\/participe-audiencia-publica-apresenta-situacao-financeira-do-municipio-em-2022\\\/#primaryimage\"},\"thumbnailUrl\":\"https:\\\/\\\/regiaonews.net.br\\\/2022\\\/wp-content\\\/uploads\\\/2023\\\/02\\\/alta_167629311663ea33fc6132e.jpg\",\"datePublished\":\"2023-02-13T23:51:56+00:00\",\"dateModified\":\"2023-02-13T23:57:38+00:00\",\"breadcrumb\":{\"@id\":\"https:\\\/\\\/regiaonews.net.br\\\/2022\\\/2023\\\/02\\\/13\\\/participe-audiencia-publica-apresenta-situacao-financeira-do-municipio-em-2022\\\/#breadcrumb\"},\"inLanguage\":\"pt-BR\",\"potentialAction\":[{\"@type\":\"ReadAction\",\"target\":[\"https:\\\/\\\/regiaonews.net.br\\\/2022\\\/2023\\\/02\\\/13\\\/participe-audiencia-publica-apresenta-situacao-financeira-do-municipio-em-2022\\\/\"]}]},{\"@type\":\"ImageObject\",\"inLanguage\":\"pt-BR\",\"@id\":\"https:\\\/\\\/regiaonews.net.br\\\/2022\\\/2023\\\/02\\\/13\\\/participe-audiencia-publica-apresenta-situacao-financeira-do-municipio-em-2022\\\/#primaryimage\",\"url\":\"https:\\\/\\\/regiaonews.net.br\\\/2022\\\/wp-content\\\/uploads\\\/2023\\\/02\\\/alta_167629311663ea33fc6132e.jpg\",\"contentUrl\":\"https:\\\/\\\/regiaonews.net.br\\\/2022\\\/wp-content\\\/uploads\\\/2023\\\/02\\\/alta_167629311663ea33fc6132e.jpg\",\"width\":1080,\"height\":1080},{\"@type\":\"BreadcrumbList\",\"@id\":\"https:\\\/\\\/regiaonews.net.br\\\/2022\\\/2023\\\/02\\\/13\\\/participe-audiencia-publica-apresenta-situacao-financeira-do-municipio-em-2022\\\/#breadcrumb\",\"itemListElement\":[{\"@type\":\"ListItem\",\"position\":1,\"name\":\"In\u00edcio\",\"item\":\"https:\\\/\\\/regiaonews.net.br\\\/2022\\\/\"},{\"@type\":\"ListItem\",\"position\":2,\"name\":\"PARTICIPE ! Audi\u00eancia P\u00fablica apresenta situa\u00e7\u00e3o financeira do Munic\u00edpio em 2022\"}]},{\"@type\":\"WebSite\",\"@id\":\"https:\\\/\\\/regiaonews.net.br\\\/2022\\\/#website\",\"url\":\"https:\\\/\\\/regiaonews.net.br\\\/2022\\\/\",\"name\":\"Regi\u00e3o News\",\"description\":\"Site de Not\u00edcias de Barretos e regi\u00e3o\",\"publisher\":{\"@id\":\"https:\\\/\\\/regiaonews.net.br\\\/2022\\\/#organization\"},\"potentialAction\":[{\"@type\":\"SearchAction\",\"target\":{\"@type\":\"EntryPoint\",\"urlTemplate\":\"https:\\\/\\\/regiaonews.net.br\\\/2022\\\/?s={search_term_string}\"},\"query-input\":{\"@type\":\"PropertyValueSpecification\",\"valueRequired\":true,\"valueName\":\"search_term_string\"}}],\"inLanguage\":\"pt-BR\"},{\"@type\":\"Organization\",\"@id\":\"https:\\\/\\\/regiaonews.net.br\\\/2022\\\/#organization\",\"name\":\"Regi\u00e3o News\",\"url\":\"https:\\\/\\\/regiaonews.net.br\\\/2022\\\/\",\"logo\":{\"@type\":\"ImageObject\",\"inLanguage\":\"pt-BR\",\"@id\":\"https:\\\/\\\/regiaonews.net.br\\\/2022\\\/#\\\/schema\\\/logo\\\/image\\\/\",\"url\":\"https:\\\/\\\/regiaonews.net.br\\\/2022\\\/wp-content\\\/uploads\\\/2026\\\/03\\\/regiao-13-anos-scaled.jpg\",\"contentUrl\":\"https:\\\/\\\/regiaonews.net.br\\\/2022\\\/wp-content\\\/uploads\\\/2026\\\/03\\\/regiao-13-anos-scaled.jpg\",\"width\":2560,\"height\":635,\"caption\":\"Regi\u00e3o News\"},\"image\":{\"@id\":\"https:\\\/\\\/regiaonews.net.br\\\/2022\\\/#\\\/schema\\\/logo\\\/image\\\/\"}},{\"@type\":\"Person\",\"@id\":\"https:\\\/\\\/regiaonews.net.br\\\/2022\\\/#\\\/schema\\\/person\\\/2d205a608a5aa97ac279d7a5e6d89ad8\",\"name\":\"Roberto\",\"image\":{\"@type\":\"ImageObject\",\"inLanguage\":\"pt-BR\",\"@id\":\"https:\\\/\\\/secure.gravatar.com\\\/avatar\\\/42749d8b712ff9d59ca93dc150494e5b55a44134482993f5baeb97e61b7ecc89?s=96&d=mm&r=g\",\"url\":\"https:\\\/\\\/secure.gravatar.com\\\/avatar\\\/42749d8b712ff9d59ca93dc150494e5b55a44134482993f5baeb97e61b7ecc89?s=96&d=mm&r=g\",\"contentUrl\":\"https:\\\/\\\/secure.gravatar.com\\\/avatar\\\/42749d8b712ff9d59ca93dc150494e5b55a44134482993f5baeb97e61b7ecc89?s=96&d=mm&r=g\",\"caption\":\"Roberto\"},\"url\":\"https:\\\/\\\/regiaonews.net.br\\\/2022\\\/author\\\/roberto\\\/\"}]}<\/script>\n<!-- \/ Yoast SEO plugin. -->","yoast_head_json":{"title":"PARTICIPE ! Audi\u00eancia P\u00fablica apresenta situa\u00e7\u00e3o financeira do Munic\u00edpio em 2022 - Regi\u00e3o News","robots":{"index":"index","follow":"follow","max-snippet":"max-snippet:-1","max-image-preview":"max-image-preview:large","max-video-preview":"max-video-preview:-1"},"canonical":"https:\/\/regiaonews.net.br\/2022\/2023\/02\/13\/participe-audiencia-publica-apresenta-situacao-financeira-do-municipio-em-2022\/","og_locale":"pt_BR","og_type":"article","og_title":"PARTICIPE ! Audi\u00eancia P\u00fablica apresenta situa\u00e7\u00e3o financeira do Munic\u00edpio em 2022 - Regi\u00e3o News","og_description":"A C\u00e2mara realiza no pr\u00f3ximo dia\u00a028 de fevereiro\u00a0(ter\u00e7a-feira),\u00a0\u00e0s\u00a019h, a\u00a0Audi\u00eancia P\u00fablica\u00a0para\u00a0demonstra\u00e7\u00e3o","og_url":"https:\/\/regiaonews.net.br\/2022\/2023\/02\/13\/participe-audiencia-publica-apresenta-situacao-financeira-do-municipio-em-2022\/","og_site_name":"Regi\u00e3o News","article_published_time":"2023-02-13T23:51:56+00:00","article_modified_time":"2023-02-13T23:57:38+00:00","og_image":[{"width":1080,"height":1080,"url":"https:\/\/regiaonews.net.br\/2022\/wp-content\/uploads\/2023\/02\/alta_167629311663ea33fc6132e.jpg","type":"image\/jpeg"}],"author":"Roberto","twitter_card":"summary_large_image","twitter_misc":{"Escrito por":"Roberto","Est. tempo de leitura":"2 minutos"},"schema":{"@context":"https:\/\/schema.org","@graph":[{"@type":"Article","@id":"https:\/\/regiaonews.net.br\/2022\/2023\/02\/13\/participe-audiencia-publica-apresenta-situacao-financeira-do-municipio-em-2022\/#article","isPartOf":{"@id":"https:\/\/regiaonews.net.br\/2022\/2023\/02\/13\/participe-audiencia-publica-apresenta-situacao-financeira-do-municipio-em-2022\/"},"author":{"name":"Roberto","@id":"https:\/\/regiaonews.net.br\/2022\/#\/schema\/person\/2d205a608a5aa97ac279d7a5e6d89ad8"},"headline":"PARTICIPE ! Audi\u00eancia P\u00fablica apresenta situa\u00e7\u00e3o financeira do Munic\u00edpio em 2022","datePublished":"2023-02-13T23:51:56+00:00","dateModified":"2023-02-13T23:57:38+00:00","mainEntityOfPage":{"@id":"https:\/\/regiaonews.net.br\/2022\/2023\/02\/13\/participe-audiencia-publica-apresenta-situacao-financeira-do-municipio-em-2022\/"},"wordCount":220,"commentCount":0,"publisher":{"@id":"https:\/\/regiaonews.net.br\/2022\/#organization"},"image":{"@id":"https:\/\/regiaonews.net.br\/2022\/2023\/02\/13\/participe-audiencia-publica-apresenta-situacao-financeira-do-municipio-em-2022\/#primaryimage"},"thumbnailUrl":"https:\/\/regiaonews.net.br\/2022\/wp-content\/uploads\/2023\/02\/alta_167629311663ea33fc6132e.jpg","articleSection":["Barretos","Cidades"],"inLanguage":"pt-BR","potentialAction":[{"@type":"CommentAction","name":"Comment","target":["https:\/\/regiaonews.net.br\/2022\/2023\/02\/13\/participe-audiencia-publica-apresenta-situacao-financeira-do-municipio-em-2022\/#respond"]}]},{"@type":"WebPage","@id":"https:\/\/regiaonews.net.br\/2022\/2023\/02\/13\/participe-audiencia-publica-apresenta-situacao-financeira-do-municipio-em-2022\/","url":"https:\/\/regiaonews.net.br\/2022\/2023\/02\/13\/participe-audiencia-publica-apresenta-situacao-financeira-do-municipio-em-2022\/","name":"PARTICIPE ! Audi\u00eancia P\u00fablica apresenta situa\u00e7\u00e3o financeira do Munic\u00edpio em 2022 - Regi\u00e3o News","isPartOf":{"@id":"https:\/\/regiaonews.net.br\/2022\/#website"},"primaryImageOfPage":{"@id":"https:\/\/regiaonews.net.br\/2022\/2023\/02\/13\/participe-audiencia-publica-apresenta-situacao-financeira-do-municipio-em-2022\/#primaryimage"},"image":{"@id":"https:\/\/regiaonews.net.br\/2022\/2023\/02\/13\/participe-audiencia-publica-apresenta-situacao-financeira-do-municipio-em-2022\/#primaryimage"},"thumbnailUrl":"https:\/\/regiaonews.net.br\/2022\/wp-content\/uploads\/2023\/02\/alta_167629311663ea33fc6132e.jpg","datePublished":"2023-02-13T23:51:56+00:00","dateModified":"2023-02-13T23:57:38+00:00","breadcrumb":{"@id":"https:\/\/regiaonews.net.br\/2022\/2023\/02\/13\/participe-audiencia-publica-apresenta-situacao-financeira-do-municipio-em-2022\/#breadcrumb"},"inLanguage":"pt-BR","potentialAction":[{"@type":"ReadAction","target":["https:\/\/regiaonews.net.br\/2022\/2023\/02\/13\/participe-audiencia-publica-apresenta-situacao-financeira-do-municipio-em-2022\/"]}]},{"@type":"ImageObject","inLanguage":"pt-BR","@id":"https:\/\/regiaonews.net.br\/2022\/2023\/02\/13\/participe-audiencia-publica-apresenta-situacao-financeira-do-municipio-em-2022\/#primaryimage","url":"https:\/\/regiaonews.net.br\/2022\/wp-content\/uploads\/2023\/02\/alta_167629311663ea33fc6132e.jpg","contentUrl":"https:\/\/regiaonews.net.br\/2022\/wp-content\/uploads\/2023\/02\/alta_167629311663ea33fc6132e.jpg","width":1080,"height":1080},{"@type":"BreadcrumbList","@id":"https:\/\/regiaonews.net.br\/2022\/2023\/02\/13\/participe-audiencia-publica-apresenta-situacao-financeira-do-municipio-em-2022\/#breadcrumb","itemListElement":[{"@type":"ListItem","position":1,"name":"In\u00edcio","item":"https:\/\/regiaonews.net.br\/2022\/"},{"@type":"ListItem","position":2,"name":"PARTICIPE ! Audi\u00eancia P\u00fablica apresenta situa\u00e7\u00e3o financeira do Munic\u00edpio em 2022"}]},{"@type":"WebSite","@id":"https:\/\/regiaonews.net.br\/2022\/#website","url":"https:\/\/regiaonews.net.br\/2022\/","name":"Regi\u00e3o News","description":"Site de Not\u00edcias de Barretos e regi\u00e3o","publisher":{"@id":"https:\/\/regiaonews.net.br\/2022\/#organization"},"potentialAction":[{"@type":"SearchAction","target":{"@type":"EntryPoint","urlTemplate":"https:\/\/regiaonews.net.br\/2022\/?s={search_term_string}"},"query-input":{"@type":"PropertyValueSpecification","valueRequired":true,"valueName":"search_term_string"}}],"inLanguage":"pt-BR"},{"@type":"Organization","@id":"https:\/\/regiaonews.net.br\/2022\/#organization","name":"Regi\u00e3o News","url":"https:\/\/regiaonews.net.br\/2022\/","logo":{"@type":"ImageObject","inLanguage":"pt-BR","@id":"https:\/\/regiaonews.net.br\/2022\/#\/schema\/logo\/image\/","url":"https:\/\/regiaonews.net.br\/2022\/wp-content\/uploads\/2026\/03\/regiao-13-anos-scaled.jpg","contentUrl":"https:\/\/regiaonews.net.br\/2022\/wp-content\/uploads\/2026\/03\/regiao-13-anos-scaled.jpg","width":2560,"height":635,"caption":"Regi\u00e3o News"},"image":{"@id":"https:\/\/regiaonews.net.br\/2022\/#\/schema\/logo\/image\/"}},{"@type":"Person","@id":"https:\/\/regiaonews.net.br\/2022\/#\/schema\/person\/2d205a608a5aa97ac279d7a5e6d89ad8","name":"Roberto","image":{"@type":"ImageObject","inLanguage":"pt-BR","@id":"https:\/\/secure.gravatar.com\/avatar\/42749d8b712ff9d59ca93dc150494e5b55a44134482993f5baeb97e61b7ecc89?s=96&d=mm&r=g","url":"https:\/\/secure.gravatar.com\/avatar\/42749d8b712ff9d59ca93dc150494e5b55a44134482993f5baeb97e61b7ecc89?s=96&d=mm&r=g","contentUrl":"https:\/\/secure.gravatar.com\/avatar\/42749d8b712ff9d59ca93dc150494e5b55a44134482993f5baeb97e61b7ecc89?s=96&d=mm&r=g","caption":"Roberto"},"url":"https:\/\/regiaonews.net.br\/2022\/author\/roberto\/"}]}},"publishpress_future_action":{"enabled":false,"date":"2026-05-02 02:52:59","action":"change-status","newStatus":"draft","terms":[],"taxonomy":"category","extraData":[]},"publishpress_future_workflow_manual_trigger":{"enabledWorkflows":[]},"_links":{"self":[{"href":"https:\/\/regiaonews.net.br\/2022\/wp-json\/wp\/v2\/posts\/83957","targetHints":{"allow":["GET"]}}],"collection":[{"href":"https:\/\/regiaonews.net.br\/2022\/wp-json\/wp\/v2\/posts"}],"about":[{"href":"https:\/\/regiaonews.net.br\/2022\/wp-json\/wp\/v2\/types\/post"}],"author":[{"embeddable":true,"href":"https:\/\/regiaonews.net.br\/2022\/wp-json\/wp\/v2\/users\/2"}],"replies":[{"embeddable":true,"href":"https:\/\/regiaonews.net.br\/2022\/wp-json\/wp\/v2\/comments?post=83957"}],"version-history":[{"count":4,"href":"https:\/\/regiaonews.net.br\/2022\/wp-json\/wp\/v2\/posts\/83957\/revisions"}],"predecessor-version":[{"id":83965,"href":"https:\/\/regiaonews.net.br\/2022\/wp-json\/wp\/v2\/posts\/83957\/revisions\/83965"}],"wp:featuredmedia":[{"embeddable":true,"href":"https:\/\/regiaonews.net.br\/2022\/wp-json\/wp\/v2\/media\/83959"}],"wp:attachment":[{"href":"https:\/\/regiaonews.net.br\/2022\/wp-json\/wp\/v2\/media?parent=83957"}],"wp:term":[{"taxonomy":"category","embeddable":true,"href":"https:\/\/regiaonews.net.br\/2022\/wp-json\/wp\/v2\/categories?post=83957"},{"taxonomy":"post_tag","embeddable":true,"href":"https:\/\/regiaonews.net.br\/2022\/wp-json\/wp\/v2\/tags?post=83957"}],"curies":[{"name":"wp","href":"https:\/\/api.w.org\/{rel}","templated":true}]}}