{"id":83955,"date":"2023-02-13T20:47:51","date_gmt":"2023-02-13T23:47:51","guid":{"rendered":"https:\/\/regiaonews.net.br\/2022\/?p=83955"},"modified":"2023-02-13T21:17:59","modified_gmt":"2023-02-14T00:17:59","slug":"veja-lista-de-pessoas-e-empresas-citadas-em-acao-da-agu-como-financiadoras-dos-atos-golpistas","status":"publish","type":"post","link":"https:\/\/regiaonews.net.br\/2022\/2023\/02\/13\/veja-lista-de-pessoas-e-empresas-citadas-em-acao-da-agu-como-financiadoras-dos-atos-golpistas\/","title":{"rendered":"Veja lista de pessoas e empresas citadas em a\u00e7\u00e3o da AGU como financiadoras dos atos golpistas"},"content":{"rendered":"<p class=\"content-head__subtitle\">Fonte &#8211; G1<\/p>\n<p>A\u00a0<a href=\"https:\/\/g1.globo.com\/tudo-sobre\/agu\/\">Advocacia-Geral da Uni\u00e3o<\/a>\u00a0(AGU) pediu nesta segunda-feira (13) que a Justi\u00e7a Federal em Bras\u00edlia\u00a0<a href=\"https:\/\/g1.globo.com\/politica\/noticia\/2023\/02\/13\/agu-faz-1o-pedido-de-condenacao-definitiva-por-participacao-em-atos-golpistas-de-8-de-janeiro.ghtml\">condene 54 pessoas, uma associa\u00e7\u00e3o, um sindicato e tr\u00eas empresas<\/a>\u00a0a ressarcirem em\u00a0<strong>R$ 20,7 milh\u00f5es\u00a0<\/strong>os cofres p\u00fablicos pelos atos de vandalismo que depredaram as sedes dos Tr\u00eas Poderes no dia 8 de janeiro.<\/p>\n<div id=\"chunk-2hgv2\">\n<div class=\"mc-column content-text active-extra-styles \" data-block-type=\"unstyled\" data-block-weight=\"16\" data-block-id=\"5\">\n<p class=\"content-text__container \" data-track-category=\"Link no Texto\" data-track-links=\"\">Segundo a AGU, a a\u00e7\u00e3o envolve pessoas que participaram e empresas que financiaram os atos criminosos.<\/p>\n<\/div>\n<\/div>\n<div id=\"chunk-7b607\">\n<div class=\"mc-column content-text active-extra-styles \" data-block-type=\"unstyled\" data-block-weight=\"31\" data-block-id=\"6\">\n<p class=\"content-text__container \" data-track-category=\"Link no Texto\" data-track-links=\"\">O valor do preju\u00edzo foi calculado a partir de dados apresentados pelo Supremo Tribunal Federal (STF), Pal\u00e1cio do Planalto, C\u00e2mara dos Deputados e Senado Federal, que foram alvos dos bolsonaristas radicais.<\/p>\n<p data-track-category=\"Link no Texto\" data-track-links=\"\">Esse \u00e9 o primeiro pedido de condena\u00e7\u00e3o definitiva ap\u00f3s investiga\u00e7\u00e3o dos atos golpistas. Ao todo, a AGU j\u00e1 acionou 178 pessoas na Justi\u00e7a.<\/p>\n<div id=\"chunk-3bt3b\">\n<div class=\"mc-column content-text active-extra-styles \" data-block-type=\"unstyled\" data-block-weight=\"17\" data-block-id=\"11\">\n<p class=\"content-text__container \" data-track-category=\"Link no Texto\" data-track-links=\"\"><strong>Veja abaixo a lista de pessoas, empresas e entidades apontadas pela AGU como financiadoras dos atos golpistas:<\/strong><\/p>\n<\/div>\n<\/div>\n<div id=\"chunk-7nma4\">\n<div class=\"mc-column content-text active-extra-styles \" data-block-type=\"unstyled\" data-block-weight=\"2\" data-block-id=\"12\">\n<p class=\"content-text__container \" data-track-category=\"Link no Texto\" data-track-links=\"\"><strong>PESSOAS F\u00cdSICAS<\/strong><\/p>\n<\/div>\n<\/div>\n<div class=\"mc-column content-text active-extra-styles\" data-block-type=\"raw\" data-block-weight=\"384\" data-block-id=\"13\">\n<ol class=\"content-ordered-list theme-ordered-list-color-primary\">\n<li>Adailton Gomes Vidal, de S\u00e3o Paulo (SP)<\/li>\n<li>Ademir Luis Graeff, de Missal (PR)<\/li>\n<li>Adoilto Fernandes Coronel, de Maracaju (MS)<\/li>\n<li>Adriano Luis Cansi, de Cascavel (PR)<\/li>\n<li>Alethea Veruska, de S\u00e3o Jos\u00e9 dos Campos (SP)<\/li>\n<li>Amir Roberto El Dine, de Porto Uni\u00e3o (SC)<\/li>\n<li>Anderson Luiz de Oliveira, de Frutal (MG)<\/li>\n<li>Aparecida Solange Zanini, de Tr\u00eas Lagoas (MS)<\/li>\n<li>Bruno Marcos de Souza Campos, de Belo Horizonte (MG)<\/li>\n<li>Carlos Eduardo Oliveira, de S\u00e3o Pedro (SP)<\/li>\n<li>Cesar Pagatini, de Bento Gon\u00e7alves (RS)<\/li>\n<li>Claudia Reis de Andrade, de Juiz de Fora (MG)<\/li>\n<li>Daniela Bernardo Bussolotti, de Belo Horizonte (MG)<\/li>\n<li>Dyego Primolan Rocha, de Presidente Prudente (SP)<\/li>\n<li>Fernando Jos\u00e9 Ribeiro Casaca, de S\u00e3o Vicente (SP)<\/li>\n<li>Franciely Sulamita de Faria, de Nova Ponte (MG)<\/li>\n<li>Genival Jose da Silva, de Ribeir\u00e3o Preto (SP)<\/li>\n<li>Hilma Schumacher, de Belo Horizonte (MG)<\/li>\n<li>Jasson Ferreira Lima, de Paracatu (MG)<\/li>\n<li>Jean Franco de Souza, de Mirassol (SP)<\/li>\n<li>Jo\u00e3o Carlos Baldan, de S\u00e3o Jos\u00e9 do Rio Preto (SP)<\/li>\n<li>Jorge Rodrigues Cunha, de Pilar do Sul (SP)<\/li>\n<li>Jos\u00e9 de Oliveira, de Bom Jesus dos Perd\u00f5es (SP)<\/li>\n<li>Jos\u00e9 Marcolino Ramos, de Lins (SP)<\/li>\n<li>Jos\u00e9 Roberto Bacarin, de Cianorte (PR)<\/li>\n<li>Josiany Duque Gomes Simas, de Cuiab\u00e1 (MT)<\/li>\n<li>Leomar Schinemann, de Guarapuava (PR)<\/li>\n<li>Marcelo Panho, de Foz do Igua\u00e7u (PR)<\/li>\n<li>Marcia Regina Rodrigues, de Ribeir\u00e3o Preto (SP)<\/li>\n<li>M\u00e1rcio Vin\u00edcius Carvalho Coelho, de Mar\u00edlia (SP)<\/li>\n<li>Marco Antonio de Souza, de Leme (SP)<\/li>\n<li>Marcos Oliveira Queiroz, de S\u00e3o Paulo (SP)<\/li>\n<li>Marlon Diego de Oliveira, de Tup\u00e3 (SP)<\/li>\n<li>Michely Paiva Alves, de Limeira (SP)<\/li>\n<li>Monica Regina Antoniazi, de Piracicaba (SP)<\/li>\n<li>Nelma Barros Braga Perovani, de Piratininga (SP)<\/li>\n<li>Nelson Eufrosino, de Ourinhos (SP)<\/li>\n<li>Pablo Henrique da Silva Santos, de Belo Horizonte (MG)<\/li>\n<li>Patricia dos Santos Alberto Lima, de Belo Horizonte (MG)<\/li>\n<li>Pedro Luis Kurunczi, de Londrina (PR)<\/li>\n<li>Rafael da Silva, de Catal\u00e3o (GO);<\/li>\n<li>Rieny Munhoz Marcula, de Campinas (SP)<\/li>\n<li>Ros\u00e2ngela de Macedo Souza, de Riol\u00e2ndia (SP)<\/li>\n<li>Ruti Machado da Silva, de Nova Londrina (PR)<\/li>\n<li>Sandra Nunes de Aquino, de Sorocaba (SP)<\/li>\n<li>Selma Borges Pereira Fioreze, de Monte Azul Paulista (SP)<\/li>\n<li>Sheila Ferrarini, de Caxias do Sul (RS)<\/li>\n<li>Sheila Mantovanni, de Mogi das Cruzes (SP)<\/li>\n<li>Stefanus Alexssandro Franca Nogueira, de Ponta Grossa (PR)<\/li>\n<li>Sulani da Luz Antunes Santos, de Vinhedo (SP)<\/li>\n<li>Valfrido Chieppe Dias, de Vila Velha (ES)<\/li>\n<li>Vanderson Alves Nunes, de Francisco Beltr\u00e3o (PR)<\/li>\n<li>Yres Guimar\u00e3es, de Rio Verde (GO)<\/li>\n<li>Zilda Aparecida Dias, de Rio Claro (SP)<\/li>\n<\/ol>\n<\/div>\n<div id=\"chunk-4ll4m\">\n<div class=\"mc-column content-text active-extra-styles \" data-block-type=\"unstyled\" data-block-weight=\"3\" data-block-id=\"15\">\n<p class=\"content-text__container \" data-track-category=\"Link no Texto\" data-track-links=\"\"><strong>EMPRESAS E ENTIDADES<\/strong><\/p>\n<\/div>\n<\/div>\n<div class=\"mc-column content-text active-extra-styles\" data-block-type=\"raw\" data-block-weight=\"46\" data-block-id=\"16\">\n<ol class=\"content-ordered-list theme-ordered-list-color-primary\">\n<li>Alves Transportes LTDA., sediada em Aragua\u00edna (TO)<\/li>\n<li>Associa\u00e7\u00e3o Direita Corn\u00e9lio Proc\u00f3pio, sediada em Corn\u00e9lio Proc\u00f3pio (PR)<\/li>\n<li>Primavera Tur Transporte EIRELI, sediada em Primavera do Leste (MT)<\/li>\n<li>RV da Silva Servi\u00e7os Florestais LTDA, sediada em Pira\u00ed do Sul (PR)<\/li>\n<li>Sindicato Rural de Castro, sediado em Castro (PR)<\/li>\n<\/ol>\n<p>Fonte :G1<\/p>\n<\/div>\n<\/div>\n<\/div>\n","protected":false},"excerpt":{"rendered":"<p>Fonte &#8211; G1 A\u00a0Advocacia-Geral da Uni\u00e3o\u00a0(AGU) pediu nesta segunda-feira (13)<\/p>\n","protected":false},"author":2,"featured_media":44000,"comment_status":"open","ping_status":"open","sticky":false,"template":"","format":"standard","meta":{"footnotes":""},"categories":[24],"tags":[],"class_list":["post-83955","post","type-post","status-publish","format-standard","has-post-thumbnail","hentry","category-brasil"],"yoast_head":"<!-- This site is optimized with the Yoast SEO plugin v27.4 - https:\/\/yoast.com\/product\/yoast-seo-wordpress\/ -->\n<title>Veja lista de pessoas e empresas citadas em a\u00e7\u00e3o da AGU como financiadoras dos atos golpistas - Regi\u00e3o News<\/title>\n<meta name=\"robots\" content=\"index, follow, max-snippet:-1, max-image-preview:large, max-video-preview:-1\" \/>\n<link rel=\"canonical\" href=\"https:\/\/regiaonews.net.br\/2022\/2023\/02\/13\/veja-lista-de-pessoas-e-empresas-citadas-em-acao-da-agu-como-financiadoras-dos-atos-golpistas\/\" \/>\n<meta property=\"og:locale\" content=\"pt_BR\" \/>\n<meta property=\"og:type\" content=\"article\" \/>\n<meta property=\"og:title\" content=\"Veja lista de pessoas e empresas citadas em a\u00e7\u00e3o da AGU como financiadoras dos atos golpistas - Regi\u00e3o News\" \/>\n<meta property=\"og:description\" content=\"Fonte &#8211; G1 A\u00a0Advocacia-Geral da Uni\u00e3o\u00a0(AGU) pediu nesta segunda-feira (13)\" \/>\n<meta property=\"og:url\" content=\"https:\/\/regiaonews.net.br\/2022\/2023\/02\/13\/veja-lista-de-pessoas-e-empresas-citadas-em-acao-da-agu-como-financiadoras-dos-atos-golpistas\/\" \/>\n<meta property=\"og:site_name\" content=\"Regi\u00e3o News\" \/>\n<meta property=\"article:published_time\" content=\"2023-02-13T23:47:51+00:00\" \/>\n<meta property=\"article:modified_time\" content=\"2023-02-14T00:17:59+00:00\" \/>\n<meta property=\"og:image\" content=\"https:\/\/regiaonews.net.br\/2022\/wp-content\/uploads\/2021\/03\/stj_1908200977_0.jpg\" \/>\n\t<meta property=\"og:image:width\" content=\"1170\" \/>\n\t<meta property=\"og:image:height\" content=\"700\" \/>\n\t<meta property=\"og:image:type\" content=\"image\/jpeg\" \/>\n<meta name=\"author\" content=\"Roberto\" \/>\n<meta name=\"twitter:card\" content=\"summary_large_image\" \/>\n<meta name=\"twitter:label1\" content=\"Escrito por\" \/>\n\t<meta name=\"twitter:data1\" content=\"Roberto\" \/>\n\t<meta name=\"twitter:label2\" content=\"Est. tempo de leitura\" \/>\n\t<meta name=\"twitter:data2\" content=\"4 minutos\" \/>\n<script type=\"application\/ld+json\" class=\"yoast-schema-graph\">{\"@context\":\"https:\\\/\\\/schema.org\",\"@graph\":[{\"@type\":\"Article\",\"@id\":\"https:\\\/\\\/regiaonews.net.br\\\/2022\\\/2023\\\/02\\\/13\\\/veja-lista-de-pessoas-e-empresas-citadas-em-acao-da-agu-como-financiadoras-dos-atos-golpistas\\\/#article\",\"isPartOf\":{\"@id\":\"https:\\\/\\\/regiaonews.net.br\\\/2022\\\/2023\\\/02\\\/13\\\/veja-lista-de-pessoas-e-empresas-citadas-em-acao-da-agu-como-financiadoras-dos-atos-golpistas\\\/\"},\"author\":{\"name\":\"Roberto\",\"@id\":\"https:\\\/\\\/regiaonews.net.br\\\/2022\\\/#\\\/schema\\\/person\\\/2d205a608a5aa97ac279d7a5e6d89ad8\"},\"headline\":\"Veja lista de pessoas e empresas citadas em a\u00e7\u00e3o da AGU como financiadoras dos atos golpistas\",\"datePublished\":\"2023-02-13T23:47:51+00:00\",\"dateModified\":\"2023-02-14T00:17:59+00:00\",\"mainEntityOfPage\":{\"@id\":\"https:\\\/\\\/regiaonews.net.br\\\/2022\\\/2023\\\/02\\\/13\\\/veja-lista-de-pessoas-e-empresas-citadas-em-acao-da-agu-como-financiadoras-dos-atos-golpistas\\\/\"},\"wordCount\":634,\"commentCount\":0,\"publisher\":{\"@id\":\"https:\\\/\\\/regiaonews.net.br\\\/2022\\\/#organization\"},\"image\":{\"@id\":\"https:\\\/\\\/regiaonews.net.br\\\/2022\\\/2023\\\/02\\\/13\\\/veja-lista-de-pessoas-e-empresas-citadas-em-acao-da-agu-como-financiadoras-dos-atos-golpistas\\\/#primaryimage\"},\"thumbnailUrl\":\"https:\\\/\\\/regiaonews.net.br\\\/2022\\\/wp-content\\\/uploads\\\/2021\\\/03\\\/stj_1908200977_0.jpg\",\"articleSection\":[\"Brasil\"],\"inLanguage\":\"pt-BR\",\"potentialAction\":[{\"@type\":\"CommentAction\",\"name\":\"Comment\",\"target\":[\"https:\\\/\\\/regiaonews.net.br\\\/2022\\\/2023\\\/02\\\/13\\\/veja-lista-de-pessoas-e-empresas-citadas-em-acao-da-agu-como-financiadoras-dos-atos-golpistas\\\/#respond\"]}]},{\"@type\":\"WebPage\",\"@id\":\"https:\\\/\\\/regiaonews.net.br\\\/2022\\\/2023\\\/02\\\/13\\\/veja-lista-de-pessoas-e-empresas-citadas-em-acao-da-agu-como-financiadoras-dos-atos-golpistas\\\/\",\"url\":\"https:\\\/\\\/regiaonews.net.br\\\/2022\\\/2023\\\/02\\\/13\\\/veja-lista-de-pessoas-e-empresas-citadas-em-acao-da-agu-como-financiadoras-dos-atos-golpistas\\\/\",\"name\":\"Veja lista de pessoas e empresas citadas em a\u00e7\u00e3o da AGU como financiadoras dos atos golpistas - Regi\u00e3o News\",\"isPartOf\":{\"@id\":\"https:\\\/\\\/regiaonews.net.br\\\/2022\\\/#website\"},\"primaryImageOfPage\":{\"@id\":\"https:\\\/\\\/regiaonews.net.br\\\/2022\\\/2023\\\/02\\\/13\\\/veja-lista-de-pessoas-e-empresas-citadas-em-acao-da-agu-como-financiadoras-dos-atos-golpistas\\\/#primaryimage\"},\"image\":{\"@id\":\"https:\\\/\\\/regiaonews.net.br\\\/2022\\\/2023\\\/02\\\/13\\\/veja-lista-de-pessoas-e-empresas-citadas-em-acao-da-agu-como-financiadoras-dos-atos-golpistas\\\/#primaryimage\"},\"thumbnailUrl\":\"https:\\\/\\\/regiaonews.net.br\\\/2022\\\/wp-content\\\/uploads\\\/2021\\\/03\\\/stj_1908200977_0.jpg\",\"datePublished\":\"2023-02-13T23:47:51+00:00\",\"dateModified\":\"2023-02-14T00:17:59+00:00\",\"breadcrumb\":{\"@id\":\"https:\\\/\\\/regiaonews.net.br\\\/2022\\\/2023\\\/02\\\/13\\\/veja-lista-de-pessoas-e-empresas-citadas-em-acao-da-agu-como-financiadoras-dos-atos-golpistas\\\/#breadcrumb\"},\"inLanguage\":\"pt-BR\",\"potentialAction\":[{\"@type\":\"ReadAction\",\"target\":[\"https:\\\/\\\/regiaonews.net.br\\\/2022\\\/2023\\\/02\\\/13\\\/veja-lista-de-pessoas-e-empresas-citadas-em-acao-da-agu-como-financiadoras-dos-atos-golpistas\\\/\"]}]},{\"@type\":\"ImageObject\",\"inLanguage\":\"pt-BR\",\"@id\":\"https:\\\/\\\/regiaonews.net.br\\\/2022\\\/2023\\\/02\\\/13\\\/veja-lista-de-pessoas-e-empresas-citadas-em-acao-da-agu-como-financiadoras-dos-atos-golpistas\\\/#primaryimage\",\"url\":\"https:\\\/\\\/regiaonews.net.br\\\/2022\\\/wp-content\\\/uploads\\\/2021\\\/03\\\/stj_1908200977_0.jpg\",\"contentUrl\":\"https:\\\/\\\/regiaonews.net.br\\\/2022\\\/wp-content\\\/uploads\\\/2021\\\/03\\\/stj_1908200977_0.jpg\",\"width\":1170,\"height\":700,\"caption\":\"Fachada do edif\u00edcio sede do Superior Tribunal de Justi\u00e7a (STJ)\"},{\"@type\":\"BreadcrumbList\",\"@id\":\"https:\\\/\\\/regiaonews.net.br\\\/2022\\\/2023\\\/02\\\/13\\\/veja-lista-de-pessoas-e-empresas-citadas-em-acao-da-agu-como-financiadoras-dos-atos-golpistas\\\/#breadcrumb\",\"itemListElement\":[{\"@type\":\"ListItem\",\"position\":1,\"name\":\"In\u00edcio\",\"item\":\"https:\\\/\\\/regiaonews.net.br\\\/2022\\\/\"},{\"@type\":\"ListItem\",\"position\":2,\"name\":\"Veja lista de pessoas e empresas citadas em a\u00e7\u00e3o da AGU como financiadoras dos atos golpistas\"}]},{\"@type\":\"WebSite\",\"@id\":\"https:\\\/\\\/regiaonews.net.br\\\/2022\\\/#website\",\"url\":\"https:\\\/\\\/regiaonews.net.br\\\/2022\\\/\",\"name\":\"Regi\u00e3o News\",\"description\":\"Site de Not\u00edcias de Barretos e regi\u00e3o\",\"publisher\":{\"@id\":\"https:\\\/\\\/regiaonews.net.br\\\/2022\\\/#organization\"},\"potentialAction\":[{\"@type\":\"SearchAction\",\"target\":{\"@type\":\"EntryPoint\",\"urlTemplate\":\"https:\\\/\\\/regiaonews.net.br\\\/2022\\\/?s={search_term_string}\"},\"query-input\":{\"@type\":\"PropertyValueSpecification\",\"valueRequired\":true,\"valueName\":\"search_term_string\"}}],\"inLanguage\":\"pt-BR\"},{\"@type\":\"Organization\",\"@id\":\"https:\\\/\\\/regiaonews.net.br\\\/2022\\\/#organization\",\"name\":\"Regi\u00e3o News\",\"url\":\"https:\\\/\\\/regiaonews.net.br\\\/2022\\\/\",\"logo\":{\"@type\":\"ImageObject\",\"inLanguage\":\"pt-BR\",\"@id\":\"https:\\\/\\\/regiaonews.net.br\\\/2022\\\/#\\\/schema\\\/logo\\\/image\\\/\",\"url\":\"https:\\\/\\\/regiaonews.net.br\\\/2022\\\/wp-content\\\/uploads\\\/2026\\\/03\\\/regiao-13-anos-scaled.jpg\",\"contentUrl\":\"https:\\\/\\\/regiaonews.net.br\\\/2022\\\/wp-content\\\/uploads\\\/2026\\\/03\\\/regiao-13-anos-scaled.jpg\",\"width\":2560,\"height\":635,\"caption\":\"Regi\u00e3o News\"},\"image\":{\"@id\":\"https:\\\/\\\/regiaonews.net.br\\\/2022\\\/#\\\/schema\\\/logo\\\/image\\\/\"}},{\"@type\":\"Person\",\"@id\":\"https:\\\/\\\/regiaonews.net.br\\\/2022\\\/#\\\/schema\\\/person\\\/2d205a608a5aa97ac279d7a5e6d89ad8\",\"name\":\"Roberto\",\"image\":{\"@type\":\"ImageObject\",\"inLanguage\":\"pt-BR\",\"@id\":\"https:\\\/\\\/secure.gravatar.com\\\/avatar\\\/42749d8b712ff9d59ca93dc150494e5b55a44134482993f5baeb97e61b7ecc89?s=96&d=mm&r=g\",\"url\":\"https:\\\/\\\/secure.gravatar.com\\\/avatar\\\/42749d8b712ff9d59ca93dc150494e5b55a44134482993f5baeb97e61b7ecc89?s=96&d=mm&r=g\",\"contentUrl\":\"https:\\\/\\\/secure.gravatar.com\\\/avatar\\\/42749d8b712ff9d59ca93dc150494e5b55a44134482993f5baeb97e61b7ecc89?s=96&d=mm&r=g\",\"caption\":\"Roberto\"},\"url\":\"https:\\\/\\\/regiaonews.net.br\\\/2022\\\/author\\\/roberto\\\/\"}]}<\/script>\n<!-- \/ Yoast SEO plugin. -->","yoast_head_json":{"title":"Veja lista de pessoas e empresas citadas em a\u00e7\u00e3o da AGU como financiadoras dos atos golpistas - Regi\u00e3o News","robots":{"index":"index","follow":"follow","max-snippet":"max-snippet:-1","max-image-preview":"max-image-preview:large","max-video-preview":"max-video-preview:-1"},"canonical":"https:\/\/regiaonews.net.br\/2022\/2023\/02\/13\/veja-lista-de-pessoas-e-empresas-citadas-em-acao-da-agu-como-financiadoras-dos-atos-golpistas\/","og_locale":"pt_BR","og_type":"article","og_title":"Veja lista de pessoas e empresas citadas em a\u00e7\u00e3o da AGU como financiadoras dos atos golpistas - Regi\u00e3o News","og_description":"Fonte &#8211; G1 A\u00a0Advocacia-Geral da Uni\u00e3o\u00a0(AGU) pediu nesta segunda-feira (13)","og_url":"https:\/\/regiaonews.net.br\/2022\/2023\/02\/13\/veja-lista-de-pessoas-e-empresas-citadas-em-acao-da-agu-como-financiadoras-dos-atos-golpistas\/","og_site_name":"Regi\u00e3o News","article_published_time":"2023-02-13T23:47:51+00:00","article_modified_time":"2023-02-14T00:17:59+00:00","og_image":[{"width":1170,"height":700,"url":"https:\/\/regiaonews.net.br\/2022\/wp-content\/uploads\/2021\/03\/stj_1908200977_0.jpg","type":"image\/jpeg"}],"author":"Roberto","twitter_card":"summary_large_image","twitter_misc":{"Escrito por":"Roberto","Est. tempo de leitura":"4 minutos"},"schema":{"@context":"https:\/\/schema.org","@graph":[{"@type":"Article","@id":"https:\/\/regiaonews.net.br\/2022\/2023\/02\/13\/veja-lista-de-pessoas-e-empresas-citadas-em-acao-da-agu-como-financiadoras-dos-atos-golpistas\/#article","isPartOf":{"@id":"https:\/\/regiaonews.net.br\/2022\/2023\/02\/13\/veja-lista-de-pessoas-e-empresas-citadas-em-acao-da-agu-como-financiadoras-dos-atos-golpistas\/"},"author":{"name":"Roberto","@id":"https:\/\/regiaonews.net.br\/2022\/#\/schema\/person\/2d205a608a5aa97ac279d7a5e6d89ad8"},"headline":"Veja lista de pessoas e empresas citadas em a\u00e7\u00e3o da AGU como financiadoras dos atos golpistas","datePublished":"2023-02-13T23:47:51+00:00","dateModified":"2023-02-14T00:17:59+00:00","mainEntityOfPage":{"@id":"https:\/\/regiaonews.net.br\/2022\/2023\/02\/13\/veja-lista-de-pessoas-e-empresas-citadas-em-acao-da-agu-como-financiadoras-dos-atos-golpistas\/"},"wordCount":634,"commentCount":0,"publisher":{"@id":"https:\/\/regiaonews.net.br\/2022\/#organization"},"image":{"@id":"https:\/\/regiaonews.net.br\/2022\/2023\/02\/13\/veja-lista-de-pessoas-e-empresas-citadas-em-acao-da-agu-como-financiadoras-dos-atos-golpistas\/#primaryimage"},"thumbnailUrl":"https:\/\/regiaonews.net.br\/2022\/wp-content\/uploads\/2021\/03\/stj_1908200977_0.jpg","articleSection":["Brasil"],"inLanguage":"pt-BR","potentialAction":[{"@type":"CommentAction","name":"Comment","target":["https:\/\/regiaonews.net.br\/2022\/2023\/02\/13\/veja-lista-de-pessoas-e-empresas-citadas-em-acao-da-agu-como-financiadoras-dos-atos-golpistas\/#respond"]}]},{"@type":"WebPage","@id":"https:\/\/regiaonews.net.br\/2022\/2023\/02\/13\/veja-lista-de-pessoas-e-empresas-citadas-em-acao-da-agu-como-financiadoras-dos-atos-golpistas\/","url":"https:\/\/regiaonews.net.br\/2022\/2023\/02\/13\/veja-lista-de-pessoas-e-empresas-citadas-em-acao-da-agu-como-financiadoras-dos-atos-golpistas\/","name":"Veja lista de pessoas e empresas citadas em a\u00e7\u00e3o da AGU como financiadoras dos atos golpistas - Regi\u00e3o News","isPartOf":{"@id":"https:\/\/regiaonews.net.br\/2022\/#website"},"primaryImageOfPage":{"@id":"https:\/\/regiaonews.net.br\/2022\/2023\/02\/13\/veja-lista-de-pessoas-e-empresas-citadas-em-acao-da-agu-como-financiadoras-dos-atos-golpistas\/#primaryimage"},"image":{"@id":"https:\/\/regiaonews.net.br\/2022\/2023\/02\/13\/veja-lista-de-pessoas-e-empresas-citadas-em-acao-da-agu-como-financiadoras-dos-atos-golpistas\/#primaryimage"},"thumbnailUrl":"https:\/\/regiaonews.net.br\/2022\/wp-content\/uploads\/2021\/03\/stj_1908200977_0.jpg","datePublished":"2023-02-13T23:47:51+00:00","dateModified":"2023-02-14T00:17:59+00:00","breadcrumb":{"@id":"https:\/\/regiaonews.net.br\/2022\/2023\/02\/13\/veja-lista-de-pessoas-e-empresas-citadas-em-acao-da-agu-como-financiadoras-dos-atos-golpistas\/#breadcrumb"},"inLanguage":"pt-BR","potentialAction":[{"@type":"ReadAction","target":["https:\/\/regiaonews.net.br\/2022\/2023\/02\/13\/veja-lista-de-pessoas-e-empresas-citadas-em-acao-da-agu-como-financiadoras-dos-atos-golpistas\/"]}]},{"@type":"ImageObject","inLanguage":"pt-BR","@id":"https:\/\/regiaonews.net.br\/2022\/2023\/02\/13\/veja-lista-de-pessoas-e-empresas-citadas-em-acao-da-agu-como-financiadoras-dos-atos-golpistas\/#primaryimage","url":"https:\/\/regiaonews.net.br\/2022\/wp-content\/uploads\/2021\/03\/stj_1908200977_0.jpg","contentUrl":"https:\/\/regiaonews.net.br\/2022\/wp-content\/uploads\/2021\/03\/stj_1908200977_0.jpg","width":1170,"height":700,"caption":"Fachada do edif\u00edcio sede do Superior Tribunal de Justi\u00e7a (STJ)"},{"@type":"BreadcrumbList","@id":"https:\/\/regiaonews.net.br\/2022\/2023\/02\/13\/veja-lista-de-pessoas-e-empresas-citadas-em-acao-da-agu-como-financiadoras-dos-atos-golpistas\/#breadcrumb","itemListElement":[{"@type":"ListItem","position":1,"name":"In\u00edcio","item":"https:\/\/regiaonews.net.br\/2022\/"},{"@type":"ListItem","position":2,"name":"Veja lista de pessoas e empresas citadas em a\u00e7\u00e3o da AGU como financiadoras dos atos golpistas"}]},{"@type":"WebSite","@id":"https:\/\/regiaonews.net.br\/2022\/#website","url":"https:\/\/regiaonews.net.br\/2022\/","name":"Regi\u00e3o News","description":"Site de Not\u00edcias de Barretos e regi\u00e3o","publisher":{"@id":"https:\/\/regiaonews.net.br\/2022\/#organization"},"potentialAction":[{"@type":"SearchAction","target":{"@type":"EntryPoint","urlTemplate":"https:\/\/regiaonews.net.br\/2022\/?s={search_term_string}"},"query-input":{"@type":"PropertyValueSpecification","valueRequired":true,"valueName":"search_term_string"}}],"inLanguage":"pt-BR"},{"@type":"Organization","@id":"https:\/\/regiaonews.net.br\/2022\/#organization","name":"Regi\u00e3o News","url":"https:\/\/regiaonews.net.br\/2022\/","logo":{"@type":"ImageObject","inLanguage":"pt-BR","@id":"https:\/\/regiaonews.net.br\/2022\/#\/schema\/logo\/image\/","url":"https:\/\/regiaonews.net.br\/2022\/wp-content\/uploads\/2026\/03\/regiao-13-anos-scaled.jpg","contentUrl":"https:\/\/regiaonews.net.br\/2022\/wp-content\/uploads\/2026\/03\/regiao-13-anos-scaled.jpg","width":2560,"height":635,"caption":"Regi\u00e3o News"},"image":{"@id":"https:\/\/regiaonews.net.br\/2022\/#\/schema\/logo\/image\/"}},{"@type":"Person","@id":"https:\/\/regiaonews.net.br\/2022\/#\/schema\/person\/2d205a608a5aa97ac279d7a5e6d89ad8","name":"Roberto","image":{"@type":"ImageObject","inLanguage":"pt-BR","@id":"https:\/\/secure.gravatar.com\/avatar\/42749d8b712ff9d59ca93dc150494e5b55a44134482993f5baeb97e61b7ecc89?s=96&d=mm&r=g","url":"https:\/\/secure.gravatar.com\/avatar\/42749d8b712ff9d59ca93dc150494e5b55a44134482993f5baeb97e61b7ecc89?s=96&d=mm&r=g","contentUrl":"https:\/\/secure.gravatar.com\/avatar\/42749d8b712ff9d59ca93dc150494e5b55a44134482993f5baeb97e61b7ecc89?s=96&d=mm&r=g","caption":"Roberto"},"url":"https:\/\/regiaonews.net.br\/2022\/author\/roberto\/"}]}},"publishpress_future_action":{"enabled":false,"date":"2026-05-02 04:13:40","action":"change-status","newStatus":"draft","terms":[],"taxonomy":"category","extraData":[]},"publishpress_future_workflow_manual_trigger":{"enabledWorkflows":[]},"_links":{"self":[{"href":"https:\/\/regiaonews.net.br\/2022\/wp-json\/wp\/v2\/posts\/83955","targetHints":{"allow":["GET"]}}],"collection":[{"href":"https:\/\/regiaonews.net.br\/2022\/wp-json\/wp\/v2\/posts"}],"about":[{"href":"https:\/\/regiaonews.net.br\/2022\/wp-json\/wp\/v2\/types\/post"}],"author":[{"embeddable":true,"href":"https:\/\/regiaonews.net.br\/2022\/wp-json\/wp\/v2\/users\/2"}],"replies":[{"embeddable":true,"href":"https:\/\/regiaonews.net.br\/2022\/wp-json\/wp\/v2\/comments?post=83955"}],"version-history":[{"count":3,"href":"https:\/\/regiaonews.net.br\/2022\/wp-json\/wp\/v2\/posts\/83955\/revisions"}],"predecessor-version":[{"id":83970,"href":"https:\/\/regiaonews.net.br\/2022\/wp-json\/wp\/v2\/posts\/83955\/revisions\/83970"}],"wp:featuredmedia":[{"embeddable":true,"href":"https:\/\/regiaonews.net.br\/2022\/wp-json\/wp\/v2\/media\/44000"}],"wp:attachment":[{"href":"https:\/\/regiaonews.net.br\/2022\/wp-json\/wp\/v2\/media?parent=83955"}],"wp:term":[{"taxonomy":"category","embeddable":true,"href":"https:\/\/regiaonews.net.br\/2022\/wp-json\/wp\/v2\/categories?post=83955"},{"taxonomy":"post_tag","embeddable":true,"href":"https:\/\/regiaonews.net.br\/2022\/wp-json\/wp\/v2\/tags?post=83955"}],"curies":[{"name":"wp","href":"https:\/\/api.w.org\/{rel}","templated":true}]}}