{"id":83951,"date":"2023-02-13T17:10:53","date_gmt":"2023-02-13T20:10:53","guid":{"rendered":"https:\/\/regiaonews.net.br\/2022\/?p=83951"},"modified":"2023-02-13T17:10:53","modified_gmt":"2023-02-13T20:10:53","slug":"folia-no-coreto-e-concurso-da-rainha-abrem-programacao-de-carnaval-em-olimpia","status":"publish","type":"post","link":"https:\/\/regiaonews.net.br\/2022\/2023\/02\/13\/folia-no-coreto-e-concurso-da-rainha-abrem-programacao-de-carnaval-em-olimpia\/","title":{"rendered":"Folia no Coreto e Concurso da Rainha abrem programa\u00e7\u00e3o de Carnaval em Ol\u00edmpia"},"content":{"rendered":"<p><span style=\"font-family: arial, sans-serif;\">A festa mais tradicional e contagiante da cultura brasileira j\u00e1 come\u00e7ou na Est\u00e2ncia Tur\u00edstica de Ol\u00edmpia, com muita alegria e samba no p\u00e9. O fim de semana foi de programa\u00e7\u00e3o especial, no esquenta para o Carnaval 2023.<\/span><\/p>\n<p><span style=\"font-family: arial, sans-serif;\">Na noite de sexta-feira, dia 10, ningu\u00e9m ficou parado na Pra\u00e7a Rui Barbosa, que foi animada pelo \u2018Folia no Coreto\u2019, com o show \u201cCarnaval Turbilh\u00e3o, comandado pelo cantor e compositor Maur\u00edcio Pereira e o grupo Turbilh\u00e3o de Ritmos, formado pelos m\u00fasicos Carneiro S\u00e2ndalo (bateria), Reinaldo Chulapa, (baixo), Luiz Waack (guitarra baiana), Daniel Szafran (voz e teclados), Tonho Penhasco (guitarra) e Amilcar Rodrigues (trompete).<\/span><\/p>\n<p><span style=\"font-family: arial, sans-serif;\">A apresenta\u00e7\u00e3o contou com um repert\u00f3rio repleto de marchinhas \u201chist\u00f3ricas\u201d que muito antes do samba enredo, tomaram conta de ruas e sal\u00f5es fazendo o sucesso entre os foli\u00f5es e na Pra\u00e7a n\u00e3o foi diferente, com um p\u00fablico animado que mostrou que as marchinhas fazem sucesso at\u00e9 hoje.<\/span><\/p>\n<p><span style=\"font-family: arial, sans-serif;\">A escola de samba \u201cUnidos da Cohab\u201d tamb\u00e9m aproveitou a anima\u00e7\u00e3o dos espectadores para fazer seu ensaio, antes do show principal, dando um gostinho do que vir\u00e1 pela avenida na pr\u00f3xima semana.<\/span><\/p>\n<p><span style=\"font-family: arial, sans-serif;\">O evento gratuito foi uma iniciativa da Prefeitura, por meio da secretaria de Turismo e Cultura, em uma edi\u00e7\u00e3o especial do Cultura no Coreto para o Carnaval.<\/span><\/p>\n<p><b><span style=\"font-family: arial, sans-serif;\">CONCURSO DA RAINHA<\/span><\/b><\/p>\n<p><span style=\"font-family: arial, sans-serif;\">A programa\u00e7\u00e3o continuou no s\u00e1bado, dia 11, com o grande desfile que escolheu a Rainha e a Princesa do Carnaval 2023 de Ol\u00edmpia. O evento, realizado no Recinto do Folclore, reuniu centenas de pessoas para prestigiar as candidatas.<\/span><\/p>\n<p><span style=\"font-family: arial, sans-serif;\">Com muito samba no p\u00e9 e o tema \u201cViva a Diversidade\u201d, o desfile realizado e organizado pelo experiente produtor e organizador de eventos de beleza no pa\u00eds, o core\u00f3grafo Alex Ruiz, teve como eleitas pelo corpo de jurados Aghata In\u00e1cio como Rainha e Karen Souza como Princesa. As duas, ao lado do Rei Momo, Cosme Santiago, formam a corte real olimpiense, que ir\u00e1 fazer participa\u00e7\u00f5es durante o CarnaOl\u00edmpia e no desfile das escolas de samba.<\/span><\/p>\n<p><span style=\"font-family: arial, sans-serif;\">O evento teve ainda show ao vivo com o grupo de samba Kassununga e apresenta\u00e7\u00f5es das tr\u00eas escolas de samba da cidade, Unidos da Cohab, Acad\u00eamicos do Samba e Samba Sem Compromisso.<\/span><\/p>\n<p><span style=\"font-family: arial, sans-serif;\">A realiza\u00e7\u00e3o teve o apoio cultural da Prefeitura, por meio da secretaria de Turismo e Cultura, e patroc\u00ednio de empresas olimpienses.<\/span><\/p>\n","protected":false},"excerpt":{"rendered":"<p>A festa mais tradicional e contagiante da cultura brasileira j\u00e1<\/p>\n","protected":false},"author":2,"featured_media":83952,"comment_status":"open","ping_status":"open","sticky":false,"template":"","format":"standard","meta":{"footnotes":""},"categories":[3,178],"tags":[],"class_list":["post-83951","post","type-post","status-publish","format-standard","has-post-thumbnail","hentry","category-geral","category-olimpia-2"],"yoast_head":"<!-- This site is optimized with the Yoast SEO plugin v27.4 - https:\/\/yoast.com\/product\/yoast-seo-wordpress\/ -->\n<title>Folia no Coreto e Concurso da Rainha abrem programa\u00e7\u00e3o de Carnaval em Ol\u00edmpia - Regi\u00e3o News<\/title>\n<meta name=\"robots\" content=\"index, follow, max-snippet:-1, max-image-preview:large, max-video-preview:-1\" \/>\n<link rel=\"canonical\" href=\"https:\/\/regiaonews.net.br\/2022\/2023\/02\/13\/folia-no-coreto-e-concurso-da-rainha-abrem-programacao-de-carnaval-em-olimpia\/\" \/>\n<meta property=\"og:locale\" content=\"pt_BR\" \/>\n<meta property=\"og:type\" content=\"article\" \/>\n<meta property=\"og:title\" content=\"Folia no Coreto e Concurso da Rainha abrem programa\u00e7\u00e3o de Carnaval em Ol\u00edmpia - Regi\u00e3o News\" \/>\n<meta property=\"og:description\" content=\"A festa mais tradicional e contagiante da cultura brasileira j\u00e1\" \/>\n<meta property=\"og:url\" content=\"https:\/\/regiaonews.net.br\/2022\/2023\/02\/13\/folia-no-coreto-e-concurso-da-rainha-abrem-programacao-de-carnaval-em-olimpia\/\" \/>\n<meta property=\"og:site_name\" content=\"Regi\u00e3o News\" \/>\n<meta property=\"article:published_time\" content=\"2023-02-13T20:10:53+00:00\" \/>\n<meta property=\"og:image\" content=\"https:\/\/regiaonews.net.br\/2022\/wp-content\/uploads\/2023\/02\/Concurso-Rainha-Carnaval-5.jpg\" \/>\n\t<meta property=\"og:image:width\" content=\"2032\" \/>\n\t<meta property=\"og:image:height\" content=\"1143\" \/>\n\t<meta property=\"og:image:type\" content=\"image\/jpeg\" \/>\n<meta name=\"author\" content=\"Roberto\" \/>\n<meta name=\"twitter:card\" content=\"summary_large_image\" \/>\n<meta name=\"twitter:label1\" content=\"Escrito por\" \/>\n\t<meta name=\"twitter:data1\" content=\"Roberto\" \/>\n\t<meta name=\"twitter:label2\" content=\"Est. tempo de leitura\" \/>\n\t<meta name=\"twitter:data2\" content=\"3 minutos\" \/>\n<script type=\"application\/ld+json\" class=\"yoast-schema-graph\">{\"@context\":\"https:\\\/\\\/schema.org\",\"@graph\":[{\"@type\":\"Article\",\"@id\":\"https:\\\/\\\/regiaonews.net.br\\\/2022\\\/2023\\\/02\\\/13\\\/folia-no-coreto-e-concurso-da-rainha-abrem-programacao-de-carnaval-em-olimpia\\\/#article\",\"isPartOf\":{\"@id\":\"https:\\\/\\\/regiaonews.net.br\\\/2022\\\/2023\\\/02\\\/13\\\/folia-no-coreto-e-concurso-da-rainha-abrem-programacao-de-carnaval-em-olimpia\\\/\"},\"author\":{\"name\":\"Roberto\",\"@id\":\"https:\\\/\\\/regiaonews.net.br\\\/2022\\\/#\\\/schema\\\/person\\\/2d205a608a5aa97ac279d7a5e6d89ad8\"},\"headline\":\"Folia no Coreto e Concurso da Rainha abrem programa\u00e7\u00e3o de Carnaval em Ol\u00edmpia\",\"datePublished\":\"2023-02-13T20:10:53+00:00\",\"mainEntityOfPage\":{\"@id\":\"https:\\\/\\\/regiaonews.net.br\\\/2022\\\/2023\\\/02\\\/13\\\/folia-no-coreto-e-concurso-da-rainha-abrem-programacao-de-carnaval-em-olimpia\\\/\"},\"wordCount\":423,\"commentCount\":0,\"publisher\":{\"@id\":\"https:\\\/\\\/regiaonews.net.br\\\/2022\\\/#organization\"},\"image\":{\"@id\":\"https:\\\/\\\/regiaonews.net.br\\\/2022\\\/2023\\\/02\\\/13\\\/folia-no-coreto-e-concurso-da-rainha-abrem-programacao-de-carnaval-em-olimpia\\\/#primaryimage\"},\"thumbnailUrl\":\"https:\\\/\\\/regiaonews.net.br\\\/2022\\\/wp-content\\\/uploads\\\/2023\\\/02\\\/Concurso-Rainha-Carnaval-5.jpg\",\"articleSection\":[\"Geral\",\"Ol\u00edmpia\"],\"inLanguage\":\"pt-BR\",\"potentialAction\":[{\"@type\":\"CommentAction\",\"name\":\"Comment\",\"target\":[\"https:\\\/\\\/regiaonews.net.br\\\/2022\\\/2023\\\/02\\\/13\\\/folia-no-coreto-e-concurso-da-rainha-abrem-programacao-de-carnaval-em-olimpia\\\/#respond\"]}]},{\"@type\":\"WebPage\",\"@id\":\"https:\\\/\\\/regiaonews.net.br\\\/2022\\\/2023\\\/02\\\/13\\\/folia-no-coreto-e-concurso-da-rainha-abrem-programacao-de-carnaval-em-olimpia\\\/\",\"url\":\"https:\\\/\\\/regiaonews.net.br\\\/2022\\\/2023\\\/02\\\/13\\\/folia-no-coreto-e-concurso-da-rainha-abrem-programacao-de-carnaval-em-olimpia\\\/\",\"name\":\"Folia no Coreto e Concurso da Rainha abrem programa\u00e7\u00e3o de Carnaval em Ol\u00edmpia - Regi\u00e3o News\",\"isPartOf\":{\"@id\":\"https:\\\/\\\/regiaonews.net.br\\\/2022\\\/#website\"},\"primaryImageOfPage\":{\"@id\":\"https:\\\/\\\/regiaonews.net.br\\\/2022\\\/2023\\\/02\\\/13\\\/folia-no-coreto-e-concurso-da-rainha-abrem-programacao-de-carnaval-em-olimpia\\\/#primaryimage\"},\"image\":{\"@id\":\"https:\\\/\\\/regiaonews.net.br\\\/2022\\\/2023\\\/02\\\/13\\\/folia-no-coreto-e-concurso-da-rainha-abrem-programacao-de-carnaval-em-olimpia\\\/#primaryimage\"},\"thumbnailUrl\":\"https:\\\/\\\/regiaonews.net.br\\\/2022\\\/wp-content\\\/uploads\\\/2023\\\/02\\\/Concurso-Rainha-Carnaval-5.jpg\",\"datePublished\":\"2023-02-13T20:10:53+00:00\",\"breadcrumb\":{\"@id\":\"https:\\\/\\\/regiaonews.net.br\\\/2022\\\/2023\\\/02\\\/13\\\/folia-no-coreto-e-concurso-da-rainha-abrem-programacao-de-carnaval-em-olimpia\\\/#breadcrumb\"},\"inLanguage\":\"pt-BR\",\"potentialAction\":[{\"@type\":\"ReadAction\",\"target\":[\"https:\\\/\\\/regiaonews.net.br\\\/2022\\\/2023\\\/02\\\/13\\\/folia-no-coreto-e-concurso-da-rainha-abrem-programacao-de-carnaval-em-olimpia\\\/\"]}]},{\"@type\":\"ImageObject\",\"inLanguage\":\"pt-BR\",\"@id\":\"https:\\\/\\\/regiaonews.net.br\\\/2022\\\/2023\\\/02\\\/13\\\/folia-no-coreto-e-concurso-da-rainha-abrem-programacao-de-carnaval-em-olimpia\\\/#primaryimage\",\"url\":\"https:\\\/\\\/regiaonews.net.br\\\/2022\\\/wp-content\\\/uploads\\\/2023\\\/02\\\/Concurso-Rainha-Carnaval-5.jpg\",\"contentUrl\":\"https:\\\/\\\/regiaonews.net.br\\\/2022\\\/wp-content\\\/uploads\\\/2023\\\/02\\\/Concurso-Rainha-Carnaval-5.jpg\",\"width\":2032,\"height\":1143},{\"@type\":\"BreadcrumbList\",\"@id\":\"https:\\\/\\\/regiaonews.net.br\\\/2022\\\/2023\\\/02\\\/13\\\/folia-no-coreto-e-concurso-da-rainha-abrem-programacao-de-carnaval-em-olimpia\\\/#breadcrumb\",\"itemListElement\":[{\"@type\":\"ListItem\",\"position\":1,\"name\":\"In\u00edcio\",\"item\":\"https:\\\/\\\/regiaonews.net.br\\\/2022\\\/\"},{\"@type\":\"ListItem\",\"position\":2,\"name\":\"Folia no Coreto e Concurso da Rainha abrem programa\u00e7\u00e3o de Carnaval em Ol\u00edmpia\"}]},{\"@type\":\"WebSite\",\"@id\":\"https:\\\/\\\/regiaonews.net.br\\\/2022\\\/#website\",\"url\":\"https:\\\/\\\/regiaonews.net.br\\\/2022\\\/\",\"name\":\"Regi\u00e3o News\",\"description\":\"Site de Not\u00edcias de Barretos e regi\u00e3o\",\"publisher\":{\"@id\":\"https:\\\/\\\/regiaonews.net.br\\\/2022\\\/#organization\"},\"potentialAction\":[{\"@type\":\"SearchAction\",\"target\":{\"@type\":\"EntryPoint\",\"urlTemplate\":\"https:\\\/\\\/regiaonews.net.br\\\/2022\\\/?s={search_term_string}\"},\"query-input\":{\"@type\":\"PropertyValueSpecification\",\"valueRequired\":true,\"valueName\":\"search_term_string\"}}],\"inLanguage\":\"pt-BR\"},{\"@type\":\"Organization\",\"@id\":\"https:\\\/\\\/regiaonews.net.br\\\/2022\\\/#organization\",\"name\":\"Regi\u00e3o News\",\"url\":\"https:\\\/\\\/regiaonews.net.br\\\/2022\\\/\",\"logo\":{\"@type\":\"ImageObject\",\"inLanguage\":\"pt-BR\",\"@id\":\"https:\\\/\\\/regiaonews.net.br\\\/2022\\\/#\\\/schema\\\/logo\\\/image\\\/\",\"url\":\"https:\\\/\\\/regiaonews.net.br\\\/2022\\\/wp-content\\\/uploads\\\/2026\\\/03\\\/regiao-13-anos-scaled.jpg\",\"contentUrl\":\"https:\\\/\\\/regiaonews.net.br\\\/2022\\\/wp-content\\\/uploads\\\/2026\\\/03\\\/regiao-13-anos-scaled.jpg\",\"width\":2560,\"height\":635,\"caption\":\"Regi\u00e3o News\"},\"image\":{\"@id\":\"https:\\\/\\\/regiaonews.net.br\\\/2022\\\/#\\\/schema\\\/logo\\\/image\\\/\"}},{\"@type\":\"Person\",\"@id\":\"https:\\\/\\\/regiaonews.net.br\\\/2022\\\/#\\\/schema\\\/person\\\/2d205a608a5aa97ac279d7a5e6d89ad8\",\"name\":\"Roberto\",\"image\":{\"@type\":\"ImageObject\",\"inLanguage\":\"pt-BR\",\"@id\":\"https:\\\/\\\/secure.gravatar.com\\\/avatar\\\/42749d8b712ff9d59ca93dc150494e5b55a44134482993f5baeb97e61b7ecc89?s=96&d=mm&r=g\",\"url\":\"https:\\\/\\\/secure.gravatar.com\\\/avatar\\\/42749d8b712ff9d59ca93dc150494e5b55a44134482993f5baeb97e61b7ecc89?s=96&d=mm&r=g\",\"contentUrl\":\"https:\\\/\\\/secure.gravatar.com\\\/avatar\\\/42749d8b712ff9d59ca93dc150494e5b55a44134482993f5baeb97e61b7ecc89?s=96&d=mm&r=g\",\"caption\":\"Roberto\"},\"url\":\"https:\\\/\\\/regiaonews.net.br\\\/2022\\\/author\\\/roberto\\\/\"}]}<\/script>\n<!-- \/ Yoast SEO plugin. -->","yoast_head_json":{"title":"Folia no Coreto e Concurso da Rainha abrem programa\u00e7\u00e3o de Carnaval em Ol\u00edmpia - Regi\u00e3o News","robots":{"index":"index","follow":"follow","max-snippet":"max-snippet:-1","max-image-preview":"max-image-preview:large","max-video-preview":"max-video-preview:-1"},"canonical":"https:\/\/regiaonews.net.br\/2022\/2023\/02\/13\/folia-no-coreto-e-concurso-da-rainha-abrem-programacao-de-carnaval-em-olimpia\/","og_locale":"pt_BR","og_type":"article","og_title":"Folia no Coreto e Concurso da Rainha abrem programa\u00e7\u00e3o de Carnaval em Ol\u00edmpia - Regi\u00e3o News","og_description":"A festa mais tradicional e contagiante da cultura brasileira j\u00e1","og_url":"https:\/\/regiaonews.net.br\/2022\/2023\/02\/13\/folia-no-coreto-e-concurso-da-rainha-abrem-programacao-de-carnaval-em-olimpia\/","og_site_name":"Regi\u00e3o News","article_published_time":"2023-02-13T20:10:53+00:00","og_image":[{"width":2032,"height":1143,"url":"https:\/\/regiaonews.net.br\/2022\/wp-content\/uploads\/2023\/02\/Concurso-Rainha-Carnaval-5.jpg","type":"image\/jpeg"}],"author":"Roberto","twitter_card":"summary_large_image","twitter_misc":{"Escrito por":"Roberto","Est. tempo de leitura":"3 minutos"},"schema":{"@context":"https:\/\/schema.org","@graph":[{"@type":"Article","@id":"https:\/\/regiaonews.net.br\/2022\/2023\/02\/13\/folia-no-coreto-e-concurso-da-rainha-abrem-programacao-de-carnaval-em-olimpia\/#article","isPartOf":{"@id":"https:\/\/regiaonews.net.br\/2022\/2023\/02\/13\/folia-no-coreto-e-concurso-da-rainha-abrem-programacao-de-carnaval-em-olimpia\/"},"author":{"name":"Roberto","@id":"https:\/\/regiaonews.net.br\/2022\/#\/schema\/person\/2d205a608a5aa97ac279d7a5e6d89ad8"},"headline":"Folia no Coreto e Concurso da Rainha abrem programa\u00e7\u00e3o de Carnaval em Ol\u00edmpia","datePublished":"2023-02-13T20:10:53+00:00","mainEntityOfPage":{"@id":"https:\/\/regiaonews.net.br\/2022\/2023\/02\/13\/folia-no-coreto-e-concurso-da-rainha-abrem-programacao-de-carnaval-em-olimpia\/"},"wordCount":423,"commentCount":0,"publisher":{"@id":"https:\/\/regiaonews.net.br\/2022\/#organization"},"image":{"@id":"https:\/\/regiaonews.net.br\/2022\/2023\/02\/13\/folia-no-coreto-e-concurso-da-rainha-abrem-programacao-de-carnaval-em-olimpia\/#primaryimage"},"thumbnailUrl":"https:\/\/regiaonews.net.br\/2022\/wp-content\/uploads\/2023\/02\/Concurso-Rainha-Carnaval-5.jpg","articleSection":["Geral","Ol\u00edmpia"],"inLanguage":"pt-BR","potentialAction":[{"@type":"CommentAction","name":"Comment","target":["https:\/\/regiaonews.net.br\/2022\/2023\/02\/13\/folia-no-coreto-e-concurso-da-rainha-abrem-programacao-de-carnaval-em-olimpia\/#respond"]}]},{"@type":"WebPage","@id":"https:\/\/regiaonews.net.br\/2022\/2023\/02\/13\/folia-no-coreto-e-concurso-da-rainha-abrem-programacao-de-carnaval-em-olimpia\/","url":"https:\/\/regiaonews.net.br\/2022\/2023\/02\/13\/folia-no-coreto-e-concurso-da-rainha-abrem-programacao-de-carnaval-em-olimpia\/","name":"Folia no Coreto e Concurso da Rainha abrem programa\u00e7\u00e3o de Carnaval em Ol\u00edmpia - Regi\u00e3o News","isPartOf":{"@id":"https:\/\/regiaonews.net.br\/2022\/#website"},"primaryImageOfPage":{"@id":"https:\/\/regiaonews.net.br\/2022\/2023\/02\/13\/folia-no-coreto-e-concurso-da-rainha-abrem-programacao-de-carnaval-em-olimpia\/#primaryimage"},"image":{"@id":"https:\/\/regiaonews.net.br\/2022\/2023\/02\/13\/folia-no-coreto-e-concurso-da-rainha-abrem-programacao-de-carnaval-em-olimpia\/#primaryimage"},"thumbnailUrl":"https:\/\/regiaonews.net.br\/2022\/wp-content\/uploads\/2023\/02\/Concurso-Rainha-Carnaval-5.jpg","datePublished":"2023-02-13T20:10:53+00:00","breadcrumb":{"@id":"https:\/\/regiaonews.net.br\/2022\/2023\/02\/13\/folia-no-coreto-e-concurso-da-rainha-abrem-programacao-de-carnaval-em-olimpia\/#breadcrumb"},"inLanguage":"pt-BR","potentialAction":[{"@type":"ReadAction","target":["https:\/\/regiaonews.net.br\/2022\/2023\/02\/13\/folia-no-coreto-e-concurso-da-rainha-abrem-programacao-de-carnaval-em-olimpia\/"]}]},{"@type":"ImageObject","inLanguage":"pt-BR","@id":"https:\/\/regiaonews.net.br\/2022\/2023\/02\/13\/folia-no-coreto-e-concurso-da-rainha-abrem-programacao-de-carnaval-em-olimpia\/#primaryimage","url":"https:\/\/regiaonews.net.br\/2022\/wp-content\/uploads\/2023\/02\/Concurso-Rainha-Carnaval-5.jpg","contentUrl":"https:\/\/regiaonews.net.br\/2022\/wp-content\/uploads\/2023\/02\/Concurso-Rainha-Carnaval-5.jpg","width":2032,"height":1143},{"@type":"BreadcrumbList","@id":"https:\/\/regiaonews.net.br\/2022\/2023\/02\/13\/folia-no-coreto-e-concurso-da-rainha-abrem-programacao-de-carnaval-em-olimpia\/#breadcrumb","itemListElement":[{"@type":"ListItem","position":1,"name":"In\u00edcio","item":"https:\/\/regiaonews.net.br\/2022\/"},{"@type":"ListItem","position":2,"name":"Folia no Coreto e Concurso da Rainha abrem programa\u00e7\u00e3o de Carnaval em Ol\u00edmpia"}]},{"@type":"WebSite","@id":"https:\/\/regiaonews.net.br\/2022\/#website","url":"https:\/\/regiaonews.net.br\/2022\/","name":"Regi\u00e3o News","description":"Site de Not\u00edcias de Barretos e regi\u00e3o","publisher":{"@id":"https:\/\/regiaonews.net.br\/2022\/#organization"},"potentialAction":[{"@type":"SearchAction","target":{"@type":"EntryPoint","urlTemplate":"https:\/\/regiaonews.net.br\/2022\/?s={search_term_string}"},"query-input":{"@type":"PropertyValueSpecification","valueRequired":true,"valueName":"search_term_string"}}],"inLanguage":"pt-BR"},{"@type":"Organization","@id":"https:\/\/regiaonews.net.br\/2022\/#organization","name":"Regi\u00e3o News","url":"https:\/\/regiaonews.net.br\/2022\/","logo":{"@type":"ImageObject","inLanguage":"pt-BR","@id":"https:\/\/regiaonews.net.br\/2022\/#\/schema\/logo\/image\/","url":"https:\/\/regiaonews.net.br\/2022\/wp-content\/uploads\/2026\/03\/regiao-13-anos-scaled.jpg","contentUrl":"https:\/\/regiaonews.net.br\/2022\/wp-content\/uploads\/2026\/03\/regiao-13-anos-scaled.jpg","width":2560,"height":635,"caption":"Regi\u00e3o News"},"image":{"@id":"https:\/\/regiaonews.net.br\/2022\/#\/schema\/logo\/image\/"}},{"@type":"Person","@id":"https:\/\/regiaonews.net.br\/2022\/#\/schema\/person\/2d205a608a5aa97ac279d7a5e6d89ad8","name":"Roberto","image":{"@type":"ImageObject","inLanguage":"pt-BR","@id":"https:\/\/secure.gravatar.com\/avatar\/42749d8b712ff9d59ca93dc150494e5b55a44134482993f5baeb97e61b7ecc89?s=96&d=mm&r=g","url":"https:\/\/secure.gravatar.com\/avatar\/42749d8b712ff9d59ca93dc150494e5b55a44134482993f5baeb97e61b7ecc89?s=96&d=mm&r=g","contentUrl":"https:\/\/secure.gravatar.com\/avatar\/42749d8b712ff9d59ca93dc150494e5b55a44134482993f5baeb97e61b7ecc89?s=96&d=mm&r=g","caption":"Roberto"},"url":"https:\/\/regiaonews.net.br\/2022\/author\/roberto\/"}]}},"publishpress_future_action":{"enabled":false,"date":"2026-05-02 05:35:00","action":"change-status","newStatus":"draft","terms":[],"taxonomy":"category","extraData":[]},"publishpress_future_workflow_manual_trigger":{"enabledWorkflows":[]},"_links":{"self":[{"href":"https:\/\/regiaonews.net.br\/2022\/wp-json\/wp\/v2\/posts\/83951","targetHints":{"allow":["GET"]}}],"collection":[{"href":"https:\/\/regiaonews.net.br\/2022\/wp-json\/wp\/v2\/posts"}],"about":[{"href":"https:\/\/regiaonews.net.br\/2022\/wp-json\/wp\/v2\/types\/post"}],"author":[{"embeddable":true,"href":"https:\/\/regiaonews.net.br\/2022\/wp-json\/wp\/v2\/users\/2"}],"replies":[{"embeddable":true,"href":"https:\/\/regiaonews.net.br\/2022\/wp-json\/wp\/v2\/comments?post=83951"}],"version-history":[{"count":1,"href":"https:\/\/regiaonews.net.br\/2022\/wp-json\/wp\/v2\/posts\/83951\/revisions"}],"predecessor-version":[{"id":83953,"href":"https:\/\/regiaonews.net.br\/2022\/wp-json\/wp\/v2\/posts\/83951\/revisions\/83953"}],"wp:featuredmedia":[{"embeddable":true,"href":"https:\/\/regiaonews.net.br\/2022\/wp-json\/wp\/v2\/media\/83952"}],"wp:attachment":[{"href":"https:\/\/regiaonews.net.br\/2022\/wp-json\/wp\/v2\/media?parent=83951"}],"wp:term":[{"taxonomy":"category","embeddable":true,"href":"https:\/\/regiaonews.net.br\/2022\/wp-json\/wp\/v2\/categories?post=83951"},{"taxonomy":"post_tag","embeddable":true,"href":"https:\/\/regiaonews.net.br\/2022\/wp-json\/wp\/v2\/tags?post=83951"}],"curies":[{"name":"wp","href":"https:\/\/api.w.org\/{rel}","templated":true}]}}