{"id":83948,"date":"2023-02-13T17:09:41","date_gmt":"2023-02-13T20:09:41","guid":{"rendered":"https:\/\/regiaonews.net.br\/2022\/?p=83948"},"modified":"2023-02-13T17:09:41","modified_gmt":"2023-02-13T20:09:41","slug":"com-mais-de-15-mil-folioes-bloco-california-agita-o-pre-carnaval-de-ribeirao-preto","status":"publish","type":"post","link":"https:\/\/regiaonews.net.br\/2022\/2023\/02\/13\/com-mais-de-15-mil-folioes-bloco-california-agita-o-pre-carnaval-de-ribeirao-preto\/","title":{"rendered":"Com mais de 15 mil foli\u00f5es Bloco Calif\u00f3rnia agita o pr\u00e9-carnaval de Ribeir\u00e3o Preto"},"content":{"rendered":"<h3 style=\"text-align: center;\" align=\"center\"><strong>Evento aconteceu neste s\u00e1bado (11) no Est\u00e1dio Palma Travassos com Jammil e Uma Noites, Gretchen, DJ Arana, Jana Lima, Anna Toledo, DJs e baterias universit\u00e1rias.<\/strong><\/h3>\n<p>Consolidando-se como o maior pr\u00e9-carnaval da regi\u00e3o, o Bloco Calif\u00f3rnia reuniu cerca de 15 mil foli\u00f5es no Est\u00e1dio Palma Travassos em Ribeir\u00e3o Preto.<\/p>\n<p>Comandaram os trios: Jammil e Uma Noites; Gretchen; Jana Lima; Anna Toledo; DJ Arana. Tamb\u00e9m animaram o p\u00fablico DJs locais e as famosas baterias universit\u00e1rias.<\/p>\n<p>\u201cUma ansiedade gostosa de fazer o que amo, junto com essa banda incr\u00edvel que tem uma hist\u00f3ria linda de 25 anos. Esta foi a minha primeira vez cantando no Bloco Calif\u00f3rnia e j\u00e1 estou com vontade de voltar. Cora\u00e7\u00e3o a mil!\u201d, afirmou Rafael Barreto, vocalista da banda Jammil e Uma Noites.<\/p>\n<p>A ribeir\u00e3o-pretana Jana Lima, conhecida entre os foli\u00f5es pela voz marcante, tamb\u00e9m trouxe grandes hits do ax\u00e9 para o bloco. \u201cO Carnaval j\u00e1 chegou. Todo mundo estava com muita vontade e saudade dos pr\u00e9-carnavais. Foi uma energia surreal, superou todas as expectativas!\u201d, declarou a cantora.<\/p>\n<p><strong>A rainha voltou!\u00a0<\/strong><\/p>\n<p>Segundo os organizadores, a volta de Gretchen ao Bloco Calif\u00f3rnia foi uma \u201creivindica\u00e7\u00e3o\u201d do p\u00fablico. Ela se apresentou no evento em 2019 e marcou a hist\u00f3ria do pr\u00e9-carnaval. De volta em 2023, a musa do rebolado trouxe para a festa cl\u00e1ssicos como \u201cConga Conga Conga\u201d e \u201cFreak Le Boom Boom\u201d.<\/p>\n<p>\u201cRibeir\u00e3o Preto \u00e9 uma cidade que sempre me recebe de bra\u00e7os abertos e com muito calor. Busco sempre trazer algo diferente, que agrade essa galera jovem\u201d, comentou a cantora.<\/p>\n<p><strong>Diversidade de ritmos<\/strong><\/p>\n<p>E como o Carnaval \u00e9 uma festa democr\u00e1tica, o Bloco Calif\u00f3rnia tamb\u00e9m teve espa\u00e7o para hits sertanejos, comandados por Anna Toledo; para o funk de DJ Arana; al\u00e9m de repert\u00f3rios diversificados apresentados por DJs locais.<\/p>\n<p>O batuque das baterias universit\u00e1rias: Bates\u00e3o (Medicina USP), Doroteia (Farma USP) e Taquicardia (Medicina Unaerp) tamb\u00e9m fizeram parte do evento, que proporcionou aos foli\u00f5es um pr\u00e9-carnaval marcado por muita agita\u00e7\u00e3o e alegria.<\/p>\n<p>\u201cFinalizamos a 6\u00aa edi\u00e7\u00e3o do Bloco Calif\u00f3rnia com a sensa\u00e7\u00e3o de dever cumprido, Mais uma vez as expectativas foram superadas e estamos muito felizes com o sucesso do maior pr\u00e9-carnaval da regi\u00e3o\u201d, conclui Tiago Machado Lobo, um dos organizadores do evento.<\/p>\n","protected":false},"excerpt":{"rendered":"<p>Evento aconteceu neste s\u00e1bado (11) no Est\u00e1dio Palma Travassos com<\/p>\n","protected":false},"author":2,"featured_media":83949,"comment_status":"open","ping_status":"open","sticky":false,"template":"","format":"standard","meta":{"footnotes":""},"categories":[3,32],"tags":[],"class_list":["post-83948","post","type-post","status-publish","format-standard","has-post-thumbnail","hentry","category-geral","category-ribeirao-preto"],"yoast_head":"<!-- This site is optimized with the Yoast SEO plugin v27.4 - https:\/\/yoast.com\/product\/yoast-seo-wordpress\/ -->\n<title>Com mais de 15 mil foli\u00f5es Bloco Calif\u00f3rnia agita o pr\u00e9-carnaval de Ribeir\u00e3o Preto - Regi\u00e3o News<\/title>\n<meta name=\"robots\" content=\"index, follow, max-snippet:-1, max-image-preview:large, max-video-preview:-1\" \/>\n<link rel=\"canonical\" href=\"https:\/\/regiaonews.net.br\/2022\/2023\/02\/13\/com-mais-de-15-mil-folioes-bloco-california-agita-o-pre-carnaval-de-ribeirao-preto\/\" \/>\n<meta property=\"og:locale\" content=\"pt_BR\" \/>\n<meta property=\"og:type\" content=\"article\" \/>\n<meta property=\"og:title\" content=\"Com mais de 15 mil foli\u00f5es Bloco Calif\u00f3rnia agita o pr\u00e9-carnaval de Ribeir\u00e3o Preto - Regi\u00e3o News\" \/>\n<meta property=\"og:description\" content=\"Evento aconteceu neste s\u00e1bado (11) no Est\u00e1dio Palma Travassos com\" \/>\n<meta property=\"og:url\" content=\"https:\/\/regiaonews.net.br\/2022\/2023\/02\/13\/com-mais-de-15-mil-folioes-bloco-california-agita-o-pre-carnaval-de-ribeirao-preto\/\" \/>\n<meta property=\"og:site_name\" content=\"Regi\u00e3o News\" \/>\n<meta property=\"article:published_time\" content=\"2023-02-13T20:09:41+00:00\" \/>\n<meta property=\"og:image\" content=\"https:\/\/regiaonews.net.br\/2022\/wp-content\/uploads\/2023\/02\/unnamed-1.jpg\" \/>\n\t<meta property=\"og:image:width\" content=\"800\" \/>\n\t<meta property=\"og:image:height\" content=\"534\" \/>\n\t<meta property=\"og:image:type\" content=\"image\/jpeg\" \/>\n<meta name=\"author\" content=\"Roberto\" \/>\n<meta name=\"twitter:card\" content=\"summary_large_image\" \/>\n<meta name=\"twitter:label1\" content=\"Escrito por\" \/>\n\t<meta name=\"twitter:data1\" content=\"Roberto\" \/>\n\t<meta name=\"twitter:label2\" content=\"Est. tempo de leitura\" \/>\n\t<meta name=\"twitter:data2\" content=\"2 minutos\" \/>\n<script type=\"application\/ld+json\" class=\"yoast-schema-graph\">{\"@context\":\"https:\\\/\\\/schema.org\",\"@graph\":[{\"@type\":\"Article\",\"@id\":\"https:\\\/\\\/regiaonews.net.br\\\/2022\\\/2023\\\/02\\\/13\\\/com-mais-de-15-mil-folioes-bloco-california-agita-o-pre-carnaval-de-ribeirao-preto\\\/#article\",\"isPartOf\":{\"@id\":\"https:\\\/\\\/regiaonews.net.br\\\/2022\\\/2023\\\/02\\\/13\\\/com-mais-de-15-mil-folioes-bloco-california-agita-o-pre-carnaval-de-ribeirao-preto\\\/\"},\"author\":{\"name\":\"Roberto\",\"@id\":\"https:\\\/\\\/regiaonews.net.br\\\/2022\\\/#\\\/schema\\\/person\\\/2d205a608a5aa97ac279d7a5e6d89ad8\"},\"headline\":\"Com mais de 15 mil foli\u00f5es Bloco Calif\u00f3rnia agita o pr\u00e9-carnaval de Ribeir\u00e3o Preto\",\"datePublished\":\"2023-02-13T20:09:41+00:00\",\"mainEntityOfPage\":{\"@id\":\"https:\\\/\\\/regiaonews.net.br\\\/2022\\\/2023\\\/02\\\/13\\\/com-mais-de-15-mil-folioes-bloco-california-agita-o-pre-carnaval-de-ribeirao-preto\\\/\"},\"wordCount\":416,\"commentCount\":0,\"publisher\":{\"@id\":\"https:\\\/\\\/regiaonews.net.br\\\/2022\\\/#organization\"},\"image\":{\"@id\":\"https:\\\/\\\/regiaonews.net.br\\\/2022\\\/2023\\\/02\\\/13\\\/com-mais-de-15-mil-folioes-bloco-california-agita-o-pre-carnaval-de-ribeirao-preto\\\/#primaryimage\"},\"thumbnailUrl\":\"https:\\\/\\\/regiaonews.net.br\\\/2022\\\/wp-content\\\/uploads\\\/2023\\\/02\\\/unnamed-1.jpg\",\"articleSection\":[\"Geral\",\"Ribeir\u00e3o Preto\"],\"inLanguage\":\"pt-BR\",\"potentialAction\":[{\"@type\":\"CommentAction\",\"name\":\"Comment\",\"target\":[\"https:\\\/\\\/regiaonews.net.br\\\/2022\\\/2023\\\/02\\\/13\\\/com-mais-de-15-mil-folioes-bloco-california-agita-o-pre-carnaval-de-ribeirao-preto\\\/#respond\"]}]},{\"@type\":\"WebPage\",\"@id\":\"https:\\\/\\\/regiaonews.net.br\\\/2022\\\/2023\\\/02\\\/13\\\/com-mais-de-15-mil-folioes-bloco-california-agita-o-pre-carnaval-de-ribeirao-preto\\\/\",\"url\":\"https:\\\/\\\/regiaonews.net.br\\\/2022\\\/2023\\\/02\\\/13\\\/com-mais-de-15-mil-folioes-bloco-california-agita-o-pre-carnaval-de-ribeirao-preto\\\/\",\"name\":\"Com mais de 15 mil foli\u00f5es Bloco Calif\u00f3rnia agita o pr\u00e9-carnaval de Ribeir\u00e3o Preto - Regi\u00e3o News\",\"isPartOf\":{\"@id\":\"https:\\\/\\\/regiaonews.net.br\\\/2022\\\/#website\"},\"primaryImageOfPage\":{\"@id\":\"https:\\\/\\\/regiaonews.net.br\\\/2022\\\/2023\\\/02\\\/13\\\/com-mais-de-15-mil-folioes-bloco-california-agita-o-pre-carnaval-de-ribeirao-preto\\\/#primaryimage\"},\"image\":{\"@id\":\"https:\\\/\\\/regiaonews.net.br\\\/2022\\\/2023\\\/02\\\/13\\\/com-mais-de-15-mil-folioes-bloco-california-agita-o-pre-carnaval-de-ribeirao-preto\\\/#primaryimage\"},\"thumbnailUrl\":\"https:\\\/\\\/regiaonews.net.br\\\/2022\\\/wp-content\\\/uploads\\\/2023\\\/02\\\/unnamed-1.jpg\",\"datePublished\":\"2023-02-13T20:09:41+00:00\",\"breadcrumb\":{\"@id\":\"https:\\\/\\\/regiaonews.net.br\\\/2022\\\/2023\\\/02\\\/13\\\/com-mais-de-15-mil-folioes-bloco-california-agita-o-pre-carnaval-de-ribeirao-preto\\\/#breadcrumb\"},\"inLanguage\":\"pt-BR\",\"potentialAction\":[{\"@type\":\"ReadAction\",\"target\":[\"https:\\\/\\\/regiaonews.net.br\\\/2022\\\/2023\\\/02\\\/13\\\/com-mais-de-15-mil-folioes-bloco-california-agita-o-pre-carnaval-de-ribeirao-preto\\\/\"]}]},{\"@type\":\"ImageObject\",\"inLanguage\":\"pt-BR\",\"@id\":\"https:\\\/\\\/regiaonews.net.br\\\/2022\\\/2023\\\/02\\\/13\\\/com-mais-de-15-mil-folioes-bloco-california-agita-o-pre-carnaval-de-ribeirao-preto\\\/#primaryimage\",\"url\":\"https:\\\/\\\/regiaonews.net.br\\\/2022\\\/wp-content\\\/uploads\\\/2023\\\/02\\\/unnamed-1.jpg\",\"contentUrl\":\"https:\\\/\\\/regiaonews.net.br\\\/2022\\\/wp-content\\\/uploads\\\/2023\\\/02\\\/unnamed-1.jpg\",\"width\":800,\"height\":534},{\"@type\":\"BreadcrumbList\",\"@id\":\"https:\\\/\\\/regiaonews.net.br\\\/2022\\\/2023\\\/02\\\/13\\\/com-mais-de-15-mil-folioes-bloco-california-agita-o-pre-carnaval-de-ribeirao-preto\\\/#breadcrumb\",\"itemListElement\":[{\"@type\":\"ListItem\",\"position\":1,\"name\":\"In\u00edcio\",\"item\":\"https:\\\/\\\/regiaonews.net.br\\\/2022\\\/\"},{\"@type\":\"ListItem\",\"position\":2,\"name\":\"Com mais de 15 mil foli\u00f5es Bloco Calif\u00f3rnia agita o pr\u00e9-carnaval de Ribeir\u00e3o Preto\"}]},{\"@type\":\"WebSite\",\"@id\":\"https:\\\/\\\/regiaonews.net.br\\\/2022\\\/#website\",\"url\":\"https:\\\/\\\/regiaonews.net.br\\\/2022\\\/\",\"name\":\"Regi\u00e3o News\",\"description\":\"Site de Not\u00edcias de Barretos e regi\u00e3o\",\"publisher\":{\"@id\":\"https:\\\/\\\/regiaonews.net.br\\\/2022\\\/#organization\"},\"potentialAction\":[{\"@type\":\"SearchAction\",\"target\":{\"@type\":\"EntryPoint\",\"urlTemplate\":\"https:\\\/\\\/regiaonews.net.br\\\/2022\\\/?s={search_term_string}\"},\"query-input\":{\"@type\":\"PropertyValueSpecification\",\"valueRequired\":true,\"valueName\":\"search_term_string\"}}],\"inLanguage\":\"pt-BR\"},{\"@type\":\"Organization\",\"@id\":\"https:\\\/\\\/regiaonews.net.br\\\/2022\\\/#organization\",\"name\":\"Regi\u00e3o News\",\"url\":\"https:\\\/\\\/regiaonews.net.br\\\/2022\\\/\",\"logo\":{\"@type\":\"ImageObject\",\"inLanguage\":\"pt-BR\",\"@id\":\"https:\\\/\\\/regiaonews.net.br\\\/2022\\\/#\\\/schema\\\/logo\\\/image\\\/\",\"url\":\"https:\\\/\\\/regiaonews.net.br\\\/2022\\\/wp-content\\\/uploads\\\/2026\\\/03\\\/regiao-13-anos-scaled.jpg\",\"contentUrl\":\"https:\\\/\\\/regiaonews.net.br\\\/2022\\\/wp-content\\\/uploads\\\/2026\\\/03\\\/regiao-13-anos-scaled.jpg\",\"width\":2560,\"height\":635,\"caption\":\"Regi\u00e3o News\"},\"image\":{\"@id\":\"https:\\\/\\\/regiaonews.net.br\\\/2022\\\/#\\\/schema\\\/logo\\\/image\\\/\"}},{\"@type\":\"Person\",\"@id\":\"https:\\\/\\\/regiaonews.net.br\\\/2022\\\/#\\\/schema\\\/person\\\/2d205a608a5aa97ac279d7a5e6d89ad8\",\"name\":\"Roberto\",\"image\":{\"@type\":\"ImageObject\",\"inLanguage\":\"pt-BR\",\"@id\":\"https:\\\/\\\/secure.gravatar.com\\\/avatar\\\/42749d8b712ff9d59ca93dc150494e5b55a44134482993f5baeb97e61b7ecc89?s=96&d=mm&r=g\",\"url\":\"https:\\\/\\\/secure.gravatar.com\\\/avatar\\\/42749d8b712ff9d59ca93dc150494e5b55a44134482993f5baeb97e61b7ecc89?s=96&d=mm&r=g\",\"contentUrl\":\"https:\\\/\\\/secure.gravatar.com\\\/avatar\\\/42749d8b712ff9d59ca93dc150494e5b55a44134482993f5baeb97e61b7ecc89?s=96&d=mm&r=g\",\"caption\":\"Roberto\"},\"url\":\"https:\\\/\\\/regiaonews.net.br\\\/2022\\\/author\\\/roberto\\\/\"}]}<\/script>\n<!-- \/ Yoast SEO plugin. -->","yoast_head_json":{"title":"Com mais de 15 mil foli\u00f5es Bloco Calif\u00f3rnia agita o pr\u00e9-carnaval de Ribeir\u00e3o Preto - Regi\u00e3o News","robots":{"index":"index","follow":"follow","max-snippet":"max-snippet:-1","max-image-preview":"max-image-preview:large","max-video-preview":"max-video-preview:-1"},"canonical":"https:\/\/regiaonews.net.br\/2022\/2023\/02\/13\/com-mais-de-15-mil-folioes-bloco-california-agita-o-pre-carnaval-de-ribeirao-preto\/","og_locale":"pt_BR","og_type":"article","og_title":"Com mais de 15 mil foli\u00f5es Bloco Calif\u00f3rnia agita o pr\u00e9-carnaval de Ribeir\u00e3o Preto - Regi\u00e3o News","og_description":"Evento aconteceu neste s\u00e1bado (11) no Est\u00e1dio Palma Travassos com","og_url":"https:\/\/regiaonews.net.br\/2022\/2023\/02\/13\/com-mais-de-15-mil-folioes-bloco-california-agita-o-pre-carnaval-de-ribeirao-preto\/","og_site_name":"Regi\u00e3o News","article_published_time":"2023-02-13T20:09:41+00:00","og_image":[{"width":800,"height":534,"url":"https:\/\/regiaonews.net.br\/2022\/wp-content\/uploads\/2023\/02\/unnamed-1.jpg","type":"image\/jpeg"}],"author":"Roberto","twitter_card":"summary_large_image","twitter_misc":{"Escrito por":"Roberto","Est. tempo de leitura":"2 minutos"},"schema":{"@context":"https:\/\/schema.org","@graph":[{"@type":"Article","@id":"https:\/\/regiaonews.net.br\/2022\/2023\/02\/13\/com-mais-de-15-mil-folioes-bloco-california-agita-o-pre-carnaval-de-ribeirao-preto\/#article","isPartOf":{"@id":"https:\/\/regiaonews.net.br\/2022\/2023\/02\/13\/com-mais-de-15-mil-folioes-bloco-california-agita-o-pre-carnaval-de-ribeirao-preto\/"},"author":{"name":"Roberto","@id":"https:\/\/regiaonews.net.br\/2022\/#\/schema\/person\/2d205a608a5aa97ac279d7a5e6d89ad8"},"headline":"Com mais de 15 mil foli\u00f5es Bloco Calif\u00f3rnia agita o pr\u00e9-carnaval de Ribeir\u00e3o Preto","datePublished":"2023-02-13T20:09:41+00:00","mainEntityOfPage":{"@id":"https:\/\/regiaonews.net.br\/2022\/2023\/02\/13\/com-mais-de-15-mil-folioes-bloco-california-agita-o-pre-carnaval-de-ribeirao-preto\/"},"wordCount":416,"commentCount":0,"publisher":{"@id":"https:\/\/regiaonews.net.br\/2022\/#organization"},"image":{"@id":"https:\/\/regiaonews.net.br\/2022\/2023\/02\/13\/com-mais-de-15-mil-folioes-bloco-california-agita-o-pre-carnaval-de-ribeirao-preto\/#primaryimage"},"thumbnailUrl":"https:\/\/regiaonews.net.br\/2022\/wp-content\/uploads\/2023\/02\/unnamed-1.jpg","articleSection":["Geral","Ribeir\u00e3o Preto"],"inLanguage":"pt-BR","potentialAction":[{"@type":"CommentAction","name":"Comment","target":["https:\/\/regiaonews.net.br\/2022\/2023\/02\/13\/com-mais-de-15-mil-folioes-bloco-california-agita-o-pre-carnaval-de-ribeirao-preto\/#respond"]}]},{"@type":"WebPage","@id":"https:\/\/regiaonews.net.br\/2022\/2023\/02\/13\/com-mais-de-15-mil-folioes-bloco-california-agita-o-pre-carnaval-de-ribeirao-preto\/","url":"https:\/\/regiaonews.net.br\/2022\/2023\/02\/13\/com-mais-de-15-mil-folioes-bloco-california-agita-o-pre-carnaval-de-ribeirao-preto\/","name":"Com mais de 15 mil foli\u00f5es Bloco Calif\u00f3rnia agita o pr\u00e9-carnaval de Ribeir\u00e3o Preto - Regi\u00e3o News","isPartOf":{"@id":"https:\/\/regiaonews.net.br\/2022\/#website"},"primaryImageOfPage":{"@id":"https:\/\/regiaonews.net.br\/2022\/2023\/02\/13\/com-mais-de-15-mil-folioes-bloco-california-agita-o-pre-carnaval-de-ribeirao-preto\/#primaryimage"},"image":{"@id":"https:\/\/regiaonews.net.br\/2022\/2023\/02\/13\/com-mais-de-15-mil-folioes-bloco-california-agita-o-pre-carnaval-de-ribeirao-preto\/#primaryimage"},"thumbnailUrl":"https:\/\/regiaonews.net.br\/2022\/wp-content\/uploads\/2023\/02\/unnamed-1.jpg","datePublished":"2023-02-13T20:09:41+00:00","breadcrumb":{"@id":"https:\/\/regiaonews.net.br\/2022\/2023\/02\/13\/com-mais-de-15-mil-folioes-bloco-california-agita-o-pre-carnaval-de-ribeirao-preto\/#breadcrumb"},"inLanguage":"pt-BR","potentialAction":[{"@type":"ReadAction","target":["https:\/\/regiaonews.net.br\/2022\/2023\/02\/13\/com-mais-de-15-mil-folioes-bloco-california-agita-o-pre-carnaval-de-ribeirao-preto\/"]}]},{"@type":"ImageObject","inLanguage":"pt-BR","@id":"https:\/\/regiaonews.net.br\/2022\/2023\/02\/13\/com-mais-de-15-mil-folioes-bloco-california-agita-o-pre-carnaval-de-ribeirao-preto\/#primaryimage","url":"https:\/\/regiaonews.net.br\/2022\/wp-content\/uploads\/2023\/02\/unnamed-1.jpg","contentUrl":"https:\/\/regiaonews.net.br\/2022\/wp-content\/uploads\/2023\/02\/unnamed-1.jpg","width":800,"height":534},{"@type":"BreadcrumbList","@id":"https:\/\/regiaonews.net.br\/2022\/2023\/02\/13\/com-mais-de-15-mil-folioes-bloco-california-agita-o-pre-carnaval-de-ribeirao-preto\/#breadcrumb","itemListElement":[{"@type":"ListItem","position":1,"name":"In\u00edcio","item":"https:\/\/regiaonews.net.br\/2022\/"},{"@type":"ListItem","position":2,"name":"Com mais de 15 mil foli\u00f5es Bloco Calif\u00f3rnia agita o pr\u00e9-carnaval de Ribeir\u00e3o Preto"}]},{"@type":"WebSite","@id":"https:\/\/regiaonews.net.br\/2022\/#website","url":"https:\/\/regiaonews.net.br\/2022\/","name":"Regi\u00e3o News","description":"Site de Not\u00edcias de Barretos e regi\u00e3o","publisher":{"@id":"https:\/\/regiaonews.net.br\/2022\/#organization"},"potentialAction":[{"@type":"SearchAction","target":{"@type":"EntryPoint","urlTemplate":"https:\/\/regiaonews.net.br\/2022\/?s={search_term_string}"},"query-input":{"@type":"PropertyValueSpecification","valueRequired":true,"valueName":"search_term_string"}}],"inLanguage":"pt-BR"},{"@type":"Organization","@id":"https:\/\/regiaonews.net.br\/2022\/#organization","name":"Regi\u00e3o News","url":"https:\/\/regiaonews.net.br\/2022\/","logo":{"@type":"ImageObject","inLanguage":"pt-BR","@id":"https:\/\/regiaonews.net.br\/2022\/#\/schema\/logo\/image\/","url":"https:\/\/regiaonews.net.br\/2022\/wp-content\/uploads\/2026\/03\/regiao-13-anos-scaled.jpg","contentUrl":"https:\/\/regiaonews.net.br\/2022\/wp-content\/uploads\/2026\/03\/regiao-13-anos-scaled.jpg","width":2560,"height":635,"caption":"Regi\u00e3o News"},"image":{"@id":"https:\/\/regiaonews.net.br\/2022\/#\/schema\/logo\/image\/"}},{"@type":"Person","@id":"https:\/\/regiaonews.net.br\/2022\/#\/schema\/person\/2d205a608a5aa97ac279d7a5e6d89ad8","name":"Roberto","image":{"@type":"ImageObject","inLanguage":"pt-BR","@id":"https:\/\/secure.gravatar.com\/avatar\/42749d8b712ff9d59ca93dc150494e5b55a44134482993f5baeb97e61b7ecc89?s=96&d=mm&r=g","url":"https:\/\/secure.gravatar.com\/avatar\/42749d8b712ff9d59ca93dc150494e5b55a44134482993f5baeb97e61b7ecc89?s=96&d=mm&r=g","contentUrl":"https:\/\/secure.gravatar.com\/avatar\/42749d8b712ff9d59ca93dc150494e5b55a44134482993f5baeb97e61b7ecc89?s=96&d=mm&r=g","caption":"Roberto"},"url":"https:\/\/regiaonews.net.br\/2022\/author\/roberto\/"}]}},"publishpress_future_action":{"enabled":false,"date":"2026-05-02 06:02:33","action":"change-status","newStatus":"draft","terms":[],"taxonomy":"category","extraData":[]},"publishpress_future_workflow_manual_trigger":{"enabledWorkflows":[]},"_links":{"self":[{"href":"https:\/\/regiaonews.net.br\/2022\/wp-json\/wp\/v2\/posts\/83948","targetHints":{"allow":["GET"]}}],"collection":[{"href":"https:\/\/regiaonews.net.br\/2022\/wp-json\/wp\/v2\/posts"}],"about":[{"href":"https:\/\/regiaonews.net.br\/2022\/wp-json\/wp\/v2\/types\/post"}],"author":[{"embeddable":true,"href":"https:\/\/regiaonews.net.br\/2022\/wp-json\/wp\/v2\/users\/2"}],"replies":[{"embeddable":true,"href":"https:\/\/regiaonews.net.br\/2022\/wp-json\/wp\/v2\/comments?post=83948"}],"version-history":[{"count":1,"href":"https:\/\/regiaonews.net.br\/2022\/wp-json\/wp\/v2\/posts\/83948\/revisions"}],"predecessor-version":[{"id":83950,"href":"https:\/\/regiaonews.net.br\/2022\/wp-json\/wp\/v2\/posts\/83948\/revisions\/83950"}],"wp:featuredmedia":[{"embeddable":true,"href":"https:\/\/regiaonews.net.br\/2022\/wp-json\/wp\/v2\/media\/83949"}],"wp:attachment":[{"href":"https:\/\/regiaonews.net.br\/2022\/wp-json\/wp\/v2\/media?parent=83948"}],"wp:term":[{"taxonomy":"category","embeddable":true,"href":"https:\/\/regiaonews.net.br\/2022\/wp-json\/wp\/v2\/categories?post=83948"},{"taxonomy":"post_tag","embeddable":true,"href":"https:\/\/regiaonews.net.br\/2022\/wp-json\/wp\/v2\/tags?post=83948"}],"curies":[{"name":"wp","href":"https:\/\/api.w.org\/{rel}","templated":true}]}}