{"id":83886,"date":"2023-02-11T17:05:49","date_gmt":"2023-02-11T20:05:49","guid":{"rendered":"https:\/\/regiaonews.net.br\/2022\/?p=83886"},"modified":"2023-02-11T17:08:23","modified_gmt":"2023-02-11T20:08:23","slug":"flamengo-vence-e-fica-em-3o-lugar-no-mundial-de-clubes","status":"publish","type":"post","link":"https:\/\/regiaonews.net.br\/2022\/2023\/02\/11\/flamengo-vence-e-fica-em-3o-lugar-no-mundial-de-clubes\/","title":{"rendered":"Flamengo vence e fica em 3\u00ba lugar no Mundial de Clubes"},"content":{"rendered":"<div class=\"col-lg-12 mb-3\">\n<div class=\"row\"><\/div>\n<div class=\"row\">\n<div id=\"tts-container\" class=\"col-xl-7 offset-xl-1 col-lg-8 offset-lg-0 col-md-10 offset-md-1 mb-3\">Foto &#8211; Reprodu\u00e7\u00e3o TV Globo<\/div>\n<\/div>\n<\/div>\n<div class=\"col-xl-7 offset-xl-1 col-lg-8 offset-lg-0 col-md-10 offset-md-1 mb-3\">\n<div class=\"post-item alt-font\">\n<div class=\"post-item-wrap\">\n<p>O Flamengo venceu o Al Ahly, do Egito, neste s\u00e1bado (11) por 4 a 2 e encerrou a participa\u00e7\u00e3o no Mundial de Clubes em 3\u00aa lugar. O duelo foi realizado no est\u00e1dio Ibn Batouta Estadium, em T\u00e2nger, no Marrocos.<img decoding=\"async\" src=\"https:\/\/agenciabrasil.ebc.com.br\/ebc.png?id=1509809&amp;o=node\" \/><img decoding=\"async\" src=\"https:\/\/agenciabrasil.ebc.com.br\/ebc.gif?id=1509809&amp;o=node\" \/><\/p>\n<p>Esta foi a primeira vez, em tr\u00eas participa\u00e7\u00f5es, que o clube carioca encerrou a participa\u00e7\u00e3o na competi\u00e7\u00e3o na terceira coloca\u00e7\u00e3o. Em 1981, gritou campe\u00e3o e em 2019, foi vice-campe\u00e3o.<\/p>\n<p>Logo no in\u00edcio do jogo, o lateral direito Varela foi derrubado na \u00e1rea e sofreu p\u00eanalti. Aos 10 minutos, Gabigol cobrou e abriu o placar para a equipe rubro-negra.<\/p>\n<p>Aos 37 minutos, foi a vez do time africano alterar o placar. Ap\u00f3s cobran\u00e7a de escanteio por Maaloul, Abdelkader, de cabe\u00e7a, deixou tudo igual.<\/p>\n<p>Depois do intervalo, o Al Ahly quase virou. Aos 10 minutos, Thiago Maia fez p\u00eanalti em Sherif, mas o goleiro Santos defendeu a batida de Maaloul. Em seguida, Abdelkader fez bela jogada e marcou o segundo dele no confronto, aos 14 minutos.<\/p>\n<p>A partir dos 19 minutos os eg\u00edpcios tiveram que jogar com um a menos, j\u00e1 que Abdelfattah foi expulso por causa da falta cometida em Ayrton Lucas. Com vantagem num\u00e9rica em campo, os brasileiros conseguiram igualar o marcador. O gol de empate foi marcado por Pedro, aos 31 minutos.<\/p>\n<p>Do terceiro p\u00eanalti da partida saiu o quinto gol do jogo. Novamente Gabigol, aos 39 minutos, marcou para o Flamengo. Os rubro-negros ainda ampliaram aos 45 minutos. Pedro aproveitou o erro na sa\u00edda de bola do advers\u00e1rio e balan\u00e7ou a rede em T\u00e2nger. Final de jogo Flamengo 4, Al Ahly 2.<\/p>\n<\/div>\n<\/div>\n<\/div>\n","protected":false},"excerpt":{"rendered":"<p>Foto &#8211; Reprodu\u00e7\u00e3o TV Globo O Flamengo venceu o Al<\/p>\n","protected":false},"author":2,"featured_media":83888,"comment_status":"open","ping_status":"open","sticky":false,"template":"","format":"standard","meta":{"footnotes":""},"categories":[21],"tags":[],"class_list":["post-83886","post","type-post","status-publish","format-standard","has-post-thumbnail","hentry","category-esporte"],"yoast_head":"<!-- This site is optimized with the Yoast SEO plugin v27.4 - https:\/\/yoast.com\/product\/yoast-seo-wordpress\/ -->\n<title>Flamengo vence e fica em 3\u00ba lugar no Mundial de Clubes - Regi\u00e3o News<\/title>\n<meta name=\"robots\" content=\"index, follow, max-snippet:-1, max-image-preview:large, max-video-preview:-1\" \/>\n<link rel=\"canonical\" href=\"https:\/\/regiaonews.net.br\/2022\/2023\/02\/11\/flamengo-vence-e-fica-em-3o-lugar-no-mundial-de-clubes\/\" \/>\n<meta property=\"og:locale\" content=\"pt_BR\" \/>\n<meta property=\"og:type\" content=\"article\" \/>\n<meta property=\"og:title\" content=\"Flamengo vence e fica em 3\u00ba lugar no Mundial de Clubes - Regi\u00e3o News\" \/>\n<meta property=\"og:description\" content=\"Foto &#8211; Reprodu\u00e7\u00e3o TV Globo O Flamengo venceu o Al\" \/>\n<meta property=\"og:url\" content=\"https:\/\/regiaonews.net.br\/2022\/2023\/02\/11\/flamengo-vence-e-fica-em-3o-lugar-no-mundial-de-clubes\/\" \/>\n<meta property=\"og:site_name\" content=\"Regi\u00e3o News\" \/>\n<meta property=\"article:published_time\" content=\"2023-02-11T20:05:49+00:00\" \/>\n<meta property=\"article:modified_time\" content=\"2023-02-11T20:08:23+00:00\" \/>\n<meta property=\"og:image\" content=\"https:\/\/regiaonews.net.br\/2022\/wp-content\/uploads\/2023\/02\/20230211_141956-scaled.jpg\" \/>\n\t<meta property=\"og:image:width\" content=\"2560\" \/>\n\t<meta property=\"og:image:height\" content=\"1465\" \/>\n\t<meta property=\"og:image:type\" content=\"image\/jpeg\" \/>\n<meta name=\"author\" content=\"Roberto\" \/>\n<meta name=\"twitter:card\" content=\"summary_large_image\" \/>\n<meta name=\"twitter:label1\" content=\"Escrito por\" \/>\n\t<meta name=\"twitter:data1\" content=\"Roberto\" \/>\n\t<meta name=\"twitter:label2\" content=\"Est. tempo de leitura\" \/>\n\t<meta name=\"twitter:data2\" content=\"2 minutos\" \/>\n<script type=\"application\/ld+json\" class=\"yoast-schema-graph\">{\"@context\":\"https:\\\/\\\/schema.org\",\"@graph\":[{\"@type\":\"Article\",\"@id\":\"https:\\\/\\\/regiaonews.net.br\\\/2022\\\/2023\\\/02\\\/11\\\/flamengo-vence-e-fica-em-3o-lugar-no-mundial-de-clubes\\\/#article\",\"isPartOf\":{\"@id\":\"https:\\\/\\\/regiaonews.net.br\\\/2022\\\/2023\\\/02\\\/11\\\/flamengo-vence-e-fica-em-3o-lugar-no-mundial-de-clubes\\\/\"},\"author\":{\"name\":\"Roberto\",\"@id\":\"https:\\\/\\\/regiaonews.net.br\\\/2022\\\/#\\\/schema\\\/person\\\/2d205a608a5aa97ac279d7a5e6d89ad8\"},\"headline\":\"Flamengo vence e fica em 3\u00ba lugar no Mundial de Clubes\",\"datePublished\":\"2023-02-11T20:05:49+00:00\",\"dateModified\":\"2023-02-11T20:08:23+00:00\",\"mainEntityOfPage\":{\"@id\":\"https:\\\/\\\/regiaonews.net.br\\\/2022\\\/2023\\\/02\\\/11\\\/flamengo-vence-e-fica-em-3o-lugar-no-mundial-de-clubes\\\/\"},\"wordCount\":287,\"commentCount\":0,\"publisher\":{\"@id\":\"https:\\\/\\\/regiaonews.net.br\\\/2022\\\/#organization\"},\"image\":{\"@id\":\"https:\\\/\\\/regiaonews.net.br\\\/2022\\\/2023\\\/02\\\/11\\\/flamengo-vence-e-fica-em-3o-lugar-no-mundial-de-clubes\\\/#primaryimage\"},\"thumbnailUrl\":\"https:\\\/\\\/regiaonews.net.br\\\/2022\\\/wp-content\\\/uploads\\\/2023\\\/02\\\/20230211_141956-scaled.jpg\",\"articleSection\":[\"Esporte\"],\"inLanguage\":\"pt-BR\",\"potentialAction\":[{\"@type\":\"CommentAction\",\"name\":\"Comment\",\"target\":[\"https:\\\/\\\/regiaonews.net.br\\\/2022\\\/2023\\\/02\\\/11\\\/flamengo-vence-e-fica-em-3o-lugar-no-mundial-de-clubes\\\/#respond\"]}]},{\"@type\":\"WebPage\",\"@id\":\"https:\\\/\\\/regiaonews.net.br\\\/2022\\\/2023\\\/02\\\/11\\\/flamengo-vence-e-fica-em-3o-lugar-no-mundial-de-clubes\\\/\",\"url\":\"https:\\\/\\\/regiaonews.net.br\\\/2022\\\/2023\\\/02\\\/11\\\/flamengo-vence-e-fica-em-3o-lugar-no-mundial-de-clubes\\\/\",\"name\":\"Flamengo vence e fica em 3\u00ba lugar no Mundial de Clubes - Regi\u00e3o News\",\"isPartOf\":{\"@id\":\"https:\\\/\\\/regiaonews.net.br\\\/2022\\\/#website\"},\"primaryImageOfPage\":{\"@id\":\"https:\\\/\\\/regiaonews.net.br\\\/2022\\\/2023\\\/02\\\/11\\\/flamengo-vence-e-fica-em-3o-lugar-no-mundial-de-clubes\\\/#primaryimage\"},\"image\":{\"@id\":\"https:\\\/\\\/regiaonews.net.br\\\/2022\\\/2023\\\/02\\\/11\\\/flamengo-vence-e-fica-em-3o-lugar-no-mundial-de-clubes\\\/#primaryimage\"},\"thumbnailUrl\":\"https:\\\/\\\/regiaonews.net.br\\\/2022\\\/wp-content\\\/uploads\\\/2023\\\/02\\\/20230211_141956-scaled.jpg\",\"datePublished\":\"2023-02-11T20:05:49+00:00\",\"dateModified\":\"2023-02-11T20:08:23+00:00\",\"breadcrumb\":{\"@id\":\"https:\\\/\\\/regiaonews.net.br\\\/2022\\\/2023\\\/02\\\/11\\\/flamengo-vence-e-fica-em-3o-lugar-no-mundial-de-clubes\\\/#breadcrumb\"},\"inLanguage\":\"pt-BR\",\"potentialAction\":[{\"@type\":\"ReadAction\",\"target\":[\"https:\\\/\\\/regiaonews.net.br\\\/2022\\\/2023\\\/02\\\/11\\\/flamengo-vence-e-fica-em-3o-lugar-no-mundial-de-clubes\\\/\"]}]},{\"@type\":\"ImageObject\",\"inLanguage\":\"pt-BR\",\"@id\":\"https:\\\/\\\/regiaonews.net.br\\\/2022\\\/2023\\\/02\\\/11\\\/flamengo-vence-e-fica-em-3o-lugar-no-mundial-de-clubes\\\/#primaryimage\",\"url\":\"https:\\\/\\\/regiaonews.net.br\\\/2022\\\/wp-content\\\/uploads\\\/2023\\\/02\\\/20230211_141956-scaled.jpg\",\"contentUrl\":\"https:\\\/\\\/regiaonews.net.br\\\/2022\\\/wp-content\\\/uploads\\\/2023\\\/02\\\/20230211_141956-scaled.jpg\",\"width\":2560,\"height\":1465},{\"@type\":\"BreadcrumbList\",\"@id\":\"https:\\\/\\\/regiaonews.net.br\\\/2022\\\/2023\\\/02\\\/11\\\/flamengo-vence-e-fica-em-3o-lugar-no-mundial-de-clubes\\\/#breadcrumb\",\"itemListElement\":[{\"@type\":\"ListItem\",\"position\":1,\"name\":\"In\u00edcio\",\"item\":\"https:\\\/\\\/regiaonews.net.br\\\/2022\\\/\"},{\"@type\":\"ListItem\",\"position\":2,\"name\":\"Flamengo vence e fica em 3\u00ba lugar no Mundial de Clubes\"}]},{\"@type\":\"WebSite\",\"@id\":\"https:\\\/\\\/regiaonews.net.br\\\/2022\\\/#website\",\"url\":\"https:\\\/\\\/regiaonews.net.br\\\/2022\\\/\",\"name\":\"Regi\u00e3o News\",\"description\":\"Site de Not\u00edcias de Barretos e regi\u00e3o\",\"publisher\":{\"@id\":\"https:\\\/\\\/regiaonews.net.br\\\/2022\\\/#organization\"},\"potentialAction\":[{\"@type\":\"SearchAction\",\"target\":{\"@type\":\"EntryPoint\",\"urlTemplate\":\"https:\\\/\\\/regiaonews.net.br\\\/2022\\\/?s={search_term_string}\"},\"query-input\":{\"@type\":\"PropertyValueSpecification\",\"valueRequired\":true,\"valueName\":\"search_term_string\"}}],\"inLanguage\":\"pt-BR\"},{\"@type\":\"Organization\",\"@id\":\"https:\\\/\\\/regiaonews.net.br\\\/2022\\\/#organization\",\"name\":\"Regi\u00e3o News\",\"url\":\"https:\\\/\\\/regiaonews.net.br\\\/2022\\\/\",\"logo\":{\"@type\":\"ImageObject\",\"inLanguage\":\"pt-BR\",\"@id\":\"https:\\\/\\\/regiaonews.net.br\\\/2022\\\/#\\\/schema\\\/logo\\\/image\\\/\",\"url\":\"https:\\\/\\\/regiaonews.net.br\\\/2022\\\/wp-content\\\/uploads\\\/2026\\\/03\\\/regiao-13-anos-scaled.jpg\",\"contentUrl\":\"https:\\\/\\\/regiaonews.net.br\\\/2022\\\/wp-content\\\/uploads\\\/2026\\\/03\\\/regiao-13-anos-scaled.jpg\",\"width\":2560,\"height\":635,\"caption\":\"Regi\u00e3o News\"},\"image\":{\"@id\":\"https:\\\/\\\/regiaonews.net.br\\\/2022\\\/#\\\/schema\\\/logo\\\/image\\\/\"}},{\"@type\":\"Person\",\"@id\":\"https:\\\/\\\/regiaonews.net.br\\\/2022\\\/#\\\/schema\\\/person\\\/2d205a608a5aa97ac279d7a5e6d89ad8\",\"name\":\"Roberto\",\"image\":{\"@type\":\"ImageObject\",\"inLanguage\":\"pt-BR\",\"@id\":\"https:\\\/\\\/secure.gravatar.com\\\/avatar\\\/42749d8b712ff9d59ca93dc150494e5b55a44134482993f5baeb97e61b7ecc89?s=96&d=mm&r=g\",\"url\":\"https:\\\/\\\/secure.gravatar.com\\\/avatar\\\/42749d8b712ff9d59ca93dc150494e5b55a44134482993f5baeb97e61b7ecc89?s=96&d=mm&r=g\",\"contentUrl\":\"https:\\\/\\\/secure.gravatar.com\\\/avatar\\\/42749d8b712ff9d59ca93dc150494e5b55a44134482993f5baeb97e61b7ecc89?s=96&d=mm&r=g\",\"caption\":\"Roberto\"},\"url\":\"https:\\\/\\\/regiaonews.net.br\\\/2022\\\/author\\\/roberto\\\/\"}]}<\/script>\n<!-- \/ Yoast SEO plugin. -->","yoast_head_json":{"title":"Flamengo vence e fica em 3\u00ba lugar no Mundial de Clubes - Regi\u00e3o News","robots":{"index":"index","follow":"follow","max-snippet":"max-snippet:-1","max-image-preview":"max-image-preview:large","max-video-preview":"max-video-preview:-1"},"canonical":"https:\/\/regiaonews.net.br\/2022\/2023\/02\/11\/flamengo-vence-e-fica-em-3o-lugar-no-mundial-de-clubes\/","og_locale":"pt_BR","og_type":"article","og_title":"Flamengo vence e fica em 3\u00ba lugar no Mundial de Clubes - Regi\u00e3o News","og_description":"Foto &#8211; Reprodu\u00e7\u00e3o TV Globo O Flamengo venceu o Al","og_url":"https:\/\/regiaonews.net.br\/2022\/2023\/02\/11\/flamengo-vence-e-fica-em-3o-lugar-no-mundial-de-clubes\/","og_site_name":"Regi\u00e3o News","article_published_time":"2023-02-11T20:05:49+00:00","article_modified_time":"2023-02-11T20:08:23+00:00","og_image":[{"width":2560,"height":1465,"url":"https:\/\/regiaonews.net.br\/2022\/wp-content\/uploads\/2023\/02\/20230211_141956-scaled.jpg","type":"image\/jpeg"}],"author":"Roberto","twitter_card":"summary_large_image","twitter_misc":{"Escrito por":"Roberto","Est. tempo de leitura":"2 minutos"},"schema":{"@context":"https:\/\/schema.org","@graph":[{"@type":"Article","@id":"https:\/\/regiaonews.net.br\/2022\/2023\/02\/11\/flamengo-vence-e-fica-em-3o-lugar-no-mundial-de-clubes\/#article","isPartOf":{"@id":"https:\/\/regiaonews.net.br\/2022\/2023\/02\/11\/flamengo-vence-e-fica-em-3o-lugar-no-mundial-de-clubes\/"},"author":{"name":"Roberto","@id":"https:\/\/regiaonews.net.br\/2022\/#\/schema\/person\/2d205a608a5aa97ac279d7a5e6d89ad8"},"headline":"Flamengo vence e fica em 3\u00ba lugar no Mundial de Clubes","datePublished":"2023-02-11T20:05:49+00:00","dateModified":"2023-02-11T20:08:23+00:00","mainEntityOfPage":{"@id":"https:\/\/regiaonews.net.br\/2022\/2023\/02\/11\/flamengo-vence-e-fica-em-3o-lugar-no-mundial-de-clubes\/"},"wordCount":287,"commentCount":0,"publisher":{"@id":"https:\/\/regiaonews.net.br\/2022\/#organization"},"image":{"@id":"https:\/\/regiaonews.net.br\/2022\/2023\/02\/11\/flamengo-vence-e-fica-em-3o-lugar-no-mundial-de-clubes\/#primaryimage"},"thumbnailUrl":"https:\/\/regiaonews.net.br\/2022\/wp-content\/uploads\/2023\/02\/20230211_141956-scaled.jpg","articleSection":["Esporte"],"inLanguage":"pt-BR","potentialAction":[{"@type":"CommentAction","name":"Comment","target":["https:\/\/regiaonews.net.br\/2022\/2023\/02\/11\/flamengo-vence-e-fica-em-3o-lugar-no-mundial-de-clubes\/#respond"]}]},{"@type":"WebPage","@id":"https:\/\/regiaonews.net.br\/2022\/2023\/02\/11\/flamengo-vence-e-fica-em-3o-lugar-no-mundial-de-clubes\/","url":"https:\/\/regiaonews.net.br\/2022\/2023\/02\/11\/flamengo-vence-e-fica-em-3o-lugar-no-mundial-de-clubes\/","name":"Flamengo vence e fica em 3\u00ba lugar no Mundial de Clubes - Regi\u00e3o News","isPartOf":{"@id":"https:\/\/regiaonews.net.br\/2022\/#website"},"primaryImageOfPage":{"@id":"https:\/\/regiaonews.net.br\/2022\/2023\/02\/11\/flamengo-vence-e-fica-em-3o-lugar-no-mundial-de-clubes\/#primaryimage"},"image":{"@id":"https:\/\/regiaonews.net.br\/2022\/2023\/02\/11\/flamengo-vence-e-fica-em-3o-lugar-no-mundial-de-clubes\/#primaryimage"},"thumbnailUrl":"https:\/\/regiaonews.net.br\/2022\/wp-content\/uploads\/2023\/02\/20230211_141956-scaled.jpg","datePublished":"2023-02-11T20:05:49+00:00","dateModified":"2023-02-11T20:08:23+00:00","breadcrumb":{"@id":"https:\/\/regiaonews.net.br\/2022\/2023\/02\/11\/flamengo-vence-e-fica-em-3o-lugar-no-mundial-de-clubes\/#breadcrumb"},"inLanguage":"pt-BR","potentialAction":[{"@type":"ReadAction","target":["https:\/\/regiaonews.net.br\/2022\/2023\/02\/11\/flamengo-vence-e-fica-em-3o-lugar-no-mundial-de-clubes\/"]}]},{"@type":"ImageObject","inLanguage":"pt-BR","@id":"https:\/\/regiaonews.net.br\/2022\/2023\/02\/11\/flamengo-vence-e-fica-em-3o-lugar-no-mundial-de-clubes\/#primaryimage","url":"https:\/\/regiaonews.net.br\/2022\/wp-content\/uploads\/2023\/02\/20230211_141956-scaled.jpg","contentUrl":"https:\/\/regiaonews.net.br\/2022\/wp-content\/uploads\/2023\/02\/20230211_141956-scaled.jpg","width":2560,"height":1465},{"@type":"BreadcrumbList","@id":"https:\/\/regiaonews.net.br\/2022\/2023\/02\/11\/flamengo-vence-e-fica-em-3o-lugar-no-mundial-de-clubes\/#breadcrumb","itemListElement":[{"@type":"ListItem","position":1,"name":"In\u00edcio","item":"https:\/\/regiaonews.net.br\/2022\/"},{"@type":"ListItem","position":2,"name":"Flamengo vence e fica em 3\u00ba lugar no Mundial de Clubes"}]},{"@type":"WebSite","@id":"https:\/\/regiaonews.net.br\/2022\/#website","url":"https:\/\/regiaonews.net.br\/2022\/","name":"Regi\u00e3o News","description":"Site de Not\u00edcias de Barretos e regi\u00e3o","publisher":{"@id":"https:\/\/regiaonews.net.br\/2022\/#organization"},"potentialAction":[{"@type":"SearchAction","target":{"@type":"EntryPoint","urlTemplate":"https:\/\/regiaonews.net.br\/2022\/?s={search_term_string}"},"query-input":{"@type":"PropertyValueSpecification","valueRequired":true,"valueName":"search_term_string"}}],"inLanguage":"pt-BR"},{"@type":"Organization","@id":"https:\/\/regiaonews.net.br\/2022\/#organization","name":"Regi\u00e3o News","url":"https:\/\/regiaonews.net.br\/2022\/","logo":{"@type":"ImageObject","inLanguage":"pt-BR","@id":"https:\/\/regiaonews.net.br\/2022\/#\/schema\/logo\/image\/","url":"https:\/\/regiaonews.net.br\/2022\/wp-content\/uploads\/2026\/03\/regiao-13-anos-scaled.jpg","contentUrl":"https:\/\/regiaonews.net.br\/2022\/wp-content\/uploads\/2026\/03\/regiao-13-anos-scaled.jpg","width":2560,"height":635,"caption":"Regi\u00e3o News"},"image":{"@id":"https:\/\/regiaonews.net.br\/2022\/#\/schema\/logo\/image\/"}},{"@type":"Person","@id":"https:\/\/regiaonews.net.br\/2022\/#\/schema\/person\/2d205a608a5aa97ac279d7a5e6d89ad8","name":"Roberto","image":{"@type":"ImageObject","inLanguage":"pt-BR","@id":"https:\/\/secure.gravatar.com\/avatar\/42749d8b712ff9d59ca93dc150494e5b55a44134482993f5baeb97e61b7ecc89?s=96&d=mm&r=g","url":"https:\/\/secure.gravatar.com\/avatar\/42749d8b712ff9d59ca93dc150494e5b55a44134482993f5baeb97e61b7ecc89?s=96&d=mm&r=g","contentUrl":"https:\/\/secure.gravatar.com\/avatar\/42749d8b712ff9d59ca93dc150494e5b55a44134482993f5baeb97e61b7ecc89?s=96&d=mm&r=g","caption":"Roberto"},"url":"https:\/\/regiaonews.net.br\/2022\/author\/roberto\/"}]}},"publishpress_future_action":{"enabled":false,"date":"2026-05-02 05:33:38","action":"change-status","newStatus":"draft","terms":[],"taxonomy":"category","extraData":[]},"publishpress_future_workflow_manual_trigger":{"enabledWorkflows":[]},"_links":{"self":[{"href":"https:\/\/regiaonews.net.br\/2022\/wp-json\/wp\/v2\/posts\/83886","targetHints":{"allow":["GET"]}}],"collection":[{"href":"https:\/\/regiaonews.net.br\/2022\/wp-json\/wp\/v2\/posts"}],"about":[{"href":"https:\/\/regiaonews.net.br\/2022\/wp-json\/wp\/v2\/types\/post"}],"author":[{"embeddable":true,"href":"https:\/\/regiaonews.net.br\/2022\/wp-json\/wp\/v2\/users\/2"}],"replies":[{"embeddable":true,"href":"https:\/\/regiaonews.net.br\/2022\/wp-json\/wp\/v2\/comments?post=83886"}],"version-history":[{"count":3,"href":"https:\/\/regiaonews.net.br\/2022\/wp-json\/wp\/v2\/posts\/83886\/revisions"}],"predecessor-version":[{"id":83890,"href":"https:\/\/regiaonews.net.br\/2022\/wp-json\/wp\/v2\/posts\/83886\/revisions\/83890"}],"wp:featuredmedia":[{"embeddable":true,"href":"https:\/\/regiaonews.net.br\/2022\/wp-json\/wp\/v2\/media\/83888"}],"wp:attachment":[{"href":"https:\/\/regiaonews.net.br\/2022\/wp-json\/wp\/v2\/media?parent=83886"}],"wp:term":[{"taxonomy":"category","embeddable":true,"href":"https:\/\/regiaonews.net.br\/2022\/wp-json\/wp\/v2\/categories?post=83886"},{"taxonomy":"post_tag","embeddable":true,"href":"https:\/\/regiaonews.net.br\/2022\/wp-json\/wp\/v2\/tags?post=83886"}],"curies":[{"name":"wp","href":"https:\/\/api.w.org\/{rel}","templated":true}]}}