{"id":83880,"date":"2023-02-11T16:01:49","date_gmt":"2023-02-11T19:01:49","guid":{"rendered":"https:\/\/regiaonews.net.br\/2022\/?p=83880"},"modified":"2023-02-11T16:01:49","modified_gmt":"2023-02-11T19:01:49","slug":"governador-confirma-que-ira-trabalhar-para-recuperar-a-ponte-do-rio-grande","status":"publish","type":"post","link":"https:\/\/regiaonews.net.br\/2022\/2023\/02\/11\/governador-confirma-que-ira-trabalhar-para-recuperar-a-ponte-do-rio-grande\/","title":{"rendered":"Governador confirma que ir\u00e1 trabalhar para recuperar a ponte do Rio Grande"},"content":{"rendered":"<p>O governador de S\u00e3o Paulo, Tarc\u00edsio de Freitas, visitou Barretos para fazer a entrega da ponte na interliga\u00e7\u00e3o entre os bairros Barretos 2 e Christiano Carvalho que foi destru\u00edda pelo temporal que atingiu a cidade no dia 6 de janeiro de 2022. Em entrevista coletiva, o governador de S\u00e3o Paulo, que \u00e9 ex-ministro de Infraestrutura, ao ser questionado sobre a situa\u00e7\u00e3o da ponte Gumercindo Penteado, na liga\u00e7\u00e3o entre S\u00e3o Paulo e Minas Gerais, afirmou que estar\u00e1 tratando com o Governo Federal, a quest\u00e3o das vias que d\u00e3o acesso \u00e0 cidade de Barretos e regi\u00e3o. \u201cVias que saem de Minas Gerais como a BR-364 que passa por Frutal-MG e chega aqui, para que elas possam ser recuperadas em parceria com o Governo Federal. Esse investimento em infraestrutura vai beneficiar muito a regi\u00e3o\u201d, destacou Tarc\u00edsio de Freitas.<br \/>\nA respeito do seu v\u00ednculo, com a regi\u00e3o de Barretos, o governador enalteceu a expressiva vota\u00e7\u00e3o nas \u00faltimas elei\u00e7\u00f5es e o t\u00edtulo de Cidad\u00e3o Honor\u00e1rio recebido no ano passado. \u201cO mais importante \u00e9 o v\u00ednculo de afinidade com Barretos. J\u00e1 fui conquistado pela regi\u00e3o. Eu recebi o t\u00edtulo de cidad\u00e3o barretense, sou cidad\u00e3o daqui agora, sou f\u00e3 da Festa do Pe\u00e3o, sou f\u00e3 do agroneg\u00f3cio, sou f\u00e3 da agroind\u00fastria e f\u00e3 das pessoas que arrega\u00e7am as mangas e fazem a diferen\u00e7a. Vamos trabalhar cada vez mais junto para promover essa regi\u00e3o\u201d, afirmou o governador Tarc\u00edsio.<br \/>\nDurante o ato, foi realizado o descerramento das placas de outras 10 pontes em outros 10 munic\u00edpios do Estado de S\u00e3o Paulo, onde foram investidos R$ 10,6 milh\u00f5es pela Defesa Civil. Tamb\u00e9m na solenidade, foram assinados conv\u00eanios para as obras de recupera\u00e7\u00e3o nos munic\u00edpios de Pedran\u00f3polis, Santa Maria da Serra e Socorro. \u201cHoje estamos entregando 11 obras e assinando mais conv\u00eanios, representando R$ 11 milh\u00f5es de investimentos e vamos trazer mais recursos para infraestrutura e sa\u00fade da regi\u00e3o. Vamos caminhar muito nesse eixo de sa\u00fade e infraestrutura, fora os est\u00edmulos tribut\u00e1rios para a instala\u00e7\u00e3o de novas ind\u00fastrias, novos neg\u00f3cios e gera\u00e7\u00e3o de empregos\u201d, explicou.<br \/>\nA visita contou com a presen\u00e7a do chefe da Casa Militar e coordenador da Defesa Civil, Henguel Ricardo Pereira, e do secret\u00e1rio de Governo e Rela\u00e7\u00f5es Institucionais, Gilberto Kassab, sendo recebido pela prefeita de Barretos, Paula Lemos, prefeitos da regi\u00e3o, vereadores e os deputados Sebasti\u00e3o Santos, Carl\u00e3o Pignatari e Ricardo Silva.<\/p>\n","protected":false},"excerpt":{"rendered":"<p>O governador de S\u00e3o Paulo, Tarc\u00edsio de Freitas, visitou Barretos<\/p>\n","protected":false},"author":2,"featured_media":83881,"comment_status":"open","ping_status":"open","sticky":false,"template":"","format":"standard","meta":{"footnotes":""},"categories":[14,25],"tags":[],"class_list":["post-83880","post","type-post","status-publish","format-standard","has-post-thumbnail","hentry","category-barretos","category-cidades"],"yoast_head":"<!-- This site is optimized with the Yoast SEO plugin v27.4 - https:\/\/yoast.com\/product\/yoast-seo-wordpress\/ -->\n<title>Governador confirma que ir\u00e1 trabalhar para recuperar a ponte do Rio Grande - Regi\u00e3o News<\/title>\n<meta name=\"robots\" content=\"index, follow, max-snippet:-1, max-image-preview:large, max-video-preview:-1\" \/>\n<link rel=\"canonical\" href=\"https:\/\/regiaonews.net.br\/2022\/2023\/02\/11\/governador-confirma-que-ira-trabalhar-para-recuperar-a-ponte-do-rio-grande\/\" \/>\n<meta property=\"og:locale\" content=\"pt_BR\" \/>\n<meta property=\"og:type\" content=\"article\" \/>\n<meta property=\"og:title\" content=\"Governador confirma que ir\u00e1 trabalhar para recuperar a ponte do Rio Grande - Regi\u00e3o News\" \/>\n<meta property=\"og:description\" content=\"O governador de S\u00e3o Paulo, Tarc\u00edsio de Freitas, visitou Barretos\" \/>\n<meta property=\"og:url\" content=\"https:\/\/regiaonews.net.br\/2022\/2023\/02\/11\/governador-confirma-que-ira-trabalhar-para-recuperar-a-ponte-do-rio-grande\/\" \/>\n<meta property=\"og:site_name\" content=\"Regi\u00e3o News\" \/>\n<meta property=\"article:published_time\" content=\"2023-02-11T19:01:49+00:00\" \/>\n<meta property=\"og:image\" content=\"https:\/\/regiaonews.net.br\/2022\/wp-content\/uploads\/2023\/02\/WhatsApp-Image-2023-02-11-at-09.44.12.jpeg\" \/>\n\t<meta property=\"og:image:width\" content=\"1599\" \/>\n\t<meta property=\"og:image:height\" content=\"899\" \/>\n\t<meta property=\"og:image:type\" content=\"image\/jpeg\" \/>\n<meta name=\"author\" content=\"Roberto\" \/>\n<meta name=\"twitter:card\" content=\"summary_large_image\" \/>\n<meta name=\"twitter:label1\" content=\"Escrito por\" \/>\n\t<meta name=\"twitter:data1\" content=\"Roberto\" \/>\n\t<meta name=\"twitter:label2\" content=\"Est. tempo de leitura\" \/>\n\t<meta name=\"twitter:data2\" content=\"3 minutos\" \/>\n<script type=\"application\/ld+json\" class=\"yoast-schema-graph\">{\"@context\":\"https:\\\/\\\/schema.org\",\"@graph\":[{\"@type\":\"Article\",\"@id\":\"https:\\\/\\\/regiaonews.net.br\\\/2022\\\/2023\\\/02\\\/11\\\/governador-confirma-que-ira-trabalhar-para-recuperar-a-ponte-do-rio-grande\\\/#article\",\"isPartOf\":{\"@id\":\"https:\\\/\\\/regiaonews.net.br\\\/2022\\\/2023\\\/02\\\/11\\\/governador-confirma-que-ira-trabalhar-para-recuperar-a-ponte-do-rio-grande\\\/\"},\"author\":{\"name\":\"Roberto\",\"@id\":\"https:\\\/\\\/regiaonews.net.br\\\/2022\\\/#\\\/schema\\\/person\\\/2d205a608a5aa97ac279d7a5e6d89ad8\"},\"headline\":\"Governador confirma que ir\u00e1 trabalhar para recuperar a ponte do Rio Grande\",\"datePublished\":\"2023-02-11T19:01:49+00:00\",\"mainEntityOfPage\":{\"@id\":\"https:\\\/\\\/regiaonews.net.br\\\/2022\\\/2023\\\/02\\\/11\\\/governador-confirma-que-ira-trabalhar-para-recuperar-a-ponte-do-rio-grande\\\/\"},\"wordCount\":443,\"commentCount\":0,\"publisher\":{\"@id\":\"https:\\\/\\\/regiaonews.net.br\\\/2022\\\/#organization\"},\"image\":{\"@id\":\"https:\\\/\\\/regiaonews.net.br\\\/2022\\\/2023\\\/02\\\/11\\\/governador-confirma-que-ira-trabalhar-para-recuperar-a-ponte-do-rio-grande\\\/#primaryimage\"},\"thumbnailUrl\":\"https:\\\/\\\/regiaonews.net.br\\\/2022\\\/wp-content\\\/uploads\\\/2023\\\/02\\\/WhatsApp-Image-2023-02-11-at-09.44.12.jpeg\",\"articleSection\":[\"Barretos\",\"Cidades\"],\"inLanguage\":\"pt-BR\",\"potentialAction\":[{\"@type\":\"CommentAction\",\"name\":\"Comment\",\"target\":[\"https:\\\/\\\/regiaonews.net.br\\\/2022\\\/2023\\\/02\\\/11\\\/governador-confirma-que-ira-trabalhar-para-recuperar-a-ponte-do-rio-grande\\\/#respond\"]}]},{\"@type\":\"WebPage\",\"@id\":\"https:\\\/\\\/regiaonews.net.br\\\/2022\\\/2023\\\/02\\\/11\\\/governador-confirma-que-ira-trabalhar-para-recuperar-a-ponte-do-rio-grande\\\/\",\"url\":\"https:\\\/\\\/regiaonews.net.br\\\/2022\\\/2023\\\/02\\\/11\\\/governador-confirma-que-ira-trabalhar-para-recuperar-a-ponte-do-rio-grande\\\/\",\"name\":\"Governador confirma que ir\u00e1 trabalhar para recuperar a ponte do Rio Grande - Regi\u00e3o News\",\"isPartOf\":{\"@id\":\"https:\\\/\\\/regiaonews.net.br\\\/2022\\\/#website\"},\"primaryImageOfPage\":{\"@id\":\"https:\\\/\\\/regiaonews.net.br\\\/2022\\\/2023\\\/02\\\/11\\\/governador-confirma-que-ira-trabalhar-para-recuperar-a-ponte-do-rio-grande\\\/#primaryimage\"},\"image\":{\"@id\":\"https:\\\/\\\/regiaonews.net.br\\\/2022\\\/2023\\\/02\\\/11\\\/governador-confirma-que-ira-trabalhar-para-recuperar-a-ponte-do-rio-grande\\\/#primaryimage\"},\"thumbnailUrl\":\"https:\\\/\\\/regiaonews.net.br\\\/2022\\\/wp-content\\\/uploads\\\/2023\\\/02\\\/WhatsApp-Image-2023-02-11-at-09.44.12.jpeg\",\"datePublished\":\"2023-02-11T19:01:49+00:00\",\"breadcrumb\":{\"@id\":\"https:\\\/\\\/regiaonews.net.br\\\/2022\\\/2023\\\/02\\\/11\\\/governador-confirma-que-ira-trabalhar-para-recuperar-a-ponte-do-rio-grande\\\/#breadcrumb\"},\"inLanguage\":\"pt-BR\",\"potentialAction\":[{\"@type\":\"ReadAction\",\"target\":[\"https:\\\/\\\/regiaonews.net.br\\\/2022\\\/2023\\\/02\\\/11\\\/governador-confirma-que-ira-trabalhar-para-recuperar-a-ponte-do-rio-grande\\\/\"]}]},{\"@type\":\"ImageObject\",\"inLanguage\":\"pt-BR\",\"@id\":\"https:\\\/\\\/regiaonews.net.br\\\/2022\\\/2023\\\/02\\\/11\\\/governador-confirma-que-ira-trabalhar-para-recuperar-a-ponte-do-rio-grande\\\/#primaryimage\",\"url\":\"https:\\\/\\\/regiaonews.net.br\\\/2022\\\/wp-content\\\/uploads\\\/2023\\\/02\\\/WhatsApp-Image-2023-02-11-at-09.44.12.jpeg\",\"contentUrl\":\"https:\\\/\\\/regiaonews.net.br\\\/2022\\\/wp-content\\\/uploads\\\/2023\\\/02\\\/WhatsApp-Image-2023-02-11-at-09.44.12.jpeg\",\"width\":1599,\"height\":899},{\"@type\":\"BreadcrumbList\",\"@id\":\"https:\\\/\\\/regiaonews.net.br\\\/2022\\\/2023\\\/02\\\/11\\\/governador-confirma-que-ira-trabalhar-para-recuperar-a-ponte-do-rio-grande\\\/#breadcrumb\",\"itemListElement\":[{\"@type\":\"ListItem\",\"position\":1,\"name\":\"In\u00edcio\",\"item\":\"https:\\\/\\\/regiaonews.net.br\\\/2022\\\/\"},{\"@type\":\"ListItem\",\"position\":2,\"name\":\"Governador confirma que ir\u00e1 trabalhar para recuperar a ponte do Rio Grande\"}]},{\"@type\":\"WebSite\",\"@id\":\"https:\\\/\\\/regiaonews.net.br\\\/2022\\\/#website\",\"url\":\"https:\\\/\\\/regiaonews.net.br\\\/2022\\\/\",\"name\":\"Regi\u00e3o News\",\"description\":\"Site de Not\u00edcias de Barretos e regi\u00e3o\",\"publisher\":{\"@id\":\"https:\\\/\\\/regiaonews.net.br\\\/2022\\\/#organization\"},\"potentialAction\":[{\"@type\":\"SearchAction\",\"target\":{\"@type\":\"EntryPoint\",\"urlTemplate\":\"https:\\\/\\\/regiaonews.net.br\\\/2022\\\/?s={search_term_string}\"},\"query-input\":{\"@type\":\"PropertyValueSpecification\",\"valueRequired\":true,\"valueName\":\"search_term_string\"}}],\"inLanguage\":\"pt-BR\"},{\"@type\":\"Organization\",\"@id\":\"https:\\\/\\\/regiaonews.net.br\\\/2022\\\/#organization\",\"name\":\"Regi\u00e3o News\",\"url\":\"https:\\\/\\\/regiaonews.net.br\\\/2022\\\/\",\"logo\":{\"@type\":\"ImageObject\",\"inLanguage\":\"pt-BR\",\"@id\":\"https:\\\/\\\/regiaonews.net.br\\\/2022\\\/#\\\/schema\\\/logo\\\/image\\\/\",\"url\":\"https:\\\/\\\/regiaonews.net.br\\\/2022\\\/wp-content\\\/uploads\\\/2026\\\/03\\\/regiao-13-anos-scaled.jpg\",\"contentUrl\":\"https:\\\/\\\/regiaonews.net.br\\\/2022\\\/wp-content\\\/uploads\\\/2026\\\/03\\\/regiao-13-anos-scaled.jpg\",\"width\":2560,\"height\":635,\"caption\":\"Regi\u00e3o News\"},\"image\":{\"@id\":\"https:\\\/\\\/regiaonews.net.br\\\/2022\\\/#\\\/schema\\\/logo\\\/image\\\/\"}},{\"@type\":\"Person\",\"@id\":\"https:\\\/\\\/regiaonews.net.br\\\/2022\\\/#\\\/schema\\\/person\\\/2d205a608a5aa97ac279d7a5e6d89ad8\",\"name\":\"Roberto\",\"image\":{\"@type\":\"ImageObject\",\"inLanguage\":\"pt-BR\",\"@id\":\"https:\\\/\\\/secure.gravatar.com\\\/avatar\\\/42749d8b712ff9d59ca93dc150494e5b55a44134482993f5baeb97e61b7ecc89?s=96&d=mm&r=g\",\"url\":\"https:\\\/\\\/secure.gravatar.com\\\/avatar\\\/42749d8b712ff9d59ca93dc150494e5b55a44134482993f5baeb97e61b7ecc89?s=96&d=mm&r=g\",\"contentUrl\":\"https:\\\/\\\/secure.gravatar.com\\\/avatar\\\/42749d8b712ff9d59ca93dc150494e5b55a44134482993f5baeb97e61b7ecc89?s=96&d=mm&r=g\",\"caption\":\"Roberto\"},\"url\":\"https:\\\/\\\/regiaonews.net.br\\\/2022\\\/author\\\/roberto\\\/\"}]}<\/script>\n<!-- \/ Yoast SEO plugin. -->","yoast_head_json":{"title":"Governador confirma que ir\u00e1 trabalhar para recuperar a ponte do Rio Grande - Regi\u00e3o News","robots":{"index":"index","follow":"follow","max-snippet":"max-snippet:-1","max-image-preview":"max-image-preview:large","max-video-preview":"max-video-preview:-1"},"canonical":"https:\/\/regiaonews.net.br\/2022\/2023\/02\/11\/governador-confirma-que-ira-trabalhar-para-recuperar-a-ponte-do-rio-grande\/","og_locale":"pt_BR","og_type":"article","og_title":"Governador confirma que ir\u00e1 trabalhar para recuperar a ponte do Rio Grande - Regi\u00e3o News","og_description":"O governador de S\u00e3o Paulo, Tarc\u00edsio de Freitas, visitou Barretos","og_url":"https:\/\/regiaonews.net.br\/2022\/2023\/02\/11\/governador-confirma-que-ira-trabalhar-para-recuperar-a-ponte-do-rio-grande\/","og_site_name":"Regi\u00e3o News","article_published_time":"2023-02-11T19:01:49+00:00","og_image":[{"width":1599,"height":899,"url":"https:\/\/regiaonews.net.br\/2022\/wp-content\/uploads\/2023\/02\/WhatsApp-Image-2023-02-11-at-09.44.12.jpeg","type":"image\/jpeg"}],"author":"Roberto","twitter_card":"summary_large_image","twitter_misc":{"Escrito por":"Roberto","Est. tempo de leitura":"3 minutos"},"schema":{"@context":"https:\/\/schema.org","@graph":[{"@type":"Article","@id":"https:\/\/regiaonews.net.br\/2022\/2023\/02\/11\/governador-confirma-que-ira-trabalhar-para-recuperar-a-ponte-do-rio-grande\/#article","isPartOf":{"@id":"https:\/\/regiaonews.net.br\/2022\/2023\/02\/11\/governador-confirma-que-ira-trabalhar-para-recuperar-a-ponte-do-rio-grande\/"},"author":{"name":"Roberto","@id":"https:\/\/regiaonews.net.br\/2022\/#\/schema\/person\/2d205a608a5aa97ac279d7a5e6d89ad8"},"headline":"Governador confirma que ir\u00e1 trabalhar para recuperar a ponte do Rio Grande","datePublished":"2023-02-11T19:01:49+00:00","mainEntityOfPage":{"@id":"https:\/\/regiaonews.net.br\/2022\/2023\/02\/11\/governador-confirma-que-ira-trabalhar-para-recuperar-a-ponte-do-rio-grande\/"},"wordCount":443,"commentCount":0,"publisher":{"@id":"https:\/\/regiaonews.net.br\/2022\/#organization"},"image":{"@id":"https:\/\/regiaonews.net.br\/2022\/2023\/02\/11\/governador-confirma-que-ira-trabalhar-para-recuperar-a-ponte-do-rio-grande\/#primaryimage"},"thumbnailUrl":"https:\/\/regiaonews.net.br\/2022\/wp-content\/uploads\/2023\/02\/WhatsApp-Image-2023-02-11-at-09.44.12.jpeg","articleSection":["Barretos","Cidades"],"inLanguage":"pt-BR","potentialAction":[{"@type":"CommentAction","name":"Comment","target":["https:\/\/regiaonews.net.br\/2022\/2023\/02\/11\/governador-confirma-que-ira-trabalhar-para-recuperar-a-ponte-do-rio-grande\/#respond"]}]},{"@type":"WebPage","@id":"https:\/\/regiaonews.net.br\/2022\/2023\/02\/11\/governador-confirma-que-ira-trabalhar-para-recuperar-a-ponte-do-rio-grande\/","url":"https:\/\/regiaonews.net.br\/2022\/2023\/02\/11\/governador-confirma-que-ira-trabalhar-para-recuperar-a-ponte-do-rio-grande\/","name":"Governador confirma que ir\u00e1 trabalhar para recuperar a ponte do Rio Grande - Regi\u00e3o News","isPartOf":{"@id":"https:\/\/regiaonews.net.br\/2022\/#website"},"primaryImageOfPage":{"@id":"https:\/\/regiaonews.net.br\/2022\/2023\/02\/11\/governador-confirma-que-ira-trabalhar-para-recuperar-a-ponte-do-rio-grande\/#primaryimage"},"image":{"@id":"https:\/\/regiaonews.net.br\/2022\/2023\/02\/11\/governador-confirma-que-ira-trabalhar-para-recuperar-a-ponte-do-rio-grande\/#primaryimage"},"thumbnailUrl":"https:\/\/regiaonews.net.br\/2022\/wp-content\/uploads\/2023\/02\/WhatsApp-Image-2023-02-11-at-09.44.12.jpeg","datePublished":"2023-02-11T19:01:49+00:00","breadcrumb":{"@id":"https:\/\/regiaonews.net.br\/2022\/2023\/02\/11\/governador-confirma-que-ira-trabalhar-para-recuperar-a-ponte-do-rio-grande\/#breadcrumb"},"inLanguage":"pt-BR","potentialAction":[{"@type":"ReadAction","target":["https:\/\/regiaonews.net.br\/2022\/2023\/02\/11\/governador-confirma-que-ira-trabalhar-para-recuperar-a-ponte-do-rio-grande\/"]}]},{"@type":"ImageObject","inLanguage":"pt-BR","@id":"https:\/\/regiaonews.net.br\/2022\/2023\/02\/11\/governador-confirma-que-ira-trabalhar-para-recuperar-a-ponte-do-rio-grande\/#primaryimage","url":"https:\/\/regiaonews.net.br\/2022\/wp-content\/uploads\/2023\/02\/WhatsApp-Image-2023-02-11-at-09.44.12.jpeg","contentUrl":"https:\/\/regiaonews.net.br\/2022\/wp-content\/uploads\/2023\/02\/WhatsApp-Image-2023-02-11-at-09.44.12.jpeg","width":1599,"height":899},{"@type":"BreadcrumbList","@id":"https:\/\/regiaonews.net.br\/2022\/2023\/02\/11\/governador-confirma-que-ira-trabalhar-para-recuperar-a-ponte-do-rio-grande\/#breadcrumb","itemListElement":[{"@type":"ListItem","position":1,"name":"In\u00edcio","item":"https:\/\/regiaonews.net.br\/2022\/"},{"@type":"ListItem","position":2,"name":"Governador confirma que ir\u00e1 trabalhar para recuperar a ponte do Rio Grande"}]},{"@type":"WebSite","@id":"https:\/\/regiaonews.net.br\/2022\/#website","url":"https:\/\/regiaonews.net.br\/2022\/","name":"Regi\u00e3o News","description":"Site de Not\u00edcias de Barretos e regi\u00e3o","publisher":{"@id":"https:\/\/regiaonews.net.br\/2022\/#organization"},"potentialAction":[{"@type":"SearchAction","target":{"@type":"EntryPoint","urlTemplate":"https:\/\/regiaonews.net.br\/2022\/?s={search_term_string}"},"query-input":{"@type":"PropertyValueSpecification","valueRequired":true,"valueName":"search_term_string"}}],"inLanguage":"pt-BR"},{"@type":"Organization","@id":"https:\/\/regiaonews.net.br\/2022\/#organization","name":"Regi\u00e3o News","url":"https:\/\/regiaonews.net.br\/2022\/","logo":{"@type":"ImageObject","inLanguage":"pt-BR","@id":"https:\/\/regiaonews.net.br\/2022\/#\/schema\/logo\/image\/","url":"https:\/\/regiaonews.net.br\/2022\/wp-content\/uploads\/2026\/03\/regiao-13-anos-scaled.jpg","contentUrl":"https:\/\/regiaonews.net.br\/2022\/wp-content\/uploads\/2026\/03\/regiao-13-anos-scaled.jpg","width":2560,"height":635,"caption":"Regi\u00e3o News"},"image":{"@id":"https:\/\/regiaonews.net.br\/2022\/#\/schema\/logo\/image\/"}},{"@type":"Person","@id":"https:\/\/regiaonews.net.br\/2022\/#\/schema\/person\/2d205a608a5aa97ac279d7a5e6d89ad8","name":"Roberto","image":{"@type":"ImageObject","inLanguage":"pt-BR","@id":"https:\/\/secure.gravatar.com\/avatar\/42749d8b712ff9d59ca93dc150494e5b55a44134482993f5baeb97e61b7ecc89?s=96&d=mm&r=g","url":"https:\/\/secure.gravatar.com\/avatar\/42749d8b712ff9d59ca93dc150494e5b55a44134482993f5baeb97e61b7ecc89?s=96&d=mm&r=g","contentUrl":"https:\/\/secure.gravatar.com\/avatar\/42749d8b712ff9d59ca93dc150494e5b55a44134482993f5baeb97e61b7ecc89?s=96&d=mm&r=g","caption":"Roberto"},"url":"https:\/\/regiaonews.net.br\/2022\/author\/roberto\/"}]}},"publishpress_future_action":{"enabled":false,"date":"2026-05-02 02:35:33","action":"change-status","newStatus":"draft","terms":[],"taxonomy":"category","extraData":[]},"publishpress_future_workflow_manual_trigger":{"enabledWorkflows":[]},"_links":{"self":[{"href":"https:\/\/regiaonews.net.br\/2022\/wp-json\/wp\/v2\/posts\/83880","targetHints":{"allow":["GET"]}}],"collection":[{"href":"https:\/\/regiaonews.net.br\/2022\/wp-json\/wp\/v2\/posts"}],"about":[{"href":"https:\/\/regiaonews.net.br\/2022\/wp-json\/wp\/v2\/types\/post"}],"author":[{"embeddable":true,"href":"https:\/\/regiaonews.net.br\/2022\/wp-json\/wp\/v2\/users\/2"}],"replies":[{"embeddable":true,"href":"https:\/\/regiaonews.net.br\/2022\/wp-json\/wp\/v2\/comments?post=83880"}],"version-history":[{"count":1,"href":"https:\/\/regiaonews.net.br\/2022\/wp-json\/wp\/v2\/posts\/83880\/revisions"}],"predecessor-version":[{"id":83882,"href":"https:\/\/regiaonews.net.br\/2022\/wp-json\/wp\/v2\/posts\/83880\/revisions\/83882"}],"wp:featuredmedia":[{"embeddable":true,"href":"https:\/\/regiaonews.net.br\/2022\/wp-json\/wp\/v2\/media\/83881"}],"wp:attachment":[{"href":"https:\/\/regiaonews.net.br\/2022\/wp-json\/wp\/v2\/media?parent=83880"}],"wp:term":[{"taxonomy":"category","embeddable":true,"href":"https:\/\/regiaonews.net.br\/2022\/wp-json\/wp\/v2\/categories?post=83880"},{"taxonomy":"post_tag","embeddable":true,"href":"https:\/\/regiaonews.net.br\/2022\/wp-json\/wp\/v2\/tags?post=83880"}],"curies":[{"name":"wp","href":"https:\/\/api.w.org\/{rel}","templated":true}]}}