{"id":83709,"date":"2023-02-07T19:22:52","date_gmt":"2023-02-07T22:22:52","guid":{"rendered":"https:\/\/regiaonews.net.br\/2022\/?p=83709"},"modified":"2023-02-07T19:22:52","modified_gmt":"2023-02-07T22:22:52","slug":"termina-sonho-do-bicampeonato-mundial-do-flamengo","status":"publish","type":"post","link":"https:\/\/regiaonews.net.br\/2022\/2023\/02\/07\/termina-sonho-do-bicampeonato-mundial-do-flamengo\/","title":{"rendered":"Termina sonho do  bicampeonato Mundial do Flamengo"},"content":{"rendered":"<p>Fonte &#8211; Ag\u00eancia Brasil<\/p>\n<p>O sonho do Flamengo de conquistar pela segunda vez na hist\u00f3ria o mundo chegou ao fim. Isto porque o Rubro-Negro foi derrotado por 3 a 2 pelo Al Hilal (Ar\u00e1bia Saudita), na tarde desta ter\u00e7a-feira (7) no Est\u00e1dio Ibn Batouta, em T\u00e2nger (Marrocos), pela semifinal do Mundial de Clubes da Fifa.<\/p>\n<p>Havia muita expectativa de que a equipe da G\u00e1vea, que j\u00e1 conquistou o mundo em 1981 diante do Liverpool (Inglaterra), pudesse fazer uma boa apresenta\u00e7\u00e3o diante da equipe saudita, campe\u00e3 da \u00c1sia, e n\u00e3o encontrasse dificuldades de chegar \u00e0 grande decis\u00e3o.<\/p>\n<p>Mas o que se viu desde o in\u00edcio da partida foi um Flamengo com maior qualidade t\u00e9cnica, mas que encontrava dificuldades diante de um Al Hilal muito aplicado na defesa e que apostava em jogadas de contra-ataque aproveitando espa\u00e7os dados pelos defensores do time brasileiro.<\/p>\n<p>Agora a equipe saudita aguarda o confronto entre o Real Madrid (Espanha) e o Al Ahly (Egito), a partir das 16h (hor\u00e1rio de Bras\u00edlia) da pr\u00f3xima quarta-feira (8) no Est\u00e1dio Prince Moulay El Hassan, em Rabat (Marrocos), para conhecer o seu advers\u00e1rio na final.<\/p>\n<p>&nbsp;<\/p>\n","protected":false},"excerpt":{"rendered":"<p>Fonte &#8211; Ag\u00eancia Brasil O sonho do Flamengo de conquistar<\/p>\n","protected":false},"author":2,"featured_media":83710,"comment_status":"open","ping_status":"open","sticky":false,"template":"","format":"standard","meta":{"footnotes":""},"categories":[21,39],"tags":[],"class_list":["post-83709","post","type-post","status-publish","format-standard","has-post-thumbnail","hentry","category-esporte","category-mundo"],"yoast_head":"<!-- This site is optimized with the Yoast SEO plugin v27.5 - https:\/\/yoast.com\/product\/yoast-seo-wordpress\/ -->\n<title>Termina sonho do bicampeonato Mundial do Flamengo - Regi\u00e3o News<\/title>\n<meta name=\"robots\" content=\"index, follow, max-snippet:-1, max-image-preview:large, max-video-preview:-1\" \/>\n<link rel=\"canonical\" href=\"https:\/\/regiaonews.net.br\/2022\/2023\/02\/07\/termina-sonho-do-bicampeonato-mundial-do-flamengo\/\" \/>\n<meta property=\"og:locale\" content=\"pt_BR\" \/>\n<meta property=\"og:type\" content=\"article\" \/>\n<meta property=\"og:title\" content=\"Termina sonho do bicampeonato Mundial do Flamengo - Regi\u00e3o News\" \/>\n<meta property=\"og:description\" content=\"Fonte &#8211; Ag\u00eancia Brasil O sonho do Flamengo de conquistar\" \/>\n<meta property=\"og:url\" content=\"https:\/\/regiaonews.net.br\/2022\/2023\/02\/07\/termina-sonho-do-bicampeonato-mundial-do-flamengo\/\" \/>\n<meta property=\"og:site_name\" content=\"Regi\u00e3o News\" \/>\n<meta property=\"article:published_time\" content=\"2023-02-07T22:22:52+00:00\" \/>\n<meta property=\"og:image\" content=\"https:\/\/regiaonews.net.br\/2022\/wp-content\/uploads\/2023\/02\/Flamengo.jpg\" \/>\n\t<meta property=\"og:image:width\" content=\"1167\" \/>\n\t<meta property=\"og:image:height\" content=\"543\" \/>\n\t<meta property=\"og:image:type\" content=\"image\/jpeg\" \/>\n<meta name=\"author\" content=\"Roberto\" \/>\n<meta name=\"twitter:card\" content=\"summary_large_image\" \/>\n<meta name=\"twitter:label1\" content=\"Escrito por\" \/>\n\t<meta name=\"twitter:data1\" content=\"Roberto\" \/>\n\t<meta name=\"twitter:label2\" content=\"Est. tempo de leitura\" \/>\n\t<meta name=\"twitter:data2\" content=\"2 minutos\" \/>\n<script type=\"application\/ld+json\" class=\"yoast-schema-graph\">{\"@context\":\"https:\\\/\\\/schema.org\",\"@graph\":[{\"@type\":\"Article\",\"@id\":\"https:\\\/\\\/regiaonews.net.br\\\/2022\\\/2023\\\/02\\\/07\\\/termina-sonho-do-bicampeonato-mundial-do-flamengo\\\/#article\",\"isPartOf\":{\"@id\":\"https:\\\/\\\/regiaonews.net.br\\\/2022\\\/2023\\\/02\\\/07\\\/termina-sonho-do-bicampeonato-mundial-do-flamengo\\\/\"},\"author\":{\"name\":\"Roberto\",\"@id\":\"https:\\\/\\\/regiaonews.net.br\\\/2022\\\/#\\\/schema\\\/person\\\/2d205a608a5aa97ac279d7a5e6d89ad8\"},\"headline\":\"Termina sonho do bicampeonato Mundial do Flamengo\",\"datePublished\":\"2023-02-07T22:22:52+00:00\",\"mainEntityOfPage\":{\"@id\":\"https:\\\/\\\/regiaonews.net.br\\\/2022\\\/2023\\\/02\\\/07\\\/termina-sonho-do-bicampeonato-mundial-do-flamengo\\\/\"},\"wordCount\":205,\"commentCount\":0,\"publisher\":{\"@id\":\"https:\\\/\\\/regiaonews.net.br\\\/2022\\\/#organization\"},\"image\":{\"@id\":\"https:\\\/\\\/regiaonews.net.br\\\/2022\\\/2023\\\/02\\\/07\\\/termina-sonho-do-bicampeonato-mundial-do-flamengo\\\/#primaryimage\"},\"thumbnailUrl\":\"https:\\\/\\\/regiaonews.net.br\\\/2022\\\/wp-content\\\/uploads\\\/2023\\\/02\\\/Flamengo.jpg\",\"articleSection\":[\"Esporte\",\"Mundo\"],\"inLanguage\":\"pt-BR\",\"potentialAction\":[{\"@type\":\"CommentAction\",\"name\":\"Comment\",\"target\":[\"https:\\\/\\\/regiaonews.net.br\\\/2022\\\/2023\\\/02\\\/07\\\/termina-sonho-do-bicampeonato-mundial-do-flamengo\\\/#respond\"]}]},{\"@type\":\"WebPage\",\"@id\":\"https:\\\/\\\/regiaonews.net.br\\\/2022\\\/2023\\\/02\\\/07\\\/termina-sonho-do-bicampeonato-mundial-do-flamengo\\\/\",\"url\":\"https:\\\/\\\/regiaonews.net.br\\\/2022\\\/2023\\\/02\\\/07\\\/termina-sonho-do-bicampeonato-mundial-do-flamengo\\\/\",\"name\":\"Termina sonho do bicampeonato Mundial do Flamengo - Regi\u00e3o News\",\"isPartOf\":{\"@id\":\"https:\\\/\\\/regiaonews.net.br\\\/2022\\\/#website\"},\"primaryImageOfPage\":{\"@id\":\"https:\\\/\\\/regiaonews.net.br\\\/2022\\\/2023\\\/02\\\/07\\\/termina-sonho-do-bicampeonato-mundial-do-flamengo\\\/#primaryimage\"},\"image\":{\"@id\":\"https:\\\/\\\/regiaonews.net.br\\\/2022\\\/2023\\\/02\\\/07\\\/termina-sonho-do-bicampeonato-mundial-do-flamengo\\\/#primaryimage\"},\"thumbnailUrl\":\"https:\\\/\\\/regiaonews.net.br\\\/2022\\\/wp-content\\\/uploads\\\/2023\\\/02\\\/Flamengo.jpg\",\"datePublished\":\"2023-02-07T22:22:52+00:00\",\"breadcrumb\":{\"@id\":\"https:\\\/\\\/regiaonews.net.br\\\/2022\\\/2023\\\/02\\\/07\\\/termina-sonho-do-bicampeonato-mundial-do-flamengo\\\/#breadcrumb\"},\"inLanguage\":\"pt-BR\",\"potentialAction\":[{\"@type\":\"ReadAction\",\"target\":[\"https:\\\/\\\/regiaonews.net.br\\\/2022\\\/2023\\\/02\\\/07\\\/termina-sonho-do-bicampeonato-mundial-do-flamengo\\\/\"]}]},{\"@type\":\"ImageObject\",\"inLanguage\":\"pt-BR\",\"@id\":\"https:\\\/\\\/regiaonews.net.br\\\/2022\\\/2023\\\/02\\\/07\\\/termina-sonho-do-bicampeonato-mundial-do-flamengo\\\/#primaryimage\",\"url\":\"https:\\\/\\\/regiaonews.net.br\\\/2022\\\/wp-content\\\/uploads\\\/2023\\\/02\\\/Flamengo.jpg\",\"contentUrl\":\"https:\\\/\\\/regiaonews.net.br\\\/2022\\\/wp-content\\\/uploads\\\/2023\\\/02\\\/Flamengo.jpg\",\"width\":1167,\"height\":543},{\"@type\":\"BreadcrumbList\",\"@id\":\"https:\\\/\\\/regiaonews.net.br\\\/2022\\\/2023\\\/02\\\/07\\\/termina-sonho-do-bicampeonato-mundial-do-flamengo\\\/#breadcrumb\",\"itemListElement\":[{\"@type\":\"ListItem\",\"position\":1,\"name\":\"In\u00edcio\",\"item\":\"https:\\\/\\\/regiaonews.net.br\\\/2022\\\/\"},{\"@type\":\"ListItem\",\"position\":2,\"name\":\"Termina sonho do bicampeonato Mundial do Flamengo\"}]},{\"@type\":\"WebSite\",\"@id\":\"https:\\\/\\\/regiaonews.net.br\\\/2022\\\/#website\",\"url\":\"https:\\\/\\\/regiaonews.net.br\\\/2022\\\/\",\"name\":\"Regi\u00e3o News\",\"description\":\"Site de Not\u00edcias de Barretos e regi\u00e3o\",\"publisher\":{\"@id\":\"https:\\\/\\\/regiaonews.net.br\\\/2022\\\/#organization\"},\"potentialAction\":[{\"@type\":\"SearchAction\",\"target\":{\"@type\":\"EntryPoint\",\"urlTemplate\":\"https:\\\/\\\/regiaonews.net.br\\\/2022\\\/?s={search_term_string}\"},\"query-input\":{\"@type\":\"PropertyValueSpecification\",\"valueRequired\":true,\"valueName\":\"search_term_string\"}}],\"inLanguage\":\"pt-BR\"},{\"@type\":\"Organization\",\"@id\":\"https:\\\/\\\/regiaonews.net.br\\\/2022\\\/#organization\",\"name\":\"Regi\u00e3o News\",\"url\":\"https:\\\/\\\/regiaonews.net.br\\\/2022\\\/\",\"logo\":{\"@type\":\"ImageObject\",\"inLanguage\":\"pt-BR\",\"@id\":\"https:\\\/\\\/regiaonews.net.br\\\/2022\\\/#\\\/schema\\\/logo\\\/image\\\/\",\"url\":\"https:\\\/\\\/regiaonews.net.br\\\/2022\\\/wp-content\\\/uploads\\\/2026\\\/03\\\/regiao-13-anos-scaled.jpg\",\"contentUrl\":\"https:\\\/\\\/regiaonews.net.br\\\/2022\\\/wp-content\\\/uploads\\\/2026\\\/03\\\/regiao-13-anos-scaled.jpg\",\"width\":2560,\"height\":635,\"caption\":\"Regi\u00e3o News\"},\"image\":{\"@id\":\"https:\\\/\\\/regiaonews.net.br\\\/2022\\\/#\\\/schema\\\/logo\\\/image\\\/\"}},{\"@type\":\"Person\",\"@id\":\"https:\\\/\\\/regiaonews.net.br\\\/2022\\\/#\\\/schema\\\/person\\\/2d205a608a5aa97ac279d7a5e6d89ad8\",\"name\":\"Roberto\",\"image\":{\"@type\":\"ImageObject\",\"inLanguage\":\"pt-BR\",\"@id\":\"https:\\\/\\\/secure.gravatar.com\\\/avatar\\\/42749d8b712ff9d59ca93dc150494e5b55a44134482993f5baeb97e61b7ecc89?s=96&d=mm&r=g\",\"url\":\"https:\\\/\\\/secure.gravatar.com\\\/avatar\\\/42749d8b712ff9d59ca93dc150494e5b55a44134482993f5baeb97e61b7ecc89?s=96&d=mm&r=g\",\"contentUrl\":\"https:\\\/\\\/secure.gravatar.com\\\/avatar\\\/42749d8b712ff9d59ca93dc150494e5b55a44134482993f5baeb97e61b7ecc89?s=96&d=mm&r=g\",\"caption\":\"Roberto\"},\"url\":\"https:\\\/\\\/regiaonews.net.br\\\/2022\\\/author\\\/roberto\\\/\"}]}<\/script>\n<!-- \/ Yoast SEO plugin. -->","yoast_head_json":{"title":"Termina sonho do bicampeonato Mundial do Flamengo - Regi\u00e3o News","robots":{"index":"index","follow":"follow","max-snippet":"max-snippet:-1","max-image-preview":"max-image-preview:large","max-video-preview":"max-video-preview:-1"},"canonical":"https:\/\/regiaonews.net.br\/2022\/2023\/02\/07\/termina-sonho-do-bicampeonato-mundial-do-flamengo\/","og_locale":"pt_BR","og_type":"article","og_title":"Termina sonho do bicampeonato Mundial do Flamengo - Regi\u00e3o News","og_description":"Fonte &#8211; Ag\u00eancia Brasil O sonho do Flamengo de conquistar","og_url":"https:\/\/regiaonews.net.br\/2022\/2023\/02\/07\/termina-sonho-do-bicampeonato-mundial-do-flamengo\/","og_site_name":"Regi\u00e3o News","article_published_time":"2023-02-07T22:22:52+00:00","og_image":[{"width":1167,"height":543,"url":"https:\/\/regiaonews.net.br\/2022\/wp-content\/uploads\/2023\/02\/Flamengo.jpg","type":"image\/jpeg"}],"author":"Roberto","twitter_card":"summary_large_image","twitter_misc":{"Escrito por":"Roberto","Est. tempo de leitura":"2 minutos"},"schema":{"@context":"https:\/\/schema.org","@graph":[{"@type":"Article","@id":"https:\/\/regiaonews.net.br\/2022\/2023\/02\/07\/termina-sonho-do-bicampeonato-mundial-do-flamengo\/#article","isPartOf":{"@id":"https:\/\/regiaonews.net.br\/2022\/2023\/02\/07\/termina-sonho-do-bicampeonato-mundial-do-flamengo\/"},"author":{"name":"Roberto","@id":"https:\/\/regiaonews.net.br\/2022\/#\/schema\/person\/2d205a608a5aa97ac279d7a5e6d89ad8"},"headline":"Termina sonho do bicampeonato Mundial do Flamengo","datePublished":"2023-02-07T22:22:52+00:00","mainEntityOfPage":{"@id":"https:\/\/regiaonews.net.br\/2022\/2023\/02\/07\/termina-sonho-do-bicampeonato-mundial-do-flamengo\/"},"wordCount":205,"commentCount":0,"publisher":{"@id":"https:\/\/regiaonews.net.br\/2022\/#organization"},"image":{"@id":"https:\/\/regiaonews.net.br\/2022\/2023\/02\/07\/termina-sonho-do-bicampeonato-mundial-do-flamengo\/#primaryimage"},"thumbnailUrl":"https:\/\/regiaonews.net.br\/2022\/wp-content\/uploads\/2023\/02\/Flamengo.jpg","articleSection":["Esporte","Mundo"],"inLanguage":"pt-BR","potentialAction":[{"@type":"CommentAction","name":"Comment","target":["https:\/\/regiaonews.net.br\/2022\/2023\/02\/07\/termina-sonho-do-bicampeonato-mundial-do-flamengo\/#respond"]}]},{"@type":"WebPage","@id":"https:\/\/regiaonews.net.br\/2022\/2023\/02\/07\/termina-sonho-do-bicampeonato-mundial-do-flamengo\/","url":"https:\/\/regiaonews.net.br\/2022\/2023\/02\/07\/termina-sonho-do-bicampeonato-mundial-do-flamengo\/","name":"Termina sonho do bicampeonato Mundial do Flamengo - Regi\u00e3o News","isPartOf":{"@id":"https:\/\/regiaonews.net.br\/2022\/#website"},"primaryImageOfPage":{"@id":"https:\/\/regiaonews.net.br\/2022\/2023\/02\/07\/termina-sonho-do-bicampeonato-mundial-do-flamengo\/#primaryimage"},"image":{"@id":"https:\/\/regiaonews.net.br\/2022\/2023\/02\/07\/termina-sonho-do-bicampeonato-mundial-do-flamengo\/#primaryimage"},"thumbnailUrl":"https:\/\/regiaonews.net.br\/2022\/wp-content\/uploads\/2023\/02\/Flamengo.jpg","datePublished":"2023-02-07T22:22:52+00:00","breadcrumb":{"@id":"https:\/\/regiaonews.net.br\/2022\/2023\/02\/07\/termina-sonho-do-bicampeonato-mundial-do-flamengo\/#breadcrumb"},"inLanguage":"pt-BR","potentialAction":[{"@type":"ReadAction","target":["https:\/\/regiaonews.net.br\/2022\/2023\/02\/07\/termina-sonho-do-bicampeonato-mundial-do-flamengo\/"]}]},{"@type":"ImageObject","inLanguage":"pt-BR","@id":"https:\/\/regiaonews.net.br\/2022\/2023\/02\/07\/termina-sonho-do-bicampeonato-mundial-do-flamengo\/#primaryimage","url":"https:\/\/regiaonews.net.br\/2022\/wp-content\/uploads\/2023\/02\/Flamengo.jpg","contentUrl":"https:\/\/regiaonews.net.br\/2022\/wp-content\/uploads\/2023\/02\/Flamengo.jpg","width":1167,"height":543},{"@type":"BreadcrumbList","@id":"https:\/\/regiaonews.net.br\/2022\/2023\/02\/07\/termina-sonho-do-bicampeonato-mundial-do-flamengo\/#breadcrumb","itemListElement":[{"@type":"ListItem","position":1,"name":"In\u00edcio","item":"https:\/\/regiaonews.net.br\/2022\/"},{"@type":"ListItem","position":2,"name":"Termina sonho do bicampeonato Mundial do Flamengo"}]},{"@type":"WebSite","@id":"https:\/\/regiaonews.net.br\/2022\/#website","url":"https:\/\/regiaonews.net.br\/2022\/","name":"Regi\u00e3o News","description":"Site de Not\u00edcias de Barretos e regi\u00e3o","publisher":{"@id":"https:\/\/regiaonews.net.br\/2022\/#organization"},"potentialAction":[{"@type":"SearchAction","target":{"@type":"EntryPoint","urlTemplate":"https:\/\/regiaonews.net.br\/2022\/?s={search_term_string}"},"query-input":{"@type":"PropertyValueSpecification","valueRequired":true,"valueName":"search_term_string"}}],"inLanguage":"pt-BR"},{"@type":"Organization","@id":"https:\/\/regiaonews.net.br\/2022\/#organization","name":"Regi\u00e3o News","url":"https:\/\/regiaonews.net.br\/2022\/","logo":{"@type":"ImageObject","inLanguage":"pt-BR","@id":"https:\/\/regiaonews.net.br\/2022\/#\/schema\/logo\/image\/","url":"https:\/\/regiaonews.net.br\/2022\/wp-content\/uploads\/2026\/03\/regiao-13-anos-scaled.jpg","contentUrl":"https:\/\/regiaonews.net.br\/2022\/wp-content\/uploads\/2026\/03\/regiao-13-anos-scaled.jpg","width":2560,"height":635,"caption":"Regi\u00e3o News"},"image":{"@id":"https:\/\/regiaonews.net.br\/2022\/#\/schema\/logo\/image\/"}},{"@type":"Person","@id":"https:\/\/regiaonews.net.br\/2022\/#\/schema\/person\/2d205a608a5aa97ac279d7a5e6d89ad8","name":"Roberto","image":{"@type":"ImageObject","inLanguage":"pt-BR","@id":"https:\/\/secure.gravatar.com\/avatar\/42749d8b712ff9d59ca93dc150494e5b55a44134482993f5baeb97e61b7ecc89?s=96&d=mm&r=g","url":"https:\/\/secure.gravatar.com\/avatar\/42749d8b712ff9d59ca93dc150494e5b55a44134482993f5baeb97e61b7ecc89?s=96&d=mm&r=g","contentUrl":"https:\/\/secure.gravatar.com\/avatar\/42749d8b712ff9d59ca93dc150494e5b55a44134482993f5baeb97e61b7ecc89?s=96&d=mm&r=g","caption":"Roberto"},"url":"https:\/\/regiaonews.net.br\/2022\/author\/roberto\/"}]}},"publishpress_future_action":{"enabled":false,"date":"2026-05-09 09:56:27","action":"change-status","newStatus":"draft","terms":[],"taxonomy":"category","extraData":[]},"publishpress_future_workflow_manual_trigger":{"enabledWorkflows":[]},"_links":{"self":[{"href":"https:\/\/regiaonews.net.br\/2022\/wp-json\/wp\/v2\/posts\/83709","targetHints":{"allow":["GET"]}}],"collection":[{"href":"https:\/\/regiaonews.net.br\/2022\/wp-json\/wp\/v2\/posts"}],"about":[{"href":"https:\/\/regiaonews.net.br\/2022\/wp-json\/wp\/v2\/types\/post"}],"author":[{"embeddable":true,"href":"https:\/\/regiaonews.net.br\/2022\/wp-json\/wp\/v2\/users\/2"}],"replies":[{"embeddable":true,"href":"https:\/\/regiaonews.net.br\/2022\/wp-json\/wp\/v2\/comments?post=83709"}],"version-history":[{"count":1,"href":"https:\/\/regiaonews.net.br\/2022\/wp-json\/wp\/v2\/posts\/83709\/revisions"}],"predecessor-version":[{"id":83711,"href":"https:\/\/regiaonews.net.br\/2022\/wp-json\/wp\/v2\/posts\/83709\/revisions\/83711"}],"wp:featuredmedia":[{"embeddable":true,"href":"https:\/\/regiaonews.net.br\/2022\/wp-json\/wp\/v2\/media\/83710"}],"wp:attachment":[{"href":"https:\/\/regiaonews.net.br\/2022\/wp-json\/wp\/v2\/media?parent=83709"}],"wp:term":[{"taxonomy":"category","embeddable":true,"href":"https:\/\/regiaonews.net.br\/2022\/wp-json\/wp\/v2\/categories?post=83709"},{"taxonomy":"post_tag","embeddable":true,"href":"https:\/\/regiaonews.net.br\/2022\/wp-json\/wp\/v2\/tags?post=83709"}],"curies":[{"name":"wp","href":"https:\/\/api.w.org\/{rel}","templated":true}]}}