{"id":83577,"date":"2023-02-03T14:04:43","date_gmt":"2023-02-03T17:04:43","guid":{"rendered":"https:\/\/regiaonews.net.br\/2022\/?p=83577"},"modified":"2023-02-03T14:04:43","modified_gmt":"2023-02-03T17:04:43","slug":"estancia-turistica-de-barretos-recebe-curso-producao-cultural-elaboracao-e-gestao-de-projetos","status":"publish","type":"post","link":"https:\/\/regiaonews.net.br\/2022\/2023\/02\/03\/estancia-turistica-de-barretos-recebe-curso-producao-cultural-elaboracao-e-gestao-de-projetos\/","title":{"rendered":"Est\u00e2ncia Tur\u00edstica de Barretos recebe curso \u2018Produ\u00e7\u00e3o Cultural: Elabora\u00e7\u00e3o e Gest\u00e3o de Projetos\u2019"},"content":{"rendered":"<h3 style=\"text-align: center;\">A capacita\u00e7\u00e3o deve focar principalmente nas Leis Aldir Blanc (1 e 2) e Paulo Gustavo, apresentando exemplos de participa\u00e7\u00e3o dos artistas e produtores na implementa\u00e7\u00e3o dessas pol\u00edticas nos munic\u00edpios.<\/h3>\n<p>O Governo do Estado de S\u00e3o Paulo, por meio da Secretaria de Cultura e Economia Criativa, com o Programa de Oficinas Culturais da Organiza\u00e7\u00e3o Social (OS) POIESIS \u2013 Instituto de Apoio \u00e0 Cultura, \u00e0 L\u00edngua e \u00e0 Literatura, em parceria com a Prefeitura da Est\u00e2ncia Tur\u00edstica de Barretos, por meio da Secretaria Municipal de Cultura, promove o curso on-line gratuito \u2018Produ\u00e7\u00e3o Cultural: Elabora\u00e7\u00e3o e Gest\u00e3o de Projetos\u2019, com Thayse Guedes. Os encontros ser\u00e3o realizados nos dias 13, 15 e 17 de mar\u00e7o, das 14h \u00e0s 16h, pela plataforma Zoom.<\/p>\n<p>Para participar \u00e9 preciso a partir de 6 de fevereiro preencher o formul\u00e1rio de inscri\u00e7\u00e3o, que est\u00e1 dispon\u00edvel pelo link: https:\/\/forms.gle\/BiStwYN1oGRxfY3c8 . S\u00e3o 25 vagas; as inscri\u00e7\u00f5es ficar\u00e3o dispon\u00edveis at\u00e9 o preenchimento das vagas. Podem se inscrever pessoas a partir de 16 anos de idade<\/p>\n<p>Sobre a oficina<\/p>\n<p>A oficina busca sanar d\u00favidas e aperfei\u00e7oar os conhecimentos de artistas, produtores, coletivos e pessoas ligadas \u00e0 gest\u00e3o de espa\u00e7os culturais (p\u00fablicos e privados), que t\u00eam o desejo de analisar e discutir o cen\u00e1rio atual de pol\u00edticas p\u00fablicas voltadas para a cultura. O objetivo \u00e9 levantar as possibilidades de fortalecimento de di\u00e1logo entre agentes culturais e poder p\u00fablico, de forma que se executem projetos e leis que estejam alinhados com o ponto de vista da gest\u00e3o p\u00fablica e dos fazedores de cultura que atuam nas suas respectivas regi\u00f5es.<\/p>\n<p>A forma\u00e7\u00e3o deve focar principalmente nas Leis Aldir Blanc (1 e 2) e Paulo Gustavo, apresentando exemplos de participa\u00e7\u00e3o dos artistas e produtores na implementa\u00e7\u00e3o dessas pol\u00edticas em cada munic\u00edpio.<\/p>\n<p>Para Rog\u00e9rio Teod\u00f3sio, secret\u00e1rio municipal de Cultura, o curso visa contribuir com o planejamento da produ\u00e7\u00e3o cultural na cidade \u201c \u00c9 preciso investir cada vez mais em forma\u00e7\u00e3o em produ\u00e7\u00e3o cultural, a fim de contribuir com a promo\u00e7\u00e3o de a\u00e7\u00f5es para o desenvolvimento art\u00edstico, cultural e educacional da Est\u00e2ncia Tur\u00edstica de Barretos\u201d, afirmou.<\/p>\n<p>Sobre a oficineira<\/p>\n<p>Thayse Guedes \u00e9 atriz, produtora, gestora cultural e arte-educadora. Mestre em Artes C\u00eanicas pela Universidade de Uberl\u00e2ndia (UFU), entre 2017 e 2020 foi orientadora de Artes C\u00eanicas, atuando como educadora e gestora da \u00e1rea de cultura do SESI Franca. Tamb\u00e9m foi produtora e curadora da 1\u00aa e 2\u00aa edi\u00e7\u00f5es da Feira do Livro do SESI Franca.<\/p>\n<p>&nbsp;<\/p>\n<p>Servi\u00e7o:<\/p>\n<p>T\u00edtulo: \u2018Produ\u00e7\u00e3o Cultural: Elabora\u00e7\u00e3o e Gest\u00e3o de Projetos \u2018<\/p>\n<p>Coordena\u00e7\u00e3o: Thayse Guedes<\/p>\n<p>Data e hor\u00e1rio: dias 13, 15 e 17\/3 &#8211; 14h \u00e0s 16h<\/p>\n<p>Inscri\u00e7\u00f5es: De 6\/2 at\u00e9 o preenchimento das vagas<\/p>\n<p>25 vagas<\/p>\n<p>P\u00fablico-alvo: a partir de 16 anos<\/p>\n<p>Plataforma: Zoom<\/p>\n<p>Formul\u00e1rio de inscri\u00e7\u00e3o: https:\/\/forms.gle\/BiStwYN1oGRxfY3c8<\/p>\n<p>&nbsp;<\/p>\n<p>Assimp-070-2023<\/p>\n<p>Reda\u00e7\u00e3o: Assessoria de Comunica\u00e7\u00e3o \/ Sec. Mun. de Cultura<\/p>\n","protected":false},"excerpt":{"rendered":"<p>A capacita\u00e7\u00e3o deve focar principalmente nas Leis Aldir Blanc (1<\/p>\n","protected":false},"author":2,"featured_media":83578,"comment_status":"open","ping_status":"open","sticky":false,"template":"","format":"standard","meta":{"footnotes":""},"categories":[14,3],"tags":[],"class_list":["post-83577","post","type-post","status-publish","format-standard","has-post-thumbnail","hentry","category-barretos","category-geral"],"yoast_head":"<!-- This site is optimized with the Yoast SEO plugin v27.5 - https:\/\/yoast.com\/product\/yoast-seo-wordpress\/ -->\n<title>Est\u00e2ncia Tur\u00edstica de Barretos recebe curso \u2018Produ\u00e7\u00e3o Cultural: Elabora\u00e7\u00e3o e Gest\u00e3o de Projetos\u2019 - Regi\u00e3o News<\/title>\n<meta name=\"robots\" content=\"index, follow, max-snippet:-1, max-image-preview:large, max-video-preview:-1\" \/>\n<link rel=\"canonical\" href=\"https:\/\/regiaonews.net.br\/2022\/2023\/02\/03\/estancia-turistica-de-barretos-recebe-curso-producao-cultural-elaboracao-e-gestao-de-projetos\/\" \/>\n<meta property=\"og:locale\" content=\"pt_BR\" \/>\n<meta property=\"og:type\" content=\"article\" \/>\n<meta property=\"og:title\" content=\"Est\u00e2ncia Tur\u00edstica de Barretos recebe curso \u2018Produ\u00e7\u00e3o Cultural: Elabora\u00e7\u00e3o e Gest\u00e3o de Projetos\u2019 - Regi\u00e3o News\" \/>\n<meta property=\"og:description\" content=\"A capacita\u00e7\u00e3o deve focar principalmente nas Leis Aldir Blanc (1\" \/>\n<meta property=\"og:url\" content=\"https:\/\/regiaonews.net.br\/2022\/2023\/02\/03\/estancia-turistica-de-barretos-recebe-curso-producao-cultural-elaboracao-e-gestao-de-projetos\/\" \/>\n<meta property=\"og:site_name\" content=\"Regi\u00e3o News\" \/>\n<meta property=\"article:published_time\" content=\"2023-02-03T17:04:43+00:00\" \/>\n<meta property=\"og:image\" content=\"https:\/\/regiaonews.net.br\/2022\/wp-content\/uploads\/2023\/02\/WhatsApp-Image-2023-02-03-at-14.02.59.jpeg\" \/>\n\t<meta property=\"og:image:width\" content=\"1080\" \/>\n\t<meta property=\"og:image:height\" content=\"1085\" \/>\n\t<meta property=\"og:image:type\" content=\"image\/jpeg\" \/>\n<meta name=\"author\" content=\"Roberto\" \/>\n<meta name=\"twitter:card\" content=\"summary_large_image\" \/>\n<meta name=\"twitter:label1\" content=\"Escrito por\" \/>\n\t<meta name=\"twitter:data1\" content=\"Roberto\" \/>\n\t<meta name=\"twitter:label2\" content=\"Est. tempo de leitura\" \/>\n\t<meta name=\"twitter:data2\" content=\"3 minutos\" \/>\n<script type=\"application\/ld+json\" class=\"yoast-schema-graph\">{\"@context\":\"https:\\\/\\\/schema.org\",\"@graph\":[{\"@type\":\"Article\",\"@id\":\"https:\\\/\\\/regiaonews.net.br\\\/2022\\\/2023\\\/02\\\/03\\\/estancia-turistica-de-barretos-recebe-curso-producao-cultural-elaboracao-e-gestao-de-projetos\\\/#article\",\"isPartOf\":{\"@id\":\"https:\\\/\\\/regiaonews.net.br\\\/2022\\\/2023\\\/02\\\/03\\\/estancia-turistica-de-barretos-recebe-curso-producao-cultural-elaboracao-e-gestao-de-projetos\\\/\"},\"author\":{\"name\":\"Roberto\",\"@id\":\"https:\\\/\\\/regiaonews.net.br\\\/2022\\\/#\\\/schema\\\/person\\\/2d205a608a5aa97ac279d7a5e6d89ad8\"},\"headline\":\"Est\u00e2ncia Tur\u00edstica de Barretos recebe curso \u2018Produ\u00e7\u00e3o Cultural: Elabora\u00e7\u00e3o e Gest\u00e3o de Projetos\u2019\",\"datePublished\":\"2023-02-03T17:04:43+00:00\",\"mainEntityOfPage\":{\"@id\":\"https:\\\/\\\/regiaonews.net.br\\\/2022\\\/2023\\\/02\\\/03\\\/estancia-turistica-de-barretos-recebe-curso-producao-cultural-elaboracao-e-gestao-de-projetos\\\/\"},\"wordCount\":521,\"commentCount\":0,\"publisher\":{\"@id\":\"https:\\\/\\\/regiaonews.net.br\\\/2022\\\/#organization\"},\"image\":{\"@id\":\"https:\\\/\\\/regiaonews.net.br\\\/2022\\\/2023\\\/02\\\/03\\\/estancia-turistica-de-barretos-recebe-curso-producao-cultural-elaboracao-e-gestao-de-projetos\\\/#primaryimage\"},\"thumbnailUrl\":\"https:\\\/\\\/regiaonews.net.br\\\/2022\\\/wp-content\\\/uploads\\\/2023\\\/02\\\/WhatsApp-Image-2023-02-03-at-14.02.59.jpeg\",\"articleSection\":[\"Barretos\",\"Geral\"],\"inLanguage\":\"pt-BR\",\"potentialAction\":[{\"@type\":\"CommentAction\",\"name\":\"Comment\",\"target\":[\"https:\\\/\\\/regiaonews.net.br\\\/2022\\\/2023\\\/02\\\/03\\\/estancia-turistica-de-barretos-recebe-curso-producao-cultural-elaboracao-e-gestao-de-projetos\\\/#respond\"]}]},{\"@type\":\"WebPage\",\"@id\":\"https:\\\/\\\/regiaonews.net.br\\\/2022\\\/2023\\\/02\\\/03\\\/estancia-turistica-de-barretos-recebe-curso-producao-cultural-elaboracao-e-gestao-de-projetos\\\/\",\"url\":\"https:\\\/\\\/regiaonews.net.br\\\/2022\\\/2023\\\/02\\\/03\\\/estancia-turistica-de-barretos-recebe-curso-producao-cultural-elaboracao-e-gestao-de-projetos\\\/\",\"name\":\"Est\u00e2ncia Tur\u00edstica de Barretos recebe curso \u2018Produ\u00e7\u00e3o Cultural: Elabora\u00e7\u00e3o e Gest\u00e3o de Projetos\u2019 - Regi\u00e3o News\",\"isPartOf\":{\"@id\":\"https:\\\/\\\/regiaonews.net.br\\\/2022\\\/#website\"},\"primaryImageOfPage\":{\"@id\":\"https:\\\/\\\/regiaonews.net.br\\\/2022\\\/2023\\\/02\\\/03\\\/estancia-turistica-de-barretos-recebe-curso-producao-cultural-elaboracao-e-gestao-de-projetos\\\/#primaryimage\"},\"image\":{\"@id\":\"https:\\\/\\\/regiaonews.net.br\\\/2022\\\/2023\\\/02\\\/03\\\/estancia-turistica-de-barretos-recebe-curso-producao-cultural-elaboracao-e-gestao-de-projetos\\\/#primaryimage\"},\"thumbnailUrl\":\"https:\\\/\\\/regiaonews.net.br\\\/2022\\\/wp-content\\\/uploads\\\/2023\\\/02\\\/WhatsApp-Image-2023-02-03-at-14.02.59.jpeg\",\"datePublished\":\"2023-02-03T17:04:43+00:00\",\"breadcrumb\":{\"@id\":\"https:\\\/\\\/regiaonews.net.br\\\/2022\\\/2023\\\/02\\\/03\\\/estancia-turistica-de-barretos-recebe-curso-producao-cultural-elaboracao-e-gestao-de-projetos\\\/#breadcrumb\"},\"inLanguage\":\"pt-BR\",\"potentialAction\":[{\"@type\":\"ReadAction\",\"target\":[\"https:\\\/\\\/regiaonews.net.br\\\/2022\\\/2023\\\/02\\\/03\\\/estancia-turistica-de-barretos-recebe-curso-producao-cultural-elaboracao-e-gestao-de-projetos\\\/\"]}]},{\"@type\":\"ImageObject\",\"inLanguage\":\"pt-BR\",\"@id\":\"https:\\\/\\\/regiaonews.net.br\\\/2022\\\/2023\\\/02\\\/03\\\/estancia-turistica-de-barretos-recebe-curso-producao-cultural-elaboracao-e-gestao-de-projetos\\\/#primaryimage\",\"url\":\"https:\\\/\\\/regiaonews.net.br\\\/2022\\\/wp-content\\\/uploads\\\/2023\\\/02\\\/WhatsApp-Image-2023-02-03-at-14.02.59.jpeg\",\"contentUrl\":\"https:\\\/\\\/regiaonews.net.br\\\/2022\\\/wp-content\\\/uploads\\\/2023\\\/02\\\/WhatsApp-Image-2023-02-03-at-14.02.59.jpeg\",\"width\":1080,\"height\":1085},{\"@type\":\"BreadcrumbList\",\"@id\":\"https:\\\/\\\/regiaonews.net.br\\\/2022\\\/2023\\\/02\\\/03\\\/estancia-turistica-de-barretos-recebe-curso-producao-cultural-elaboracao-e-gestao-de-projetos\\\/#breadcrumb\",\"itemListElement\":[{\"@type\":\"ListItem\",\"position\":1,\"name\":\"In\u00edcio\",\"item\":\"https:\\\/\\\/regiaonews.net.br\\\/2022\\\/\"},{\"@type\":\"ListItem\",\"position\":2,\"name\":\"Est\u00e2ncia Tur\u00edstica de Barretos recebe curso \u2018Produ\u00e7\u00e3o Cultural: Elabora\u00e7\u00e3o e Gest\u00e3o de Projetos\u2019\"}]},{\"@type\":\"WebSite\",\"@id\":\"https:\\\/\\\/regiaonews.net.br\\\/2022\\\/#website\",\"url\":\"https:\\\/\\\/regiaonews.net.br\\\/2022\\\/\",\"name\":\"Regi\u00e3o News\",\"description\":\"Site de Not\u00edcias de Barretos e regi\u00e3o\",\"publisher\":{\"@id\":\"https:\\\/\\\/regiaonews.net.br\\\/2022\\\/#organization\"},\"potentialAction\":[{\"@type\":\"SearchAction\",\"target\":{\"@type\":\"EntryPoint\",\"urlTemplate\":\"https:\\\/\\\/regiaonews.net.br\\\/2022\\\/?s={search_term_string}\"},\"query-input\":{\"@type\":\"PropertyValueSpecification\",\"valueRequired\":true,\"valueName\":\"search_term_string\"}}],\"inLanguage\":\"pt-BR\"},{\"@type\":\"Organization\",\"@id\":\"https:\\\/\\\/regiaonews.net.br\\\/2022\\\/#organization\",\"name\":\"Regi\u00e3o News\",\"url\":\"https:\\\/\\\/regiaonews.net.br\\\/2022\\\/\",\"logo\":{\"@type\":\"ImageObject\",\"inLanguage\":\"pt-BR\",\"@id\":\"https:\\\/\\\/regiaonews.net.br\\\/2022\\\/#\\\/schema\\\/logo\\\/image\\\/\",\"url\":\"https:\\\/\\\/regiaonews.net.br\\\/2022\\\/wp-content\\\/uploads\\\/2026\\\/03\\\/regiao-13-anos-scaled.jpg\",\"contentUrl\":\"https:\\\/\\\/regiaonews.net.br\\\/2022\\\/wp-content\\\/uploads\\\/2026\\\/03\\\/regiao-13-anos-scaled.jpg\",\"width\":2560,\"height\":635,\"caption\":\"Regi\u00e3o News\"},\"image\":{\"@id\":\"https:\\\/\\\/regiaonews.net.br\\\/2022\\\/#\\\/schema\\\/logo\\\/image\\\/\"}},{\"@type\":\"Person\",\"@id\":\"https:\\\/\\\/regiaonews.net.br\\\/2022\\\/#\\\/schema\\\/person\\\/2d205a608a5aa97ac279d7a5e6d89ad8\",\"name\":\"Roberto\",\"image\":{\"@type\":\"ImageObject\",\"inLanguage\":\"pt-BR\",\"@id\":\"https:\\\/\\\/secure.gravatar.com\\\/avatar\\\/42749d8b712ff9d59ca93dc150494e5b55a44134482993f5baeb97e61b7ecc89?s=96&d=mm&r=g\",\"url\":\"https:\\\/\\\/secure.gravatar.com\\\/avatar\\\/42749d8b712ff9d59ca93dc150494e5b55a44134482993f5baeb97e61b7ecc89?s=96&d=mm&r=g\",\"contentUrl\":\"https:\\\/\\\/secure.gravatar.com\\\/avatar\\\/42749d8b712ff9d59ca93dc150494e5b55a44134482993f5baeb97e61b7ecc89?s=96&d=mm&r=g\",\"caption\":\"Roberto\"},\"url\":\"https:\\\/\\\/regiaonews.net.br\\\/2022\\\/author\\\/roberto\\\/\"}]}<\/script>\n<!-- \/ Yoast SEO plugin. -->","yoast_head_json":{"title":"Est\u00e2ncia Tur\u00edstica de Barretos recebe curso \u2018Produ\u00e7\u00e3o Cultural: Elabora\u00e7\u00e3o e Gest\u00e3o de Projetos\u2019 - Regi\u00e3o News","robots":{"index":"index","follow":"follow","max-snippet":"max-snippet:-1","max-image-preview":"max-image-preview:large","max-video-preview":"max-video-preview:-1"},"canonical":"https:\/\/regiaonews.net.br\/2022\/2023\/02\/03\/estancia-turistica-de-barretos-recebe-curso-producao-cultural-elaboracao-e-gestao-de-projetos\/","og_locale":"pt_BR","og_type":"article","og_title":"Est\u00e2ncia Tur\u00edstica de Barretos recebe curso \u2018Produ\u00e7\u00e3o Cultural: Elabora\u00e7\u00e3o e Gest\u00e3o de Projetos\u2019 - Regi\u00e3o News","og_description":"A capacita\u00e7\u00e3o deve focar principalmente nas Leis Aldir Blanc (1","og_url":"https:\/\/regiaonews.net.br\/2022\/2023\/02\/03\/estancia-turistica-de-barretos-recebe-curso-producao-cultural-elaboracao-e-gestao-de-projetos\/","og_site_name":"Regi\u00e3o News","article_published_time":"2023-02-03T17:04:43+00:00","og_image":[{"width":1080,"height":1085,"url":"https:\/\/regiaonews.net.br\/2022\/wp-content\/uploads\/2023\/02\/WhatsApp-Image-2023-02-03-at-14.02.59.jpeg","type":"image\/jpeg"}],"author":"Roberto","twitter_card":"summary_large_image","twitter_misc":{"Escrito por":"Roberto","Est. tempo de leitura":"3 minutos"},"schema":{"@context":"https:\/\/schema.org","@graph":[{"@type":"Article","@id":"https:\/\/regiaonews.net.br\/2022\/2023\/02\/03\/estancia-turistica-de-barretos-recebe-curso-producao-cultural-elaboracao-e-gestao-de-projetos\/#article","isPartOf":{"@id":"https:\/\/regiaonews.net.br\/2022\/2023\/02\/03\/estancia-turistica-de-barretos-recebe-curso-producao-cultural-elaboracao-e-gestao-de-projetos\/"},"author":{"name":"Roberto","@id":"https:\/\/regiaonews.net.br\/2022\/#\/schema\/person\/2d205a608a5aa97ac279d7a5e6d89ad8"},"headline":"Est\u00e2ncia Tur\u00edstica de Barretos recebe curso \u2018Produ\u00e7\u00e3o Cultural: Elabora\u00e7\u00e3o e Gest\u00e3o de Projetos\u2019","datePublished":"2023-02-03T17:04:43+00:00","mainEntityOfPage":{"@id":"https:\/\/regiaonews.net.br\/2022\/2023\/02\/03\/estancia-turistica-de-barretos-recebe-curso-producao-cultural-elaboracao-e-gestao-de-projetos\/"},"wordCount":521,"commentCount":0,"publisher":{"@id":"https:\/\/regiaonews.net.br\/2022\/#organization"},"image":{"@id":"https:\/\/regiaonews.net.br\/2022\/2023\/02\/03\/estancia-turistica-de-barretos-recebe-curso-producao-cultural-elaboracao-e-gestao-de-projetos\/#primaryimage"},"thumbnailUrl":"https:\/\/regiaonews.net.br\/2022\/wp-content\/uploads\/2023\/02\/WhatsApp-Image-2023-02-03-at-14.02.59.jpeg","articleSection":["Barretos","Geral"],"inLanguage":"pt-BR","potentialAction":[{"@type":"CommentAction","name":"Comment","target":["https:\/\/regiaonews.net.br\/2022\/2023\/02\/03\/estancia-turistica-de-barretos-recebe-curso-producao-cultural-elaboracao-e-gestao-de-projetos\/#respond"]}]},{"@type":"WebPage","@id":"https:\/\/regiaonews.net.br\/2022\/2023\/02\/03\/estancia-turistica-de-barretos-recebe-curso-producao-cultural-elaboracao-e-gestao-de-projetos\/","url":"https:\/\/regiaonews.net.br\/2022\/2023\/02\/03\/estancia-turistica-de-barretos-recebe-curso-producao-cultural-elaboracao-e-gestao-de-projetos\/","name":"Est\u00e2ncia Tur\u00edstica de Barretos recebe curso \u2018Produ\u00e7\u00e3o Cultural: Elabora\u00e7\u00e3o e Gest\u00e3o de Projetos\u2019 - Regi\u00e3o News","isPartOf":{"@id":"https:\/\/regiaonews.net.br\/2022\/#website"},"primaryImageOfPage":{"@id":"https:\/\/regiaonews.net.br\/2022\/2023\/02\/03\/estancia-turistica-de-barretos-recebe-curso-producao-cultural-elaboracao-e-gestao-de-projetos\/#primaryimage"},"image":{"@id":"https:\/\/regiaonews.net.br\/2022\/2023\/02\/03\/estancia-turistica-de-barretos-recebe-curso-producao-cultural-elaboracao-e-gestao-de-projetos\/#primaryimage"},"thumbnailUrl":"https:\/\/regiaonews.net.br\/2022\/wp-content\/uploads\/2023\/02\/WhatsApp-Image-2023-02-03-at-14.02.59.jpeg","datePublished":"2023-02-03T17:04:43+00:00","breadcrumb":{"@id":"https:\/\/regiaonews.net.br\/2022\/2023\/02\/03\/estancia-turistica-de-barretos-recebe-curso-producao-cultural-elaboracao-e-gestao-de-projetos\/#breadcrumb"},"inLanguage":"pt-BR","potentialAction":[{"@type":"ReadAction","target":["https:\/\/regiaonews.net.br\/2022\/2023\/02\/03\/estancia-turistica-de-barretos-recebe-curso-producao-cultural-elaboracao-e-gestao-de-projetos\/"]}]},{"@type":"ImageObject","inLanguage":"pt-BR","@id":"https:\/\/regiaonews.net.br\/2022\/2023\/02\/03\/estancia-turistica-de-barretos-recebe-curso-producao-cultural-elaboracao-e-gestao-de-projetos\/#primaryimage","url":"https:\/\/regiaonews.net.br\/2022\/wp-content\/uploads\/2023\/02\/WhatsApp-Image-2023-02-03-at-14.02.59.jpeg","contentUrl":"https:\/\/regiaonews.net.br\/2022\/wp-content\/uploads\/2023\/02\/WhatsApp-Image-2023-02-03-at-14.02.59.jpeg","width":1080,"height":1085},{"@type":"BreadcrumbList","@id":"https:\/\/regiaonews.net.br\/2022\/2023\/02\/03\/estancia-turistica-de-barretos-recebe-curso-producao-cultural-elaboracao-e-gestao-de-projetos\/#breadcrumb","itemListElement":[{"@type":"ListItem","position":1,"name":"In\u00edcio","item":"https:\/\/regiaonews.net.br\/2022\/"},{"@type":"ListItem","position":2,"name":"Est\u00e2ncia Tur\u00edstica de Barretos recebe curso \u2018Produ\u00e7\u00e3o Cultural: Elabora\u00e7\u00e3o e Gest\u00e3o de Projetos\u2019"}]},{"@type":"WebSite","@id":"https:\/\/regiaonews.net.br\/2022\/#website","url":"https:\/\/regiaonews.net.br\/2022\/","name":"Regi\u00e3o News","description":"Site de Not\u00edcias de Barretos e regi\u00e3o","publisher":{"@id":"https:\/\/regiaonews.net.br\/2022\/#organization"},"potentialAction":[{"@type":"SearchAction","target":{"@type":"EntryPoint","urlTemplate":"https:\/\/regiaonews.net.br\/2022\/?s={search_term_string}"},"query-input":{"@type":"PropertyValueSpecification","valueRequired":true,"valueName":"search_term_string"}}],"inLanguage":"pt-BR"},{"@type":"Organization","@id":"https:\/\/regiaonews.net.br\/2022\/#organization","name":"Regi\u00e3o News","url":"https:\/\/regiaonews.net.br\/2022\/","logo":{"@type":"ImageObject","inLanguage":"pt-BR","@id":"https:\/\/regiaonews.net.br\/2022\/#\/schema\/logo\/image\/","url":"https:\/\/regiaonews.net.br\/2022\/wp-content\/uploads\/2026\/03\/regiao-13-anos-scaled.jpg","contentUrl":"https:\/\/regiaonews.net.br\/2022\/wp-content\/uploads\/2026\/03\/regiao-13-anos-scaled.jpg","width":2560,"height":635,"caption":"Regi\u00e3o News"},"image":{"@id":"https:\/\/regiaonews.net.br\/2022\/#\/schema\/logo\/image\/"}},{"@type":"Person","@id":"https:\/\/regiaonews.net.br\/2022\/#\/schema\/person\/2d205a608a5aa97ac279d7a5e6d89ad8","name":"Roberto","image":{"@type":"ImageObject","inLanguage":"pt-BR","@id":"https:\/\/secure.gravatar.com\/avatar\/42749d8b712ff9d59ca93dc150494e5b55a44134482993f5baeb97e61b7ecc89?s=96&d=mm&r=g","url":"https:\/\/secure.gravatar.com\/avatar\/42749d8b712ff9d59ca93dc150494e5b55a44134482993f5baeb97e61b7ecc89?s=96&d=mm&r=g","contentUrl":"https:\/\/secure.gravatar.com\/avatar\/42749d8b712ff9d59ca93dc150494e5b55a44134482993f5baeb97e61b7ecc89?s=96&d=mm&r=g","caption":"Roberto"},"url":"https:\/\/regiaonews.net.br\/2022\/author\/roberto\/"}]}},"publishpress_future_action":{"enabled":false,"date":"2026-05-09 10:07:57","action":"change-status","newStatus":"draft","terms":[],"taxonomy":"category","extraData":[]},"publishpress_future_workflow_manual_trigger":{"enabledWorkflows":[]},"_links":{"self":[{"href":"https:\/\/regiaonews.net.br\/2022\/wp-json\/wp\/v2\/posts\/83577","targetHints":{"allow":["GET"]}}],"collection":[{"href":"https:\/\/regiaonews.net.br\/2022\/wp-json\/wp\/v2\/posts"}],"about":[{"href":"https:\/\/regiaonews.net.br\/2022\/wp-json\/wp\/v2\/types\/post"}],"author":[{"embeddable":true,"href":"https:\/\/regiaonews.net.br\/2022\/wp-json\/wp\/v2\/users\/2"}],"replies":[{"embeddable":true,"href":"https:\/\/regiaonews.net.br\/2022\/wp-json\/wp\/v2\/comments?post=83577"}],"version-history":[{"count":1,"href":"https:\/\/regiaonews.net.br\/2022\/wp-json\/wp\/v2\/posts\/83577\/revisions"}],"predecessor-version":[{"id":83579,"href":"https:\/\/regiaonews.net.br\/2022\/wp-json\/wp\/v2\/posts\/83577\/revisions\/83579"}],"wp:featuredmedia":[{"embeddable":true,"href":"https:\/\/regiaonews.net.br\/2022\/wp-json\/wp\/v2\/media\/83578"}],"wp:attachment":[{"href":"https:\/\/regiaonews.net.br\/2022\/wp-json\/wp\/v2\/media?parent=83577"}],"wp:term":[{"taxonomy":"category","embeddable":true,"href":"https:\/\/regiaonews.net.br\/2022\/wp-json\/wp\/v2\/categories?post=83577"},{"taxonomy":"post_tag","embeddable":true,"href":"https:\/\/regiaonews.net.br\/2022\/wp-json\/wp\/v2\/tags?post=83577"}],"curies":[{"name":"wp","href":"https:\/\/api.w.org\/{rel}","templated":true}]}}