{"id":83571,"date":"2023-02-03T11:30:25","date_gmt":"2023-02-03T14:30:25","guid":{"rendered":"https:\/\/regiaonews.net.br\/2022\/?p=83571"},"modified":"2023-02-03T11:30:25","modified_gmt":"2023-02-03T14:30:25","slug":"8-municipios-aderem-ao-projeto-de-educacao-ambiental-acqua-titas","status":"publish","type":"post","link":"https:\/\/regiaonews.net.br\/2022\/2023\/02\/03\/8-municipios-aderem-ao-projeto-de-educacao-ambiental-acqua-titas\/","title":{"rendered":"8 munic\u00edpios aderem ao projeto de educa\u00e7\u00e3o ambiental Acqua Tit\u00e3s"},"content":{"rendered":"<h3 style=\"text-align: center;\">CBH-BPG quer a ades\u00e3o dos 13 munic\u00edpios que formam o comit\u00ea\u00ac para realizar as atividades.<\/h3>\n<p>Os coordenadores do projeto de educa\u00e7\u00e3o ambiental Acqua Tit\u00e3s \u2013 Os Guardi\u00f5es das \u00c1guas, do Comit\u00ea da Bacia Hidrogr\u00e1fica do Baixo Pardo\/Grande (CBH-BPG), continuam as visitas aos secret\u00e1rios municipais de educa\u00e7\u00e3o dos munic\u00edpios que comp\u00f5em o comit\u00ea.<\/p>\n<p>Nesta semana, Luciana Cunha \u2013 Secret\u00e1ria Executiva Adjunta e Coordenadora da C\u00e2mara T\u00e9cnica de Planejamento e Gerenciamento de Recursos H\u00eddricos, e Luis Vergilio Locci Junior \u2013 Relator das C\u00e2maras T\u00e9cnicas do CBH-BPG foram recebidos em Guaraci, Col\u00f4mbia, Morro Agudo, Orl\u00e2ndia e Jaborandi.<\/p>\n<p>\u201cSeguimos na apresenta\u00e7\u00e3o e busca da ades\u00e3o por parte dos munic\u00edpios para a realiza\u00e7\u00e3o das atividades com os alunos do Ensino Fundamental I que s\u00e3o, neste ponto de partida, o primeiro p\u00fablico-alvo do projeto junto \u00e0s suas fam\u00edlias. A inten\u00e7\u00e3o \u00e9 atingir cerca de 42 mil alunos nos 13 munic\u00edpios que formam o comit\u00ea com atividades extracurriculares que informem e proporcionem a mudan\u00e7a de comportamento frente \u00e0s quest\u00f5es do uso consciente dos recursos h\u00eddricos\u201d, explica Luciana.<\/p>\n<p>Os dois tamb\u00e9m visitaram a Pousada do Dourado em Jaborandi que fica \u00e0s margens do rio Pardo. O empres\u00e1rio Shigueru Takata Junior quis conhecer o projeto, ap\u00f3s tomar conhecimento de mat\u00e9ria publicada em um jornal de Colina para se colocar \u00e0 disposi\u00e7\u00e3o para colaborar com as atividades a serem desenvolvidas e tamb\u00e9m promover a\u00e7\u00f5es aos seus clientes que frequentam a pousada para a pr\u00e1tica da pescaria esportiva.<\/p>\n<p>O projeto j\u00e1 conta com o apoio e ades\u00e3o dos munic\u00edpios de Altair, Bebedouro, Col\u00f4mbia, Gua\u00edra, Guaraci, Ic\u00e9m, Morro Agudo e Terra Roxa.<\/p>\n<p>\u201cJ\u00e1 estamos preparando a primeira atividade do projeto que \u00e9 o Concurso Cultural de um desenho em que os estudantes dos munic\u00edpios que aderirem \u00e0 proposta do projeto far\u00e3o para a escolha dos super-her\u00f3is ou super-hero\u00ednas que ir\u00e3o representar cada cidade e assim formar o grupo de her\u00f3is Acqua Tit\u00e3s\u201d, destaca Luis Vergilio.<\/p>\n<p>Os pr\u00f3ximos munic\u00edpios a serem visitados s\u00e3o Barretos, Colina e Viradouro.<\/p>\n<p>Legenda 01: Coordenadores apresentaram o projeto em pousada \u00e0s margens do rio grande<\/p>\n<p>Legenda 02: Secret\u00e1ria de Educa\u00e7\u00e3o de Jaborandi Silvia Helena N. C. Junqueira Franco recebeu os coordenadores do projeto na quinta-feira (02).<\/p>\n<p>CBH-BPG \u2013 3 de fevereiro de 2023<br \/>\nAssessoria de Imprensa<br \/>\nwww.sigrh.sp.gov.br\/cbhbpg\/apresentacao<\/p>\n","protected":false},"excerpt":{"rendered":"<p>CBH-BPG quer a ades\u00e3o dos 13 munic\u00edpios que formam o<\/p>\n","protected":false},"author":2,"featured_media":83572,"comment_status":"open","ping_status":"open","sticky":false,"template":"","format":"standard","meta":{"footnotes":""},"categories":[14,3],"tags":[],"class_list":["post-83571","post","type-post","status-publish","format-standard","has-post-thumbnail","hentry","category-barretos","category-geral"],"yoast_head":"<!-- This site is optimized with the Yoast SEO plugin v27.5 - https:\/\/yoast.com\/product\/yoast-seo-wordpress\/ -->\n<title>8 munic\u00edpios aderem ao projeto de educa\u00e7\u00e3o ambiental Acqua Tit\u00e3s - Regi\u00e3o News<\/title>\n<meta name=\"robots\" content=\"index, follow, max-snippet:-1, max-image-preview:large, max-video-preview:-1\" \/>\n<link rel=\"canonical\" href=\"https:\/\/regiaonews.net.br\/2022\/2023\/02\/03\/8-municipios-aderem-ao-projeto-de-educacao-ambiental-acqua-titas\/\" \/>\n<meta property=\"og:locale\" content=\"pt_BR\" \/>\n<meta property=\"og:type\" content=\"article\" \/>\n<meta property=\"og:title\" content=\"8 munic\u00edpios aderem ao projeto de educa\u00e7\u00e3o ambiental Acqua Tit\u00e3s - Regi\u00e3o News\" \/>\n<meta property=\"og:description\" content=\"CBH-BPG quer a ades\u00e3o dos 13 munic\u00edpios que formam o\" \/>\n<meta property=\"og:url\" content=\"https:\/\/regiaonews.net.br\/2022\/2023\/02\/03\/8-municipios-aderem-ao-projeto-de-educacao-ambiental-acqua-titas\/\" \/>\n<meta property=\"og:site_name\" content=\"Regi\u00e3o News\" \/>\n<meta property=\"article:published_time\" content=\"2023-02-03T14:30:25+00:00\" \/>\n<meta property=\"og:image\" content=\"https:\/\/regiaonews.net.br\/2022\/wp-content\/uploads\/2023\/02\/WhatsApp-Image-2023-02-03-at-11.16.21.jpeg\" \/>\n\t<meta property=\"og:image:width\" content=\"1600\" \/>\n\t<meta property=\"og:image:height\" content=\"900\" \/>\n\t<meta property=\"og:image:type\" content=\"image\/jpeg\" \/>\n<meta name=\"author\" content=\"Roberto\" \/>\n<meta name=\"twitter:card\" content=\"summary_large_image\" \/>\n<meta name=\"twitter:label1\" content=\"Escrito por\" \/>\n\t<meta name=\"twitter:data1\" content=\"Roberto\" \/>\n\t<meta name=\"twitter:label2\" content=\"Est. tempo de leitura\" \/>\n\t<meta name=\"twitter:data2\" content=\"3 minutos\" \/>\n<script type=\"application\/ld+json\" class=\"yoast-schema-graph\">{\"@context\":\"https:\\\/\\\/schema.org\",\"@graph\":[{\"@type\":\"Article\",\"@id\":\"https:\\\/\\\/regiaonews.net.br\\\/2022\\\/2023\\\/02\\\/03\\\/8-municipios-aderem-ao-projeto-de-educacao-ambiental-acqua-titas\\\/#article\",\"isPartOf\":{\"@id\":\"https:\\\/\\\/regiaonews.net.br\\\/2022\\\/2023\\\/02\\\/03\\\/8-municipios-aderem-ao-projeto-de-educacao-ambiental-acqua-titas\\\/\"},\"author\":{\"name\":\"Roberto\",\"@id\":\"https:\\\/\\\/regiaonews.net.br\\\/2022\\\/#\\\/schema\\\/person\\\/2d205a608a5aa97ac279d7a5e6d89ad8\"},\"headline\":\"8 munic\u00edpios aderem ao projeto de educa\u00e7\u00e3o ambiental Acqua Tit\u00e3s\",\"datePublished\":\"2023-02-03T14:30:25+00:00\",\"mainEntityOfPage\":{\"@id\":\"https:\\\/\\\/regiaonews.net.br\\\/2022\\\/2023\\\/02\\\/03\\\/8-municipios-aderem-ao-projeto-de-educacao-ambiental-acqua-titas\\\/\"},\"wordCount\":427,\"commentCount\":0,\"publisher\":{\"@id\":\"https:\\\/\\\/regiaonews.net.br\\\/2022\\\/#organization\"},\"image\":{\"@id\":\"https:\\\/\\\/regiaonews.net.br\\\/2022\\\/2023\\\/02\\\/03\\\/8-municipios-aderem-ao-projeto-de-educacao-ambiental-acqua-titas\\\/#primaryimage\"},\"thumbnailUrl\":\"https:\\\/\\\/regiaonews.net.br\\\/2022\\\/wp-content\\\/uploads\\\/2023\\\/02\\\/WhatsApp-Image-2023-02-03-at-11.16.21.jpeg\",\"articleSection\":[\"Barretos\",\"Geral\"],\"inLanguage\":\"pt-BR\",\"potentialAction\":[{\"@type\":\"CommentAction\",\"name\":\"Comment\",\"target\":[\"https:\\\/\\\/regiaonews.net.br\\\/2022\\\/2023\\\/02\\\/03\\\/8-municipios-aderem-ao-projeto-de-educacao-ambiental-acqua-titas\\\/#respond\"]}]},{\"@type\":\"WebPage\",\"@id\":\"https:\\\/\\\/regiaonews.net.br\\\/2022\\\/2023\\\/02\\\/03\\\/8-municipios-aderem-ao-projeto-de-educacao-ambiental-acqua-titas\\\/\",\"url\":\"https:\\\/\\\/regiaonews.net.br\\\/2022\\\/2023\\\/02\\\/03\\\/8-municipios-aderem-ao-projeto-de-educacao-ambiental-acqua-titas\\\/\",\"name\":\"8 munic\u00edpios aderem ao projeto de educa\u00e7\u00e3o ambiental Acqua Tit\u00e3s - Regi\u00e3o News\",\"isPartOf\":{\"@id\":\"https:\\\/\\\/regiaonews.net.br\\\/2022\\\/#website\"},\"primaryImageOfPage\":{\"@id\":\"https:\\\/\\\/regiaonews.net.br\\\/2022\\\/2023\\\/02\\\/03\\\/8-municipios-aderem-ao-projeto-de-educacao-ambiental-acqua-titas\\\/#primaryimage\"},\"image\":{\"@id\":\"https:\\\/\\\/regiaonews.net.br\\\/2022\\\/2023\\\/02\\\/03\\\/8-municipios-aderem-ao-projeto-de-educacao-ambiental-acqua-titas\\\/#primaryimage\"},\"thumbnailUrl\":\"https:\\\/\\\/regiaonews.net.br\\\/2022\\\/wp-content\\\/uploads\\\/2023\\\/02\\\/WhatsApp-Image-2023-02-03-at-11.16.21.jpeg\",\"datePublished\":\"2023-02-03T14:30:25+00:00\",\"breadcrumb\":{\"@id\":\"https:\\\/\\\/regiaonews.net.br\\\/2022\\\/2023\\\/02\\\/03\\\/8-municipios-aderem-ao-projeto-de-educacao-ambiental-acqua-titas\\\/#breadcrumb\"},\"inLanguage\":\"pt-BR\",\"potentialAction\":[{\"@type\":\"ReadAction\",\"target\":[\"https:\\\/\\\/regiaonews.net.br\\\/2022\\\/2023\\\/02\\\/03\\\/8-municipios-aderem-ao-projeto-de-educacao-ambiental-acqua-titas\\\/\"]}]},{\"@type\":\"ImageObject\",\"inLanguage\":\"pt-BR\",\"@id\":\"https:\\\/\\\/regiaonews.net.br\\\/2022\\\/2023\\\/02\\\/03\\\/8-municipios-aderem-ao-projeto-de-educacao-ambiental-acqua-titas\\\/#primaryimage\",\"url\":\"https:\\\/\\\/regiaonews.net.br\\\/2022\\\/wp-content\\\/uploads\\\/2023\\\/02\\\/WhatsApp-Image-2023-02-03-at-11.16.21.jpeg\",\"contentUrl\":\"https:\\\/\\\/regiaonews.net.br\\\/2022\\\/wp-content\\\/uploads\\\/2023\\\/02\\\/WhatsApp-Image-2023-02-03-at-11.16.21.jpeg\",\"width\":1600,\"height\":900},{\"@type\":\"BreadcrumbList\",\"@id\":\"https:\\\/\\\/regiaonews.net.br\\\/2022\\\/2023\\\/02\\\/03\\\/8-municipios-aderem-ao-projeto-de-educacao-ambiental-acqua-titas\\\/#breadcrumb\",\"itemListElement\":[{\"@type\":\"ListItem\",\"position\":1,\"name\":\"In\u00edcio\",\"item\":\"https:\\\/\\\/regiaonews.net.br\\\/2022\\\/\"},{\"@type\":\"ListItem\",\"position\":2,\"name\":\"8 munic\u00edpios aderem ao projeto de educa\u00e7\u00e3o ambiental Acqua Tit\u00e3s\"}]},{\"@type\":\"WebSite\",\"@id\":\"https:\\\/\\\/regiaonews.net.br\\\/2022\\\/#website\",\"url\":\"https:\\\/\\\/regiaonews.net.br\\\/2022\\\/\",\"name\":\"Regi\u00e3o News\",\"description\":\"Site de Not\u00edcias de Barretos e regi\u00e3o\",\"publisher\":{\"@id\":\"https:\\\/\\\/regiaonews.net.br\\\/2022\\\/#organization\"},\"potentialAction\":[{\"@type\":\"SearchAction\",\"target\":{\"@type\":\"EntryPoint\",\"urlTemplate\":\"https:\\\/\\\/regiaonews.net.br\\\/2022\\\/?s={search_term_string}\"},\"query-input\":{\"@type\":\"PropertyValueSpecification\",\"valueRequired\":true,\"valueName\":\"search_term_string\"}}],\"inLanguage\":\"pt-BR\"},{\"@type\":\"Organization\",\"@id\":\"https:\\\/\\\/regiaonews.net.br\\\/2022\\\/#organization\",\"name\":\"Regi\u00e3o News\",\"url\":\"https:\\\/\\\/regiaonews.net.br\\\/2022\\\/\",\"logo\":{\"@type\":\"ImageObject\",\"inLanguage\":\"pt-BR\",\"@id\":\"https:\\\/\\\/regiaonews.net.br\\\/2022\\\/#\\\/schema\\\/logo\\\/image\\\/\",\"url\":\"https:\\\/\\\/regiaonews.net.br\\\/2022\\\/wp-content\\\/uploads\\\/2026\\\/03\\\/regiao-13-anos-scaled.jpg\",\"contentUrl\":\"https:\\\/\\\/regiaonews.net.br\\\/2022\\\/wp-content\\\/uploads\\\/2026\\\/03\\\/regiao-13-anos-scaled.jpg\",\"width\":2560,\"height\":635,\"caption\":\"Regi\u00e3o News\"},\"image\":{\"@id\":\"https:\\\/\\\/regiaonews.net.br\\\/2022\\\/#\\\/schema\\\/logo\\\/image\\\/\"}},{\"@type\":\"Person\",\"@id\":\"https:\\\/\\\/regiaonews.net.br\\\/2022\\\/#\\\/schema\\\/person\\\/2d205a608a5aa97ac279d7a5e6d89ad8\",\"name\":\"Roberto\",\"image\":{\"@type\":\"ImageObject\",\"inLanguage\":\"pt-BR\",\"@id\":\"https:\\\/\\\/secure.gravatar.com\\\/avatar\\\/42749d8b712ff9d59ca93dc150494e5b55a44134482993f5baeb97e61b7ecc89?s=96&d=mm&r=g\",\"url\":\"https:\\\/\\\/secure.gravatar.com\\\/avatar\\\/42749d8b712ff9d59ca93dc150494e5b55a44134482993f5baeb97e61b7ecc89?s=96&d=mm&r=g\",\"contentUrl\":\"https:\\\/\\\/secure.gravatar.com\\\/avatar\\\/42749d8b712ff9d59ca93dc150494e5b55a44134482993f5baeb97e61b7ecc89?s=96&d=mm&r=g\",\"caption\":\"Roberto\"},\"url\":\"https:\\\/\\\/regiaonews.net.br\\\/2022\\\/author\\\/roberto\\\/\"}]}<\/script>\n<!-- \/ Yoast SEO plugin. -->","yoast_head_json":{"title":"8 munic\u00edpios aderem ao projeto de educa\u00e7\u00e3o ambiental Acqua Tit\u00e3s - Regi\u00e3o News","robots":{"index":"index","follow":"follow","max-snippet":"max-snippet:-1","max-image-preview":"max-image-preview:large","max-video-preview":"max-video-preview:-1"},"canonical":"https:\/\/regiaonews.net.br\/2022\/2023\/02\/03\/8-municipios-aderem-ao-projeto-de-educacao-ambiental-acqua-titas\/","og_locale":"pt_BR","og_type":"article","og_title":"8 munic\u00edpios aderem ao projeto de educa\u00e7\u00e3o ambiental Acqua Tit\u00e3s - Regi\u00e3o News","og_description":"CBH-BPG quer a ades\u00e3o dos 13 munic\u00edpios que formam o","og_url":"https:\/\/regiaonews.net.br\/2022\/2023\/02\/03\/8-municipios-aderem-ao-projeto-de-educacao-ambiental-acqua-titas\/","og_site_name":"Regi\u00e3o News","article_published_time":"2023-02-03T14:30:25+00:00","og_image":[{"width":1600,"height":900,"url":"https:\/\/regiaonews.net.br\/2022\/wp-content\/uploads\/2023\/02\/WhatsApp-Image-2023-02-03-at-11.16.21.jpeg","type":"image\/jpeg"}],"author":"Roberto","twitter_card":"summary_large_image","twitter_misc":{"Escrito por":"Roberto","Est. tempo de leitura":"3 minutos"},"schema":{"@context":"https:\/\/schema.org","@graph":[{"@type":"Article","@id":"https:\/\/regiaonews.net.br\/2022\/2023\/02\/03\/8-municipios-aderem-ao-projeto-de-educacao-ambiental-acqua-titas\/#article","isPartOf":{"@id":"https:\/\/regiaonews.net.br\/2022\/2023\/02\/03\/8-municipios-aderem-ao-projeto-de-educacao-ambiental-acqua-titas\/"},"author":{"name":"Roberto","@id":"https:\/\/regiaonews.net.br\/2022\/#\/schema\/person\/2d205a608a5aa97ac279d7a5e6d89ad8"},"headline":"8 munic\u00edpios aderem ao projeto de educa\u00e7\u00e3o ambiental Acqua Tit\u00e3s","datePublished":"2023-02-03T14:30:25+00:00","mainEntityOfPage":{"@id":"https:\/\/regiaonews.net.br\/2022\/2023\/02\/03\/8-municipios-aderem-ao-projeto-de-educacao-ambiental-acqua-titas\/"},"wordCount":427,"commentCount":0,"publisher":{"@id":"https:\/\/regiaonews.net.br\/2022\/#organization"},"image":{"@id":"https:\/\/regiaonews.net.br\/2022\/2023\/02\/03\/8-municipios-aderem-ao-projeto-de-educacao-ambiental-acqua-titas\/#primaryimage"},"thumbnailUrl":"https:\/\/regiaonews.net.br\/2022\/wp-content\/uploads\/2023\/02\/WhatsApp-Image-2023-02-03-at-11.16.21.jpeg","articleSection":["Barretos","Geral"],"inLanguage":"pt-BR","potentialAction":[{"@type":"CommentAction","name":"Comment","target":["https:\/\/regiaonews.net.br\/2022\/2023\/02\/03\/8-municipios-aderem-ao-projeto-de-educacao-ambiental-acqua-titas\/#respond"]}]},{"@type":"WebPage","@id":"https:\/\/regiaonews.net.br\/2022\/2023\/02\/03\/8-municipios-aderem-ao-projeto-de-educacao-ambiental-acqua-titas\/","url":"https:\/\/regiaonews.net.br\/2022\/2023\/02\/03\/8-municipios-aderem-ao-projeto-de-educacao-ambiental-acqua-titas\/","name":"8 munic\u00edpios aderem ao projeto de educa\u00e7\u00e3o ambiental Acqua Tit\u00e3s - Regi\u00e3o News","isPartOf":{"@id":"https:\/\/regiaonews.net.br\/2022\/#website"},"primaryImageOfPage":{"@id":"https:\/\/regiaonews.net.br\/2022\/2023\/02\/03\/8-municipios-aderem-ao-projeto-de-educacao-ambiental-acqua-titas\/#primaryimage"},"image":{"@id":"https:\/\/regiaonews.net.br\/2022\/2023\/02\/03\/8-municipios-aderem-ao-projeto-de-educacao-ambiental-acqua-titas\/#primaryimage"},"thumbnailUrl":"https:\/\/regiaonews.net.br\/2022\/wp-content\/uploads\/2023\/02\/WhatsApp-Image-2023-02-03-at-11.16.21.jpeg","datePublished":"2023-02-03T14:30:25+00:00","breadcrumb":{"@id":"https:\/\/regiaonews.net.br\/2022\/2023\/02\/03\/8-municipios-aderem-ao-projeto-de-educacao-ambiental-acqua-titas\/#breadcrumb"},"inLanguage":"pt-BR","potentialAction":[{"@type":"ReadAction","target":["https:\/\/regiaonews.net.br\/2022\/2023\/02\/03\/8-municipios-aderem-ao-projeto-de-educacao-ambiental-acqua-titas\/"]}]},{"@type":"ImageObject","inLanguage":"pt-BR","@id":"https:\/\/regiaonews.net.br\/2022\/2023\/02\/03\/8-municipios-aderem-ao-projeto-de-educacao-ambiental-acqua-titas\/#primaryimage","url":"https:\/\/regiaonews.net.br\/2022\/wp-content\/uploads\/2023\/02\/WhatsApp-Image-2023-02-03-at-11.16.21.jpeg","contentUrl":"https:\/\/regiaonews.net.br\/2022\/wp-content\/uploads\/2023\/02\/WhatsApp-Image-2023-02-03-at-11.16.21.jpeg","width":1600,"height":900},{"@type":"BreadcrumbList","@id":"https:\/\/regiaonews.net.br\/2022\/2023\/02\/03\/8-municipios-aderem-ao-projeto-de-educacao-ambiental-acqua-titas\/#breadcrumb","itemListElement":[{"@type":"ListItem","position":1,"name":"In\u00edcio","item":"https:\/\/regiaonews.net.br\/2022\/"},{"@type":"ListItem","position":2,"name":"8 munic\u00edpios aderem ao projeto de educa\u00e7\u00e3o ambiental Acqua Tit\u00e3s"}]},{"@type":"WebSite","@id":"https:\/\/regiaonews.net.br\/2022\/#website","url":"https:\/\/regiaonews.net.br\/2022\/","name":"Regi\u00e3o News","description":"Site de Not\u00edcias de Barretos e regi\u00e3o","publisher":{"@id":"https:\/\/regiaonews.net.br\/2022\/#organization"},"potentialAction":[{"@type":"SearchAction","target":{"@type":"EntryPoint","urlTemplate":"https:\/\/regiaonews.net.br\/2022\/?s={search_term_string}"},"query-input":{"@type":"PropertyValueSpecification","valueRequired":true,"valueName":"search_term_string"}}],"inLanguage":"pt-BR"},{"@type":"Organization","@id":"https:\/\/regiaonews.net.br\/2022\/#organization","name":"Regi\u00e3o News","url":"https:\/\/regiaonews.net.br\/2022\/","logo":{"@type":"ImageObject","inLanguage":"pt-BR","@id":"https:\/\/regiaonews.net.br\/2022\/#\/schema\/logo\/image\/","url":"https:\/\/regiaonews.net.br\/2022\/wp-content\/uploads\/2026\/03\/regiao-13-anos-scaled.jpg","contentUrl":"https:\/\/regiaonews.net.br\/2022\/wp-content\/uploads\/2026\/03\/regiao-13-anos-scaled.jpg","width":2560,"height":635,"caption":"Regi\u00e3o News"},"image":{"@id":"https:\/\/regiaonews.net.br\/2022\/#\/schema\/logo\/image\/"}},{"@type":"Person","@id":"https:\/\/regiaonews.net.br\/2022\/#\/schema\/person\/2d205a608a5aa97ac279d7a5e6d89ad8","name":"Roberto","image":{"@type":"ImageObject","inLanguage":"pt-BR","@id":"https:\/\/secure.gravatar.com\/avatar\/42749d8b712ff9d59ca93dc150494e5b55a44134482993f5baeb97e61b7ecc89?s=96&d=mm&r=g","url":"https:\/\/secure.gravatar.com\/avatar\/42749d8b712ff9d59ca93dc150494e5b55a44134482993f5baeb97e61b7ecc89?s=96&d=mm&r=g","contentUrl":"https:\/\/secure.gravatar.com\/avatar\/42749d8b712ff9d59ca93dc150494e5b55a44134482993f5baeb97e61b7ecc89?s=96&d=mm&r=g","caption":"Roberto"},"url":"https:\/\/regiaonews.net.br\/2022\/author\/roberto\/"}]}},"publishpress_future_action":{"enabled":false,"date":"2026-05-09 10:06:14","action":"change-status","newStatus":"draft","terms":[],"taxonomy":"category","extraData":[]},"publishpress_future_workflow_manual_trigger":{"enabledWorkflows":[]},"_links":{"self":[{"href":"https:\/\/regiaonews.net.br\/2022\/wp-json\/wp\/v2\/posts\/83571","targetHints":{"allow":["GET"]}}],"collection":[{"href":"https:\/\/regiaonews.net.br\/2022\/wp-json\/wp\/v2\/posts"}],"about":[{"href":"https:\/\/regiaonews.net.br\/2022\/wp-json\/wp\/v2\/types\/post"}],"author":[{"embeddable":true,"href":"https:\/\/regiaonews.net.br\/2022\/wp-json\/wp\/v2\/users\/2"}],"replies":[{"embeddable":true,"href":"https:\/\/regiaonews.net.br\/2022\/wp-json\/wp\/v2\/comments?post=83571"}],"version-history":[{"count":1,"href":"https:\/\/regiaonews.net.br\/2022\/wp-json\/wp\/v2\/posts\/83571\/revisions"}],"predecessor-version":[{"id":83573,"href":"https:\/\/regiaonews.net.br\/2022\/wp-json\/wp\/v2\/posts\/83571\/revisions\/83573"}],"wp:featuredmedia":[{"embeddable":true,"href":"https:\/\/regiaonews.net.br\/2022\/wp-json\/wp\/v2\/media\/83572"}],"wp:attachment":[{"href":"https:\/\/regiaonews.net.br\/2022\/wp-json\/wp\/v2\/media?parent=83571"}],"wp:term":[{"taxonomy":"category","embeddable":true,"href":"https:\/\/regiaonews.net.br\/2022\/wp-json\/wp\/v2\/categories?post=83571"},{"taxonomy":"post_tag","embeddable":true,"href":"https:\/\/regiaonews.net.br\/2022\/wp-json\/wp\/v2\/tags?post=83571"}],"curies":[{"name":"wp","href":"https:\/\/api.w.org\/{rel}","templated":true}]}}