{"id":83460,"date":"2023-01-31T20:34:21","date_gmt":"2023-01-31T23:34:21","guid":{"rendered":"https:\/\/regiaonews.net.br\/2022\/?p=83460"},"modified":"2023-01-31T20:34:21","modified_gmt":"2023-01-31T23:34:21","slug":"lula-assina-decreto-que-cria-conselho-de-participacao-social","status":"publish","type":"post","link":"https:\/\/regiaonews.net.br\/2022\/2023\/01\/31\/lula-assina-decreto-que-cria-conselho-de-participacao-social\/","title":{"rendered":"Lula assina decreto que cria Conselho de Participa\u00e7\u00e3o Social"},"content":{"rendered":"<h3 class=\"col-10 offset-1 animated fadeInDown dealy-900 display-8 display-md-8 alt-font font-italic my-1 text-center\">Presidente defende igualdade de condi\u00e7\u00f5es na participa\u00e7\u00e3o popular<\/h3>\n<p>Para devolver a participa\u00e7\u00e3o popular no debate de pol\u00edticas p\u00fablicas, o presidente Lula assinou, nesta ter\u00e7a-feira, dois decretos: um que cria o Conselho de Participa\u00e7\u00e3o Social e outro que cria o Sistema de Participa\u00e7\u00e3o Social Interministerial.<img decoding=\"async\" src=\"https:\/\/agenciabrasil.ebc.com.br\/ebc.png?id=1507236&amp;o=node\" \/><img decoding=\"async\" src=\"https:\/\/agenciabrasil.ebc.com.br\/ebc.gif?id=1507236&amp;o=node\" \/><\/p>\n<p>Ao assinar os atos, o presidente recebeu centenas de pessoas, entre membros e representantes de movimentos sociais, no Pal\u00e1cio do Planalto, em Bras\u00edlia. Lula defendeu a igualdade de condi\u00e7\u00f5es na participa\u00e7\u00e3o popular em a\u00e7\u00f5es do governo.<\/p>\n<p>Ao lado do presidente Lula, estiveram representantes de 13 movimentos sociais, entre eles, o Movimento Negro Unificado, a Uni\u00e3o Nacional dos Estudantes, Marcha Mundial das Mulheres, Articula\u00e7\u00e3o dos Povos Ind\u00edgenas, Frente Brasil Popular, Movimento dos Trabalhadores Sem Teto, entre outros.<\/p>\n<p>A coordenadora nacional do Movimento Negro Unificado e integrante da Coordena\u00e7\u00e3o Executiva do Conselho de Participa\u00e7\u00e3o Social do Gabinete da Transi\u00e7\u00e3o de governo, Simone Nascimento, defendeu a revoga\u00e7\u00e3o do teto de gastos, para a inclus\u00e3o do povo, no or\u00e7amento da Uni\u00e3o. Defendeu, ainda, a participa\u00e7\u00e3o popular em nome da democracia e da defesa de direitos da classe trabalhadora.<\/p>\n<p>Segundo o ministro-chefe da Secretaria de Governo, M\u00e1rcio Macedo, o conselho vai reunir 68 representantes de movimentos e entidades. Os encontros devem ocorrer a cada tr\u00eas meses.<\/p>\n<p>Segundo o governo, a ideia dos decretos \u00e9 \u201cmanter a interlocu\u00e7\u00e3o permanente com os movimentos sociais e as organiza\u00e7\u00f5es da sociedade civil na constru\u00e7\u00e3o de pol\u00edticas p\u00fablicas\u201d, ap\u00f3s o que o governo chama de \u201canos de desmonte das estruturas de participa\u00e7\u00e3o popular\u201d.<\/p>\n<p>O Conselho de Participa\u00e7\u00e3o Social foi institu\u00eddo desde a transi\u00e7\u00e3o de governo e era um dos chamados grupos tem\u00e1ticos.<\/p>\n<p>J\u00e1 o decreto instituindo o Sistema de Participa\u00e7\u00e3o Social Interministerial cria uma assessoria de participa\u00e7\u00e3o social e diversidade em cada minist\u00e9rio, que vai ser coordenado pela Secretaria-Geral da Presid\u00eancia. O objetivo vai ser justamente coordenar o di\u00e1logo entre as pastas e as entidades sociais.<\/p>\n<p>Ag\u00eanciaBrasil<\/p>\n","protected":false},"excerpt":{"rendered":"<p>Presidente defende igualdade de condi\u00e7\u00f5es na participa\u00e7\u00e3o popular Para devolver<\/p>\n","protected":false},"author":2,"featured_media":83461,"comment_status":"open","ping_status":"open","sticky":false,"template":"","format":"standard","meta":{"footnotes":""},"categories":[24],"tags":[],"class_list":["post-83460","post","type-post","status-publish","format-standard","has-post-thumbnail","hentry","category-brasil"],"yoast_head":"<!-- This site is optimized with the Yoast SEO plugin v27.4 - https:\/\/yoast.com\/product\/yoast-seo-wordpress\/ -->\n<title>Lula assina decreto que cria Conselho de Participa\u00e7\u00e3o Social - Regi\u00e3o News<\/title>\n<meta name=\"robots\" content=\"index, follow, max-snippet:-1, max-image-preview:large, max-video-preview:-1\" \/>\n<link rel=\"canonical\" href=\"https:\/\/regiaonews.net.br\/2022\/2023\/01\/31\/lula-assina-decreto-que-cria-conselho-de-participacao-social\/\" \/>\n<meta property=\"og:locale\" content=\"pt_BR\" \/>\n<meta property=\"og:type\" content=\"article\" \/>\n<meta property=\"og:title\" content=\"Lula assina decreto que cria Conselho de Participa\u00e7\u00e3o Social - Regi\u00e3o News\" \/>\n<meta property=\"og:description\" content=\"Presidente defende igualdade de condi\u00e7\u00f5es na participa\u00e7\u00e3o popular Para devolver\" \/>\n<meta property=\"og:url\" content=\"https:\/\/regiaonews.net.br\/2022\/2023\/01\/31\/lula-assina-decreto-que-cria-conselho-de-participacao-social\/\" \/>\n<meta property=\"og:site_name\" content=\"Regi\u00e3o News\" \/>\n<meta property=\"article:published_time\" content=\"2023-01-31T23:34:21+00:00\" \/>\n<meta property=\"og:image\" content=\"https:\/\/regiaonews.net.br\/2022\/wp-content\/uploads\/2023\/01\/toninho20230131428.jpg\" \/>\n\t<meta property=\"og:image:width\" content=\"1170\" \/>\n\t<meta property=\"og:image:height\" content=\"700\" \/>\n\t<meta property=\"og:image:type\" content=\"image\/jpeg\" \/>\n<meta name=\"author\" content=\"Roberto\" \/>\n<meta name=\"twitter:card\" content=\"summary_large_image\" \/>\n<meta name=\"twitter:label1\" content=\"Escrito por\" \/>\n\t<meta name=\"twitter:data1\" content=\"Roberto\" \/>\n\t<meta name=\"twitter:label2\" content=\"Est. tempo de leitura\" \/>\n\t<meta name=\"twitter:data2\" content=\"3 minutos\" \/>\n<script type=\"application\/ld+json\" class=\"yoast-schema-graph\">{\"@context\":\"https:\\\/\\\/schema.org\",\"@graph\":[{\"@type\":\"Article\",\"@id\":\"https:\\\/\\\/regiaonews.net.br\\\/2022\\\/2023\\\/01\\\/31\\\/lula-assina-decreto-que-cria-conselho-de-participacao-social\\\/#article\",\"isPartOf\":{\"@id\":\"https:\\\/\\\/regiaonews.net.br\\\/2022\\\/2023\\\/01\\\/31\\\/lula-assina-decreto-que-cria-conselho-de-participacao-social\\\/\"},\"author\":{\"name\":\"Roberto\",\"@id\":\"https:\\\/\\\/regiaonews.net.br\\\/2022\\\/#\\\/schema\\\/person\\\/2d205a608a5aa97ac279d7a5e6d89ad8\"},\"headline\":\"Lula assina decreto que cria Conselho de Participa\u00e7\u00e3o Social\",\"datePublished\":\"2023-01-31T23:34:21+00:00\",\"mainEntityOfPage\":{\"@id\":\"https:\\\/\\\/regiaonews.net.br\\\/2022\\\/2023\\\/01\\\/31\\\/lula-assina-decreto-que-cria-conselho-de-participacao-social\\\/\"},\"wordCount\":361,\"commentCount\":0,\"publisher\":{\"@id\":\"https:\\\/\\\/regiaonews.net.br\\\/2022\\\/#organization\"},\"image\":{\"@id\":\"https:\\\/\\\/regiaonews.net.br\\\/2022\\\/2023\\\/01\\\/31\\\/lula-assina-decreto-que-cria-conselho-de-participacao-social\\\/#primaryimage\"},\"thumbnailUrl\":\"https:\\\/\\\/regiaonews.net.br\\\/2022\\\/wp-content\\\/uploads\\\/2023\\\/01\\\/toninho20230131428.jpg\",\"articleSection\":[\"Brasil\"],\"inLanguage\":\"pt-BR\",\"potentialAction\":[{\"@type\":\"CommentAction\",\"name\":\"Comment\",\"target\":[\"https:\\\/\\\/regiaonews.net.br\\\/2022\\\/2023\\\/01\\\/31\\\/lula-assina-decreto-que-cria-conselho-de-participacao-social\\\/#respond\"]}]},{\"@type\":\"WebPage\",\"@id\":\"https:\\\/\\\/regiaonews.net.br\\\/2022\\\/2023\\\/01\\\/31\\\/lula-assina-decreto-que-cria-conselho-de-participacao-social\\\/\",\"url\":\"https:\\\/\\\/regiaonews.net.br\\\/2022\\\/2023\\\/01\\\/31\\\/lula-assina-decreto-que-cria-conselho-de-participacao-social\\\/\",\"name\":\"Lula assina decreto que cria Conselho de Participa\u00e7\u00e3o Social - Regi\u00e3o News\",\"isPartOf\":{\"@id\":\"https:\\\/\\\/regiaonews.net.br\\\/2022\\\/#website\"},\"primaryImageOfPage\":{\"@id\":\"https:\\\/\\\/regiaonews.net.br\\\/2022\\\/2023\\\/01\\\/31\\\/lula-assina-decreto-que-cria-conselho-de-participacao-social\\\/#primaryimage\"},\"image\":{\"@id\":\"https:\\\/\\\/regiaonews.net.br\\\/2022\\\/2023\\\/01\\\/31\\\/lula-assina-decreto-que-cria-conselho-de-participacao-social\\\/#primaryimage\"},\"thumbnailUrl\":\"https:\\\/\\\/regiaonews.net.br\\\/2022\\\/wp-content\\\/uploads\\\/2023\\\/01\\\/toninho20230131428.jpg\",\"datePublished\":\"2023-01-31T23:34:21+00:00\",\"breadcrumb\":{\"@id\":\"https:\\\/\\\/regiaonews.net.br\\\/2022\\\/2023\\\/01\\\/31\\\/lula-assina-decreto-que-cria-conselho-de-participacao-social\\\/#breadcrumb\"},\"inLanguage\":\"pt-BR\",\"potentialAction\":[{\"@type\":\"ReadAction\",\"target\":[\"https:\\\/\\\/regiaonews.net.br\\\/2022\\\/2023\\\/01\\\/31\\\/lula-assina-decreto-que-cria-conselho-de-participacao-social\\\/\"]}]},{\"@type\":\"ImageObject\",\"inLanguage\":\"pt-BR\",\"@id\":\"https:\\\/\\\/regiaonews.net.br\\\/2022\\\/2023\\\/01\\\/31\\\/lula-assina-decreto-que-cria-conselho-de-participacao-social\\\/#primaryimage\",\"url\":\"https:\\\/\\\/regiaonews.net.br\\\/2022\\\/wp-content\\\/uploads\\\/2023\\\/01\\\/toninho20230131428.jpg\",\"contentUrl\":\"https:\\\/\\\/regiaonews.net.br\\\/2022\\\/wp-content\\\/uploads\\\/2023\\\/01\\\/toninho20230131428.jpg\",\"width\":1170,\"height\":700,\"caption\":\"Lula assina decretos que criam o Conselho de Participa\u00e7\u00e3o Social e o Sistema de Participa\u00e7\u00e3o Social Interministerial\"},{\"@type\":\"BreadcrumbList\",\"@id\":\"https:\\\/\\\/regiaonews.net.br\\\/2022\\\/2023\\\/01\\\/31\\\/lula-assina-decreto-que-cria-conselho-de-participacao-social\\\/#breadcrumb\",\"itemListElement\":[{\"@type\":\"ListItem\",\"position\":1,\"name\":\"In\u00edcio\",\"item\":\"https:\\\/\\\/regiaonews.net.br\\\/2022\\\/\"},{\"@type\":\"ListItem\",\"position\":2,\"name\":\"Lula assina decreto que cria Conselho de Participa\u00e7\u00e3o Social\"}]},{\"@type\":\"WebSite\",\"@id\":\"https:\\\/\\\/regiaonews.net.br\\\/2022\\\/#website\",\"url\":\"https:\\\/\\\/regiaonews.net.br\\\/2022\\\/\",\"name\":\"Regi\u00e3o News\",\"description\":\"Site de Not\u00edcias de Barretos e regi\u00e3o\",\"publisher\":{\"@id\":\"https:\\\/\\\/regiaonews.net.br\\\/2022\\\/#organization\"},\"potentialAction\":[{\"@type\":\"SearchAction\",\"target\":{\"@type\":\"EntryPoint\",\"urlTemplate\":\"https:\\\/\\\/regiaonews.net.br\\\/2022\\\/?s={search_term_string}\"},\"query-input\":{\"@type\":\"PropertyValueSpecification\",\"valueRequired\":true,\"valueName\":\"search_term_string\"}}],\"inLanguage\":\"pt-BR\"},{\"@type\":\"Organization\",\"@id\":\"https:\\\/\\\/regiaonews.net.br\\\/2022\\\/#organization\",\"name\":\"Regi\u00e3o News\",\"url\":\"https:\\\/\\\/regiaonews.net.br\\\/2022\\\/\",\"logo\":{\"@type\":\"ImageObject\",\"inLanguage\":\"pt-BR\",\"@id\":\"https:\\\/\\\/regiaonews.net.br\\\/2022\\\/#\\\/schema\\\/logo\\\/image\\\/\",\"url\":\"https:\\\/\\\/regiaonews.net.br\\\/2022\\\/wp-content\\\/uploads\\\/2026\\\/03\\\/regiao-13-anos-scaled.jpg\",\"contentUrl\":\"https:\\\/\\\/regiaonews.net.br\\\/2022\\\/wp-content\\\/uploads\\\/2026\\\/03\\\/regiao-13-anos-scaled.jpg\",\"width\":2560,\"height\":635,\"caption\":\"Regi\u00e3o News\"},\"image\":{\"@id\":\"https:\\\/\\\/regiaonews.net.br\\\/2022\\\/#\\\/schema\\\/logo\\\/image\\\/\"}},{\"@type\":\"Person\",\"@id\":\"https:\\\/\\\/regiaonews.net.br\\\/2022\\\/#\\\/schema\\\/person\\\/2d205a608a5aa97ac279d7a5e6d89ad8\",\"name\":\"Roberto\",\"image\":{\"@type\":\"ImageObject\",\"inLanguage\":\"pt-BR\",\"@id\":\"https:\\\/\\\/secure.gravatar.com\\\/avatar\\\/42749d8b712ff9d59ca93dc150494e5b55a44134482993f5baeb97e61b7ecc89?s=96&d=mm&r=g\",\"url\":\"https:\\\/\\\/secure.gravatar.com\\\/avatar\\\/42749d8b712ff9d59ca93dc150494e5b55a44134482993f5baeb97e61b7ecc89?s=96&d=mm&r=g\",\"contentUrl\":\"https:\\\/\\\/secure.gravatar.com\\\/avatar\\\/42749d8b712ff9d59ca93dc150494e5b55a44134482993f5baeb97e61b7ecc89?s=96&d=mm&r=g\",\"caption\":\"Roberto\"},\"url\":\"https:\\\/\\\/regiaonews.net.br\\\/2022\\\/author\\\/roberto\\\/\"}]}<\/script>\n<!-- \/ Yoast SEO plugin. -->","yoast_head_json":{"title":"Lula assina decreto que cria Conselho de Participa\u00e7\u00e3o Social - Regi\u00e3o News","robots":{"index":"index","follow":"follow","max-snippet":"max-snippet:-1","max-image-preview":"max-image-preview:large","max-video-preview":"max-video-preview:-1"},"canonical":"https:\/\/regiaonews.net.br\/2022\/2023\/01\/31\/lula-assina-decreto-que-cria-conselho-de-participacao-social\/","og_locale":"pt_BR","og_type":"article","og_title":"Lula assina decreto que cria Conselho de Participa\u00e7\u00e3o Social - Regi\u00e3o News","og_description":"Presidente defende igualdade de condi\u00e7\u00f5es na participa\u00e7\u00e3o popular Para devolver","og_url":"https:\/\/regiaonews.net.br\/2022\/2023\/01\/31\/lula-assina-decreto-que-cria-conselho-de-participacao-social\/","og_site_name":"Regi\u00e3o News","article_published_time":"2023-01-31T23:34:21+00:00","og_image":[{"width":1170,"height":700,"url":"https:\/\/regiaonews.net.br\/2022\/wp-content\/uploads\/2023\/01\/toninho20230131428.jpg","type":"image\/jpeg"}],"author":"Roberto","twitter_card":"summary_large_image","twitter_misc":{"Escrito por":"Roberto","Est. tempo de leitura":"3 minutos"},"schema":{"@context":"https:\/\/schema.org","@graph":[{"@type":"Article","@id":"https:\/\/regiaonews.net.br\/2022\/2023\/01\/31\/lula-assina-decreto-que-cria-conselho-de-participacao-social\/#article","isPartOf":{"@id":"https:\/\/regiaonews.net.br\/2022\/2023\/01\/31\/lula-assina-decreto-que-cria-conselho-de-participacao-social\/"},"author":{"name":"Roberto","@id":"https:\/\/regiaonews.net.br\/2022\/#\/schema\/person\/2d205a608a5aa97ac279d7a5e6d89ad8"},"headline":"Lula assina decreto que cria Conselho de Participa\u00e7\u00e3o Social","datePublished":"2023-01-31T23:34:21+00:00","mainEntityOfPage":{"@id":"https:\/\/regiaonews.net.br\/2022\/2023\/01\/31\/lula-assina-decreto-que-cria-conselho-de-participacao-social\/"},"wordCount":361,"commentCount":0,"publisher":{"@id":"https:\/\/regiaonews.net.br\/2022\/#organization"},"image":{"@id":"https:\/\/regiaonews.net.br\/2022\/2023\/01\/31\/lula-assina-decreto-que-cria-conselho-de-participacao-social\/#primaryimage"},"thumbnailUrl":"https:\/\/regiaonews.net.br\/2022\/wp-content\/uploads\/2023\/01\/toninho20230131428.jpg","articleSection":["Brasil"],"inLanguage":"pt-BR","potentialAction":[{"@type":"CommentAction","name":"Comment","target":["https:\/\/regiaonews.net.br\/2022\/2023\/01\/31\/lula-assina-decreto-que-cria-conselho-de-participacao-social\/#respond"]}]},{"@type":"WebPage","@id":"https:\/\/regiaonews.net.br\/2022\/2023\/01\/31\/lula-assina-decreto-que-cria-conselho-de-participacao-social\/","url":"https:\/\/regiaonews.net.br\/2022\/2023\/01\/31\/lula-assina-decreto-que-cria-conselho-de-participacao-social\/","name":"Lula assina decreto que cria Conselho de Participa\u00e7\u00e3o Social - Regi\u00e3o News","isPartOf":{"@id":"https:\/\/regiaonews.net.br\/2022\/#website"},"primaryImageOfPage":{"@id":"https:\/\/regiaonews.net.br\/2022\/2023\/01\/31\/lula-assina-decreto-que-cria-conselho-de-participacao-social\/#primaryimage"},"image":{"@id":"https:\/\/regiaonews.net.br\/2022\/2023\/01\/31\/lula-assina-decreto-que-cria-conselho-de-participacao-social\/#primaryimage"},"thumbnailUrl":"https:\/\/regiaonews.net.br\/2022\/wp-content\/uploads\/2023\/01\/toninho20230131428.jpg","datePublished":"2023-01-31T23:34:21+00:00","breadcrumb":{"@id":"https:\/\/regiaonews.net.br\/2022\/2023\/01\/31\/lula-assina-decreto-que-cria-conselho-de-participacao-social\/#breadcrumb"},"inLanguage":"pt-BR","potentialAction":[{"@type":"ReadAction","target":["https:\/\/regiaonews.net.br\/2022\/2023\/01\/31\/lula-assina-decreto-que-cria-conselho-de-participacao-social\/"]}]},{"@type":"ImageObject","inLanguage":"pt-BR","@id":"https:\/\/regiaonews.net.br\/2022\/2023\/01\/31\/lula-assina-decreto-que-cria-conselho-de-participacao-social\/#primaryimage","url":"https:\/\/regiaonews.net.br\/2022\/wp-content\/uploads\/2023\/01\/toninho20230131428.jpg","contentUrl":"https:\/\/regiaonews.net.br\/2022\/wp-content\/uploads\/2023\/01\/toninho20230131428.jpg","width":1170,"height":700,"caption":"Lula assina decretos que criam o Conselho de Participa\u00e7\u00e3o Social e o Sistema de Participa\u00e7\u00e3o Social Interministerial"},{"@type":"BreadcrumbList","@id":"https:\/\/regiaonews.net.br\/2022\/2023\/01\/31\/lula-assina-decreto-que-cria-conselho-de-participacao-social\/#breadcrumb","itemListElement":[{"@type":"ListItem","position":1,"name":"In\u00edcio","item":"https:\/\/regiaonews.net.br\/2022\/"},{"@type":"ListItem","position":2,"name":"Lula assina decreto que cria Conselho de Participa\u00e7\u00e3o Social"}]},{"@type":"WebSite","@id":"https:\/\/regiaonews.net.br\/2022\/#website","url":"https:\/\/regiaonews.net.br\/2022\/","name":"Regi\u00e3o News","description":"Site de Not\u00edcias de Barretos e regi\u00e3o","publisher":{"@id":"https:\/\/regiaonews.net.br\/2022\/#organization"},"potentialAction":[{"@type":"SearchAction","target":{"@type":"EntryPoint","urlTemplate":"https:\/\/regiaonews.net.br\/2022\/?s={search_term_string}"},"query-input":{"@type":"PropertyValueSpecification","valueRequired":true,"valueName":"search_term_string"}}],"inLanguage":"pt-BR"},{"@type":"Organization","@id":"https:\/\/regiaonews.net.br\/2022\/#organization","name":"Regi\u00e3o News","url":"https:\/\/regiaonews.net.br\/2022\/","logo":{"@type":"ImageObject","inLanguage":"pt-BR","@id":"https:\/\/regiaonews.net.br\/2022\/#\/schema\/logo\/image\/","url":"https:\/\/regiaonews.net.br\/2022\/wp-content\/uploads\/2026\/03\/regiao-13-anos-scaled.jpg","contentUrl":"https:\/\/regiaonews.net.br\/2022\/wp-content\/uploads\/2026\/03\/regiao-13-anos-scaled.jpg","width":2560,"height":635,"caption":"Regi\u00e3o News"},"image":{"@id":"https:\/\/regiaonews.net.br\/2022\/#\/schema\/logo\/image\/"}},{"@type":"Person","@id":"https:\/\/regiaonews.net.br\/2022\/#\/schema\/person\/2d205a608a5aa97ac279d7a5e6d89ad8","name":"Roberto","image":{"@type":"ImageObject","inLanguage":"pt-BR","@id":"https:\/\/secure.gravatar.com\/avatar\/42749d8b712ff9d59ca93dc150494e5b55a44134482993f5baeb97e61b7ecc89?s=96&d=mm&r=g","url":"https:\/\/secure.gravatar.com\/avatar\/42749d8b712ff9d59ca93dc150494e5b55a44134482993f5baeb97e61b7ecc89?s=96&d=mm&r=g","contentUrl":"https:\/\/secure.gravatar.com\/avatar\/42749d8b712ff9d59ca93dc150494e5b55a44134482993f5baeb97e61b7ecc89?s=96&d=mm&r=g","caption":"Roberto"},"url":"https:\/\/regiaonews.net.br\/2022\/author\/roberto\/"}]}},"publishpress_future_action":{"enabled":false,"date":"2026-05-02 02:51:19","action":"change-status","newStatus":"draft","terms":[],"taxonomy":"category","extraData":[]},"publishpress_future_workflow_manual_trigger":{"enabledWorkflows":[]},"_links":{"self":[{"href":"https:\/\/regiaonews.net.br\/2022\/wp-json\/wp\/v2\/posts\/83460","targetHints":{"allow":["GET"]}}],"collection":[{"href":"https:\/\/regiaonews.net.br\/2022\/wp-json\/wp\/v2\/posts"}],"about":[{"href":"https:\/\/regiaonews.net.br\/2022\/wp-json\/wp\/v2\/types\/post"}],"author":[{"embeddable":true,"href":"https:\/\/regiaonews.net.br\/2022\/wp-json\/wp\/v2\/users\/2"}],"replies":[{"embeddable":true,"href":"https:\/\/regiaonews.net.br\/2022\/wp-json\/wp\/v2\/comments?post=83460"}],"version-history":[{"count":1,"href":"https:\/\/regiaonews.net.br\/2022\/wp-json\/wp\/v2\/posts\/83460\/revisions"}],"predecessor-version":[{"id":83462,"href":"https:\/\/regiaonews.net.br\/2022\/wp-json\/wp\/v2\/posts\/83460\/revisions\/83462"}],"wp:featuredmedia":[{"embeddable":true,"href":"https:\/\/regiaonews.net.br\/2022\/wp-json\/wp\/v2\/media\/83461"}],"wp:attachment":[{"href":"https:\/\/regiaonews.net.br\/2022\/wp-json\/wp\/v2\/media?parent=83460"}],"wp:term":[{"taxonomy":"category","embeddable":true,"href":"https:\/\/regiaonews.net.br\/2022\/wp-json\/wp\/v2\/categories?post=83460"},{"taxonomy":"post_tag","embeddable":true,"href":"https:\/\/regiaonews.net.br\/2022\/wp-json\/wp\/v2\/tags?post=83460"}],"curies":[{"name":"wp","href":"https:\/\/api.w.org\/{rel}","templated":true}]}}