{"id":83450,"date":"2023-01-31T20:01:47","date_gmt":"2023-01-31T23:01:47","guid":{"rendered":"https:\/\/regiaonews.net.br\/2022\/?p=83450"},"modified":"2023-01-31T20:01:47","modified_gmt":"2023-01-31T23:01:47","slug":"barretos-alcanca-350-mil-doses-de-vacina-aplicadas-contra-a-covid-19-mas-mais-de-50-mil-barretenses-estao-em-atraso-com-as-doses-de-reforco","status":"publish","type":"post","link":"https:\/\/regiaonews.net.br\/2022\/2023\/01\/31\/barretos-alcanca-350-mil-doses-de-vacina-aplicadas-contra-a-covid-19-mas-mais-de-50-mil-barretenses-estao-em-atraso-com-as-doses-de-reforco\/","title":{"rendered":"Barretos alcan\u00e7a 350 mil doses de vacina aplicadas contra a Covid-19, mas mais de 50 mil barretenses est\u00e3o em atraso com as doses de refor\u00e7o"},"content":{"rendered":"<div><\/div>\n<div><i>Secretaria Municipal de Sa\u00fade faz alerta e enfatiza a import\u00e2ncia da terceira e quarta doses para evitar a forma grave da doen\u00e7a<\/i><\/div>\n<div><a href=\"https:\/\/regiaonews.net.br\/2022\/wp-content\/uploads\/2023\/01\/2723d092b63885e0d7c260cc007e8b9d-1.jpeg\"><img loading=\"lazy\" decoding=\"async\" class=\"alignnone size-medium wp-image-83451\" src=\"https:\/\/regiaonews.net.br\/2022\/wp-content\/uploads\/2023\/01\/2723d092b63885e0d7c260cc007e8b9d-1-300x296.jpeg\" alt=\"\" width=\"300\" height=\"296\" srcset=\"https:\/\/regiaonews.net.br\/2022\/wp-content\/uploads\/2023\/01\/2723d092b63885e0d7c260cc007e8b9d-1-300x296.jpeg 300w, https:\/\/regiaonews.net.br\/2022\/wp-content\/uploads\/2023\/01\/2723d092b63885e0d7c260cc007e8b9d-1-1024x1012.jpeg 1024w, https:\/\/regiaonews.net.br\/2022\/wp-content\/uploads\/2023\/01\/2723d092b63885e0d7c260cc007e8b9d-1-768x759.jpeg 768w, https:\/\/regiaonews.net.br\/2022\/wp-content\/uploads\/2023\/01\/2723d092b63885e0d7c260cc007e8b9d-1-250x247.jpeg 250w, https:\/\/regiaonews.net.br\/2022\/wp-content\/uploads\/2023\/01\/2723d092b63885e0d7c260cc007e8b9d-1.jpeg 1183w\" sizes=\"auto, (max-width: 300px) 100vw, 300px\" \/><\/a><\/div>\n<div><\/div>\n<div>A Prefeitura da Est\u00e2ncia Tur\u00edstica de Barretos, por meio da Secretaria Municipal de Sa\u00fade, ultrapassou no in\u00edcio desta semana a marca de 350 mil doses aplicadas contra a Covid-19 desde o in\u00edcio da vacina\u00e7\u00e3o, conforme atualiza\u00e7\u00e3o do vacin\u00f4metro estadual ao t\u00e9rmino dos trabalhos da segunda-feira, 30 de janeiro. Entretanto, a ades\u00e3o ao refor\u00e7o est\u00e1 baixa em rela\u00e7\u00e3o ao n\u00famero de pessoas que tomaram a segunda dose: Mais de 50 mil barretenses ainda precisam voltar a uma Unidade de Sa\u00fade da Fam\u00edlia (USF) ou Unidade B\u00e1sica de Sa\u00fade (UBS) para tomar doses de refor\u00e7o.<\/div>\n<div>S\u00e3o mais de 20 mil cidad\u00e3os que poderiam ter come\u00e7ado a receber doses de refor\u00e7o quando fez quatro meses que tomaram a segunda dose (ou da dose \u00fanica da Janssen), mas ainda n\u00e3o procuraram uma UBS ou USF para tomar a terceira dose e outros mais de 30 mil com mais de 18 anos que receberam a terceira dose, mas at\u00e9 o momento n\u00e3o foram a uma unidade tomar a quarta.<\/div>\n<div>O secret\u00e1rio municipal de Sa\u00fade, Mussa Calil Neto, enfatiza que \u00e9 necess\u00e1rio manter o calend\u00e1rio vacinal atualizado. \u201cMesmo para quem ainda n\u00e3o tomou nenhuma dose ou que tomou s\u00f3 uma ainda d\u00e1 tempo de procurar uma unidade para completar o esquema vacinal inicial. Agora, para quem l\u00e1 atr\u00e1s j\u00e1 fez certo e depois parou no meio do caminho, a gente lembra que manter a prote\u00e7\u00e3o atualizada \u00e9 muito importante para evitar a forma grave da Covid-19. Ent\u00e3o, se j\u00e1 deu o tempo para voc\u00ea, v\u00e1 a uma unidade para receber a dose de refor\u00e7o\u201d, ressaltou.<\/div>\n<div><\/div>\n<div><b>Tr\u00eas anos de Covid-19<\/b><\/div>\n<div>Nesta segunda-feira, 30, o diretor-geral da Organiza\u00e7\u00e3o Mundial de Sa\u00fade (OMS), Tedros Ghebreyesus, afirmou que a Organiza\u00e7\u00e3o mant\u00e9m o estado de emerg\u00eancia global para Covid-19, declarado tr\u00eas anos atr\u00e1s. A OMS considera que a doen\u00e7a est\u00e1 em \u201cfase de transi\u00e7\u00e3o\u201d, com menos impacto diante da vacina\u00e7\u00e3o, mas mant\u00e9m o alerta em um momento em que a Covid-19 continua provocando mortes no mundo.<\/div>\n<div><\/div>\n<div><\/div>\n<div><b>Onde se vacinar<\/b><\/div>\n<div>As doses de refor\u00e7o est\u00e3o dispon\u00edveis em todas as UBSs e USFs das 8 \u00e0s 16h. Determinadas vacinas s\u00e3o aplicadas de forma escalonada por dias da semana.<\/div>\n<div>Para aplica\u00e7\u00e3o das doses de refor\u00e7o, a Pfizer est\u00e1 dispon\u00edvel em todas as UBSs e USFs de segunda, dia 30 de janeiro, a sexta-feira, dia 3 de fevereiro, das 8 \u00e0s 16h. Tamb\u00e9m para a segunda dose das pessoas a partir de 12 anos que tenham recebido Pfizer na primeira.<\/div>\n<div>Pfizer e Coronavac poder\u00e3o ser usadas para aplica\u00e7\u00e3o das doses de refor\u00e7o, conforme estoque de cada UBS ou USF. Devem procurar uma unidade para receber doses de refor\u00e7o:<\/div>\n<div>&#8211; (terceira dose) todos a partir de 12 anos que tenham recebido a segunda dose h\u00e1 4 meses ou mais;<\/div>\n<div>&#8211; (quarta dose) todos a partir de 18 anos que tenham recebido a terceira dose h\u00e1 4 meses ou mais;<\/div>\n<div>&#8211; (quarta dose) pessoas imunossuprimidas a partir de 12 anos, conforme especifica\u00e7\u00e3o do Minist\u00e9rio da Sa\u00fade e comprova\u00e7\u00e3o m\u00e9dica;<\/div>\n<div>&#8211; (quinta dose) pessoas imunossuprimidas a partir de 18 anos, conforme especifica\u00e7\u00e3o do Minist\u00e9rio da Sa\u00fade e comprova\u00e7\u00e3o m\u00e9dica.<\/div>\n<div><\/div>\n<div><\/div>\n<div><b>Otimiza\u00e7\u00e3o de doses<\/b><\/div>\n<div>Com o objetivo de evitar desperd\u00edcio, levando em conta que depois que um frasco \u00e9 aberto as doses que sobram precisam ser utilizadas no mesmo dia ou em at\u00e9 48 horas no caso da AstraZeneca, a Secretaria Municipal de Sa\u00fade mant\u00e9m as seguintes estrat\u00e9gias de escalonamento:<\/div>\n<div><\/div>\n<div><\/div>\n<div><b>AstraZeneca<\/b><\/div>\n<div>As pessoas que receberam na primeira dose a vacina AstraZeneca h\u00e1 56 dias ou mais e ainda n\u00e3o tomaram a segunda dose: no momento de receb\u00ea-la, devem se dirigir \u00e0 UBS Am\u00e9rica, UBS Barretos II, USF Pimenta, USF S\u00e3o Francisco ou USF CSU. Essa vacina \u00e9 aplicada nas unidades desses bairros, de segunda a sexta-feira, das 8 \u00e0s 16h.<\/div>\n<div><\/div>\n<div><\/div>\n<div><b>Coronavac<\/b><\/div>\n<div>Todas as crian\u00e7as de 3 a 11 anos podem receber a primeira dose da Coronavac. Todas as crian\u00e7as a partir de 3 anos que tomaram a primeira dose da Coronavac h\u00e1 28 dias ou mais e ainda n\u00e3o receberam a segunda devem tom\u00e1-la. Todas as pessoas que j\u00e1 estejam em momento de receber dose adicional podem tomar a Coronavac, aplicada das 8 \u00e0s 16h, conforme a seguinte escala de bairros por dia da semama:<\/div>\n<div>&#8211; Segundas-feiras: USF Spina \/ UBS Mar\u00edlia;<\/div>\n<div>&#8211; Ter\u00e7as-feiras: UBS Barretos 2 \/ USF CSU \/ USF Derby Club<\/div>\n<div>&#8211; Quartas-feiras: UBS Pimenta \/ USF Nova Barretos<\/div>\n<div>&#8211; Quintas-feiras: USF Christiano Carvalho \/ USF Los Angeles \/ USF Ibirapuera<\/div>\n<div>&#8211; Sextas-feiras: UBS Am\u00e9rica \/ USF S\u00e3o Francisco \/ USF Cecapinha<\/div>\n<div>&#8211; Tamb\u00e9m est\u00e1 dispon\u00edvel no ARE I (Post\u00e3o) \u00e0s quartas-feiras das 8 \u00e0s 12h.<\/div>\n<div><\/div>\n<div><\/div>\n<div><b>Pfizer pedi\u00e1trica<\/b><\/div>\n<div>\u00a0Pais ou respons\u00e1veis por crian\u00e7as de 5 a 11 anos que receberam a primeira dose da vacina Pfizer pedi\u00e1trica h\u00e1 56 dias ou mais devem entrar em contato com a UBS ou USF mais pr\u00f3xima de sua resid\u00eancia e deixar o nome da crian\u00e7a na lista de pr\u00f3ximos vacinados.<\/div>\n<div><\/div>\n<div><\/div>\n<div><b>Pfizer baby<\/b><\/div>\n<div>A aplica\u00e7\u00e3o da segunda dose da vacina Pfizer baby para as crian\u00e7as de 6 meses a 2 anos de idade que tenham comorbidades (conforme lista de doen\u00e7as definida pelo Minist\u00e9rio da Sa\u00fade), defici\u00eancia permanente ou imunossuprimidas \u00e9 feita no ARE I (Post\u00e3o) \u00e0s quartas-feiras, das 8 \u00e0s 12h. J\u00e1 podem receber a segunda as crian\u00e7as que completaram quatro semanas da primeira. O esquema vacinal da Pfizer baby requer, posteriormente, a terceira dose.<\/div>\n","protected":false},"excerpt":{"rendered":"<p>Secretaria Municipal de Sa\u00fade faz alerta e enfatiza a import\u00e2ncia<\/p>\n","protected":false},"author":2,"featured_media":83452,"comment_status":"open","ping_status":"open","sticky":false,"template":"","format":"standard","meta":{"footnotes":""},"categories":[14,25],"tags":[],"class_list":["post-83450","post","type-post","status-publish","format-standard","has-post-thumbnail","hentry","category-barretos","category-cidades"],"yoast_head":"<!-- This site is optimized with the Yoast SEO plugin v27.4 - https:\/\/yoast.com\/product\/yoast-seo-wordpress\/ -->\n<title>Barretos alcan\u00e7a 350 mil doses de vacina aplicadas contra a Covid-19, mas mais de 50 mil barretenses est\u00e3o em atraso com as doses de refor\u00e7o - Regi\u00e3o News<\/title>\n<meta name=\"robots\" content=\"index, follow, max-snippet:-1, max-image-preview:large, max-video-preview:-1\" \/>\n<link rel=\"canonical\" href=\"https:\/\/regiaonews.net.br\/2022\/2023\/01\/31\/barretos-alcanca-350-mil-doses-de-vacina-aplicadas-contra-a-covid-19-mas-mais-de-50-mil-barretenses-estao-em-atraso-com-as-doses-de-reforco\/\" \/>\n<meta property=\"og:locale\" content=\"pt_BR\" \/>\n<meta property=\"og:type\" content=\"article\" \/>\n<meta property=\"og:title\" content=\"Barretos alcan\u00e7a 350 mil doses de vacina aplicadas contra a Covid-19, mas mais de 50 mil barretenses est\u00e3o em atraso com as doses de refor\u00e7o - Regi\u00e3o News\" \/>\n<meta property=\"og:description\" content=\"Secretaria Municipal de Sa\u00fade faz alerta e enfatiza a import\u00e2ncia\" \/>\n<meta property=\"og:url\" content=\"https:\/\/regiaonews.net.br\/2022\/2023\/01\/31\/barretos-alcanca-350-mil-doses-de-vacina-aplicadas-contra-a-covid-19-mas-mais-de-50-mil-barretenses-estao-em-atraso-com-as-doses-de-reforco\/\" \/>\n<meta property=\"og:site_name\" content=\"Regi\u00e3o News\" \/>\n<meta property=\"article:published_time\" content=\"2023-01-31T23:01:47+00:00\" \/>\n<meta property=\"og:image\" content=\"https:\/\/regiaonews.net.br\/2022\/wp-content\/uploads\/2023\/01\/eecca5b6365d9607ee5a9d336962c534.png\" \/>\n\t<meta property=\"og:image:width\" content=\"3376\" \/>\n\t<meta property=\"og:image:height\" content=\"3376\" \/>\n\t<meta property=\"og:image:type\" content=\"image\/png\" \/>\n<meta name=\"author\" content=\"Roberto\" \/>\n<meta name=\"twitter:card\" content=\"summary_large_image\" \/>\n<meta name=\"twitter:label1\" content=\"Escrito por\" \/>\n\t<meta name=\"twitter:data1\" content=\"Roberto\" \/>\n\t<meta name=\"twitter:label2\" content=\"Est. tempo de leitura\" \/>\n\t<meta name=\"twitter:data2\" content=\"6 minutos\" \/>\n<script type=\"application\/ld+json\" class=\"yoast-schema-graph\">{\"@context\":\"https:\\\/\\\/schema.org\",\"@graph\":[{\"@type\":\"Article\",\"@id\":\"https:\\\/\\\/regiaonews.net.br\\\/2022\\\/2023\\\/01\\\/31\\\/barretos-alcanca-350-mil-doses-de-vacina-aplicadas-contra-a-covid-19-mas-mais-de-50-mil-barretenses-estao-em-atraso-com-as-doses-de-reforco\\\/#article\",\"isPartOf\":{\"@id\":\"https:\\\/\\\/regiaonews.net.br\\\/2022\\\/2023\\\/01\\\/31\\\/barretos-alcanca-350-mil-doses-de-vacina-aplicadas-contra-a-covid-19-mas-mais-de-50-mil-barretenses-estao-em-atraso-com-as-doses-de-reforco\\\/\"},\"author\":{\"name\":\"Roberto\",\"@id\":\"https:\\\/\\\/regiaonews.net.br\\\/2022\\\/#\\\/schema\\\/person\\\/2d205a608a5aa97ac279d7a5e6d89ad8\"},\"headline\":\"Barretos alcan\u00e7a 350 mil doses de vacina aplicadas contra a Covid-19, mas mais de 50 mil barretenses est\u00e3o em atraso com as doses de refor\u00e7o\",\"datePublished\":\"2023-01-31T23:01:47+00:00\",\"mainEntityOfPage\":{\"@id\":\"https:\\\/\\\/regiaonews.net.br\\\/2022\\\/2023\\\/01\\\/31\\\/barretos-alcanca-350-mil-doses-de-vacina-aplicadas-contra-a-covid-19-mas-mais-de-50-mil-barretenses-estao-em-atraso-com-as-doses-de-reforco\\\/\"},\"wordCount\":990,\"commentCount\":0,\"publisher\":{\"@id\":\"https:\\\/\\\/regiaonews.net.br\\\/2022\\\/#organization\"},\"image\":{\"@id\":\"https:\\\/\\\/regiaonews.net.br\\\/2022\\\/2023\\\/01\\\/31\\\/barretos-alcanca-350-mil-doses-de-vacina-aplicadas-contra-a-covid-19-mas-mais-de-50-mil-barretenses-estao-em-atraso-com-as-doses-de-reforco\\\/#primaryimage\"},\"thumbnailUrl\":\"https:\\\/\\\/regiaonews.net.br\\\/2022\\\/wp-content\\\/uploads\\\/2023\\\/01\\\/eecca5b6365d9607ee5a9d336962c534.png\",\"articleSection\":[\"Barretos\",\"Cidades\"],\"inLanguage\":\"pt-BR\",\"potentialAction\":[{\"@type\":\"CommentAction\",\"name\":\"Comment\",\"target\":[\"https:\\\/\\\/regiaonews.net.br\\\/2022\\\/2023\\\/01\\\/31\\\/barretos-alcanca-350-mil-doses-de-vacina-aplicadas-contra-a-covid-19-mas-mais-de-50-mil-barretenses-estao-em-atraso-com-as-doses-de-reforco\\\/#respond\"]}]},{\"@type\":\"WebPage\",\"@id\":\"https:\\\/\\\/regiaonews.net.br\\\/2022\\\/2023\\\/01\\\/31\\\/barretos-alcanca-350-mil-doses-de-vacina-aplicadas-contra-a-covid-19-mas-mais-de-50-mil-barretenses-estao-em-atraso-com-as-doses-de-reforco\\\/\",\"url\":\"https:\\\/\\\/regiaonews.net.br\\\/2022\\\/2023\\\/01\\\/31\\\/barretos-alcanca-350-mil-doses-de-vacina-aplicadas-contra-a-covid-19-mas-mais-de-50-mil-barretenses-estao-em-atraso-com-as-doses-de-reforco\\\/\",\"name\":\"Barretos alcan\u00e7a 350 mil doses de vacina aplicadas contra a Covid-19, mas mais de 50 mil barretenses est\u00e3o em atraso com as doses de refor\u00e7o - Regi\u00e3o News\",\"isPartOf\":{\"@id\":\"https:\\\/\\\/regiaonews.net.br\\\/2022\\\/#website\"},\"primaryImageOfPage\":{\"@id\":\"https:\\\/\\\/regiaonews.net.br\\\/2022\\\/2023\\\/01\\\/31\\\/barretos-alcanca-350-mil-doses-de-vacina-aplicadas-contra-a-covid-19-mas-mais-de-50-mil-barretenses-estao-em-atraso-com-as-doses-de-reforco\\\/#primaryimage\"},\"image\":{\"@id\":\"https:\\\/\\\/regiaonews.net.br\\\/2022\\\/2023\\\/01\\\/31\\\/barretos-alcanca-350-mil-doses-de-vacina-aplicadas-contra-a-covid-19-mas-mais-de-50-mil-barretenses-estao-em-atraso-com-as-doses-de-reforco\\\/#primaryimage\"},\"thumbnailUrl\":\"https:\\\/\\\/regiaonews.net.br\\\/2022\\\/wp-content\\\/uploads\\\/2023\\\/01\\\/eecca5b6365d9607ee5a9d336962c534.png\",\"datePublished\":\"2023-01-31T23:01:47+00:00\",\"breadcrumb\":{\"@id\":\"https:\\\/\\\/regiaonews.net.br\\\/2022\\\/2023\\\/01\\\/31\\\/barretos-alcanca-350-mil-doses-de-vacina-aplicadas-contra-a-covid-19-mas-mais-de-50-mil-barretenses-estao-em-atraso-com-as-doses-de-reforco\\\/#breadcrumb\"},\"inLanguage\":\"pt-BR\",\"potentialAction\":[{\"@type\":\"ReadAction\",\"target\":[\"https:\\\/\\\/regiaonews.net.br\\\/2022\\\/2023\\\/01\\\/31\\\/barretos-alcanca-350-mil-doses-de-vacina-aplicadas-contra-a-covid-19-mas-mais-de-50-mil-barretenses-estao-em-atraso-com-as-doses-de-reforco\\\/\"]}]},{\"@type\":\"ImageObject\",\"inLanguage\":\"pt-BR\",\"@id\":\"https:\\\/\\\/regiaonews.net.br\\\/2022\\\/2023\\\/01\\\/31\\\/barretos-alcanca-350-mil-doses-de-vacina-aplicadas-contra-a-covid-19-mas-mais-de-50-mil-barretenses-estao-em-atraso-com-as-doses-de-reforco\\\/#primaryimage\",\"url\":\"https:\\\/\\\/regiaonews.net.br\\\/2022\\\/wp-content\\\/uploads\\\/2023\\\/01\\\/eecca5b6365d9607ee5a9d336962c534.png\",\"contentUrl\":\"https:\\\/\\\/regiaonews.net.br\\\/2022\\\/wp-content\\\/uploads\\\/2023\\\/01\\\/eecca5b6365d9607ee5a9d336962c534.png\",\"width\":3376,\"height\":3376},{\"@type\":\"BreadcrumbList\",\"@id\":\"https:\\\/\\\/regiaonews.net.br\\\/2022\\\/2023\\\/01\\\/31\\\/barretos-alcanca-350-mil-doses-de-vacina-aplicadas-contra-a-covid-19-mas-mais-de-50-mil-barretenses-estao-em-atraso-com-as-doses-de-reforco\\\/#breadcrumb\",\"itemListElement\":[{\"@type\":\"ListItem\",\"position\":1,\"name\":\"In\u00edcio\",\"item\":\"https:\\\/\\\/regiaonews.net.br\\\/2022\\\/\"},{\"@type\":\"ListItem\",\"position\":2,\"name\":\"Barretos alcan\u00e7a 350 mil doses de vacina aplicadas contra a Covid-19, mas mais de 50 mil barretenses est\u00e3o em atraso com as doses de refor\u00e7o\"}]},{\"@type\":\"WebSite\",\"@id\":\"https:\\\/\\\/regiaonews.net.br\\\/2022\\\/#website\",\"url\":\"https:\\\/\\\/regiaonews.net.br\\\/2022\\\/\",\"name\":\"Regi\u00e3o News\",\"description\":\"Site de Not\u00edcias de Barretos e regi\u00e3o\",\"publisher\":{\"@id\":\"https:\\\/\\\/regiaonews.net.br\\\/2022\\\/#organization\"},\"potentialAction\":[{\"@type\":\"SearchAction\",\"target\":{\"@type\":\"EntryPoint\",\"urlTemplate\":\"https:\\\/\\\/regiaonews.net.br\\\/2022\\\/?s={search_term_string}\"},\"query-input\":{\"@type\":\"PropertyValueSpecification\",\"valueRequired\":true,\"valueName\":\"search_term_string\"}}],\"inLanguage\":\"pt-BR\"},{\"@type\":\"Organization\",\"@id\":\"https:\\\/\\\/regiaonews.net.br\\\/2022\\\/#organization\",\"name\":\"Regi\u00e3o News\",\"url\":\"https:\\\/\\\/regiaonews.net.br\\\/2022\\\/\",\"logo\":{\"@type\":\"ImageObject\",\"inLanguage\":\"pt-BR\",\"@id\":\"https:\\\/\\\/regiaonews.net.br\\\/2022\\\/#\\\/schema\\\/logo\\\/image\\\/\",\"url\":\"https:\\\/\\\/regiaonews.net.br\\\/2022\\\/wp-content\\\/uploads\\\/2026\\\/03\\\/regiao-13-anos-scaled.jpg\",\"contentUrl\":\"https:\\\/\\\/regiaonews.net.br\\\/2022\\\/wp-content\\\/uploads\\\/2026\\\/03\\\/regiao-13-anos-scaled.jpg\",\"width\":2560,\"height\":635,\"caption\":\"Regi\u00e3o News\"},\"image\":{\"@id\":\"https:\\\/\\\/regiaonews.net.br\\\/2022\\\/#\\\/schema\\\/logo\\\/image\\\/\"}},{\"@type\":\"Person\",\"@id\":\"https:\\\/\\\/regiaonews.net.br\\\/2022\\\/#\\\/schema\\\/person\\\/2d205a608a5aa97ac279d7a5e6d89ad8\",\"name\":\"Roberto\",\"image\":{\"@type\":\"ImageObject\",\"inLanguage\":\"pt-BR\",\"@id\":\"https:\\\/\\\/secure.gravatar.com\\\/avatar\\\/42749d8b712ff9d59ca93dc150494e5b55a44134482993f5baeb97e61b7ecc89?s=96&d=mm&r=g\",\"url\":\"https:\\\/\\\/secure.gravatar.com\\\/avatar\\\/42749d8b712ff9d59ca93dc150494e5b55a44134482993f5baeb97e61b7ecc89?s=96&d=mm&r=g\",\"contentUrl\":\"https:\\\/\\\/secure.gravatar.com\\\/avatar\\\/42749d8b712ff9d59ca93dc150494e5b55a44134482993f5baeb97e61b7ecc89?s=96&d=mm&r=g\",\"caption\":\"Roberto\"},\"url\":\"https:\\\/\\\/regiaonews.net.br\\\/2022\\\/author\\\/roberto\\\/\"}]}<\/script>\n<!-- \/ Yoast SEO plugin. -->","yoast_head_json":{"title":"Barretos alcan\u00e7a 350 mil doses de vacina aplicadas contra a Covid-19, mas mais de 50 mil barretenses est\u00e3o em atraso com as doses de refor\u00e7o - Regi\u00e3o News","robots":{"index":"index","follow":"follow","max-snippet":"max-snippet:-1","max-image-preview":"max-image-preview:large","max-video-preview":"max-video-preview:-1"},"canonical":"https:\/\/regiaonews.net.br\/2022\/2023\/01\/31\/barretos-alcanca-350-mil-doses-de-vacina-aplicadas-contra-a-covid-19-mas-mais-de-50-mil-barretenses-estao-em-atraso-com-as-doses-de-reforco\/","og_locale":"pt_BR","og_type":"article","og_title":"Barretos alcan\u00e7a 350 mil doses de vacina aplicadas contra a Covid-19, mas mais de 50 mil barretenses est\u00e3o em atraso com as doses de refor\u00e7o - Regi\u00e3o News","og_description":"Secretaria Municipal de Sa\u00fade faz alerta e enfatiza a import\u00e2ncia","og_url":"https:\/\/regiaonews.net.br\/2022\/2023\/01\/31\/barretos-alcanca-350-mil-doses-de-vacina-aplicadas-contra-a-covid-19-mas-mais-de-50-mil-barretenses-estao-em-atraso-com-as-doses-de-reforco\/","og_site_name":"Regi\u00e3o News","article_published_time":"2023-01-31T23:01:47+00:00","og_image":[{"width":3376,"height":3376,"url":"https:\/\/regiaonews.net.br\/2022\/wp-content\/uploads\/2023\/01\/eecca5b6365d9607ee5a9d336962c534.png","type":"image\/png"}],"author":"Roberto","twitter_card":"summary_large_image","twitter_misc":{"Escrito por":"Roberto","Est. tempo de leitura":"6 minutos"},"schema":{"@context":"https:\/\/schema.org","@graph":[{"@type":"Article","@id":"https:\/\/regiaonews.net.br\/2022\/2023\/01\/31\/barretos-alcanca-350-mil-doses-de-vacina-aplicadas-contra-a-covid-19-mas-mais-de-50-mil-barretenses-estao-em-atraso-com-as-doses-de-reforco\/#article","isPartOf":{"@id":"https:\/\/regiaonews.net.br\/2022\/2023\/01\/31\/barretos-alcanca-350-mil-doses-de-vacina-aplicadas-contra-a-covid-19-mas-mais-de-50-mil-barretenses-estao-em-atraso-com-as-doses-de-reforco\/"},"author":{"name":"Roberto","@id":"https:\/\/regiaonews.net.br\/2022\/#\/schema\/person\/2d205a608a5aa97ac279d7a5e6d89ad8"},"headline":"Barretos alcan\u00e7a 350 mil doses de vacina aplicadas contra a Covid-19, mas mais de 50 mil barretenses est\u00e3o em atraso com as doses de refor\u00e7o","datePublished":"2023-01-31T23:01:47+00:00","mainEntityOfPage":{"@id":"https:\/\/regiaonews.net.br\/2022\/2023\/01\/31\/barretos-alcanca-350-mil-doses-de-vacina-aplicadas-contra-a-covid-19-mas-mais-de-50-mil-barretenses-estao-em-atraso-com-as-doses-de-reforco\/"},"wordCount":990,"commentCount":0,"publisher":{"@id":"https:\/\/regiaonews.net.br\/2022\/#organization"},"image":{"@id":"https:\/\/regiaonews.net.br\/2022\/2023\/01\/31\/barretos-alcanca-350-mil-doses-de-vacina-aplicadas-contra-a-covid-19-mas-mais-de-50-mil-barretenses-estao-em-atraso-com-as-doses-de-reforco\/#primaryimage"},"thumbnailUrl":"https:\/\/regiaonews.net.br\/2022\/wp-content\/uploads\/2023\/01\/eecca5b6365d9607ee5a9d336962c534.png","articleSection":["Barretos","Cidades"],"inLanguage":"pt-BR","potentialAction":[{"@type":"CommentAction","name":"Comment","target":["https:\/\/regiaonews.net.br\/2022\/2023\/01\/31\/barretos-alcanca-350-mil-doses-de-vacina-aplicadas-contra-a-covid-19-mas-mais-de-50-mil-barretenses-estao-em-atraso-com-as-doses-de-reforco\/#respond"]}]},{"@type":"WebPage","@id":"https:\/\/regiaonews.net.br\/2022\/2023\/01\/31\/barretos-alcanca-350-mil-doses-de-vacina-aplicadas-contra-a-covid-19-mas-mais-de-50-mil-barretenses-estao-em-atraso-com-as-doses-de-reforco\/","url":"https:\/\/regiaonews.net.br\/2022\/2023\/01\/31\/barretos-alcanca-350-mil-doses-de-vacina-aplicadas-contra-a-covid-19-mas-mais-de-50-mil-barretenses-estao-em-atraso-com-as-doses-de-reforco\/","name":"Barretos alcan\u00e7a 350 mil doses de vacina aplicadas contra a Covid-19, mas mais de 50 mil barretenses est\u00e3o em atraso com as doses de refor\u00e7o - Regi\u00e3o News","isPartOf":{"@id":"https:\/\/regiaonews.net.br\/2022\/#website"},"primaryImageOfPage":{"@id":"https:\/\/regiaonews.net.br\/2022\/2023\/01\/31\/barretos-alcanca-350-mil-doses-de-vacina-aplicadas-contra-a-covid-19-mas-mais-de-50-mil-barretenses-estao-em-atraso-com-as-doses-de-reforco\/#primaryimage"},"image":{"@id":"https:\/\/regiaonews.net.br\/2022\/2023\/01\/31\/barretos-alcanca-350-mil-doses-de-vacina-aplicadas-contra-a-covid-19-mas-mais-de-50-mil-barretenses-estao-em-atraso-com-as-doses-de-reforco\/#primaryimage"},"thumbnailUrl":"https:\/\/regiaonews.net.br\/2022\/wp-content\/uploads\/2023\/01\/eecca5b6365d9607ee5a9d336962c534.png","datePublished":"2023-01-31T23:01:47+00:00","breadcrumb":{"@id":"https:\/\/regiaonews.net.br\/2022\/2023\/01\/31\/barretos-alcanca-350-mil-doses-de-vacina-aplicadas-contra-a-covid-19-mas-mais-de-50-mil-barretenses-estao-em-atraso-com-as-doses-de-reforco\/#breadcrumb"},"inLanguage":"pt-BR","potentialAction":[{"@type":"ReadAction","target":["https:\/\/regiaonews.net.br\/2022\/2023\/01\/31\/barretos-alcanca-350-mil-doses-de-vacina-aplicadas-contra-a-covid-19-mas-mais-de-50-mil-barretenses-estao-em-atraso-com-as-doses-de-reforco\/"]}]},{"@type":"ImageObject","inLanguage":"pt-BR","@id":"https:\/\/regiaonews.net.br\/2022\/2023\/01\/31\/barretos-alcanca-350-mil-doses-de-vacina-aplicadas-contra-a-covid-19-mas-mais-de-50-mil-barretenses-estao-em-atraso-com-as-doses-de-reforco\/#primaryimage","url":"https:\/\/regiaonews.net.br\/2022\/wp-content\/uploads\/2023\/01\/eecca5b6365d9607ee5a9d336962c534.png","contentUrl":"https:\/\/regiaonews.net.br\/2022\/wp-content\/uploads\/2023\/01\/eecca5b6365d9607ee5a9d336962c534.png","width":3376,"height":3376},{"@type":"BreadcrumbList","@id":"https:\/\/regiaonews.net.br\/2022\/2023\/01\/31\/barretos-alcanca-350-mil-doses-de-vacina-aplicadas-contra-a-covid-19-mas-mais-de-50-mil-barretenses-estao-em-atraso-com-as-doses-de-reforco\/#breadcrumb","itemListElement":[{"@type":"ListItem","position":1,"name":"In\u00edcio","item":"https:\/\/regiaonews.net.br\/2022\/"},{"@type":"ListItem","position":2,"name":"Barretos alcan\u00e7a 350 mil doses de vacina aplicadas contra a Covid-19, mas mais de 50 mil barretenses est\u00e3o em atraso com as doses de refor\u00e7o"}]},{"@type":"WebSite","@id":"https:\/\/regiaonews.net.br\/2022\/#website","url":"https:\/\/regiaonews.net.br\/2022\/","name":"Regi\u00e3o News","description":"Site de Not\u00edcias de Barretos e regi\u00e3o","publisher":{"@id":"https:\/\/regiaonews.net.br\/2022\/#organization"},"potentialAction":[{"@type":"SearchAction","target":{"@type":"EntryPoint","urlTemplate":"https:\/\/regiaonews.net.br\/2022\/?s={search_term_string}"},"query-input":{"@type":"PropertyValueSpecification","valueRequired":true,"valueName":"search_term_string"}}],"inLanguage":"pt-BR"},{"@type":"Organization","@id":"https:\/\/regiaonews.net.br\/2022\/#organization","name":"Regi\u00e3o News","url":"https:\/\/regiaonews.net.br\/2022\/","logo":{"@type":"ImageObject","inLanguage":"pt-BR","@id":"https:\/\/regiaonews.net.br\/2022\/#\/schema\/logo\/image\/","url":"https:\/\/regiaonews.net.br\/2022\/wp-content\/uploads\/2026\/03\/regiao-13-anos-scaled.jpg","contentUrl":"https:\/\/regiaonews.net.br\/2022\/wp-content\/uploads\/2026\/03\/regiao-13-anos-scaled.jpg","width":2560,"height":635,"caption":"Regi\u00e3o News"},"image":{"@id":"https:\/\/regiaonews.net.br\/2022\/#\/schema\/logo\/image\/"}},{"@type":"Person","@id":"https:\/\/regiaonews.net.br\/2022\/#\/schema\/person\/2d205a608a5aa97ac279d7a5e6d89ad8","name":"Roberto","image":{"@type":"ImageObject","inLanguage":"pt-BR","@id":"https:\/\/secure.gravatar.com\/avatar\/42749d8b712ff9d59ca93dc150494e5b55a44134482993f5baeb97e61b7ecc89?s=96&d=mm&r=g","url":"https:\/\/secure.gravatar.com\/avatar\/42749d8b712ff9d59ca93dc150494e5b55a44134482993f5baeb97e61b7ecc89?s=96&d=mm&r=g","contentUrl":"https:\/\/secure.gravatar.com\/avatar\/42749d8b712ff9d59ca93dc150494e5b55a44134482993f5baeb97e61b7ecc89?s=96&d=mm&r=g","caption":"Roberto"},"url":"https:\/\/regiaonews.net.br\/2022\/author\/roberto\/"}]}},"publishpress_future_action":{"enabled":false,"date":"2026-05-02 05:55:45","action":"change-status","newStatus":"draft","terms":[],"taxonomy":"category","extraData":[]},"publishpress_future_workflow_manual_trigger":{"enabledWorkflows":[]},"_links":{"self":[{"href":"https:\/\/regiaonews.net.br\/2022\/wp-json\/wp\/v2\/posts\/83450","targetHints":{"allow":["GET"]}}],"collection":[{"href":"https:\/\/regiaonews.net.br\/2022\/wp-json\/wp\/v2\/posts"}],"about":[{"href":"https:\/\/regiaonews.net.br\/2022\/wp-json\/wp\/v2\/types\/post"}],"author":[{"embeddable":true,"href":"https:\/\/regiaonews.net.br\/2022\/wp-json\/wp\/v2\/users\/2"}],"replies":[{"embeddable":true,"href":"https:\/\/regiaonews.net.br\/2022\/wp-json\/wp\/v2\/comments?post=83450"}],"version-history":[{"count":1,"href":"https:\/\/regiaonews.net.br\/2022\/wp-json\/wp\/v2\/posts\/83450\/revisions"}],"predecessor-version":[{"id":83453,"href":"https:\/\/regiaonews.net.br\/2022\/wp-json\/wp\/v2\/posts\/83450\/revisions\/83453"}],"wp:featuredmedia":[{"embeddable":true,"href":"https:\/\/regiaonews.net.br\/2022\/wp-json\/wp\/v2\/media\/83452"}],"wp:attachment":[{"href":"https:\/\/regiaonews.net.br\/2022\/wp-json\/wp\/v2\/media?parent=83450"}],"wp:term":[{"taxonomy":"category","embeddable":true,"href":"https:\/\/regiaonews.net.br\/2022\/wp-json\/wp\/v2\/categories?post=83450"},{"taxonomy":"post_tag","embeddable":true,"href":"https:\/\/regiaonews.net.br\/2022\/wp-json\/wp\/v2\/tags?post=83450"}],"curies":[{"name":"wp","href":"https:\/\/api.w.org\/{rel}","templated":true}]}}