{"id":83336,"date":"2023-01-28T22:05:25","date_gmt":"2023-01-29T01:05:25","guid":{"rendered":"https:\/\/regiaonews.net.br\/2022\/?p=83336"},"modified":"2023-01-28T22:06:01","modified_gmt":"2023-01-29T01:06:01","slug":"dia-da-visibilidade-trans-sera-comemorado-em-sao-paulo","status":"publish","type":"post","link":"https:\/\/regiaonews.net.br\/2022\/2023\/01\/28\/dia-da-visibilidade-trans-sera-comemorado-em-sao-paulo\/","title":{"rendered":"Dia da Visibilidade Trans ser\u00e1 comemorado em S\u00e3o Paulo"},"content":{"rendered":"<p>Para celebrar o Dia Nacional da Visibilidade Trans e Travesti &#8211; 29 de janeiro -, a Casa Florescer participar\u00e1 de uma passeata, a partir das 14h, com concentra\u00e7\u00e3o no Museu de Arte de S\u00e3o Paulo (Masp), na avenida Paulista, regi\u00e3o central da cidade. A VI Caminhada Trans de S\u00e3o Paulo \u00e9 um ato que busca lutar por acolhimento e inclus\u00e3o da comunidade.<img decoding=\"async\" src=\"https:\/\/agenciabrasil.ebc.com.br\/ebc.png?id=1506751&amp;o=node\" \/><img decoding=\"async\" src=\"https:\/\/agenciabrasil.ebc.com.br\/ebc.gif?id=1506751&amp;o=node\" \/><\/p>\n<p>No mesmo dia, \u00e0s 18h, a comitiva da Florescer apresenta um show de variedades na programa\u00e7\u00e3o do SP Transvis\u00e3o, da Escola S\u00e3o Paulo de Teatro. Esta \u00e9 a 11\u00aa edi\u00e7\u00e3o do evento, que \u00e9 gratuito. O objetivo \u00e9 promover a\u00e7\u00f5es voltadas para o debate sobre a toler\u00e2ncia e a diversidade, al\u00e9m de valorizar a cultura e o universo LGBTQIA+ [l\u00e9sbicas, gays, bissexuais, transexuais, travestis, queer, intersexo e assexuais].<\/p>\n<p>Tamb\u00e9m est\u00e1 aberta na Escola SP de Teatro, at\u00e9 domingo (29), a exposi\u00e7\u00e3o Manas por Manas \u2013 acompanhamento em sa\u00fade e autocuidado da popula\u00e7\u00e3o de travestis e mulheres trans. Com entrada gratuita, a exposi\u00e7\u00e3o mostra o trabalho do N\u00facleo de Pesquisa em Direitos Humanos e Sa\u00fade da Popula\u00e7\u00e3o LGBT, que h\u00e1 dez anos realiza pesquisa entre esse grupo, com o acompanhamento de 400 pessoas trans e travestis no processo de autocuidado em sa\u00fade, por 16 pessoas tamb\u00e9m trans e travestis.<\/p>\n<p>\u201cEssa exposi\u00e7\u00e3o \u00e9 composta por tr\u00eas\u00a0<em>banners\u00a0<\/em>que explicam todo o processo de acompanhamento e dos processos delas como trabalhadoras que vivenciam situa\u00e7\u00f5es semelhantes quanto \u00e0 manuten\u00e7\u00e3o da sobreviv\u00eancia, racismo, transfobia e da\u00ed em diante, e como n\u00f3s, com a pesquisa, promovemos um espa\u00e7o de cuidar de quem cuida\u201d, explicou a supervisora da pesquisa Manas por Manas, Clair Aparecida.<\/p>\n<h2>Bonde das Manas<\/h2>\n<p>A exposi\u00e7\u00e3o tamb\u00e9m fala do Bonde das Manas, \u00a0iniciativa para estimular o acesso dessas pessoas aos espa\u00e7os culturais da cidade. \u201cS\u00e3o depoimentos de quem est\u00e1 acessado a esses espa\u00e7os e quais os impactos na vida delas, como elas se autorizam a entrar nesses espa\u00e7os, que cidade \u00e9 essa que acolhe pessoas trans travestis\u201d, disse Clair Aparecida.<\/p>\n<p>Desde o dia 25 de janeiro diversos \u00f3rg\u00e3os da capital paulista est\u00e3o prestando servi\u00e7os na Casa Florescer. A programa\u00e7\u00e3o tamb\u00e9m ocorre em outros pontos da cidade at\u00e9 o dia 1\u00ba de fevereiro. Um dos atendimentos prestados foi o de auxiliar na busca por trabalho, por meio do Cate (Centro de Apoio ao Trabalho e Empreendedorismo) e da Ade Sampa (Ag\u00eancia S\u00e3o Paulo de Desenvolvimento), \u00f3rg\u00e3os ligados \u00e0 Secretaria Municipal de Desenvolvimento Econ\u00f4mico e Trabalho, na sexta-feira (27).<\/p>\n<p>\u201cProcuramos sempre incluir em nosso calend\u00e1rio a\u00e7\u00f5es para todos os p\u00fablicos, buscando atender a particularidade de cada grupo, com o intuito de auxiliar na inser\u00e7\u00e3o no mercado de trabalho e na gera\u00e7\u00e3o de renda. Atuamos com o p\u00fablico trans e travesti em nossos mutir\u00f5es de emprego e tamb\u00e9m no programa Transcidadania, que trabalha em v\u00e1rias frentes a fim de promover o resgate da cidadania para pessoas que j\u00e1 enfrentam in\u00fameros desafios para ter acesso a oportunidades e uma vida de qualidade\u201d, explicou a secret\u00e1ria municipal de Desenvolvimento Econ\u00f4mico e Trabalho, Aline Cardoso.<\/p>\n<p>A Casa Florescer \u00e9 um centro de acolhida administrado pela organiza\u00e7\u00e3o da sociedade civil Croph (Coordena\u00e7\u00e3o Regional das Obras de Promo\u00e7\u00e3o Humana), em parceria com a Secretaria Municipal de Assist\u00eancia e Desenvolvimento Social. O espa\u00e7o acolhe e atende gratuitamente 30 mulheres transg\u00eanero e travestis em situa\u00e7\u00e3o de vulnerabilidade.<\/p>\n<p>Ag\u00eanciaBrasil<\/p>\n","protected":false},"excerpt":{"rendered":"<p>Para celebrar o Dia Nacional da Visibilidade Trans e Travesti<\/p>\n","protected":false},"author":2,"featured_media":83337,"comment_status":"open","ping_status":"open","sticky":false,"template":"","format":"standard","meta":{"footnotes":""},"categories":[3],"tags":[],"class_list":["post-83336","post","type-post","status-publish","format-standard","has-post-thumbnail","hentry","category-geral"],"yoast_head":"<!-- This site is optimized with the Yoast SEO plugin v27.4 - https:\/\/yoast.com\/product\/yoast-seo-wordpress\/ -->\n<title>Dia da Visibilidade Trans ser\u00e1 comemorado em S\u00e3o Paulo - Regi\u00e3o News<\/title>\n<meta name=\"robots\" content=\"index, follow, max-snippet:-1, max-image-preview:large, max-video-preview:-1\" \/>\n<link rel=\"canonical\" href=\"https:\/\/regiaonews.net.br\/2022\/2023\/01\/28\/dia-da-visibilidade-trans-sera-comemorado-em-sao-paulo\/\" \/>\n<meta property=\"og:locale\" content=\"pt_BR\" \/>\n<meta property=\"og:type\" content=\"article\" \/>\n<meta property=\"og:title\" content=\"Dia da Visibilidade Trans ser\u00e1 comemorado em S\u00e3o Paulo - Regi\u00e3o News\" \/>\n<meta property=\"og:description\" content=\"Para celebrar o Dia Nacional da Visibilidade Trans e Travesti\" \/>\n<meta property=\"og:url\" content=\"https:\/\/regiaonews.net.br\/2022\/2023\/01\/28\/dia-da-visibilidade-trans-sera-comemorado-em-sao-paulo\/\" \/>\n<meta property=\"og:site_name\" content=\"Regi\u00e3o News\" \/>\n<meta property=\"article:published_time\" content=\"2023-01-29T01:05:25+00:00\" \/>\n<meta property=\"article:modified_time\" content=\"2023-01-29T01:06:01+00:00\" \/>\n<meta property=\"og:image\" content=\"https:\/\/regiaonews.net.br\/2022\/wp-content\/uploads\/2023\/01\/1098206-rj_tnargo_abr20171119_0429.jpg\" \/>\n\t<meta property=\"og:image:width\" content=\"1170\" \/>\n\t<meta property=\"og:image:height\" content=\"700\" \/>\n\t<meta property=\"og:image:type\" content=\"image\/jpeg\" \/>\n<meta name=\"author\" content=\"Roberto\" \/>\n<meta name=\"twitter:card\" content=\"summary_large_image\" \/>\n<meta name=\"twitter:label1\" content=\"Escrito por\" \/>\n\t<meta name=\"twitter:data1\" content=\"Roberto\" \/>\n\t<meta name=\"twitter:label2\" content=\"Est. tempo de leitura\" \/>\n\t<meta name=\"twitter:data2\" content=\"4 minutos\" \/>\n<script type=\"application\/ld+json\" class=\"yoast-schema-graph\">{\"@context\":\"https:\\\/\\\/schema.org\",\"@graph\":[{\"@type\":\"Article\",\"@id\":\"https:\\\/\\\/regiaonews.net.br\\\/2022\\\/2023\\\/01\\\/28\\\/dia-da-visibilidade-trans-sera-comemorado-em-sao-paulo\\\/#article\",\"isPartOf\":{\"@id\":\"https:\\\/\\\/regiaonews.net.br\\\/2022\\\/2023\\\/01\\\/28\\\/dia-da-visibilidade-trans-sera-comemorado-em-sao-paulo\\\/\"},\"author\":{\"name\":\"Roberto\",\"@id\":\"https:\\\/\\\/regiaonews.net.br\\\/2022\\\/#\\\/schema\\\/person\\\/2d205a608a5aa97ac279d7a5e6d89ad8\"},\"headline\":\"Dia da Visibilidade Trans ser\u00e1 comemorado em S\u00e3o Paulo\",\"datePublished\":\"2023-01-29T01:05:25+00:00\",\"dateModified\":\"2023-01-29T01:06:01+00:00\",\"mainEntityOfPage\":{\"@id\":\"https:\\\/\\\/regiaonews.net.br\\\/2022\\\/2023\\\/01\\\/28\\\/dia-da-visibilidade-trans-sera-comemorado-em-sao-paulo\\\/\"},\"wordCount\":602,\"commentCount\":0,\"publisher\":{\"@id\":\"https:\\\/\\\/regiaonews.net.br\\\/2022\\\/#organization\"},\"image\":{\"@id\":\"https:\\\/\\\/regiaonews.net.br\\\/2022\\\/2023\\\/01\\\/28\\\/dia-da-visibilidade-trans-sera-comemorado-em-sao-paulo\\\/#primaryimage\"},\"thumbnailUrl\":\"https:\\\/\\\/regiaonews.net.br\\\/2022\\\/wp-content\\\/uploads\\\/2023\\\/01\\\/1098206-rj_tnargo_abr20171119_0429.jpg\",\"articleSection\":[\"Geral\"],\"inLanguage\":\"pt-BR\",\"potentialAction\":[{\"@type\":\"CommentAction\",\"name\":\"Comment\",\"target\":[\"https:\\\/\\\/regiaonews.net.br\\\/2022\\\/2023\\\/01\\\/28\\\/dia-da-visibilidade-trans-sera-comemorado-em-sao-paulo\\\/#respond\"]}]},{\"@type\":\"WebPage\",\"@id\":\"https:\\\/\\\/regiaonews.net.br\\\/2022\\\/2023\\\/01\\\/28\\\/dia-da-visibilidade-trans-sera-comemorado-em-sao-paulo\\\/\",\"url\":\"https:\\\/\\\/regiaonews.net.br\\\/2022\\\/2023\\\/01\\\/28\\\/dia-da-visibilidade-trans-sera-comemorado-em-sao-paulo\\\/\",\"name\":\"Dia da Visibilidade Trans ser\u00e1 comemorado em S\u00e3o Paulo - Regi\u00e3o News\",\"isPartOf\":{\"@id\":\"https:\\\/\\\/regiaonews.net.br\\\/2022\\\/#website\"},\"primaryImageOfPage\":{\"@id\":\"https:\\\/\\\/regiaonews.net.br\\\/2022\\\/2023\\\/01\\\/28\\\/dia-da-visibilidade-trans-sera-comemorado-em-sao-paulo\\\/#primaryimage\"},\"image\":{\"@id\":\"https:\\\/\\\/regiaonews.net.br\\\/2022\\\/2023\\\/01\\\/28\\\/dia-da-visibilidade-trans-sera-comemorado-em-sao-paulo\\\/#primaryimage\"},\"thumbnailUrl\":\"https:\\\/\\\/regiaonews.net.br\\\/2022\\\/wp-content\\\/uploads\\\/2023\\\/01\\\/1098206-rj_tnargo_abr20171119_0429.jpg\",\"datePublished\":\"2023-01-29T01:05:25+00:00\",\"dateModified\":\"2023-01-29T01:06:01+00:00\",\"breadcrumb\":{\"@id\":\"https:\\\/\\\/regiaonews.net.br\\\/2022\\\/2023\\\/01\\\/28\\\/dia-da-visibilidade-trans-sera-comemorado-em-sao-paulo\\\/#breadcrumb\"},\"inLanguage\":\"pt-BR\",\"potentialAction\":[{\"@type\":\"ReadAction\",\"target\":[\"https:\\\/\\\/regiaonews.net.br\\\/2022\\\/2023\\\/01\\\/28\\\/dia-da-visibilidade-trans-sera-comemorado-em-sao-paulo\\\/\"]}]},{\"@type\":\"ImageObject\",\"inLanguage\":\"pt-BR\",\"@id\":\"https:\\\/\\\/regiaonews.net.br\\\/2022\\\/2023\\\/01\\\/28\\\/dia-da-visibilidade-trans-sera-comemorado-em-sao-paulo\\\/#primaryimage\",\"url\":\"https:\\\/\\\/regiaonews.net.br\\\/2022\\\/wp-content\\\/uploads\\\/2023\\\/01\\\/1098206-rj_tnargo_abr20171119_0429.jpg\",\"contentUrl\":\"https:\\\/\\\/regiaonews.net.br\\\/2022\\\/wp-content\\\/uploads\\\/2023\\\/01\\\/1098206-rj_tnargo_abr20171119_0429.jpg\",\"width\":1170,\"height\":700,\"caption\":\"Rio de Janeiro - 22\u00aa Parada do Orgulho LGBTI, na Praia de Copacabana. (T\u00e2nia R\u00eago\\\/Ag\u00eancia Brasil)\"},{\"@type\":\"BreadcrumbList\",\"@id\":\"https:\\\/\\\/regiaonews.net.br\\\/2022\\\/2023\\\/01\\\/28\\\/dia-da-visibilidade-trans-sera-comemorado-em-sao-paulo\\\/#breadcrumb\",\"itemListElement\":[{\"@type\":\"ListItem\",\"position\":1,\"name\":\"In\u00edcio\",\"item\":\"https:\\\/\\\/regiaonews.net.br\\\/2022\\\/\"},{\"@type\":\"ListItem\",\"position\":2,\"name\":\"Dia da Visibilidade Trans ser\u00e1 comemorado em S\u00e3o Paulo\"}]},{\"@type\":\"WebSite\",\"@id\":\"https:\\\/\\\/regiaonews.net.br\\\/2022\\\/#website\",\"url\":\"https:\\\/\\\/regiaonews.net.br\\\/2022\\\/\",\"name\":\"Regi\u00e3o News\",\"description\":\"Site de Not\u00edcias de Barretos e regi\u00e3o\",\"publisher\":{\"@id\":\"https:\\\/\\\/regiaonews.net.br\\\/2022\\\/#organization\"},\"potentialAction\":[{\"@type\":\"SearchAction\",\"target\":{\"@type\":\"EntryPoint\",\"urlTemplate\":\"https:\\\/\\\/regiaonews.net.br\\\/2022\\\/?s={search_term_string}\"},\"query-input\":{\"@type\":\"PropertyValueSpecification\",\"valueRequired\":true,\"valueName\":\"search_term_string\"}}],\"inLanguage\":\"pt-BR\"},{\"@type\":\"Organization\",\"@id\":\"https:\\\/\\\/regiaonews.net.br\\\/2022\\\/#organization\",\"name\":\"Regi\u00e3o News\",\"url\":\"https:\\\/\\\/regiaonews.net.br\\\/2022\\\/\",\"logo\":{\"@type\":\"ImageObject\",\"inLanguage\":\"pt-BR\",\"@id\":\"https:\\\/\\\/regiaonews.net.br\\\/2022\\\/#\\\/schema\\\/logo\\\/image\\\/\",\"url\":\"https:\\\/\\\/regiaonews.net.br\\\/2022\\\/wp-content\\\/uploads\\\/2026\\\/03\\\/regiao-13-anos-scaled.jpg\",\"contentUrl\":\"https:\\\/\\\/regiaonews.net.br\\\/2022\\\/wp-content\\\/uploads\\\/2026\\\/03\\\/regiao-13-anos-scaled.jpg\",\"width\":2560,\"height\":635,\"caption\":\"Regi\u00e3o News\"},\"image\":{\"@id\":\"https:\\\/\\\/regiaonews.net.br\\\/2022\\\/#\\\/schema\\\/logo\\\/image\\\/\"}},{\"@type\":\"Person\",\"@id\":\"https:\\\/\\\/regiaonews.net.br\\\/2022\\\/#\\\/schema\\\/person\\\/2d205a608a5aa97ac279d7a5e6d89ad8\",\"name\":\"Roberto\",\"image\":{\"@type\":\"ImageObject\",\"inLanguage\":\"pt-BR\",\"@id\":\"https:\\\/\\\/secure.gravatar.com\\\/avatar\\\/42749d8b712ff9d59ca93dc150494e5b55a44134482993f5baeb97e61b7ecc89?s=96&d=mm&r=g\",\"url\":\"https:\\\/\\\/secure.gravatar.com\\\/avatar\\\/42749d8b712ff9d59ca93dc150494e5b55a44134482993f5baeb97e61b7ecc89?s=96&d=mm&r=g\",\"contentUrl\":\"https:\\\/\\\/secure.gravatar.com\\\/avatar\\\/42749d8b712ff9d59ca93dc150494e5b55a44134482993f5baeb97e61b7ecc89?s=96&d=mm&r=g\",\"caption\":\"Roberto\"},\"url\":\"https:\\\/\\\/regiaonews.net.br\\\/2022\\\/author\\\/roberto\\\/\"}]}<\/script>\n<!-- \/ Yoast SEO plugin. -->","yoast_head_json":{"title":"Dia da Visibilidade Trans ser\u00e1 comemorado em S\u00e3o Paulo - Regi\u00e3o News","robots":{"index":"index","follow":"follow","max-snippet":"max-snippet:-1","max-image-preview":"max-image-preview:large","max-video-preview":"max-video-preview:-1"},"canonical":"https:\/\/regiaonews.net.br\/2022\/2023\/01\/28\/dia-da-visibilidade-trans-sera-comemorado-em-sao-paulo\/","og_locale":"pt_BR","og_type":"article","og_title":"Dia da Visibilidade Trans ser\u00e1 comemorado em S\u00e3o Paulo - Regi\u00e3o News","og_description":"Para celebrar o Dia Nacional da Visibilidade Trans e Travesti","og_url":"https:\/\/regiaonews.net.br\/2022\/2023\/01\/28\/dia-da-visibilidade-trans-sera-comemorado-em-sao-paulo\/","og_site_name":"Regi\u00e3o News","article_published_time":"2023-01-29T01:05:25+00:00","article_modified_time":"2023-01-29T01:06:01+00:00","og_image":[{"width":1170,"height":700,"url":"https:\/\/regiaonews.net.br\/2022\/wp-content\/uploads\/2023\/01\/1098206-rj_tnargo_abr20171119_0429.jpg","type":"image\/jpeg"}],"author":"Roberto","twitter_card":"summary_large_image","twitter_misc":{"Escrito por":"Roberto","Est. tempo de leitura":"4 minutos"},"schema":{"@context":"https:\/\/schema.org","@graph":[{"@type":"Article","@id":"https:\/\/regiaonews.net.br\/2022\/2023\/01\/28\/dia-da-visibilidade-trans-sera-comemorado-em-sao-paulo\/#article","isPartOf":{"@id":"https:\/\/regiaonews.net.br\/2022\/2023\/01\/28\/dia-da-visibilidade-trans-sera-comemorado-em-sao-paulo\/"},"author":{"name":"Roberto","@id":"https:\/\/regiaonews.net.br\/2022\/#\/schema\/person\/2d205a608a5aa97ac279d7a5e6d89ad8"},"headline":"Dia da Visibilidade Trans ser\u00e1 comemorado em S\u00e3o Paulo","datePublished":"2023-01-29T01:05:25+00:00","dateModified":"2023-01-29T01:06:01+00:00","mainEntityOfPage":{"@id":"https:\/\/regiaonews.net.br\/2022\/2023\/01\/28\/dia-da-visibilidade-trans-sera-comemorado-em-sao-paulo\/"},"wordCount":602,"commentCount":0,"publisher":{"@id":"https:\/\/regiaonews.net.br\/2022\/#organization"},"image":{"@id":"https:\/\/regiaonews.net.br\/2022\/2023\/01\/28\/dia-da-visibilidade-trans-sera-comemorado-em-sao-paulo\/#primaryimage"},"thumbnailUrl":"https:\/\/regiaonews.net.br\/2022\/wp-content\/uploads\/2023\/01\/1098206-rj_tnargo_abr20171119_0429.jpg","articleSection":["Geral"],"inLanguage":"pt-BR","potentialAction":[{"@type":"CommentAction","name":"Comment","target":["https:\/\/regiaonews.net.br\/2022\/2023\/01\/28\/dia-da-visibilidade-trans-sera-comemorado-em-sao-paulo\/#respond"]}]},{"@type":"WebPage","@id":"https:\/\/regiaonews.net.br\/2022\/2023\/01\/28\/dia-da-visibilidade-trans-sera-comemorado-em-sao-paulo\/","url":"https:\/\/regiaonews.net.br\/2022\/2023\/01\/28\/dia-da-visibilidade-trans-sera-comemorado-em-sao-paulo\/","name":"Dia da Visibilidade Trans ser\u00e1 comemorado em S\u00e3o Paulo - Regi\u00e3o News","isPartOf":{"@id":"https:\/\/regiaonews.net.br\/2022\/#website"},"primaryImageOfPage":{"@id":"https:\/\/regiaonews.net.br\/2022\/2023\/01\/28\/dia-da-visibilidade-trans-sera-comemorado-em-sao-paulo\/#primaryimage"},"image":{"@id":"https:\/\/regiaonews.net.br\/2022\/2023\/01\/28\/dia-da-visibilidade-trans-sera-comemorado-em-sao-paulo\/#primaryimage"},"thumbnailUrl":"https:\/\/regiaonews.net.br\/2022\/wp-content\/uploads\/2023\/01\/1098206-rj_tnargo_abr20171119_0429.jpg","datePublished":"2023-01-29T01:05:25+00:00","dateModified":"2023-01-29T01:06:01+00:00","breadcrumb":{"@id":"https:\/\/regiaonews.net.br\/2022\/2023\/01\/28\/dia-da-visibilidade-trans-sera-comemorado-em-sao-paulo\/#breadcrumb"},"inLanguage":"pt-BR","potentialAction":[{"@type":"ReadAction","target":["https:\/\/regiaonews.net.br\/2022\/2023\/01\/28\/dia-da-visibilidade-trans-sera-comemorado-em-sao-paulo\/"]}]},{"@type":"ImageObject","inLanguage":"pt-BR","@id":"https:\/\/regiaonews.net.br\/2022\/2023\/01\/28\/dia-da-visibilidade-trans-sera-comemorado-em-sao-paulo\/#primaryimage","url":"https:\/\/regiaonews.net.br\/2022\/wp-content\/uploads\/2023\/01\/1098206-rj_tnargo_abr20171119_0429.jpg","contentUrl":"https:\/\/regiaonews.net.br\/2022\/wp-content\/uploads\/2023\/01\/1098206-rj_tnargo_abr20171119_0429.jpg","width":1170,"height":700,"caption":"Rio de Janeiro - 22\u00aa Parada do Orgulho LGBTI, na Praia de Copacabana. (T\u00e2nia R\u00eago\/Ag\u00eancia Brasil)"},{"@type":"BreadcrumbList","@id":"https:\/\/regiaonews.net.br\/2022\/2023\/01\/28\/dia-da-visibilidade-trans-sera-comemorado-em-sao-paulo\/#breadcrumb","itemListElement":[{"@type":"ListItem","position":1,"name":"In\u00edcio","item":"https:\/\/regiaonews.net.br\/2022\/"},{"@type":"ListItem","position":2,"name":"Dia da Visibilidade Trans ser\u00e1 comemorado em S\u00e3o Paulo"}]},{"@type":"WebSite","@id":"https:\/\/regiaonews.net.br\/2022\/#website","url":"https:\/\/regiaonews.net.br\/2022\/","name":"Regi\u00e3o News","description":"Site de Not\u00edcias de Barretos e regi\u00e3o","publisher":{"@id":"https:\/\/regiaonews.net.br\/2022\/#organization"},"potentialAction":[{"@type":"SearchAction","target":{"@type":"EntryPoint","urlTemplate":"https:\/\/regiaonews.net.br\/2022\/?s={search_term_string}"},"query-input":{"@type":"PropertyValueSpecification","valueRequired":true,"valueName":"search_term_string"}}],"inLanguage":"pt-BR"},{"@type":"Organization","@id":"https:\/\/regiaonews.net.br\/2022\/#organization","name":"Regi\u00e3o News","url":"https:\/\/regiaonews.net.br\/2022\/","logo":{"@type":"ImageObject","inLanguage":"pt-BR","@id":"https:\/\/regiaonews.net.br\/2022\/#\/schema\/logo\/image\/","url":"https:\/\/regiaonews.net.br\/2022\/wp-content\/uploads\/2026\/03\/regiao-13-anos-scaled.jpg","contentUrl":"https:\/\/regiaonews.net.br\/2022\/wp-content\/uploads\/2026\/03\/regiao-13-anos-scaled.jpg","width":2560,"height":635,"caption":"Regi\u00e3o News"},"image":{"@id":"https:\/\/regiaonews.net.br\/2022\/#\/schema\/logo\/image\/"}},{"@type":"Person","@id":"https:\/\/regiaonews.net.br\/2022\/#\/schema\/person\/2d205a608a5aa97ac279d7a5e6d89ad8","name":"Roberto","image":{"@type":"ImageObject","inLanguage":"pt-BR","@id":"https:\/\/secure.gravatar.com\/avatar\/42749d8b712ff9d59ca93dc150494e5b55a44134482993f5baeb97e61b7ecc89?s=96&d=mm&r=g","url":"https:\/\/secure.gravatar.com\/avatar\/42749d8b712ff9d59ca93dc150494e5b55a44134482993f5baeb97e61b7ecc89?s=96&d=mm&r=g","contentUrl":"https:\/\/secure.gravatar.com\/avatar\/42749d8b712ff9d59ca93dc150494e5b55a44134482993f5baeb97e61b7ecc89?s=96&d=mm&r=g","caption":"Roberto"},"url":"https:\/\/regiaonews.net.br\/2022\/author\/roberto\/"}]}},"publishpress_future_action":{"enabled":false,"date":"2026-05-02 04:38:01","action":"change-status","newStatus":"draft","terms":[],"taxonomy":"category","extraData":[]},"publishpress_future_workflow_manual_trigger":{"enabledWorkflows":[]},"_links":{"self":[{"href":"https:\/\/regiaonews.net.br\/2022\/wp-json\/wp\/v2\/posts\/83336","targetHints":{"allow":["GET"]}}],"collection":[{"href":"https:\/\/regiaonews.net.br\/2022\/wp-json\/wp\/v2\/posts"}],"about":[{"href":"https:\/\/regiaonews.net.br\/2022\/wp-json\/wp\/v2\/types\/post"}],"author":[{"embeddable":true,"href":"https:\/\/regiaonews.net.br\/2022\/wp-json\/wp\/v2\/users\/2"}],"replies":[{"embeddable":true,"href":"https:\/\/regiaonews.net.br\/2022\/wp-json\/wp\/v2\/comments?post=83336"}],"version-history":[{"count":2,"href":"https:\/\/regiaonews.net.br\/2022\/wp-json\/wp\/v2\/posts\/83336\/revisions"}],"predecessor-version":[{"id":83339,"href":"https:\/\/regiaonews.net.br\/2022\/wp-json\/wp\/v2\/posts\/83336\/revisions\/83339"}],"wp:featuredmedia":[{"embeddable":true,"href":"https:\/\/regiaonews.net.br\/2022\/wp-json\/wp\/v2\/media\/83337"}],"wp:attachment":[{"href":"https:\/\/regiaonews.net.br\/2022\/wp-json\/wp\/v2\/media?parent=83336"}],"wp:term":[{"taxonomy":"category","embeddable":true,"href":"https:\/\/regiaonews.net.br\/2022\/wp-json\/wp\/v2\/categories?post=83336"},{"taxonomy":"post_tag","embeddable":true,"href":"https:\/\/regiaonews.net.br\/2022\/wp-json\/wp\/v2\/tags?post=83336"}],"curies":[{"name":"wp","href":"https:\/\/api.w.org\/{rel}","templated":true}]}}