{"id":83317,"date":"2023-01-28T14:42:00","date_gmt":"2023-01-28T17:42:00","guid":{"rendered":"https:\/\/regiaonews.net.br\/2022\/?p=83317"},"modified":"2023-01-28T16:11:15","modified_gmt":"2023-01-28T19:11:15","slug":"prefeita-paula-lemos-acompanha-preparacao-da-avenida-43-para-recebimento-do-recape-e-faz-visitas-tecnicas-as-obras-da-escola-estadual-do-nadir-kenan-e-casas-da-cdhu","status":"publish","type":"post","link":"https:\/\/regiaonews.net.br\/2022\/2023\/01\/28\/prefeita-paula-lemos-acompanha-preparacao-da-avenida-43-para-recebimento-do-recape-e-faz-visitas-tecnicas-as-obras-da-escola-estadual-do-nadir-kenan-e-casas-da-cdhu\/","title":{"rendered":"Paula Lemos acompanha prepara\u00e7\u00e3o da Avenida 43 para recape e faz visitas t\u00e9cnicas \u00e0s obras de Escola e casas da CDHU"},"content":{"rendered":"<p>Chefe do executivo destacou o servi\u00e7o de fresagem do pavimento para o posterior recapeamento da entrada da cidade<\/p>\n<p>Na manh\u00e3 desta sexta-feira, 27 de janeiro, a prefeita da Est\u00e2ncia Tur\u00edstica de Barretos, Paula Lemos, realizou visitas t\u00e9cnicas aos canteiros de obras da Escola Estadual que est\u00e1 sendo constru\u00edda no bairro Nadir Kenan e das 31 casas que a Companhia de Desenvolvimento Habitacional e Urbano do Estado de S\u00e3o Paulo (CDHU) est\u00e1 erguendo em parceria com a prefeitura.<br \/>\nA chefe do executivo tamb\u00e9m acompanhou a execu\u00e7\u00e3o do servi\u00e7o de fresagem \u2013 que \u00e9 o desbaste da camada asf\u00e1ltica \u2013 para posterior recapeamento da Avenida 43. \u201cEstamos retirando o asfalto velho para que venha o novo e a gente tenha uma entrada da cidade como o barretense merece. Agora somos Est\u00e2ncia Tur\u00edstica e queremos melhorar cada vez mais\u201d, destacou. O servi\u00e7o deve ser conclu\u00eddo em duas semanas, caso as condi\u00e7\u00f5es clim\u00e1ticas sejam favor\u00e1veis.<br \/>\nPaula falou do reaproveitamento da mat\u00e9ria retirada do pavimento. Ela citou que o material vai para o almoxarifado da prefeitura e ser\u00e1 reutilizado nas estradas da Zona Rural do munic\u00edpio. \u201cBuscamos fazer o dinheiro da popula\u00e7\u00e3o render o m\u00e1ximo poss\u00edvel\u201d, afirmou.<br \/>\nDanilo Marques, vendedor de uma loja de pneus, aprovou o servi\u00e7o. \u201cA 43 \u00e9 um ponto de acesso muito importante da nossa cidade. \u00c9 o nosso dinheiro que est\u00e1 sendo trabalhado de forma legal e importante. Um bom neg\u00f3cio para n\u00f3s de Barretos\u201d, disse.<br \/>\nA prefeita ainda anunciou que o pr\u00f3ximo local a receber o recape e alargamento ser\u00e1 a Avenida 7, no trecho entre as ruas 14 e 34. \u201cPodem ter certeza que, com Deus \u00e0 frente, a gente est\u00e1 trabalhando muito para melhorar a vida das pessoas\u201d, afirmou.<br \/>\nNovas moradias<br \/>\nEm parceria com a prefeitura de Barretos, que doou a \u00e1rea para a constru\u00e7\u00e3o dos im\u00f3veis, a CDHU est\u00e1 construindo 31 resid\u00eancias, sendo tr\u00eas unidades adaptadas para pessoas com defici\u00eancia, destinadas a fam\u00edlias que vivem em situa\u00e7\u00e3o de risco e que j\u00e1 foram selecionadas pela Secretaria Municipal de Habita\u00e7\u00e3o de Interesse Social. O investimento no local \u00e9 de R$ 3.856.124,29.<br \/>\nNova escola<br \/>\nA nova unidade escolar Estadual ser\u00e1 erguida ao lado do Centro Social Urbano (CSU), na Rua Zaiden Geraige, esquina com a Avenida Jo\u00e3o Cavalini, no bairro Nadir Kenan, e ter\u00e1 capacidade para atender at\u00e9 280 alunos em tempo integral.<br \/>\nA nova escola ter\u00e1 2.689,07 metros quadrados de \u00e1rea constru\u00edda e vai atender crian\u00e7as e adolescentes da regi\u00e3o sul da cidade. Na constru\u00e7\u00e3o ser\u00e3o investidos R$ 9.229.578,34. Ela contar\u00e1 com seis salas administrativas, para diretores, secretarias, almoxarifado e professores, sete salas de aulas, salas de preparo, laborat\u00f3rio de inform\u00e1tica, qu\u00edmica, biologia, matem\u00e1tica e leitura, al\u00e9m de cozinha, copa, despensa, dep\u00f3sito, cantina, cinco sanit\u00e1rios, dois vesti\u00e1rios e quadra,<br \/>\nOs secret\u00e1rios municipais de Obras e Servi\u00e7os Urbanos, Raul Paganelli; Planejamento e Desenvolvimento, Carlos Henrique Gon\u00e7alves L\u00facio e de Habita\u00e7\u00e3o, C\u00e9lia Rodrigues, acompanharam a prefeita durante as visitas.<\/p>\n","protected":false},"excerpt":{"rendered":"<p>Chefe do executivo destacou o servi\u00e7o de fresagem do pavimento<\/p>\n","protected":false},"author":2,"featured_media":83318,"comment_status":"open","ping_status":"open","sticky":false,"template":"","format":"standard","meta":{"footnotes":""},"categories":[14,25],"tags":[],"class_list":["post-83317","post","type-post","status-publish","format-standard","has-post-thumbnail","hentry","category-barretos","category-cidades"],"yoast_head":"<!-- This site is optimized with the Yoast SEO plugin v27.5 - https:\/\/yoast.com\/product\/yoast-seo-wordpress\/ -->\n<title>Paula Lemos acompanha prepara\u00e7\u00e3o da Avenida 43 para recape e faz visitas t\u00e9cnicas \u00e0s obras de Escola e casas da CDHU - Regi\u00e3o News<\/title>\n<meta name=\"robots\" content=\"index, follow, max-snippet:-1, max-image-preview:large, max-video-preview:-1\" \/>\n<link rel=\"canonical\" href=\"https:\/\/regiaonews.net.br\/2022\/2023\/01\/28\/prefeita-paula-lemos-acompanha-preparacao-da-avenida-43-para-recebimento-do-recape-e-faz-visitas-tecnicas-as-obras-da-escola-estadual-do-nadir-kenan-e-casas-da-cdhu\/\" \/>\n<meta property=\"og:locale\" content=\"pt_BR\" \/>\n<meta property=\"og:type\" content=\"article\" \/>\n<meta property=\"og:title\" content=\"Paula Lemos acompanha prepara\u00e7\u00e3o da Avenida 43 para recape e faz visitas t\u00e9cnicas \u00e0s obras de Escola e casas da CDHU - Regi\u00e3o News\" \/>\n<meta property=\"og:description\" content=\"Chefe do executivo destacou o servi\u00e7o de fresagem do pavimento\" \/>\n<meta property=\"og:url\" content=\"https:\/\/regiaonews.net.br\/2022\/2023\/01\/28\/prefeita-paula-lemos-acompanha-preparacao-da-avenida-43-para-recebimento-do-recape-e-faz-visitas-tecnicas-as-obras-da-escola-estadual-do-nadir-kenan-e-casas-da-cdhu\/\" \/>\n<meta property=\"og:site_name\" content=\"Regi\u00e3o News\" \/>\n<meta property=\"article:published_time\" content=\"2023-01-28T17:42:00+00:00\" \/>\n<meta property=\"article:modified_time\" content=\"2023-01-28T19:11:15+00:00\" \/>\n<meta property=\"og:image\" content=\"https:\/\/regiaonews.net.br\/2022\/wp-content\/uploads\/2023\/01\/WhatsApp-Image-2023-01-28-at-11.54.34.jpeg\" \/>\n\t<meta property=\"og:image:width\" content=\"1600\" \/>\n\t<meta property=\"og:image:height\" content=\"1068\" \/>\n\t<meta property=\"og:image:type\" content=\"image\/jpeg\" \/>\n<meta name=\"author\" content=\"Roberto\" \/>\n<meta name=\"twitter:card\" content=\"summary_large_image\" \/>\n<meta name=\"twitter:label1\" content=\"Escrito por\" \/>\n\t<meta name=\"twitter:data1\" content=\"Roberto\" \/>\n\t<meta name=\"twitter:label2\" content=\"Est. tempo de leitura\" \/>\n\t<meta name=\"twitter:data2\" content=\"3 minutos\" \/>\n<script type=\"application\/ld+json\" class=\"yoast-schema-graph\">{\"@context\":\"https:\\\/\\\/schema.org\",\"@graph\":[{\"@type\":\"Article\",\"@id\":\"https:\\\/\\\/regiaonews.net.br\\\/2022\\\/2023\\\/01\\\/28\\\/prefeita-paula-lemos-acompanha-preparacao-da-avenida-43-para-recebimento-do-recape-e-faz-visitas-tecnicas-as-obras-da-escola-estadual-do-nadir-kenan-e-casas-da-cdhu\\\/#article\",\"isPartOf\":{\"@id\":\"https:\\\/\\\/regiaonews.net.br\\\/2022\\\/2023\\\/01\\\/28\\\/prefeita-paula-lemos-acompanha-preparacao-da-avenida-43-para-recebimento-do-recape-e-faz-visitas-tecnicas-as-obras-da-escola-estadual-do-nadir-kenan-e-casas-da-cdhu\\\/\"},\"author\":{\"name\":\"Roberto\",\"@id\":\"https:\\\/\\\/regiaonews.net.br\\\/2022\\\/#\\\/schema\\\/person\\\/2d205a608a5aa97ac279d7a5e6d89ad8\"},\"headline\":\"Paula Lemos acompanha prepara\u00e7\u00e3o da Avenida 43 para recape e faz visitas t\u00e9cnicas \u00e0s obras de Escola e casas da CDHU\",\"datePublished\":\"2023-01-28T17:42:00+00:00\",\"dateModified\":\"2023-01-28T19:11:15+00:00\",\"mainEntityOfPage\":{\"@id\":\"https:\\\/\\\/regiaonews.net.br\\\/2022\\\/2023\\\/01\\\/28\\\/prefeita-paula-lemos-acompanha-preparacao-da-avenida-43-para-recebimento-do-recape-e-faz-visitas-tecnicas-as-obras-da-escola-estadual-do-nadir-kenan-e-casas-da-cdhu\\\/\"},\"wordCount\":537,\"commentCount\":0,\"publisher\":{\"@id\":\"https:\\\/\\\/regiaonews.net.br\\\/2022\\\/#organization\"},\"image\":{\"@id\":\"https:\\\/\\\/regiaonews.net.br\\\/2022\\\/2023\\\/01\\\/28\\\/prefeita-paula-lemos-acompanha-preparacao-da-avenida-43-para-recebimento-do-recape-e-faz-visitas-tecnicas-as-obras-da-escola-estadual-do-nadir-kenan-e-casas-da-cdhu\\\/#primaryimage\"},\"thumbnailUrl\":\"https:\\\/\\\/regiaonews.net.br\\\/2022\\\/wp-content\\\/uploads\\\/2023\\\/01\\\/WhatsApp-Image-2023-01-28-at-11.54.34.jpeg\",\"articleSection\":[\"Barretos\",\"Cidades\"],\"inLanguage\":\"pt-BR\",\"potentialAction\":[{\"@type\":\"CommentAction\",\"name\":\"Comment\",\"target\":[\"https:\\\/\\\/regiaonews.net.br\\\/2022\\\/2023\\\/01\\\/28\\\/prefeita-paula-lemos-acompanha-preparacao-da-avenida-43-para-recebimento-do-recape-e-faz-visitas-tecnicas-as-obras-da-escola-estadual-do-nadir-kenan-e-casas-da-cdhu\\\/#respond\"]}]},{\"@type\":\"WebPage\",\"@id\":\"https:\\\/\\\/regiaonews.net.br\\\/2022\\\/2023\\\/01\\\/28\\\/prefeita-paula-lemos-acompanha-preparacao-da-avenida-43-para-recebimento-do-recape-e-faz-visitas-tecnicas-as-obras-da-escola-estadual-do-nadir-kenan-e-casas-da-cdhu\\\/\",\"url\":\"https:\\\/\\\/regiaonews.net.br\\\/2022\\\/2023\\\/01\\\/28\\\/prefeita-paula-lemos-acompanha-preparacao-da-avenida-43-para-recebimento-do-recape-e-faz-visitas-tecnicas-as-obras-da-escola-estadual-do-nadir-kenan-e-casas-da-cdhu\\\/\",\"name\":\"Paula Lemos acompanha prepara\u00e7\u00e3o da Avenida 43 para recape e faz visitas t\u00e9cnicas \u00e0s obras de Escola e casas da CDHU - Regi\u00e3o News\",\"isPartOf\":{\"@id\":\"https:\\\/\\\/regiaonews.net.br\\\/2022\\\/#website\"},\"primaryImageOfPage\":{\"@id\":\"https:\\\/\\\/regiaonews.net.br\\\/2022\\\/2023\\\/01\\\/28\\\/prefeita-paula-lemos-acompanha-preparacao-da-avenida-43-para-recebimento-do-recape-e-faz-visitas-tecnicas-as-obras-da-escola-estadual-do-nadir-kenan-e-casas-da-cdhu\\\/#primaryimage\"},\"image\":{\"@id\":\"https:\\\/\\\/regiaonews.net.br\\\/2022\\\/2023\\\/01\\\/28\\\/prefeita-paula-lemos-acompanha-preparacao-da-avenida-43-para-recebimento-do-recape-e-faz-visitas-tecnicas-as-obras-da-escola-estadual-do-nadir-kenan-e-casas-da-cdhu\\\/#primaryimage\"},\"thumbnailUrl\":\"https:\\\/\\\/regiaonews.net.br\\\/2022\\\/wp-content\\\/uploads\\\/2023\\\/01\\\/WhatsApp-Image-2023-01-28-at-11.54.34.jpeg\",\"datePublished\":\"2023-01-28T17:42:00+00:00\",\"dateModified\":\"2023-01-28T19:11:15+00:00\",\"breadcrumb\":{\"@id\":\"https:\\\/\\\/regiaonews.net.br\\\/2022\\\/2023\\\/01\\\/28\\\/prefeita-paula-lemos-acompanha-preparacao-da-avenida-43-para-recebimento-do-recape-e-faz-visitas-tecnicas-as-obras-da-escola-estadual-do-nadir-kenan-e-casas-da-cdhu\\\/#breadcrumb\"},\"inLanguage\":\"pt-BR\",\"potentialAction\":[{\"@type\":\"ReadAction\",\"target\":[\"https:\\\/\\\/regiaonews.net.br\\\/2022\\\/2023\\\/01\\\/28\\\/prefeita-paula-lemos-acompanha-preparacao-da-avenida-43-para-recebimento-do-recape-e-faz-visitas-tecnicas-as-obras-da-escola-estadual-do-nadir-kenan-e-casas-da-cdhu\\\/\"]}]},{\"@type\":\"ImageObject\",\"inLanguage\":\"pt-BR\",\"@id\":\"https:\\\/\\\/regiaonews.net.br\\\/2022\\\/2023\\\/01\\\/28\\\/prefeita-paula-lemos-acompanha-preparacao-da-avenida-43-para-recebimento-do-recape-e-faz-visitas-tecnicas-as-obras-da-escola-estadual-do-nadir-kenan-e-casas-da-cdhu\\\/#primaryimage\",\"url\":\"https:\\\/\\\/regiaonews.net.br\\\/2022\\\/wp-content\\\/uploads\\\/2023\\\/01\\\/WhatsApp-Image-2023-01-28-at-11.54.34.jpeg\",\"contentUrl\":\"https:\\\/\\\/regiaonews.net.br\\\/2022\\\/wp-content\\\/uploads\\\/2023\\\/01\\\/WhatsApp-Image-2023-01-28-at-11.54.34.jpeg\",\"width\":1600,\"height\":1068},{\"@type\":\"BreadcrumbList\",\"@id\":\"https:\\\/\\\/regiaonews.net.br\\\/2022\\\/2023\\\/01\\\/28\\\/prefeita-paula-lemos-acompanha-preparacao-da-avenida-43-para-recebimento-do-recape-e-faz-visitas-tecnicas-as-obras-da-escola-estadual-do-nadir-kenan-e-casas-da-cdhu\\\/#breadcrumb\",\"itemListElement\":[{\"@type\":\"ListItem\",\"position\":1,\"name\":\"In\u00edcio\",\"item\":\"https:\\\/\\\/regiaonews.net.br\\\/2022\\\/\"},{\"@type\":\"ListItem\",\"position\":2,\"name\":\"Paula Lemos acompanha prepara\u00e7\u00e3o da Avenida 43 para recape e faz visitas t\u00e9cnicas \u00e0s obras de Escola e casas da CDHU\"}]},{\"@type\":\"WebSite\",\"@id\":\"https:\\\/\\\/regiaonews.net.br\\\/2022\\\/#website\",\"url\":\"https:\\\/\\\/regiaonews.net.br\\\/2022\\\/\",\"name\":\"Regi\u00e3o News\",\"description\":\"Site de Not\u00edcias de Barretos e regi\u00e3o\",\"publisher\":{\"@id\":\"https:\\\/\\\/regiaonews.net.br\\\/2022\\\/#organization\"},\"potentialAction\":[{\"@type\":\"SearchAction\",\"target\":{\"@type\":\"EntryPoint\",\"urlTemplate\":\"https:\\\/\\\/regiaonews.net.br\\\/2022\\\/?s={search_term_string}\"},\"query-input\":{\"@type\":\"PropertyValueSpecification\",\"valueRequired\":true,\"valueName\":\"search_term_string\"}}],\"inLanguage\":\"pt-BR\"},{\"@type\":\"Organization\",\"@id\":\"https:\\\/\\\/regiaonews.net.br\\\/2022\\\/#organization\",\"name\":\"Regi\u00e3o News\",\"url\":\"https:\\\/\\\/regiaonews.net.br\\\/2022\\\/\",\"logo\":{\"@type\":\"ImageObject\",\"inLanguage\":\"pt-BR\",\"@id\":\"https:\\\/\\\/regiaonews.net.br\\\/2022\\\/#\\\/schema\\\/logo\\\/image\\\/\",\"url\":\"https:\\\/\\\/regiaonews.net.br\\\/2022\\\/wp-content\\\/uploads\\\/2026\\\/03\\\/regiao-13-anos-scaled.jpg\",\"contentUrl\":\"https:\\\/\\\/regiaonews.net.br\\\/2022\\\/wp-content\\\/uploads\\\/2026\\\/03\\\/regiao-13-anos-scaled.jpg\",\"width\":2560,\"height\":635,\"caption\":\"Regi\u00e3o News\"},\"image\":{\"@id\":\"https:\\\/\\\/regiaonews.net.br\\\/2022\\\/#\\\/schema\\\/logo\\\/image\\\/\"}},{\"@type\":\"Person\",\"@id\":\"https:\\\/\\\/regiaonews.net.br\\\/2022\\\/#\\\/schema\\\/person\\\/2d205a608a5aa97ac279d7a5e6d89ad8\",\"name\":\"Roberto\",\"image\":{\"@type\":\"ImageObject\",\"inLanguage\":\"pt-BR\",\"@id\":\"https:\\\/\\\/secure.gravatar.com\\\/avatar\\\/42749d8b712ff9d59ca93dc150494e5b55a44134482993f5baeb97e61b7ecc89?s=96&d=mm&r=g\",\"url\":\"https:\\\/\\\/secure.gravatar.com\\\/avatar\\\/42749d8b712ff9d59ca93dc150494e5b55a44134482993f5baeb97e61b7ecc89?s=96&d=mm&r=g\",\"contentUrl\":\"https:\\\/\\\/secure.gravatar.com\\\/avatar\\\/42749d8b712ff9d59ca93dc150494e5b55a44134482993f5baeb97e61b7ecc89?s=96&d=mm&r=g\",\"caption\":\"Roberto\"},\"url\":\"https:\\\/\\\/regiaonews.net.br\\\/2022\\\/author\\\/roberto\\\/\"}]}<\/script>\n<!-- \/ Yoast SEO plugin. -->","yoast_head_json":{"title":"Paula Lemos acompanha prepara\u00e7\u00e3o da Avenida 43 para recape e faz visitas t\u00e9cnicas \u00e0s obras de Escola e casas da CDHU - Regi\u00e3o News","robots":{"index":"index","follow":"follow","max-snippet":"max-snippet:-1","max-image-preview":"max-image-preview:large","max-video-preview":"max-video-preview:-1"},"canonical":"https:\/\/regiaonews.net.br\/2022\/2023\/01\/28\/prefeita-paula-lemos-acompanha-preparacao-da-avenida-43-para-recebimento-do-recape-e-faz-visitas-tecnicas-as-obras-da-escola-estadual-do-nadir-kenan-e-casas-da-cdhu\/","og_locale":"pt_BR","og_type":"article","og_title":"Paula Lemos acompanha prepara\u00e7\u00e3o da Avenida 43 para recape e faz visitas t\u00e9cnicas \u00e0s obras de Escola e casas da CDHU - Regi\u00e3o News","og_description":"Chefe do executivo destacou o servi\u00e7o de fresagem do pavimento","og_url":"https:\/\/regiaonews.net.br\/2022\/2023\/01\/28\/prefeita-paula-lemos-acompanha-preparacao-da-avenida-43-para-recebimento-do-recape-e-faz-visitas-tecnicas-as-obras-da-escola-estadual-do-nadir-kenan-e-casas-da-cdhu\/","og_site_name":"Regi\u00e3o News","article_published_time":"2023-01-28T17:42:00+00:00","article_modified_time":"2023-01-28T19:11:15+00:00","og_image":[{"width":1600,"height":1068,"url":"https:\/\/regiaonews.net.br\/2022\/wp-content\/uploads\/2023\/01\/WhatsApp-Image-2023-01-28-at-11.54.34.jpeg","type":"image\/jpeg"}],"author":"Roberto","twitter_card":"summary_large_image","twitter_misc":{"Escrito por":"Roberto","Est. tempo de leitura":"3 minutos"},"schema":{"@context":"https:\/\/schema.org","@graph":[{"@type":"Article","@id":"https:\/\/regiaonews.net.br\/2022\/2023\/01\/28\/prefeita-paula-lemos-acompanha-preparacao-da-avenida-43-para-recebimento-do-recape-e-faz-visitas-tecnicas-as-obras-da-escola-estadual-do-nadir-kenan-e-casas-da-cdhu\/#article","isPartOf":{"@id":"https:\/\/regiaonews.net.br\/2022\/2023\/01\/28\/prefeita-paula-lemos-acompanha-preparacao-da-avenida-43-para-recebimento-do-recape-e-faz-visitas-tecnicas-as-obras-da-escola-estadual-do-nadir-kenan-e-casas-da-cdhu\/"},"author":{"name":"Roberto","@id":"https:\/\/regiaonews.net.br\/2022\/#\/schema\/person\/2d205a608a5aa97ac279d7a5e6d89ad8"},"headline":"Paula Lemos acompanha prepara\u00e7\u00e3o da Avenida 43 para recape e faz visitas t\u00e9cnicas \u00e0s obras de Escola e casas da CDHU","datePublished":"2023-01-28T17:42:00+00:00","dateModified":"2023-01-28T19:11:15+00:00","mainEntityOfPage":{"@id":"https:\/\/regiaonews.net.br\/2022\/2023\/01\/28\/prefeita-paula-lemos-acompanha-preparacao-da-avenida-43-para-recebimento-do-recape-e-faz-visitas-tecnicas-as-obras-da-escola-estadual-do-nadir-kenan-e-casas-da-cdhu\/"},"wordCount":537,"commentCount":0,"publisher":{"@id":"https:\/\/regiaonews.net.br\/2022\/#organization"},"image":{"@id":"https:\/\/regiaonews.net.br\/2022\/2023\/01\/28\/prefeita-paula-lemos-acompanha-preparacao-da-avenida-43-para-recebimento-do-recape-e-faz-visitas-tecnicas-as-obras-da-escola-estadual-do-nadir-kenan-e-casas-da-cdhu\/#primaryimage"},"thumbnailUrl":"https:\/\/regiaonews.net.br\/2022\/wp-content\/uploads\/2023\/01\/WhatsApp-Image-2023-01-28-at-11.54.34.jpeg","articleSection":["Barretos","Cidades"],"inLanguage":"pt-BR","potentialAction":[{"@type":"CommentAction","name":"Comment","target":["https:\/\/regiaonews.net.br\/2022\/2023\/01\/28\/prefeita-paula-lemos-acompanha-preparacao-da-avenida-43-para-recebimento-do-recape-e-faz-visitas-tecnicas-as-obras-da-escola-estadual-do-nadir-kenan-e-casas-da-cdhu\/#respond"]}]},{"@type":"WebPage","@id":"https:\/\/regiaonews.net.br\/2022\/2023\/01\/28\/prefeita-paula-lemos-acompanha-preparacao-da-avenida-43-para-recebimento-do-recape-e-faz-visitas-tecnicas-as-obras-da-escola-estadual-do-nadir-kenan-e-casas-da-cdhu\/","url":"https:\/\/regiaonews.net.br\/2022\/2023\/01\/28\/prefeita-paula-lemos-acompanha-preparacao-da-avenida-43-para-recebimento-do-recape-e-faz-visitas-tecnicas-as-obras-da-escola-estadual-do-nadir-kenan-e-casas-da-cdhu\/","name":"Paula Lemos acompanha prepara\u00e7\u00e3o da Avenida 43 para recape e faz visitas t\u00e9cnicas \u00e0s obras de Escola e casas da CDHU - Regi\u00e3o News","isPartOf":{"@id":"https:\/\/regiaonews.net.br\/2022\/#website"},"primaryImageOfPage":{"@id":"https:\/\/regiaonews.net.br\/2022\/2023\/01\/28\/prefeita-paula-lemos-acompanha-preparacao-da-avenida-43-para-recebimento-do-recape-e-faz-visitas-tecnicas-as-obras-da-escola-estadual-do-nadir-kenan-e-casas-da-cdhu\/#primaryimage"},"image":{"@id":"https:\/\/regiaonews.net.br\/2022\/2023\/01\/28\/prefeita-paula-lemos-acompanha-preparacao-da-avenida-43-para-recebimento-do-recape-e-faz-visitas-tecnicas-as-obras-da-escola-estadual-do-nadir-kenan-e-casas-da-cdhu\/#primaryimage"},"thumbnailUrl":"https:\/\/regiaonews.net.br\/2022\/wp-content\/uploads\/2023\/01\/WhatsApp-Image-2023-01-28-at-11.54.34.jpeg","datePublished":"2023-01-28T17:42:00+00:00","dateModified":"2023-01-28T19:11:15+00:00","breadcrumb":{"@id":"https:\/\/regiaonews.net.br\/2022\/2023\/01\/28\/prefeita-paula-lemos-acompanha-preparacao-da-avenida-43-para-recebimento-do-recape-e-faz-visitas-tecnicas-as-obras-da-escola-estadual-do-nadir-kenan-e-casas-da-cdhu\/#breadcrumb"},"inLanguage":"pt-BR","potentialAction":[{"@type":"ReadAction","target":["https:\/\/regiaonews.net.br\/2022\/2023\/01\/28\/prefeita-paula-lemos-acompanha-preparacao-da-avenida-43-para-recebimento-do-recape-e-faz-visitas-tecnicas-as-obras-da-escola-estadual-do-nadir-kenan-e-casas-da-cdhu\/"]}]},{"@type":"ImageObject","inLanguage":"pt-BR","@id":"https:\/\/regiaonews.net.br\/2022\/2023\/01\/28\/prefeita-paula-lemos-acompanha-preparacao-da-avenida-43-para-recebimento-do-recape-e-faz-visitas-tecnicas-as-obras-da-escola-estadual-do-nadir-kenan-e-casas-da-cdhu\/#primaryimage","url":"https:\/\/regiaonews.net.br\/2022\/wp-content\/uploads\/2023\/01\/WhatsApp-Image-2023-01-28-at-11.54.34.jpeg","contentUrl":"https:\/\/regiaonews.net.br\/2022\/wp-content\/uploads\/2023\/01\/WhatsApp-Image-2023-01-28-at-11.54.34.jpeg","width":1600,"height":1068},{"@type":"BreadcrumbList","@id":"https:\/\/regiaonews.net.br\/2022\/2023\/01\/28\/prefeita-paula-lemos-acompanha-preparacao-da-avenida-43-para-recebimento-do-recape-e-faz-visitas-tecnicas-as-obras-da-escola-estadual-do-nadir-kenan-e-casas-da-cdhu\/#breadcrumb","itemListElement":[{"@type":"ListItem","position":1,"name":"In\u00edcio","item":"https:\/\/regiaonews.net.br\/2022\/"},{"@type":"ListItem","position":2,"name":"Paula Lemos acompanha prepara\u00e7\u00e3o da Avenida 43 para recape e faz visitas t\u00e9cnicas \u00e0s obras de Escola e casas da CDHU"}]},{"@type":"WebSite","@id":"https:\/\/regiaonews.net.br\/2022\/#website","url":"https:\/\/regiaonews.net.br\/2022\/","name":"Regi\u00e3o News","description":"Site de Not\u00edcias de Barretos e regi\u00e3o","publisher":{"@id":"https:\/\/regiaonews.net.br\/2022\/#organization"},"potentialAction":[{"@type":"SearchAction","target":{"@type":"EntryPoint","urlTemplate":"https:\/\/regiaonews.net.br\/2022\/?s={search_term_string}"},"query-input":{"@type":"PropertyValueSpecification","valueRequired":true,"valueName":"search_term_string"}}],"inLanguage":"pt-BR"},{"@type":"Organization","@id":"https:\/\/regiaonews.net.br\/2022\/#organization","name":"Regi\u00e3o News","url":"https:\/\/regiaonews.net.br\/2022\/","logo":{"@type":"ImageObject","inLanguage":"pt-BR","@id":"https:\/\/regiaonews.net.br\/2022\/#\/schema\/logo\/image\/","url":"https:\/\/regiaonews.net.br\/2022\/wp-content\/uploads\/2026\/03\/regiao-13-anos-scaled.jpg","contentUrl":"https:\/\/regiaonews.net.br\/2022\/wp-content\/uploads\/2026\/03\/regiao-13-anos-scaled.jpg","width":2560,"height":635,"caption":"Regi\u00e3o News"},"image":{"@id":"https:\/\/regiaonews.net.br\/2022\/#\/schema\/logo\/image\/"}},{"@type":"Person","@id":"https:\/\/regiaonews.net.br\/2022\/#\/schema\/person\/2d205a608a5aa97ac279d7a5e6d89ad8","name":"Roberto","image":{"@type":"ImageObject","inLanguage":"pt-BR","@id":"https:\/\/secure.gravatar.com\/avatar\/42749d8b712ff9d59ca93dc150494e5b55a44134482993f5baeb97e61b7ecc89?s=96&d=mm&r=g","url":"https:\/\/secure.gravatar.com\/avatar\/42749d8b712ff9d59ca93dc150494e5b55a44134482993f5baeb97e61b7ecc89?s=96&d=mm&r=g","contentUrl":"https:\/\/secure.gravatar.com\/avatar\/42749d8b712ff9d59ca93dc150494e5b55a44134482993f5baeb97e61b7ecc89?s=96&d=mm&r=g","caption":"Roberto"},"url":"https:\/\/regiaonews.net.br\/2022\/author\/roberto\/"}]}},"publishpress_future_action":{"enabled":false,"date":"2026-05-09 10:22:13","action":"change-status","newStatus":"draft","terms":[],"taxonomy":"category","extraData":[]},"publishpress_future_workflow_manual_trigger":{"enabledWorkflows":[]},"_links":{"self":[{"href":"https:\/\/regiaonews.net.br\/2022\/wp-json\/wp\/v2\/posts\/83317","targetHints":{"allow":["GET"]}}],"collection":[{"href":"https:\/\/regiaonews.net.br\/2022\/wp-json\/wp\/v2\/posts"}],"about":[{"href":"https:\/\/regiaonews.net.br\/2022\/wp-json\/wp\/v2\/types\/post"}],"author":[{"embeddable":true,"href":"https:\/\/regiaonews.net.br\/2022\/wp-json\/wp\/v2\/users\/2"}],"replies":[{"embeddable":true,"href":"https:\/\/regiaonews.net.br\/2022\/wp-json\/wp\/v2\/comments?post=83317"}],"version-history":[{"count":4,"href":"https:\/\/regiaonews.net.br\/2022\/wp-json\/wp\/v2\/posts\/83317\/revisions"}],"predecessor-version":[{"id":83329,"href":"https:\/\/regiaonews.net.br\/2022\/wp-json\/wp\/v2\/posts\/83317\/revisions\/83329"}],"wp:featuredmedia":[{"embeddable":true,"href":"https:\/\/regiaonews.net.br\/2022\/wp-json\/wp\/v2\/media\/83318"}],"wp:attachment":[{"href":"https:\/\/regiaonews.net.br\/2022\/wp-json\/wp\/v2\/media?parent=83317"}],"wp:term":[{"taxonomy":"category","embeddable":true,"href":"https:\/\/regiaonews.net.br\/2022\/wp-json\/wp\/v2\/categories?post=83317"},{"taxonomy":"post_tag","embeddable":true,"href":"https:\/\/regiaonews.net.br\/2022\/wp-json\/wp\/v2\/tags?post=83317"}],"curies":[{"name":"wp","href":"https:\/\/api.w.org\/{rel}","templated":true}]}}