{"id":83314,"date":"2023-01-28T14:40:37","date_gmt":"2023-01-28T17:40:37","guid":{"rendered":"https:\/\/regiaonews.net.br\/2022\/?p=83314"},"modified":"2023-01-28T16:12:06","modified_gmt":"2023-01-28T19:12:06","slug":"comite-da-bacia-hidrografica-do-baixo-pardo-grande-fecha-parceria-com-municipios-para-a-realizacao-do-projeto-de-educacao-ambiental-acqua-titas","status":"publish","type":"post","link":"https:\/\/regiaonews.net.br\/2022\/2023\/01\/28\/comite-da-bacia-hidrografica-do-baixo-pardo-grande-fecha-parceria-com-municipios-para-a-realizacao-do-projeto-de-educacao-ambiental-acqua-titas\/","title":{"rendered":"Comit\u00ea da Bacia Hidrogr\u00e1fica do Baixo Pardo\/Grande fecha parceria com munic\u00edpios"},"content":{"rendered":"<p>&nbsp;<\/p>\n<p>Nesta semana, os coordenadores do projeto de educa\u00e7\u00e3o ambiental Acqua Tit\u00e3s \u2013 Os Guardi\u00f5es das \u00c1guas, desenvolvido pelo Comit\u00ea da Bacia Hidrogr\u00e1fica do Baixo Pardo\/Grande (CBH-BPG), visitaram secretarias\/diretorias municipais de educa\u00e7\u00e3o e meio ambiente a fim de apresentarem as a\u00e7\u00f5es a serem desenvolvidas em 2023, na busca de parceria, j\u00e1 que as atividades t\u00eam como p\u00fablico-alvo principal os estudantes da rede municipal de ensino.<\/p>\n<p>Luciana Cunha \u2013 Secretaria Executiva Adjunta e Coordenadora da C\u00e2mara T\u00e9cnica de Planejamento e Gerenciamento de Recursos H\u00eddricos, e Luis Vergilio Locci Junior \u2013 Relator das C\u00e2maras T\u00e9cnicas do CBH-BPG foram recebidos em Bebedouro, Terra Roxa, Gua\u00edra, Altair e Ic\u00e9m. Com exce\u00e7\u00e3o de Altair, os demais munic\u00edpios visitados j\u00e1 deram total apoio na participa\u00e7\u00e3o das atividades do projeto.<\/p>\n<p>Na sexta-feira (27), Luciana e Virg\u00edlio foram recebidos pelo diretor de Meio Ambiente Messias Paulo Ribeiro e a diretora de Educa\u00e7\u00e3o Nilcelena Marques Neves do munic\u00edpio de Ic\u00e9m.<\/p>\n<p>Nas redes sociais da Prefeitura de Ic\u00e9m, a administra\u00e7\u00e3o municipal postou a foto do encontro destacando que \u201capoia a preserva\u00e7\u00e3o do meio ambiente\u201d, e \u201cacredita que ela seja uma pe\u00e7a fundamental para obter mais qualidade de vida, sa\u00fade e desenvolvimento do nosso munic\u00edpio\u201d.<\/p>\n<p>O projeto tem como objetivo oportunizar as caracter\u00edsticas do CBH-BPG e criar a\u00e7\u00f5es de conscientiza\u00e7\u00e3o sobre o uso racional e preserva\u00e7\u00e3o dos recursos h\u00eddricos. A proposta \u00e9 que essas a\u00e7\u00f5es sejam desenvolvidas por meio de atividades l\u00fadicas e pe\u00e7as publicit\u00e1rias animadas por personagens que representem os 13 munic\u00edpios que comp\u00f5em o CBH-BPG: Altair, Barretos, Bebedouro, Colina, Col\u00f4mbia, Gua\u00edra, Guaraci, Ic\u00e9m, Jaborandi, Morro Agudo, Orl\u00e2ndia, Terra Roxa e Viradouro.<\/p>\n<p>Concurso Cultural<\/p>\n<p>A primeira atividade ser\u00e1 desenvolvida na Semana da \u00c1gua, no m\u00eas de mar\u00e7o, com o Concurso Cultural em que os alunos do Ensino Fundamental I da rede municipal destes munic\u00edpios criem um personagem que ser\u00e1 eleito por meio de um corpo de jurados para integrar o grupo de Acqua Tit\u00e3s. O super-her\u00f3i ou super-hero\u00edna dever\u00e1 ter caracter\u00edsticas que leve em considera\u00e7\u00e3o a tradi\u00e7\u00e3o e a cultura de cada munic\u00edpio.<\/p>\n<p>Os vencedores ser\u00e3o premiados no dia 05 de junho, Dia do Meio Ambiente, em solenidade no North Shopping Barretos, onde receber\u00e3o o Kit Acqua Tit\u00e3s e mimos oferecidos pelo Centerplex Cinemas, MC Donalds, Chiquinho Sorvetes e Goril\u00e3o Fam\u00edlia.<\/p>\n<p>Foto :\u00a0 Nilcelena Marques Neves &#8211; diretora de Educa\u00e7\u00e3o de Ic\u00e9m, Luis Vergilio Locci Junior \u2013 e Luciana Cunha do CBH-BPG, e Messias Paulo Ribeiro &#8211; diretor de Meio Ambiente Messias de Ic\u00e9m.<\/p>\n","protected":false},"excerpt":{"rendered":"<p>&nbsp; Nesta semana, os coordenadores do projeto de educa\u00e7\u00e3o ambiental<\/p>\n","protected":false},"author":2,"featured_media":83315,"comment_status":"open","ping_status":"open","sticky":false,"template":"","format":"standard","meta":{"footnotes":""},"categories":[1],"tags":[],"class_list":["post-83314","post","type-post","status-publish","format-standard","has-post-thumbnail","hentry","category-indefinido"],"yoast_head":"<!-- This site is optimized with the Yoast SEO plugin v27.5 - https:\/\/yoast.com\/product\/yoast-seo-wordpress\/ -->\n<title>Comit\u00ea da Bacia Hidrogr\u00e1fica do Baixo Pardo\/Grande fecha parceria com munic\u00edpios - Regi\u00e3o News<\/title>\n<meta name=\"robots\" content=\"index, follow, max-snippet:-1, max-image-preview:large, max-video-preview:-1\" \/>\n<link rel=\"canonical\" href=\"https:\/\/regiaonews.net.br\/2022\/2023\/01\/28\/comite-da-bacia-hidrografica-do-baixo-pardo-grande-fecha-parceria-com-municipios-para-a-realizacao-do-projeto-de-educacao-ambiental-acqua-titas\/\" \/>\n<meta property=\"og:locale\" content=\"pt_BR\" \/>\n<meta property=\"og:type\" content=\"article\" \/>\n<meta property=\"og:title\" content=\"Comit\u00ea da Bacia Hidrogr\u00e1fica do Baixo Pardo\/Grande fecha parceria com munic\u00edpios - Regi\u00e3o News\" \/>\n<meta property=\"og:description\" content=\"&nbsp; Nesta semana, os coordenadores do projeto de educa\u00e7\u00e3o ambiental\" \/>\n<meta property=\"og:url\" content=\"https:\/\/regiaonews.net.br\/2022\/2023\/01\/28\/comite-da-bacia-hidrografica-do-baixo-pardo-grande-fecha-parceria-com-municipios-para-a-realizacao-do-projeto-de-educacao-ambiental-acqua-titas\/\" \/>\n<meta property=\"og:site_name\" content=\"Regi\u00e3o News\" \/>\n<meta property=\"article:published_time\" content=\"2023-01-28T17:40:37+00:00\" \/>\n<meta property=\"article:modified_time\" content=\"2023-01-28T19:12:06+00:00\" \/>\n<meta property=\"og:image\" content=\"https:\/\/regiaonews.net.br\/2022\/wp-content\/uploads\/2023\/01\/WhatsApp-Image-2023-01-28-at-10.25.25.jpeg\" \/>\n\t<meta property=\"og:image:width\" content=\"1600\" \/>\n\t<meta property=\"og:image:height\" content=\"1200\" \/>\n\t<meta property=\"og:image:type\" content=\"image\/jpeg\" \/>\n<meta name=\"author\" content=\"Roberto\" \/>\n<meta name=\"twitter:card\" content=\"summary_large_image\" \/>\n<meta name=\"twitter:label1\" content=\"Escrito por\" \/>\n\t<meta name=\"twitter:data1\" content=\"Roberto\" \/>\n\t<meta name=\"twitter:label2\" content=\"Est. tempo de leitura\" \/>\n\t<meta name=\"twitter:data2\" content=\"3 minutos\" \/>\n<script type=\"application\/ld+json\" class=\"yoast-schema-graph\">{\"@context\":\"https:\\\/\\\/schema.org\",\"@graph\":[{\"@type\":\"Article\",\"@id\":\"https:\\\/\\\/regiaonews.net.br\\\/2022\\\/2023\\\/01\\\/28\\\/comite-da-bacia-hidrografica-do-baixo-pardo-grande-fecha-parceria-com-municipios-para-a-realizacao-do-projeto-de-educacao-ambiental-acqua-titas\\\/#article\",\"isPartOf\":{\"@id\":\"https:\\\/\\\/regiaonews.net.br\\\/2022\\\/2023\\\/01\\\/28\\\/comite-da-bacia-hidrografica-do-baixo-pardo-grande-fecha-parceria-com-municipios-para-a-realizacao-do-projeto-de-educacao-ambiental-acqua-titas\\\/\"},\"author\":{\"name\":\"Roberto\",\"@id\":\"https:\\\/\\\/regiaonews.net.br\\\/2022\\\/#\\\/schema\\\/person\\\/2d205a608a5aa97ac279d7a5e6d89ad8\"},\"headline\":\"Comit\u00ea da Bacia Hidrogr\u00e1fica do Baixo Pardo\\\/Grande fecha parceria com munic\u00edpios\",\"datePublished\":\"2023-01-28T17:40:37+00:00\",\"dateModified\":\"2023-01-28T19:12:06+00:00\",\"mainEntityOfPage\":{\"@id\":\"https:\\\/\\\/regiaonews.net.br\\\/2022\\\/2023\\\/01\\\/28\\\/comite-da-bacia-hidrografica-do-baixo-pardo-grande-fecha-parceria-com-municipios-para-a-realizacao-do-projeto-de-educacao-ambiental-acqua-titas\\\/\"},\"wordCount\":471,\"commentCount\":0,\"publisher\":{\"@id\":\"https:\\\/\\\/regiaonews.net.br\\\/2022\\\/#organization\"},\"image\":{\"@id\":\"https:\\\/\\\/regiaonews.net.br\\\/2022\\\/2023\\\/01\\\/28\\\/comite-da-bacia-hidrografica-do-baixo-pardo-grande-fecha-parceria-com-municipios-para-a-realizacao-do-projeto-de-educacao-ambiental-acqua-titas\\\/#primaryimage\"},\"thumbnailUrl\":\"https:\\\/\\\/regiaonews.net.br\\\/2022\\\/wp-content\\\/uploads\\\/2023\\\/01\\\/WhatsApp-Image-2023-01-28-at-10.25.25.jpeg\",\"articleSection\":[\"Indefinido\"],\"inLanguage\":\"pt-BR\",\"potentialAction\":[{\"@type\":\"CommentAction\",\"name\":\"Comment\",\"target\":[\"https:\\\/\\\/regiaonews.net.br\\\/2022\\\/2023\\\/01\\\/28\\\/comite-da-bacia-hidrografica-do-baixo-pardo-grande-fecha-parceria-com-municipios-para-a-realizacao-do-projeto-de-educacao-ambiental-acqua-titas\\\/#respond\"]}]},{\"@type\":\"WebPage\",\"@id\":\"https:\\\/\\\/regiaonews.net.br\\\/2022\\\/2023\\\/01\\\/28\\\/comite-da-bacia-hidrografica-do-baixo-pardo-grande-fecha-parceria-com-municipios-para-a-realizacao-do-projeto-de-educacao-ambiental-acqua-titas\\\/\",\"url\":\"https:\\\/\\\/regiaonews.net.br\\\/2022\\\/2023\\\/01\\\/28\\\/comite-da-bacia-hidrografica-do-baixo-pardo-grande-fecha-parceria-com-municipios-para-a-realizacao-do-projeto-de-educacao-ambiental-acqua-titas\\\/\",\"name\":\"Comit\u00ea da Bacia Hidrogr\u00e1fica do Baixo Pardo\\\/Grande fecha parceria com munic\u00edpios - Regi\u00e3o News\",\"isPartOf\":{\"@id\":\"https:\\\/\\\/regiaonews.net.br\\\/2022\\\/#website\"},\"primaryImageOfPage\":{\"@id\":\"https:\\\/\\\/regiaonews.net.br\\\/2022\\\/2023\\\/01\\\/28\\\/comite-da-bacia-hidrografica-do-baixo-pardo-grande-fecha-parceria-com-municipios-para-a-realizacao-do-projeto-de-educacao-ambiental-acqua-titas\\\/#primaryimage\"},\"image\":{\"@id\":\"https:\\\/\\\/regiaonews.net.br\\\/2022\\\/2023\\\/01\\\/28\\\/comite-da-bacia-hidrografica-do-baixo-pardo-grande-fecha-parceria-com-municipios-para-a-realizacao-do-projeto-de-educacao-ambiental-acqua-titas\\\/#primaryimage\"},\"thumbnailUrl\":\"https:\\\/\\\/regiaonews.net.br\\\/2022\\\/wp-content\\\/uploads\\\/2023\\\/01\\\/WhatsApp-Image-2023-01-28-at-10.25.25.jpeg\",\"datePublished\":\"2023-01-28T17:40:37+00:00\",\"dateModified\":\"2023-01-28T19:12:06+00:00\",\"breadcrumb\":{\"@id\":\"https:\\\/\\\/regiaonews.net.br\\\/2022\\\/2023\\\/01\\\/28\\\/comite-da-bacia-hidrografica-do-baixo-pardo-grande-fecha-parceria-com-municipios-para-a-realizacao-do-projeto-de-educacao-ambiental-acqua-titas\\\/#breadcrumb\"},\"inLanguage\":\"pt-BR\",\"potentialAction\":[{\"@type\":\"ReadAction\",\"target\":[\"https:\\\/\\\/regiaonews.net.br\\\/2022\\\/2023\\\/01\\\/28\\\/comite-da-bacia-hidrografica-do-baixo-pardo-grande-fecha-parceria-com-municipios-para-a-realizacao-do-projeto-de-educacao-ambiental-acqua-titas\\\/\"]}]},{\"@type\":\"ImageObject\",\"inLanguage\":\"pt-BR\",\"@id\":\"https:\\\/\\\/regiaonews.net.br\\\/2022\\\/2023\\\/01\\\/28\\\/comite-da-bacia-hidrografica-do-baixo-pardo-grande-fecha-parceria-com-municipios-para-a-realizacao-do-projeto-de-educacao-ambiental-acqua-titas\\\/#primaryimage\",\"url\":\"https:\\\/\\\/regiaonews.net.br\\\/2022\\\/wp-content\\\/uploads\\\/2023\\\/01\\\/WhatsApp-Image-2023-01-28-at-10.25.25.jpeg\",\"contentUrl\":\"https:\\\/\\\/regiaonews.net.br\\\/2022\\\/wp-content\\\/uploads\\\/2023\\\/01\\\/WhatsApp-Image-2023-01-28-at-10.25.25.jpeg\",\"width\":1600,\"height\":1200},{\"@type\":\"BreadcrumbList\",\"@id\":\"https:\\\/\\\/regiaonews.net.br\\\/2022\\\/2023\\\/01\\\/28\\\/comite-da-bacia-hidrografica-do-baixo-pardo-grande-fecha-parceria-com-municipios-para-a-realizacao-do-projeto-de-educacao-ambiental-acqua-titas\\\/#breadcrumb\",\"itemListElement\":[{\"@type\":\"ListItem\",\"position\":1,\"name\":\"In\u00edcio\",\"item\":\"https:\\\/\\\/regiaonews.net.br\\\/2022\\\/\"},{\"@type\":\"ListItem\",\"position\":2,\"name\":\"Comit\u00ea da Bacia Hidrogr\u00e1fica do Baixo Pardo\\\/Grande fecha parceria com munic\u00edpios\"}]},{\"@type\":\"WebSite\",\"@id\":\"https:\\\/\\\/regiaonews.net.br\\\/2022\\\/#website\",\"url\":\"https:\\\/\\\/regiaonews.net.br\\\/2022\\\/\",\"name\":\"Regi\u00e3o News\",\"description\":\"Site de Not\u00edcias de Barretos e regi\u00e3o\",\"publisher\":{\"@id\":\"https:\\\/\\\/regiaonews.net.br\\\/2022\\\/#organization\"},\"potentialAction\":[{\"@type\":\"SearchAction\",\"target\":{\"@type\":\"EntryPoint\",\"urlTemplate\":\"https:\\\/\\\/regiaonews.net.br\\\/2022\\\/?s={search_term_string}\"},\"query-input\":{\"@type\":\"PropertyValueSpecification\",\"valueRequired\":true,\"valueName\":\"search_term_string\"}}],\"inLanguage\":\"pt-BR\"},{\"@type\":\"Organization\",\"@id\":\"https:\\\/\\\/regiaonews.net.br\\\/2022\\\/#organization\",\"name\":\"Regi\u00e3o News\",\"url\":\"https:\\\/\\\/regiaonews.net.br\\\/2022\\\/\",\"logo\":{\"@type\":\"ImageObject\",\"inLanguage\":\"pt-BR\",\"@id\":\"https:\\\/\\\/regiaonews.net.br\\\/2022\\\/#\\\/schema\\\/logo\\\/image\\\/\",\"url\":\"https:\\\/\\\/regiaonews.net.br\\\/2022\\\/wp-content\\\/uploads\\\/2026\\\/03\\\/regiao-13-anos-scaled.jpg\",\"contentUrl\":\"https:\\\/\\\/regiaonews.net.br\\\/2022\\\/wp-content\\\/uploads\\\/2026\\\/03\\\/regiao-13-anos-scaled.jpg\",\"width\":2560,\"height\":635,\"caption\":\"Regi\u00e3o News\"},\"image\":{\"@id\":\"https:\\\/\\\/regiaonews.net.br\\\/2022\\\/#\\\/schema\\\/logo\\\/image\\\/\"}},{\"@type\":\"Person\",\"@id\":\"https:\\\/\\\/regiaonews.net.br\\\/2022\\\/#\\\/schema\\\/person\\\/2d205a608a5aa97ac279d7a5e6d89ad8\",\"name\":\"Roberto\",\"image\":{\"@type\":\"ImageObject\",\"inLanguage\":\"pt-BR\",\"@id\":\"https:\\\/\\\/secure.gravatar.com\\\/avatar\\\/42749d8b712ff9d59ca93dc150494e5b55a44134482993f5baeb97e61b7ecc89?s=96&d=mm&r=g\",\"url\":\"https:\\\/\\\/secure.gravatar.com\\\/avatar\\\/42749d8b712ff9d59ca93dc150494e5b55a44134482993f5baeb97e61b7ecc89?s=96&d=mm&r=g\",\"contentUrl\":\"https:\\\/\\\/secure.gravatar.com\\\/avatar\\\/42749d8b712ff9d59ca93dc150494e5b55a44134482993f5baeb97e61b7ecc89?s=96&d=mm&r=g\",\"caption\":\"Roberto\"},\"url\":\"https:\\\/\\\/regiaonews.net.br\\\/2022\\\/author\\\/roberto\\\/\"}]}<\/script>\n<!-- \/ Yoast SEO plugin. -->","yoast_head_json":{"title":"Comit\u00ea da Bacia Hidrogr\u00e1fica do Baixo Pardo\/Grande fecha parceria com munic\u00edpios - Regi\u00e3o News","robots":{"index":"index","follow":"follow","max-snippet":"max-snippet:-1","max-image-preview":"max-image-preview:large","max-video-preview":"max-video-preview:-1"},"canonical":"https:\/\/regiaonews.net.br\/2022\/2023\/01\/28\/comite-da-bacia-hidrografica-do-baixo-pardo-grande-fecha-parceria-com-municipios-para-a-realizacao-do-projeto-de-educacao-ambiental-acqua-titas\/","og_locale":"pt_BR","og_type":"article","og_title":"Comit\u00ea da Bacia Hidrogr\u00e1fica do Baixo Pardo\/Grande fecha parceria com munic\u00edpios - Regi\u00e3o News","og_description":"&nbsp; Nesta semana, os coordenadores do projeto de educa\u00e7\u00e3o ambiental","og_url":"https:\/\/regiaonews.net.br\/2022\/2023\/01\/28\/comite-da-bacia-hidrografica-do-baixo-pardo-grande-fecha-parceria-com-municipios-para-a-realizacao-do-projeto-de-educacao-ambiental-acqua-titas\/","og_site_name":"Regi\u00e3o News","article_published_time":"2023-01-28T17:40:37+00:00","article_modified_time":"2023-01-28T19:12:06+00:00","og_image":[{"width":1600,"height":1200,"url":"https:\/\/regiaonews.net.br\/2022\/wp-content\/uploads\/2023\/01\/WhatsApp-Image-2023-01-28-at-10.25.25.jpeg","type":"image\/jpeg"}],"author":"Roberto","twitter_card":"summary_large_image","twitter_misc":{"Escrito por":"Roberto","Est. tempo de leitura":"3 minutos"},"schema":{"@context":"https:\/\/schema.org","@graph":[{"@type":"Article","@id":"https:\/\/regiaonews.net.br\/2022\/2023\/01\/28\/comite-da-bacia-hidrografica-do-baixo-pardo-grande-fecha-parceria-com-municipios-para-a-realizacao-do-projeto-de-educacao-ambiental-acqua-titas\/#article","isPartOf":{"@id":"https:\/\/regiaonews.net.br\/2022\/2023\/01\/28\/comite-da-bacia-hidrografica-do-baixo-pardo-grande-fecha-parceria-com-municipios-para-a-realizacao-do-projeto-de-educacao-ambiental-acqua-titas\/"},"author":{"name":"Roberto","@id":"https:\/\/regiaonews.net.br\/2022\/#\/schema\/person\/2d205a608a5aa97ac279d7a5e6d89ad8"},"headline":"Comit\u00ea da Bacia Hidrogr\u00e1fica do Baixo Pardo\/Grande fecha parceria com munic\u00edpios","datePublished":"2023-01-28T17:40:37+00:00","dateModified":"2023-01-28T19:12:06+00:00","mainEntityOfPage":{"@id":"https:\/\/regiaonews.net.br\/2022\/2023\/01\/28\/comite-da-bacia-hidrografica-do-baixo-pardo-grande-fecha-parceria-com-municipios-para-a-realizacao-do-projeto-de-educacao-ambiental-acqua-titas\/"},"wordCount":471,"commentCount":0,"publisher":{"@id":"https:\/\/regiaonews.net.br\/2022\/#organization"},"image":{"@id":"https:\/\/regiaonews.net.br\/2022\/2023\/01\/28\/comite-da-bacia-hidrografica-do-baixo-pardo-grande-fecha-parceria-com-municipios-para-a-realizacao-do-projeto-de-educacao-ambiental-acqua-titas\/#primaryimage"},"thumbnailUrl":"https:\/\/regiaonews.net.br\/2022\/wp-content\/uploads\/2023\/01\/WhatsApp-Image-2023-01-28-at-10.25.25.jpeg","articleSection":["Indefinido"],"inLanguage":"pt-BR","potentialAction":[{"@type":"CommentAction","name":"Comment","target":["https:\/\/regiaonews.net.br\/2022\/2023\/01\/28\/comite-da-bacia-hidrografica-do-baixo-pardo-grande-fecha-parceria-com-municipios-para-a-realizacao-do-projeto-de-educacao-ambiental-acqua-titas\/#respond"]}]},{"@type":"WebPage","@id":"https:\/\/regiaonews.net.br\/2022\/2023\/01\/28\/comite-da-bacia-hidrografica-do-baixo-pardo-grande-fecha-parceria-com-municipios-para-a-realizacao-do-projeto-de-educacao-ambiental-acqua-titas\/","url":"https:\/\/regiaonews.net.br\/2022\/2023\/01\/28\/comite-da-bacia-hidrografica-do-baixo-pardo-grande-fecha-parceria-com-municipios-para-a-realizacao-do-projeto-de-educacao-ambiental-acqua-titas\/","name":"Comit\u00ea da Bacia Hidrogr\u00e1fica do Baixo Pardo\/Grande fecha parceria com munic\u00edpios - Regi\u00e3o News","isPartOf":{"@id":"https:\/\/regiaonews.net.br\/2022\/#website"},"primaryImageOfPage":{"@id":"https:\/\/regiaonews.net.br\/2022\/2023\/01\/28\/comite-da-bacia-hidrografica-do-baixo-pardo-grande-fecha-parceria-com-municipios-para-a-realizacao-do-projeto-de-educacao-ambiental-acqua-titas\/#primaryimage"},"image":{"@id":"https:\/\/regiaonews.net.br\/2022\/2023\/01\/28\/comite-da-bacia-hidrografica-do-baixo-pardo-grande-fecha-parceria-com-municipios-para-a-realizacao-do-projeto-de-educacao-ambiental-acqua-titas\/#primaryimage"},"thumbnailUrl":"https:\/\/regiaonews.net.br\/2022\/wp-content\/uploads\/2023\/01\/WhatsApp-Image-2023-01-28-at-10.25.25.jpeg","datePublished":"2023-01-28T17:40:37+00:00","dateModified":"2023-01-28T19:12:06+00:00","breadcrumb":{"@id":"https:\/\/regiaonews.net.br\/2022\/2023\/01\/28\/comite-da-bacia-hidrografica-do-baixo-pardo-grande-fecha-parceria-com-municipios-para-a-realizacao-do-projeto-de-educacao-ambiental-acqua-titas\/#breadcrumb"},"inLanguage":"pt-BR","potentialAction":[{"@type":"ReadAction","target":["https:\/\/regiaonews.net.br\/2022\/2023\/01\/28\/comite-da-bacia-hidrografica-do-baixo-pardo-grande-fecha-parceria-com-municipios-para-a-realizacao-do-projeto-de-educacao-ambiental-acqua-titas\/"]}]},{"@type":"ImageObject","inLanguage":"pt-BR","@id":"https:\/\/regiaonews.net.br\/2022\/2023\/01\/28\/comite-da-bacia-hidrografica-do-baixo-pardo-grande-fecha-parceria-com-municipios-para-a-realizacao-do-projeto-de-educacao-ambiental-acqua-titas\/#primaryimage","url":"https:\/\/regiaonews.net.br\/2022\/wp-content\/uploads\/2023\/01\/WhatsApp-Image-2023-01-28-at-10.25.25.jpeg","contentUrl":"https:\/\/regiaonews.net.br\/2022\/wp-content\/uploads\/2023\/01\/WhatsApp-Image-2023-01-28-at-10.25.25.jpeg","width":1600,"height":1200},{"@type":"BreadcrumbList","@id":"https:\/\/regiaonews.net.br\/2022\/2023\/01\/28\/comite-da-bacia-hidrografica-do-baixo-pardo-grande-fecha-parceria-com-municipios-para-a-realizacao-do-projeto-de-educacao-ambiental-acqua-titas\/#breadcrumb","itemListElement":[{"@type":"ListItem","position":1,"name":"In\u00edcio","item":"https:\/\/regiaonews.net.br\/2022\/"},{"@type":"ListItem","position":2,"name":"Comit\u00ea da Bacia Hidrogr\u00e1fica do Baixo Pardo\/Grande fecha parceria com munic\u00edpios"}]},{"@type":"WebSite","@id":"https:\/\/regiaonews.net.br\/2022\/#website","url":"https:\/\/regiaonews.net.br\/2022\/","name":"Regi\u00e3o News","description":"Site de Not\u00edcias de Barretos e regi\u00e3o","publisher":{"@id":"https:\/\/regiaonews.net.br\/2022\/#organization"},"potentialAction":[{"@type":"SearchAction","target":{"@type":"EntryPoint","urlTemplate":"https:\/\/regiaonews.net.br\/2022\/?s={search_term_string}"},"query-input":{"@type":"PropertyValueSpecification","valueRequired":true,"valueName":"search_term_string"}}],"inLanguage":"pt-BR"},{"@type":"Organization","@id":"https:\/\/regiaonews.net.br\/2022\/#organization","name":"Regi\u00e3o News","url":"https:\/\/regiaonews.net.br\/2022\/","logo":{"@type":"ImageObject","inLanguage":"pt-BR","@id":"https:\/\/regiaonews.net.br\/2022\/#\/schema\/logo\/image\/","url":"https:\/\/regiaonews.net.br\/2022\/wp-content\/uploads\/2026\/03\/regiao-13-anos-scaled.jpg","contentUrl":"https:\/\/regiaonews.net.br\/2022\/wp-content\/uploads\/2026\/03\/regiao-13-anos-scaled.jpg","width":2560,"height":635,"caption":"Regi\u00e3o News"},"image":{"@id":"https:\/\/regiaonews.net.br\/2022\/#\/schema\/logo\/image\/"}},{"@type":"Person","@id":"https:\/\/regiaonews.net.br\/2022\/#\/schema\/person\/2d205a608a5aa97ac279d7a5e6d89ad8","name":"Roberto","image":{"@type":"ImageObject","inLanguage":"pt-BR","@id":"https:\/\/secure.gravatar.com\/avatar\/42749d8b712ff9d59ca93dc150494e5b55a44134482993f5baeb97e61b7ecc89?s=96&d=mm&r=g","url":"https:\/\/secure.gravatar.com\/avatar\/42749d8b712ff9d59ca93dc150494e5b55a44134482993f5baeb97e61b7ecc89?s=96&d=mm&r=g","contentUrl":"https:\/\/secure.gravatar.com\/avatar\/42749d8b712ff9d59ca93dc150494e5b55a44134482993f5baeb97e61b7ecc89?s=96&d=mm&r=g","caption":"Roberto"},"url":"https:\/\/regiaonews.net.br\/2022\/author\/roberto\/"}]}},"publishpress_future_action":{"enabled":false,"date":"2026-05-09 08:54:20","action":"change-status","newStatus":"draft","terms":[],"taxonomy":"category","extraData":[]},"publishpress_future_workflow_manual_trigger":{"enabledWorkflows":[]},"_links":{"self":[{"href":"https:\/\/regiaonews.net.br\/2022\/wp-json\/wp\/v2\/posts\/83314","targetHints":{"allow":["GET"]}}],"collection":[{"href":"https:\/\/regiaonews.net.br\/2022\/wp-json\/wp\/v2\/posts"}],"about":[{"href":"https:\/\/regiaonews.net.br\/2022\/wp-json\/wp\/v2\/types\/post"}],"author":[{"embeddable":true,"href":"https:\/\/regiaonews.net.br\/2022\/wp-json\/wp\/v2\/users\/2"}],"replies":[{"embeddable":true,"href":"https:\/\/regiaonews.net.br\/2022\/wp-json\/wp\/v2\/comments?post=83314"}],"version-history":[{"count":2,"href":"https:\/\/regiaonews.net.br\/2022\/wp-json\/wp\/v2\/posts\/83314\/revisions"}],"predecessor-version":[{"id":83330,"href":"https:\/\/regiaonews.net.br\/2022\/wp-json\/wp\/v2\/posts\/83314\/revisions\/83330"}],"wp:featuredmedia":[{"embeddable":true,"href":"https:\/\/regiaonews.net.br\/2022\/wp-json\/wp\/v2\/media\/83315"}],"wp:attachment":[{"href":"https:\/\/regiaonews.net.br\/2022\/wp-json\/wp\/v2\/media?parent=83314"}],"wp:term":[{"taxonomy":"category","embeddable":true,"href":"https:\/\/regiaonews.net.br\/2022\/wp-json\/wp\/v2\/categories?post=83314"},{"taxonomy":"post_tag","embeddable":true,"href":"https:\/\/regiaonews.net.br\/2022\/wp-json\/wp\/v2\/tags?post=83314"}],"curies":[{"name":"wp","href":"https:\/\/api.w.org\/{rel}","templated":true}]}}