{"id":83235,"date":"2023-01-26T14:58:28","date_gmt":"2023-01-26T17:58:28","guid":{"rendered":"https:\/\/regiaonews.net.br\/2022\/?p=83235"},"modified":"2023-01-26T14:58:28","modified_gmt":"2023-01-26T17:58:28","slug":"rede-municipal-de-ensino-se-prepara-para-receber-mais-de-13-mil-alunos-na-volta-as-aulas","status":"publish","type":"post","link":"https:\/\/regiaonews.net.br\/2022\/2023\/01\/26\/rede-municipal-de-ensino-se-prepara-para-receber-mais-de-13-mil-alunos-na-volta-as-aulas\/","title":{"rendered":"Rede Municipal de Ensino se prepara para receber mais de 13 mil alunos na volta \u00e0s aulas"},"content":{"rendered":"<h3 style=\"text-align: center;\">Cemeis, Escolas Municipais de Ensino Fundamental I e II e EJA iniciam suas atividades no pr\u00f3ximo dia 06.<\/h3>\n<p>As f\u00e9rias escolares est\u00e3o terminando e a Rede Municipal de Ensino se prepara para receber pelo menos 13.484 estudantes matriculados nos Centros Municipais de Educa\u00e7\u00e3o Infantil (Cemeis) e nas Escolas Municipais de Ensino Fundamental I, II e EJA, pertencentes \u00e0 Secretaria Municipal de Educa\u00e7\u00e3o (SME) da Est\u00e2ncia Tur\u00edstica de Barretos, a partir do pr\u00f3ximo dia 06 de fevereiro.<br \/>\nJ\u00e9ssica Maria dos Santos, secret\u00e1ria de Educa\u00e7\u00e3o, destaca que este primeiro momento \u00e9 um per\u00edodo de recep\u00e7\u00e3o dos alunos e orienta\u00e7\u00e3o dos pais. \u201cAs aulas retornam no dia seis para a educa\u00e7\u00e3o infantil, ensino fundamental e EJA, ou seja, para toda a rede municipal de ensino, com escolas funcionando regularmente dentro dos hor\u00e1rios estabelecidos. Esse per\u00edodo \u00e9 de recep\u00e7\u00e3o das crian\u00e7as e orienta\u00e7\u00e3o aos pais\u201d, afirmou.<br \/>\nA secret\u00e1ria tamb\u00e9m salientou que, logo no in\u00edcio do ano letivo, os estudantes devem receber os uniformes e materiais did\u00e1ticos. \u201cH\u00e1 previs\u00e3o de, no in\u00edcio do ano letivo, j\u00e1 entregarmos o material escolar, uniformes e kit de higiene\u201d, completou.<br \/>\nCumprindo o calend\u00e1rio do ano letivo, entre os dias 1 e 3 de fevereiro, as equipes gestoras tamb\u00e9m realizam o Planejamento Escolar de 2023. Matr\u00edculas e transfer\u00eancias podem ser feitas nas pr\u00f3prias Unidades Escolares e d\u00favidas tamb\u00e9m podem ser sanadas na sede da SME, localizada na Rua 04, n\u00ba 510, entre as avenidas 31 e 33, no bairro Monte Castelo, ou pelo telefone (17) 3612.2200.<\/p>\n<p><strong>Polos de Educa\u00e7\u00e3o Infantil<\/strong><br \/>\nNa ter\u00e7a-feira, 24 de janeiro, a SME colocou em funcionamento oito Polos de Educa\u00e7\u00e3o Infantil espalhados por v\u00e1rias regi\u00f5es da cidade. Neste per\u00edodo que antecede o retorno oficial das aulas, pelo menos 662 duas crian\u00e7as do ber\u00e7\u00e1rio, maternal e recrea\u00e7\u00e3o devem frequentar estes polos. Alternativas para os pais que precisam trabalhar e n\u00e3o t\u00eam com quem deixar os filhos, os espa\u00e7os oferecem toda a estrutura necess\u00e1ria para as crian\u00e7as, com atividades recreativas e pedag\u00f3gicas.<\/p>\n<p><strong>Atribui\u00e7\u00e3o para Rejaes<\/strong><br \/>\nA partir da pr\u00f3xima sexta-feira, 27, a prefeitura d\u00e1 in\u00edcio \u00e0s atribui\u00e7\u00f5es para profissionais contratados pelo sistema Rejae (Regime Jur\u00eddico Administrativo Especial) para o ano de 2023, considerando os Processos Seletivos Externos-SME 003\/2021 e 004\/2021. As atribui\u00e7\u00f5es ser\u00e3o realizadas na E.M. Prof. Doroth\u00f3vio do Nascimento, nas datas e hor\u00e1rios previamente divulgados, para professores, Cuidadores e Auxiliares de Cuidados Di\u00e1rios.<\/p>\n<p>Assimp-051-2023<br \/>\nReda\u00e7\u00e3o: Rinaldo Filho<br \/>\nFoto: Andr\u00e9 Monteiro<\/p>\n","protected":false},"excerpt":{"rendered":"<p>Cemeis, Escolas Municipais de Ensino Fundamental I e II e<\/p>\n","protected":false},"author":2,"featured_media":83236,"comment_status":"open","ping_status":"open","sticky":false,"template":"","format":"standard","meta":{"footnotes":""},"categories":[14,3],"tags":[],"class_list":["post-83235","post","type-post","status-publish","format-standard","has-post-thumbnail","hentry","category-barretos","category-geral"],"yoast_head":"<!-- This site is optimized with the Yoast SEO plugin v27.5 - https:\/\/yoast.com\/product\/yoast-seo-wordpress\/ -->\n<title>Rede Municipal de Ensino se prepara para receber mais de 13 mil alunos na volta \u00e0s aulas - Regi\u00e3o News<\/title>\n<meta name=\"robots\" content=\"index, follow, max-snippet:-1, max-image-preview:large, max-video-preview:-1\" \/>\n<link rel=\"canonical\" href=\"https:\/\/regiaonews.net.br\/2022\/2023\/01\/26\/rede-municipal-de-ensino-se-prepara-para-receber-mais-de-13-mil-alunos-na-volta-as-aulas\/\" \/>\n<meta property=\"og:locale\" content=\"pt_BR\" \/>\n<meta property=\"og:type\" content=\"article\" \/>\n<meta property=\"og:title\" content=\"Rede Municipal de Ensino se prepara para receber mais de 13 mil alunos na volta \u00e0s aulas - Regi\u00e3o News\" \/>\n<meta property=\"og:description\" content=\"Cemeis, Escolas Municipais de Ensino Fundamental I e II e\" \/>\n<meta property=\"og:url\" content=\"https:\/\/regiaonews.net.br\/2022\/2023\/01\/26\/rede-municipal-de-ensino-se-prepara-para-receber-mais-de-13-mil-alunos-na-volta-as-aulas\/\" \/>\n<meta property=\"og:site_name\" content=\"Regi\u00e3o News\" \/>\n<meta property=\"article:published_time\" content=\"2023-01-26T17:58:28+00:00\" \/>\n<meta property=\"og:image\" content=\"https:\/\/regiaonews.net.br\/2022\/wp-content\/uploads\/2023\/01\/WhatsApp-Image-2023-01-26-at-14.12.10.jpeg\" \/>\n\t<meta property=\"og:image:width\" content=\"1280\" \/>\n\t<meta property=\"og:image:height\" content=\"854\" \/>\n\t<meta property=\"og:image:type\" content=\"image\/jpeg\" \/>\n<meta name=\"author\" content=\"Roberto\" \/>\n<meta name=\"twitter:card\" content=\"summary_large_image\" \/>\n<meta name=\"twitter:label1\" content=\"Escrito por\" \/>\n\t<meta name=\"twitter:data1\" content=\"Roberto\" \/>\n\t<meta name=\"twitter:label2\" content=\"Est. tempo de leitura\" \/>\n\t<meta name=\"twitter:data2\" content=\"3 minutos\" \/>\n<script type=\"application\/ld+json\" class=\"yoast-schema-graph\">{\"@context\":\"https:\\\/\\\/schema.org\",\"@graph\":[{\"@type\":\"Article\",\"@id\":\"https:\\\/\\\/regiaonews.net.br\\\/2022\\\/2023\\\/01\\\/26\\\/rede-municipal-de-ensino-se-prepara-para-receber-mais-de-13-mil-alunos-na-volta-as-aulas\\\/#article\",\"isPartOf\":{\"@id\":\"https:\\\/\\\/regiaonews.net.br\\\/2022\\\/2023\\\/01\\\/26\\\/rede-municipal-de-ensino-se-prepara-para-receber-mais-de-13-mil-alunos-na-volta-as-aulas\\\/\"},\"author\":{\"name\":\"Roberto\",\"@id\":\"https:\\\/\\\/regiaonews.net.br\\\/2022\\\/#\\\/schema\\\/person\\\/2d205a608a5aa97ac279d7a5e6d89ad8\"},\"headline\":\"Rede Municipal de Ensino se prepara para receber mais de 13 mil alunos na volta \u00e0s aulas\",\"datePublished\":\"2023-01-26T17:58:28+00:00\",\"mainEntityOfPage\":{\"@id\":\"https:\\\/\\\/regiaonews.net.br\\\/2022\\\/2023\\\/01\\\/26\\\/rede-municipal-de-ensino-se-prepara-para-receber-mais-de-13-mil-alunos-na-volta-as-aulas\\\/\"},\"wordCount\":449,\"commentCount\":0,\"publisher\":{\"@id\":\"https:\\\/\\\/regiaonews.net.br\\\/2022\\\/#organization\"},\"image\":{\"@id\":\"https:\\\/\\\/regiaonews.net.br\\\/2022\\\/2023\\\/01\\\/26\\\/rede-municipal-de-ensino-se-prepara-para-receber-mais-de-13-mil-alunos-na-volta-as-aulas\\\/#primaryimage\"},\"thumbnailUrl\":\"https:\\\/\\\/regiaonews.net.br\\\/2022\\\/wp-content\\\/uploads\\\/2023\\\/01\\\/WhatsApp-Image-2023-01-26-at-14.12.10.jpeg\",\"articleSection\":[\"Barretos\",\"Geral\"],\"inLanguage\":\"pt-BR\",\"potentialAction\":[{\"@type\":\"CommentAction\",\"name\":\"Comment\",\"target\":[\"https:\\\/\\\/regiaonews.net.br\\\/2022\\\/2023\\\/01\\\/26\\\/rede-municipal-de-ensino-se-prepara-para-receber-mais-de-13-mil-alunos-na-volta-as-aulas\\\/#respond\"]}]},{\"@type\":\"WebPage\",\"@id\":\"https:\\\/\\\/regiaonews.net.br\\\/2022\\\/2023\\\/01\\\/26\\\/rede-municipal-de-ensino-se-prepara-para-receber-mais-de-13-mil-alunos-na-volta-as-aulas\\\/\",\"url\":\"https:\\\/\\\/regiaonews.net.br\\\/2022\\\/2023\\\/01\\\/26\\\/rede-municipal-de-ensino-se-prepara-para-receber-mais-de-13-mil-alunos-na-volta-as-aulas\\\/\",\"name\":\"Rede Municipal de Ensino se prepara para receber mais de 13 mil alunos na volta \u00e0s aulas - Regi\u00e3o News\",\"isPartOf\":{\"@id\":\"https:\\\/\\\/regiaonews.net.br\\\/2022\\\/#website\"},\"primaryImageOfPage\":{\"@id\":\"https:\\\/\\\/regiaonews.net.br\\\/2022\\\/2023\\\/01\\\/26\\\/rede-municipal-de-ensino-se-prepara-para-receber-mais-de-13-mil-alunos-na-volta-as-aulas\\\/#primaryimage\"},\"image\":{\"@id\":\"https:\\\/\\\/regiaonews.net.br\\\/2022\\\/2023\\\/01\\\/26\\\/rede-municipal-de-ensino-se-prepara-para-receber-mais-de-13-mil-alunos-na-volta-as-aulas\\\/#primaryimage\"},\"thumbnailUrl\":\"https:\\\/\\\/regiaonews.net.br\\\/2022\\\/wp-content\\\/uploads\\\/2023\\\/01\\\/WhatsApp-Image-2023-01-26-at-14.12.10.jpeg\",\"datePublished\":\"2023-01-26T17:58:28+00:00\",\"breadcrumb\":{\"@id\":\"https:\\\/\\\/regiaonews.net.br\\\/2022\\\/2023\\\/01\\\/26\\\/rede-municipal-de-ensino-se-prepara-para-receber-mais-de-13-mil-alunos-na-volta-as-aulas\\\/#breadcrumb\"},\"inLanguage\":\"pt-BR\",\"potentialAction\":[{\"@type\":\"ReadAction\",\"target\":[\"https:\\\/\\\/regiaonews.net.br\\\/2022\\\/2023\\\/01\\\/26\\\/rede-municipal-de-ensino-se-prepara-para-receber-mais-de-13-mil-alunos-na-volta-as-aulas\\\/\"]}]},{\"@type\":\"ImageObject\",\"inLanguage\":\"pt-BR\",\"@id\":\"https:\\\/\\\/regiaonews.net.br\\\/2022\\\/2023\\\/01\\\/26\\\/rede-municipal-de-ensino-se-prepara-para-receber-mais-de-13-mil-alunos-na-volta-as-aulas\\\/#primaryimage\",\"url\":\"https:\\\/\\\/regiaonews.net.br\\\/2022\\\/wp-content\\\/uploads\\\/2023\\\/01\\\/WhatsApp-Image-2023-01-26-at-14.12.10.jpeg\",\"contentUrl\":\"https:\\\/\\\/regiaonews.net.br\\\/2022\\\/wp-content\\\/uploads\\\/2023\\\/01\\\/WhatsApp-Image-2023-01-26-at-14.12.10.jpeg\",\"width\":1280,\"height\":854},{\"@type\":\"BreadcrumbList\",\"@id\":\"https:\\\/\\\/regiaonews.net.br\\\/2022\\\/2023\\\/01\\\/26\\\/rede-municipal-de-ensino-se-prepara-para-receber-mais-de-13-mil-alunos-na-volta-as-aulas\\\/#breadcrumb\",\"itemListElement\":[{\"@type\":\"ListItem\",\"position\":1,\"name\":\"In\u00edcio\",\"item\":\"https:\\\/\\\/regiaonews.net.br\\\/2022\\\/\"},{\"@type\":\"ListItem\",\"position\":2,\"name\":\"Rede Municipal de Ensino se prepara para receber mais de 13 mil alunos na volta \u00e0s aulas\"}]},{\"@type\":\"WebSite\",\"@id\":\"https:\\\/\\\/regiaonews.net.br\\\/2022\\\/#website\",\"url\":\"https:\\\/\\\/regiaonews.net.br\\\/2022\\\/\",\"name\":\"Regi\u00e3o News\",\"description\":\"Site de Not\u00edcias de Barretos e regi\u00e3o\",\"publisher\":{\"@id\":\"https:\\\/\\\/regiaonews.net.br\\\/2022\\\/#organization\"},\"potentialAction\":[{\"@type\":\"SearchAction\",\"target\":{\"@type\":\"EntryPoint\",\"urlTemplate\":\"https:\\\/\\\/regiaonews.net.br\\\/2022\\\/?s={search_term_string}\"},\"query-input\":{\"@type\":\"PropertyValueSpecification\",\"valueRequired\":true,\"valueName\":\"search_term_string\"}}],\"inLanguage\":\"pt-BR\"},{\"@type\":\"Organization\",\"@id\":\"https:\\\/\\\/regiaonews.net.br\\\/2022\\\/#organization\",\"name\":\"Regi\u00e3o News\",\"url\":\"https:\\\/\\\/regiaonews.net.br\\\/2022\\\/\",\"logo\":{\"@type\":\"ImageObject\",\"inLanguage\":\"pt-BR\",\"@id\":\"https:\\\/\\\/regiaonews.net.br\\\/2022\\\/#\\\/schema\\\/logo\\\/image\\\/\",\"url\":\"https:\\\/\\\/regiaonews.net.br\\\/2022\\\/wp-content\\\/uploads\\\/2026\\\/03\\\/regiao-13-anos-scaled.jpg\",\"contentUrl\":\"https:\\\/\\\/regiaonews.net.br\\\/2022\\\/wp-content\\\/uploads\\\/2026\\\/03\\\/regiao-13-anos-scaled.jpg\",\"width\":2560,\"height\":635,\"caption\":\"Regi\u00e3o News\"},\"image\":{\"@id\":\"https:\\\/\\\/regiaonews.net.br\\\/2022\\\/#\\\/schema\\\/logo\\\/image\\\/\"}},{\"@type\":\"Person\",\"@id\":\"https:\\\/\\\/regiaonews.net.br\\\/2022\\\/#\\\/schema\\\/person\\\/2d205a608a5aa97ac279d7a5e6d89ad8\",\"name\":\"Roberto\",\"image\":{\"@type\":\"ImageObject\",\"inLanguage\":\"pt-BR\",\"@id\":\"https:\\\/\\\/secure.gravatar.com\\\/avatar\\\/42749d8b712ff9d59ca93dc150494e5b55a44134482993f5baeb97e61b7ecc89?s=96&d=mm&r=g\",\"url\":\"https:\\\/\\\/secure.gravatar.com\\\/avatar\\\/42749d8b712ff9d59ca93dc150494e5b55a44134482993f5baeb97e61b7ecc89?s=96&d=mm&r=g\",\"contentUrl\":\"https:\\\/\\\/secure.gravatar.com\\\/avatar\\\/42749d8b712ff9d59ca93dc150494e5b55a44134482993f5baeb97e61b7ecc89?s=96&d=mm&r=g\",\"caption\":\"Roberto\"},\"url\":\"https:\\\/\\\/regiaonews.net.br\\\/2022\\\/author\\\/roberto\\\/\"}]}<\/script>\n<!-- \/ Yoast SEO plugin. -->","yoast_head_json":{"title":"Rede Municipal de Ensino se prepara para receber mais de 13 mil alunos na volta \u00e0s aulas - Regi\u00e3o News","robots":{"index":"index","follow":"follow","max-snippet":"max-snippet:-1","max-image-preview":"max-image-preview:large","max-video-preview":"max-video-preview:-1"},"canonical":"https:\/\/regiaonews.net.br\/2022\/2023\/01\/26\/rede-municipal-de-ensino-se-prepara-para-receber-mais-de-13-mil-alunos-na-volta-as-aulas\/","og_locale":"pt_BR","og_type":"article","og_title":"Rede Municipal de Ensino se prepara para receber mais de 13 mil alunos na volta \u00e0s aulas - Regi\u00e3o News","og_description":"Cemeis, Escolas Municipais de Ensino Fundamental I e II e","og_url":"https:\/\/regiaonews.net.br\/2022\/2023\/01\/26\/rede-municipal-de-ensino-se-prepara-para-receber-mais-de-13-mil-alunos-na-volta-as-aulas\/","og_site_name":"Regi\u00e3o News","article_published_time":"2023-01-26T17:58:28+00:00","og_image":[{"width":1280,"height":854,"url":"https:\/\/regiaonews.net.br\/2022\/wp-content\/uploads\/2023\/01\/WhatsApp-Image-2023-01-26-at-14.12.10.jpeg","type":"image\/jpeg"}],"author":"Roberto","twitter_card":"summary_large_image","twitter_misc":{"Escrito por":"Roberto","Est. tempo de leitura":"3 minutos"},"schema":{"@context":"https:\/\/schema.org","@graph":[{"@type":"Article","@id":"https:\/\/regiaonews.net.br\/2022\/2023\/01\/26\/rede-municipal-de-ensino-se-prepara-para-receber-mais-de-13-mil-alunos-na-volta-as-aulas\/#article","isPartOf":{"@id":"https:\/\/regiaonews.net.br\/2022\/2023\/01\/26\/rede-municipal-de-ensino-se-prepara-para-receber-mais-de-13-mil-alunos-na-volta-as-aulas\/"},"author":{"name":"Roberto","@id":"https:\/\/regiaonews.net.br\/2022\/#\/schema\/person\/2d205a608a5aa97ac279d7a5e6d89ad8"},"headline":"Rede Municipal de Ensino se prepara para receber mais de 13 mil alunos na volta \u00e0s aulas","datePublished":"2023-01-26T17:58:28+00:00","mainEntityOfPage":{"@id":"https:\/\/regiaonews.net.br\/2022\/2023\/01\/26\/rede-municipal-de-ensino-se-prepara-para-receber-mais-de-13-mil-alunos-na-volta-as-aulas\/"},"wordCount":449,"commentCount":0,"publisher":{"@id":"https:\/\/regiaonews.net.br\/2022\/#organization"},"image":{"@id":"https:\/\/regiaonews.net.br\/2022\/2023\/01\/26\/rede-municipal-de-ensino-se-prepara-para-receber-mais-de-13-mil-alunos-na-volta-as-aulas\/#primaryimage"},"thumbnailUrl":"https:\/\/regiaonews.net.br\/2022\/wp-content\/uploads\/2023\/01\/WhatsApp-Image-2023-01-26-at-14.12.10.jpeg","articleSection":["Barretos","Geral"],"inLanguage":"pt-BR","potentialAction":[{"@type":"CommentAction","name":"Comment","target":["https:\/\/regiaonews.net.br\/2022\/2023\/01\/26\/rede-municipal-de-ensino-se-prepara-para-receber-mais-de-13-mil-alunos-na-volta-as-aulas\/#respond"]}]},{"@type":"WebPage","@id":"https:\/\/regiaonews.net.br\/2022\/2023\/01\/26\/rede-municipal-de-ensino-se-prepara-para-receber-mais-de-13-mil-alunos-na-volta-as-aulas\/","url":"https:\/\/regiaonews.net.br\/2022\/2023\/01\/26\/rede-municipal-de-ensino-se-prepara-para-receber-mais-de-13-mil-alunos-na-volta-as-aulas\/","name":"Rede Municipal de Ensino se prepara para receber mais de 13 mil alunos na volta \u00e0s aulas - Regi\u00e3o News","isPartOf":{"@id":"https:\/\/regiaonews.net.br\/2022\/#website"},"primaryImageOfPage":{"@id":"https:\/\/regiaonews.net.br\/2022\/2023\/01\/26\/rede-municipal-de-ensino-se-prepara-para-receber-mais-de-13-mil-alunos-na-volta-as-aulas\/#primaryimage"},"image":{"@id":"https:\/\/regiaonews.net.br\/2022\/2023\/01\/26\/rede-municipal-de-ensino-se-prepara-para-receber-mais-de-13-mil-alunos-na-volta-as-aulas\/#primaryimage"},"thumbnailUrl":"https:\/\/regiaonews.net.br\/2022\/wp-content\/uploads\/2023\/01\/WhatsApp-Image-2023-01-26-at-14.12.10.jpeg","datePublished":"2023-01-26T17:58:28+00:00","breadcrumb":{"@id":"https:\/\/regiaonews.net.br\/2022\/2023\/01\/26\/rede-municipal-de-ensino-se-prepara-para-receber-mais-de-13-mil-alunos-na-volta-as-aulas\/#breadcrumb"},"inLanguage":"pt-BR","potentialAction":[{"@type":"ReadAction","target":["https:\/\/regiaonews.net.br\/2022\/2023\/01\/26\/rede-municipal-de-ensino-se-prepara-para-receber-mais-de-13-mil-alunos-na-volta-as-aulas\/"]}]},{"@type":"ImageObject","inLanguage":"pt-BR","@id":"https:\/\/regiaonews.net.br\/2022\/2023\/01\/26\/rede-municipal-de-ensino-se-prepara-para-receber-mais-de-13-mil-alunos-na-volta-as-aulas\/#primaryimage","url":"https:\/\/regiaonews.net.br\/2022\/wp-content\/uploads\/2023\/01\/WhatsApp-Image-2023-01-26-at-14.12.10.jpeg","contentUrl":"https:\/\/regiaonews.net.br\/2022\/wp-content\/uploads\/2023\/01\/WhatsApp-Image-2023-01-26-at-14.12.10.jpeg","width":1280,"height":854},{"@type":"BreadcrumbList","@id":"https:\/\/regiaonews.net.br\/2022\/2023\/01\/26\/rede-municipal-de-ensino-se-prepara-para-receber-mais-de-13-mil-alunos-na-volta-as-aulas\/#breadcrumb","itemListElement":[{"@type":"ListItem","position":1,"name":"In\u00edcio","item":"https:\/\/regiaonews.net.br\/2022\/"},{"@type":"ListItem","position":2,"name":"Rede Municipal de Ensino se prepara para receber mais de 13 mil alunos na volta \u00e0s aulas"}]},{"@type":"WebSite","@id":"https:\/\/regiaonews.net.br\/2022\/#website","url":"https:\/\/regiaonews.net.br\/2022\/","name":"Regi\u00e3o News","description":"Site de Not\u00edcias de Barretos e regi\u00e3o","publisher":{"@id":"https:\/\/regiaonews.net.br\/2022\/#organization"},"potentialAction":[{"@type":"SearchAction","target":{"@type":"EntryPoint","urlTemplate":"https:\/\/regiaonews.net.br\/2022\/?s={search_term_string}"},"query-input":{"@type":"PropertyValueSpecification","valueRequired":true,"valueName":"search_term_string"}}],"inLanguage":"pt-BR"},{"@type":"Organization","@id":"https:\/\/regiaonews.net.br\/2022\/#organization","name":"Regi\u00e3o News","url":"https:\/\/regiaonews.net.br\/2022\/","logo":{"@type":"ImageObject","inLanguage":"pt-BR","@id":"https:\/\/regiaonews.net.br\/2022\/#\/schema\/logo\/image\/","url":"https:\/\/regiaonews.net.br\/2022\/wp-content\/uploads\/2026\/03\/regiao-13-anos-scaled.jpg","contentUrl":"https:\/\/regiaonews.net.br\/2022\/wp-content\/uploads\/2026\/03\/regiao-13-anos-scaled.jpg","width":2560,"height":635,"caption":"Regi\u00e3o News"},"image":{"@id":"https:\/\/regiaonews.net.br\/2022\/#\/schema\/logo\/image\/"}},{"@type":"Person","@id":"https:\/\/regiaonews.net.br\/2022\/#\/schema\/person\/2d205a608a5aa97ac279d7a5e6d89ad8","name":"Roberto","image":{"@type":"ImageObject","inLanguage":"pt-BR","@id":"https:\/\/secure.gravatar.com\/avatar\/42749d8b712ff9d59ca93dc150494e5b55a44134482993f5baeb97e61b7ecc89?s=96&d=mm&r=g","url":"https:\/\/secure.gravatar.com\/avatar\/42749d8b712ff9d59ca93dc150494e5b55a44134482993f5baeb97e61b7ecc89?s=96&d=mm&r=g","contentUrl":"https:\/\/secure.gravatar.com\/avatar\/42749d8b712ff9d59ca93dc150494e5b55a44134482993f5baeb97e61b7ecc89?s=96&d=mm&r=g","caption":"Roberto"},"url":"https:\/\/regiaonews.net.br\/2022\/author\/roberto\/"}]}},"publishpress_future_action":{"enabled":false,"date":"2026-05-10 07:53:28","action":"change-status","newStatus":"draft","terms":[],"taxonomy":"category","extraData":[]},"publishpress_future_workflow_manual_trigger":{"enabledWorkflows":[]},"_links":{"self":[{"href":"https:\/\/regiaonews.net.br\/2022\/wp-json\/wp\/v2\/posts\/83235","targetHints":{"allow":["GET"]}}],"collection":[{"href":"https:\/\/regiaonews.net.br\/2022\/wp-json\/wp\/v2\/posts"}],"about":[{"href":"https:\/\/regiaonews.net.br\/2022\/wp-json\/wp\/v2\/types\/post"}],"author":[{"embeddable":true,"href":"https:\/\/regiaonews.net.br\/2022\/wp-json\/wp\/v2\/users\/2"}],"replies":[{"embeddable":true,"href":"https:\/\/regiaonews.net.br\/2022\/wp-json\/wp\/v2\/comments?post=83235"}],"version-history":[{"count":1,"href":"https:\/\/regiaonews.net.br\/2022\/wp-json\/wp\/v2\/posts\/83235\/revisions"}],"predecessor-version":[{"id":83237,"href":"https:\/\/regiaonews.net.br\/2022\/wp-json\/wp\/v2\/posts\/83235\/revisions\/83237"}],"wp:featuredmedia":[{"embeddable":true,"href":"https:\/\/regiaonews.net.br\/2022\/wp-json\/wp\/v2\/media\/83236"}],"wp:attachment":[{"href":"https:\/\/regiaonews.net.br\/2022\/wp-json\/wp\/v2\/media?parent=83235"}],"wp:term":[{"taxonomy":"category","embeddable":true,"href":"https:\/\/regiaonews.net.br\/2022\/wp-json\/wp\/v2\/categories?post=83235"},{"taxonomy":"post_tag","embeddable":true,"href":"https:\/\/regiaonews.net.br\/2022\/wp-json\/wp\/v2\/tags?post=83235"}],"curies":[{"name":"wp","href":"https:\/\/api.w.org\/{rel}","templated":true}]}}