{"id":83229,"date":"2023-01-26T10:06:55","date_gmt":"2023-01-26T13:06:55","guid":{"rendered":"https:\/\/regiaonews.net.br\/2022\/?p=83229"},"modified":"2023-01-26T10:06:55","modified_gmt":"2023-01-26T13:06:55","slug":"especializadas-da-policia-civil-fazem-balanca-do-trabalho-de-2022","status":"publish","type":"post","link":"https:\/\/regiaonews.net.br\/2022\/2023\/01\/26\/especializadas-da-policia-civil-fazem-balanca-do-trabalho-de-2022\/","title":{"rendered":"Especializadas da Pol\u00edcia Civil fazem balan\u00e7a do trabalho de 2022"},"content":{"rendered":"<h3 style=\"text-align: center;\">Prioridade, em 2023, \u00e9 ampliar a repress\u00e3o ao narcotr\u00e1fico, conforme afirmou Delegado.<\/h3>\n<p>No ano de 2022, o trabalho efetuado pelos policiais civis da DIG (Delegacia de Investiga\u00e7\u00f5es Gerais) e da DISE (Delegacia de Investiga\u00e7\u00f5es sobre Entorpecentes) de Barretos possibilitou que o Poder Judici\u00e1rio concedesse 379 (trezentos e setenta e nove) mandados, entre pris\u00f5es tempor\u00e1rias, preventivas e buscas e apreens\u00e3o.<\/p>\n<p>As investiga\u00e7\u00f5es realizadas pelas Delegacias possibilitaram a identifica\u00e7\u00e3o de diversos criminosos envolvidos em homic\u00eddios, roubos, tr\u00e1fico de drogas, crime organizado e outras infra\u00e7\u00f5es penais. Com os ind\u00edcios e elementos obtidos, as Autoridades Policiais respons\u00e1veis pelas Especializadas representaram pelas pris\u00f5es tempor\u00e1rias de 124 (cento e vinte quatro) indiv\u00edduos, as quais foram concedidas pelo Poder Judici\u00e1rio, tendo sido a maioria delas cumpridas.<\/p>\n<p>De igual modo, houve a representa\u00e7\u00e3o pela decreta\u00e7\u00e3o de 61 (sessenta e uma) pris\u00f5es preventivas, todas concedidas pela Justi\u00e7a.<\/p>\n<p>Tamb\u00e9m foram cumpridos, ap\u00f3s o trabalho de investiga\u00e7\u00e3o e a representa\u00e7\u00e3o dos Delegados de Pol\u00edcia, 194 (cento e noventa e quatro) mandados de busca e apreens\u00e3o, destinados a coletar mais provas em desfavor das pessoas investigadas.<\/p>\n<p>Al\u00e9m disso, foram presas em flagrante, pelas Especializadas, 17 (dezessete) pessoas, al\u00e9m de serem apreendidas 8 (oito) armas de fogo.<\/p>\n<p>ACS Delegacia Seccional de Barretos<\/p>\n<div style=\"width: 640px;\" class=\"wp-video\"><video class=\"wp-video-shortcode\" id=\"video-83229-1\" width=\"640\" height=\"352\" preload=\"metadata\" controls=\"controls\"><source type=\"video\/mp4\" src=\"https:\/\/regiaonews.net.br\/2022\/wp-content\/uploads\/2023\/01\/WhatsApp-Video-2023-01-26-at-09.57.55.mp4?_=1\" \/><a href=\"https:\/\/regiaonews.net.br\/2022\/wp-content\/uploads\/2023\/01\/WhatsApp-Video-2023-01-26-at-09.57.55.mp4\">https:\/\/regiaonews.net.br\/2022\/wp-content\/uploads\/2023\/01\/WhatsApp-Video-2023-01-26-at-09.57.55.mp4<\/a><\/video><\/div>\n","protected":false},"excerpt":{"rendered":"<p>Prioridade, em 2023, \u00e9 ampliar a repress\u00e3o ao narcotr\u00e1fico, conforme<\/p>\n","protected":false},"author":2,"featured_media":0,"comment_status":"open","ping_status":"open","sticky":false,"template":"","format":"standard","meta":{"footnotes":""},"categories":[25,3],"tags":[],"class_list":["post-83229","post","type-post","status-publish","format-standard","hentry","category-cidades","category-geral"],"yoast_head":"<!-- This site is optimized with the Yoast SEO plugin v27.4 - https:\/\/yoast.com\/product\/yoast-seo-wordpress\/ -->\n<title>Especializadas da Pol\u00edcia Civil fazem balan\u00e7a do trabalho de 2022 - Regi\u00e3o News<\/title>\n<meta name=\"robots\" content=\"index, follow, max-snippet:-1, max-image-preview:large, max-video-preview:-1\" \/>\n<link rel=\"canonical\" href=\"https:\/\/regiaonews.net.br\/2022\/2023\/01\/26\/especializadas-da-policia-civil-fazem-balanca-do-trabalho-de-2022\/\" \/>\n<meta property=\"og:locale\" content=\"pt_BR\" \/>\n<meta property=\"og:type\" content=\"article\" \/>\n<meta property=\"og:title\" content=\"Especializadas da Pol\u00edcia Civil fazem balan\u00e7a do trabalho de 2022 - Regi\u00e3o News\" \/>\n<meta property=\"og:description\" content=\"Prioridade, em 2023, \u00e9 ampliar a repress\u00e3o ao narcotr\u00e1fico, conforme\" \/>\n<meta property=\"og:url\" content=\"https:\/\/regiaonews.net.br\/2022\/2023\/01\/26\/especializadas-da-policia-civil-fazem-balanca-do-trabalho-de-2022\/\" \/>\n<meta property=\"og:site_name\" content=\"Regi\u00e3o News\" \/>\n<meta property=\"article:published_time\" content=\"2023-01-26T13:06:55+00:00\" \/>\n<meta name=\"author\" content=\"Roberto\" \/>\n<meta name=\"twitter:card\" content=\"summary_large_image\" \/>\n<meta name=\"twitter:label1\" content=\"Escrito por\" \/>\n\t<meta name=\"twitter:data1\" content=\"Roberto\" \/>\n\t<meta name=\"twitter:label2\" content=\"Est. tempo de leitura\" \/>\n\t<meta name=\"twitter:data2\" content=\"2 minutos\" \/>\n<script type=\"application\/ld+json\" class=\"yoast-schema-graph\">{\"@context\":\"https:\\\/\\\/schema.org\",\"@graph\":[{\"@type\":\"Article\",\"@id\":\"https:\\\/\\\/regiaonews.net.br\\\/2022\\\/2023\\\/01\\\/26\\\/especializadas-da-policia-civil-fazem-balanca-do-trabalho-de-2022\\\/#article\",\"isPartOf\":{\"@id\":\"https:\\\/\\\/regiaonews.net.br\\\/2022\\\/2023\\\/01\\\/26\\\/especializadas-da-policia-civil-fazem-balanca-do-trabalho-de-2022\\\/\"},\"author\":{\"name\":\"Roberto\",\"@id\":\"https:\\\/\\\/regiaonews.net.br\\\/2022\\\/#\\\/schema\\\/person\\\/2d205a608a5aa97ac279d7a5e6d89ad8\"},\"headline\":\"Especializadas da Pol\u00edcia Civil fazem balan\u00e7a do trabalho de 2022\",\"datePublished\":\"2023-01-26T13:06:55+00:00\",\"mainEntityOfPage\":{\"@id\":\"https:\\\/\\\/regiaonews.net.br\\\/2022\\\/2023\\\/01\\\/26\\\/especializadas-da-policia-civil-fazem-balanca-do-trabalho-de-2022\\\/\"},\"wordCount\":248,\"commentCount\":0,\"publisher\":{\"@id\":\"https:\\\/\\\/regiaonews.net.br\\\/2022\\\/#organization\"},\"articleSection\":[\"Cidades\",\"Geral\"],\"inLanguage\":\"pt-BR\",\"potentialAction\":[{\"@type\":\"CommentAction\",\"name\":\"Comment\",\"target\":[\"https:\\\/\\\/regiaonews.net.br\\\/2022\\\/2023\\\/01\\\/26\\\/especializadas-da-policia-civil-fazem-balanca-do-trabalho-de-2022\\\/#respond\"]}]},{\"@type\":\"WebPage\",\"@id\":\"https:\\\/\\\/regiaonews.net.br\\\/2022\\\/2023\\\/01\\\/26\\\/especializadas-da-policia-civil-fazem-balanca-do-trabalho-de-2022\\\/\",\"url\":\"https:\\\/\\\/regiaonews.net.br\\\/2022\\\/2023\\\/01\\\/26\\\/especializadas-da-policia-civil-fazem-balanca-do-trabalho-de-2022\\\/\",\"name\":\"Especializadas da Pol\u00edcia Civil fazem balan\u00e7a do trabalho de 2022 - Regi\u00e3o News\",\"isPartOf\":{\"@id\":\"https:\\\/\\\/regiaonews.net.br\\\/2022\\\/#website\"},\"datePublished\":\"2023-01-26T13:06:55+00:00\",\"breadcrumb\":{\"@id\":\"https:\\\/\\\/regiaonews.net.br\\\/2022\\\/2023\\\/01\\\/26\\\/especializadas-da-policia-civil-fazem-balanca-do-trabalho-de-2022\\\/#breadcrumb\"},\"inLanguage\":\"pt-BR\",\"potentialAction\":[{\"@type\":\"ReadAction\",\"target\":[\"https:\\\/\\\/regiaonews.net.br\\\/2022\\\/2023\\\/01\\\/26\\\/especializadas-da-policia-civil-fazem-balanca-do-trabalho-de-2022\\\/\"]}]},{\"@type\":\"BreadcrumbList\",\"@id\":\"https:\\\/\\\/regiaonews.net.br\\\/2022\\\/2023\\\/01\\\/26\\\/especializadas-da-policia-civil-fazem-balanca-do-trabalho-de-2022\\\/#breadcrumb\",\"itemListElement\":[{\"@type\":\"ListItem\",\"position\":1,\"name\":\"In\u00edcio\",\"item\":\"https:\\\/\\\/regiaonews.net.br\\\/2022\\\/\"},{\"@type\":\"ListItem\",\"position\":2,\"name\":\"Especializadas da Pol\u00edcia Civil fazem balan\u00e7a do trabalho de 2022\"}]},{\"@type\":\"WebSite\",\"@id\":\"https:\\\/\\\/regiaonews.net.br\\\/2022\\\/#website\",\"url\":\"https:\\\/\\\/regiaonews.net.br\\\/2022\\\/\",\"name\":\"Regi\u00e3o News\",\"description\":\"Site de Not\u00edcias de Barretos e regi\u00e3o\",\"publisher\":{\"@id\":\"https:\\\/\\\/regiaonews.net.br\\\/2022\\\/#organization\"},\"potentialAction\":[{\"@type\":\"SearchAction\",\"target\":{\"@type\":\"EntryPoint\",\"urlTemplate\":\"https:\\\/\\\/regiaonews.net.br\\\/2022\\\/?s={search_term_string}\"},\"query-input\":{\"@type\":\"PropertyValueSpecification\",\"valueRequired\":true,\"valueName\":\"search_term_string\"}}],\"inLanguage\":\"pt-BR\"},{\"@type\":\"Organization\",\"@id\":\"https:\\\/\\\/regiaonews.net.br\\\/2022\\\/#organization\",\"name\":\"Regi\u00e3o News\",\"url\":\"https:\\\/\\\/regiaonews.net.br\\\/2022\\\/\",\"logo\":{\"@type\":\"ImageObject\",\"inLanguage\":\"pt-BR\",\"@id\":\"https:\\\/\\\/regiaonews.net.br\\\/2022\\\/#\\\/schema\\\/logo\\\/image\\\/\",\"url\":\"https:\\\/\\\/regiaonews.net.br\\\/2022\\\/wp-content\\\/uploads\\\/2026\\\/03\\\/regiao-13-anos-scaled.jpg\",\"contentUrl\":\"https:\\\/\\\/regiaonews.net.br\\\/2022\\\/wp-content\\\/uploads\\\/2026\\\/03\\\/regiao-13-anos-scaled.jpg\",\"width\":2560,\"height\":635,\"caption\":\"Regi\u00e3o News\"},\"image\":{\"@id\":\"https:\\\/\\\/regiaonews.net.br\\\/2022\\\/#\\\/schema\\\/logo\\\/image\\\/\"}},{\"@type\":\"Person\",\"@id\":\"https:\\\/\\\/regiaonews.net.br\\\/2022\\\/#\\\/schema\\\/person\\\/2d205a608a5aa97ac279d7a5e6d89ad8\",\"name\":\"Roberto\",\"image\":{\"@type\":\"ImageObject\",\"inLanguage\":\"pt-BR\",\"@id\":\"https:\\\/\\\/secure.gravatar.com\\\/avatar\\\/42749d8b712ff9d59ca93dc150494e5b55a44134482993f5baeb97e61b7ecc89?s=96&d=mm&r=g\",\"url\":\"https:\\\/\\\/secure.gravatar.com\\\/avatar\\\/42749d8b712ff9d59ca93dc150494e5b55a44134482993f5baeb97e61b7ecc89?s=96&d=mm&r=g\",\"contentUrl\":\"https:\\\/\\\/secure.gravatar.com\\\/avatar\\\/42749d8b712ff9d59ca93dc150494e5b55a44134482993f5baeb97e61b7ecc89?s=96&d=mm&r=g\",\"caption\":\"Roberto\"},\"url\":\"https:\\\/\\\/regiaonews.net.br\\\/2022\\\/author\\\/roberto\\\/\"}]}<\/script>\n<!-- \/ Yoast SEO plugin. -->","yoast_head_json":{"title":"Especializadas da Pol\u00edcia Civil fazem balan\u00e7a do trabalho de 2022 - Regi\u00e3o News","robots":{"index":"index","follow":"follow","max-snippet":"max-snippet:-1","max-image-preview":"max-image-preview:large","max-video-preview":"max-video-preview:-1"},"canonical":"https:\/\/regiaonews.net.br\/2022\/2023\/01\/26\/especializadas-da-policia-civil-fazem-balanca-do-trabalho-de-2022\/","og_locale":"pt_BR","og_type":"article","og_title":"Especializadas da Pol\u00edcia Civil fazem balan\u00e7a do trabalho de 2022 - Regi\u00e3o News","og_description":"Prioridade, em 2023, \u00e9 ampliar a repress\u00e3o ao narcotr\u00e1fico, conforme","og_url":"https:\/\/regiaonews.net.br\/2022\/2023\/01\/26\/especializadas-da-policia-civil-fazem-balanca-do-trabalho-de-2022\/","og_site_name":"Regi\u00e3o News","article_published_time":"2023-01-26T13:06:55+00:00","author":"Roberto","twitter_card":"summary_large_image","twitter_misc":{"Escrito por":"Roberto","Est. tempo de leitura":"2 minutos"},"schema":{"@context":"https:\/\/schema.org","@graph":[{"@type":"Article","@id":"https:\/\/regiaonews.net.br\/2022\/2023\/01\/26\/especializadas-da-policia-civil-fazem-balanca-do-trabalho-de-2022\/#article","isPartOf":{"@id":"https:\/\/regiaonews.net.br\/2022\/2023\/01\/26\/especializadas-da-policia-civil-fazem-balanca-do-trabalho-de-2022\/"},"author":{"name":"Roberto","@id":"https:\/\/regiaonews.net.br\/2022\/#\/schema\/person\/2d205a608a5aa97ac279d7a5e6d89ad8"},"headline":"Especializadas da Pol\u00edcia Civil fazem balan\u00e7a do trabalho de 2022","datePublished":"2023-01-26T13:06:55+00:00","mainEntityOfPage":{"@id":"https:\/\/regiaonews.net.br\/2022\/2023\/01\/26\/especializadas-da-policia-civil-fazem-balanca-do-trabalho-de-2022\/"},"wordCount":248,"commentCount":0,"publisher":{"@id":"https:\/\/regiaonews.net.br\/2022\/#organization"},"articleSection":["Cidades","Geral"],"inLanguage":"pt-BR","potentialAction":[{"@type":"CommentAction","name":"Comment","target":["https:\/\/regiaonews.net.br\/2022\/2023\/01\/26\/especializadas-da-policia-civil-fazem-balanca-do-trabalho-de-2022\/#respond"]}]},{"@type":"WebPage","@id":"https:\/\/regiaonews.net.br\/2022\/2023\/01\/26\/especializadas-da-policia-civil-fazem-balanca-do-trabalho-de-2022\/","url":"https:\/\/regiaonews.net.br\/2022\/2023\/01\/26\/especializadas-da-policia-civil-fazem-balanca-do-trabalho-de-2022\/","name":"Especializadas da Pol\u00edcia Civil fazem balan\u00e7a do trabalho de 2022 - Regi\u00e3o News","isPartOf":{"@id":"https:\/\/regiaonews.net.br\/2022\/#website"},"datePublished":"2023-01-26T13:06:55+00:00","breadcrumb":{"@id":"https:\/\/regiaonews.net.br\/2022\/2023\/01\/26\/especializadas-da-policia-civil-fazem-balanca-do-trabalho-de-2022\/#breadcrumb"},"inLanguage":"pt-BR","potentialAction":[{"@type":"ReadAction","target":["https:\/\/regiaonews.net.br\/2022\/2023\/01\/26\/especializadas-da-policia-civil-fazem-balanca-do-trabalho-de-2022\/"]}]},{"@type":"BreadcrumbList","@id":"https:\/\/regiaonews.net.br\/2022\/2023\/01\/26\/especializadas-da-policia-civil-fazem-balanca-do-trabalho-de-2022\/#breadcrumb","itemListElement":[{"@type":"ListItem","position":1,"name":"In\u00edcio","item":"https:\/\/regiaonews.net.br\/2022\/"},{"@type":"ListItem","position":2,"name":"Especializadas da Pol\u00edcia Civil fazem balan\u00e7a do trabalho de 2022"}]},{"@type":"WebSite","@id":"https:\/\/regiaonews.net.br\/2022\/#website","url":"https:\/\/regiaonews.net.br\/2022\/","name":"Regi\u00e3o News","description":"Site de Not\u00edcias de Barretos e regi\u00e3o","publisher":{"@id":"https:\/\/regiaonews.net.br\/2022\/#organization"},"potentialAction":[{"@type":"SearchAction","target":{"@type":"EntryPoint","urlTemplate":"https:\/\/regiaonews.net.br\/2022\/?s={search_term_string}"},"query-input":{"@type":"PropertyValueSpecification","valueRequired":true,"valueName":"search_term_string"}}],"inLanguage":"pt-BR"},{"@type":"Organization","@id":"https:\/\/regiaonews.net.br\/2022\/#organization","name":"Regi\u00e3o News","url":"https:\/\/regiaonews.net.br\/2022\/","logo":{"@type":"ImageObject","inLanguage":"pt-BR","@id":"https:\/\/regiaonews.net.br\/2022\/#\/schema\/logo\/image\/","url":"https:\/\/regiaonews.net.br\/2022\/wp-content\/uploads\/2026\/03\/regiao-13-anos-scaled.jpg","contentUrl":"https:\/\/regiaonews.net.br\/2022\/wp-content\/uploads\/2026\/03\/regiao-13-anos-scaled.jpg","width":2560,"height":635,"caption":"Regi\u00e3o News"},"image":{"@id":"https:\/\/regiaonews.net.br\/2022\/#\/schema\/logo\/image\/"}},{"@type":"Person","@id":"https:\/\/regiaonews.net.br\/2022\/#\/schema\/person\/2d205a608a5aa97ac279d7a5e6d89ad8","name":"Roberto","image":{"@type":"ImageObject","inLanguage":"pt-BR","@id":"https:\/\/secure.gravatar.com\/avatar\/42749d8b712ff9d59ca93dc150494e5b55a44134482993f5baeb97e61b7ecc89?s=96&d=mm&r=g","url":"https:\/\/secure.gravatar.com\/avatar\/42749d8b712ff9d59ca93dc150494e5b55a44134482993f5baeb97e61b7ecc89?s=96&d=mm&r=g","contentUrl":"https:\/\/secure.gravatar.com\/avatar\/42749d8b712ff9d59ca93dc150494e5b55a44134482993f5baeb97e61b7ecc89?s=96&d=mm&r=g","caption":"Roberto"},"url":"https:\/\/regiaonews.net.br\/2022\/author\/roberto\/"}]}},"publishpress_future_action":{"enabled":false,"date":"2026-05-02 02:25:18","action":"change-status","newStatus":"draft","terms":[],"taxonomy":"category","extraData":[]},"publishpress_future_workflow_manual_trigger":{"enabledWorkflows":[]},"_links":{"self":[{"href":"https:\/\/regiaonews.net.br\/2022\/wp-json\/wp\/v2\/posts\/83229","targetHints":{"allow":["GET"]}}],"collection":[{"href":"https:\/\/regiaonews.net.br\/2022\/wp-json\/wp\/v2\/posts"}],"about":[{"href":"https:\/\/regiaonews.net.br\/2022\/wp-json\/wp\/v2\/types\/post"}],"author":[{"embeddable":true,"href":"https:\/\/regiaonews.net.br\/2022\/wp-json\/wp\/v2\/users\/2"}],"replies":[{"embeddable":true,"href":"https:\/\/regiaonews.net.br\/2022\/wp-json\/wp\/v2\/comments?post=83229"}],"version-history":[{"count":1,"href":"https:\/\/regiaonews.net.br\/2022\/wp-json\/wp\/v2\/posts\/83229\/revisions"}],"predecessor-version":[{"id":83231,"href":"https:\/\/regiaonews.net.br\/2022\/wp-json\/wp\/v2\/posts\/83229\/revisions\/83231"}],"wp:attachment":[{"href":"https:\/\/regiaonews.net.br\/2022\/wp-json\/wp\/v2\/media?parent=83229"}],"wp:term":[{"taxonomy":"category","embeddable":true,"href":"https:\/\/regiaonews.net.br\/2022\/wp-json\/wp\/v2\/categories?post=83229"},{"taxonomy":"post_tag","embeddable":true,"href":"https:\/\/regiaonews.net.br\/2022\/wp-json\/wp\/v2\/tags?post=83229"}],"curies":[{"name":"wp","href":"https:\/\/api.w.org\/{rel}","templated":true}]}}