{"id":83187,"date":"2023-01-25T15:42:11","date_gmt":"2023-01-25T18:42:11","guid":{"rendered":"https:\/\/regiaonews.net.br\/2022\/?p=83187"},"modified":"2023-01-25T15:42:11","modified_gmt":"2023-01-25T18:42:11","slug":"prefeitura-abre-periodo-de-matriculas-para-educacao-de-jovens-e-adultos","status":"publish","type":"post","link":"https:\/\/regiaonews.net.br\/2022\/2023\/01\/25\/prefeitura-abre-periodo-de-matriculas-para-educacao-de-jovens-e-adultos\/","title":{"rendered":"Prefeitura abre per\u00edodo de matr\u00edculas para Educa\u00e7\u00e3o de Jovens e Adultos"},"content":{"rendered":"<h3 style=\"text-align: center;\">Interessados devem procurar as Unidades Escolares que oferecem a modalidade de ensino para inscreverem-se no Ensino Fundamental ou M\u00e9dio.<\/h3>\n<p>A prefeitura da Est\u00e2ncia Tur\u00edstica de Barretos, por meio da Secretaria Municipal de Educa\u00e7\u00e3o, informa que abriu na segunda-feira, 23 de janeiro, o per\u00edodo de matr\u00edculas para o primeiro semestre da Educa\u00e7\u00e3o de Jovens e Adultos (EJA), para interessados em cursar o Ensino Fundamental e M\u00e9dio. O p\u00fablico-alvo desta modalidade de ensino s\u00e3o pessoas a partir de 15 anos completos (para o fundamental) ou 18 anos completos (para o m\u00e9dio), que n\u00e3o tenham completado sua forma\u00e7\u00e3o b\u00e1sica na idade adequada.<br \/>\nDe acordo com o Supervisor Geral do Ensino Fundamental, Danilo Pelegrini Felipe, a EJA \u00e9 a oportunidade que as pessoas t\u00eam de dar continuidade aos seus estudos. \u201cInfelizmente, uma boa parcela da popula\u00e7\u00e3o acaba se afastando da escola e n\u00e3o completa seus estudos na idade ideal. Independente do motivo, a EJA vem para ajudar as pessoas a finalizarem este ciclo\u201d, comentou. \u201cNunca \u00e9 tarde para voltar a estudar e as nossas escolas est\u00e3o preparadas para receb\u00ea-los com muita dedica\u00e7\u00e3o e compet\u00eancia\u201d, completa.<br \/>\nEm Barretos, as aulas da EJA s\u00e3o oferecidas nos per\u00edodos da tarde e da noite no Centro Municipal de Educa\u00e7\u00e3o de Jovens e Adultos (CEMEJA), e no per\u00edodo noturno nas Escolas Municipais Prof.\u00ba Doroth\u00f3vio do Nascimento, no Zequinha Am\u00eandola, Dr. Jo\u00e3o Ferreira Lopes, no bairro Rios, e Prof.\u00aa Olga Abi Rachid Moraes, no Nadir Kenan, para o Ensino Fundamental &#8211; Anos iniciais (1\u00ba ao 5\u00b0 ano). As aulas do Ensino M\u00e9dio s\u00e3o realizadas na E.M. Prof.\u00ba Giuseppe Carn\u00edmeo, no Zequinha Am\u00eandola, tamb\u00e9m \u00e0 noite.<br \/>\nQuais documentos levar?<br \/>\nUma foto 3&#215;4 e os originais e c\u00f3pias dos seguintes documentos: RG, CPF, comprovante de endere\u00e7o, cart\u00e3o SUS, certid\u00e3o de casamento ou nascimento e hist\u00f3rico ou transfer\u00eancia escolar. No caso de menores de idade, \u00e9 preciso levar RG e CPF do respons\u00e1vel.<br \/>\nA EJA tem organiza\u00e7\u00e3o semestral, ou seja, com o 1\u00ba semestre iniciando em 06 de fevereiro e terminando em 11 de julho. Informa\u00e7\u00f5es sobre a documenta\u00e7\u00e3o e esclarecimento de d\u00favidas podem ser obtidas nas pr\u00f3prias Unidades Escolares ou via telefone:<\/p>\n<p>Ensino Fundamental &#8211; Anos iniciais (1\u00ba ao 5\u00b0 ano)<br \/>\nE.M. Prof.\u00ba Doroth\u00f3vio do Nascimento \u2013 17 3612.2290 (Aulas \u00e0 noite)<br \/>\nE.M. Dr. Jo\u00e3o Ferreira Lopes \u2013 17 3612.2317 (Aulas \u00e0 noite)<br \/>\nE.M. Prof.\u00aa Olga Abi Rachid Moraes \u2013 17 3612.2341 (Aulas \u00e0 noite)<br \/>\nCEMEJA \u2013 17 3612.2347 (Aulas \u00e0 tarde e \u00e0 noite)<\/p>\n<p>Ensino M\u00e9dio<br \/>\nE.M. Prof.\u00ba Giuseppe Carn\u00edmeo \u2013 17 3612.2361 (Aulas \u00e0 noite)<\/p>\n<p>Assimp-050-2023<br \/>\nReda\u00e7\u00e3o: Rinaldo Filho<br \/>\nArte: Tiago Cardoso e Emanuel Arruda<\/p>\n","protected":false},"excerpt":{"rendered":"<p>Interessados devem procurar as Unidades Escolares que oferecem a modalidade<\/p>\n","protected":false},"author":2,"featured_media":83188,"comment_status":"open","ping_status":"open","sticky":false,"template":"","format":"standard","meta":{"footnotes":""},"categories":[14,3],"tags":[],"class_list":["post-83187","post","type-post","status-publish","format-standard","has-post-thumbnail","hentry","category-barretos","category-geral"],"yoast_head":"<!-- This site is optimized with the Yoast SEO plugin v27.4 - https:\/\/yoast.com\/product\/yoast-seo-wordpress\/ -->\n<title>Prefeitura abre per\u00edodo de matr\u00edculas para Educa\u00e7\u00e3o de Jovens e Adultos - Regi\u00e3o News<\/title>\n<meta name=\"robots\" content=\"index, follow, max-snippet:-1, max-image-preview:large, max-video-preview:-1\" \/>\n<link rel=\"canonical\" href=\"https:\/\/regiaonews.net.br\/2022\/2023\/01\/25\/prefeitura-abre-periodo-de-matriculas-para-educacao-de-jovens-e-adultos\/\" \/>\n<meta property=\"og:locale\" content=\"pt_BR\" \/>\n<meta property=\"og:type\" content=\"article\" \/>\n<meta property=\"og:title\" content=\"Prefeitura abre per\u00edodo de matr\u00edculas para Educa\u00e7\u00e3o de Jovens e Adultos - Regi\u00e3o News\" \/>\n<meta property=\"og:description\" content=\"Interessados devem procurar as Unidades Escolares que oferecem a modalidade\" \/>\n<meta property=\"og:url\" content=\"https:\/\/regiaonews.net.br\/2022\/2023\/01\/25\/prefeitura-abre-periodo-de-matriculas-para-educacao-de-jovens-e-adultos\/\" \/>\n<meta property=\"og:site_name\" content=\"Regi\u00e3o News\" \/>\n<meta property=\"article:published_time\" content=\"2023-01-25T18:42:11+00:00\" \/>\n<meta property=\"og:image\" content=\"https:\/\/regiaonews.net.br\/2022\/wp-content\/uploads\/2023\/01\/WhatsApp-Image-2023-01-25-at-15.37.24.jpeg\" \/>\n\t<meta property=\"og:image:width\" content=\"1024\" \/>\n\t<meta property=\"og:image:height\" content=\"1024\" \/>\n\t<meta property=\"og:image:type\" content=\"image\/jpeg\" \/>\n<meta name=\"author\" content=\"Roberto\" \/>\n<meta name=\"twitter:card\" content=\"summary_large_image\" \/>\n<meta name=\"twitter:label1\" content=\"Escrito por\" \/>\n\t<meta name=\"twitter:data1\" content=\"Roberto\" \/>\n\t<meta name=\"twitter:label2\" content=\"Est. tempo de leitura\" \/>\n\t<meta name=\"twitter:data2\" content=\"3 minutos\" \/>\n<script type=\"application\/ld+json\" class=\"yoast-schema-graph\">{\"@context\":\"https:\\\/\\\/schema.org\",\"@graph\":[{\"@type\":\"Article\",\"@id\":\"https:\\\/\\\/regiaonews.net.br\\\/2022\\\/2023\\\/01\\\/25\\\/prefeitura-abre-periodo-de-matriculas-para-educacao-de-jovens-e-adultos\\\/#article\",\"isPartOf\":{\"@id\":\"https:\\\/\\\/regiaonews.net.br\\\/2022\\\/2023\\\/01\\\/25\\\/prefeitura-abre-periodo-de-matriculas-para-educacao-de-jovens-e-adultos\\\/\"},\"author\":{\"name\":\"Roberto\",\"@id\":\"https:\\\/\\\/regiaonews.net.br\\\/2022\\\/#\\\/schema\\\/person\\\/2d205a608a5aa97ac279d7a5e6d89ad8\"},\"headline\":\"Prefeitura abre per\u00edodo de matr\u00edculas para Educa\u00e7\u00e3o de Jovens e Adultos\",\"datePublished\":\"2023-01-25T18:42:11+00:00\",\"mainEntityOfPage\":{\"@id\":\"https:\\\/\\\/regiaonews.net.br\\\/2022\\\/2023\\\/01\\\/25\\\/prefeitura-abre-periodo-de-matriculas-para-educacao-de-jovens-e-adultos\\\/\"},\"wordCount\":460,\"commentCount\":0,\"publisher\":{\"@id\":\"https:\\\/\\\/regiaonews.net.br\\\/2022\\\/#organization\"},\"image\":{\"@id\":\"https:\\\/\\\/regiaonews.net.br\\\/2022\\\/2023\\\/01\\\/25\\\/prefeitura-abre-periodo-de-matriculas-para-educacao-de-jovens-e-adultos\\\/#primaryimage\"},\"thumbnailUrl\":\"https:\\\/\\\/regiaonews.net.br\\\/2022\\\/wp-content\\\/uploads\\\/2023\\\/01\\\/WhatsApp-Image-2023-01-25-at-15.37.24.jpeg\",\"articleSection\":[\"Barretos\",\"Geral\"],\"inLanguage\":\"pt-BR\",\"potentialAction\":[{\"@type\":\"CommentAction\",\"name\":\"Comment\",\"target\":[\"https:\\\/\\\/regiaonews.net.br\\\/2022\\\/2023\\\/01\\\/25\\\/prefeitura-abre-periodo-de-matriculas-para-educacao-de-jovens-e-adultos\\\/#respond\"]}]},{\"@type\":\"WebPage\",\"@id\":\"https:\\\/\\\/regiaonews.net.br\\\/2022\\\/2023\\\/01\\\/25\\\/prefeitura-abre-periodo-de-matriculas-para-educacao-de-jovens-e-adultos\\\/\",\"url\":\"https:\\\/\\\/regiaonews.net.br\\\/2022\\\/2023\\\/01\\\/25\\\/prefeitura-abre-periodo-de-matriculas-para-educacao-de-jovens-e-adultos\\\/\",\"name\":\"Prefeitura abre per\u00edodo de matr\u00edculas para Educa\u00e7\u00e3o de Jovens e Adultos - Regi\u00e3o News\",\"isPartOf\":{\"@id\":\"https:\\\/\\\/regiaonews.net.br\\\/2022\\\/#website\"},\"primaryImageOfPage\":{\"@id\":\"https:\\\/\\\/regiaonews.net.br\\\/2022\\\/2023\\\/01\\\/25\\\/prefeitura-abre-periodo-de-matriculas-para-educacao-de-jovens-e-adultos\\\/#primaryimage\"},\"image\":{\"@id\":\"https:\\\/\\\/regiaonews.net.br\\\/2022\\\/2023\\\/01\\\/25\\\/prefeitura-abre-periodo-de-matriculas-para-educacao-de-jovens-e-adultos\\\/#primaryimage\"},\"thumbnailUrl\":\"https:\\\/\\\/regiaonews.net.br\\\/2022\\\/wp-content\\\/uploads\\\/2023\\\/01\\\/WhatsApp-Image-2023-01-25-at-15.37.24.jpeg\",\"datePublished\":\"2023-01-25T18:42:11+00:00\",\"breadcrumb\":{\"@id\":\"https:\\\/\\\/regiaonews.net.br\\\/2022\\\/2023\\\/01\\\/25\\\/prefeitura-abre-periodo-de-matriculas-para-educacao-de-jovens-e-adultos\\\/#breadcrumb\"},\"inLanguage\":\"pt-BR\",\"potentialAction\":[{\"@type\":\"ReadAction\",\"target\":[\"https:\\\/\\\/regiaonews.net.br\\\/2022\\\/2023\\\/01\\\/25\\\/prefeitura-abre-periodo-de-matriculas-para-educacao-de-jovens-e-adultos\\\/\"]}]},{\"@type\":\"ImageObject\",\"inLanguage\":\"pt-BR\",\"@id\":\"https:\\\/\\\/regiaonews.net.br\\\/2022\\\/2023\\\/01\\\/25\\\/prefeitura-abre-periodo-de-matriculas-para-educacao-de-jovens-e-adultos\\\/#primaryimage\",\"url\":\"https:\\\/\\\/regiaonews.net.br\\\/2022\\\/wp-content\\\/uploads\\\/2023\\\/01\\\/WhatsApp-Image-2023-01-25-at-15.37.24.jpeg\",\"contentUrl\":\"https:\\\/\\\/regiaonews.net.br\\\/2022\\\/wp-content\\\/uploads\\\/2023\\\/01\\\/WhatsApp-Image-2023-01-25-at-15.37.24.jpeg\",\"width\":1024,\"height\":1024},{\"@type\":\"BreadcrumbList\",\"@id\":\"https:\\\/\\\/regiaonews.net.br\\\/2022\\\/2023\\\/01\\\/25\\\/prefeitura-abre-periodo-de-matriculas-para-educacao-de-jovens-e-adultos\\\/#breadcrumb\",\"itemListElement\":[{\"@type\":\"ListItem\",\"position\":1,\"name\":\"In\u00edcio\",\"item\":\"https:\\\/\\\/regiaonews.net.br\\\/2022\\\/\"},{\"@type\":\"ListItem\",\"position\":2,\"name\":\"Prefeitura abre per\u00edodo de matr\u00edculas para Educa\u00e7\u00e3o de Jovens e Adultos\"}]},{\"@type\":\"WebSite\",\"@id\":\"https:\\\/\\\/regiaonews.net.br\\\/2022\\\/#website\",\"url\":\"https:\\\/\\\/regiaonews.net.br\\\/2022\\\/\",\"name\":\"Regi\u00e3o News\",\"description\":\"Site de Not\u00edcias de Barretos e regi\u00e3o\",\"publisher\":{\"@id\":\"https:\\\/\\\/regiaonews.net.br\\\/2022\\\/#organization\"},\"potentialAction\":[{\"@type\":\"SearchAction\",\"target\":{\"@type\":\"EntryPoint\",\"urlTemplate\":\"https:\\\/\\\/regiaonews.net.br\\\/2022\\\/?s={search_term_string}\"},\"query-input\":{\"@type\":\"PropertyValueSpecification\",\"valueRequired\":true,\"valueName\":\"search_term_string\"}}],\"inLanguage\":\"pt-BR\"},{\"@type\":\"Organization\",\"@id\":\"https:\\\/\\\/regiaonews.net.br\\\/2022\\\/#organization\",\"name\":\"Regi\u00e3o News\",\"url\":\"https:\\\/\\\/regiaonews.net.br\\\/2022\\\/\",\"logo\":{\"@type\":\"ImageObject\",\"inLanguage\":\"pt-BR\",\"@id\":\"https:\\\/\\\/regiaonews.net.br\\\/2022\\\/#\\\/schema\\\/logo\\\/image\\\/\",\"url\":\"https:\\\/\\\/regiaonews.net.br\\\/2022\\\/wp-content\\\/uploads\\\/2026\\\/03\\\/regiao-13-anos-scaled.jpg\",\"contentUrl\":\"https:\\\/\\\/regiaonews.net.br\\\/2022\\\/wp-content\\\/uploads\\\/2026\\\/03\\\/regiao-13-anos-scaled.jpg\",\"width\":2560,\"height\":635,\"caption\":\"Regi\u00e3o News\"},\"image\":{\"@id\":\"https:\\\/\\\/regiaonews.net.br\\\/2022\\\/#\\\/schema\\\/logo\\\/image\\\/\"}},{\"@type\":\"Person\",\"@id\":\"https:\\\/\\\/regiaonews.net.br\\\/2022\\\/#\\\/schema\\\/person\\\/2d205a608a5aa97ac279d7a5e6d89ad8\",\"name\":\"Roberto\",\"image\":{\"@type\":\"ImageObject\",\"inLanguage\":\"pt-BR\",\"@id\":\"https:\\\/\\\/secure.gravatar.com\\\/avatar\\\/42749d8b712ff9d59ca93dc150494e5b55a44134482993f5baeb97e61b7ecc89?s=96&d=mm&r=g\",\"url\":\"https:\\\/\\\/secure.gravatar.com\\\/avatar\\\/42749d8b712ff9d59ca93dc150494e5b55a44134482993f5baeb97e61b7ecc89?s=96&d=mm&r=g\",\"contentUrl\":\"https:\\\/\\\/secure.gravatar.com\\\/avatar\\\/42749d8b712ff9d59ca93dc150494e5b55a44134482993f5baeb97e61b7ecc89?s=96&d=mm&r=g\",\"caption\":\"Roberto\"},\"url\":\"https:\\\/\\\/regiaonews.net.br\\\/2022\\\/author\\\/roberto\\\/\"}]}<\/script>\n<!-- \/ Yoast SEO plugin. -->","yoast_head_json":{"title":"Prefeitura abre per\u00edodo de matr\u00edculas para Educa\u00e7\u00e3o de Jovens e Adultos - Regi\u00e3o News","robots":{"index":"index","follow":"follow","max-snippet":"max-snippet:-1","max-image-preview":"max-image-preview:large","max-video-preview":"max-video-preview:-1"},"canonical":"https:\/\/regiaonews.net.br\/2022\/2023\/01\/25\/prefeitura-abre-periodo-de-matriculas-para-educacao-de-jovens-e-adultos\/","og_locale":"pt_BR","og_type":"article","og_title":"Prefeitura abre per\u00edodo de matr\u00edculas para Educa\u00e7\u00e3o de Jovens e Adultos - Regi\u00e3o News","og_description":"Interessados devem procurar as Unidades Escolares que oferecem a modalidade","og_url":"https:\/\/regiaonews.net.br\/2022\/2023\/01\/25\/prefeitura-abre-periodo-de-matriculas-para-educacao-de-jovens-e-adultos\/","og_site_name":"Regi\u00e3o News","article_published_time":"2023-01-25T18:42:11+00:00","og_image":[{"width":1024,"height":1024,"url":"https:\/\/regiaonews.net.br\/2022\/wp-content\/uploads\/2023\/01\/WhatsApp-Image-2023-01-25-at-15.37.24.jpeg","type":"image\/jpeg"}],"author":"Roberto","twitter_card":"summary_large_image","twitter_misc":{"Escrito por":"Roberto","Est. tempo de leitura":"3 minutos"},"schema":{"@context":"https:\/\/schema.org","@graph":[{"@type":"Article","@id":"https:\/\/regiaonews.net.br\/2022\/2023\/01\/25\/prefeitura-abre-periodo-de-matriculas-para-educacao-de-jovens-e-adultos\/#article","isPartOf":{"@id":"https:\/\/regiaonews.net.br\/2022\/2023\/01\/25\/prefeitura-abre-periodo-de-matriculas-para-educacao-de-jovens-e-adultos\/"},"author":{"name":"Roberto","@id":"https:\/\/regiaonews.net.br\/2022\/#\/schema\/person\/2d205a608a5aa97ac279d7a5e6d89ad8"},"headline":"Prefeitura abre per\u00edodo de matr\u00edculas para Educa\u00e7\u00e3o de Jovens e Adultos","datePublished":"2023-01-25T18:42:11+00:00","mainEntityOfPage":{"@id":"https:\/\/regiaonews.net.br\/2022\/2023\/01\/25\/prefeitura-abre-periodo-de-matriculas-para-educacao-de-jovens-e-adultos\/"},"wordCount":460,"commentCount":0,"publisher":{"@id":"https:\/\/regiaonews.net.br\/2022\/#organization"},"image":{"@id":"https:\/\/regiaonews.net.br\/2022\/2023\/01\/25\/prefeitura-abre-periodo-de-matriculas-para-educacao-de-jovens-e-adultos\/#primaryimage"},"thumbnailUrl":"https:\/\/regiaonews.net.br\/2022\/wp-content\/uploads\/2023\/01\/WhatsApp-Image-2023-01-25-at-15.37.24.jpeg","articleSection":["Barretos","Geral"],"inLanguage":"pt-BR","potentialAction":[{"@type":"CommentAction","name":"Comment","target":["https:\/\/regiaonews.net.br\/2022\/2023\/01\/25\/prefeitura-abre-periodo-de-matriculas-para-educacao-de-jovens-e-adultos\/#respond"]}]},{"@type":"WebPage","@id":"https:\/\/regiaonews.net.br\/2022\/2023\/01\/25\/prefeitura-abre-periodo-de-matriculas-para-educacao-de-jovens-e-adultos\/","url":"https:\/\/regiaonews.net.br\/2022\/2023\/01\/25\/prefeitura-abre-periodo-de-matriculas-para-educacao-de-jovens-e-adultos\/","name":"Prefeitura abre per\u00edodo de matr\u00edculas para Educa\u00e7\u00e3o de Jovens e Adultos - Regi\u00e3o News","isPartOf":{"@id":"https:\/\/regiaonews.net.br\/2022\/#website"},"primaryImageOfPage":{"@id":"https:\/\/regiaonews.net.br\/2022\/2023\/01\/25\/prefeitura-abre-periodo-de-matriculas-para-educacao-de-jovens-e-adultos\/#primaryimage"},"image":{"@id":"https:\/\/regiaonews.net.br\/2022\/2023\/01\/25\/prefeitura-abre-periodo-de-matriculas-para-educacao-de-jovens-e-adultos\/#primaryimage"},"thumbnailUrl":"https:\/\/regiaonews.net.br\/2022\/wp-content\/uploads\/2023\/01\/WhatsApp-Image-2023-01-25-at-15.37.24.jpeg","datePublished":"2023-01-25T18:42:11+00:00","breadcrumb":{"@id":"https:\/\/regiaonews.net.br\/2022\/2023\/01\/25\/prefeitura-abre-periodo-de-matriculas-para-educacao-de-jovens-e-adultos\/#breadcrumb"},"inLanguage":"pt-BR","potentialAction":[{"@type":"ReadAction","target":["https:\/\/regiaonews.net.br\/2022\/2023\/01\/25\/prefeitura-abre-periodo-de-matriculas-para-educacao-de-jovens-e-adultos\/"]}]},{"@type":"ImageObject","inLanguage":"pt-BR","@id":"https:\/\/regiaonews.net.br\/2022\/2023\/01\/25\/prefeitura-abre-periodo-de-matriculas-para-educacao-de-jovens-e-adultos\/#primaryimage","url":"https:\/\/regiaonews.net.br\/2022\/wp-content\/uploads\/2023\/01\/WhatsApp-Image-2023-01-25-at-15.37.24.jpeg","contentUrl":"https:\/\/regiaonews.net.br\/2022\/wp-content\/uploads\/2023\/01\/WhatsApp-Image-2023-01-25-at-15.37.24.jpeg","width":1024,"height":1024},{"@type":"BreadcrumbList","@id":"https:\/\/regiaonews.net.br\/2022\/2023\/01\/25\/prefeitura-abre-periodo-de-matriculas-para-educacao-de-jovens-e-adultos\/#breadcrumb","itemListElement":[{"@type":"ListItem","position":1,"name":"In\u00edcio","item":"https:\/\/regiaonews.net.br\/2022\/"},{"@type":"ListItem","position":2,"name":"Prefeitura abre per\u00edodo de matr\u00edculas para Educa\u00e7\u00e3o de Jovens e Adultos"}]},{"@type":"WebSite","@id":"https:\/\/regiaonews.net.br\/2022\/#website","url":"https:\/\/regiaonews.net.br\/2022\/","name":"Regi\u00e3o News","description":"Site de Not\u00edcias de Barretos e regi\u00e3o","publisher":{"@id":"https:\/\/regiaonews.net.br\/2022\/#organization"},"potentialAction":[{"@type":"SearchAction","target":{"@type":"EntryPoint","urlTemplate":"https:\/\/regiaonews.net.br\/2022\/?s={search_term_string}"},"query-input":{"@type":"PropertyValueSpecification","valueRequired":true,"valueName":"search_term_string"}}],"inLanguage":"pt-BR"},{"@type":"Organization","@id":"https:\/\/regiaonews.net.br\/2022\/#organization","name":"Regi\u00e3o News","url":"https:\/\/regiaonews.net.br\/2022\/","logo":{"@type":"ImageObject","inLanguage":"pt-BR","@id":"https:\/\/regiaonews.net.br\/2022\/#\/schema\/logo\/image\/","url":"https:\/\/regiaonews.net.br\/2022\/wp-content\/uploads\/2026\/03\/regiao-13-anos-scaled.jpg","contentUrl":"https:\/\/regiaonews.net.br\/2022\/wp-content\/uploads\/2026\/03\/regiao-13-anos-scaled.jpg","width":2560,"height":635,"caption":"Regi\u00e3o News"},"image":{"@id":"https:\/\/regiaonews.net.br\/2022\/#\/schema\/logo\/image\/"}},{"@type":"Person","@id":"https:\/\/regiaonews.net.br\/2022\/#\/schema\/person\/2d205a608a5aa97ac279d7a5e6d89ad8","name":"Roberto","image":{"@type":"ImageObject","inLanguage":"pt-BR","@id":"https:\/\/secure.gravatar.com\/avatar\/42749d8b712ff9d59ca93dc150494e5b55a44134482993f5baeb97e61b7ecc89?s=96&d=mm&r=g","url":"https:\/\/secure.gravatar.com\/avatar\/42749d8b712ff9d59ca93dc150494e5b55a44134482993f5baeb97e61b7ecc89?s=96&d=mm&r=g","contentUrl":"https:\/\/secure.gravatar.com\/avatar\/42749d8b712ff9d59ca93dc150494e5b55a44134482993f5baeb97e61b7ecc89?s=96&d=mm&r=g","caption":"Roberto"},"url":"https:\/\/regiaonews.net.br\/2022\/author\/roberto\/"}]}},"publishpress_future_action":{"enabled":false,"date":"2026-05-02 05:08:13","action":"change-status","newStatus":"draft","terms":[],"taxonomy":"category","extraData":[]},"publishpress_future_workflow_manual_trigger":{"enabledWorkflows":[]},"_links":{"self":[{"href":"https:\/\/regiaonews.net.br\/2022\/wp-json\/wp\/v2\/posts\/83187","targetHints":{"allow":["GET"]}}],"collection":[{"href":"https:\/\/regiaonews.net.br\/2022\/wp-json\/wp\/v2\/posts"}],"about":[{"href":"https:\/\/regiaonews.net.br\/2022\/wp-json\/wp\/v2\/types\/post"}],"author":[{"embeddable":true,"href":"https:\/\/regiaonews.net.br\/2022\/wp-json\/wp\/v2\/users\/2"}],"replies":[{"embeddable":true,"href":"https:\/\/regiaonews.net.br\/2022\/wp-json\/wp\/v2\/comments?post=83187"}],"version-history":[{"count":1,"href":"https:\/\/regiaonews.net.br\/2022\/wp-json\/wp\/v2\/posts\/83187\/revisions"}],"predecessor-version":[{"id":83189,"href":"https:\/\/regiaonews.net.br\/2022\/wp-json\/wp\/v2\/posts\/83187\/revisions\/83189"}],"wp:featuredmedia":[{"embeddable":true,"href":"https:\/\/regiaonews.net.br\/2022\/wp-json\/wp\/v2\/media\/83188"}],"wp:attachment":[{"href":"https:\/\/regiaonews.net.br\/2022\/wp-json\/wp\/v2\/media?parent=83187"}],"wp:term":[{"taxonomy":"category","embeddable":true,"href":"https:\/\/regiaonews.net.br\/2022\/wp-json\/wp\/v2\/categories?post=83187"},{"taxonomy":"post_tag","embeddable":true,"href":"https:\/\/regiaonews.net.br\/2022\/wp-json\/wp\/v2\/tags?post=83187"}],"curies":[{"name":"wp","href":"https:\/\/api.w.org\/{rel}","templated":true}]}}