{"id":83108,"date":"2023-01-23T09:54:59","date_gmt":"2023-01-23T12:54:59","guid":{"rendered":"https:\/\/regiaonews.net.br\/2022\/?p=83108"},"modified":"2023-01-23T09:54:59","modified_gmt":"2023-01-23T12:54:59","slug":"barretos-country-tera-programacao-especial-de-carnaval","status":"publish","type":"post","link":"https:\/\/regiaonews.net.br\/2022\/2023\/01\/23\/barretos-country-tera-programacao-especial-de-carnaval\/","title":{"rendered":"Barretos Country ter\u00e1 programa\u00e7\u00e3o especial de Carnaval"},"content":{"rendered":"<h3 style=\"text-align: center;\">Atividades no maior parque aqu\u00e1tico com tematiza\u00e7\u00e3o country do Pa\u00eds incluem micaretas, shows, bailes tem\u00e1ticos, concursos e muito mais.<\/h3>\n<p>O Barretos Country Park &amp; Resort, maior parque aqu\u00e1tico com tematiza\u00e7\u00e3o country do Pa\u00eds e um dos maiores complexos de entretenimento e lazer para fam\u00edlia no interior paulista, ter\u00e1 programa\u00e7\u00e3o especial de Carnaval em fevereiro.<\/p>\n<p>As atra\u00e7\u00f5es incluem shows, escolas de samba, micaretas, concursos de fantasia, oficinas de bate lata, bailes tem\u00e1ticos de m\u00e1scaras e neon, aulas de ax\u00e9, entre outras, nos dias 5, 12, 18, 19, 20, 21 e 26 de fevereiro. Al\u00e9m de diversas atividades durante a semana, ao longo de todo m\u00eas, como oficinas de arte, pesca esportiva e passeios a cavalo ou de b\u00fafala pela fazendinha, bloquinhos e micaretas aqu\u00e1ticas, desafios, jogos, brincadeiras e muito mais.<\/p>\n<p>\u201cNossa programa\u00e7\u00e3o de Carnaval foi planejada de modo a valorizar as caracter\u00edsticas do parque, de proporcionar esse contato mais pr\u00f3ximo com a natureza e uma experi\u00eancia inesquec\u00edvel em fam\u00edlia, com atividades tanto para as crian\u00e7as quanto para os adultos\u201d, diz Filipe Rezende, vice-presidente de Constru\u00e7\u00e3o, Entretenimento e Hotelaria do GR GROUP, grupo propriet\u00e1rio do Barretos Country.<\/p>\n<p><strong>Servi\u00e7o<\/strong><br \/>\nBarretos Country Park &amp; Resort. Reserva de hospedagem e ingressos pelo no site https:\/\/www.barretoscountry.com.br\/ ou pela Central de Vendas (17) 3321-2327<\/p>\n<p><strong>Sobre o parque<\/strong><br \/>\nLocalizado em Barretos (SP), o Barretos Country Park &amp; Resort \u00e9 uma \u00f3tima op\u00e7\u00e3o de passeio em fam\u00edlia. O parque proporciona experi\u00eancias \u00fanicas de contato com a natureza, fazenda, praia e divers\u00e3o para quem quer sair da vida agitada e viver momentos de conex\u00e3o com a ess\u00eancia country que somente a Capital Country do Brasil pode oferecer. Destino perfeito para colecionar mem\u00f3rias inesquec\u00edveis.<\/p>\n<p>S\u00e3o mais de 40 atra\u00e7\u00f5es para fam\u00edlia em mais de 200 mil m\u00b2 de \u00e1rea livre. A divers\u00e3o \u00e9 garantida por meio de diversos tobo\u00e1guas, tirolesa, mini zoo, fazendinha, piscinas de \u00e1guas termais e praia com piscina de ondas (uma das maiores do interior, com mais de 30 tipos de ondas), passeios a cavalo, trenzinho, entre outras op\u00e7\u00f5es de lazer, al\u00e9m de muita atividade com m\u00fasica, recrea\u00e7\u00e3o infantil, eventos culturais e gastronomia t\u00edpica regional.<\/p>\n","protected":false},"excerpt":{"rendered":"<p>Atividades no maior parque aqu\u00e1tico com tematiza\u00e7\u00e3o country do Pa\u00eds<\/p>\n","protected":false},"author":2,"featured_media":70434,"comment_status":"open","ping_status":"open","sticky":false,"template":"","format":"standard","meta":{"footnotes":""},"categories":[14,3],"tags":[],"class_list":["post-83108","post","type-post","status-publish","format-standard","has-post-thumbnail","hentry","category-barretos","category-geral"],"yoast_head":"<!-- This site is optimized with the Yoast SEO plugin v27.4 - https:\/\/yoast.com\/product\/yoast-seo-wordpress\/ -->\n<title>Barretos Country ter\u00e1 programa\u00e7\u00e3o especial de Carnaval - Regi\u00e3o News<\/title>\n<meta name=\"robots\" content=\"index, follow, max-snippet:-1, max-image-preview:large, max-video-preview:-1\" \/>\n<link rel=\"canonical\" href=\"https:\/\/regiaonews.net.br\/2022\/2023\/01\/23\/barretos-country-tera-programacao-especial-de-carnaval\/\" \/>\n<meta property=\"og:locale\" content=\"pt_BR\" \/>\n<meta property=\"og:type\" content=\"article\" \/>\n<meta property=\"og:title\" content=\"Barretos Country ter\u00e1 programa\u00e7\u00e3o especial de Carnaval - Regi\u00e3o News\" \/>\n<meta property=\"og:description\" content=\"Atividades no maior parque aqu\u00e1tico com tematiza\u00e7\u00e3o country do Pa\u00eds\" \/>\n<meta property=\"og:url\" content=\"https:\/\/regiaonews.net.br\/2022\/2023\/01\/23\/barretos-country-tera-programacao-especial-de-carnaval\/\" \/>\n<meta property=\"og:site_name\" content=\"Regi\u00e3o News\" \/>\n<meta property=\"article:published_time\" content=\"2023-01-23T12:54:59+00:00\" \/>\n<meta property=\"og:image\" content=\"https:\/\/regiaonews.net.br\/2022\/wp-content\/uploads\/2022\/04\/BARRETOSCOUNTRY_OUT.jpeg\" \/>\n\t<meta property=\"og:image:width\" content=\"320\" \/>\n\t<meta property=\"og:image:height\" content=\"213\" \/>\n\t<meta property=\"og:image:type\" content=\"image\/jpeg\" \/>\n<meta name=\"author\" content=\"Roberto\" \/>\n<meta name=\"twitter:card\" content=\"summary_large_image\" \/>\n<meta name=\"twitter:label1\" content=\"Escrito por\" \/>\n\t<meta name=\"twitter:data1\" content=\"Roberto\" \/>\n\t<meta name=\"twitter:label2\" content=\"Est. tempo de leitura\" \/>\n\t<meta name=\"twitter:data2\" content=\"2 minutos\" \/>\n<script type=\"application\/ld+json\" class=\"yoast-schema-graph\">{\"@context\":\"https:\\\/\\\/schema.org\",\"@graph\":[{\"@type\":\"Article\",\"@id\":\"https:\\\/\\\/regiaonews.net.br\\\/2022\\\/2023\\\/01\\\/23\\\/barretos-country-tera-programacao-especial-de-carnaval\\\/#article\",\"isPartOf\":{\"@id\":\"https:\\\/\\\/regiaonews.net.br\\\/2022\\\/2023\\\/01\\\/23\\\/barretos-country-tera-programacao-especial-de-carnaval\\\/\"},\"author\":{\"name\":\"Roberto\",\"@id\":\"https:\\\/\\\/regiaonews.net.br\\\/2022\\\/#\\\/schema\\\/person\\\/2d205a608a5aa97ac279d7a5e6d89ad8\"},\"headline\":\"Barretos Country ter\u00e1 programa\u00e7\u00e3o especial de Carnaval\",\"datePublished\":\"2023-01-23T12:54:59+00:00\",\"mainEntityOfPage\":{\"@id\":\"https:\\\/\\\/regiaonews.net.br\\\/2022\\\/2023\\\/01\\\/23\\\/barretos-country-tera-programacao-especial-de-carnaval\\\/\"},\"wordCount\":390,\"commentCount\":0,\"publisher\":{\"@id\":\"https:\\\/\\\/regiaonews.net.br\\\/2022\\\/#organization\"},\"image\":{\"@id\":\"https:\\\/\\\/regiaonews.net.br\\\/2022\\\/2023\\\/01\\\/23\\\/barretos-country-tera-programacao-especial-de-carnaval\\\/#primaryimage\"},\"thumbnailUrl\":\"https:\\\/\\\/regiaonews.net.br\\\/2022\\\/wp-content\\\/uploads\\\/2022\\\/04\\\/BARRETOSCOUNTRY_OUT.jpeg\",\"articleSection\":[\"Barretos\",\"Geral\"],\"inLanguage\":\"pt-BR\",\"potentialAction\":[{\"@type\":\"CommentAction\",\"name\":\"Comment\",\"target\":[\"https:\\\/\\\/regiaonews.net.br\\\/2022\\\/2023\\\/01\\\/23\\\/barretos-country-tera-programacao-especial-de-carnaval\\\/#respond\"]}]},{\"@type\":\"WebPage\",\"@id\":\"https:\\\/\\\/regiaonews.net.br\\\/2022\\\/2023\\\/01\\\/23\\\/barretos-country-tera-programacao-especial-de-carnaval\\\/\",\"url\":\"https:\\\/\\\/regiaonews.net.br\\\/2022\\\/2023\\\/01\\\/23\\\/barretos-country-tera-programacao-especial-de-carnaval\\\/\",\"name\":\"Barretos Country ter\u00e1 programa\u00e7\u00e3o especial de Carnaval - Regi\u00e3o News\",\"isPartOf\":{\"@id\":\"https:\\\/\\\/regiaonews.net.br\\\/2022\\\/#website\"},\"primaryImageOfPage\":{\"@id\":\"https:\\\/\\\/regiaonews.net.br\\\/2022\\\/2023\\\/01\\\/23\\\/barretos-country-tera-programacao-especial-de-carnaval\\\/#primaryimage\"},\"image\":{\"@id\":\"https:\\\/\\\/regiaonews.net.br\\\/2022\\\/2023\\\/01\\\/23\\\/barretos-country-tera-programacao-especial-de-carnaval\\\/#primaryimage\"},\"thumbnailUrl\":\"https:\\\/\\\/regiaonews.net.br\\\/2022\\\/wp-content\\\/uploads\\\/2022\\\/04\\\/BARRETOSCOUNTRY_OUT.jpeg\",\"datePublished\":\"2023-01-23T12:54:59+00:00\",\"breadcrumb\":{\"@id\":\"https:\\\/\\\/regiaonews.net.br\\\/2022\\\/2023\\\/01\\\/23\\\/barretos-country-tera-programacao-especial-de-carnaval\\\/#breadcrumb\"},\"inLanguage\":\"pt-BR\",\"potentialAction\":[{\"@type\":\"ReadAction\",\"target\":[\"https:\\\/\\\/regiaonews.net.br\\\/2022\\\/2023\\\/01\\\/23\\\/barretos-country-tera-programacao-especial-de-carnaval\\\/\"]}]},{\"@type\":\"ImageObject\",\"inLanguage\":\"pt-BR\",\"@id\":\"https:\\\/\\\/regiaonews.net.br\\\/2022\\\/2023\\\/01\\\/23\\\/barretos-country-tera-programacao-especial-de-carnaval\\\/#primaryimage\",\"url\":\"https:\\\/\\\/regiaonews.net.br\\\/2022\\\/wp-content\\\/uploads\\\/2022\\\/04\\\/BARRETOSCOUNTRY_OUT.jpeg\",\"contentUrl\":\"https:\\\/\\\/regiaonews.net.br\\\/2022\\\/wp-content\\\/uploads\\\/2022\\\/04\\\/BARRETOSCOUNTRY_OUT.jpeg\",\"width\":320,\"height\":213},{\"@type\":\"BreadcrumbList\",\"@id\":\"https:\\\/\\\/regiaonews.net.br\\\/2022\\\/2023\\\/01\\\/23\\\/barretos-country-tera-programacao-especial-de-carnaval\\\/#breadcrumb\",\"itemListElement\":[{\"@type\":\"ListItem\",\"position\":1,\"name\":\"In\u00edcio\",\"item\":\"https:\\\/\\\/regiaonews.net.br\\\/2022\\\/\"},{\"@type\":\"ListItem\",\"position\":2,\"name\":\"Barretos Country ter\u00e1 programa\u00e7\u00e3o especial de Carnaval\"}]},{\"@type\":\"WebSite\",\"@id\":\"https:\\\/\\\/regiaonews.net.br\\\/2022\\\/#website\",\"url\":\"https:\\\/\\\/regiaonews.net.br\\\/2022\\\/\",\"name\":\"Regi\u00e3o News\",\"description\":\"Site de Not\u00edcias de Barretos e regi\u00e3o\",\"publisher\":{\"@id\":\"https:\\\/\\\/regiaonews.net.br\\\/2022\\\/#organization\"},\"potentialAction\":[{\"@type\":\"SearchAction\",\"target\":{\"@type\":\"EntryPoint\",\"urlTemplate\":\"https:\\\/\\\/regiaonews.net.br\\\/2022\\\/?s={search_term_string}\"},\"query-input\":{\"@type\":\"PropertyValueSpecification\",\"valueRequired\":true,\"valueName\":\"search_term_string\"}}],\"inLanguage\":\"pt-BR\"},{\"@type\":\"Organization\",\"@id\":\"https:\\\/\\\/regiaonews.net.br\\\/2022\\\/#organization\",\"name\":\"Regi\u00e3o News\",\"url\":\"https:\\\/\\\/regiaonews.net.br\\\/2022\\\/\",\"logo\":{\"@type\":\"ImageObject\",\"inLanguage\":\"pt-BR\",\"@id\":\"https:\\\/\\\/regiaonews.net.br\\\/2022\\\/#\\\/schema\\\/logo\\\/image\\\/\",\"url\":\"https:\\\/\\\/regiaonews.net.br\\\/2022\\\/wp-content\\\/uploads\\\/2026\\\/03\\\/regiao-13-anos-scaled.jpg\",\"contentUrl\":\"https:\\\/\\\/regiaonews.net.br\\\/2022\\\/wp-content\\\/uploads\\\/2026\\\/03\\\/regiao-13-anos-scaled.jpg\",\"width\":2560,\"height\":635,\"caption\":\"Regi\u00e3o News\"},\"image\":{\"@id\":\"https:\\\/\\\/regiaonews.net.br\\\/2022\\\/#\\\/schema\\\/logo\\\/image\\\/\"}},{\"@type\":\"Person\",\"@id\":\"https:\\\/\\\/regiaonews.net.br\\\/2022\\\/#\\\/schema\\\/person\\\/2d205a608a5aa97ac279d7a5e6d89ad8\",\"name\":\"Roberto\",\"image\":{\"@type\":\"ImageObject\",\"inLanguage\":\"pt-BR\",\"@id\":\"https:\\\/\\\/secure.gravatar.com\\\/avatar\\\/42749d8b712ff9d59ca93dc150494e5b55a44134482993f5baeb97e61b7ecc89?s=96&d=mm&r=g\",\"url\":\"https:\\\/\\\/secure.gravatar.com\\\/avatar\\\/42749d8b712ff9d59ca93dc150494e5b55a44134482993f5baeb97e61b7ecc89?s=96&d=mm&r=g\",\"contentUrl\":\"https:\\\/\\\/secure.gravatar.com\\\/avatar\\\/42749d8b712ff9d59ca93dc150494e5b55a44134482993f5baeb97e61b7ecc89?s=96&d=mm&r=g\",\"caption\":\"Roberto\"},\"url\":\"https:\\\/\\\/regiaonews.net.br\\\/2022\\\/author\\\/roberto\\\/\"}]}<\/script>\n<!-- \/ Yoast SEO plugin. -->","yoast_head_json":{"title":"Barretos Country ter\u00e1 programa\u00e7\u00e3o especial de Carnaval - Regi\u00e3o News","robots":{"index":"index","follow":"follow","max-snippet":"max-snippet:-1","max-image-preview":"max-image-preview:large","max-video-preview":"max-video-preview:-1"},"canonical":"https:\/\/regiaonews.net.br\/2022\/2023\/01\/23\/barretos-country-tera-programacao-especial-de-carnaval\/","og_locale":"pt_BR","og_type":"article","og_title":"Barretos Country ter\u00e1 programa\u00e7\u00e3o especial de Carnaval - Regi\u00e3o News","og_description":"Atividades no maior parque aqu\u00e1tico com tematiza\u00e7\u00e3o country do Pa\u00eds","og_url":"https:\/\/regiaonews.net.br\/2022\/2023\/01\/23\/barretos-country-tera-programacao-especial-de-carnaval\/","og_site_name":"Regi\u00e3o News","article_published_time":"2023-01-23T12:54:59+00:00","og_image":[{"width":320,"height":213,"url":"https:\/\/regiaonews.net.br\/2022\/wp-content\/uploads\/2022\/04\/BARRETOSCOUNTRY_OUT.jpeg","type":"image\/jpeg"}],"author":"Roberto","twitter_card":"summary_large_image","twitter_misc":{"Escrito por":"Roberto","Est. tempo de leitura":"2 minutos"},"schema":{"@context":"https:\/\/schema.org","@graph":[{"@type":"Article","@id":"https:\/\/regiaonews.net.br\/2022\/2023\/01\/23\/barretos-country-tera-programacao-especial-de-carnaval\/#article","isPartOf":{"@id":"https:\/\/regiaonews.net.br\/2022\/2023\/01\/23\/barretos-country-tera-programacao-especial-de-carnaval\/"},"author":{"name":"Roberto","@id":"https:\/\/regiaonews.net.br\/2022\/#\/schema\/person\/2d205a608a5aa97ac279d7a5e6d89ad8"},"headline":"Barretos Country ter\u00e1 programa\u00e7\u00e3o especial de Carnaval","datePublished":"2023-01-23T12:54:59+00:00","mainEntityOfPage":{"@id":"https:\/\/regiaonews.net.br\/2022\/2023\/01\/23\/barretos-country-tera-programacao-especial-de-carnaval\/"},"wordCount":390,"commentCount":0,"publisher":{"@id":"https:\/\/regiaonews.net.br\/2022\/#organization"},"image":{"@id":"https:\/\/regiaonews.net.br\/2022\/2023\/01\/23\/barretos-country-tera-programacao-especial-de-carnaval\/#primaryimage"},"thumbnailUrl":"https:\/\/regiaonews.net.br\/2022\/wp-content\/uploads\/2022\/04\/BARRETOSCOUNTRY_OUT.jpeg","articleSection":["Barretos","Geral"],"inLanguage":"pt-BR","potentialAction":[{"@type":"CommentAction","name":"Comment","target":["https:\/\/regiaonews.net.br\/2022\/2023\/01\/23\/barretos-country-tera-programacao-especial-de-carnaval\/#respond"]}]},{"@type":"WebPage","@id":"https:\/\/regiaonews.net.br\/2022\/2023\/01\/23\/barretos-country-tera-programacao-especial-de-carnaval\/","url":"https:\/\/regiaonews.net.br\/2022\/2023\/01\/23\/barretos-country-tera-programacao-especial-de-carnaval\/","name":"Barretos Country ter\u00e1 programa\u00e7\u00e3o especial de Carnaval - Regi\u00e3o News","isPartOf":{"@id":"https:\/\/regiaonews.net.br\/2022\/#website"},"primaryImageOfPage":{"@id":"https:\/\/regiaonews.net.br\/2022\/2023\/01\/23\/barretos-country-tera-programacao-especial-de-carnaval\/#primaryimage"},"image":{"@id":"https:\/\/regiaonews.net.br\/2022\/2023\/01\/23\/barretos-country-tera-programacao-especial-de-carnaval\/#primaryimage"},"thumbnailUrl":"https:\/\/regiaonews.net.br\/2022\/wp-content\/uploads\/2022\/04\/BARRETOSCOUNTRY_OUT.jpeg","datePublished":"2023-01-23T12:54:59+00:00","breadcrumb":{"@id":"https:\/\/regiaonews.net.br\/2022\/2023\/01\/23\/barretos-country-tera-programacao-especial-de-carnaval\/#breadcrumb"},"inLanguage":"pt-BR","potentialAction":[{"@type":"ReadAction","target":["https:\/\/regiaonews.net.br\/2022\/2023\/01\/23\/barretos-country-tera-programacao-especial-de-carnaval\/"]}]},{"@type":"ImageObject","inLanguage":"pt-BR","@id":"https:\/\/regiaonews.net.br\/2022\/2023\/01\/23\/barretos-country-tera-programacao-especial-de-carnaval\/#primaryimage","url":"https:\/\/regiaonews.net.br\/2022\/wp-content\/uploads\/2022\/04\/BARRETOSCOUNTRY_OUT.jpeg","contentUrl":"https:\/\/regiaonews.net.br\/2022\/wp-content\/uploads\/2022\/04\/BARRETOSCOUNTRY_OUT.jpeg","width":320,"height":213},{"@type":"BreadcrumbList","@id":"https:\/\/regiaonews.net.br\/2022\/2023\/01\/23\/barretos-country-tera-programacao-especial-de-carnaval\/#breadcrumb","itemListElement":[{"@type":"ListItem","position":1,"name":"In\u00edcio","item":"https:\/\/regiaonews.net.br\/2022\/"},{"@type":"ListItem","position":2,"name":"Barretos Country ter\u00e1 programa\u00e7\u00e3o especial de Carnaval"}]},{"@type":"WebSite","@id":"https:\/\/regiaonews.net.br\/2022\/#website","url":"https:\/\/regiaonews.net.br\/2022\/","name":"Regi\u00e3o News","description":"Site de Not\u00edcias de Barretos e regi\u00e3o","publisher":{"@id":"https:\/\/regiaonews.net.br\/2022\/#organization"},"potentialAction":[{"@type":"SearchAction","target":{"@type":"EntryPoint","urlTemplate":"https:\/\/regiaonews.net.br\/2022\/?s={search_term_string}"},"query-input":{"@type":"PropertyValueSpecification","valueRequired":true,"valueName":"search_term_string"}}],"inLanguage":"pt-BR"},{"@type":"Organization","@id":"https:\/\/regiaonews.net.br\/2022\/#organization","name":"Regi\u00e3o News","url":"https:\/\/regiaonews.net.br\/2022\/","logo":{"@type":"ImageObject","inLanguage":"pt-BR","@id":"https:\/\/regiaonews.net.br\/2022\/#\/schema\/logo\/image\/","url":"https:\/\/regiaonews.net.br\/2022\/wp-content\/uploads\/2026\/03\/regiao-13-anos-scaled.jpg","contentUrl":"https:\/\/regiaonews.net.br\/2022\/wp-content\/uploads\/2026\/03\/regiao-13-anos-scaled.jpg","width":2560,"height":635,"caption":"Regi\u00e3o News"},"image":{"@id":"https:\/\/regiaonews.net.br\/2022\/#\/schema\/logo\/image\/"}},{"@type":"Person","@id":"https:\/\/regiaonews.net.br\/2022\/#\/schema\/person\/2d205a608a5aa97ac279d7a5e6d89ad8","name":"Roberto","image":{"@type":"ImageObject","inLanguage":"pt-BR","@id":"https:\/\/secure.gravatar.com\/avatar\/42749d8b712ff9d59ca93dc150494e5b55a44134482993f5baeb97e61b7ecc89?s=96&d=mm&r=g","url":"https:\/\/secure.gravatar.com\/avatar\/42749d8b712ff9d59ca93dc150494e5b55a44134482993f5baeb97e61b7ecc89?s=96&d=mm&r=g","contentUrl":"https:\/\/secure.gravatar.com\/avatar\/42749d8b712ff9d59ca93dc150494e5b55a44134482993f5baeb97e61b7ecc89?s=96&d=mm&r=g","caption":"Roberto"},"url":"https:\/\/regiaonews.net.br\/2022\/author\/roberto\/"}]}},"publishpress_future_action":{"enabled":false,"date":"2026-05-02 05:07:38","action":"change-status","newStatus":"draft","terms":[],"taxonomy":"category","extraData":[]},"publishpress_future_workflow_manual_trigger":{"enabledWorkflows":[]},"_links":{"self":[{"href":"https:\/\/regiaonews.net.br\/2022\/wp-json\/wp\/v2\/posts\/83108","targetHints":{"allow":["GET"]}}],"collection":[{"href":"https:\/\/regiaonews.net.br\/2022\/wp-json\/wp\/v2\/posts"}],"about":[{"href":"https:\/\/regiaonews.net.br\/2022\/wp-json\/wp\/v2\/types\/post"}],"author":[{"embeddable":true,"href":"https:\/\/regiaonews.net.br\/2022\/wp-json\/wp\/v2\/users\/2"}],"replies":[{"embeddable":true,"href":"https:\/\/regiaonews.net.br\/2022\/wp-json\/wp\/v2\/comments?post=83108"}],"version-history":[{"count":1,"href":"https:\/\/regiaonews.net.br\/2022\/wp-json\/wp\/v2\/posts\/83108\/revisions"}],"predecessor-version":[{"id":83109,"href":"https:\/\/regiaonews.net.br\/2022\/wp-json\/wp\/v2\/posts\/83108\/revisions\/83109"}],"wp:featuredmedia":[{"embeddable":true,"href":"https:\/\/regiaonews.net.br\/2022\/wp-json\/wp\/v2\/media\/70434"}],"wp:attachment":[{"href":"https:\/\/regiaonews.net.br\/2022\/wp-json\/wp\/v2\/media?parent=83108"}],"wp:term":[{"taxonomy":"category","embeddable":true,"href":"https:\/\/regiaonews.net.br\/2022\/wp-json\/wp\/v2\/categories?post=83108"},{"taxonomy":"post_tag","embeddable":true,"href":"https:\/\/regiaonews.net.br\/2022\/wp-json\/wp\/v2\/tags?post=83108"}],"curies":[{"name":"wp","href":"https:\/\/api.w.org\/{rel}","templated":true}]}}