{"id":82968,"date":"2023-01-18T19:13:19","date_gmt":"2023-01-18T22:13:19","guid":{"rendered":"https:\/\/regiaonews.net.br\/2022\/?p=82968"},"modified":"2023-01-18T19:13:19","modified_gmt":"2023-01-18T22:13:19","slug":"prefeita-de-barretos-e-superintendente-do-saae-fazem-visita-tecnica-as-obras-que-estao-em-fase-de-finalizacao-no-parque-eneas-carneiro-e-bairro-christiano-carvalho","status":"publish","type":"post","link":"https:\/\/regiaonews.net.br\/2022\/2023\/01\/18\/prefeita-de-barretos-e-superintendente-do-saae-fazem-visita-tecnica-as-obras-que-estao-em-fase-de-finalizacao-no-parque-eneas-carneiro-e-bairro-christiano-carvalho\/","title":{"rendered":"Prefeita de Barretos e superintendente do SAAE fazem visita t\u00e9cnica \u00e0s obras que est\u00e3o em fase de finaliza\u00e7\u00e3o no Parque En\u00e9as Carneiro e bairro Christiano Carvalho"},"content":{"rendered":"<p>&nbsp;<\/p>\n<p>A prefeita da Est\u00e2ncia Tur\u00edstica de Barretos, Paula Lemos, acompanhada da superintende interina do SAAEB, Gra\u00e7a Lemos, participou na manh\u00e3 desta quarta-feira (18), de uma visita t\u00e9cnica \u00e0s obras que a autarquia est\u00e1 realizando no Parque En\u00e9as Carneiro e nas ruas C15 e C19 no bairro Christiano Carvalho.<\/p>\n<p>Com o aux\u00edlio do diretor t\u00e9cnico do SAAEB, Marcelo Borges, Gra\u00e7a apresentou \u00e0 prefeita pontos onde ocorreram e que ainda precisam ter interven\u00e7\u00f5es da autarquia a fim de que os se tenha solu\u00e7\u00f5es para melhorar a qualidade de vida dos moradores destas regi\u00f5es.<\/p>\n<p>Em conversa com alguns moradores pr\u00f3ximos ao Parque En\u00e9as, os tr\u00eas puderam dar esclarecimentos sobre as obras que ir\u00e3o benefici\u00e1-los.<\/p>\n<p>\u201c\u00c9 um trabalho que faz 13 anos que a popula\u00e7\u00e3o que vive pr\u00f3xima \u00e0 nascente do c\u00f3rrego Barro Preto que tem recebido esgoto, sofre com mau cheiro, mosquitos e tudo que \u00e9 inseto. Com a gra\u00e7a de Deus, vamos resolver esse problema\u201d, disse a superintendente.<\/p>\n<p>Nas tr\u00eas localidades foram e est\u00e3o sendo executados servi\u00e7os para resolver quest\u00f5es relacionados ao esgoto e segundo a prefeita Paula Lemos \u201co esgoto n\u00e3o era tratado de forma adequada e estava praticamente a c\u00e9u aberto (no Parque En\u00e9as)\u201d. \u201cEsgoto \u00e9 quest\u00e3o de sa\u00fade p\u00fablica e Barretos precisa trata-lo, pois isso ficou deixado de lado h\u00e1 muito tempo\u201d, disse.<\/p>\n<p>A prefeita fez uma observa\u00e7\u00e3o ao trabalho que o engenheiro civil Marcelo Borges tem realizado na autarquia. \u201cO Marcelo passou no concurso e veio para o SAAE somar muito. Somos todos juntos melhores\u201d, disse Paula Lemos.<\/p>\n<p>A previs\u00e3o \u00e9 de que as obras do bairro Christiano Carvalho, se n\u00e3o chover, sejam terminadas at\u00e9 o final de semana. No Parque En\u00e9ias Carneiro, a obra deve durar ainda mais uma semana para o t\u00e9rmino do novo emiss\u00e1rio de esgoto.<\/p>\n<p>&nbsp;<\/p>\n","protected":false},"excerpt":{"rendered":"<p>&nbsp; A prefeita da Est\u00e2ncia Tur\u00edstica de Barretos, Paula Lemos,<\/p>\n","protected":false},"author":2,"featured_media":82969,"comment_status":"open","ping_status":"open","sticky":false,"template":"","format":"standard","meta":{"footnotes":""},"categories":[14,25],"tags":[],"class_list":["post-82968","post","type-post","status-publish","format-standard","has-post-thumbnail","hentry","category-barretos","category-cidades"],"yoast_head":"<!-- This site is optimized with the Yoast SEO plugin v27.4 - https:\/\/yoast.com\/product\/yoast-seo-wordpress\/ -->\n<title>Prefeita de Barretos e superintendente do SAAE fazem visita t\u00e9cnica \u00e0s obras que est\u00e3o em fase de finaliza\u00e7\u00e3o no Parque En\u00e9as Carneiro e bairro Christiano Carvalho - Regi\u00e3o News<\/title>\n<meta name=\"robots\" content=\"index, follow, max-snippet:-1, max-image-preview:large, max-video-preview:-1\" \/>\n<link rel=\"canonical\" href=\"https:\/\/regiaonews.net.br\/2022\/2023\/01\/18\/prefeita-de-barretos-e-superintendente-do-saae-fazem-visita-tecnica-as-obras-que-estao-em-fase-de-finalizacao-no-parque-eneas-carneiro-e-bairro-christiano-carvalho\/\" \/>\n<meta property=\"og:locale\" content=\"pt_BR\" \/>\n<meta property=\"og:type\" content=\"article\" \/>\n<meta property=\"og:title\" content=\"Prefeita de Barretos e superintendente do SAAE fazem visita t\u00e9cnica \u00e0s obras que est\u00e3o em fase de finaliza\u00e7\u00e3o no Parque En\u00e9as Carneiro e bairro Christiano Carvalho - Regi\u00e3o News\" \/>\n<meta property=\"og:description\" content=\"&nbsp; A prefeita da Est\u00e2ncia Tur\u00edstica de Barretos, Paula Lemos,\" \/>\n<meta property=\"og:url\" content=\"https:\/\/regiaonews.net.br\/2022\/2023\/01\/18\/prefeita-de-barretos-e-superintendente-do-saae-fazem-visita-tecnica-as-obras-que-estao-em-fase-de-finalizacao-no-parque-eneas-carneiro-e-bairro-christiano-carvalho\/\" \/>\n<meta property=\"og:site_name\" content=\"Regi\u00e3o News\" \/>\n<meta property=\"article:published_time\" content=\"2023-01-18T22:13:19+00:00\" \/>\n<meta property=\"og:image\" content=\"https:\/\/regiaonews.net.br\/2022\/wp-content\/uploads\/2023\/01\/WhatsApp-Image-2023-01-18-at-18.01.31.jpeg\" \/>\n\t<meta property=\"og:image:width\" content=\"1280\" \/>\n\t<meta property=\"og:image:height\" content=\"853\" \/>\n\t<meta property=\"og:image:type\" content=\"image\/jpeg\" \/>\n<meta name=\"author\" content=\"Roberto\" \/>\n<meta name=\"twitter:card\" content=\"summary_large_image\" \/>\n<meta name=\"twitter:label1\" content=\"Escrito por\" \/>\n\t<meta name=\"twitter:data1\" content=\"Roberto\" \/>\n\t<meta name=\"twitter:label2\" content=\"Est. tempo de leitura\" \/>\n\t<meta name=\"twitter:data2\" content=\"2 minutos\" \/>\n<script type=\"application\/ld+json\" class=\"yoast-schema-graph\">{\"@context\":\"https:\\\/\\\/schema.org\",\"@graph\":[{\"@type\":\"Article\",\"@id\":\"https:\\\/\\\/regiaonews.net.br\\\/2022\\\/2023\\\/01\\\/18\\\/prefeita-de-barretos-e-superintendente-do-saae-fazem-visita-tecnica-as-obras-que-estao-em-fase-de-finalizacao-no-parque-eneas-carneiro-e-bairro-christiano-carvalho\\\/#article\",\"isPartOf\":{\"@id\":\"https:\\\/\\\/regiaonews.net.br\\\/2022\\\/2023\\\/01\\\/18\\\/prefeita-de-barretos-e-superintendente-do-saae-fazem-visita-tecnica-as-obras-que-estao-em-fase-de-finalizacao-no-parque-eneas-carneiro-e-bairro-christiano-carvalho\\\/\"},\"author\":{\"name\":\"Roberto\",\"@id\":\"https:\\\/\\\/regiaonews.net.br\\\/2022\\\/#\\\/schema\\\/person\\\/2d205a608a5aa97ac279d7a5e6d89ad8\"},\"headline\":\"Prefeita de Barretos e superintendente do SAAE fazem visita t\u00e9cnica \u00e0s obras que est\u00e3o em fase de finaliza\u00e7\u00e3o no Parque En\u00e9as Carneiro e bairro Christiano Carvalho\",\"datePublished\":\"2023-01-18T22:13:19+00:00\",\"mainEntityOfPage\":{\"@id\":\"https:\\\/\\\/regiaonews.net.br\\\/2022\\\/2023\\\/01\\\/18\\\/prefeita-de-barretos-e-superintendente-do-saae-fazem-visita-tecnica-as-obras-que-estao-em-fase-de-finalizacao-no-parque-eneas-carneiro-e-bairro-christiano-carvalho\\\/\"},\"wordCount\":351,\"commentCount\":0,\"publisher\":{\"@id\":\"https:\\\/\\\/regiaonews.net.br\\\/2022\\\/#organization\"},\"image\":{\"@id\":\"https:\\\/\\\/regiaonews.net.br\\\/2022\\\/2023\\\/01\\\/18\\\/prefeita-de-barretos-e-superintendente-do-saae-fazem-visita-tecnica-as-obras-que-estao-em-fase-de-finalizacao-no-parque-eneas-carneiro-e-bairro-christiano-carvalho\\\/#primaryimage\"},\"thumbnailUrl\":\"https:\\\/\\\/regiaonews.net.br\\\/2022\\\/wp-content\\\/uploads\\\/2023\\\/01\\\/WhatsApp-Image-2023-01-18-at-18.01.31.jpeg\",\"articleSection\":[\"Barretos\",\"Cidades\"],\"inLanguage\":\"pt-BR\",\"potentialAction\":[{\"@type\":\"CommentAction\",\"name\":\"Comment\",\"target\":[\"https:\\\/\\\/regiaonews.net.br\\\/2022\\\/2023\\\/01\\\/18\\\/prefeita-de-barretos-e-superintendente-do-saae-fazem-visita-tecnica-as-obras-que-estao-em-fase-de-finalizacao-no-parque-eneas-carneiro-e-bairro-christiano-carvalho\\\/#respond\"]}]},{\"@type\":\"WebPage\",\"@id\":\"https:\\\/\\\/regiaonews.net.br\\\/2022\\\/2023\\\/01\\\/18\\\/prefeita-de-barretos-e-superintendente-do-saae-fazem-visita-tecnica-as-obras-que-estao-em-fase-de-finalizacao-no-parque-eneas-carneiro-e-bairro-christiano-carvalho\\\/\",\"url\":\"https:\\\/\\\/regiaonews.net.br\\\/2022\\\/2023\\\/01\\\/18\\\/prefeita-de-barretos-e-superintendente-do-saae-fazem-visita-tecnica-as-obras-que-estao-em-fase-de-finalizacao-no-parque-eneas-carneiro-e-bairro-christiano-carvalho\\\/\",\"name\":\"Prefeita de Barretos e superintendente do SAAE fazem visita t\u00e9cnica \u00e0s obras que est\u00e3o em fase de finaliza\u00e7\u00e3o no Parque En\u00e9as Carneiro e bairro Christiano Carvalho - Regi\u00e3o News\",\"isPartOf\":{\"@id\":\"https:\\\/\\\/regiaonews.net.br\\\/2022\\\/#website\"},\"primaryImageOfPage\":{\"@id\":\"https:\\\/\\\/regiaonews.net.br\\\/2022\\\/2023\\\/01\\\/18\\\/prefeita-de-barretos-e-superintendente-do-saae-fazem-visita-tecnica-as-obras-que-estao-em-fase-de-finalizacao-no-parque-eneas-carneiro-e-bairro-christiano-carvalho\\\/#primaryimage\"},\"image\":{\"@id\":\"https:\\\/\\\/regiaonews.net.br\\\/2022\\\/2023\\\/01\\\/18\\\/prefeita-de-barretos-e-superintendente-do-saae-fazem-visita-tecnica-as-obras-que-estao-em-fase-de-finalizacao-no-parque-eneas-carneiro-e-bairro-christiano-carvalho\\\/#primaryimage\"},\"thumbnailUrl\":\"https:\\\/\\\/regiaonews.net.br\\\/2022\\\/wp-content\\\/uploads\\\/2023\\\/01\\\/WhatsApp-Image-2023-01-18-at-18.01.31.jpeg\",\"datePublished\":\"2023-01-18T22:13:19+00:00\",\"breadcrumb\":{\"@id\":\"https:\\\/\\\/regiaonews.net.br\\\/2022\\\/2023\\\/01\\\/18\\\/prefeita-de-barretos-e-superintendente-do-saae-fazem-visita-tecnica-as-obras-que-estao-em-fase-de-finalizacao-no-parque-eneas-carneiro-e-bairro-christiano-carvalho\\\/#breadcrumb\"},\"inLanguage\":\"pt-BR\",\"potentialAction\":[{\"@type\":\"ReadAction\",\"target\":[\"https:\\\/\\\/regiaonews.net.br\\\/2022\\\/2023\\\/01\\\/18\\\/prefeita-de-barretos-e-superintendente-do-saae-fazem-visita-tecnica-as-obras-que-estao-em-fase-de-finalizacao-no-parque-eneas-carneiro-e-bairro-christiano-carvalho\\\/\"]}]},{\"@type\":\"ImageObject\",\"inLanguage\":\"pt-BR\",\"@id\":\"https:\\\/\\\/regiaonews.net.br\\\/2022\\\/2023\\\/01\\\/18\\\/prefeita-de-barretos-e-superintendente-do-saae-fazem-visita-tecnica-as-obras-que-estao-em-fase-de-finalizacao-no-parque-eneas-carneiro-e-bairro-christiano-carvalho\\\/#primaryimage\",\"url\":\"https:\\\/\\\/regiaonews.net.br\\\/2022\\\/wp-content\\\/uploads\\\/2023\\\/01\\\/WhatsApp-Image-2023-01-18-at-18.01.31.jpeg\",\"contentUrl\":\"https:\\\/\\\/regiaonews.net.br\\\/2022\\\/wp-content\\\/uploads\\\/2023\\\/01\\\/WhatsApp-Image-2023-01-18-at-18.01.31.jpeg\",\"width\":1280,\"height\":853},{\"@type\":\"BreadcrumbList\",\"@id\":\"https:\\\/\\\/regiaonews.net.br\\\/2022\\\/2023\\\/01\\\/18\\\/prefeita-de-barretos-e-superintendente-do-saae-fazem-visita-tecnica-as-obras-que-estao-em-fase-de-finalizacao-no-parque-eneas-carneiro-e-bairro-christiano-carvalho\\\/#breadcrumb\",\"itemListElement\":[{\"@type\":\"ListItem\",\"position\":1,\"name\":\"In\u00edcio\",\"item\":\"https:\\\/\\\/regiaonews.net.br\\\/2022\\\/\"},{\"@type\":\"ListItem\",\"position\":2,\"name\":\"Prefeita de Barretos e superintendente do SAAE fazem visita t\u00e9cnica \u00e0s obras que est\u00e3o em fase de finaliza\u00e7\u00e3o no Parque En\u00e9as Carneiro e bairro Christiano Carvalho\"}]},{\"@type\":\"WebSite\",\"@id\":\"https:\\\/\\\/regiaonews.net.br\\\/2022\\\/#website\",\"url\":\"https:\\\/\\\/regiaonews.net.br\\\/2022\\\/\",\"name\":\"Regi\u00e3o News\",\"description\":\"Site de Not\u00edcias de Barretos e regi\u00e3o\",\"publisher\":{\"@id\":\"https:\\\/\\\/regiaonews.net.br\\\/2022\\\/#organization\"},\"potentialAction\":[{\"@type\":\"SearchAction\",\"target\":{\"@type\":\"EntryPoint\",\"urlTemplate\":\"https:\\\/\\\/regiaonews.net.br\\\/2022\\\/?s={search_term_string}\"},\"query-input\":{\"@type\":\"PropertyValueSpecification\",\"valueRequired\":true,\"valueName\":\"search_term_string\"}}],\"inLanguage\":\"pt-BR\"},{\"@type\":\"Organization\",\"@id\":\"https:\\\/\\\/regiaonews.net.br\\\/2022\\\/#organization\",\"name\":\"Regi\u00e3o News\",\"url\":\"https:\\\/\\\/regiaonews.net.br\\\/2022\\\/\",\"logo\":{\"@type\":\"ImageObject\",\"inLanguage\":\"pt-BR\",\"@id\":\"https:\\\/\\\/regiaonews.net.br\\\/2022\\\/#\\\/schema\\\/logo\\\/image\\\/\",\"url\":\"https:\\\/\\\/regiaonews.net.br\\\/2022\\\/wp-content\\\/uploads\\\/2026\\\/03\\\/regiao-13-anos-scaled.jpg\",\"contentUrl\":\"https:\\\/\\\/regiaonews.net.br\\\/2022\\\/wp-content\\\/uploads\\\/2026\\\/03\\\/regiao-13-anos-scaled.jpg\",\"width\":2560,\"height\":635,\"caption\":\"Regi\u00e3o News\"},\"image\":{\"@id\":\"https:\\\/\\\/regiaonews.net.br\\\/2022\\\/#\\\/schema\\\/logo\\\/image\\\/\"}},{\"@type\":\"Person\",\"@id\":\"https:\\\/\\\/regiaonews.net.br\\\/2022\\\/#\\\/schema\\\/person\\\/2d205a608a5aa97ac279d7a5e6d89ad8\",\"name\":\"Roberto\",\"image\":{\"@type\":\"ImageObject\",\"inLanguage\":\"pt-BR\",\"@id\":\"https:\\\/\\\/secure.gravatar.com\\\/avatar\\\/42749d8b712ff9d59ca93dc150494e5b55a44134482993f5baeb97e61b7ecc89?s=96&d=mm&r=g\",\"url\":\"https:\\\/\\\/secure.gravatar.com\\\/avatar\\\/42749d8b712ff9d59ca93dc150494e5b55a44134482993f5baeb97e61b7ecc89?s=96&d=mm&r=g\",\"contentUrl\":\"https:\\\/\\\/secure.gravatar.com\\\/avatar\\\/42749d8b712ff9d59ca93dc150494e5b55a44134482993f5baeb97e61b7ecc89?s=96&d=mm&r=g\",\"caption\":\"Roberto\"},\"url\":\"https:\\\/\\\/regiaonews.net.br\\\/2022\\\/author\\\/roberto\\\/\"}]}<\/script>\n<!-- \/ Yoast SEO plugin. -->","yoast_head_json":{"title":"Prefeita de Barretos e superintendente do SAAE fazem visita t\u00e9cnica \u00e0s obras que est\u00e3o em fase de finaliza\u00e7\u00e3o no Parque En\u00e9as Carneiro e bairro Christiano Carvalho - Regi\u00e3o News","robots":{"index":"index","follow":"follow","max-snippet":"max-snippet:-1","max-image-preview":"max-image-preview:large","max-video-preview":"max-video-preview:-1"},"canonical":"https:\/\/regiaonews.net.br\/2022\/2023\/01\/18\/prefeita-de-barretos-e-superintendente-do-saae-fazem-visita-tecnica-as-obras-que-estao-em-fase-de-finalizacao-no-parque-eneas-carneiro-e-bairro-christiano-carvalho\/","og_locale":"pt_BR","og_type":"article","og_title":"Prefeita de Barretos e superintendente do SAAE fazem visita t\u00e9cnica \u00e0s obras que est\u00e3o em fase de finaliza\u00e7\u00e3o no Parque En\u00e9as Carneiro e bairro Christiano Carvalho - Regi\u00e3o News","og_description":"&nbsp; A prefeita da Est\u00e2ncia Tur\u00edstica de Barretos, Paula Lemos,","og_url":"https:\/\/regiaonews.net.br\/2022\/2023\/01\/18\/prefeita-de-barretos-e-superintendente-do-saae-fazem-visita-tecnica-as-obras-que-estao-em-fase-de-finalizacao-no-parque-eneas-carneiro-e-bairro-christiano-carvalho\/","og_site_name":"Regi\u00e3o News","article_published_time":"2023-01-18T22:13:19+00:00","og_image":[{"width":1280,"height":853,"url":"https:\/\/regiaonews.net.br\/2022\/wp-content\/uploads\/2023\/01\/WhatsApp-Image-2023-01-18-at-18.01.31.jpeg","type":"image\/jpeg"}],"author":"Roberto","twitter_card":"summary_large_image","twitter_misc":{"Escrito por":"Roberto","Est. tempo de leitura":"2 minutos"},"schema":{"@context":"https:\/\/schema.org","@graph":[{"@type":"Article","@id":"https:\/\/regiaonews.net.br\/2022\/2023\/01\/18\/prefeita-de-barretos-e-superintendente-do-saae-fazem-visita-tecnica-as-obras-que-estao-em-fase-de-finalizacao-no-parque-eneas-carneiro-e-bairro-christiano-carvalho\/#article","isPartOf":{"@id":"https:\/\/regiaonews.net.br\/2022\/2023\/01\/18\/prefeita-de-barretos-e-superintendente-do-saae-fazem-visita-tecnica-as-obras-que-estao-em-fase-de-finalizacao-no-parque-eneas-carneiro-e-bairro-christiano-carvalho\/"},"author":{"name":"Roberto","@id":"https:\/\/regiaonews.net.br\/2022\/#\/schema\/person\/2d205a608a5aa97ac279d7a5e6d89ad8"},"headline":"Prefeita de Barretos e superintendente do SAAE fazem visita t\u00e9cnica \u00e0s obras que est\u00e3o em fase de finaliza\u00e7\u00e3o no Parque En\u00e9as Carneiro e bairro Christiano Carvalho","datePublished":"2023-01-18T22:13:19+00:00","mainEntityOfPage":{"@id":"https:\/\/regiaonews.net.br\/2022\/2023\/01\/18\/prefeita-de-barretos-e-superintendente-do-saae-fazem-visita-tecnica-as-obras-que-estao-em-fase-de-finalizacao-no-parque-eneas-carneiro-e-bairro-christiano-carvalho\/"},"wordCount":351,"commentCount":0,"publisher":{"@id":"https:\/\/regiaonews.net.br\/2022\/#organization"},"image":{"@id":"https:\/\/regiaonews.net.br\/2022\/2023\/01\/18\/prefeita-de-barretos-e-superintendente-do-saae-fazem-visita-tecnica-as-obras-que-estao-em-fase-de-finalizacao-no-parque-eneas-carneiro-e-bairro-christiano-carvalho\/#primaryimage"},"thumbnailUrl":"https:\/\/regiaonews.net.br\/2022\/wp-content\/uploads\/2023\/01\/WhatsApp-Image-2023-01-18-at-18.01.31.jpeg","articleSection":["Barretos","Cidades"],"inLanguage":"pt-BR","potentialAction":[{"@type":"CommentAction","name":"Comment","target":["https:\/\/regiaonews.net.br\/2022\/2023\/01\/18\/prefeita-de-barretos-e-superintendente-do-saae-fazem-visita-tecnica-as-obras-que-estao-em-fase-de-finalizacao-no-parque-eneas-carneiro-e-bairro-christiano-carvalho\/#respond"]}]},{"@type":"WebPage","@id":"https:\/\/regiaonews.net.br\/2022\/2023\/01\/18\/prefeita-de-barretos-e-superintendente-do-saae-fazem-visita-tecnica-as-obras-que-estao-em-fase-de-finalizacao-no-parque-eneas-carneiro-e-bairro-christiano-carvalho\/","url":"https:\/\/regiaonews.net.br\/2022\/2023\/01\/18\/prefeita-de-barretos-e-superintendente-do-saae-fazem-visita-tecnica-as-obras-que-estao-em-fase-de-finalizacao-no-parque-eneas-carneiro-e-bairro-christiano-carvalho\/","name":"Prefeita de Barretos e superintendente do SAAE fazem visita t\u00e9cnica \u00e0s obras que est\u00e3o em fase de finaliza\u00e7\u00e3o no Parque En\u00e9as Carneiro e bairro Christiano Carvalho - Regi\u00e3o News","isPartOf":{"@id":"https:\/\/regiaonews.net.br\/2022\/#website"},"primaryImageOfPage":{"@id":"https:\/\/regiaonews.net.br\/2022\/2023\/01\/18\/prefeita-de-barretos-e-superintendente-do-saae-fazem-visita-tecnica-as-obras-que-estao-em-fase-de-finalizacao-no-parque-eneas-carneiro-e-bairro-christiano-carvalho\/#primaryimage"},"image":{"@id":"https:\/\/regiaonews.net.br\/2022\/2023\/01\/18\/prefeita-de-barretos-e-superintendente-do-saae-fazem-visita-tecnica-as-obras-que-estao-em-fase-de-finalizacao-no-parque-eneas-carneiro-e-bairro-christiano-carvalho\/#primaryimage"},"thumbnailUrl":"https:\/\/regiaonews.net.br\/2022\/wp-content\/uploads\/2023\/01\/WhatsApp-Image-2023-01-18-at-18.01.31.jpeg","datePublished":"2023-01-18T22:13:19+00:00","breadcrumb":{"@id":"https:\/\/regiaonews.net.br\/2022\/2023\/01\/18\/prefeita-de-barretos-e-superintendente-do-saae-fazem-visita-tecnica-as-obras-que-estao-em-fase-de-finalizacao-no-parque-eneas-carneiro-e-bairro-christiano-carvalho\/#breadcrumb"},"inLanguage":"pt-BR","potentialAction":[{"@type":"ReadAction","target":["https:\/\/regiaonews.net.br\/2022\/2023\/01\/18\/prefeita-de-barretos-e-superintendente-do-saae-fazem-visita-tecnica-as-obras-que-estao-em-fase-de-finalizacao-no-parque-eneas-carneiro-e-bairro-christiano-carvalho\/"]}]},{"@type":"ImageObject","inLanguage":"pt-BR","@id":"https:\/\/regiaonews.net.br\/2022\/2023\/01\/18\/prefeita-de-barretos-e-superintendente-do-saae-fazem-visita-tecnica-as-obras-que-estao-em-fase-de-finalizacao-no-parque-eneas-carneiro-e-bairro-christiano-carvalho\/#primaryimage","url":"https:\/\/regiaonews.net.br\/2022\/wp-content\/uploads\/2023\/01\/WhatsApp-Image-2023-01-18-at-18.01.31.jpeg","contentUrl":"https:\/\/regiaonews.net.br\/2022\/wp-content\/uploads\/2023\/01\/WhatsApp-Image-2023-01-18-at-18.01.31.jpeg","width":1280,"height":853},{"@type":"BreadcrumbList","@id":"https:\/\/regiaonews.net.br\/2022\/2023\/01\/18\/prefeita-de-barretos-e-superintendente-do-saae-fazem-visita-tecnica-as-obras-que-estao-em-fase-de-finalizacao-no-parque-eneas-carneiro-e-bairro-christiano-carvalho\/#breadcrumb","itemListElement":[{"@type":"ListItem","position":1,"name":"In\u00edcio","item":"https:\/\/regiaonews.net.br\/2022\/"},{"@type":"ListItem","position":2,"name":"Prefeita de Barretos e superintendente do SAAE fazem visita t\u00e9cnica \u00e0s obras que est\u00e3o em fase de finaliza\u00e7\u00e3o no Parque En\u00e9as Carneiro e bairro Christiano Carvalho"}]},{"@type":"WebSite","@id":"https:\/\/regiaonews.net.br\/2022\/#website","url":"https:\/\/regiaonews.net.br\/2022\/","name":"Regi\u00e3o News","description":"Site de Not\u00edcias de Barretos e regi\u00e3o","publisher":{"@id":"https:\/\/regiaonews.net.br\/2022\/#organization"},"potentialAction":[{"@type":"SearchAction","target":{"@type":"EntryPoint","urlTemplate":"https:\/\/regiaonews.net.br\/2022\/?s={search_term_string}"},"query-input":{"@type":"PropertyValueSpecification","valueRequired":true,"valueName":"search_term_string"}}],"inLanguage":"pt-BR"},{"@type":"Organization","@id":"https:\/\/regiaonews.net.br\/2022\/#organization","name":"Regi\u00e3o News","url":"https:\/\/regiaonews.net.br\/2022\/","logo":{"@type":"ImageObject","inLanguage":"pt-BR","@id":"https:\/\/regiaonews.net.br\/2022\/#\/schema\/logo\/image\/","url":"https:\/\/regiaonews.net.br\/2022\/wp-content\/uploads\/2026\/03\/regiao-13-anos-scaled.jpg","contentUrl":"https:\/\/regiaonews.net.br\/2022\/wp-content\/uploads\/2026\/03\/regiao-13-anos-scaled.jpg","width":2560,"height":635,"caption":"Regi\u00e3o News"},"image":{"@id":"https:\/\/regiaonews.net.br\/2022\/#\/schema\/logo\/image\/"}},{"@type":"Person","@id":"https:\/\/regiaonews.net.br\/2022\/#\/schema\/person\/2d205a608a5aa97ac279d7a5e6d89ad8","name":"Roberto","image":{"@type":"ImageObject","inLanguage":"pt-BR","@id":"https:\/\/secure.gravatar.com\/avatar\/42749d8b712ff9d59ca93dc150494e5b55a44134482993f5baeb97e61b7ecc89?s=96&d=mm&r=g","url":"https:\/\/secure.gravatar.com\/avatar\/42749d8b712ff9d59ca93dc150494e5b55a44134482993f5baeb97e61b7ecc89?s=96&d=mm&r=g","contentUrl":"https:\/\/secure.gravatar.com\/avatar\/42749d8b712ff9d59ca93dc150494e5b55a44134482993f5baeb97e61b7ecc89?s=96&d=mm&r=g","caption":"Roberto"},"url":"https:\/\/regiaonews.net.br\/2022\/author\/roberto\/"}]}},"publishpress_future_action":{"enabled":false,"date":"2026-05-02 02:06:55","action":"change-status","newStatus":"draft","terms":[],"taxonomy":"category","extraData":[]},"publishpress_future_workflow_manual_trigger":{"enabledWorkflows":[]},"_links":{"self":[{"href":"https:\/\/regiaonews.net.br\/2022\/wp-json\/wp\/v2\/posts\/82968","targetHints":{"allow":["GET"]}}],"collection":[{"href":"https:\/\/regiaonews.net.br\/2022\/wp-json\/wp\/v2\/posts"}],"about":[{"href":"https:\/\/regiaonews.net.br\/2022\/wp-json\/wp\/v2\/types\/post"}],"author":[{"embeddable":true,"href":"https:\/\/regiaonews.net.br\/2022\/wp-json\/wp\/v2\/users\/2"}],"replies":[{"embeddable":true,"href":"https:\/\/regiaonews.net.br\/2022\/wp-json\/wp\/v2\/comments?post=82968"}],"version-history":[{"count":1,"href":"https:\/\/regiaonews.net.br\/2022\/wp-json\/wp\/v2\/posts\/82968\/revisions"}],"predecessor-version":[{"id":82970,"href":"https:\/\/regiaonews.net.br\/2022\/wp-json\/wp\/v2\/posts\/82968\/revisions\/82970"}],"wp:featuredmedia":[{"embeddable":true,"href":"https:\/\/regiaonews.net.br\/2022\/wp-json\/wp\/v2\/media\/82969"}],"wp:attachment":[{"href":"https:\/\/regiaonews.net.br\/2022\/wp-json\/wp\/v2\/media?parent=82968"}],"wp:term":[{"taxonomy":"category","embeddable":true,"href":"https:\/\/regiaonews.net.br\/2022\/wp-json\/wp\/v2\/categories?post=82968"},{"taxonomy":"post_tag","embeddable":true,"href":"https:\/\/regiaonews.net.br\/2022\/wp-json\/wp\/v2\/tags?post=82968"}],"curies":[{"name":"wp","href":"https:\/\/api.w.org\/{rel}","templated":true}]}}