{"id":82898,"date":"2023-01-17T09:41:00","date_gmt":"2023-01-17T12:41:00","guid":{"rendered":"https:\/\/regiaonews.net.br\/2022\/?p=82898"},"modified":"2023-01-17T13:58:46","modified_gmt":"2023-01-17T16:58:46","slug":"em-davos-governador-de-sao-paulo-conversa-com-presidente-do-bid-sobre-estruturacao-de-projetos-ferroviarios-e-sustentaveis-para-o-estado","status":"publish","type":"post","link":"https:\/\/regiaonews.net.br\/2022\/2023\/01\/17\/em-davos-governador-de-sao-paulo-conversa-com-presidente-do-bid-sobre-estruturacao-de-projetos-ferroviarios-e-sustentaveis-para-o-estado\/","title":{"rendered":"Em Davos, governador de S\u00e3o Paulo conversa com presidente do BID"},"content":{"rendered":"<h3 style=\"text-align: center;\">Agenda desta segunda-feira (16) foi marcada por reuni\u00f5es com investidores e com a diretora geral da Organiza\u00e7\u00e3o Mundial do Com\u00e9rcio.<\/h3>\n<p>O primeiro dia de reuni\u00f5es bilaterais que integram a agenda do governador Tarc\u00edsio de Freitas no F\u00f3rum Econ\u00f4mico Mundial em Davos, na Su\u00ed\u00e7a, foi considerado positivo. Na companhia do secret\u00e1rio de Neg\u00f3cios Internacionais, Lucas Ferraz, de Arthur Lima, secret\u00e1rio-chefe da Casa Civil, e de Lais Vita, secret\u00e1ria de Comunica\u00e7\u00e3o, Tarc\u00edsio fez sua primeira viagem internacional como chefe do Estado mais rico do pa\u00eds.<\/p>\n<p>&#8220;A nossa miss\u00e3o em Davos \u00e9 apresentar todo o potencial de S\u00e3o Paulo: seu desenvolvimento sustent\u00e1vel, sua capacidade de atra\u00e7\u00e3o de investimentos e as oportunidades para parcerias com o setor privado. Trazer novos neg\u00f3cios para o Estado S\u00e3o Paulo significa gerar empregos, renda, qualidade de vida e ajudar no crescimento do Brasil&#8221;, comenta o governador.<\/p>\n<p>Na agenda desta segunda-feira (16), foram realizadas reuni\u00f5es bilaterais com Mansoor Ebrahim Al-Mahmoud, CEO do Qatar Investment Authority, com Ilan Goldfajn, presidente do BID (Banco Interamericano de Desenvolvimento), Ngozi Okonjo-Iweala, diretora-geral da OMC (Organiza\u00e7\u00e3o Mundial do Com\u00e9rcio), al\u00e9m de um encontro com Eknath Sambhaji Shinde, primeiro-ministro do Governo de Maharashtra, prov\u00edncia respons\u00e1vel por 20% do PIB da \u00cdndia e um almo\u00e7o de neg\u00f3cios com empres\u00e1rio Andr\u00e9 Esteves, do banco BTG Pactual.<\/p>\n<p>Confira alguns momentos da agenda a seguir.<\/p>\n<p><strong>Expresso BID<\/strong><br \/>\nO governador Tarc\u00edsio de Freitas avalia como muito boa a conversa com o presidente do BID, Ilan Goldfajn. Sobre a participa\u00e7\u00e3o do BID na estrutura\u00e7\u00e3o de projetos no Estado, a ferrovia e o trem intercidades ganharam destaque. Mas parcerias na digitaliza\u00e7\u00e3o de servi\u00e7os, a possibilidade de apoio do banco na cria\u00e7\u00e3o de um instrumento financeiro verde para os investidores e suporte ao Desenvolve S\u00e3o Paulo para fomentar o empreendedorismo social tamb\u00e9m foram debatidas.<\/p>\n<p><strong>Match<\/strong><br \/>\nO encontro com Mansoor Ebrahim Al-Mahmoud, CEO do Qatar Investment Authority, o fundo soberano do pa\u00eds mais rico do mundo, tamb\u00e9m deu jogo. Os investidores se mostraram muito interessados em conhecer melhor os ativos de S\u00e3o Paulo. A carteira de projetos do Estado apresentada na Su\u00ed\u00e7a comp\u00f5e em m\u00e9dia R$ 70 bilh\u00f5es em oportunidades de investimento.<\/p>\n<p><strong>Sem barreiras<\/strong><br \/>\nOutra conversa produtiva para o Governo de S\u00e3o Paulo na tarde desta segunda-feira, em Davos, foi com a diretora geral da OMC , Ngozi Okonjo-Iweala. A economista nigeriana, que foi por mais de uma d\u00e9cada ministra em seu pa\u00eds, entendeu o papel de S\u00e3o Paulo como grande exportador de commodities agr\u00edcolas e sua relev\u00e2ncia para a seguran\u00e7a alimentar do planeta. Mulher, negra e chefe de uma das maiores entidades econ\u00f4micas do mundo, Okonjo-Iweala discutiu com a comitiva paulista sobre a necessidade da Organiza\u00e7\u00e3o Mundial do Com\u00e9rcio atuar para evitar barreiras nas exporta\u00e7\u00f5es agr\u00edcolas.<\/p>\n<p><strong>Agenda<\/strong><\/p>\n<p>A comitiva paulista realiza nesta ter\u00e7a-feira (17), uma nova rodada de encontros com importantes representantes dos setores p\u00fablico e privado mundial.<\/p>\n<p>Confira a agenda de reuni\u00f5es bilaterais do governador Tarc\u00edsio de Freitas:<\/p>\n<p>8h30 &#8211; Helene Budliger Artieda, secret\u00e1ria de Estado para Assuntos Econ\u00f4micos do Governo da Su\u00ed\u00e7a<br \/>\n9h &#8211; Bandar Alkhorayef, ministro da Ind\u00fastria da Ar\u00e1bia Saudita<br \/>\n9h30 &#8211; Pan Jingdong, vice-presidente da State Grid Corporation of China<br \/>\n11h30 &#8211; Jos\u00e9 Auriemo Neto, presidente, grupo JHSF Malls<br \/>\n13h30 &#8211; Ken Seitz, CEO da Nutrien, uma das maiores ind\u00fastrias de fertilizantes do mundo<br \/>\n14h45 &#8211; Siddharth Jain, diretor do Inox Group<br \/>\n16h40 &#8211; Mathias Cormann, secret\u00e1rio-geral da Organiza\u00e7\u00e3o para a Coopera\u00e7\u00e3o e Desenvolvimento Econ\u00f4mico (OCDE)<br \/>\n17h15 &#8211; Simon Stiell, secret\u00e1rio executivo da Conven\u00e7\u00e3o-Quadro das Na\u00e7\u00f5es Unidas para as Mudan\u00e7as Clim\u00e1ticas (UNFCCC)<\/p>\n","protected":false},"excerpt":{"rendered":"<p>Agenda desta segunda-feira (16) foi marcada por reuni\u00f5es com investidores<\/p>\n","protected":false},"author":2,"featured_media":82899,"comment_status":"open","ping_status":"open","sticky":false,"template":"","format":"standard","meta":{"footnotes":""},"categories":[7,22],"tags":[],"class_list":["post-82898","post","type-post","status-publish","format-standard","has-post-thumbnail","hentry","category-estado-de-sao-paulo","category-politica"],"yoast_head":"<!-- This site is optimized with the Yoast SEO plugin v27.5 - https:\/\/yoast.com\/product\/yoast-seo-wordpress\/ -->\n<title>Em Davos, governador de S\u00e3o Paulo conversa com presidente do BID - Regi\u00e3o News<\/title>\n<meta name=\"robots\" content=\"index, follow, max-snippet:-1, max-image-preview:large, max-video-preview:-1\" \/>\n<link rel=\"canonical\" href=\"https:\/\/regiaonews.net.br\/2022\/2023\/01\/17\/em-davos-governador-de-sao-paulo-conversa-com-presidente-do-bid-sobre-estruturacao-de-projetos-ferroviarios-e-sustentaveis-para-o-estado\/\" \/>\n<meta property=\"og:locale\" content=\"pt_BR\" \/>\n<meta property=\"og:type\" content=\"article\" \/>\n<meta property=\"og:title\" content=\"Em Davos, governador de S\u00e3o Paulo conversa com presidente do BID - Regi\u00e3o News\" \/>\n<meta property=\"og:description\" content=\"Agenda desta segunda-feira (16) foi marcada por reuni\u00f5es com investidores\" \/>\n<meta property=\"og:url\" content=\"https:\/\/regiaonews.net.br\/2022\/2023\/01\/17\/em-davos-governador-de-sao-paulo-conversa-com-presidente-do-bid-sobre-estruturacao-de-projetos-ferroviarios-e-sustentaveis-para-o-estado\/\" \/>\n<meta property=\"og:site_name\" content=\"Regi\u00e3o News\" \/>\n<meta property=\"article:published_time\" content=\"2023-01-17T12:41:00+00:00\" \/>\n<meta property=\"article:modified_time\" content=\"2023-01-17T16:58:46+00:00\" \/>\n<meta property=\"og:image\" content=\"https:\/\/regiaonews.net.br\/2022\/wp-content\/uploads\/2023\/01\/download.jpg\" \/>\n\t<meta property=\"og:image:width\" content=\"300\" \/>\n\t<meta property=\"og:image:height\" content=\"168\" \/>\n\t<meta property=\"og:image:type\" content=\"image\/jpeg\" \/>\n<meta name=\"author\" content=\"Roberto\" \/>\n<meta name=\"twitter:card\" content=\"summary_large_image\" \/>\n<meta name=\"twitter:label1\" content=\"Escrito por\" \/>\n\t<meta name=\"twitter:data1\" content=\"Roberto\" \/>\n\t<meta name=\"twitter:label2\" content=\"Est. tempo de leitura\" \/>\n\t<meta name=\"twitter:data2\" content=\"4 minutos\" \/>\n<script type=\"application\/ld+json\" class=\"yoast-schema-graph\">{\"@context\":\"https:\\\/\\\/schema.org\",\"@graph\":[{\"@type\":\"Article\",\"@id\":\"https:\\\/\\\/regiaonews.net.br\\\/2022\\\/2023\\\/01\\\/17\\\/em-davos-governador-de-sao-paulo-conversa-com-presidente-do-bid-sobre-estruturacao-de-projetos-ferroviarios-e-sustentaveis-para-o-estado\\\/#article\",\"isPartOf\":{\"@id\":\"https:\\\/\\\/regiaonews.net.br\\\/2022\\\/2023\\\/01\\\/17\\\/em-davos-governador-de-sao-paulo-conversa-com-presidente-do-bid-sobre-estruturacao-de-projetos-ferroviarios-e-sustentaveis-para-o-estado\\\/\"},\"author\":{\"name\":\"Roberto\",\"@id\":\"https:\\\/\\\/regiaonews.net.br\\\/2022\\\/#\\\/schema\\\/person\\\/2d205a608a5aa97ac279d7a5e6d89ad8\"},\"headline\":\"Em Davos, governador de S\u00e3o Paulo conversa com presidente do BID\",\"datePublished\":\"2023-01-17T12:41:00+00:00\",\"dateModified\":\"2023-01-17T16:58:46+00:00\",\"mainEntityOfPage\":{\"@id\":\"https:\\\/\\\/regiaonews.net.br\\\/2022\\\/2023\\\/01\\\/17\\\/em-davos-governador-de-sao-paulo-conversa-com-presidente-do-bid-sobre-estruturacao-de-projetos-ferroviarios-e-sustentaveis-para-o-estado\\\/\"},\"wordCount\":655,\"commentCount\":0,\"publisher\":{\"@id\":\"https:\\\/\\\/regiaonews.net.br\\\/2022\\\/#organization\"},\"image\":{\"@id\":\"https:\\\/\\\/regiaonews.net.br\\\/2022\\\/2023\\\/01\\\/17\\\/em-davos-governador-de-sao-paulo-conversa-com-presidente-do-bid-sobre-estruturacao-de-projetos-ferroviarios-e-sustentaveis-para-o-estado\\\/#primaryimage\"},\"thumbnailUrl\":\"https:\\\/\\\/regiaonews.net.br\\\/2022\\\/wp-content\\\/uploads\\\/2023\\\/01\\\/download.jpg\",\"articleSection\":[\"Estado de S\u00e3o Paulo\",\"Pol\u00edtica\"],\"inLanguage\":\"pt-BR\",\"potentialAction\":[{\"@type\":\"CommentAction\",\"name\":\"Comment\",\"target\":[\"https:\\\/\\\/regiaonews.net.br\\\/2022\\\/2023\\\/01\\\/17\\\/em-davos-governador-de-sao-paulo-conversa-com-presidente-do-bid-sobre-estruturacao-de-projetos-ferroviarios-e-sustentaveis-para-o-estado\\\/#respond\"]}]},{\"@type\":\"WebPage\",\"@id\":\"https:\\\/\\\/regiaonews.net.br\\\/2022\\\/2023\\\/01\\\/17\\\/em-davos-governador-de-sao-paulo-conversa-com-presidente-do-bid-sobre-estruturacao-de-projetos-ferroviarios-e-sustentaveis-para-o-estado\\\/\",\"url\":\"https:\\\/\\\/regiaonews.net.br\\\/2022\\\/2023\\\/01\\\/17\\\/em-davos-governador-de-sao-paulo-conversa-com-presidente-do-bid-sobre-estruturacao-de-projetos-ferroviarios-e-sustentaveis-para-o-estado\\\/\",\"name\":\"Em Davos, governador de S\u00e3o Paulo conversa com presidente do BID - Regi\u00e3o News\",\"isPartOf\":{\"@id\":\"https:\\\/\\\/regiaonews.net.br\\\/2022\\\/#website\"},\"primaryImageOfPage\":{\"@id\":\"https:\\\/\\\/regiaonews.net.br\\\/2022\\\/2023\\\/01\\\/17\\\/em-davos-governador-de-sao-paulo-conversa-com-presidente-do-bid-sobre-estruturacao-de-projetos-ferroviarios-e-sustentaveis-para-o-estado\\\/#primaryimage\"},\"image\":{\"@id\":\"https:\\\/\\\/regiaonews.net.br\\\/2022\\\/2023\\\/01\\\/17\\\/em-davos-governador-de-sao-paulo-conversa-com-presidente-do-bid-sobre-estruturacao-de-projetos-ferroviarios-e-sustentaveis-para-o-estado\\\/#primaryimage\"},\"thumbnailUrl\":\"https:\\\/\\\/regiaonews.net.br\\\/2022\\\/wp-content\\\/uploads\\\/2023\\\/01\\\/download.jpg\",\"datePublished\":\"2023-01-17T12:41:00+00:00\",\"dateModified\":\"2023-01-17T16:58:46+00:00\",\"breadcrumb\":{\"@id\":\"https:\\\/\\\/regiaonews.net.br\\\/2022\\\/2023\\\/01\\\/17\\\/em-davos-governador-de-sao-paulo-conversa-com-presidente-do-bid-sobre-estruturacao-de-projetos-ferroviarios-e-sustentaveis-para-o-estado\\\/#breadcrumb\"},\"inLanguage\":\"pt-BR\",\"potentialAction\":[{\"@type\":\"ReadAction\",\"target\":[\"https:\\\/\\\/regiaonews.net.br\\\/2022\\\/2023\\\/01\\\/17\\\/em-davos-governador-de-sao-paulo-conversa-com-presidente-do-bid-sobre-estruturacao-de-projetos-ferroviarios-e-sustentaveis-para-o-estado\\\/\"]}]},{\"@type\":\"ImageObject\",\"inLanguage\":\"pt-BR\",\"@id\":\"https:\\\/\\\/regiaonews.net.br\\\/2022\\\/2023\\\/01\\\/17\\\/em-davos-governador-de-sao-paulo-conversa-com-presidente-do-bid-sobre-estruturacao-de-projetos-ferroviarios-e-sustentaveis-para-o-estado\\\/#primaryimage\",\"url\":\"https:\\\/\\\/regiaonews.net.br\\\/2022\\\/wp-content\\\/uploads\\\/2023\\\/01\\\/download.jpg\",\"contentUrl\":\"https:\\\/\\\/regiaonews.net.br\\\/2022\\\/wp-content\\\/uploads\\\/2023\\\/01\\\/download.jpg\",\"width\":300,\"height\":168},{\"@type\":\"BreadcrumbList\",\"@id\":\"https:\\\/\\\/regiaonews.net.br\\\/2022\\\/2023\\\/01\\\/17\\\/em-davos-governador-de-sao-paulo-conversa-com-presidente-do-bid-sobre-estruturacao-de-projetos-ferroviarios-e-sustentaveis-para-o-estado\\\/#breadcrumb\",\"itemListElement\":[{\"@type\":\"ListItem\",\"position\":1,\"name\":\"In\u00edcio\",\"item\":\"https:\\\/\\\/regiaonews.net.br\\\/2022\\\/\"},{\"@type\":\"ListItem\",\"position\":2,\"name\":\"Em Davos, governador de S\u00e3o Paulo conversa com presidente do BID\"}]},{\"@type\":\"WebSite\",\"@id\":\"https:\\\/\\\/regiaonews.net.br\\\/2022\\\/#website\",\"url\":\"https:\\\/\\\/regiaonews.net.br\\\/2022\\\/\",\"name\":\"Regi\u00e3o News\",\"description\":\"Site de Not\u00edcias de Barretos e regi\u00e3o\",\"publisher\":{\"@id\":\"https:\\\/\\\/regiaonews.net.br\\\/2022\\\/#organization\"},\"potentialAction\":[{\"@type\":\"SearchAction\",\"target\":{\"@type\":\"EntryPoint\",\"urlTemplate\":\"https:\\\/\\\/regiaonews.net.br\\\/2022\\\/?s={search_term_string}\"},\"query-input\":{\"@type\":\"PropertyValueSpecification\",\"valueRequired\":true,\"valueName\":\"search_term_string\"}}],\"inLanguage\":\"pt-BR\"},{\"@type\":\"Organization\",\"@id\":\"https:\\\/\\\/regiaonews.net.br\\\/2022\\\/#organization\",\"name\":\"Regi\u00e3o News\",\"url\":\"https:\\\/\\\/regiaonews.net.br\\\/2022\\\/\",\"logo\":{\"@type\":\"ImageObject\",\"inLanguage\":\"pt-BR\",\"@id\":\"https:\\\/\\\/regiaonews.net.br\\\/2022\\\/#\\\/schema\\\/logo\\\/image\\\/\",\"url\":\"https:\\\/\\\/regiaonews.net.br\\\/2022\\\/wp-content\\\/uploads\\\/2026\\\/03\\\/regiao-13-anos-scaled.jpg\",\"contentUrl\":\"https:\\\/\\\/regiaonews.net.br\\\/2022\\\/wp-content\\\/uploads\\\/2026\\\/03\\\/regiao-13-anos-scaled.jpg\",\"width\":2560,\"height\":635,\"caption\":\"Regi\u00e3o News\"},\"image\":{\"@id\":\"https:\\\/\\\/regiaonews.net.br\\\/2022\\\/#\\\/schema\\\/logo\\\/image\\\/\"}},{\"@type\":\"Person\",\"@id\":\"https:\\\/\\\/regiaonews.net.br\\\/2022\\\/#\\\/schema\\\/person\\\/2d205a608a5aa97ac279d7a5e6d89ad8\",\"name\":\"Roberto\",\"image\":{\"@type\":\"ImageObject\",\"inLanguage\":\"pt-BR\",\"@id\":\"https:\\\/\\\/secure.gravatar.com\\\/avatar\\\/42749d8b712ff9d59ca93dc150494e5b55a44134482993f5baeb97e61b7ecc89?s=96&d=mm&r=g\",\"url\":\"https:\\\/\\\/secure.gravatar.com\\\/avatar\\\/42749d8b712ff9d59ca93dc150494e5b55a44134482993f5baeb97e61b7ecc89?s=96&d=mm&r=g\",\"contentUrl\":\"https:\\\/\\\/secure.gravatar.com\\\/avatar\\\/42749d8b712ff9d59ca93dc150494e5b55a44134482993f5baeb97e61b7ecc89?s=96&d=mm&r=g\",\"caption\":\"Roberto\"},\"url\":\"https:\\\/\\\/regiaonews.net.br\\\/2022\\\/author\\\/roberto\\\/\"}]}<\/script>\n<!-- \/ Yoast SEO plugin. -->","yoast_head_json":{"title":"Em Davos, governador de S\u00e3o Paulo conversa com presidente do BID - Regi\u00e3o News","robots":{"index":"index","follow":"follow","max-snippet":"max-snippet:-1","max-image-preview":"max-image-preview:large","max-video-preview":"max-video-preview:-1"},"canonical":"https:\/\/regiaonews.net.br\/2022\/2023\/01\/17\/em-davos-governador-de-sao-paulo-conversa-com-presidente-do-bid-sobre-estruturacao-de-projetos-ferroviarios-e-sustentaveis-para-o-estado\/","og_locale":"pt_BR","og_type":"article","og_title":"Em Davos, governador de S\u00e3o Paulo conversa com presidente do BID - Regi\u00e3o News","og_description":"Agenda desta segunda-feira (16) foi marcada por reuni\u00f5es com investidores","og_url":"https:\/\/regiaonews.net.br\/2022\/2023\/01\/17\/em-davos-governador-de-sao-paulo-conversa-com-presidente-do-bid-sobre-estruturacao-de-projetos-ferroviarios-e-sustentaveis-para-o-estado\/","og_site_name":"Regi\u00e3o News","article_published_time":"2023-01-17T12:41:00+00:00","article_modified_time":"2023-01-17T16:58:46+00:00","og_image":[{"width":300,"height":168,"url":"https:\/\/regiaonews.net.br\/2022\/wp-content\/uploads\/2023\/01\/download.jpg","type":"image\/jpeg"}],"author":"Roberto","twitter_card":"summary_large_image","twitter_misc":{"Escrito por":"Roberto","Est. tempo de leitura":"4 minutos"},"schema":{"@context":"https:\/\/schema.org","@graph":[{"@type":"Article","@id":"https:\/\/regiaonews.net.br\/2022\/2023\/01\/17\/em-davos-governador-de-sao-paulo-conversa-com-presidente-do-bid-sobre-estruturacao-de-projetos-ferroviarios-e-sustentaveis-para-o-estado\/#article","isPartOf":{"@id":"https:\/\/regiaonews.net.br\/2022\/2023\/01\/17\/em-davos-governador-de-sao-paulo-conversa-com-presidente-do-bid-sobre-estruturacao-de-projetos-ferroviarios-e-sustentaveis-para-o-estado\/"},"author":{"name":"Roberto","@id":"https:\/\/regiaonews.net.br\/2022\/#\/schema\/person\/2d205a608a5aa97ac279d7a5e6d89ad8"},"headline":"Em Davos, governador de S\u00e3o Paulo conversa com presidente do BID","datePublished":"2023-01-17T12:41:00+00:00","dateModified":"2023-01-17T16:58:46+00:00","mainEntityOfPage":{"@id":"https:\/\/regiaonews.net.br\/2022\/2023\/01\/17\/em-davos-governador-de-sao-paulo-conversa-com-presidente-do-bid-sobre-estruturacao-de-projetos-ferroviarios-e-sustentaveis-para-o-estado\/"},"wordCount":655,"commentCount":0,"publisher":{"@id":"https:\/\/regiaonews.net.br\/2022\/#organization"},"image":{"@id":"https:\/\/regiaonews.net.br\/2022\/2023\/01\/17\/em-davos-governador-de-sao-paulo-conversa-com-presidente-do-bid-sobre-estruturacao-de-projetos-ferroviarios-e-sustentaveis-para-o-estado\/#primaryimage"},"thumbnailUrl":"https:\/\/regiaonews.net.br\/2022\/wp-content\/uploads\/2023\/01\/download.jpg","articleSection":["Estado de S\u00e3o Paulo","Pol\u00edtica"],"inLanguage":"pt-BR","potentialAction":[{"@type":"CommentAction","name":"Comment","target":["https:\/\/regiaonews.net.br\/2022\/2023\/01\/17\/em-davos-governador-de-sao-paulo-conversa-com-presidente-do-bid-sobre-estruturacao-de-projetos-ferroviarios-e-sustentaveis-para-o-estado\/#respond"]}]},{"@type":"WebPage","@id":"https:\/\/regiaonews.net.br\/2022\/2023\/01\/17\/em-davos-governador-de-sao-paulo-conversa-com-presidente-do-bid-sobre-estruturacao-de-projetos-ferroviarios-e-sustentaveis-para-o-estado\/","url":"https:\/\/regiaonews.net.br\/2022\/2023\/01\/17\/em-davos-governador-de-sao-paulo-conversa-com-presidente-do-bid-sobre-estruturacao-de-projetos-ferroviarios-e-sustentaveis-para-o-estado\/","name":"Em Davos, governador de S\u00e3o Paulo conversa com presidente do BID - Regi\u00e3o News","isPartOf":{"@id":"https:\/\/regiaonews.net.br\/2022\/#website"},"primaryImageOfPage":{"@id":"https:\/\/regiaonews.net.br\/2022\/2023\/01\/17\/em-davos-governador-de-sao-paulo-conversa-com-presidente-do-bid-sobre-estruturacao-de-projetos-ferroviarios-e-sustentaveis-para-o-estado\/#primaryimage"},"image":{"@id":"https:\/\/regiaonews.net.br\/2022\/2023\/01\/17\/em-davos-governador-de-sao-paulo-conversa-com-presidente-do-bid-sobre-estruturacao-de-projetos-ferroviarios-e-sustentaveis-para-o-estado\/#primaryimage"},"thumbnailUrl":"https:\/\/regiaonews.net.br\/2022\/wp-content\/uploads\/2023\/01\/download.jpg","datePublished":"2023-01-17T12:41:00+00:00","dateModified":"2023-01-17T16:58:46+00:00","breadcrumb":{"@id":"https:\/\/regiaonews.net.br\/2022\/2023\/01\/17\/em-davos-governador-de-sao-paulo-conversa-com-presidente-do-bid-sobre-estruturacao-de-projetos-ferroviarios-e-sustentaveis-para-o-estado\/#breadcrumb"},"inLanguage":"pt-BR","potentialAction":[{"@type":"ReadAction","target":["https:\/\/regiaonews.net.br\/2022\/2023\/01\/17\/em-davos-governador-de-sao-paulo-conversa-com-presidente-do-bid-sobre-estruturacao-de-projetos-ferroviarios-e-sustentaveis-para-o-estado\/"]}]},{"@type":"ImageObject","inLanguage":"pt-BR","@id":"https:\/\/regiaonews.net.br\/2022\/2023\/01\/17\/em-davos-governador-de-sao-paulo-conversa-com-presidente-do-bid-sobre-estruturacao-de-projetos-ferroviarios-e-sustentaveis-para-o-estado\/#primaryimage","url":"https:\/\/regiaonews.net.br\/2022\/wp-content\/uploads\/2023\/01\/download.jpg","contentUrl":"https:\/\/regiaonews.net.br\/2022\/wp-content\/uploads\/2023\/01\/download.jpg","width":300,"height":168},{"@type":"BreadcrumbList","@id":"https:\/\/regiaonews.net.br\/2022\/2023\/01\/17\/em-davos-governador-de-sao-paulo-conversa-com-presidente-do-bid-sobre-estruturacao-de-projetos-ferroviarios-e-sustentaveis-para-o-estado\/#breadcrumb","itemListElement":[{"@type":"ListItem","position":1,"name":"In\u00edcio","item":"https:\/\/regiaonews.net.br\/2022\/"},{"@type":"ListItem","position":2,"name":"Em Davos, governador de S\u00e3o Paulo conversa com presidente do BID"}]},{"@type":"WebSite","@id":"https:\/\/regiaonews.net.br\/2022\/#website","url":"https:\/\/regiaonews.net.br\/2022\/","name":"Regi\u00e3o News","description":"Site de Not\u00edcias de Barretos e regi\u00e3o","publisher":{"@id":"https:\/\/regiaonews.net.br\/2022\/#organization"},"potentialAction":[{"@type":"SearchAction","target":{"@type":"EntryPoint","urlTemplate":"https:\/\/regiaonews.net.br\/2022\/?s={search_term_string}"},"query-input":{"@type":"PropertyValueSpecification","valueRequired":true,"valueName":"search_term_string"}}],"inLanguage":"pt-BR"},{"@type":"Organization","@id":"https:\/\/regiaonews.net.br\/2022\/#organization","name":"Regi\u00e3o News","url":"https:\/\/regiaonews.net.br\/2022\/","logo":{"@type":"ImageObject","inLanguage":"pt-BR","@id":"https:\/\/regiaonews.net.br\/2022\/#\/schema\/logo\/image\/","url":"https:\/\/regiaonews.net.br\/2022\/wp-content\/uploads\/2026\/03\/regiao-13-anos-scaled.jpg","contentUrl":"https:\/\/regiaonews.net.br\/2022\/wp-content\/uploads\/2026\/03\/regiao-13-anos-scaled.jpg","width":2560,"height":635,"caption":"Regi\u00e3o News"},"image":{"@id":"https:\/\/regiaonews.net.br\/2022\/#\/schema\/logo\/image\/"}},{"@type":"Person","@id":"https:\/\/regiaonews.net.br\/2022\/#\/schema\/person\/2d205a608a5aa97ac279d7a5e6d89ad8","name":"Roberto","image":{"@type":"ImageObject","inLanguage":"pt-BR","@id":"https:\/\/secure.gravatar.com\/avatar\/42749d8b712ff9d59ca93dc150494e5b55a44134482993f5baeb97e61b7ecc89?s=96&d=mm&r=g","url":"https:\/\/secure.gravatar.com\/avatar\/42749d8b712ff9d59ca93dc150494e5b55a44134482993f5baeb97e61b7ecc89?s=96&d=mm&r=g","contentUrl":"https:\/\/secure.gravatar.com\/avatar\/42749d8b712ff9d59ca93dc150494e5b55a44134482993f5baeb97e61b7ecc89?s=96&d=mm&r=g","caption":"Roberto"},"url":"https:\/\/regiaonews.net.br\/2022\/author\/roberto\/"}]}},"publishpress_future_action":{"enabled":false,"date":"2026-05-09 10:23:07","action":"change-status","newStatus":"draft","terms":[],"taxonomy":"category","extraData":[]},"publishpress_future_workflow_manual_trigger":{"enabledWorkflows":[]},"_links":{"self":[{"href":"https:\/\/regiaonews.net.br\/2022\/wp-json\/wp\/v2\/posts\/82898","targetHints":{"allow":["GET"]}}],"collection":[{"href":"https:\/\/regiaonews.net.br\/2022\/wp-json\/wp\/v2\/posts"}],"about":[{"href":"https:\/\/regiaonews.net.br\/2022\/wp-json\/wp\/v2\/types\/post"}],"author":[{"embeddable":true,"href":"https:\/\/regiaonews.net.br\/2022\/wp-json\/wp\/v2\/users\/2"}],"replies":[{"embeddable":true,"href":"https:\/\/regiaonews.net.br\/2022\/wp-json\/wp\/v2\/comments?post=82898"}],"version-history":[{"count":3,"href":"https:\/\/regiaonews.net.br\/2022\/wp-json\/wp\/v2\/posts\/82898\/revisions"}],"predecessor-version":[{"id":82908,"href":"https:\/\/regiaonews.net.br\/2022\/wp-json\/wp\/v2\/posts\/82898\/revisions\/82908"}],"wp:featuredmedia":[{"embeddable":true,"href":"https:\/\/regiaonews.net.br\/2022\/wp-json\/wp\/v2\/media\/82899"}],"wp:attachment":[{"href":"https:\/\/regiaonews.net.br\/2022\/wp-json\/wp\/v2\/media?parent=82898"}],"wp:term":[{"taxonomy":"category","embeddable":true,"href":"https:\/\/regiaonews.net.br\/2022\/wp-json\/wp\/v2\/categories?post=82898"},{"taxonomy":"post_tag","embeddable":true,"href":"https:\/\/regiaonews.net.br\/2022\/wp-json\/wp\/v2\/tags?post=82898"}],"curies":[{"name":"wp","href":"https:\/\/api.w.org\/{rel}","templated":true}]}}