{"id":82896,"date":"2023-01-17T09:04:11","date_gmt":"2023-01-17T12:04:11","guid":{"rendered":"https:\/\/regiaonews.net.br\/2022\/?p=82896"},"modified":"2023-01-17T13:59:30","modified_gmt":"2023-01-17T16:59:30","slug":"policial-aposentado-e-baleado-em-tentativa-de-assalto-na-regiao-de-ribeirao","status":"publish","type":"post","link":"https:\/\/regiaonews.net.br\/2022\/2023\/01\/17\/policial-aposentado-e-baleado-em-tentativa-de-assalto-na-regiao-de-ribeirao\/","title":{"rendered":"Policial aposentado \u00e9 baleado em tentativa de assalto na regi\u00e3o de Ribeir\u00e3o"},"content":{"rendered":"<p>Um policial militar aposentado foi baleado na noite desta segunda-feira (16), durante uma tentativa de assalto a uma empresa no Distrito Industrial de Bebedouro, cidade a 80 quil\u00f4metros de Ribeir\u00e3o Preto.<br \/>\nSegundo o boletim de ocorr\u00eancia (BO), Carlos Renato Bordonal, de 53 anos, foi atingido na regi\u00e3o da cabe\u00e7a e socorrido a um hospital da cidade, depois transferido para a Santa Casa de Barretos. N\u00e3o h\u00e1, contudo, informa\u00e7\u00f5es sobre o estado de sa\u00fade da v\u00edtima.<br \/>\nAinda conforme o BO, a v\u00edtima prestava servi\u00e7os de seguran\u00e7a no canteiro de obras de um dep\u00f3sito de uma distribuidora de bebidas, na rodovia Brigadeiro Faria Lima (SP-326).<br \/>\nUm amigo dele, 33, que \u00e9 policial militar da ativa, declarou no BO que foi at\u00e9 o local para conversar e levar comida a Bordonal, quando se deparou com ao menos quatro suspeitos.<br \/>\nAinda conforme o policial, o grupo chegou a atirar e ele revidou em seguida. Nada foi levado na a\u00e7\u00e3o.<br \/>\nAo procurar pela v\u00edtima, o policial disse que encontrou Bordonal do outro lado da rodovia j\u00e1 ferido e que chamou o socorro.<br \/>\nForam apreendidas a arma da v\u00edtima de calibre ponto 380, sem vest\u00edgio de utiliza\u00e7\u00e3o, uma pistola ponto 40 do policial que revidou aos disparos, al\u00e9m de cartuchos de calibre 32, o que indica que os criminosos estariam com uma espingarda.<br \/>\nO BO foi registrado na Plant\u00e3o Policial de Bebedouro como tentativa de roubo. Nenhum suspeito foi preso.<\/p>\n<p>Fonte &#8211; Acidadeon.<\/p>\n","protected":false},"excerpt":{"rendered":"<p>Um policial militar aposentado foi baleado na noite desta segunda-feira<\/p>\n","protected":false},"author":2,"featured_media":64242,"comment_status":"open","ping_status":"open","sticky":false,"template":"","format":"standard","meta":{"footnotes":""},"categories":[32],"tags":[],"class_list":["post-82896","post","type-post","status-publish","format-standard","has-post-thumbnail","hentry","category-ribeirao-preto"],"yoast_head":"<!-- This site is optimized with the Yoast SEO plugin v27.5 - https:\/\/yoast.com\/product\/yoast-seo-wordpress\/ -->\n<title>Policial aposentado \u00e9 baleado em tentativa de assalto na regi\u00e3o de Ribeir\u00e3o - Regi\u00e3o News<\/title>\n<meta name=\"robots\" content=\"index, follow, max-snippet:-1, max-image-preview:large, max-video-preview:-1\" \/>\n<link rel=\"canonical\" href=\"https:\/\/regiaonews.net.br\/2022\/2023\/01\/17\/policial-aposentado-e-baleado-em-tentativa-de-assalto-na-regiao-de-ribeirao\/\" \/>\n<meta property=\"og:locale\" content=\"pt_BR\" \/>\n<meta property=\"og:type\" content=\"article\" \/>\n<meta property=\"og:title\" content=\"Policial aposentado \u00e9 baleado em tentativa de assalto na regi\u00e3o de Ribeir\u00e3o - Regi\u00e3o News\" \/>\n<meta property=\"og:description\" content=\"Um policial militar aposentado foi baleado na noite desta segunda-feira\" \/>\n<meta property=\"og:url\" content=\"https:\/\/regiaonews.net.br\/2022\/2023\/01\/17\/policial-aposentado-e-baleado-em-tentativa-de-assalto-na-regiao-de-ribeirao\/\" \/>\n<meta property=\"og:site_name\" content=\"Regi\u00e3o News\" \/>\n<meta property=\"article:published_time\" content=\"2023-01-17T12:04:11+00:00\" \/>\n<meta property=\"article:modified_time\" content=\"2023-01-17T16:59:30+00:00\" \/>\n<meta property=\"og:image\" content=\"https:\/\/regiaonews.net.br\/2022\/wp-content\/uploads\/2021\/12\/SAMU-Santa-Casa.jpg\" \/>\n\t<meta property=\"og:image:width\" content=\"259\" \/>\n\t<meta property=\"og:image:height\" content=\"194\" \/>\n\t<meta property=\"og:image:type\" content=\"image\/jpeg\" \/>\n<meta name=\"author\" content=\"Roberto\" \/>\n<meta name=\"twitter:card\" content=\"summary_large_image\" \/>\n<meta name=\"twitter:label1\" content=\"Escrito por\" \/>\n\t<meta name=\"twitter:data1\" content=\"Roberto\" \/>\n\t<meta name=\"twitter:label2\" content=\"Est. tempo de leitura\" \/>\n\t<meta name=\"twitter:data2\" content=\"2 minutos\" \/>\n<script type=\"application\/ld+json\" class=\"yoast-schema-graph\">{\"@context\":\"https:\\\/\\\/schema.org\",\"@graph\":[{\"@type\":\"Article\",\"@id\":\"https:\\\/\\\/regiaonews.net.br\\\/2022\\\/2023\\\/01\\\/17\\\/policial-aposentado-e-baleado-em-tentativa-de-assalto-na-regiao-de-ribeirao\\\/#article\",\"isPartOf\":{\"@id\":\"https:\\\/\\\/regiaonews.net.br\\\/2022\\\/2023\\\/01\\\/17\\\/policial-aposentado-e-baleado-em-tentativa-de-assalto-na-regiao-de-ribeirao\\\/\"},\"author\":{\"name\":\"Roberto\",\"@id\":\"https:\\\/\\\/regiaonews.net.br\\\/2022\\\/#\\\/schema\\\/person\\\/2d205a608a5aa97ac279d7a5e6d89ad8\"},\"headline\":\"Policial aposentado \u00e9 baleado em tentativa de assalto na regi\u00e3o de Ribeir\u00e3o\",\"datePublished\":\"2023-01-17T12:04:11+00:00\",\"dateModified\":\"2023-01-17T16:59:30+00:00\",\"mainEntityOfPage\":{\"@id\":\"https:\\\/\\\/regiaonews.net.br\\\/2022\\\/2023\\\/01\\\/17\\\/policial-aposentado-e-baleado-em-tentativa-de-assalto-na-regiao-de-ribeirao\\\/\"},\"wordCount\":262,\"commentCount\":0,\"publisher\":{\"@id\":\"https:\\\/\\\/regiaonews.net.br\\\/2022\\\/#organization\"},\"image\":{\"@id\":\"https:\\\/\\\/regiaonews.net.br\\\/2022\\\/2023\\\/01\\\/17\\\/policial-aposentado-e-baleado-em-tentativa-de-assalto-na-regiao-de-ribeirao\\\/#primaryimage\"},\"thumbnailUrl\":\"https:\\\/\\\/regiaonews.net.br\\\/2022\\\/wp-content\\\/uploads\\\/2021\\\/12\\\/SAMU-Santa-Casa.jpg\",\"articleSection\":[\"Ribeir\u00e3o Preto\"],\"inLanguage\":\"pt-BR\",\"potentialAction\":[{\"@type\":\"CommentAction\",\"name\":\"Comment\",\"target\":[\"https:\\\/\\\/regiaonews.net.br\\\/2022\\\/2023\\\/01\\\/17\\\/policial-aposentado-e-baleado-em-tentativa-de-assalto-na-regiao-de-ribeirao\\\/#respond\"]}]},{\"@type\":\"WebPage\",\"@id\":\"https:\\\/\\\/regiaonews.net.br\\\/2022\\\/2023\\\/01\\\/17\\\/policial-aposentado-e-baleado-em-tentativa-de-assalto-na-regiao-de-ribeirao\\\/\",\"url\":\"https:\\\/\\\/regiaonews.net.br\\\/2022\\\/2023\\\/01\\\/17\\\/policial-aposentado-e-baleado-em-tentativa-de-assalto-na-regiao-de-ribeirao\\\/\",\"name\":\"Policial aposentado \u00e9 baleado em tentativa de assalto na regi\u00e3o de Ribeir\u00e3o - Regi\u00e3o News\",\"isPartOf\":{\"@id\":\"https:\\\/\\\/regiaonews.net.br\\\/2022\\\/#website\"},\"primaryImageOfPage\":{\"@id\":\"https:\\\/\\\/regiaonews.net.br\\\/2022\\\/2023\\\/01\\\/17\\\/policial-aposentado-e-baleado-em-tentativa-de-assalto-na-regiao-de-ribeirao\\\/#primaryimage\"},\"image\":{\"@id\":\"https:\\\/\\\/regiaonews.net.br\\\/2022\\\/2023\\\/01\\\/17\\\/policial-aposentado-e-baleado-em-tentativa-de-assalto-na-regiao-de-ribeirao\\\/#primaryimage\"},\"thumbnailUrl\":\"https:\\\/\\\/regiaonews.net.br\\\/2022\\\/wp-content\\\/uploads\\\/2021\\\/12\\\/SAMU-Santa-Casa.jpg\",\"datePublished\":\"2023-01-17T12:04:11+00:00\",\"dateModified\":\"2023-01-17T16:59:30+00:00\",\"breadcrumb\":{\"@id\":\"https:\\\/\\\/regiaonews.net.br\\\/2022\\\/2023\\\/01\\\/17\\\/policial-aposentado-e-baleado-em-tentativa-de-assalto-na-regiao-de-ribeirao\\\/#breadcrumb\"},\"inLanguage\":\"pt-BR\",\"potentialAction\":[{\"@type\":\"ReadAction\",\"target\":[\"https:\\\/\\\/regiaonews.net.br\\\/2022\\\/2023\\\/01\\\/17\\\/policial-aposentado-e-baleado-em-tentativa-de-assalto-na-regiao-de-ribeirao\\\/\"]}]},{\"@type\":\"ImageObject\",\"inLanguage\":\"pt-BR\",\"@id\":\"https:\\\/\\\/regiaonews.net.br\\\/2022\\\/2023\\\/01\\\/17\\\/policial-aposentado-e-baleado-em-tentativa-de-assalto-na-regiao-de-ribeirao\\\/#primaryimage\",\"url\":\"https:\\\/\\\/regiaonews.net.br\\\/2022\\\/wp-content\\\/uploads\\\/2021\\\/12\\\/SAMU-Santa-Casa.jpg\",\"contentUrl\":\"https:\\\/\\\/regiaonews.net.br\\\/2022\\\/wp-content\\\/uploads\\\/2021\\\/12\\\/SAMU-Santa-Casa.jpg\",\"width\":259,\"height\":194},{\"@type\":\"BreadcrumbList\",\"@id\":\"https:\\\/\\\/regiaonews.net.br\\\/2022\\\/2023\\\/01\\\/17\\\/policial-aposentado-e-baleado-em-tentativa-de-assalto-na-regiao-de-ribeirao\\\/#breadcrumb\",\"itemListElement\":[{\"@type\":\"ListItem\",\"position\":1,\"name\":\"In\u00edcio\",\"item\":\"https:\\\/\\\/regiaonews.net.br\\\/2022\\\/\"},{\"@type\":\"ListItem\",\"position\":2,\"name\":\"Policial aposentado \u00e9 baleado em tentativa de assalto na regi\u00e3o de Ribeir\u00e3o\"}]},{\"@type\":\"WebSite\",\"@id\":\"https:\\\/\\\/regiaonews.net.br\\\/2022\\\/#website\",\"url\":\"https:\\\/\\\/regiaonews.net.br\\\/2022\\\/\",\"name\":\"Regi\u00e3o News\",\"description\":\"Site de Not\u00edcias de Barretos e regi\u00e3o\",\"publisher\":{\"@id\":\"https:\\\/\\\/regiaonews.net.br\\\/2022\\\/#organization\"},\"potentialAction\":[{\"@type\":\"SearchAction\",\"target\":{\"@type\":\"EntryPoint\",\"urlTemplate\":\"https:\\\/\\\/regiaonews.net.br\\\/2022\\\/?s={search_term_string}\"},\"query-input\":{\"@type\":\"PropertyValueSpecification\",\"valueRequired\":true,\"valueName\":\"search_term_string\"}}],\"inLanguage\":\"pt-BR\"},{\"@type\":\"Organization\",\"@id\":\"https:\\\/\\\/regiaonews.net.br\\\/2022\\\/#organization\",\"name\":\"Regi\u00e3o News\",\"url\":\"https:\\\/\\\/regiaonews.net.br\\\/2022\\\/\",\"logo\":{\"@type\":\"ImageObject\",\"inLanguage\":\"pt-BR\",\"@id\":\"https:\\\/\\\/regiaonews.net.br\\\/2022\\\/#\\\/schema\\\/logo\\\/image\\\/\",\"url\":\"https:\\\/\\\/regiaonews.net.br\\\/2022\\\/wp-content\\\/uploads\\\/2026\\\/03\\\/regiao-13-anos-scaled.jpg\",\"contentUrl\":\"https:\\\/\\\/regiaonews.net.br\\\/2022\\\/wp-content\\\/uploads\\\/2026\\\/03\\\/regiao-13-anos-scaled.jpg\",\"width\":2560,\"height\":635,\"caption\":\"Regi\u00e3o News\"},\"image\":{\"@id\":\"https:\\\/\\\/regiaonews.net.br\\\/2022\\\/#\\\/schema\\\/logo\\\/image\\\/\"}},{\"@type\":\"Person\",\"@id\":\"https:\\\/\\\/regiaonews.net.br\\\/2022\\\/#\\\/schema\\\/person\\\/2d205a608a5aa97ac279d7a5e6d89ad8\",\"name\":\"Roberto\",\"image\":{\"@type\":\"ImageObject\",\"inLanguage\":\"pt-BR\",\"@id\":\"https:\\\/\\\/secure.gravatar.com\\\/avatar\\\/42749d8b712ff9d59ca93dc150494e5b55a44134482993f5baeb97e61b7ecc89?s=96&d=mm&r=g\",\"url\":\"https:\\\/\\\/secure.gravatar.com\\\/avatar\\\/42749d8b712ff9d59ca93dc150494e5b55a44134482993f5baeb97e61b7ecc89?s=96&d=mm&r=g\",\"contentUrl\":\"https:\\\/\\\/secure.gravatar.com\\\/avatar\\\/42749d8b712ff9d59ca93dc150494e5b55a44134482993f5baeb97e61b7ecc89?s=96&d=mm&r=g\",\"caption\":\"Roberto\"},\"url\":\"https:\\\/\\\/regiaonews.net.br\\\/2022\\\/author\\\/roberto\\\/\"}]}<\/script>\n<!-- \/ Yoast SEO plugin. -->","yoast_head_json":{"title":"Policial aposentado \u00e9 baleado em tentativa de assalto na regi\u00e3o de Ribeir\u00e3o - Regi\u00e3o News","robots":{"index":"index","follow":"follow","max-snippet":"max-snippet:-1","max-image-preview":"max-image-preview:large","max-video-preview":"max-video-preview:-1"},"canonical":"https:\/\/regiaonews.net.br\/2022\/2023\/01\/17\/policial-aposentado-e-baleado-em-tentativa-de-assalto-na-regiao-de-ribeirao\/","og_locale":"pt_BR","og_type":"article","og_title":"Policial aposentado \u00e9 baleado em tentativa de assalto na regi\u00e3o de Ribeir\u00e3o - Regi\u00e3o News","og_description":"Um policial militar aposentado foi baleado na noite desta segunda-feira","og_url":"https:\/\/regiaonews.net.br\/2022\/2023\/01\/17\/policial-aposentado-e-baleado-em-tentativa-de-assalto-na-regiao-de-ribeirao\/","og_site_name":"Regi\u00e3o News","article_published_time":"2023-01-17T12:04:11+00:00","article_modified_time":"2023-01-17T16:59:30+00:00","og_image":[{"width":259,"height":194,"url":"https:\/\/regiaonews.net.br\/2022\/wp-content\/uploads\/2021\/12\/SAMU-Santa-Casa.jpg","type":"image\/jpeg"}],"author":"Roberto","twitter_card":"summary_large_image","twitter_misc":{"Escrito por":"Roberto","Est. tempo de leitura":"2 minutos"},"schema":{"@context":"https:\/\/schema.org","@graph":[{"@type":"Article","@id":"https:\/\/regiaonews.net.br\/2022\/2023\/01\/17\/policial-aposentado-e-baleado-em-tentativa-de-assalto-na-regiao-de-ribeirao\/#article","isPartOf":{"@id":"https:\/\/regiaonews.net.br\/2022\/2023\/01\/17\/policial-aposentado-e-baleado-em-tentativa-de-assalto-na-regiao-de-ribeirao\/"},"author":{"name":"Roberto","@id":"https:\/\/regiaonews.net.br\/2022\/#\/schema\/person\/2d205a608a5aa97ac279d7a5e6d89ad8"},"headline":"Policial aposentado \u00e9 baleado em tentativa de assalto na regi\u00e3o de Ribeir\u00e3o","datePublished":"2023-01-17T12:04:11+00:00","dateModified":"2023-01-17T16:59:30+00:00","mainEntityOfPage":{"@id":"https:\/\/regiaonews.net.br\/2022\/2023\/01\/17\/policial-aposentado-e-baleado-em-tentativa-de-assalto-na-regiao-de-ribeirao\/"},"wordCount":262,"commentCount":0,"publisher":{"@id":"https:\/\/regiaonews.net.br\/2022\/#organization"},"image":{"@id":"https:\/\/regiaonews.net.br\/2022\/2023\/01\/17\/policial-aposentado-e-baleado-em-tentativa-de-assalto-na-regiao-de-ribeirao\/#primaryimage"},"thumbnailUrl":"https:\/\/regiaonews.net.br\/2022\/wp-content\/uploads\/2021\/12\/SAMU-Santa-Casa.jpg","articleSection":["Ribeir\u00e3o Preto"],"inLanguage":"pt-BR","potentialAction":[{"@type":"CommentAction","name":"Comment","target":["https:\/\/regiaonews.net.br\/2022\/2023\/01\/17\/policial-aposentado-e-baleado-em-tentativa-de-assalto-na-regiao-de-ribeirao\/#respond"]}]},{"@type":"WebPage","@id":"https:\/\/regiaonews.net.br\/2022\/2023\/01\/17\/policial-aposentado-e-baleado-em-tentativa-de-assalto-na-regiao-de-ribeirao\/","url":"https:\/\/regiaonews.net.br\/2022\/2023\/01\/17\/policial-aposentado-e-baleado-em-tentativa-de-assalto-na-regiao-de-ribeirao\/","name":"Policial aposentado \u00e9 baleado em tentativa de assalto na regi\u00e3o de Ribeir\u00e3o - Regi\u00e3o News","isPartOf":{"@id":"https:\/\/regiaonews.net.br\/2022\/#website"},"primaryImageOfPage":{"@id":"https:\/\/regiaonews.net.br\/2022\/2023\/01\/17\/policial-aposentado-e-baleado-em-tentativa-de-assalto-na-regiao-de-ribeirao\/#primaryimage"},"image":{"@id":"https:\/\/regiaonews.net.br\/2022\/2023\/01\/17\/policial-aposentado-e-baleado-em-tentativa-de-assalto-na-regiao-de-ribeirao\/#primaryimage"},"thumbnailUrl":"https:\/\/regiaonews.net.br\/2022\/wp-content\/uploads\/2021\/12\/SAMU-Santa-Casa.jpg","datePublished":"2023-01-17T12:04:11+00:00","dateModified":"2023-01-17T16:59:30+00:00","breadcrumb":{"@id":"https:\/\/regiaonews.net.br\/2022\/2023\/01\/17\/policial-aposentado-e-baleado-em-tentativa-de-assalto-na-regiao-de-ribeirao\/#breadcrumb"},"inLanguage":"pt-BR","potentialAction":[{"@type":"ReadAction","target":["https:\/\/regiaonews.net.br\/2022\/2023\/01\/17\/policial-aposentado-e-baleado-em-tentativa-de-assalto-na-regiao-de-ribeirao\/"]}]},{"@type":"ImageObject","inLanguage":"pt-BR","@id":"https:\/\/regiaonews.net.br\/2022\/2023\/01\/17\/policial-aposentado-e-baleado-em-tentativa-de-assalto-na-regiao-de-ribeirao\/#primaryimage","url":"https:\/\/regiaonews.net.br\/2022\/wp-content\/uploads\/2021\/12\/SAMU-Santa-Casa.jpg","contentUrl":"https:\/\/regiaonews.net.br\/2022\/wp-content\/uploads\/2021\/12\/SAMU-Santa-Casa.jpg","width":259,"height":194},{"@type":"BreadcrumbList","@id":"https:\/\/regiaonews.net.br\/2022\/2023\/01\/17\/policial-aposentado-e-baleado-em-tentativa-de-assalto-na-regiao-de-ribeirao\/#breadcrumb","itemListElement":[{"@type":"ListItem","position":1,"name":"In\u00edcio","item":"https:\/\/regiaonews.net.br\/2022\/"},{"@type":"ListItem","position":2,"name":"Policial aposentado \u00e9 baleado em tentativa de assalto na regi\u00e3o de Ribeir\u00e3o"}]},{"@type":"WebSite","@id":"https:\/\/regiaonews.net.br\/2022\/#website","url":"https:\/\/regiaonews.net.br\/2022\/","name":"Regi\u00e3o News","description":"Site de Not\u00edcias de Barretos e regi\u00e3o","publisher":{"@id":"https:\/\/regiaonews.net.br\/2022\/#organization"},"potentialAction":[{"@type":"SearchAction","target":{"@type":"EntryPoint","urlTemplate":"https:\/\/regiaonews.net.br\/2022\/?s={search_term_string}"},"query-input":{"@type":"PropertyValueSpecification","valueRequired":true,"valueName":"search_term_string"}}],"inLanguage":"pt-BR"},{"@type":"Organization","@id":"https:\/\/regiaonews.net.br\/2022\/#organization","name":"Regi\u00e3o News","url":"https:\/\/regiaonews.net.br\/2022\/","logo":{"@type":"ImageObject","inLanguage":"pt-BR","@id":"https:\/\/regiaonews.net.br\/2022\/#\/schema\/logo\/image\/","url":"https:\/\/regiaonews.net.br\/2022\/wp-content\/uploads\/2026\/03\/regiao-13-anos-scaled.jpg","contentUrl":"https:\/\/regiaonews.net.br\/2022\/wp-content\/uploads\/2026\/03\/regiao-13-anos-scaled.jpg","width":2560,"height":635,"caption":"Regi\u00e3o News"},"image":{"@id":"https:\/\/regiaonews.net.br\/2022\/#\/schema\/logo\/image\/"}},{"@type":"Person","@id":"https:\/\/regiaonews.net.br\/2022\/#\/schema\/person\/2d205a608a5aa97ac279d7a5e6d89ad8","name":"Roberto","image":{"@type":"ImageObject","inLanguage":"pt-BR","@id":"https:\/\/secure.gravatar.com\/avatar\/42749d8b712ff9d59ca93dc150494e5b55a44134482993f5baeb97e61b7ecc89?s=96&d=mm&r=g","url":"https:\/\/secure.gravatar.com\/avatar\/42749d8b712ff9d59ca93dc150494e5b55a44134482993f5baeb97e61b7ecc89?s=96&d=mm&r=g","contentUrl":"https:\/\/secure.gravatar.com\/avatar\/42749d8b712ff9d59ca93dc150494e5b55a44134482993f5baeb97e61b7ecc89?s=96&d=mm&r=g","caption":"Roberto"},"url":"https:\/\/regiaonews.net.br\/2022\/author\/roberto\/"}]}},"publishpress_future_action":{"enabled":false,"date":"2026-05-09 08:54:20","action":"change-status","newStatus":"draft","terms":[],"taxonomy":"category","extraData":[]},"publishpress_future_workflow_manual_trigger":{"enabledWorkflows":[]},"_links":{"self":[{"href":"https:\/\/regiaonews.net.br\/2022\/wp-json\/wp\/v2\/posts\/82896","targetHints":{"allow":["GET"]}}],"collection":[{"href":"https:\/\/regiaonews.net.br\/2022\/wp-json\/wp\/v2\/posts"}],"about":[{"href":"https:\/\/regiaonews.net.br\/2022\/wp-json\/wp\/v2\/types\/post"}],"author":[{"embeddable":true,"href":"https:\/\/regiaonews.net.br\/2022\/wp-json\/wp\/v2\/users\/2"}],"replies":[{"embeddable":true,"href":"https:\/\/regiaonews.net.br\/2022\/wp-json\/wp\/v2\/comments?post=82896"}],"version-history":[{"count":1,"href":"https:\/\/regiaonews.net.br\/2022\/wp-json\/wp\/v2\/posts\/82896\/revisions"}],"predecessor-version":[{"id":82897,"href":"https:\/\/regiaonews.net.br\/2022\/wp-json\/wp\/v2\/posts\/82896\/revisions\/82897"}],"wp:featuredmedia":[{"embeddable":true,"href":"https:\/\/regiaonews.net.br\/2022\/wp-json\/wp\/v2\/media\/64242"}],"wp:attachment":[{"href":"https:\/\/regiaonews.net.br\/2022\/wp-json\/wp\/v2\/media?parent=82896"}],"wp:term":[{"taxonomy":"category","embeddable":true,"href":"https:\/\/regiaonews.net.br\/2022\/wp-json\/wp\/v2\/categories?post=82896"},{"taxonomy":"post_tag","embeddable":true,"href":"https:\/\/regiaonews.net.br\/2022\/wp-json\/wp\/v2\/tags?post=82896"}],"curies":[{"name":"wp","href":"https:\/\/api.w.org\/{rel}","templated":true}]}}