{"id":82777,"date":"2023-01-13T09:57:31","date_gmt":"2023-01-13T12:57:31","guid":{"rendered":"https:\/\/regiaonews.net.br\/2022\/?p=82777"},"modified":"2023-01-13T09:57:31","modified_gmt":"2023-01-13T12:57:31","slug":"motociclista-sofre-queda-de-moto-devido-oleo-no-asfalto","status":"publish","type":"post","link":"https:\/\/regiaonews.net.br\/2022\/2023\/01\/13\/motociclista-sofre-queda-de-moto-devido-oleo-no-asfalto\/","title":{"rendered":"Motociclista sofre queda de moto devido \u00f3leo no asfalto"},"content":{"rendered":"<p>Na manh\u00e3 de quinta (12), por volta das 9h45, a unidade de resgate do Corpo de Bombeiros foi acionada para atender uma mulher que sofreu uma queda de moto provocada pela exist\u00eancia de \u00f3leo no asfalto da rua 34 entre as avenidas 11 e 13, no centro. A v\u00edtima foi socorrida com ferimentos leves at\u00e9 a UPA &#8211; Unidade de Pronto Atendimento, pelo cabo Gesse, cabo C\u00e2ndido e soldado Gleidson. A equipe da Defesa Civil, jogou serragem no asfalto da via p\u00fablica para evitar novos acidentes.<\/p>\n","protected":false},"excerpt":{"rendered":"<p>Na manh\u00e3 de quinta (12), por volta das 9h45, a<\/p>\n","protected":false},"author":2,"featured_media":82778,"comment_status":"open","ping_status":"open","sticky":false,"template":"","format":"standard","meta":{"footnotes":""},"categories":[14,3],"tags":[],"class_list":["post-82777","post","type-post","status-publish","format-standard","has-post-thumbnail","hentry","category-barretos","category-geral"],"yoast_head":"<!-- This site is optimized with the Yoast SEO plugin v27.4 - https:\/\/yoast.com\/product\/yoast-seo-wordpress\/ -->\n<title>Motociclista sofre queda de moto devido \u00f3leo no asfalto - Regi\u00e3o News<\/title>\n<meta name=\"robots\" content=\"index, follow, max-snippet:-1, max-image-preview:large, max-video-preview:-1\" \/>\n<link rel=\"canonical\" href=\"https:\/\/regiaonews.net.br\/2022\/2023\/01\/13\/motociclista-sofre-queda-de-moto-devido-oleo-no-asfalto\/\" \/>\n<meta property=\"og:locale\" content=\"pt_BR\" \/>\n<meta property=\"og:type\" content=\"article\" \/>\n<meta property=\"og:title\" content=\"Motociclista sofre queda de moto devido \u00f3leo no asfalto - Regi\u00e3o News\" \/>\n<meta property=\"og:description\" content=\"Na manh\u00e3 de quinta (12), por volta das 9h45, a\" \/>\n<meta property=\"og:url\" content=\"https:\/\/regiaonews.net.br\/2022\/2023\/01\/13\/motociclista-sofre-queda-de-moto-devido-oleo-no-asfalto\/\" \/>\n<meta property=\"og:site_name\" content=\"Regi\u00e3o News\" \/>\n<meta property=\"article:published_time\" content=\"2023-01-13T12:57:31+00:00\" \/>\n<meta property=\"og:image\" content=\"https:\/\/regiaonews.net.br\/2022\/wp-content\/uploads\/2023\/01\/WhatsApp-Image-2023-01-13-at-09.43.25.jpeg\" \/>\n\t<meta property=\"og:image:width\" content=\"1200\" \/>\n\t<meta property=\"og:image:height\" content=\"1600\" \/>\n\t<meta property=\"og:image:type\" content=\"image\/jpeg\" \/>\n<meta name=\"author\" content=\"Roberto\" \/>\n<meta name=\"twitter:card\" content=\"summary_large_image\" \/>\n<meta name=\"twitter:label1\" content=\"Escrito por\" \/>\n\t<meta name=\"twitter:data1\" content=\"Roberto\" \/>\n\t<meta name=\"twitter:label2\" content=\"Est. tempo de leitura\" \/>\n\t<meta name=\"twitter:data2\" content=\"1 minuto\" \/>\n<script type=\"application\/ld+json\" class=\"yoast-schema-graph\">{\"@context\":\"https:\\\/\\\/schema.org\",\"@graph\":[{\"@type\":\"Article\",\"@id\":\"https:\\\/\\\/regiaonews.net.br\\\/2022\\\/2023\\\/01\\\/13\\\/motociclista-sofre-queda-de-moto-devido-oleo-no-asfalto\\\/#article\",\"isPartOf\":{\"@id\":\"https:\\\/\\\/regiaonews.net.br\\\/2022\\\/2023\\\/01\\\/13\\\/motociclista-sofre-queda-de-moto-devido-oleo-no-asfalto\\\/\"},\"author\":{\"name\":\"Roberto\",\"@id\":\"https:\\\/\\\/regiaonews.net.br\\\/2022\\\/#\\\/schema\\\/person\\\/2d205a608a5aa97ac279d7a5e6d89ad8\"},\"headline\":\"Motociclista sofre queda de moto devido \u00f3leo no asfalto\",\"datePublished\":\"2023-01-13T12:57:31+00:00\",\"mainEntityOfPage\":{\"@id\":\"https:\\\/\\\/regiaonews.net.br\\\/2022\\\/2023\\\/01\\\/13\\\/motociclista-sofre-queda-de-moto-devido-oleo-no-asfalto\\\/\"},\"wordCount\":95,\"commentCount\":0,\"publisher\":{\"@id\":\"https:\\\/\\\/regiaonews.net.br\\\/2022\\\/#organization\"},\"image\":{\"@id\":\"https:\\\/\\\/regiaonews.net.br\\\/2022\\\/2023\\\/01\\\/13\\\/motociclista-sofre-queda-de-moto-devido-oleo-no-asfalto\\\/#primaryimage\"},\"thumbnailUrl\":\"https:\\\/\\\/regiaonews.net.br\\\/2022\\\/wp-content\\\/uploads\\\/2023\\\/01\\\/WhatsApp-Image-2023-01-13-at-09.43.25.jpeg\",\"articleSection\":[\"Barretos\",\"Geral\"],\"inLanguage\":\"pt-BR\",\"potentialAction\":[{\"@type\":\"CommentAction\",\"name\":\"Comment\",\"target\":[\"https:\\\/\\\/regiaonews.net.br\\\/2022\\\/2023\\\/01\\\/13\\\/motociclista-sofre-queda-de-moto-devido-oleo-no-asfalto\\\/#respond\"]}]},{\"@type\":\"WebPage\",\"@id\":\"https:\\\/\\\/regiaonews.net.br\\\/2022\\\/2023\\\/01\\\/13\\\/motociclista-sofre-queda-de-moto-devido-oleo-no-asfalto\\\/\",\"url\":\"https:\\\/\\\/regiaonews.net.br\\\/2022\\\/2023\\\/01\\\/13\\\/motociclista-sofre-queda-de-moto-devido-oleo-no-asfalto\\\/\",\"name\":\"Motociclista sofre queda de moto devido \u00f3leo no asfalto - Regi\u00e3o News\",\"isPartOf\":{\"@id\":\"https:\\\/\\\/regiaonews.net.br\\\/2022\\\/#website\"},\"primaryImageOfPage\":{\"@id\":\"https:\\\/\\\/regiaonews.net.br\\\/2022\\\/2023\\\/01\\\/13\\\/motociclista-sofre-queda-de-moto-devido-oleo-no-asfalto\\\/#primaryimage\"},\"image\":{\"@id\":\"https:\\\/\\\/regiaonews.net.br\\\/2022\\\/2023\\\/01\\\/13\\\/motociclista-sofre-queda-de-moto-devido-oleo-no-asfalto\\\/#primaryimage\"},\"thumbnailUrl\":\"https:\\\/\\\/regiaonews.net.br\\\/2022\\\/wp-content\\\/uploads\\\/2023\\\/01\\\/WhatsApp-Image-2023-01-13-at-09.43.25.jpeg\",\"datePublished\":\"2023-01-13T12:57:31+00:00\",\"breadcrumb\":{\"@id\":\"https:\\\/\\\/regiaonews.net.br\\\/2022\\\/2023\\\/01\\\/13\\\/motociclista-sofre-queda-de-moto-devido-oleo-no-asfalto\\\/#breadcrumb\"},\"inLanguage\":\"pt-BR\",\"potentialAction\":[{\"@type\":\"ReadAction\",\"target\":[\"https:\\\/\\\/regiaonews.net.br\\\/2022\\\/2023\\\/01\\\/13\\\/motociclista-sofre-queda-de-moto-devido-oleo-no-asfalto\\\/\"]}]},{\"@type\":\"ImageObject\",\"inLanguage\":\"pt-BR\",\"@id\":\"https:\\\/\\\/regiaonews.net.br\\\/2022\\\/2023\\\/01\\\/13\\\/motociclista-sofre-queda-de-moto-devido-oleo-no-asfalto\\\/#primaryimage\",\"url\":\"https:\\\/\\\/regiaonews.net.br\\\/2022\\\/wp-content\\\/uploads\\\/2023\\\/01\\\/WhatsApp-Image-2023-01-13-at-09.43.25.jpeg\",\"contentUrl\":\"https:\\\/\\\/regiaonews.net.br\\\/2022\\\/wp-content\\\/uploads\\\/2023\\\/01\\\/WhatsApp-Image-2023-01-13-at-09.43.25.jpeg\",\"width\":1200,\"height\":1600},{\"@type\":\"BreadcrumbList\",\"@id\":\"https:\\\/\\\/regiaonews.net.br\\\/2022\\\/2023\\\/01\\\/13\\\/motociclista-sofre-queda-de-moto-devido-oleo-no-asfalto\\\/#breadcrumb\",\"itemListElement\":[{\"@type\":\"ListItem\",\"position\":1,\"name\":\"In\u00edcio\",\"item\":\"https:\\\/\\\/regiaonews.net.br\\\/2022\\\/\"},{\"@type\":\"ListItem\",\"position\":2,\"name\":\"Motociclista sofre queda de moto devido \u00f3leo no asfalto\"}]},{\"@type\":\"WebSite\",\"@id\":\"https:\\\/\\\/regiaonews.net.br\\\/2022\\\/#website\",\"url\":\"https:\\\/\\\/regiaonews.net.br\\\/2022\\\/\",\"name\":\"Regi\u00e3o News\",\"description\":\"Site de Not\u00edcias de Barretos e regi\u00e3o\",\"publisher\":{\"@id\":\"https:\\\/\\\/regiaonews.net.br\\\/2022\\\/#organization\"},\"potentialAction\":[{\"@type\":\"SearchAction\",\"target\":{\"@type\":\"EntryPoint\",\"urlTemplate\":\"https:\\\/\\\/regiaonews.net.br\\\/2022\\\/?s={search_term_string}\"},\"query-input\":{\"@type\":\"PropertyValueSpecification\",\"valueRequired\":true,\"valueName\":\"search_term_string\"}}],\"inLanguage\":\"pt-BR\"},{\"@type\":\"Organization\",\"@id\":\"https:\\\/\\\/regiaonews.net.br\\\/2022\\\/#organization\",\"name\":\"Regi\u00e3o News\",\"url\":\"https:\\\/\\\/regiaonews.net.br\\\/2022\\\/\",\"logo\":{\"@type\":\"ImageObject\",\"inLanguage\":\"pt-BR\",\"@id\":\"https:\\\/\\\/regiaonews.net.br\\\/2022\\\/#\\\/schema\\\/logo\\\/image\\\/\",\"url\":\"https:\\\/\\\/regiaonews.net.br\\\/2022\\\/wp-content\\\/uploads\\\/2026\\\/03\\\/regiao-13-anos-scaled.jpg\",\"contentUrl\":\"https:\\\/\\\/regiaonews.net.br\\\/2022\\\/wp-content\\\/uploads\\\/2026\\\/03\\\/regiao-13-anos-scaled.jpg\",\"width\":2560,\"height\":635,\"caption\":\"Regi\u00e3o News\"},\"image\":{\"@id\":\"https:\\\/\\\/regiaonews.net.br\\\/2022\\\/#\\\/schema\\\/logo\\\/image\\\/\"}},{\"@type\":\"Person\",\"@id\":\"https:\\\/\\\/regiaonews.net.br\\\/2022\\\/#\\\/schema\\\/person\\\/2d205a608a5aa97ac279d7a5e6d89ad8\",\"name\":\"Roberto\",\"image\":{\"@type\":\"ImageObject\",\"inLanguage\":\"pt-BR\",\"@id\":\"https:\\\/\\\/secure.gravatar.com\\\/avatar\\\/42749d8b712ff9d59ca93dc150494e5b55a44134482993f5baeb97e61b7ecc89?s=96&d=mm&r=g\",\"url\":\"https:\\\/\\\/secure.gravatar.com\\\/avatar\\\/42749d8b712ff9d59ca93dc150494e5b55a44134482993f5baeb97e61b7ecc89?s=96&d=mm&r=g\",\"contentUrl\":\"https:\\\/\\\/secure.gravatar.com\\\/avatar\\\/42749d8b712ff9d59ca93dc150494e5b55a44134482993f5baeb97e61b7ecc89?s=96&d=mm&r=g\",\"caption\":\"Roberto\"},\"url\":\"https:\\\/\\\/regiaonews.net.br\\\/2022\\\/author\\\/roberto\\\/\"}]}<\/script>\n<!-- \/ Yoast SEO plugin. -->","yoast_head_json":{"title":"Motociclista sofre queda de moto devido \u00f3leo no asfalto - Regi\u00e3o News","robots":{"index":"index","follow":"follow","max-snippet":"max-snippet:-1","max-image-preview":"max-image-preview:large","max-video-preview":"max-video-preview:-1"},"canonical":"https:\/\/regiaonews.net.br\/2022\/2023\/01\/13\/motociclista-sofre-queda-de-moto-devido-oleo-no-asfalto\/","og_locale":"pt_BR","og_type":"article","og_title":"Motociclista sofre queda de moto devido \u00f3leo no asfalto - Regi\u00e3o News","og_description":"Na manh\u00e3 de quinta (12), por volta das 9h45, a","og_url":"https:\/\/regiaonews.net.br\/2022\/2023\/01\/13\/motociclista-sofre-queda-de-moto-devido-oleo-no-asfalto\/","og_site_name":"Regi\u00e3o News","article_published_time":"2023-01-13T12:57:31+00:00","og_image":[{"width":1200,"height":1600,"url":"https:\/\/regiaonews.net.br\/2022\/wp-content\/uploads\/2023\/01\/WhatsApp-Image-2023-01-13-at-09.43.25.jpeg","type":"image\/jpeg"}],"author":"Roberto","twitter_card":"summary_large_image","twitter_misc":{"Escrito por":"Roberto","Est. tempo de leitura":"1 minuto"},"schema":{"@context":"https:\/\/schema.org","@graph":[{"@type":"Article","@id":"https:\/\/regiaonews.net.br\/2022\/2023\/01\/13\/motociclista-sofre-queda-de-moto-devido-oleo-no-asfalto\/#article","isPartOf":{"@id":"https:\/\/regiaonews.net.br\/2022\/2023\/01\/13\/motociclista-sofre-queda-de-moto-devido-oleo-no-asfalto\/"},"author":{"name":"Roberto","@id":"https:\/\/regiaonews.net.br\/2022\/#\/schema\/person\/2d205a608a5aa97ac279d7a5e6d89ad8"},"headline":"Motociclista sofre queda de moto devido \u00f3leo no asfalto","datePublished":"2023-01-13T12:57:31+00:00","mainEntityOfPage":{"@id":"https:\/\/regiaonews.net.br\/2022\/2023\/01\/13\/motociclista-sofre-queda-de-moto-devido-oleo-no-asfalto\/"},"wordCount":95,"commentCount":0,"publisher":{"@id":"https:\/\/regiaonews.net.br\/2022\/#organization"},"image":{"@id":"https:\/\/regiaonews.net.br\/2022\/2023\/01\/13\/motociclista-sofre-queda-de-moto-devido-oleo-no-asfalto\/#primaryimage"},"thumbnailUrl":"https:\/\/regiaonews.net.br\/2022\/wp-content\/uploads\/2023\/01\/WhatsApp-Image-2023-01-13-at-09.43.25.jpeg","articleSection":["Barretos","Geral"],"inLanguage":"pt-BR","potentialAction":[{"@type":"CommentAction","name":"Comment","target":["https:\/\/regiaonews.net.br\/2022\/2023\/01\/13\/motociclista-sofre-queda-de-moto-devido-oleo-no-asfalto\/#respond"]}]},{"@type":"WebPage","@id":"https:\/\/regiaonews.net.br\/2022\/2023\/01\/13\/motociclista-sofre-queda-de-moto-devido-oleo-no-asfalto\/","url":"https:\/\/regiaonews.net.br\/2022\/2023\/01\/13\/motociclista-sofre-queda-de-moto-devido-oleo-no-asfalto\/","name":"Motociclista sofre queda de moto devido \u00f3leo no asfalto - Regi\u00e3o News","isPartOf":{"@id":"https:\/\/regiaonews.net.br\/2022\/#website"},"primaryImageOfPage":{"@id":"https:\/\/regiaonews.net.br\/2022\/2023\/01\/13\/motociclista-sofre-queda-de-moto-devido-oleo-no-asfalto\/#primaryimage"},"image":{"@id":"https:\/\/regiaonews.net.br\/2022\/2023\/01\/13\/motociclista-sofre-queda-de-moto-devido-oleo-no-asfalto\/#primaryimage"},"thumbnailUrl":"https:\/\/regiaonews.net.br\/2022\/wp-content\/uploads\/2023\/01\/WhatsApp-Image-2023-01-13-at-09.43.25.jpeg","datePublished":"2023-01-13T12:57:31+00:00","breadcrumb":{"@id":"https:\/\/regiaonews.net.br\/2022\/2023\/01\/13\/motociclista-sofre-queda-de-moto-devido-oleo-no-asfalto\/#breadcrumb"},"inLanguage":"pt-BR","potentialAction":[{"@type":"ReadAction","target":["https:\/\/regiaonews.net.br\/2022\/2023\/01\/13\/motociclista-sofre-queda-de-moto-devido-oleo-no-asfalto\/"]}]},{"@type":"ImageObject","inLanguage":"pt-BR","@id":"https:\/\/regiaonews.net.br\/2022\/2023\/01\/13\/motociclista-sofre-queda-de-moto-devido-oleo-no-asfalto\/#primaryimage","url":"https:\/\/regiaonews.net.br\/2022\/wp-content\/uploads\/2023\/01\/WhatsApp-Image-2023-01-13-at-09.43.25.jpeg","contentUrl":"https:\/\/regiaonews.net.br\/2022\/wp-content\/uploads\/2023\/01\/WhatsApp-Image-2023-01-13-at-09.43.25.jpeg","width":1200,"height":1600},{"@type":"BreadcrumbList","@id":"https:\/\/regiaonews.net.br\/2022\/2023\/01\/13\/motociclista-sofre-queda-de-moto-devido-oleo-no-asfalto\/#breadcrumb","itemListElement":[{"@type":"ListItem","position":1,"name":"In\u00edcio","item":"https:\/\/regiaonews.net.br\/2022\/"},{"@type":"ListItem","position":2,"name":"Motociclista sofre queda de moto devido \u00f3leo no asfalto"}]},{"@type":"WebSite","@id":"https:\/\/regiaonews.net.br\/2022\/#website","url":"https:\/\/regiaonews.net.br\/2022\/","name":"Regi\u00e3o News","description":"Site de Not\u00edcias de Barretos e regi\u00e3o","publisher":{"@id":"https:\/\/regiaonews.net.br\/2022\/#organization"},"potentialAction":[{"@type":"SearchAction","target":{"@type":"EntryPoint","urlTemplate":"https:\/\/regiaonews.net.br\/2022\/?s={search_term_string}"},"query-input":{"@type":"PropertyValueSpecification","valueRequired":true,"valueName":"search_term_string"}}],"inLanguage":"pt-BR"},{"@type":"Organization","@id":"https:\/\/regiaonews.net.br\/2022\/#organization","name":"Regi\u00e3o News","url":"https:\/\/regiaonews.net.br\/2022\/","logo":{"@type":"ImageObject","inLanguage":"pt-BR","@id":"https:\/\/regiaonews.net.br\/2022\/#\/schema\/logo\/image\/","url":"https:\/\/regiaonews.net.br\/2022\/wp-content\/uploads\/2026\/03\/regiao-13-anos-scaled.jpg","contentUrl":"https:\/\/regiaonews.net.br\/2022\/wp-content\/uploads\/2026\/03\/regiao-13-anos-scaled.jpg","width":2560,"height":635,"caption":"Regi\u00e3o News"},"image":{"@id":"https:\/\/regiaonews.net.br\/2022\/#\/schema\/logo\/image\/"}},{"@type":"Person","@id":"https:\/\/regiaonews.net.br\/2022\/#\/schema\/person\/2d205a608a5aa97ac279d7a5e6d89ad8","name":"Roberto","image":{"@type":"ImageObject","inLanguage":"pt-BR","@id":"https:\/\/secure.gravatar.com\/avatar\/42749d8b712ff9d59ca93dc150494e5b55a44134482993f5baeb97e61b7ecc89?s=96&d=mm&r=g","url":"https:\/\/secure.gravatar.com\/avatar\/42749d8b712ff9d59ca93dc150494e5b55a44134482993f5baeb97e61b7ecc89?s=96&d=mm&r=g","contentUrl":"https:\/\/secure.gravatar.com\/avatar\/42749d8b712ff9d59ca93dc150494e5b55a44134482993f5baeb97e61b7ecc89?s=96&d=mm&r=g","caption":"Roberto"},"url":"https:\/\/regiaonews.net.br\/2022\/author\/roberto\/"}]}},"publishpress_future_action":{"enabled":false,"date":"2026-05-02 02:35:33","action":"change-status","newStatus":"draft","terms":[],"taxonomy":"category","extraData":[]},"publishpress_future_workflow_manual_trigger":{"enabledWorkflows":[]},"_links":{"self":[{"href":"https:\/\/regiaonews.net.br\/2022\/wp-json\/wp\/v2\/posts\/82777","targetHints":{"allow":["GET"]}}],"collection":[{"href":"https:\/\/regiaonews.net.br\/2022\/wp-json\/wp\/v2\/posts"}],"about":[{"href":"https:\/\/regiaonews.net.br\/2022\/wp-json\/wp\/v2\/types\/post"}],"author":[{"embeddable":true,"href":"https:\/\/regiaonews.net.br\/2022\/wp-json\/wp\/v2\/users\/2"}],"replies":[{"embeddable":true,"href":"https:\/\/regiaonews.net.br\/2022\/wp-json\/wp\/v2\/comments?post=82777"}],"version-history":[{"count":1,"href":"https:\/\/regiaonews.net.br\/2022\/wp-json\/wp\/v2\/posts\/82777\/revisions"}],"predecessor-version":[{"id":82779,"href":"https:\/\/regiaonews.net.br\/2022\/wp-json\/wp\/v2\/posts\/82777\/revisions\/82779"}],"wp:featuredmedia":[{"embeddable":true,"href":"https:\/\/regiaonews.net.br\/2022\/wp-json\/wp\/v2\/media\/82778"}],"wp:attachment":[{"href":"https:\/\/regiaonews.net.br\/2022\/wp-json\/wp\/v2\/media?parent=82777"}],"wp:term":[{"taxonomy":"category","embeddable":true,"href":"https:\/\/regiaonews.net.br\/2022\/wp-json\/wp\/v2\/categories?post=82777"},{"taxonomy":"post_tag","embeddable":true,"href":"https:\/\/regiaonews.net.br\/2022\/wp-json\/wp\/v2\/tags?post=82777"}],"curies":[{"name":"wp","href":"https:\/\/api.w.org\/{rel}","templated":true}]}}