{"id":82774,"date":"2023-01-13T09:56:52","date_gmt":"2023-01-13T12:56:52","guid":{"rendered":"https:\/\/regiaonews.net.br\/2022\/?p=82774"},"modified":"2023-01-13T09:56:52","modified_gmt":"2023-01-13T12:56:52","slug":"acusado-e-preso-pela-pm-em-cumprimento-de-mandado-prisao-por-tres-crimes","status":"publish","type":"post","link":"https:\/\/regiaonews.net.br\/2022\/2023\/01\/13\/acusado-e-preso-pela-pm-em-cumprimento-de-mandado-prisao-por-tres-crimes\/","title":{"rendered":"Acusado \u00e9 preso pela PM em cumprimento de mandado pris\u00e3o por tr\u00eas crimes"},"content":{"rendered":"<p>Os policiais militares da equipe de For\u00e7a T\u00e1tica, comandada pelo tenente Luiz Neto, cabo Ara\u00fajo e soldado Ortega, tiveram conhecimento que havia uma mandado de pris\u00e3o contra o acusado K.W.B., pela pr\u00e1tica dos crimes de homic\u00eddio tentado, associa\u00e7\u00e3o criminosa e furto, decorrente de conflitos entre traficantes. Em patrulhamento, os policiais foram at\u00e9 o bairro Vida Nova 3, onde efetuaram a captura do procurado, sendo apreendida no local, uma motocicleta Honda CG, com sinais identificadores do chassi e motor suprimidos, sem placas e com motor de uma moto Twister. Diante dos fatos, a moto tamb\u00e9m foi apreendida para averiguar sua proced\u00eancia. Atuaram na ocorr\u00eancia o sargento Gilberto Neves e os cabos Mattos e Vasconcelos.<\/p>\n","protected":false},"excerpt":{"rendered":"<p>Os policiais militares da equipe de For\u00e7a T\u00e1tica, comandada pelo<\/p>\n","protected":false},"author":2,"featured_media":82775,"comment_status":"open","ping_status":"open","sticky":false,"template":"","format":"standard","meta":{"footnotes":""},"categories":[14,23],"tags":[],"class_list":["post-82774","post","type-post","status-publish","format-standard","has-post-thumbnail","hentry","category-barretos","category-policia"],"yoast_head":"<!-- This site is optimized with the Yoast SEO plugin v27.5 - https:\/\/yoast.com\/product\/yoast-seo-wordpress\/ -->\n<title>Acusado \u00e9 preso pela PM em cumprimento de mandado pris\u00e3o por tr\u00eas crimes - Regi\u00e3o News<\/title>\n<meta name=\"robots\" content=\"index, follow, max-snippet:-1, max-image-preview:large, max-video-preview:-1\" \/>\n<link rel=\"canonical\" href=\"https:\/\/regiaonews.net.br\/2022\/2023\/01\/13\/acusado-e-preso-pela-pm-em-cumprimento-de-mandado-prisao-por-tres-crimes\/\" \/>\n<meta property=\"og:locale\" content=\"pt_BR\" \/>\n<meta property=\"og:type\" content=\"article\" \/>\n<meta property=\"og:title\" content=\"Acusado \u00e9 preso pela PM em cumprimento de mandado pris\u00e3o por tr\u00eas crimes - Regi\u00e3o News\" \/>\n<meta property=\"og:description\" content=\"Os policiais militares da equipe de For\u00e7a T\u00e1tica, comandada pelo\" \/>\n<meta property=\"og:url\" content=\"https:\/\/regiaonews.net.br\/2022\/2023\/01\/13\/acusado-e-preso-pela-pm-em-cumprimento-de-mandado-prisao-por-tres-crimes\/\" \/>\n<meta property=\"og:site_name\" content=\"Regi\u00e3o News\" \/>\n<meta property=\"article:published_time\" content=\"2023-01-13T12:56:52+00:00\" \/>\n<meta property=\"og:image\" content=\"https:\/\/regiaonews.net.br\/2022\/wp-content\/uploads\/2023\/01\/WhatsApp-Image-2023-01-13-at-09.41.59.jpeg\" \/>\n\t<meta property=\"og:image:width\" content=\"1600\" \/>\n\t<meta property=\"og:image:height\" content=\"1071\" \/>\n\t<meta property=\"og:image:type\" content=\"image\/jpeg\" \/>\n<meta name=\"author\" content=\"Roberto\" \/>\n<meta name=\"twitter:card\" content=\"summary_large_image\" \/>\n<meta name=\"twitter:label1\" content=\"Escrito por\" \/>\n\t<meta name=\"twitter:data1\" content=\"Roberto\" \/>\n\t<meta name=\"twitter:label2\" content=\"Est. tempo de leitura\" \/>\n\t<meta name=\"twitter:data2\" content=\"1 minuto\" \/>\n<script type=\"application\/ld+json\" class=\"yoast-schema-graph\">{\"@context\":\"https:\\\/\\\/schema.org\",\"@graph\":[{\"@type\":\"Article\",\"@id\":\"https:\\\/\\\/regiaonews.net.br\\\/2022\\\/2023\\\/01\\\/13\\\/acusado-e-preso-pela-pm-em-cumprimento-de-mandado-prisao-por-tres-crimes\\\/#article\",\"isPartOf\":{\"@id\":\"https:\\\/\\\/regiaonews.net.br\\\/2022\\\/2023\\\/01\\\/13\\\/acusado-e-preso-pela-pm-em-cumprimento-de-mandado-prisao-por-tres-crimes\\\/\"},\"author\":{\"name\":\"Roberto\",\"@id\":\"https:\\\/\\\/regiaonews.net.br\\\/2022\\\/#\\\/schema\\\/person\\\/2d205a608a5aa97ac279d7a5e6d89ad8\"},\"headline\":\"Acusado \u00e9 preso pela PM em cumprimento de mandado pris\u00e3o por tr\u00eas crimes\",\"datePublished\":\"2023-01-13T12:56:52+00:00\",\"mainEntityOfPage\":{\"@id\":\"https:\\\/\\\/regiaonews.net.br\\\/2022\\\/2023\\\/01\\\/13\\\/acusado-e-preso-pela-pm-em-cumprimento-de-mandado-prisao-por-tres-crimes\\\/\"},\"wordCount\":138,\"commentCount\":0,\"publisher\":{\"@id\":\"https:\\\/\\\/regiaonews.net.br\\\/2022\\\/#organization\"},\"image\":{\"@id\":\"https:\\\/\\\/regiaonews.net.br\\\/2022\\\/2023\\\/01\\\/13\\\/acusado-e-preso-pela-pm-em-cumprimento-de-mandado-prisao-por-tres-crimes\\\/#primaryimage\"},\"thumbnailUrl\":\"https:\\\/\\\/regiaonews.net.br\\\/2022\\\/wp-content\\\/uploads\\\/2023\\\/01\\\/WhatsApp-Image-2023-01-13-at-09.41.59.jpeg\",\"articleSection\":[\"Barretos\",\"Policia\"],\"inLanguage\":\"pt-BR\",\"potentialAction\":[{\"@type\":\"CommentAction\",\"name\":\"Comment\",\"target\":[\"https:\\\/\\\/regiaonews.net.br\\\/2022\\\/2023\\\/01\\\/13\\\/acusado-e-preso-pela-pm-em-cumprimento-de-mandado-prisao-por-tres-crimes\\\/#respond\"]}]},{\"@type\":\"WebPage\",\"@id\":\"https:\\\/\\\/regiaonews.net.br\\\/2022\\\/2023\\\/01\\\/13\\\/acusado-e-preso-pela-pm-em-cumprimento-de-mandado-prisao-por-tres-crimes\\\/\",\"url\":\"https:\\\/\\\/regiaonews.net.br\\\/2022\\\/2023\\\/01\\\/13\\\/acusado-e-preso-pela-pm-em-cumprimento-de-mandado-prisao-por-tres-crimes\\\/\",\"name\":\"Acusado \u00e9 preso pela PM em cumprimento de mandado pris\u00e3o por tr\u00eas crimes - Regi\u00e3o News\",\"isPartOf\":{\"@id\":\"https:\\\/\\\/regiaonews.net.br\\\/2022\\\/#website\"},\"primaryImageOfPage\":{\"@id\":\"https:\\\/\\\/regiaonews.net.br\\\/2022\\\/2023\\\/01\\\/13\\\/acusado-e-preso-pela-pm-em-cumprimento-de-mandado-prisao-por-tres-crimes\\\/#primaryimage\"},\"image\":{\"@id\":\"https:\\\/\\\/regiaonews.net.br\\\/2022\\\/2023\\\/01\\\/13\\\/acusado-e-preso-pela-pm-em-cumprimento-de-mandado-prisao-por-tres-crimes\\\/#primaryimage\"},\"thumbnailUrl\":\"https:\\\/\\\/regiaonews.net.br\\\/2022\\\/wp-content\\\/uploads\\\/2023\\\/01\\\/WhatsApp-Image-2023-01-13-at-09.41.59.jpeg\",\"datePublished\":\"2023-01-13T12:56:52+00:00\",\"breadcrumb\":{\"@id\":\"https:\\\/\\\/regiaonews.net.br\\\/2022\\\/2023\\\/01\\\/13\\\/acusado-e-preso-pela-pm-em-cumprimento-de-mandado-prisao-por-tres-crimes\\\/#breadcrumb\"},\"inLanguage\":\"pt-BR\",\"potentialAction\":[{\"@type\":\"ReadAction\",\"target\":[\"https:\\\/\\\/regiaonews.net.br\\\/2022\\\/2023\\\/01\\\/13\\\/acusado-e-preso-pela-pm-em-cumprimento-de-mandado-prisao-por-tres-crimes\\\/\"]}]},{\"@type\":\"ImageObject\",\"inLanguage\":\"pt-BR\",\"@id\":\"https:\\\/\\\/regiaonews.net.br\\\/2022\\\/2023\\\/01\\\/13\\\/acusado-e-preso-pela-pm-em-cumprimento-de-mandado-prisao-por-tres-crimes\\\/#primaryimage\",\"url\":\"https:\\\/\\\/regiaonews.net.br\\\/2022\\\/wp-content\\\/uploads\\\/2023\\\/01\\\/WhatsApp-Image-2023-01-13-at-09.41.59.jpeg\",\"contentUrl\":\"https:\\\/\\\/regiaonews.net.br\\\/2022\\\/wp-content\\\/uploads\\\/2023\\\/01\\\/WhatsApp-Image-2023-01-13-at-09.41.59.jpeg\",\"width\":1600,\"height\":1071},{\"@type\":\"BreadcrumbList\",\"@id\":\"https:\\\/\\\/regiaonews.net.br\\\/2022\\\/2023\\\/01\\\/13\\\/acusado-e-preso-pela-pm-em-cumprimento-de-mandado-prisao-por-tres-crimes\\\/#breadcrumb\",\"itemListElement\":[{\"@type\":\"ListItem\",\"position\":1,\"name\":\"In\u00edcio\",\"item\":\"https:\\\/\\\/regiaonews.net.br\\\/2022\\\/\"},{\"@type\":\"ListItem\",\"position\":2,\"name\":\"Acusado \u00e9 preso pela PM em cumprimento de mandado pris\u00e3o por tr\u00eas crimes\"}]},{\"@type\":\"WebSite\",\"@id\":\"https:\\\/\\\/regiaonews.net.br\\\/2022\\\/#website\",\"url\":\"https:\\\/\\\/regiaonews.net.br\\\/2022\\\/\",\"name\":\"Regi\u00e3o News\",\"description\":\"Site de Not\u00edcias de Barretos e regi\u00e3o\",\"publisher\":{\"@id\":\"https:\\\/\\\/regiaonews.net.br\\\/2022\\\/#organization\"},\"potentialAction\":[{\"@type\":\"SearchAction\",\"target\":{\"@type\":\"EntryPoint\",\"urlTemplate\":\"https:\\\/\\\/regiaonews.net.br\\\/2022\\\/?s={search_term_string}\"},\"query-input\":{\"@type\":\"PropertyValueSpecification\",\"valueRequired\":true,\"valueName\":\"search_term_string\"}}],\"inLanguage\":\"pt-BR\"},{\"@type\":\"Organization\",\"@id\":\"https:\\\/\\\/regiaonews.net.br\\\/2022\\\/#organization\",\"name\":\"Regi\u00e3o News\",\"url\":\"https:\\\/\\\/regiaonews.net.br\\\/2022\\\/\",\"logo\":{\"@type\":\"ImageObject\",\"inLanguage\":\"pt-BR\",\"@id\":\"https:\\\/\\\/regiaonews.net.br\\\/2022\\\/#\\\/schema\\\/logo\\\/image\\\/\",\"url\":\"https:\\\/\\\/regiaonews.net.br\\\/2022\\\/wp-content\\\/uploads\\\/2026\\\/03\\\/regiao-13-anos-scaled.jpg\",\"contentUrl\":\"https:\\\/\\\/regiaonews.net.br\\\/2022\\\/wp-content\\\/uploads\\\/2026\\\/03\\\/regiao-13-anos-scaled.jpg\",\"width\":2560,\"height\":635,\"caption\":\"Regi\u00e3o News\"},\"image\":{\"@id\":\"https:\\\/\\\/regiaonews.net.br\\\/2022\\\/#\\\/schema\\\/logo\\\/image\\\/\"}},{\"@type\":\"Person\",\"@id\":\"https:\\\/\\\/regiaonews.net.br\\\/2022\\\/#\\\/schema\\\/person\\\/2d205a608a5aa97ac279d7a5e6d89ad8\",\"name\":\"Roberto\",\"image\":{\"@type\":\"ImageObject\",\"inLanguage\":\"pt-BR\",\"@id\":\"https:\\\/\\\/secure.gravatar.com\\\/avatar\\\/42749d8b712ff9d59ca93dc150494e5b55a44134482993f5baeb97e61b7ecc89?s=96&d=mm&r=g\",\"url\":\"https:\\\/\\\/secure.gravatar.com\\\/avatar\\\/42749d8b712ff9d59ca93dc150494e5b55a44134482993f5baeb97e61b7ecc89?s=96&d=mm&r=g\",\"contentUrl\":\"https:\\\/\\\/secure.gravatar.com\\\/avatar\\\/42749d8b712ff9d59ca93dc150494e5b55a44134482993f5baeb97e61b7ecc89?s=96&d=mm&r=g\",\"caption\":\"Roberto\"},\"url\":\"https:\\\/\\\/regiaonews.net.br\\\/2022\\\/author\\\/roberto\\\/\"}]}<\/script>\n<!-- \/ Yoast SEO plugin. -->","yoast_head_json":{"title":"Acusado \u00e9 preso pela PM em cumprimento de mandado pris\u00e3o por tr\u00eas crimes - Regi\u00e3o News","robots":{"index":"index","follow":"follow","max-snippet":"max-snippet:-1","max-image-preview":"max-image-preview:large","max-video-preview":"max-video-preview:-1"},"canonical":"https:\/\/regiaonews.net.br\/2022\/2023\/01\/13\/acusado-e-preso-pela-pm-em-cumprimento-de-mandado-prisao-por-tres-crimes\/","og_locale":"pt_BR","og_type":"article","og_title":"Acusado \u00e9 preso pela PM em cumprimento de mandado pris\u00e3o por tr\u00eas crimes - Regi\u00e3o News","og_description":"Os policiais militares da equipe de For\u00e7a T\u00e1tica, comandada pelo","og_url":"https:\/\/regiaonews.net.br\/2022\/2023\/01\/13\/acusado-e-preso-pela-pm-em-cumprimento-de-mandado-prisao-por-tres-crimes\/","og_site_name":"Regi\u00e3o News","article_published_time":"2023-01-13T12:56:52+00:00","og_image":[{"width":1600,"height":1071,"url":"https:\/\/regiaonews.net.br\/2022\/wp-content\/uploads\/2023\/01\/WhatsApp-Image-2023-01-13-at-09.41.59.jpeg","type":"image\/jpeg"}],"author":"Roberto","twitter_card":"summary_large_image","twitter_misc":{"Escrito por":"Roberto","Est. tempo de leitura":"1 minuto"},"schema":{"@context":"https:\/\/schema.org","@graph":[{"@type":"Article","@id":"https:\/\/regiaonews.net.br\/2022\/2023\/01\/13\/acusado-e-preso-pela-pm-em-cumprimento-de-mandado-prisao-por-tres-crimes\/#article","isPartOf":{"@id":"https:\/\/regiaonews.net.br\/2022\/2023\/01\/13\/acusado-e-preso-pela-pm-em-cumprimento-de-mandado-prisao-por-tres-crimes\/"},"author":{"name":"Roberto","@id":"https:\/\/regiaonews.net.br\/2022\/#\/schema\/person\/2d205a608a5aa97ac279d7a5e6d89ad8"},"headline":"Acusado \u00e9 preso pela PM em cumprimento de mandado pris\u00e3o por tr\u00eas crimes","datePublished":"2023-01-13T12:56:52+00:00","mainEntityOfPage":{"@id":"https:\/\/regiaonews.net.br\/2022\/2023\/01\/13\/acusado-e-preso-pela-pm-em-cumprimento-de-mandado-prisao-por-tres-crimes\/"},"wordCount":138,"commentCount":0,"publisher":{"@id":"https:\/\/regiaonews.net.br\/2022\/#organization"},"image":{"@id":"https:\/\/regiaonews.net.br\/2022\/2023\/01\/13\/acusado-e-preso-pela-pm-em-cumprimento-de-mandado-prisao-por-tres-crimes\/#primaryimage"},"thumbnailUrl":"https:\/\/regiaonews.net.br\/2022\/wp-content\/uploads\/2023\/01\/WhatsApp-Image-2023-01-13-at-09.41.59.jpeg","articleSection":["Barretos","Policia"],"inLanguage":"pt-BR","potentialAction":[{"@type":"CommentAction","name":"Comment","target":["https:\/\/regiaonews.net.br\/2022\/2023\/01\/13\/acusado-e-preso-pela-pm-em-cumprimento-de-mandado-prisao-por-tres-crimes\/#respond"]}]},{"@type":"WebPage","@id":"https:\/\/regiaonews.net.br\/2022\/2023\/01\/13\/acusado-e-preso-pela-pm-em-cumprimento-de-mandado-prisao-por-tres-crimes\/","url":"https:\/\/regiaonews.net.br\/2022\/2023\/01\/13\/acusado-e-preso-pela-pm-em-cumprimento-de-mandado-prisao-por-tres-crimes\/","name":"Acusado \u00e9 preso pela PM em cumprimento de mandado pris\u00e3o por tr\u00eas crimes - Regi\u00e3o News","isPartOf":{"@id":"https:\/\/regiaonews.net.br\/2022\/#website"},"primaryImageOfPage":{"@id":"https:\/\/regiaonews.net.br\/2022\/2023\/01\/13\/acusado-e-preso-pela-pm-em-cumprimento-de-mandado-prisao-por-tres-crimes\/#primaryimage"},"image":{"@id":"https:\/\/regiaonews.net.br\/2022\/2023\/01\/13\/acusado-e-preso-pela-pm-em-cumprimento-de-mandado-prisao-por-tres-crimes\/#primaryimage"},"thumbnailUrl":"https:\/\/regiaonews.net.br\/2022\/wp-content\/uploads\/2023\/01\/WhatsApp-Image-2023-01-13-at-09.41.59.jpeg","datePublished":"2023-01-13T12:56:52+00:00","breadcrumb":{"@id":"https:\/\/regiaonews.net.br\/2022\/2023\/01\/13\/acusado-e-preso-pela-pm-em-cumprimento-de-mandado-prisao-por-tres-crimes\/#breadcrumb"},"inLanguage":"pt-BR","potentialAction":[{"@type":"ReadAction","target":["https:\/\/regiaonews.net.br\/2022\/2023\/01\/13\/acusado-e-preso-pela-pm-em-cumprimento-de-mandado-prisao-por-tres-crimes\/"]}]},{"@type":"ImageObject","inLanguage":"pt-BR","@id":"https:\/\/regiaonews.net.br\/2022\/2023\/01\/13\/acusado-e-preso-pela-pm-em-cumprimento-de-mandado-prisao-por-tres-crimes\/#primaryimage","url":"https:\/\/regiaonews.net.br\/2022\/wp-content\/uploads\/2023\/01\/WhatsApp-Image-2023-01-13-at-09.41.59.jpeg","contentUrl":"https:\/\/regiaonews.net.br\/2022\/wp-content\/uploads\/2023\/01\/WhatsApp-Image-2023-01-13-at-09.41.59.jpeg","width":1600,"height":1071},{"@type":"BreadcrumbList","@id":"https:\/\/regiaonews.net.br\/2022\/2023\/01\/13\/acusado-e-preso-pela-pm-em-cumprimento-de-mandado-prisao-por-tres-crimes\/#breadcrumb","itemListElement":[{"@type":"ListItem","position":1,"name":"In\u00edcio","item":"https:\/\/regiaonews.net.br\/2022\/"},{"@type":"ListItem","position":2,"name":"Acusado \u00e9 preso pela PM em cumprimento de mandado pris\u00e3o por tr\u00eas crimes"}]},{"@type":"WebSite","@id":"https:\/\/regiaonews.net.br\/2022\/#website","url":"https:\/\/regiaonews.net.br\/2022\/","name":"Regi\u00e3o News","description":"Site de Not\u00edcias de Barretos e regi\u00e3o","publisher":{"@id":"https:\/\/regiaonews.net.br\/2022\/#organization"},"potentialAction":[{"@type":"SearchAction","target":{"@type":"EntryPoint","urlTemplate":"https:\/\/regiaonews.net.br\/2022\/?s={search_term_string}"},"query-input":{"@type":"PropertyValueSpecification","valueRequired":true,"valueName":"search_term_string"}}],"inLanguage":"pt-BR"},{"@type":"Organization","@id":"https:\/\/regiaonews.net.br\/2022\/#organization","name":"Regi\u00e3o News","url":"https:\/\/regiaonews.net.br\/2022\/","logo":{"@type":"ImageObject","inLanguage":"pt-BR","@id":"https:\/\/regiaonews.net.br\/2022\/#\/schema\/logo\/image\/","url":"https:\/\/regiaonews.net.br\/2022\/wp-content\/uploads\/2026\/03\/regiao-13-anos-scaled.jpg","contentUrl":"https:\/\/regiaonews.net.br\/2022\/wp-content\/uploads\/2026\/03\/regiao-13-anos-scaled.jpg","width":2560,"height":635,"caption":"Regi\u00e3o News"},"image":{"@id":"https:\/\/regiaonews.net.br\/2022\/#\/schema\/logo\/image\/"}},{"@type":"Person","@id":"https:\/\/regiaonews.net.br\/2022\/#\/schema\/person\/2d205a608a5aa97ac279d7a5e6d89ad8","name":"Roberto","image":{"@type":"ImageObject","inLanguage":"pt-BR","@id":"https:\/\/secure.gravatar.com\/avatar\/42749d8b712ff9d59ca93dc150494e5b55a44134482993f5baeb97e61b7ecc89?s=96&d=mm&r=g","url":"https:\/\/secure.gravatar.com\/avatar\/42749d8b712ff9d59ca93dc150494e5b55a44134482993f5baeb97e61b7ecc89?s=96&d=mm&r=g","contentUrl":"https:\/\/secure.gravatar.com\/avatar\/42749d8b712ff9d59ca93dc150494e5b55a44134482993f5baeb97e61b7ecc89?s=96&d=mm&r=g","caption":"Roberto"},"url":"https:\/\/regiaonews.net.br\/2022\/author\/roberto\/"}]}},"publishpress_future_action":{"enabled":false,"date":"2026-05-09 07:47:25","action":"change-status","newStatus":"draft","terms":[],"taxonomy":"category","extraData":[]},"publishpress_future_workflow_manual_trigger":{"enabledWorkflows":[]},"_links":{"self":[{"href":"https:\/\/regiaonews.net.br\/2022\/wp-json\/wp\/v2\/posts\/82774","targetHints":{"allow":["GET"]}}],"collection":[{"href":"https:\/\/regiaonews.net.br\/2022\/wp-json\/wp\/v2\/posts"}],"about":[{"href":"https:\/\/regiaonews.net.br\/2022\/wp-json\/wp\/v2\/types\/post"}],"author":[{"embeddable":true,"href":"https:\/\/regiaonews.net.br\/2022\/wp-json\/wp\/v2\/users\/2"}],"replies":[{"embeddable":true,"href":"https:\/\/regiaonews.net.br\/2022\/wp-json\/wp\/v2\/comments?post=82774"}],"version-history":[{"count":1,"href":"https:\/\/regiaonews.net.br\/2022\/wp-json\/wp\/v2\/posts\/82774\/revisions"}],"predecessor-version":[{"id":82776,"href":"https:\/\/regiaonews.net.br\/2022\/wp-json\/wp\/v2\/posts\/82774\/revisions\/82776"}],"wp:featuredmedia":[{"embeddable":true,"href":"https:\/\/regiaonews.net.br\/2022\/wp-json\/wp\/v2\/media\/82775"}],"wp:attachment":[{"href":"https:\/\/regiaonews.net.br\/2022\/wp-json\/wp\/v2\/media?parent=82774"}],"wp:term":[{"taxonomy":"category","embeddable":true,"href":"https:\/\/regiaonews.net.br\/2022\/wp-json\/wp\/v2\/categories?post=82774"},{"taxonomy":"post_tag","embeddable":true,"href":"https:\/\/regiaonews.net.br\/2022\/wp-json\/wp\/v2\/tags?post=82774"}],"curies":[{"name":"wp","href":"https:\/\/api.w.org\/{rel}","templated":true}]}}