{"id":82714,"date":"2023-01-10T21:31:43","date_gmt":"2023-01-11T00:31:43","guid":{"rendered":"https:\/\/regiaonews.net.br\/2022\/?p=82714"},"modified":"2023-01-10T21:39:54","modified_gmt":"2023-01-11T00:39:54","slug":"prefeita-paula-lemos-assina-convenio-para-recuperacao-da-pista-de-caminhada-da-via-das-comitivas","status":"publish","type":"post","link":"https:\/\/regiaonews.net.br\/2022\/2023\/01\/10\/prefeita-paula-lemos-assina-convenio-para-recuperacao-da-pista-de-caminhada-da-via-das-comitivas\/","title":{"rendered":"Prefeita Paula Lemos assina conv\u00eanio para recupera\u00e7\u00e3o da pista de caminhada da Via das Comitivas"},"content":{"rendered":"<div><\/div>\n<div><i>Investimento de aproximadamente R$ 900 mil ir\u00e1 revitalizar trecho com cerca de 3 km<\/i><\/div>\n<div><\/div>\n<div><\/div>\n<div>A prefeita da Est\u00e2ncia Tur\u00edstica de Barretos, Paula Lemos, assinou na tarde desta segunda-feira, 09 de janeiro, um conv\u00eanio com a Caixa Econ\u00f4mica Federal no valor de R$ 863.680,00 para a recupera\u00e7\u00e3o da pista de caminhada da Via das Comitivas Dr. Roberto Cardoso Alves. A verba \u00e9 proveniente do Minist\u00e9rio de Desenvolvimento Regional, por meio da deputada federal Carla Zambelli, e beneficiar\u00e1 a extens\u00e3o da pista compreendida dentro do per\u00edmetro urbano, com cerca de 2,7 km.<\/div>\n<div>Ao falar da conquista da verba, Paula salientou o trabalho conjunto de barretenses que lutam pela cidade. \u201cS\u00e3o quase R$ 900 mil reais, conseguidos atrav\u00e9s da deputada federal Carla Zambelli e, principalmente, por meio de barretenses que lutam pela nossa cidade, como o Hussein, presidente de Os Independentes, e o Marcelo Jamal, que foram as pessoas que pediram a verba, junto com o Cuiabano Lima, nosso secret\u00e1rio de Turismo. \u00c9 importante agradecer a esses barretenses que solicitaram essa benfeitoria para a nossa cidade\u201d, afirmou. \u201c\u00c9 importante que a popula\u00e7\u00e3o conhe\u00e7a cada pessoa que olha para o munic\u00edpio. N\u00f3s temos 70 deputados federais no Estado e temos que nominar quem, de fato, tem feito pela nossa cidade. Fa\u00e7o quest\u00e3o de deixar registrado o agradecimento do povo de Barretos \u00e0 Carla Zambelli\u201d, completou.<\/div>\n<div>Paula tamb\u00e9m destacou a compet\u00eancia do Departamento de Conv\u00eanios da prefeitura na condu\u00e7\u00e3o dos processos. \u201cUma equipe t\u00e9cnica igual a que gente tem hoje no conv\u00eanio faz toda a diferen\u00e7a\u201d, comentou.<\/div>\n<div>A obra de recupera\u00e7\u00e3o ter\u00e1 in\u00edcio na rotat\u00f3ria da Via das Comitivas e se estender\u00e1 por toda a \u00e1rea urbana, at\u00e9 ap\u00f3s a Passagem Dr. Fl\u00e1vio Silva Filho, nas proximidades do po\u00e7\u00e3o do Servi\u00e7o Aut\u00f4nomo de \u00c1gua e Esgoto (SAAE). A Via das Comitivas foi constru\u00edda em 1999, na Gest\u00e3o do prefeito Dr. Uebe Rezeck, e desde a sua constru\u00e7\u00e3o as cal\u00e7adas n\u00e3o receberam manuten\u00e7\u00e3o ou melhorias.<\/div>\n<div>Cuiabano Lima, secret\u00e1rio municipal de Turismo, afirmou que esta \u00e9 uma importante obra para o turismo local e lembrou que, al\u00e9m de receber in\u00fameras pessoas para caminhadas e pr\u00e1tica de esportes, a Via das Comitivas, caminho pelo qual as boiadas chegavam \u00e0 cidade, tamb\u00e9m d\u00e1 acesso ao Parque do Pe\u00e3o. \u201cConseguimos efetivar essa verba de quase R$ 900 mil para a infraestrutura das Via das Comitivas. Desde quando foi constru\u00edda em 1999, ela nunca recebeu manuten\u00e7\u00e3o, nem na ilumina\u00e7\u00e3o, nem nas cal\u00e7adas. Essa revitaliza\u00e7\u00e3o \u00e9 de muita import\u00e2ncia. As pessoas ser\u00e3o beneficiadas tamb\u00e9m, porque ali tem um fluxo frequente de pessoas caminhando \u00e0 noite ou muito cedo. Vai realmente melhorar a seguran\u00e7a e a acessibilidade e oportunizar um local mais agrad\u00e1vel, seguro e bonito para suas atividades ao ar livre\u201d, disse.<\/div>\n<div>Hussein Gemha J\u00fanior, presidente da Associa\u00e7\u00e3o Os Independentes, tamb\u00e9m agradeceu pelas melhorias na via. \u201c\u00c9 uma via importante e ser\u00e1 bem zelada e cuidada. N\u00f3s temos que agradecer a emenda da deputada Carla Zambelli. Um pedido que usou a Associa\u00e7\u00e3o Os Independentes, com o Marcelo Jamal, que faz parte do clube, e atrav\u00e9s da Paula e do Cuiabano, Barretos \u00e9 agraciada. D\u00e1 qualidade para quem usa e a ilumina\u00e7\u00e3o, que \u00e9 importante\u201d, disse.<\/div>\n<div>Marcelo Jamal, membro de Os Independentes e do Movimento Pra Ruas J\u00e1, tamb\u00e9m acompanhou a assinatura e destacou o trabalho realizado pelo grupo. \u201cCome\u00e7amos em 2014 e conseguimos conquistar v\u00e1rios benef\u00edcios para Barretos\u201d, afirmou.<\/div>\n<div>Participaram do ato os secret\u00e1rios municipais de Planejamento e Desenvolvimento, Carlos Henrique Gon\u00e7alves L\u00facio; de Comunica\u00e7\u00e3o, Fab\u00edola Correia; o gerente de Governo, Ubirajara Gon\u00e7alves Lima J\u00fanior, e a supervisora de Governo, Tatiana Galbiate de Moura Vargas, ambos da Caixa Econ\u00f4mica Federal de S\u00e3o Jos\u00e9 do Rio Preto.<\/div>\n","protected":false},"excerpt":{"rendered":"<p>Investimento de aproximadamente R$ 900 mil ir\u00e1 revitalizar trecho com<\/p>\n","protected":false},"author":2,"featured_media":82715,"comment_status":"open","ping_status":"open","sticky":false,"template":"","format":"standard","meta":{"footnotes":""},"categories":[14,25],"tags":[],"class_list":["post-82714","post","type-post","status-publish","format-standard","has-post-thumbnail","hentry","category-barretos","category-cidades"],"yoast_head":"<!-- This site is optimized with the Yoast SEO plugin v27.5 - https:\/\/yoast.com\/product\/yoast-seo-wordpress\/ -->\n<title>Prefeita Paula Lemos assina conv\u00eanio para recupera\u00e7\u00e3o da pista de caminhada da Via das Comitivas - Regi\u00e3o News<\/title>\n<meta name=\"robots\" content=\"index, follow, max-snippet:-1, max-image-preview:large, max-video-preview:-1\" \/>\n<link rel=\"canonical\" href=\"https:\/\/regiaonews.net.br\/2022\/2023\/01\/10\/prefeita-paula-lemos-assina-convenio-para-recuperacao-da-pista-de-caminhada-da-via-das-comitivas\/\" \/>\n<meta property=\"og:locale\" content=\"pt_BR\" \/>\n<meta property=\"og:type\" content=\"article\" \/>\n<meta property=\"og:title\" content=\"Prefeita Paula Lemos assina conv\u00eanio para recupera\u00e7\u00e3o da pista de caminhada da Via das Comitivas - Regi\u00e3o News\" \/>\n<meta property=\"og:description\" content=\"Investimento de aproximadamente R$ 900 mil ir\u00e1 revitalizar trecho com\" \/>\n<meta property=\"og:url\" content=\"https:\/\/regiaonews.net.br\/2022\/2023\/01\/10\/prefeita-paula-lemos-assina-convenio-para-recuperacao-da-pista-de-caminhada-da-via-das-comitivas\/\" \/>\n<meta property=\"og:site_name\" content=\"Regi\u00e3o News\" \/>\n<meta property=\"article:published_time\" content=\"2023-01-11T00:31:43+00:00\" \/>\n<meta property=\"article:modified_time\" content=\"2023-01-11T00:39:54+00:00\" \/>\n<meta property=\"og:image\" content=\"https:\/\/regiaonews.net.br\/2022\/wp-content\/uploads\/2023\/01\/a8f15eda80c50adb0e71943adc8015cf.jpeg\" \/>\n\t<meta property=\"og:image:width\" content=\"1280\" \/>\n\t<meta property=\"og:image:height\" content=\"854\" \/>\n\t<meta property=\"og:image:type\" content=\"image\/jpeg\" \/>\n<meta name=\"author\" content=\"Roberto\" \/>\n<meta name=\"twitter:card\" content=\"summary_large_image\" \/>\n<meta name=\"twitter:label1\" content=\"Escrito por\" \/>\n\t<meta name=\"twitter:data1\" content=\"Roberto\" \/>\n\t<meta name=\"twitter:label2\" content=\"Est. tempo de leitura\" \/>\n\t<meta name=\"twitter:data2\" content=\"4 minutos\" \/>\n<script type=\"application\/ld+json\" class=\"yoast-schema-graph\">{\"@context\":\"https:\\\/\\\/schema.org\",\"@graph\":[{\"@type\":\"Article\",\"@id\":\"https:\\\/\\\/regiaonews.net.br\\\/2022\\\/2023\\\/01\\\/10\\\/prefeita-paula-lemos-assina-convenio-para-recuperacao-da-pista-de-caminhada-da-via-das-comitivas\\\/#article\",\"isPartOf\":{\"@id\":\"https:\\\/\\\/regiaonews.net.br\\\/2022\\\/2023\\\/01\\\/10\\\/prefeita-paula-lemos-assina-convenio-para-recuperacao-da-pista-de-caminhada-da-via-das-comitivas\\\/\"},\"author\":{\"name\":\"Roberto\",\"@id\":\"https:\\\/\\\/regiaonews.net.br\\\/2022\\\/#\\\/schema\\\/person\\\/2d205a608a5aa97ac279d7a5e6d89ad8\"},\"headline\":\"Prefeita Paula Lemos assina conv\u00eanio para recupera\u00e7\u00e3o da pista de caminhada da Via das Comitivas\",\"datePublished\":\"2023-01-11T00:31:43+00:00\",\"dateModified\":\"2023-01-11T00:39:54+00:00\",\"mainEntityOfPage\":{\"@id\":\"https:\\\/\\\/regiaonews.net.br\\\/2022\\\/2023\\\/01\\\/10\\\/prefeita-paula-lemos-assina-convenio-para-recuperacao-da-pista-de-caminhada-da-via-das-comitivas\\\/\"},\"wordCount\":673,\"commentCount\":0,\"publisher\":{\"@id\":\"https:\\\/\\\/regiaonews.net.br\\\/2022\\\/#organization\"},\"image\":{\"@id\":\"https:\\\/\\\/regiaonews.net.br\\\/2022\\\/2023\\\/01\\\/10\\\/prefeita-paula-lemos-assina-convenio-para-recuperacao-da-pista-de-caminhada-da-via-das-comitivas\\\/#primaryimage\"},\"thumbnailUrl\":\"https:\\\/\\\/regiaonews.net.br\\\/2022\\\/wp-content\\\/uploads\\\/2023\\\/01\\\/a8f15eda80c50adb0e71943adc8015cf.jpeg\",\"articleSection\":[\"Barretos\",\"Cidades\"],\"inLanguage\":\"pt-BR\",\"potentialAction\":[{\"@type\":\"CommentAction\",\"name\":\"Comment\",\"target\":[\"https:\\\/\\\/regiaonews.net.br\\\/2022\\\/2023\\\/01\\\/10\\\/prefeita-paula-lemos-assina-convenio-para-recuperacao-da-pista-de-caminhada-da-via-das-comitivas\\\/#respond\"]}]},{\"@type\":\"WebPage\",\"@id\":\"https:\\\/\\\/regiaonews.net.br\\\/2022\\\/2023\\\/01\\\/10\\\/prefeita-paula-lemos-assina-convenio-para-recuperacao-da-pista-de-caminhada-da-via-das-comitivas\\\/\",\"url\":\"https:\\\/\\\/regiaonews.net.br\\\/2022\\\/2023\\\/01\\\/10\\\/prefeita-paula-lemos-assina-convenio-para-recuperacao-da-pista-de-caminhada-da-via-das-comitivas\\\/\",\"name\":\"Prefeita Paula Lemos assina conv\u00eanio para recupera\u00e7\u00e3o da pista de caminhada da Via das Comitivas - Regi\u00e3o News\",\"isPartOf\":{\"@id\":\"https:\\\/\\\/regiaonews.net.br\\\/2022\\\/#website\"},\"primaryImageOfPage\":{\"@id\":\"https:\\\/\\\/regiaonews.net.br\\\/2022\\\/2023\\\/01\\\/10\\\/prefeita-paula-lemos-assina-convenio-para-recuperacao-da-pista-de-caminhada-da-via-das-comitivas\\\/#primaryimage\"},\"image\":{\"@id\":\"https:\\\/\\\/regiaonews.net.br\\\/2022\\\/2023\\\/01\\\/10\\\/prefeita-paula-lemos-assina-convenio-para-recuperacao-da-pista-de-caminhada-da-via-das-comitivas\\\/#primaryimage\"},\"thumbnailUrl\":\"https:\\\/\\\/regiaonews.net.br\\\/2022\\\/wp-content\\\/uploads\\\/2023\\\/01\\\/a8f15eda80c50adb0e71943adc8015cf.jpeg\",\"datePublished\":\"2023-01-11T00:31:43+00:00\",\"dateModified\":\"2023-01-11T00:39:54+00:00\",\"breadcrumb\":{\"@id\":\"https:\\\/\\\/regiaonews.net.br\\\/2022\\\/2023\\\/01\\\/10\\\/prefeita-paula-lemos-assina-convenio-para-recuperacao-da-pista-de-caminhada-da-via-das-comitivas\\\/#breadcrumb\"},\"inLanguage\":\"pt-BR\",\"potentialAction\":[{\"@type\":\"ReadAction\",\"target\":[\"https:\\\/\\\/regiaonews.net.br\\\/2022\\\/2023\\\/01\\\/10\\\/prefeita-paula-lemos-assina-convenio-para-recuperacao-da-pista-de-caminhada-da-via-das-comitivas\\\/\"]}]},{\"@type\":\"ImageObject\",\"inLanguage\":\"pt-BR\",\"@id\":\"https:\\\/\\\/regiaonews.net.br\\\/2022\\\/2023\\\/01\\\/10\\\/prefeita-paula-lemos-assina-convenio-para-recuperacao-da-pista-de-caminhada-da-via-das-comitivas\\\/#primaryimage\",\"url\":\"https:\\\/\\\/regiaonews.net.br\\\/2022\\\/wp-content\\\/uploads\\\/2023\\\/01\\\/a8f15eda80c50adb0e71943adc8015cf.jpeg\",\"contentUrl\":\"https:\\\/\\\/regiaonews.net.br\\\/2022\\\/wp-content\\\/uploads\\\/2023\\\/01\\\/a8f15eda80c50adb0e71943adc8015cf.jpeg\",\"width\":1280,\"height\":854},{\"@type\":\"BreadcrumbList\",\"@id\":\"https:\\\/\\\/regiaonews.net.br\\\/2022\\\/2023\\\/01\\\/10\\\/prefeita-paula-lemos-assina-convenio-para-recuperacao-da-pista-de-caminhada-da-via-das-comitivas\\\/#breadcrumb\",\"itemListElement\":[{\"@type\":\"ListItem\",\"position\":1,\"name\":\"In\u00edcio\",\"item\":\"https:\\\/\\\/regiaonews.net.br\\\/2022\\\/\"},{\"@type\":\"ListItem\",\"position\":2,\"name\":\"Prefeita Paula Lemos assina conv\u00eanio para recupera\u00e7\u00e3o da pista de caminhada da Via das Comitivas\"}]},{\"@type\":\"WebSite\",\"@id\":\"https:\\\/\\\/regiaonews.net.br\\\/2022\\\/#website\",\"url\":\"https:\\\/\\\/regiaonews.net.br\\\/2022\\\/\",\"name\":\"Regi\u00e3o News\",\"description\":\"Site de Not\u00edcias de Barretos e regi\u00e3o\",\"publisher\":{\"@id\":\"https:\\\/\\\/regiaonews.net.br\\\/2022\\\/#organization\"},\"potentialAction\":[{\"@type\":\"SearchAction\",\"target\":{\"@type\":\"EntryPoint\",\"urlTemplate\":\"https:\\\/\\\/regiaonews.net.br\\\/2022\\\/?s={search_term_string}\"},\"query-input\":{\"@type\":\"PropertyValueSpecification\",\"valueRequired\":true,\"valueName\":\"search_term_string\"}}],\"inLanguage\":\"pt-BR\"},{\"@type\":\"Organization\",\"@id\":\"https:\\\/\\\/regiaonews.net.br\\\/2022\\\/#organization\",\"name\":\"Regi\u00e3o News\",\"url\":\"https:\\\/\\\/regiaonews.net.br\\\/2022\\\/\",\"logo\":{\"@type\":\"ImageObject\",\"inLanguage\":\"pt-BR\",\"@id\":\"https:\\\/\\\/regiaonews.net.br\\\/2022\\\/#\\\/schema\\\/logo\\\/image\\\/\",\"url\":\"https:\\\/\\\/regiaonews.net.br\\\/2022\\\/wp-content\\\/uploads\\\/2026\\\/03\\\/regiao-13-anos-scaled.jpg\",\"contentUrl\":\"https:\\\/\\\/regiaonews.net.br\\\/2022\\\/wp-content\\\/uploads\\\/2026\\\/03\\\/regiao-13-anos-scaled.jpg\",\"width\":2560,\"height\":635,\"caption\":\"Regi\u00e3o News\"},\"image\":{\"@id\":\"https:\\\/\\\/regiaonews.net.br\\\/2022\\\/#\\\/schema\\\/logo\\\/image\\\/\"}},{\"@type\":\"Person\",\"@id\":\"https:\\\/\\\/regiaonews.net.br\\\/2022\\\/#\\\/schema\\\/person\\\/2d205a608a5aa97ac279d7a5e6d89ad8\",\"name\":\"Roberto\",\"image\":{\"@type\":\"ImageObject\",\"inLanguage\":\"pt-BR\",\"@id\":\"https:\\\/\\\/secure.gravatar.com\\\/avatar\\\/42749d8b712ff9d59ca93dc150494e5b55a44134482993f5baeb97e61b7ecc89?s=96&d=mm&r=g\",\"url\":\"https:\\\/\\\/secure.gravatar.com\\\/avatar\\\/42749d8b712ff9d59ca93dc150494e5b55a44134482993f5baeb97e61b7ecc89?s=96&d=mm&r=g\",\"contentUrl\":\"https:\\\/\\\/secure.gravatar.com\\\/avatar\\\/42749d8b712ff9d59ca93dc150494e5b55a44134482993f5baeb97e61b7ecc89?s=96&d=mm&r=g\",\"caption\":\"Roberto\"},\"url\":\"https:\\\/\\\/regiaonews.net.br\\\/2022\\\/author\\\/roberto\\\/\"}]}<\/script>\n<!-- \/ Yoast SEO plugin. -->","yoast_head_json":{"title":"Prefeita Paula Lemos assina conv\u00eanio para recupera\u00e7\u00e3o da pista de caminhada da Via das Comitivas - Regi\u00e3o News","robots":{"index":"index","follow":"follow","max-snippet":"max-snippet:-1","max-image-preview":"max-image-preview:large","max-video-preview":"max-video-preview:-1"},"canonical":"https:\/\/regiaonews.net.br\/2022\/2023\/01\/10\/prefeita-paula-lemos-assina-convenio-para-recuperacao-da-pista-de-caminhada-da-via-das-comitivas\/","og_locale":"pt_BR","og_type":"article","og_title":"Prefeita Paula Lemos assina conv\u00eanio para recupera\u00e7\u00e3o da pista de caminhada da Via das Comitivas - Regi\u00e3o News","og_description":"Investimento de aproximadamente R$ 900 mil ir\u00e1 revitalizar trecho com","og_url":"https:\/\/regiaonews.net.br\/2022\/2023\/01\/10\/prefeita-paula-lemos-assina-convenio-para-recuperacao-da-pista-de-caminhada-da-via-das-comitivas\/","og_site_name":"Regi\u00e3o News","article_published_time":"2023-01-11T00:31:43+00:00","article_modified_time":"2023-01-11T00:39:54+00:00","og_image":[{"width":1280,"height":854,"url":"https:\/\/regiaonews.net.br\/2022\/wp-content\/uploads\/2023\/01\/a8f15eda80c50adb0e71943adc8015cf.jpeg","type":"image\/jpeg"}],"author":"Roberto","twitter_card":"summary_large_image","twitter_misc":{"Escrito por":"Roberto","Est. tempo de leitura":"4 minutos"},"schema":{"@context":"https:\/\/schema.org","@graph":[{"@type":"Article","@id":"https:\/\/regiaonews.net.br\/2022\/2023\/01\/10\/prefeita-paula-lemos-assina-convenio-para-recuperacao-da-pista-de-caminhada-da-via-das-comitivas\/#article","isPartOf":{"@id":"https:\/\/regiaonews.net.br\/2022\/2023\/01\/10\/prefeita-paula-lemos-assina-convenio-para-recuperacao-da-pista-de-caminhada-da-via-das-comitivas\/"},"author":{"name":"Roberto","@id":"https:\/\/regiaonews.net.br\/2022\/#\/schema\/person\/2d205a608a5aa97ac279d7a5e6d89ad8"},"headline":"Prefeita Paula Lemos assina conv\u00eanio para recupera\u00e7\u00e3o da pista de caminhada da Via das Comitivas","datePublished":"2023-01-11T00:31:43+00:00","dateModified":"2023-01-11T00:39:54+00:00","mainEntityOfPage":{"@id":"https:\/\/regiaonews.net.br\/2022\/2023\/01\/10\/prefeita-paula-lemos-assina-convenio-para-recuperacao-da-pista-de-caminhada-da-via-das-comitivas\/"},"wordCount":673,"commentCount":0,"publisher":{"@id":"https:\/\/regiaonews.net.br\/2022\/#organization"},"image":{"@id":"https:\/\/regiaonews.net.br\/2022\/2023\/01\/10\/prefeita-paula-lemos-assina-convenio-para-recuperacao-da-pista-de-caminhada-da-via-das-comitivas\/#primaryimage"},"thumbnailUrl":"https:\/\/regiaonews.net.br\/2022\/wp-content\/uploads\/2023\/01\/a8f15eda80c50adb0e71943adc8015cf.jpeg","articleSection":["Barretos","Cidades"],"inLanguage":"pt-BR","potentialAction":[{"@type":"CommentAction","name":"Comment","target":["https:\/\/regiaonews.net.br\/2022\/2023\/01\/10\/prefeita-paula-lemos-assina-convenio-para-recuperacao-da-pista-de-caminhada-da-via-das-comitivas\/#respond"]}]},{"@type":"WebPage","@id":"https:\/\/regiaonews.net.br\/2022\/2023\/01\/10\/prefeita-paula-lemos-assina-convenio-para-recuperacao-da-pista-de-caminhada-da-via-das-comitivas\/","url":"https:\/\/regiaonews.net.br\/2022\/2023\/01\/10\/prefeita-paula-lemos-assina-convenio-para-recuperacao-da-pista-de-caminhada-da-via-das-comitivas\/","name":"Prefeita Paula Lemos assina conv\u00eanio para recupera\u00e7\u00e3o da pista de caminhada da Via das Comitivas - Regi\u00e3o News","isPartOf":{"@id":"https:\/\/regiaonews.net.br\/2022\/#website"},"primaryImageOfPage":{"@id":"https:\/\/regiaonews.net.br\/2022\/2023\/01\/10\/prefeita-paula-lemos-assina-convenio-para-recuperacao-da-pista-de-caminhada-da-via-das-comitivas\/#primaryimage"},"image":{"@id":"https:\/\/regiaonews.net.br\/2022\/2023\/01\/10\/prefeita-paula-lemos-assina-convenio-para-recuperacao-da-pista-de-caminhada-da-via-das-comitivas\/#primaryimage"},"thumbnailUrl":"https:\/\/regiaonews.net.br\/2022\/wp-content\/uploads\/2023\/01\/a8f15eda80c50adb0e71943adc8015cf.jpeg","datePublished":"2023-01-11T00:31:43+00:00","dateModified":"2023-01-11T00:39:54+00:00","breadcrumb":{"@id":"https:\/\/regiaonews.net.br\/2022\/2023\/01\/10\/prefeita-paula-lemos-assina-convenio-para-recuperacao-da-pista-de-caminhada-da-via-das-comitivas\/#breadcrumb"},"inLanguage":"pt-BR","potentialAction":[{"@type":"ReadAction","target":["https:\/\/regiaonews.net.br\/2022\/2023\/01\/10\/prefeita-paula-lemos-assina-convenio-para-recuperacao-da-pista-de-caminhada-da-via-das-comitivas\/"]}]},{"@type":"ImageObject","inLanguage":"pt-BR","@id":"https:\/\/regiaonews.net.br\/2022\/2023\/01\/10\/prefeita-paula-lemos-assina-convenio-para-recuperacao-da-pista-de-caminhada-da-via-das-comitivas\/#primaryimage","url":"https:\/\/regiaonews.net.br\/2022\/wp-content\/uploads\/2023\/01\/a8f15eda80c50adb0e71943adc8015cf.jpeg","contentUrl":"https:\/\/regiaonews.net.br\/2022\/wp-content\/uploads\/2023\/01\/a8f15eda80c50adb0e71943adc8015cf.jpeg","width":1280,"height":854},{"@type":"BreadcrumbList","@id":"https:\/\/regiaonews.net.br\/2022\/2023\/01\/10\/prefeita-paula-lemos-assina-convenio-para-recuperacao-da-pista-de-caminhada-da-via-das-comitivas\/#breadcrumb","itemListElement":[{"@type":"ListItem","position":1,"name":"In\u00edcio","item":"https:\/\/regiaonews.net.br\/2022\/"},{"@type":"ListItem","position":2,"name":"Prefeita Paula Lemos assina conv\u00eanio para recupera\u00e7\u00e3o da pista de caminhada da Via das Comitivas"}]},{"@type":"WebSite","@id":"https:\/\/regiaonews.net.br\/2022\/#website","url":"https:\/\/regiaonews.net.br\/2022\/","name":"Regi\u00e3o News","description":"Site de Not\u00edcias de Barretos e regi\u00e3o","publisher":{"@id":"https:\/\/regiaonews.net.br\/2022\/#organization"},"potentialAction":[{"@type":"SearchAction","target":{"@type":"EntryPoint","urlTemplate":"https:\/\/regiaonews.net.br\/2022\/?s={search_term_string}"},"query-input":{"@type":"PropertyValueSpecification","valueRequired":true,"valueName":"search_term_string"}}],"inLanguage":"pt-BR"},{"@type":"Organization","@id":"https:\/\/regiaonews.net.br\/2022\/#organization","name":"Regi\u00e3o News","url":"https:\/\/regiaonews.net.br\/2022\/","logo":{"@type":"ImageObject","inLanguage":"pt-BR","@id":"https:\/\/regiaonews.net.br\/2022\/#\/schema\/logo\/image\/","url":"https:\/\/regiaonews.net.br\/2022\/wp-content\/uploads\/2026\/03\/regiao-13-anos-scaled.jpg","contentUrl":"https:\/\/regiaonews.net.br\/2022\/wp-content\/uploads\/2026\/03\/regiao-13-anos-scaled.jpg","width":2560,"height":635,"caption":"Regi\u00e3o News"},"image":{"@id":"https:\/\/regiaonews.net.br\/2022\/#\/schema\/logo\/image\/"}},{"@type":"Person","@id":"https:\/\/regiaonews.net.br\/2022\/#\/schema\/person\/2d205a608a5aa97ac279d7a5e6d89ad8","name":"Roberto","image":{"@type":"ImageObject","inLanguage":"pt-BR","@id":"https:\/\/secure.gravatar.com\/avatar\/42749d8b712ff9d59ca93dc150494e5b55a44134482993f5baeb97e61b7ecc89?s=96&d=mm&r=g","url":"https:\/\/secure.gravatar.com\/avatar\/42749d8b712ff9d59ca93dc150494e5b55a44134482993f5baeb97e61b7ecc89?s=96&d=mm&r=g","contentUrl":"https:\/\/secure.gravatar.com\/avatar\/42749d8b712ff9d59ca93dc150494e5b55a44134482993f5baeb97e61b7ecc89?s=96&d=mm&r=g","caption":"Roberto"},"url":"https:\/\/regiaonews.net.br\/2022\/author\/roberto\/"}]}},"publishpress_future_action":{"enabled":false,"date":"2026-05-09 09:06:50","action":"change-status","newStatus":"draft","terms":[],"taxonomy":"category","extraData":[]},"publishpress_future_workflow_manual_trigger":{"enabledWorkflows":[]},"_links":{"self":[{"href":"https:\/\/regiaonews.net.br\/2022\/wp-json\/wp\/v2\/posts\/82714","targetHints":{"allow":["GET"]}}],"collection":[{"href":"https:\/\/regiaonews.net.br\/2022\/wp-json\/wp\/v2\/posts"}],"about":[{"href":"https:\/\/regiaonews.net.br\/2022\/wp-json\/wp\/v2\/types\/post"}],"author":[{"embeddable":true,"href":"https:\/\/regiaonews.net.br\/2022\/wp-json\/wp\/v2\/users\/2"}],"replies":[{"embeddable":true,"href":"https:\/\/regiaonews.net.br\/2022\/wp-json\/wp\/v2\/comments?post=82714"}],"version-history":[{"count":1,"href":"https:\/\/regiaonews.net.br\/2022\/wp-json\/wp\/v2\/posts\/82714\/revisions"}],"predecessor-version":[{"id":82716,"href":"https:\/\/regiaonews.net.br\/2022\/wp-json\/wp\/v2\/posts\/82714\/revisions\/82716"}],"wp:featuredmedia":[{"embeddable":true,"href":"https:\/\/regiaonews.net.br\/2022\/wp-json\/wp\/v2\/media\/82715"}],"wp:attachment":[{"href":"https:\/\/regiaonews.net.br\/2022\/wp-json\/wp\/v2\/media?parent=82714"}],"wp:term":[{"taxonomy":"category","embeddable":true,"href":"https:\/\/regiaonews.net.br\/2022\/wp-json\/wp\/v2\/categories?post=82714"},{"taxonomy":"post_tag","embeddable":true,"href":"https:\/\/regiaonews.net.br\/2022\/wp-json\/wp\/v2\/tags?post=82714"}],"curies":[{"name":"wp","href":"https:\/\/api.w.org\/{rel}","templated":true}]}}