{"id":82684,"date":"2023-01-10T17:32:59","date_gmt":"2023-01-10T20:32:59","guid":{"rendered":"https:\/\/regiaonews.net.br\/2022\/?p=82684"},"modified":"2023-01-10T17:32:59","modified_gmt":"2023-01-10T20:32:59","slug":"ipva-2023-de-sp-comeca-a-ser-pago-esta-semana-veja-datas-e-como-consultar-valor","status":"publish","type":"post","link":"https:\/\/regiaonews.net.br\/2022\/2023\/01\/10\/ipva-2023-de-sp-comeca-a-ser-pago-esta-semana-veja-datas-e-como-consultar-valor\/","title":{"rendered":"IPVA 2023 de SP come\u00e7a a ser pago esta semana; veja datas e como consultar valor"},"content":{"rendered":"<div class=\"row content-head non-featured \">\n<div class=\"medium-centered subtitle\">\n<h3 class=\"content-head__subtitle\" style=\"text-align: center;\">Governo oferece desconto de 3% para quem pagar \u00e0 vista, em parcela \u00fanica. H\u00e1 op\u00e7\u00e3o de dividir o pagamento em 5 presta\u00e7\u00f5es.<\/h3>\n<div class=\"mc-column content-text active-extra-styles active-capital-letter\" data-block-type=\"unstyled\" data-block-weight=\"39\" data-block-id=\"1\">\n<p class=\"content-text__container theme-color-primary-first-letter\" data-track-category=\"Link no Texto\" data-track-links=\"\">A\u00a0<strong>primeira parcela do IPVA 2023 de S\u00e3o Paulo vence a partir de quarta-feira (11)<\/strong>. O dono de ve\u00edculo tamb\u00e9m pode pagar a parcela \u00fanica do\u00a0<strong>Imposto sobre Propriedades de Ve\u00edculos Automotores<\/strong>\u00a0com desconto de 3% neste m\u00eas.<\/p>\n<\/div>\n<div class=\"wall protected-content\">\n<div class=\"mc-column content-text active-extra-styles \" data-block-type=\"unstyled\" data-block-weight=\"32\" data-block-id=\"2\">\n<p class=\"content-text__container \" data-track-category=\"Link no Texto\" data-track-links=\"\">O\u00a0<a href=\"https:\/\/valorinveste.globo.com\/objetivo\/organize-as-contas\/noticia\/2023\/01\/06\/consulta-valor-do-ipva-2023-sp-datas.ghtml\"><strong>valor do IPVA 2023 em S\u00e3o Paulo<\/strong><\/a>\u00a0est\u00e1 dispon\u00edvel para consulta no site da<a href=\"https:\/\/portal.fazenda.sp.gov.br\/servicos\/ipva\/Paginas\/mi-pagamento-do-IPVA.aspx\" target=\"_blank\" rel=\"noopener\"><strong>\u00a0Secretaria da Fazenda e Planejament (Sefaz-SP)<\/strong><\/a>\u00a0e na<strong>\u00a0rede banc\u00e1ria<\/strong>,\u00a0<strong>terminais de autoatendimento ou pelo internet banking<\/strong>.<\/p>\n<\/div>\n<div id=\"pub-in-text\"><\/div>\n<div class=\"mc-column content-text active-extra-styles \" data-block-type=\"unstyled\" data-block-weight=\"39\" data-block-id=\"3\">\n<p class=\"content-text__container \" data-track-category=\"Link no Texto\" data-track-links=\"\"><strong>Para consultar o valor que vai pagar de IPVA<\/strong>,\u00a0<a href=\"https:\/\/portal.fazenda.sp.gov.br\/servicos\/ipva\/Paginas\/mi-pagamento-do-IPVA.aspx\" target=\"_blank\" rel=\"noopener\"><strong>basta acessar este link\u00a0<\/strong><\/a>e clicar em\u00a0<a href=\"https:\/\/www.ipva.fazenda.sp.gov.br\/IPVANET_Consulta\/Consulta.aspx\" target=\"_blank\" rel=\"noopener\"><strong>Consulta de D\u00e9bitos<\/strong><\/a>. Na pr\u00f3xima p\u00e1gina que abrir, basta colocar o\u00a0<strong>Renavam do ve\u00edculo<\/strong>\u00a0(que consta no documento do mesmo) e a placa.<\/p>\n<\/div>\n<div class=\"mc-column content-text active-extra-styles \" data-block-type=\"unstyled\" data-block-weight=\"47\" data-block-id=\"4\">\n<p class=\"content-text__container \" data-track-category=\"Link no Texto\" data-track-links=\"\">Na mesma p\u00e1gina v\u00e3o ser exibidos o\u00a0<strong>valor do IPVA, o valor venal do ve\u00edculo, a al\u00edquota de imposto aplicada e todos os demais d\u00e9bitos<\/strong>, como valor da\u00a0<strong>taxa de licenciamento, multas e eventuais impostos n\u00e3o pagos<\/strong>\u00a0em anos anteriores e outras d\u00edvidas que o ve\u00edculo tenha.<\/p>\n<\/div>\n<div class=\"mc-column content-text active-extra-styles \" data-block-type=\"unstyled\" data-block-weight=\"24\" data-block-id=\"5\">\n<div class=\"mc-column content-text active-extra-styles\" data-block-type=\"raw\" data-block-weight=\"2\" data-block-id=\"9\">\n<div class=\"content-intertitle\">\n<h2>Desconto menor<\/h2>\n<\/div>\n<p>&nbsp;<\/p>\n<\/div>\n<div class=\"mc-column content-text active-extra-styles \" data-block-type=\"unstyled\" data-block-weight=\"43\" data-block-id=\"10\">\n<p class=\"content-text__container \" data-track-category=\"Link no Texto\" data-track-links=\"\">O\u00a0<strong>desconto para o propriet\u00e1rio que pagar \u00e0 vista em janeiro \u00e9 de 3%<\/strong>.\u00a0<strong>Bem menor que os\u00a0<\/strong><a href=\"https:\/\/valorinveste.globo.com\/objetivo\/organize-as-contas\/noticia\/2022\/01\/04\/ipva-2022-de-sao-paulo-esta-disponivel-para-consulta-e-pagamento.ghtml\"><strong>9% oferecidos no ano passado<\/strong><\/a>, quando o pre\u00e7o dos autom\u00f3veis disparou em\u00a0<strong>2021<\/strong>\u00a0e\u00a0<a href=\"https:\/\/valorinveste.globo.com\/objetivo\/organize-as-contas\/noticia\/2021\/12\/23\/tabela-de-valores-venais-para-calculo-do-ipva-2022-em-sp-veja-como-calcular-imposto-calendario.ghtml\"><strong>fez com que o imposto subisse em m\u00e9dia 22%<\/strong><\/a><strong>\u00a0<\/strong>no Estado.<\/p>\n<\/div>\n<div class=\"mc-column content-text active-extra-styles \" data-block-type=\"unstyled\" data-block-weight=\"69\" data-block-id=\"11\">\n<p class=\"content-text__container \" data-track-category=\"Link no Texto\" data-track-links=\"\">Quem precisar ou quiser pagar a prazo, pode\u00a0<strong>parcelar o valor em at\u00e9 5 vezes<\/strong>, mas sem desconto nenhum. As datas de vencimento para quitar o imposto variam de acordo com o\u00a0<strong>\u00faltimo n\u00famero da placa do ve\u00edculo<\/strong>, com\u00a0<strong>in\u00edcio em 11 de janeiro para as que terminam em 1<\/strong>. No caso de caminh\u00f5es e tratores, o pagamento parcelado tem dias fixos, sempre o dia 20 de cada m\u00eas.<\/p>\n<\/div>\n<div class=\"mc-column content-text active-extra-styles\" data-block-type=\"raw\" data-block-weight=\"12\" data-block-id=\"12\">\n<p class=\"content-text__container\">\n<ul class=\"content-unordered-list\">\n<li><strong>Leia tamb\u00e9m:\u00a0<\/strong><a href=\"https:\/\/valorinveste.globo.com\/objetivo\/gastar-bem\/noticia\/2022\/12\/13\/para-fugir-do-ipva-brasileiros-optam-por-modelos-antigos-e-cogitam-ate-vender-carro.ghtml\"><strong>Veja os carros isentos de IPVA mais atrativos e procurados<\/strong><\/a><\/li>\n<\/ul>\n<p>&nbsp;<\/p>\n<\/div>\n<div class=\"mc-column content-text active-extra-styles \" data-block-type=\"unstyled\" data-block-weight=\"14\" data-block-id=\"13\">\n<p class=\"content-text__container \" data-track-category=\"Link no Texto\" data-track-links=\"\"><strong>H\u00e1 tr\u00eas maneiras de realizar o pagamento<\/strong>. Mas apenas uma delas permite o desconto:<\/p>\n<\/div>\n<div class=\"mc-column content-text active-extra-styles\" data-block-type=\"raw\" data-block-weight=\"31\" data-block-id=\"14\">\n<p class=\"content-text__container\">\n<ol class=\"content-ordered-list theme-ordered-list-color-primary\">\n<li>Pagar valor em<strong>\u00a0cota \u00fanica com desconto de 3% em janeiro<\/strong>;<\/li>\n<li><strong>Pagar valor integral (sem desconto) em cota \u00fanica em fevereiro<\/strong>;<\/li>\n<li><strong>Pagar valor integral (sem desconto) parcelado em at\u00e9 5 vezes<\/strong>.<\/li>\n<\/ol>\n<p>&nbsp;<\/p>\n<\/div>\n<div class=\"mc-column content-text active-extra-styles \" data-block-type=\"unstyled\" data-block-weight=\"57\" data-block-id=\"15\">\n<p class=\"content-text__container \" data-track-category=\"Link no Texto\" data-track-links=\"\"><strong>Para o parcelamento existe um valor m\u00ednimo das presta\u00e7\u00f5es, que \u00e9 de R$ 68,52<\/strong>. Por isso, somente quem tem\u00a0<strong>IPVA acima de R$ 342<\/strong>\u00a0consegue dividir o valor em\u00a0<strong>5 parcelas de janeiro a maio<\/strong>. Os propriet\u00e1rios com\u00a0<strong>tributo entre os valores de R$ 205,56 e R$ 274,07 podem parcelar em 3 vezes, de janeiro a mar\u00e7o.<\/strong><\/p>\n<\/div>\n<div class=\"mc-column content-text active-extra-styles \" data-block-type=\"unstyled\" data-block-weight=\"25\" data-block-id=\"16\">\n<p class=\"content-text__container \" data-track-category=\"Link no Texto\" data-track-links=\"\">Para os que devem de\u00a0<strong>R$ 274,08 e R$ 342,50<\/strong>, h\u00e1 possibilidade de pagamento em at\u00e9\u00a0<strong>4 parcelas\u00a0<\/strong>que v\u00e3o de\u00a0<strong>janeiro a abril<\/strong>.<\/p>\n<\/div>\n<div class=\"mc-column content-text active-extra-styles\" data-block-type=\"raw\" data-block-weight=\"4\" data-block-id=\"17\">\n<p class=\"content-text__container\">\n<div class=\"content-intertitle\">\n<h2>Como pagar o IPVA?<\/h2>\n<\/div>\n<p>&nbsp;<\/p>\n<\/div>\n<div class=\"mc-column content-text active-extra-styles \" data-block-type=\"unstyled\" data-block-weight=\"57\" data-block-id=\"18\">\n<p class=\"content-text__container \" data-track-category=\"Link no Texto\" data-track-links=\"\">Para pagar o tributo, basta ir at\u00e9 uma ag\u00eancia banc\u00e1ria, um terminal de autoatendimento ou acessar o internet banking. Tamb\u00e9m \u00e9 poss\u00edvel fazer o pagamento em casas lot\u00e9ricas ou em sites de empresas credenciadas \u00e0 Secretaria da Fazenda. Nessas empresas, \u00e9 poss\u00edvel pagar o IPVA com<strong>\u00a0cart\u00e3o de cr\u00e9dito<\/strong>, mas elas\u00a0<strong>cobram juros<\/strong>\u00a0para parcelar com cart\u00e3o.<\/p>\n<\/div>\n<div class=\"related-article-container mc-column\" data-block-type=\"saiba-mais\" data-track-category=\"multicontent\" data-track-action=\"saiba mais v2\" data-block-id=\"20\">\n<div class=\"mini-related-articles mini-related-articles__padded\"><span class=\"mini-related-articles__title\">Veja tamb\u00e9m:<\/span><\/p>\n<div class=\"mini-related-articles__article \">\n<div class=\"mini-related-articles__article-content\" data-track-click=\"Clique | Posicao 1\"><a class=\"mini-related-articles__article-link\" href=\"https:\/\/valorinveste.globo.com\/ferramentas\/calculadoras\/troca-de-carro\/\">Quanto custa trocar de ve\u00edculo? Descubra em nossa calculadora<\/a><\/div>\n<\/div>\n<div class=\"mini-related-articles__article \">\n<div class=\"mini-related-articles__article-content\" data-track-click=\"Clique | Posicao 2\"><a class=\"mini-related-articles__article-link\" href=\"https:\/\/valorinveste.globo.com\/ferramentas\/calculadoras\/carro-uber-taxi\/\">Carro, t\u00e1xi ou Uber? Compare e descubra a melhor op\u00e7\u00e3o para se deslocar<\/a><\/div>\n<\/div>\n<\/div>\n<\/div>\n<div class=\"mc-column content-text active-extra-styles \" data-block-type=\"unstyled\" data-block-weight=\"6\" data-block-id=\"21\">\n<p class=\"content-text__container \" data-track-category=\"Link no Texto\" data-track-links=\"\"><strong>E se eu deixar de pagar?<\/strong><\/p>\n<\/div>\n<div class=\"mc-column content-text active-extra-styles \" data-block-type=\"unstyled\" data-block-weight=\"50\" data-block-id=\"22\">\n<p class=\"content-text__container \" data-track-category=\"Link no Texto\" data-track-links=\"\"><strong>A multa para quem n\u00e3o paga o IPVA no prazo \u00e9 0,33% por dia de atraso e mais os juros de mora,<\/strong>\u00a0com base na Selic, a taxa b\u00e1sica de juros da economia.\u00a0<strong>Depois de 60 dias, o percentual da multa \u00e9 fixado em 20% sobre o valor do tributo<\/strong>.<\/p>\n<\/div>\n<div class=\"mc-column content-text active-extra-styles \" data-block-type=\"unstyled\" data-block-weight=\"54\" data-block-id=\"23\">\n<p class=\"content-text__container \" data-track-category=\"Link no Texto\" data-track-links=\"\">Al\u00e9m da multa e dos juros, o contribuinte que deixa de pagar\u00a0<strong>fica impedido de aproveitar os cr\u00e9ditos da Nota Fiscal Paulista<\/strong>. A inadimpl\u00eancia do IPVA\u00a0<strong>impede o licenciamento do ve\u00edculo<\/strong>, por isso o bem pode ser apreendido, com multa aplicada pela autoridade de tr\u00e2nsito e sete pontos na Carteira Nacional de Habilita\u00e7\u00e3o (CNH).<\/p>\n<\/div>\n<\/div>\n<\/div>\n<\/div>\n<\/div>\n<div class=\"content__signa-share\">\n<div class=\"content__signature\">\n<div class=\"content-publication-data\">\n<div class=\"content-publication-data__text\"><\/div>\n<\/div>\n<\/div>\n<\/div>\n","protected":false},"excerpt":{"rendered":"<p>Governo oferece desconto de 3% para quem pagar \u00e0 vista,<\/p>\n","protected":false},"author":2,"featured_media":82685,"comment_status":"open","ping_status":"open","sticky":false,"template":"","format":"standard","meta":{"footnotes":""},"categories":[24,3],"tags":[],"class_list":["post-82684","post","type-post","status-publish","format-standard","has-post-thumbnail","hentry","category-brasil","category-geral"],"yoast_head":"<!-- This site is optimized with the Yoast SEO plugin v27.4 - https:\/\/yoast.com\/product\/yoast-seo-wordpress\/ -->\n<title>IPVA 2023 de SP come\u00e7a a ser pago esta semana; veja datas e como consultar valor - Regi\u00e3o News<\/title>\n<meta name=\"robots\" content=\"index, follow, max-snippet:-1, max-image-preview:large, max-video-preview:-1\" \/>\n<link rel=\"canonical\" href=\"https:\/\/regiaonews.net.br\/2022\/2023\/01\/10\/ipva-2023-de-sp-comeca-a-ser-pago-esta-semana-veja-datas-e-como-consultar-valor\/\" \/>\n<meta property=\"og:locale\" content=\"pt_BR\" \/>\n<meta property=\"og:type\" content=\"article\" \/>\n<meta property=\"og:title\" content=\"IPVA 2023 de SP come\u00e7a a ser pago esta semana; veja datas e como consultar valor - Regi\u00e3o News\" \/>\n<meta property=\"og:description\" content=\"Governo oferece desconto de 3% para quem pagar \u00e0 vista,\" \/>\n<meta property=\"og:url\" content=\"https:\/\/regiaonews.net.br\/2022\/2023\/01\/10\/ipva-2023-de-sp-comeca-a-ser-pago-esta-semana-veja-datas-e-como-consultar-valor\/\" \/>\n<meta property=\"og:site_name\" content=\"Regi\u00e3o News\" \/>\n<meta property=\"article:published_time\" content=\"2023-01-10T20:32:59+00:00\" \/>\n<meta property=\"og:image\" content=\"https:\/\/regiaonews.net.br\/2022\/wp-content\/uploads\/2023\/01\/screen-shot-2022-12-21-at-12.34.22.png\" \/>\n\t<meta property=\"og:image:width\" content=\"984\" \/>\n\t<meta property=\"og:image:height\" content=\"734\" \/>\n\t<meta property=\"og:image:type\" content=\"image\/png\" \/>\n<meta name=\"author\" content=\"Roberto\" \/>\n<meta name=\"twitter:card\" content=\"summary_large_image\" \/>\n<meta name=\"twitter:label1\" content=\"Escrito por\" \/>\n\t<meta name=\"twitter:data1\" content=\"Roberto\" \/>\n\t<meta name=\"twitter:label2\" content=\"Est. tempo de leitura\" \/>\n\t<meta name=\"twitter:data2\" content=\"4 minutos\" \/>\n<script type=\"application\/ld+json\" class=\"yoast-schema-graph\">{\"@context\":\"https:\\\/\\\/schema.org\",\"@graph\":[{\"@type\":\"Article\",\"@id\":\"https:\\\/\\\/regiaonews.net.br\\\/2022\\\/2023\\\/01\\\/10\\\/ipva-2023-de-sp-comeca-a-ser-pago-esta-semana-veja-datas-e-como-consultar-valor\\\/#article\",\"isPartOf\":{\"@id\":\"https:\\\/\\\/regiaonews.net.br\\\/2022\\\/2023\\\/01\\\/10\\\/ipva-2023-de-sp-comeca-a-ser-pago-esta-semana-veja-datas-e-como-consultar-valor\\\/\"},\"author\":{\"name\":\"Roberto\",\"@id\":\"https:\\\/\\\/regiaonews.net.br\\\/2022\\\/#\\\/schema\\\/person\\\/2d205a608a5aa97ac279d7a5e6d89ad8\"},\"headline\":\"IPVA 2023 de SP come\u00e7a a ser pago esta semana; veja datas e como consultar valor\",\"datePublished\":\"2023-01-10T20:32:59+00:00\",\"mainEntityOfPage\":{\"@id\":\"https:\\\/\\\/regiaonews.net.br\\\/2022\\\/2023\\\/01\\\/10\\\/ipva-2023-de-sp-comeca-a-ser-pago-esta-semana-veja-datas-e-como-consultar-valor\\\/\"},\"wordCount\":667,\"commentCount\":0,\"publisher\":{\"@id\":\"https:\\\/\\\/regiaonews.net.br\\\/2022\\\/#organization\"},\"image\":{\"@id\":\"https:\\\/\\\/regiaonews.net.br\\\/2022\\\/2023\\\/01\\\/10\\\/ipva-2023-de-sp-comeca-a-ser-pago-esta-semana-veja-datas-e-como-consultar-valor\\\/#primaryimage\"},\"thumbnailUrl\":\"https:\\\/\\\/regiaonews.net.br\\\/2022\\\/wp-content\\\/uploads\\\/2023\\\/01\\\/screen-shot-2022-12-21-at-12.34.22.png\",\"articleSection\":[\"Brasil\",\"Geral\"],\"inLanguage\":\"pt-BR\",\"potentialAction\":[{\"@type\":\"CommentAction\",\"name\":\"Comment\",\"target\":[\"https:\\\/\\\/regiaonews.net.br\\\/2022\\\/2023\\\/01\\\/10\\\/ipva-2023-de-sp-comeca-a-ser-pago-esta-semana-veja-datas-e-como-consultar-valor\\\/#respond\"]}]},{\"@type\":\"WebPage\",\"@id\":\"https:\\\/\\\/regiaonews.net.br\\\/2022\\\/2023\\\/01\\\/10\\\/ipva-2023-de-sp-comeca-a-ser-pago-esta-semana-veja-datas-e-como-consultar-valor\\\/\",\"url\":\"https:\\\/\\\/regiaonews.net.br\\\/2022\\\/2023\\\/01\\\/10\\\/ipva-2023-de-sp-comeca-a-ser-pago-esta-semana-veja-datas-e-como-consultar-valor\\\/\",\"name\":\"IPVA 2023 de SP come\u00e7a a ser pago esta semana; veja datas e como consultar valor - Regi\u00e3o News\",\"isPartOf\":{\"@id\":\"https:\\\/\\\/regiaonews.net.br\\\/2022\\\/#website\"},\"primaryImageOfPage\":{\"@id\":\"https:\\\/\\\/regiaonews.net.br\\\/2022\\\/2023\\\/01\\\/10\\\/ipva-2023-de-sp-comeca-a-ser-pago-esta-semana-veja-datas-e-como-consultar-valor\\\/#primaryimage\"},\"image\":{\"@id\":\"https:\\\/\\\/regiaonews.net.br\\\/2022\\\/2023\\\/01\\\/10\\\/ipva-2023-de-sp-comeca-a-ser-pago-esta-semana-veja-datas-e-como-consultar-valor\\\/#primaryimage\"},\"thumbnailUrl\":\"https:\\\/\\\/regiaonews.net.br\\\/2022\\\/wp-content\\\/uploads\\\/2023\\\/01\\\/screen-shot-2022-12-21-at-12.34.22.png\",\"datePublished\":\"2023-01-10T20:32:59+00:00\",\"breadcrumb\":{\"@id\":\"https:\\\/\\\/regiaonews.net.br\\\/2022\\\/2023\\\/01\\\/10\\\/ipva-2023-de-sp-comeca-a-ser-pago-esta-semana-veja-datas-e-como-consultar-valor\\\/#breadcrumb\"},\"inLanguage\":\"pt-BR\",\"potentialAction\":[{\"@type\":\"ReadAction\",\"target\":[\"https:\\\/\\\/regiaonews.net.br\\\/2022\\\/2023\\\/01\\\/10\\\/ipva-2023-de-sp-comeca-a-ser-pago-esta-semana-veja-datas-e-como-consultar-valor\\\/\"]}]},{\"@type\":\"ImageObject\",\"inLanguage\":\"pt-BR\",\"@id\":\"https:\\\/\\\/regiaonews.net.br\\\/2022\\\/2023\\\/01\\\/10\\\/ipva-2023-de-sp-comeca-a-ser-pago-esta-semana-veja-datas-e-como-consultar-valor\\\/#primaryimage\",\"url\":\"https:\\\/\\\/regiaonews.net.br\\\/2022\\\/wp-content\\\/uploads\\\/2023\\\/01\\\/screen-shot-2022-12-21-at-12.34.22.png\",\"contentUrl\":\"https:\\\/\\\/regiaonews.net.br\\\/2022\\\/wp-content\\\/uploads\\\/2023\\\/01\\\/screen-shot-2022-12-21-at-12.34.22.png\",\"width\":984,\"height\":734},{\"@type\":\"BreadcrumbList\",\"@id\":\"https:\\\/\\\/regiaonews.net.br\\\/2022\\\/2023\\\/01\\\/10\\\/ipva-2023-de-sp-comeca-a-ser-pago-esta-semana-veja-datas-e-como-consultar-valor\\\/#breadcrumb\",\"itemListElement\":[{\"@type\":\"ListItem\",\"position\":1,\"name\":\"In\u00edcio\",\"item\":\"https:\\\/\\\/regiaonews.net.br\\\/2022\\\/\"},{\"@type\":\"ListItem\",\"position\":2,\"name\":\"IPVA 2023 de SP come\u00e7a a ser pago esta semana; veja datas e como consultar valor\"}]},{\"@type\":\"WebSite\",\"@id\":\"https:\\\/\\\/regiaonews.net.br\\\/2022\\\/#website\",\"url\":\"https:\\\/\\\/regiaonews.net.br\\\/2022\\\/\",\"name\":\"Regi\u00e3o News\",\"description\":\"Site de Not\u00edcias de Barretos e regi\u00e3o\",\"publisher\":{\"@id\":\"https:\\\/\\\/regiaonews.net.br\\\/2022\\\/#organization\"},\"potentialAction\":[{\"@type\":\"SearchAction\",\"target\":{\"@type\":\"EntryPoint\",\"urlTemplate\":\"https:\\\/\\\/regiaonews.net.br\\\/2022\\\/?s={search_term_string}\"},\"query-input\":{\"@type\":\"PropertyValueSpecification\",\"valueRequired\":true,\"valueName\":\"search_term_string\"}}],\"inLanguage\":\"pt-BR\"},{\"@type\":\"Organization\",\"@id\":\"https:\\\/\\\/regiaonews.net.br\\\/2022\\\/#organization\",\"name\":\"Regi\u00e3o News\",\"url\":\"https:\\\/\\\/regiaonews.net.br\\\/2022\\\/\",\"logo\":{\"@type\":\"ImageObject\",\"inLanguage\":\"pt-BR\",\"@id\":\"https:\\\/\\\/regiaonews.net.br\\\/2022\\\/#\\\/schema\\\/logo\\\/image\\\/\",\"url\":\"https:\\\/\\\/regiaonews.net.br\\\/2022\\\/wp-content\\\/uploads\\\/2026\\\/03\\\/regiao-13-anos-scaled.jpg\",\"contentUrl\":\"https:\\\/\\\/regiaonews.net.br\\\/2022\\\/wp-content\\\/uploads\\\/2026\\\/03\\\/regiao-13-anos-scaled.jpg\",\"width\":2560,\"height\":635,\"caption\":\"Regi\u00e3o News\"},\"image\":{\"@id\":\"https:\\\/\\\/regiaonews.net.br\\\/2022\\\/#\\\/schema\\\/logo\\\/image\\\/\"}},{\"@type\":\"Person\",\"@id\":\"https:\\\/\\\/regiaonews.net.br\\\/2022\\\/#\\\/schema\\\/person\\\/2d205a608a5aa97ac279d7a5e6d89ad8\",\"name\":\"Roberto\",\"image\":{\"@type\":\"ImageObject\",\"inLanguage\":\"pt-BR\",\"@id\":\"https:\\\/\\\/secure.gravatar.com\\\/avatar\\\/42749d8b712ff9d59ca93dc150494e5b55a44134482993f5baeb97e61b7ecc89?s=96&d=mm&r=g\",\"url\":\"https:\\\/\\\/secure.gravatar.com\\\/avatar\\\/42749d8b712ff9d59ca93dc150494e5b55a44134482993f5baeb97e61b7ecc89?s=96&d=mm&r=g\",\"contentUrl\":\"https:\\\/\\\/secure.gravatar.com\\\/avatar\\\/42749d8b712ff9d59ca93dc150494e5b55a44134482993f5baeb97e61b7ecc89?s=96&d=mm&r=g\",\"caption\":\"Roberto\"},\"url\":\"https:\\\/\\\/regiaonews.net.br\\\/2022\\\/author\\\/roberto\\\/\"}]}<\/script>\n<!-- \/ Yoast SEO plugin. -->","yoast_head_json":{"title":"IPVA 2023 de SP come\u00e7a a ser pago esta semana; veja datas e como consultar valor - Regi\u00e3o News","robots":{"index":"index","follow":"follow","max-snippet":"max-snippet:-1","max-image-preview":"max-image-preview:large","max-video-preview":"max-video-preview:-1"},"canonical":"https:\/\/regiaonews.net.br\/2022\/2023\/01\/10\/ipva-2023-de-sp-comeca-a-ser-pago-esta-semana-veja-datas-e-como-consultar-valor\/","og_locale":"pt_BR","og_type":"article","og_title":"IPVA 2023 de SP come\u00e7a a ser pago esta semana; veja datas e como consultar valor - Regi\u00e3o News","og_description":"Governo oferece desconto de 3% para quem pagar \u00e0 vista,","og_url":"https:\/\/regiaonews.net.br\/2022\/2023\/01\/10\/ipva-2023-de-sp-comeca-a-ser-pago-esta-semana-veja-datas-e-como-consultar-valor\/","og_site_name":"Regi\u00e3o News","article_published_time":"2023-01-10T20:32:59+00:00","og_image":[{"width":984,"height":734,"url":"https:\/\/regiaonews.net.br\/2022\/wp-content\/uploads\/2023\/01\/screen-shot-2022-12-21-at-12.34.22.png","type":"image\/png"}],"author":"Roberto","twitter_card":"summary_large_image","twitter_misc":{"Escrito por":"Roberto","Est. tempo de leitura":"4 minutos"},"schema":{"@context":"https:\/\/schema.org","@graph":[{"@type":"Article","@id":"https:\/\/regiaonews.net.br\/2022\/2023\/01\/10\/ipva-2023-de-sp-comeca-a-ser-pago-esta-semana-veja-datas-e-como-consultar-valor\/#article","isPartOf":{"@id":"https:\/\/regiaonews.net.br\/2022\/2023\/01\/10\/ipva-2023-de-sp-comeca-a-ser-pago-esta-semana-veja-datas-e-como-consultar-valor\/"},"author":{"name":"Roberto","@id":"https:\/\/regiaonews.net.br\/2022\/#\/schema\/person\/2d205a608a5aa97ac279d7a5e6d89ad8"},"headline":"IPVA 2023 de SP come\u00e7a a ser pago esta semana; veja datas e como consultar valor","datePublished":"2023-01-10T20:32:59+00:00","mainEntityOfPage":{"@id":"https:\/\/regiaonews.net.br\/2022\/2023\/01\/10\/ipva-2023-de-sp-comeca-a-ser-pago-esta-semana-veja-datas-e-como-consultar-valor\/"},"wordCount":667,"commentCount":0,"publisher":{"@id":"https:\/\/regiaonews.net.br\/2022\/#organization"},"image":{"@id":"https:\/\/regiaonews.net.br\/2022\/2023\/01\/10\/ipva-2023-de-sp-comeca-a-ser-pago-esta-semana-veja-datas-e-como-consultar-valor\/#primaryimage"},"thumbnailUrl":"https:\/\/regiaonews.net.br\/2022\/wp-content\/uploads\/2023\/01\/screen-shot-2022-12-21-at-12.34.22.png","articleSection":["Brasil","Geral"],"inLanguage":"pt-BR","potentialAction":[{"@type":"CommentAction","name":"Comment","target":["https:\/\/regiaonews.net.br\/2022\/2023\/01\/10\/ipva-2023-de-sp-comeca-a-ser-pago-esta-semana-veja-datas-e-como-consultar-valor\/#respond"]}]},{"@type":"WebPage","@id":"https:\/\/regiaonews.net.br\/2022\/2023\/01\/10\/ipva-2023-de-sp-comeca-a-ser-pago-esta-semana-veja-datas-e-como-consultar-valor\/","url":"https:\/\/regiaonews.net.br\/2022\/2023\/01\/10\/ipva-2023-de-sp-comeca-a-ser-pago-esta-semana-veja-datas-e-como-consultar-valor\/","name":"IPVA 2023 de SP come\u00e7a a ser pago esta semana; veja datas e como consultar valor - Regi\u00e3o News","isPartOf":{"@id":"https:\/\/regiaonews.net.br\/2022\/#website"},"primaryImageOfPage":{"@id":"https:\/\/regiaonews.net.br\/2022\/2023\/01\/10\/ipva-2023-de-sp-comeca-a-ser-pago-esta-semana-veja-datas-e-como-consultar-valor\/#primaryimage"},"image":{"@id":"https:\/\/regiaonews.net.br\/2022\/2023\/01\/10\/ipva-2023-de-sp-comeca-a-ser-pago-esta-semana-veja-datas-e-como-consultar-valor\/#primaryimage"},"thumbnailUrl":"https:\/\/regiaonews.net.br\/2022\/wp-content\/uploads\/2023\/01\/screen-shot-2022-12-21-at-12.34.22.png","datePublished":"2023-01-10T20:32:59+00:00","breadcrumb":{"@id":"https:\/\/regiaonews.net.br\/2022\/2023\/01\/10\/ipva-2023-de-sp-comeca-a-ser-pago-esta-semana-veja-datas-e-como-consultar-valor\/#breadcrumb"},"inLanguage":"pt-BR","potentialAction":[{"@type":"ReadAction","target":["https:\/\/regiaonews.net.br\/2022\/2023\/01\/10\/ipva-2023-de-sp-comeca-a-ser-pago-esta-semana-veja-datas-e-como-consultar-valor\/"]}]},{"@type":"ImageObject","inLanguage":"pt-BR","@id":"https:\/\/regiaonews.net.br\/2022\/2023\/01\/10\/ipva-2023-de-sp-comeca-a-ser-pago-esta-semana-veja-datas-e-como-consultar-valor\/#primaryimage","url":"https:\/\/regiaonews.net.br\/2022\/wp-content\/uploads\/2023\/01\/screen-shot-2022-12-21-at-12.34.22.png","contentUrl":"https:\/\/regiaonews.net.br\/2022\/wp-content\/uploads\/2023\/01\/screen-shot-2022-12-21-at-12.34.22.png","width":984,"height":734},{"@type":"BreadcrumbList","@id":"https:\/\/regiaonews.net.br\/2022\/2023\/01\/10\/ipva-2023-de-sp-comeca-a-ser-pago-esta-semana-veja-datas-e-como-consultar-valor\/#breadcrumb","itemListElement":[{"@type":"ListItem","position":1,"name":"In\u00edcio","item":"https:\/\/regiaonews.net.br\/2022\/"},{"@type":"ListItem","position":2,"name":"IPVA 2023 de SP come\u00e7a a ser pago esta semana; veja datas e como consultar valor"}]},{"@type":"WebSite","@id":"https:\/\/regiaonews.net.br\/2022\/#website","url":"https:\/\/regiaonews.net.br\/2022\/","name":"Regi\u00e3o News","description":"Site de Not\u00edcias de Barretos e regi\u00e3o","publisher":{"@id":"https:\/\/regiaonews.net.br\/2022\/#organization"},"potentialAction":[{"@type":"SearchAction","target":{"@type":"EntryPoint","urlTemplate":"https:\/\/regiaonews.net.br\/2022\/?s={search_term_string}"},"query-input":{"@type":"PropertyValueSpecification","valueRequired":true,"valueName":"search_term_string"}}],"inLanguage":"pt-BR"},{"@type":"Organization","@id":"https:\/\/regiaonews.net.br\/2022\/#organization","name":"Regi\u00e3o News","url":"https:\/\/regiaonews.net.br\/2022\/","logo":{"@type":"ImageObject","inLanguage":"pt-BR","@id":"https:\/\/regiaonews.net.br\/2022\/#\/schema\/logo\/image\/","url":"https:\/\/regiaonews.net.br\/2022\/wp-content\/uploads\/2026\/03\/regiao-13-anos-scaled.jpg","contentUrl":"https:\/\/regiaonews.net.br\/2022\/wp-content\/uploads\/2026\/03\/regiao-13-anos-scaled.jpg","width":2560,"height":635,"caption":"Regi\u00e3o News"},"image":{"@id":"https:\/\/regiaonews.net.br\/2022\/#\/schema\/logo\/image\/"}},{"@type":"Person","@id":"https:\/\/regiaonews.net.br\/2022\/#\/schema\/person\/2d205a608a5aa97ac279d7a5e6d89ad8","name":"Roberto","image":{"@type":"ImageObject","inLanguage":"pt-BR","@id":"https:\/\/secure.gravatar.com\/avatar\/42749d8b712ff9d59ca93dc150494e5b55a44134482993f5baeb97e61b7ecc89?s=96&d=mm&r=g","url":"https:\/\/secure.gravatar.com\/avatar\/42749d8b712ff9d59ca93dc150494e5b55a44134482993f5baeb97e61b7ecc89?s=96&d=mm&r=g","contentUrl":"https:\/\/secure.gravatar.com\/avatar\/42749d8b712ff9d59ca93dc150494e5b55a44134482993f5baeb97e61b7ecc89?s=96&d=mm&r=g","caption":"Roberto"},"url":"https:\/\/regiaonews.net.br\/2022\/author\/roberto\/"}]}},"publishpress_future_action":{"enabled":false,"date":"2026-05-02 02:35:32","action":"change-status","newStatus":"draft","terms":[],"taxonomy":"category","extraData":[]},"publishpress_future_workflow_manual_trigger":{"enabledWorkflows":[]},"_links":{"self":[{"href":"https:\/\/regiaonews.net.br\/2022\/wp-json\/wp\/v2\/posts\/82684","targetHints":{"allow":["GET"]}}],"collection":[{"href":"https:\/\/regiaonews.net.br\/2022\/wp-json\/wp\/v2\/posts"}],"about":[{"href":"https:\/\/regiaonews.net.br\/2022\/wp-json\/wp\/v2\/types\/post"}],"author":[{"embeddable":true,"href":"https:\/\/regiaonews.net.br\/2022\/wp-json\/wp\/v2\/users\/2"}],"replies":[{"embeddable":true,"href":"https:\/\/regiaonews.net.br\/2022\/wp-json\/wp\/v2\/comments?post=82684"}],"version-history":[{"count":1,"href":"https:\/\/regiaonews.net.br\/2022\/wp-json\/wp\/v2\/posts\/82684\/revisions"}],"predecessor-version":[{"id":82686,"href":"https:\/\/regiaonews.net.br\/2022\/wp-json\/wp\/v2\/posts\/82684\/revisions\/82686"}],"wp:featuredmedia":[{"embeddable":true,"href":"https:\/\/regiaonews.net.br\/2022\/wp-json\/wp\/v2\/media\/82685"}],"wp:attachment":[{"href":"https:\/\/regiaonews.net.br\/2022\/wp-json\/wp\/v2\/media?parent=82684"}],"wp:term":[{"taxonomy":"category","embeddable":true,"href":"https:\/\/regiaonews.net.br\/2022\/wp-json\/wp\/v2\/categories?post=82684"},{"taxonomy":"post_tag","embeddable":true,"href":"https:\/\/regiaonews.net.br\/2022\/wp-json\/wp\/v2\/tags?post=82684"}],"curies":[{"name":"wp","href":"https:\/\/api.w.org\/{rel}","templated":true}]}}