{"id":82633,"date":"2023-01-08T19:25:40","date_gmt":"2023-01-08T22:25:40","guid":{"rendered":"https:\/\/regiaonews.net.br\/2022\/?p=82633"},"modified":"2023-01-08T19:25:40","modified_gmt":"2023-01-08T22:25:40","slug":"lula-decreta-intervencao-federal-na-seguranca-publica-do-df","status":"publish","type":"post","link":"https:\/\/regiaonews.net.br\/2022\/2023\/01\/08\/lula-decreta-intervencao-federal-na-seguranca-publica-do-df\/","title":{"rendered":"Lula decreta interven\u00e7\u00e3o federal na seguran\u00e7a p\u00fablica do DF"},"content":{"rendered":"<p>Danos em Bras\u00edlia &#8211; Foto: Antonio Cruz\/Ag\u00eancia Brasil<\/p>\n<p>&nbsp;<\/p>\n<p>O presidente da Rep\u00fablica Luiz In\u00e1cio Lula da Silva anunciou a publica\u00e7\u00e3o neste domingo (8) de um decreto que prev\u00ea a interven\u00e7\u00e3o na \u00e1rea de seguran\u00e7a p\u00fablica do Governo do Distrito Federal (GDF). Segundo o decreto, o prazo da interven\u00e7\u00e3o vai at\u00e9\u00a031 de janeiro\u00a0de 2023.<img decoding=\"async\" src=\"https:\/\/agenciabrasil.ebc.com.br\/ebc.png?id=1502646&amp;o=node\" \/><img decoding=\"async\" src=\"https:\/\/agenciabrasil.ebc.com.br\/ebc.gif?id=1502646&amp;o=node\" \/><\/p>\n<p>\u201cEssa interven\u00e7\u00e3o est\u00e1 limitada \u00e0 \u00e1rea de seguran\u00e7a p\u00fablica, com o objetivo de conter o grave comprometimento da ordem p\u00fablica no DF, marcado pela viol\u00eancia contra pr\u00e9dios p\u00fablicos\u201d, disse Lula durante viagem que faz a Araraquara (SP).<\/p>\n<p>A interven\u00e7\u00e3o ser\u00e1 comandada pelo secret\u00e1rio-executivo do Minist\u00e9rio da Justi\u00e7a, Ricardo Cappelli, subordinado diretamente \u00e0 Presid\u00eancia da Rep\u00fablica. \u201cO interventor poder\u00e1 requisitar recursos financeiros, tecnol\u00f3gicos, estruturais necess\u00e1rios a quaisquer \u00f3rg\u00e3os\u201d, acrescentou Lula.<\/p>\n<p>Segundo o decreto, leis que n\u00e3o tiverem rela\u00e7\u00e3o com seguran\u00e7a p\u00fablica permanecem sob responsabilidade do governo local.<\/p>\n<p>Antes de assinar o decreto, o presidente condenou os atos antidemocr\u00e1ticos que tomaram conta da Pra\u00e7a dos Tr\u00eas Poderes e disse\u00a0ter\u00a0havido falha de seguran\u00e7a. \u201cAchamos que houve falta de seguran\u00e7a. Queria dizer para voc\u00eas que todas as pessoas que fizeram isso ser\u00e3o encontradas e punidas. Eles v\u00e3o perceber que a democracia garante o direito de liberdade, de livre comunica\u00e7\u00e3o e express\u00e3o, mas v\u00e3o exigir que as pessoas respeitem as institui\u00e7\u00f5es criadas para fortalecer a democracia\u201d, declarou.<\/p>\n<p>O presidente prometeu que todas as pessoas que participaram da depreda\u00e7\u00e3o ser\u00e3o punidas pela lei e chamou de irrespons\u00e1veis os atos antidemocr\u00e1ticos. \u201c\u00c9 importante lembrar que a esquerda brasileira teve gente torturada, morta, desaparecida. Nunca voc\u00eas leram not\u00edcias de gente de esquerda invadindo o Congresso, o Supremo Tribunal Federal e o Pal\u00e1cio do Planalto\u201d, disse.<\/p>\n<p>\u201cEssa gente tem de ser punida, inclusive vamos descobrir quem s\u00e3o os financiadores desses v\u00e2ndalos que foram a Bras\u00edlia, e todos eles pagar\u00e3o com a for\u00e7a da lei pelo gesto de irresponsabilidade, esse gesto antidemocr\u00e1tico e esse gesto de v\u00e2ndalos e de fascistas\u201d, declarou o presidente, que classificou de barb\u00e1rie a invas\u00e3o das sedes dos Tr\u00eas Poderes.<\/p>\n<p>A Pol\u00edcia Militar do Distrito Federal informou que todas a\u00e7\u00f5es da PMDF t\u00eam, por base, orienta\u00e7\u00f5es que s\u00e3o determinadas pelas autoridades de seguran\u00e7a do Governo do Distrito Federal, e responsabilizou eventuais falhas de planejamento nas a\u00e7\u00f5es de prote\u00e7\u00e3o \u00e0 Pra\u00e7a dos Tr\u00eas Poderes \u00e0 Secretaria de Seguran\u00e7a P\u00fablica do Distrito Federal. A secretaria tinha \u00e0 frente o ex-ministro da Justi\u00e7a de Jair Bolsonaro, Anderson Torres, que foi exonerado h\u00e1 pouco pelo governador Ibaneis Rocha.<\/p>\n","protected":false},"excerpt":{"rendered":"<p>Danos em Bras\u00edlia &#8211; Foto: Antonio Cruz\/Ag\u00eancia Brasil &nbsp; O<\/p>\n","protected":false},"author":2,"featured_media":82634,"comment_status":"open","ping_status":"open","sticky":false,"template":"","format":"standard","meta":{"footnotes":""},"categories":[61,3],"tags":[],"class_list":["post-82633","post","type-post","status-publish","format-standard","has-post-thumbnail","hentry","category-brasilia","category-geral"],"yoast_head":"<!-- This site is optimized with the Yoast SEO plugin v27.4 - https:\/\/yoast.com\/product\/yoast-seo-wordpress\/ -->\n<title>Lula decreta interven\u00e7\u00e3o federal na seguran\u00e7a p\u00fablica do DF - Regi\u00e3o News<\/title>\n<meta name=\"robots\" content=\"index, follow, max-snippet:-1, max-image-preview:large, max-video-preview:-1\" \/>\n<link rel=\"canonical\" href=\"https:\/\/regiaonews.net.br\/2022\/2023\/01\/08\/lula-decreta-intervencao-federal-na-seguranca-publica-do-df\/\" \/>\n<meta property=\"og:locale\" content=\"pt_BR\" \/>\n<meta property=\"og:type\" content=\"article\" \/>\n<meta property=\"og:title\" content=\"Lula decreta interven\u00e7\u00e3o federal na seguran\u00e7a p\u00fablica do DF - Regi\u00e3o News\" \/>\n<meta property=\"og:description\" content=\"Danos em Bras\u00edlia &#8211; Foto: Antonio Cruz\/Ag\u00eancia Brasil &nbsp; O\" \/>\n<meta property=\"og:url\" content=\"https:\/\/regiaonews.net.br\/2022\/2023\/01\/08\/lula-decreta-intervencao-federal-na-seguranca-publica-do-df\/\" \/>\n<meta property=\"og:site_name\" content=\"Regi\u00e3o News\" \/>\n<meta property=\"article:published_time\" content=\"2023-01-08T22:25:40+00:00\" \/>\n<meta property=\"og:image\" content=\"https:\/\/regiaonews.net.br\/2022\/wp-content\/uploads\/2023\/01\/vana.jpg\" \/>\n\t<meta property=\"og:image:width\" content=\"424\" \/>\n\t<meta property=\"og:image:height\" content=\"240\" \/>\n\t<meta property=\"og:image:type\" content=\"image\/jpeg\" \/>\n<meta name=\"author\" content=\"Roberto\" \/>\n<meta name=\"twitter:card\" content=\"summary_large_image\" \/>\n<meta name=\"twitter:label1\" content=\"Escrito por\" \/>\n\t<meta name=\"twitter:data1\" content=\"Roberto\" \/>\n\t<meta name=\"twitter:label2\" content=\"Est. tempo de leitura\" \/>\n\t<meta name=\"twitter:data2\" content=\"3 minutos\" \/>\n<script type=\"application\/ld+json\" class=\"yoast-schema-graph\">{\"@context\":\"https:\\\/\\\/schema.org\",\"@graph\":[{\"@type\":\"Article\",\"@id\":\"https:\\\/\\\/regiaonews.net.br\\\/2022\\\/2023\\\/01\\\/08\\\/lula-decreta-intervencao-federal-na-seguranca-publica-do-df\\\/#article\",\"isPartOf\":{\"@id\":\"https:\\\/\\\/regiaonews.net.br\\\/2022\\\/2023\\\/01\\\/08\\\/lula-decreta-intervencao-federal-na-seguranca-publica-do-df\\\/\"},\"author\":{\"name\":\"Roberto\",\"@id\":\"https:\\\/\\\/regiaonews.net.br\\\/2022\\\/#\\\/schema\\\/person\\\/2d205a608a5aa97ac279d7a5e6d89ad8\"},\"headline\":\"Lula decreta interven\u00e7\u00e3o federal na seguran\u00e7a p\u00fablica do DF\",\"datePublished\":\"2023-01-08T22:25:40+00:00\",\"mainEntityOfPage\":{\"@id\":\"https:\\\/\\\/regiaonews.net.br\\\/2022\\\/2023\\\/01\\\/08\\\/lula-decreta-intervencao-federal-na-seguranca-publica-do-df\\\/\"},\"wordCount\":481,\"commentCount\":0,\"publisher\":{\"@id\":\"https:\\\/\\\/regiaonews.net.br\\\/2022\\\/#organization\"},\"image\":{\"@id\":\"https:\\\/\\\/regiaonews.net.br\\\/2022\\\/2023\\\/01\\\/08\\\/lula-decreta-intervencao-federal-na-seguranca-publica-do-df\\\/#primaryimage\"},\"thumbnailUrl\":\"https:\\\/\\\/regiaonews.net.br\\\/2022\\\/wp-content\\\/uploads\\\/2023\\\/01\\\/vana.jpg\",\"articleSection\":[\"Bras\u00edlia\",\"Geral\"],\"inLanguage\":\"pt-BR\",\"potentialAction\":[{\"@type\":\"CommentAction\",\"name\":\"Comment\",\"target\":[\"https:\\\/\\\/regiaonews.net.br\\\/2022\\\/2023\\\/01\\\/08\\\/lula-decreta-intervencao-federal-na-seguranca-publica-do-df\\\/#respond\"]}]},{\"@type\":\"WebPage\",\"@id\":\"https:\\\/\\\/regiaonews.net.br\\\/2022\\\/2023\\\/01\\\/08\\\/lula-decreta-intervencao-federal-na-seguranca-publica-do-df\\\/\",\"url\":\"https:\\\/\\\/regiaonews.net.br\\\/2022\\\/2023\\\/01\\\/08\\\/lula-decreta-intervencao-federal-na-seguranca-publica-do-df\\\/\",\"name\":\"Lula decreta interven\u00e7\u00e3o federal na seguran\u00e7a p\u00fablica do DF - Regi\u00e3o News\",\"isPartOf\":{\"@id\":\"https:\\\/\\\/regiaonews.net.br\\\/2022\\\/#website\"},\"primaryImageOfPage\":{\"@id\":\"https:\\\/\\\/regiaonews.net.br\\\/2022\\\/2023\\\/01\\\/08\\\/lula-decreta-intervencao-federal-na-seguranca-publica-do-df\\\/#primaryimage\"},\"image\":{\"@id\":\"https:\\\/\\\/regiaonews.net.br\\\/2022\\\/2023\\\/01\\\/08\\\/lula-decreta-intervencao-federal-na-seguranca-publica-do-df\\\/#primaryimage\"},\"thumbnailUrl\":\"https:\\\/\\\/regiaonews.net.br\\\/2022\\\/wp-content\\\/uploads\\\/2023\\\/01\\\/vana.jpg\",\"datePublished\":\"2023-01-08T22:25:40+00:00\",\"breadcrumb\":{\"@id\":\"https:\\\/\\\/regiaonews.net.br\\\/2022\\\/2023\\\/01\\\/08\\\/lula-decreta-intervencao-federal-na-seguranca-publica-do-df\\\/#breadcrumb\"},\"inLanguage\":\"pt-BR\",\"potentialAction\":[{\"@type\":\"ReadAction\",\"target\":[\"https:\\\/\\\/regiaonews.net.br\\\/2022\\\/2023\\\/01\\\/08\\\/lula-decreta-intervencao-federal-na-seguranca-publica-do-df\\\/\"]}]},{\"@type\":\"ImageObject\",\"inLanguage\":\"pt-BR\",\"@id\":\"https:\\\/\\\/regiaonews.net.br\\\/2022\\\/2023\\\/01\\\/08\\\/lula-decreta-intervencao-federal-na-seguranca-publica-do-df\\\/#primaryimage\",\"url\":\"https:\\\/\\\/regiaonews.net.br\\\/2022\\\/wp-content\\\/uploads\\\/2023\\\/01\\\/vana.jpg\",\"contentUrl\":\"https:\\\/\\\/regiaonews.net.br\\\/2022\\\/wp-content\\\/uploads\\\/2023\\\/01\\\/vana.jpg\",\"width\":424,\"height\":240},{\"@type\":\"BreadcrumbList\",\"@id\":\"https:\\\/\\\/regiaonews.net.br\\\/2022\\\/2023\\\/01\\\/08\\\/lula-decreta-intervencao-federal-na-seguranca-publica-do-df\\\/#breadcrumb\",\"itemListElement\":[{\"@type\":\"ListItem\",\"position\":1,\"name\":\"In\u00edcio\",\"item\":\"https:\\\/\\\/regiaonews.net.br\\\/2022\\\/\"},{\"@type\":\"ListItem\",\"position\":2,\"name\":\"Lula decreta interven\u00e7\u00e3o federal na seguran\u00e7a p\u00fablica do DF\"}]},{\"@type\":\"WebSite\",\"@id\":\"https:\\\/\\\/regiaonews.net.br\\\/2022\\\/#website\",\"url\":\"https:\\\/\\\/regiaonews.net.br\\\/2022\\\/\",\"name\":\"Regi\u00e3o News\",\"description\":\"Site de Not\u00edcias de Barretos e regi\u00e3o\",\"publisher\":{\"@id\":\"https:\\\/\\\/regiaonews.net.br\\\/2022\\\/#organization\"},\"potentialAction\":[{\"@type\":\"SearchAction\",\"target\":{\"@type\":\"EntryPoint\",\"urlTemplate\":\"https:\\\/\\\/regiaonews.net.br\\\/2022\\\/?s={search_term_string}\"},\"query-input\":{\"@type\":\"PropertyValueSpecification\",\"valueRequired\":true,\"valueName\":\"search_term_string\"}}],\"inLanguage\":\"pt-BR\"},{\"@type\":\"Organization\",\"@id\":\"https:\\\/\\\/regiaonews.net.br\\\/2022\\\/#organization\",\"name\":\"Regi\u00e3o News\",\"url\":\"https:\\\/\\\/regiaonews.net.br\\\/2022\\\/\",\"logo\":{\"@type\":\"ImageObject\",\"inLanguage\":\"pt-BR\",\"@id\":\"https:\\\/\\\/regiaonews.net.br\\\/2022\\\/#\\\/schema\\\/logo\\\/image\\\/\",\"url\":\"https:\\\/\\\/regiaonews.net.br\\\/2022\\\/wp-content\\\/uploads\\\/2026\\\/03\\\/regiao-13-anos-scaled.jpg\",\"contentUrl\":\"https:\\\/\\\/regiaonews.net.br\\\/2022\\\/wp-content\\\/uploads\\\/2026\\\/03\\\/regiao-13-anos-scaled.jpg\",\"width\":2560,\"height\":635,\"caption\":\"Regi\u00e3o News\"},\"image\":{\"@id\":\"https:\\\/\\\/regiaonews.net.br\\\/2022\\\/#\\\/schema\\\/logo\\\/image\\\/\"}},{\"@type\":\"Person\",\"@id\":\"https:\\\/\\\/regiaonews.net.br\\\/2022\\\/#\\\/schema\\\/person\\\/2d205a608a5aa97ac279d7a5e6d89ad8\",\"name\":\"Roberto\",\"image\":{\"@type\":\"ImageObject\",\"inLanguage\":\"pt-BR\",\"@id\":\"https:\\\/\\\/secure.gravatar.com\\\/avatar\\\/42749d8b712ff9d59ca93dc150494e5b55a44134482993f5baeb97e61b7ecc89?s=96&d=mm&r=g\",\"url\":\"https:\\\/\\\/secure.gravatar.com\\\/avatar\\\/42749d8b712ff9d59ca93dc150494e5b55a44134482993f5baeb97e61b7ecc89?s=96&d=mm&r=g\",\"contentUrl\":\"https:\\\/\\\/secure.gravatar.com\\\/avatar\\\/42749d8b712ff9d59ca93dc150494e5b55a44134482993f5baeb97e61b7ecc89?s=96&d=mm&r=g\",\"caption\":\"Roberto\"},\"url\":\"https:\\\/\\\/regiaonews.net.br\\\/2022\\\/author\\\/roberto\\\/\"}]}<\/script>\n<!-- \/ Yoast SEO plugin. -->","yoast_head_json":{"title":"Lula decreta interven\u00e7\u00e3o federal na seguran\u00e7a p\u00fablica do DF - Regi\u00e3o News","robots":{"index":"index","follow":"follow","max-snippet":"max-snippet:-1","max-image-preview":"max-image-preview:large","max-video-preview":"max-video-preview:-1"},"canonical":"https:\/\/regiaonews.net.br\/2022\/2023\/01\/08\/lula-decreta-intervencao-federal-na-seguranca-publica-do-df\/","og_locale":"pt_BR","og_type":"article","og_title":"Lula decreta interven\u00e7\u00e3o federal na seguran\u00e7a p\u00fablica do DF - Regi\u00e3o News","og_description":"Danos em Bras\u00edlia &#8211; Foto: Antonio Cruz\/Ag\u00eancia Brasil &nbsp; O","og_url":"https:\/\/regiaonews.net.br\/2022\/2023\/01\/08\/lula-decreta-intervencao-federal-na-seguranca-publica-do-df\/","og_site_name":"Regi\u00e3o News","article_published_time":"2023-01-08T22:25:40+00:00","og_image":[{"width":424,"height":240,"url":"https:\/\/regiaonews.net.br\/2022\/wp-content\/uploads\/2023\/01\/vana.jpg","type":"image\/jpeg"}],"author":"Roberto","twitter_card":"summary_large_image","twitter_misc":{"Escrito por":"Roberto","Est. tempo de leitura":"3 minutos"},"schema":{"@context":"https:\/\/schema.org","@graph":[{"@type":"Article","@id":"https:\/\/regiaonews.net.br\/2022\/2023\/01\/08\/lula-decreta-intervencao-federal-na-seguranca-publica-do-df\/#article","isPartOf":{"@id":"https:\/\/regiaonews.net.br\/2022\/2023\/01\/08\/lula-decreta-intervencao-federal-na-seguranca-publica-do-df\/"},"author":{"name":"Roberto","@id":"https:\/\/regiaonews.net.br\/2022\/#\/schema\/person\/2d205a608a5aa97ac279d7a5e6d89ad8"},"headline":"Lula decreta interven\u00e7\u00e3o federal na seguran\u00e7a p\u00fablica do DF","datePublished":"2023-01-08T22:25:40+00:00","mainEntityOfPage":{"@id":"https:\/\/regiaonews.net.br\/2022\/2023\/01\/08\/lula-decreta-intervencao-federal-na-seguranca-publica-do-df\/"},"wordCount":481,"commentCount":0,"publisher":{"@id":"https:\/\/regiaonews.net.br\/2022\/#organization"},"image":{"@id":"https:\/\/regiaonews.net.br\/2022\/2023\/01\/08\/lula-decreta-intervencao-federal-na-seguranca-publica-do-df\/#primaryimage"},"thumbnailUrl":"https:\/\/regiaonews.net.br\/2022\/wp-content\/uploads\/2023\/01\/vana.jpg","articleSection":["Bras\u00edlia","Geral"],"inLanguage":"pt-BR","potentialAction":[{"@type":"CommentAction","name":"Comment","target":["https:\/\/regiaonews.net.br\/2022\/2023\/01\/08\/lula-decreta-intervencao-federal-na-seguranca-publica-do-df\/#respond"]}]},{"@type":"WebPage","@id":"https:\/\/regiaonews.net.br\/2022\/2023\/01\/08\/lula-decreta-intervencao-federal-na-seguranca-publica-do-df\/","url":"https:\/\/regiaonews.net.br\/2022\/2023\/01\/08\/lula-decreta-intervencao-federal-na-seguranca-publica-do-df\/","name":"Lula decreta interven\u00e7\u00e3o federal na seguran\u00e7a p\u00fablica do DF - Regi\u00e3o News","isPartOf":{"@id":"https:\/\/regiaonews.net.br\/2022\/#website"},"primaryImageOfPage":{"@id":"https:\/\/regiaonews.net.br\/2022\/2023\/01\/08\/lula-decreta-intervencao-federal-na-seguranca-publica-do-df\/#primaryimage"},"image":{"@id":"https:\/\/regiaonews.net.br\/2022\/2023\/01\/08\/lula-decreta-intervencao-federal-na-seguranca-publica-do-df\/#primaryimage"},"thumbnailUrl":"https:\/\/regiaonews.net.br\/2022\/wp-content\/uploads\/2023\/01\/vana.jpg","datePublished":"2023-01-08T22:25:40+00:00","breadcrumb":{"@id":"https:\/\/regiaonews.net.br\/2022\/2023\/01\/08\/lula-decreta-intervencao-federal-na-seguranca-publica-do-df\/#breadcrumb"},"inLanguage":"pt-BR","potentialAction":[{"@type":"ReadAction","target":["https:\/\/regiaonews.net.br\/2022\/2023\/01\/08\/lula-decreta-intervencao-federal-na-seguranca-publica-do-df\/"]}]},{"@type":"ImageObject","inLanguage":"pt-BR","@id":"https:\/\/regiaonews.net.br\/2022\/2023\/01\/08\/lula-decreta-intervencao-federal-na-seguranca-publica-do-df\/#primaryimage","url":"https:\/\/regiaonews.net.br\/2022\/wp-content\/uploads\/2023\/01\/vana.jpg","contentUrl":"https:\/\/regiaonews.net.br\/2022\/wp-content\/uploads\/2023\/01\/vana.jpg","width":424,"height":240},{"@type":"BreadcrumbList","@id":"https:\/\/regiaonews.net.br\/2022\/2023\/01\/08\/lula-decreta-intervencao-federal-na-seguranca-publica-do-df\/#breadcrumb","itemListElement":[{"@type":"ListItem","position":1,"name":"In\u00edcio","item":"https:\/\/regiaonews.net.br\/2022\/"},{"@type":"ListItem","position":2,"name":"Lula decreta interven\u00e7\u00e3o federal na seguran\u00e7a p\u00fablica do DF"}]},{"@type":"WebSite","@id":"https:\/\/regiaonews.net.br\/2022\/#website","url":"https:\/\/regiaonews.net.br\/2022\/","name":"Regi\u00e3o News","description":"Site de Not\u00edcias de Barretos e regi\u00e3o","publisher":{"@id":"https:\/\/regiaonews.net.br\/2022\/#organization"},"potentialAction":[{"@type":"SearchAction","target":{"@type":"EntryPoint","urlTemplate":"https:\/\/regiaonews.net.br\/2022\/?s={search_term_string}"},"query-input":{"@type":"PropertyValueSpecification","valueRequired":true,"valueName":"search_term_string"}}],"inLanguage":"pt-BR"},{"@type":"Organization","@id":"https:\/\/regiaonews.net.br\/2022\/#organization","name":"Regi\u00e3o News","url":"https:\/\/regiaonews.net.br\/2022\/","logo":{"@type":"ImageObject","inLanguage":"pt-BR","@id":"https:\/\/regiaonews.net.br\/2022\/#\/schema\/logo\/image\/","url":"https:\/\/regiaonews.net.br\/2022\/wp-content\/uploads\/2026\/03\/regiao-13-anos-scaled.jpg","contentUrl":"https:\/\/regiaonews.net.br\/2022\/wp-content\/uploads\/2026\/03\/regiao-13-anos-scaled.jpg","width":2560,"height":635,"caption":"Regi\u00e3o News"},"image":{"@id":"https:\/\/regiaonews.net.br\/2022\/#\/schema\/logo\/image\/"}},{"@type":"Person","@id":"https:\/\/regiaonews.net.br\/2022\/#\/schema\/person\/2d205a608a5aa97ac279d7a5e6d89ad8","name":"Roberto","image":{"@type":"ImageObject","inLanguage":"pt-BR","@id":"https:\/\/secure.gravatar.com\/avatar\/42749d8b712ff9d59ca93dc150494e5b55a44134482993f5baeb97e61b7ecc89?s=96&d=mm&r=g","url":"https:\/\/secure.gravatar.com\/avatar\/42749d8b712ff9d59ca93dc150494e5b55a44134482993f5baeb97e61b7ecc89?s=96&d=mm&r=g","contentUrl":"https:\/\/secure.gravatar.com\/avatar\/42749d8b712ff9d59ca93dc150494e5b55a44134482993f5baeb97e61b7ecc89?s=96&d=mm&r=g","caption":"Roberto"},"url":"https:\/\/regiaonews.net.br\/2022\/author\/roberto\/"}]}},"publishpress_future_action":{"enabled":false,"date":"2026-05-02 02:35:32","action":"change-status","newStatus":"draft","terms":[],"taxonomy":"category","extraData":[]},"publishpress_future_workflow_manual_trigger":{"enabledWorkflows":[]},"_links":{"self":[{"href":"https:\/\/regiaonews.net.br\/2022\/wp-json\/wp\/v2\/posts\/82633","targetHints":{"allow":["GET"]}}],"collection":[{"href":"https:\/\/regiaonews.net.br\/2022\/wp-json\/wp\/v2\/posts"}],"about":[{"href":"https:\/\/regiaonews.net.br\/2022\/wp-json\/wp\/v2\/types\/post"}],"author":[{"embeddable":true,"href":"https:\/\/regiaonews.net.br\/2022\/wp-json\/wp\/v2\/users\/2"}],"replies":[{"embeddable":true,"href":"https:\/\/regiaonews.net.br\/2022\/wp-json\/wp\/v2\/comments?post=82633"}],"version-history":[{"count":1,"href":"https:\/\/regiaonews.net.br\/2022\/wp-json\/wp\/v2\/posts\/82633\/revisions"}],"predecessor-version":[{"id":82635,"href":"https:\/\/regiaonews.net.br\/2022\/wp-json\/wp\/v2\/posts\/82633\/revisions\/82635"}],"wp:featuredmedia":[{"embeddable":true,"href":"https:\/\/regiaonews.net.br\/2022\/wp-json\/wp\/v2\/media\/82634"}],"wp:attachment":[{"href":"https:\/\/regiaonews.net.br\/2022\/wp-json\/wp\/v2\/media?parent=82633"}],"wp:term":[{"taxonomy":"category","embeddable":true,"href":"https:\/\/regiaonews.net.br\/2022\/wp-json\/wp\/v2\/categories?post=82633"},{"taxonomy":"post_tag","embeddable":true,"href":"https:\/\/regiaonews.net.br\/2022\/wp-json\/wp\/v2\/tags?post=82633"}],"curies":[{"name":"wp","href":"https:\/\/api.w.org\/{rel}","templated":true}]}}